{"id":3122,"date":"2026-07-16T07:57:00","date_gmt":"2026-07-16T09:57:00","guid":{"rendered":"https:\/\/www.encontrabomretiro.com.br\/sobre\/mire-e-veja-conversa-com-as-curadoras\/"},"modified":"2026-07-16T07:57:00","modified_gmt":"2026-07-16T09:57:00","slug":"mire-e-veja-conversa-com-as-curadoras","status":"publish","type":"post","link":"https:\/\/www.encontrabomretiro.com.br\/sobre\/mire-e-veja-conversa-com-as-curadoras\/","title":{"rendered":"Mire e Veja: Conversa com as curadoras"},"content":{"rendered":"<div class=\"228b65ae207de3c5c501cfe75875708b\" data-index=\"1\" style=\"float: none; margin:0px;\">\n<!-- Anuncio display - global -->\r\n<ins class=\"adsbygoogle\"\r\n     style=\"display:block\"\r\n     data-ad-client=\"ca-pub-8585364105181520\"\r\n     data-ad-slot=\"8789329856\"\r\n     data-ad-format=\"auto\"\r\n     data-full-width-responsive=\"true\"><\/ins>\r\n<script>\r\n     (adsbygoogle = window.adsbygoogle || []).push({});\r\n<\/script>\n<\/div>\n<h2>O que \u00e9 a Exposi\u00e7\u00e3o Mire e Veja?<\/h2>\n<p>A exposi\u00e7\u00e3o <strong>Mire e Veja<\/strong> traz uma proposta inovadora ao conectar obras do <strong>Museu de Arte Moderna de S\u00e3o Paulo<\/strong> com o acervo do <strong>Sesc Bom Retiro<\/strong>. Esse evento busca criar um espa\u00e7o de di\u00e1logo sobre a arte contempor\u00e2nea, refletindo as pr\u00e1ticas de curadoria e as abordagens mediadoras que tornam a experi\u00eancia art\u00edstica acess\u00edvel e envolvente para o p\u00fablico.<\/p>\n<h2>Conhe\u00e7a as Curadoras da Exposi\u00e7\u00e3o<\/h2>\n<p>Mirela Estelles e Valqu\u00edria Prates s\u00e3o as curadoras respons\u00e1veis pela organiza\u00e7\u00e3o da exposi\u00e7\u00e3o. Elas possuem forma\u00e7\u00e3o e experi\u00eancia diversificadas nas \u00e1reas de educa\u00e7\u00e3o, arte e media\u00e7\u00e3o cultural. Ambas t\u00eam se destacado em suas respectivas trajet\u00f3rias, promovendo pr\u00e1ticas de acessibilidade e inclus\u00e3o nas artes visuais.<\/p>\n<h2>A Arte como Ferramenta de Di\u00e1logo<\/h2>\n<p>A arte contempor\u00e2nea \u00e9 uma importante ferramenta de di\u00e1logo e reflex\u00e3o sobre o mundo atual. Ela provoca discuss\u00f5es sobre temas sociais, pol\u00edticos e culturais, permitindo que diferentes p\u00fablicos se conectem e interajam com as obras expostas. A curadoria busca, portanto, n\u00e3o apenas apresentar as obras, mas tamb\u00e9m facilitar conversas significativas e promover um entendimento mais profundo da arte.<\/p>\n<p><img decoding=\"async\" src=\"https:\/\/www.encontrabomretiro.com.br\/sobre\/wp-content\/uploads\/2026\/07\/mire-e-veja-conversa-com-as-curadoras.webp\" alt=\"Mire e Veja\" loading=\"lazy\" \/><\/p>\n<h2>Processos Criativos na Curadoria<\/h2>\n<p>Os processos criativos na curadoria de exposi\u00e7\u00f5es como a <strong>Mire e Veja<\/strong> s\u00e3o complexos e envolvem uma s\u00e9rie de decis\u00f5es estrat\u00e9gicas. As curadoras precisam considerar quais obras apresentar, como organiz\u00e1-las em um espa\u00e7o f\u00edsico e quais narrativas desejam destacar. Essa curadoria tamb\u00e9m envolve a considera\u00e7\u00e3o de aspectos t\u00e9cnicos, log\u00edsticos e acessibilidade para garantir que todos os visitantes possam apreciar as obras da melhor maneira.<\/p>\n<h2>Import\u00e2ncia da Media\u00e7\u00e3o Cultural<\/h2>\n<p>A media\u00e7\u00e3o cultural desempenha um papel vital na forma como as exposi\u00e7\u00f5es s\u00e3o percebidas. Ela serve como um elo entre as obras de arte e o p\u00fablico, facilitando o acesso e a compreens\u00e3o das obras. As curadoras, com suas experi\u00eancias diversas, utilizam t\u00e9cnicas de media\u00e7\u00e3o que n\u00e3o apenas educam, mas tamb\u00e9m envolvem emocionalmente os visitantes, criando um espa\u00e7o seguro para a express\u00e3o e o debate.<\/p>\n<h2>Experi\u00eancias na Arte Contempor\u00e2nea<\/h2>\n<p>A arte contempor\u00e2nea \u00e9 marcada por sua diversidade e pela variedade de experi\u00eancias que oferece. A exposi\u00e7\u00e3o <strong>Mire e Veja<\/strong> se prop\u00f5e a compartilhar essa diversidade, apresentando obras que refletem diferentes hist\u00f3rias, culturas e percep\u00e7\u00f5es. Essa variedade enriquece a experi\u00eancia do p\u00fablico e permite uma troca mais rica entre artistas e espectadores.<\/p>\n<h2>Desafios na Curadoria de Exposi\u00e7\u00f5es<\/h2>\n<p>Curar uma exposi\u00e7\u00e3o apresenta uma s\u00e9rie de desafios, como a escolha de obras que se complementam e a cria\u00e7\u00e3o de um espa\u00e7o acess\u00edvel para todos. As curadoras enfrentam a tarefa de conciliar diferentes vozes e vis\u00f5es de mundo, sempre considerando a miss\u00e3o da institui\u00e7\u00e3o e o perfil dos visitantes. A <strong>Mire e Veja<\/strong> busca superar esses desafios atrav\u00e9s de uma curadoria comprometida com a inclus\u00e3o e com a promo\u00e7\u00e3o da diversidade art\u00edstica.<\/p>\n<h2>Intera\u00e7\u00f5es com o P\u00fablico no Sesc<\/h2>\n<p>O <strong>Sesc<\/strong> \u00e9 conhecido por sua abordagem interativa e comunit\u00e1ria, onde o p\u00fablico \u00e9 convidado a participar ativamente das atividades. No contexto da exposi\u00e7\u00e3o <strong>Mire e Veja<\/strong>, o Sesc promove atividades que v\u00e3o al\u00e9m da simples visita\u00e7\u00e3o, envolvendo o p\u00fablico em discuss\u00f5es, oficinas e encontros que promovem a reflex\u00e3o colaborativa sobre as obras apresentadas.<\/p>\n<h2>Reflex\u00f5es sobre Acessibilidade nas Artes<\/h2>\n<p>A acessibilidade \u00e9 um tema central na curadoria de exposi\u00e7\u00f5es contempor\u00e2neas. As curadoras da <strong>Mire e Veja<\/strong> est\u00e3o conscientes da import\u00e2ncia de tornar a arte acess\u00edvel a todos, independentemente de suas habilidades ou contexto social. Isso inclui a adapta\u00e7\u00e3o de materiais, a capacita\u00e7\u00e3o de mediadores e a cria\u00e7\u00e3o de experi\u00eancias sensoriais que permitem que todos os visitantes vivenciem a arte de forma significativa.<\/p>\n<h2>O Papel do Museu na Sociedade<\/h2>\n<p>Os museus desempenham um papel essencial na vida cultural de uma sociedade, funcionando como espa\u00e7os de aprendizado, reflex\u00e3o e di\u00e1logo. Com a exposi\u00e7\u00e3o <strong>Mire e Veja<\/strong>, o <strong>Sesc<\/strong> se posiciona como um agente ativo na promo\u00e7\u00e3o da cultura e na media\u00e7\u00e3o art\u00edstica. Essa fun\u00e7\u00e3o vai al\u00e9m da conserva\u00e7\u00e3o de obras, incluindo a responsabilidade de fomentar discuss\u00f5es que desafiem o status quo e estimulam a criatividade e o pensamento cr\u00edtico.<\/p>\n\n<div style=\"font-size: 0px; height: 0px; line-height: 0px; margin: 0; padding: 0; clear: both;\"><\/div>","protected":false},"excerpt":{"rendered":"<p>Mire e Veja revela insights da exposi\u00e7\u00e3o com as curadoras do Sesc S\u00e3o Paulo.<\/p>\n","protected":false},"author":1,"featured_media":3121,"comment_status":"open","ping_status":"closed","sticky":false,"template":"","format":"standard","meta":{"footnotes":""},"categories":[17],"tags":[],"class_list":["post-3122","post","type-post","status-publish","format-standard","has-post-thumbnail","hentry","category-cultura-no-bom-retiro","has_thumb"],"aioseo_notices":[],"aioseo_head":"\n\t\t<!-- All in One SEO 5.0.0.1 - aioseo.com -->\n\t<meta name=\"description\" content=\"Mire e Veja revela insights da exposi\u00e7\u00e3o com as curadoras do Sesc S\u00e3o Paulo.\" \/>\n\t<meta name=\"robots\" content=\"max-image-preview:large\" \/>\n\t<meta name=\"author\" content=\"Encontra Bom Retiro\"\/>\n\t<link rel=\"canonical\" href=\"https:\/\/www.encontrabomretiro.com.br\/sobre\/mire-e-veja-conversa-com-as-curadoras\/\" \/>\n\t<meta name=\"generator\" content=\"All in One SEO (AIOSEO) 5.0.0.1\" \/>\n\t\t<meta property=\"og:locale\" content=\"pt_BR\" \/>\n\t\t<meta property=\"og:site_name\" content=\"Encontra Bom Retiro | Not\u00edcias, eventos, informa\u00e7\u00f5es e dicas no bairro do Bom Retiro e regi\u00e3o.\" \/>\n\t\t<meta property=\"og:type\" content=\"article\" \/>\n\t\t<meta property=\"og:title\" content=\"Mire e Veja: Conversa com as curadoras | Encontra Bom Retiro\" \/>\n\t\t<meta property=\"og:description\" content=\"Mire e Veja revela insights da exposi\u00e7\u00e3o com as curadoras do Sesc S\u00e3o Paulo.\" \/>\n\t\t<meta property=\"og:url\" content=\"https:\/\/www.encontrabomretiro.com.br\/sobre\/mire-e-veja-conversa-com-as-curadoras\/\" \/>\n\t\t<meta property=\"article:published_time\" content=\"2026-07-16T09:57:00+00:00\" \/>\n\t\t<meta property=\"article:modified_time\" content=\"2026-07-16T09:57:00+00:00\" \/>\n\t\t<meta name=\"twitter:card\" content=\"summary_large_image\" \/>\n\t\t<meta name=\"twitter:title\" content=\"Mire e Veja: Conversa com as curadoras | Encontra Bom Retiro\" \/>\n\t\t<meta name=\"twitter:description\" content=\"Mire e Veja revela insights da exposi\u00e7\u00e3o com as curadoras do Sesc S\u00e3o Paulo.\" \/>\n\t\t<script type=\"application\/ld+json\" class=\"aioseo-schema\">\n\t\t\t{\"@context\":\"https:\\\/\\\/schema.org\",\"@graph\":[{\"@type\":\"Article\",\"@id\":\"https:\\\/\\\/www.encontrabomretiro.com.br\\\/sobre\\\/mire-e-veja-conversa-com-as-curadoras\\\/#article\",\"name\":\"Mire e Veja: Conversa com as curadoras | Encontra Bom Retiro\",\"headline\":\"Mire e Veja: Conversa com as curadoras\",\"author\":{\"@id\":\"https:\\\/\\\/www.encontrabomretiro.com.br\\\/sobre\\\/author\\\/ebomretiro\\\/#author\"},\"publisher\":{\"@id\":\"https:\\\/\\\/www.encontrabomretiro.com.br\\\/sobre\\\/#organization\"},\"image\":{\"@type\":\"ImageObject\",\"url\":\"https:\\\/\\\/www.encontrabomretiro.com.br\\\/sobre\\\/wp-content\\\/uploads\\\/2026\\\/07\\\/mire-e-veja-conversa-com-as-curadoras.webp\",\"width\":280,\"height\":280,\"caption\":\"Mire e Veja\"},\"datePublished\":\"2026-07-16T07:57:00-02:00\",\"dateModified\":\"2026-07-16T07:57:00-02:00\",\"inLanguage\":\"pt-BR\",\"mainEntityOfPage\":{\"@id\":\"https:\\\/\\\/www.encontrabomretiro.com.br\\\/sobre\\\/mire-e-veja-conversa-com-as-curadoras\\\/#webpage\"},\"isPartOf\":{\"@id\":\"https:\\\/\\\/www.encontrabomretiro.com.br\\\/sobre\\\/mire-e-veja-conversa-com-as-curadoras\\\/#webpage\"},\"articleSection\":\"Cultura Bom Retiro\"},{\"@type\":\"BreadcrumbList\",\"@id\":\"https:\\\/\\\/www.encontrabomretiro.com.br\\\/sobre\\\/mire-e-veja-conversa-com-as-curadoras\\\/#breadcrumblist\",\"itemListElement\":[{\"@type\":\"ListItem\",\"@id\":\"https:\\\/\\\/www.encontrabomretiro.com.br\\\/sobre#listItem\",\"position\":1,\"name\":\"Dom\\u00e9stica\",\"item\":\"https:\\\/\\\/www.encontrabomretiro.com.br\\\/sobre\",\"nextItem\":{\"@type\":\"ListItem\",\"@id\":\"https:\\\/\\\/www.encontrabomretiro.com.br\\\/sobre\\\/cultura-no-bom-retiro\\\/#listItem\",\"name\":\"Cultura Bom Retiro\"}},{\"@type\":\"ListItem\",\"@id\":\"https:\\\/\\\/www.encontrabomretiro.com.br\\\/sobre\\\/cultura-no-bom-retiro\\\/#listItem\",\"position\":2,\"name\":\"Cultura Bom Retiro\",\"item\":\"https:\\\/\\\/www.encontrabomretiro.com.br\\\/sobre\\\/cultura-no-bom-retiro\\\/\",\"nextItem\":{\"@type\":\"ListItem\",\"@id\":\"https:\\\/\\\/www.encontrabomretiro.com.br\\\/sobre\\\/mire-e-veja-conversa-com-as-curadoras\\\/#listItem\",\"name\":\"Mire e Veja: Conversa com as curadoras\"},\"previousItem\":{\"@type\":\"ListItem\",\"@id\":\"https:\\\/\\\/www.encontrabomretiro.com.br\\\/sobre#listItem\",\"name\":\"Dom\\u00e9stica\"}},{\"@type\":\"ListItem\",\"@id\":\"https:\\\/\\\/www.encontrabomretiro.com.br\\\/sobre\\\/mire-e-veja-conversa-com-as-curadoras\\\/#listItem\",\"position\":3,\"name\":\"Mire e Veja: Conversa com as curadoras\",\"previousItem\":{\"@type\":\"ListItem\",\"@id\":\"https:\\\/\\\/www.encontrabomretiro.com.br\\\/sobre\\\/cultura-no-bom-retiro\\\/#listItem\",\"name\":\"Cultura Bom Retiro\"}}]},{\"@type\":\"Organization\",\"@id\":\"https:\\\/\\\/www.encontrabomretiro.com.br\\\/sobre\\\/#organization\",\"name\":\"Encontra Bom Retiro\",\"description\":\"Not\\u00edcias, eventos, informa\\u00e7\\u00f5es e dicas no bairro do Bom Retiro e regi\\u00e3o.\",\"url\":\"https:\\\/\\\/www.encontrabomretiro.com.br\\\/sobre\\\/\"},{\"@type\":\"Person\",\"@id\":\"https:\\\/\\\/www.encontrabomretiro.com.br\\\/sobre\\\/author\\\/ebomretiro\\\/#author\",\"url\":\"https:\\\/\\\/www.encontrabomretiro.com.br\\\/sobre\\\/author\\\/ebomretiro\\\/\",\"name\":\"Encontra Bom Retiro\",\"image\":{\"@type\":\"ImageObject\",\"@id\":\"https:\\\/\\\/www.encontrabomretiro.com.br\\\/sobre\\\/mire-e-veja-conversa-com-as-curadoras\\\/#authorImage\",\"url\":\"https:\\\/\\\/secure.gravatar.com\\\/avatar\\\/507340682b8270222e1f208e23198b6ae7e2c6a1033ae84e99bc6bce4f82a387?s=96&d=mm&r=g\",\"width\":96,\"height\":96,\"caption\":\"Encontra Bom Retiro\"}},{\"@type\":\"WebPage\",\"@id\":\"https:\\\/\\\/www.encontrabomretiro.com.br\\\/sobre\\\/mire-e-veja-conversa-com-as-curadoras\\\/#webpage\",\"url\":\"https:\\\/\\\/www.encontrabomretiro.com.br\\\/sobre\\\/mire-e-veja-conversa-com-as-curadoras\\\/\",\"name\":\"Mire e Veja: Conversa com as curadoras | Encontra Bom Retiro\",\"description\":\"Mire e Veja revela insights da exposi\\u00e7\\u00e3o com as curadoras do Sesc S\\u00e3o Paulo.\",\"inLanguage\":\"pt-BR\",\"isPartOf\":{\"@id\":\"https:\\\/\\\/www.encontrabomretiro.com.br\\\/sobre\\\/#website\"},\"breadcrumb\":{\"@id\":\"https:\\\/\\\/www.encontrabomretiro.com.br\\\/sobre\\\/mire-e-veja-conversa-com-as-curadoras\\\/#breadcrumblist\"},\"author\":{\"@id\":\"https:\\\/\\\/www.encontrabomretiro.com.br\\\/sobre\\\/author\\\/ebomretiro\\\/#author\"},\"creator\":{\"@id\":\"https:\\\/\\\/www.encontrabomretiro.com.br\\\/sobre\\\/author\\\/ebomretiro\\\/#author\"},\"image\":{\"@type\":\"ImageObject\",\"url\":\"https:\\\/\\\/www.encontrabomretiro.com.br\\\/sobre\\\/wp-content\\\/uploads\\\/2026\\\/07\\\/mire-e-veja-conversa-com-as-curadoras.webp\",\"@id\":\"https:\\\/\\\/www.encontrabomretiro.com.br\\\/sobre\\\/mire-e-veja-conversa-com-as-curadoras\\\/#mainImage\",\"width\":280,\"height\":280,\"caption\":\"Mire e Veja\"},\"primaryImageOfPage\":{\"@id\":\"https:\\\/\\\/www.encontrabomretiro.com.br\\\/sobre\\\/mire-e-veja-conversa-com-as-curadoras\\\/#mainImage\"},\"datePublished\":\"2026-07-16T07:57:00-02:00\",\"dateModified\":\"2026-07-16T07:57:00-02:00\"},{\"@type\":\"WebSite\",\"@id\":\"https:\\\/\\\/www.encontrabomretiro.com.br\\\/sobre\\\/#website\",\"url\":\"https:\\\/\\\/www.encontrabomretiro.com.br\\\/sobre\\\/\",\"name\":\"Encontra Bom Retiro\",\"description\":\"Not\\u00edcias, eventos, informa\\u00e7\\u00f5es e dicas no bairro do Bom Retiro e regi\\u00e3o.\",\"inLanguage\":\"pt-BR\",\"publisher\":{\"@id\":\"https:\\\/\\\/www.encontrabomretiro.com.br\\\/sobre\\\/#organization\"}}]}\n\t\t<\/script>\n\t\t<!-- All in One SEO -->\n\n","aioseo_head_json":{"title":"Mire e Veja: Conversa com as curadoras | Encontra Bom Retiro","description":"Mire e Veja revela insights da exposi\u00e7\u00e3o com as curadoras do Sesc S\u00e3o Paulo.","canonical_url":"https:\/\/www.encontrabomretiro.com.br\/sobre\/mire-e-veja-conversa-com-as-curadoras\/","robots":"max-image-preview:large","keywords":"","webmasterTools":{"miscellaneous":""},"schema":{"@context":"https:\/\/schema.org","@graph":[{"@type":"Article","@id":"https:\/\/www.encontrabomretiro.com.br\/sobre\/mire-e-veja-conversa-com-as-curadoras\/#article","name":"Mire e Veja: Conversa com as curadoras | Encontra Bom Retiro","headline":"Mire e Veja: Conversa com as curadoras","author":{"@id":"https:\/\/www.encontrabomretiro.com.br\/sobre\/author\/ebomretiro\/#author"},"publisher":{"@id":"https:\/\/www.encontrabomretiro.com.br\/sobre\/#organization"},"image":{"@type":"ImageObject","url":"https:\/\/www.encontrabomretiro.com.br\/sobre\/wp-content\/uploads\/2026\/07\/mire-e-veja-conversa-com-as-curadoras.webp","width":280,"height":280,"caption":"Mire e Veja"},"datePublished":"2026-07-16T07:57:00-02:00","dateModified":"2026-07-16T07:57:00-02:00","inLanguage":"pt-BR","mainEntityOfPage":{"@id":"https:\/\/www.encontrabomretiro.com.br\/sobre\/mire-e-veja-conversa-com-as-curadoras\/#webpage"},"isPartOf":{"@id":"https:\/\/www.encontrabomretiro.com.br\/sobre\/mire-e-veja-conversa-com-as-curadoras\/#webpage"},"articleSection":"Cultura Bom Retiro"},{"@type":"BreadcrumbList","@id":"https:\/\/www.encontrabomretiro.com.br\/sobre\/mire-e-veja-conversa-com-as-curadoras\/#breadcrumblist","itemListElement":[{"@type":"ListItem","@id":"https:\/\/www.encontrabomretiro.com.br\/sobre#listItem","position":1,"name":"Dom\u00e9stica","item":"https:\/\/www.encontrabomretiro.com.br\/sobre","nextItem":{"@type":"ListItem","@id":"https:\/\/www.encontrabomretiro.com.br\/sobre\/cultura-no-bom-retiro\/#listItem","name":"Cultura Bom Retiro"}},{"@type":"ListItem","@id":"https:\/\/www.encontrabomretiro.com.br\/sobre\/cultura-no-bom-retiro\/#listItem","position":2,"name":"Cultura Bom Retiro","item":"https:\/\/www.encontrabomretiro.com.br\/sobre\/cultura-no-bom-retiro\/","nextItem":{"@type":"ListItem","@id":"https:\/\/www.encontrabomretiro.com.br\/sobre\/mire-e-veja-conversa-com-as-curadoras\/#listItem","name":"Mire e Veja: Conversa com as curadoras"},"previousItem":{"@type":"ListItem","@id":"https:\/\/www.encontrabomretiro.com.br\/sobre#listItem","name":"Dom\u00e9stica"}},{"@type":"ListItem","@id":"https:\/\/www.encontrabomretiro.com.br\/sobre\/mire-e-veja-conversa-com-as-curadoras\/#listItem","position":3,"name":"Mire e Veja: Conversa com as curadoras","previousItem":{"@type":"ListItem","@id":"https:\/\/www.encontrabomretiro.com.br\/sobre\/cultura-no-bom-retiro\/#listItem","name":"Cultura Bom Retiro"}}]},{"@type":"Organization","@id":"https:\/\/www.encontrabomretiro.com.br\/sobre\/#organization","name":"Encontra Bom Retiro","description":"Not\u00edcias, eventos, informa\u00e7\u00f5es e dicas no bairro do Bom Retiro e regi\u00e3o.","url":"https:\/\/www.encontrabomretiro.com.br\/sobre\/"},{"@type":"Person","@id":"https:\/\/www.encontrabomretiro.com.br\/sobre\/author\/ebomretiro\/#author","url":"https:\/\/www.encontrabomretiro.com.br\/sobre\/author\/ebomretiro\/","name":"Encontra Bom Retiro","image":{"@type":"ImageObject","@id":"https:\/\/www.encontrabomretiro.com.br\/sobre\/mire-e-veja-conversa-com-as-curadoras\/#authorImage","url":"https:\/\/secure.gravatar.com\/avatar\/507340682b8270222e1f208e23198b6ae7e2c6a1033ae84e99bc6bce4f82a387?s=96&d=mm&r=g","width":96,"height":96,"caption":"Encontra Bom Retiro"}},{"@type":"WebPage","@id":"https:\/\/www.encontrabomretiro.com.br\/sobre\/mire-e-veja-conversa-com-as-curadoras\/#webpage","url":"https:\/\/www.encontrabomretiro.com.br\/sobre\/mire-e-veja-conversa-com-as-curadoras\/","name":"Mire e Veja: Conversa com as curadoras | Encontra Bom Retiro","description":"Mire e Veja revela insights da exposi\u00e7\u00e3o com as curadoras do Sesc S\u00e3o Paulo.","inLanguage":"pt-BR","isPartOf":{"@id":"https:\/\/www.encontrabomretiro.com.br\/sobre\/#website"},"breadcrumb":{"@id":"https:\/\/www.encontrabomretiro.com.br\/sobre\/mire-e-veja-conversa-com-as-curadoras\/#breadcrumblist"},"author":{"@id":"https:\/\/www.encontrabomretiro.com.br\/sobre\/author\/ebomretiro\/#author"},"creator":{"@id":"https:\/\/www.encontrabomretiro.com.br\/sobre\/author\/ebomretiro\/#author"},"image":{"@type":"ImageObject","url":"https:\/\/www.encontrabomretiro.com.br\/sobre\/wp-content\/uploads\/2026\/07\/mire-e-veja-conversa-com-as-curadoras.webp","@id":"https:\/\/www.encontrabomretiro.com.br\/sobre\/mire-e-veja-conversa-com-as-curadoras\/#mainImage","width":280,"height":280,"caption":"Mire e Veja"},"primaryImageOfPage":{"@id":"https:\/\/www.encontrabomretiro.com.br\/sobre\/mire-e-veja-conversa-com-as-curadoras\/#mainImage"},"datePublished":"2026-07-16T07:57:00-02:00","dateModified":"2026-07-16T07:57:00-02:00"},{"@type":"WebSite","@id":"https:\/\/www.encontrabomretiro.com.br\/sobre\/#website","url":"https:\/\/www.encontrabomretiro.com.br\/sobre\/","name":"Encontra Bom Retiro","description":"Not\u00edcias, eventos, informa\u00e7\u00f5es e dicas no bairro do Bom Retiro e regi\u00e3o.","inLanguage":"pt-BR","publisher":{"@id":"https:\/\/www.encontrabomretiro.com.br\/sobre\/#organization"}}]},"og:locale":"pt_BR","og:site_name":"Encontra Bom Retiro | Not\u00edcias, eventos, informa\u00e7\u00f5es e dicas no bairro do Bom Retiro e regi\u00e3o.","og:type":"article","og:title":"Mire e Veja: Conversa com as curadoras | Encontra Bom Retiro","og:description":"Mire e Veja revela insights da exposi\u00e7\u00e3o com as curadoras do Sesc S\u00e3o Paulo.","og:url":"https:\/\/www.encontrabomretiro.com.br\/sobre\/mire-e-veja-conversa-com-as-curadoras\/","article:published_time":"2026-07-16T09:57:00+00:00","article:modified_time":"2026-07-16T09:57:00+00:00","twitter:card":"summary_large_image","twitter:title":"Mire e Veja: Conversa com as curadoras | Encontra Bom Retiro","twitter:description":"Mire e Veja revela insights da exposi\u00e7\u00e3o com as curadoras do Sesc S\u00e3o Paulo."},"aioseo_meta_data":{"post_id":"3122","title":null,"description":null,"keywords":null,"keyphrases":null,"primary_term":null,"canonical_url":null,"og_title":null,"og_description":null,"og_object_type":"default","og_image_type":"default","og_image_url":null,"og_image_width":null,"og_image_height":null,"og_image_custom_url":null,"og_image_custom_fields":null,"og_video":null,"og_custom_url":null,"og_article_section":null,"og_article_tags":null,"twitter_use_og":false,"twitter_card":"default","twitter_image_type":"default","twitter_image_url":null,"twitter_image_custom_url":null,"twitter_image_custom_fields":null,"twitter_title":null,"twitter_description":null,"schema":{"blockGraphs":[],"customGraphs":[],"default":{"data":{"Article":[],"Course":[],"Dataset":[],"FAQPage":[],"Movie":[],"Person":[],"Product":[],"ProductReview":[],"Car":[],"Recipe":[],"Service":[],"SoftwareApplication":[],"WebPage":[]},"graphName":"Article","isEnabled":true},"graphs":[]},"schema_type":"default","schema_type_options":null,"pillar_content":false,"robots_default":true,"robots_noindex":false,"robots_noarchive":false,"robots_nosnippet":false,"robots_nofollow":false,"robots_noimageindex":false,"robots_noodp":false,"robots_notranslate":false,"robots_max_snippet":null,"robots_max_videopreview":null,"robots_max_imagepreview":"large","priority":null,"frequency":null,"local_seo":null,"breadcrumb_settings":null,"limit_modified_date":false,"ai":null,"created":"2026-07-16 09:57:02","updated":"2026-07-16 10:01:38","focus_keyword":null,"additional_keywords":null,"truseo_locale":null,"seo_analyzer_scan_date":null},"aioseo_breadcrumb":"<div class=\"aioseo-breadcrumbs\"><span class=\"aioseo-breadcrumb\">\n\t\t\t<a href=\"https:\/\/www.encontrabomretiro.com.br\/sobre\" title=\"Dom\u00e9stica\">Dom\u00e9stica<\/a>\n\t\t<\/span><span class=\"aioseo-breadcrumb-separator\">&raquo;<\/span><span class=\"aioseo-breadcrumb\">\n\t\t\t<a href=\"https:\/\/www.encontrabomretiro.com.br\/sobre\/cultura-no-bom-retiro\/\" title=\"Cultura Bom Retiro\">Cultura Bom Retiro<\/a>\n\t\t<\/span><span class=\"aioseo-breadcrumb-separator\">&raquo;<\/span><span class=\"aioseo-breadcrumb\">\n\t\t\tMire e Veja: Conversa com as curadoras\n\t\t<\/span><\/div>","aioseo_breadcrumb_json":[{"label":"Dom\u00e9stica","link":"https:\/\/www.encontrabomretiro.com.br\/sobre"},{"label":"Cultura Bom Retiro","link":"https:\/\/www.encontrabomretiro.com.br\/sobre\/cultura-no-bom-retiro\/"},{"label":"Mire e Veja: Conversa com as curadoras","link":"https:\/\/www.encontrabomretiro.com.br\/sobre\/mire-e-veja-conversa-com-as-curadoras\/"}],"_links":{"self":[{"href":"https:\/\/www.encontrabomretiro.com.br\/sobre\/wp-json\/wp\/v2\/posts\/3122","targetHints":{"allow":["GET"]}}],"collection":[{"href":"https:\/\/www.encontrabomretiro.com.br\/sobre\/wp-json\/wp\/v2\/posts"}],"about":[{"href":"https:\/\/www.encontrabomretiro.com.br\/sobre\/wp-json\/wp\/v2\/types\/post"}],"author":[{"embeddable":true,"href":"https:\/\/www.encontrabomretiro.com.br\/sobre\/wp-json\/wp\/v2\/users\/1"}],"replies":[{"embeddable":true,"href":"https:\/\/www.encontrabomretiro.com.br\/sobre\/wp-json\/wp\/v2\/comments?post=3122"}],"version-history":[{"count":0,"href":"https:\/\/www.encontrabomretiro.com.br\/sobre\/wp-json\/wp\/v2\/posts\/3122\/revisions"}],"wp:featuredmedia":[{"embeddable":true,"href":"https:\/\/www.encontrabomretiro.com.br\/sobre\/wp-json\/wp\/v2\/media\/3121"}],"wp:attachment":[{"href":"https:\/\/www.encontrabomretiro.com.br\/sobre\/wp-json\/wp\/v2\/media?parent=3122"}],"wp:term":[{"taxonomy":"category","embeddable":true,"href":"https:\/\/www.encontrabomretiro.com.br\/sobre\/wp-json\/wp\/v2\/categories?post=3122"},{"taxonomy":"post_tag","embeddable":true,"href":"https:\/\/www.encontrabomretiro.com.br\/sobre\/wp-json\/wp\/v2\/tags?post=3122"}],"curies":[{"name":"wp","href":"https:\/\/api.w.org\/{rel}","templated":true}]}}