{"id":3112,"date":"2026-07-15T14:02:02","date_gmt":"2026-07-15T16:02:02","guid":{"rendered":"https:\/\/www.encontrabomretiro.com.br\/sobre\/dez-perguntas-do-mam-educativo-para-a-mediacao-cultural\/"},"modified":"2026-07-15T14:02:02","modified_gmt":"2026-07-15T16:02:02","slug":"dez-perguntas-do-mam-educativo-para-a-mediacao-cultural","status":"publish","type":"post","link":"https:\/\/www.encontrabomretiro.com.br\/sobre\/dez-perguntas-do-mam-educativo-para-a-mediacao-cultural\/","title":{"rendered":"Dez perguntas do MAM Educativo para a media\u00e7\u00e3o cultural"},"content":{"rendered":"<div class=\"228b65ae207de3c5c501cfe75875708b\" data-index=\"1\" style=\"float: none; margin:0px;\">\n<!-- Anuncio display - global -->\r\n<ins class=\"adsbygoogle\"\r\n     style=\"display:block\"\r\n     data-ad-client=\"ca-pub-8585364105181520\"\r\n     data-ad-slot=\"8789329856\"\r\n     data-ad-format=\"auto\"\r\n     data-full-width-responsive=\"true\"><\/ins>\r\n<script>\r\n     (adsbygoogle = window.adsbygoogle || []).push({});\r\n<\/script>\n<\/div>\n<h2>O Que \u00e9 Media\u00e7\u00e3o Cultural?<\/h2>\n<p>A media\u00e7\u00e3o cultural \u00e9 um processo que busca facilitar a intera\u00e7\u00e3o entre diferentes p\u00fablicos e formas de express\u00e3o art\u00edstica, promovendo o envolvimento e a reflex\u00e3o sobre obras e pr\u00e1ticas culturais. Esse tipo de media\u00e7\u00e3o ocorre em diversos contextos, como museus, galerias e centros de arte, onde o objetivo \u00e9 tornar a arte mais acess\u00edvel e compreens\u00edvel para todos. A ideia central \u00e9 criar um espa\u00e7o onde o di\u00e1logo e a troca de experi\u00eancias possam acontecer, enriquecendo a rela\u00e7\u00e3o do p\u00fablico com a arte.<\/p>\n<h2>Como o MAM Educativo Contribui para a Arte?<\/h2>\n<p>O MAM Educativo desempenha um papel fundamental na promo\u00e7\u00e3o da arte ao desenvolver programas que estabelecem conex\u00f5es entre as obras e o p\u00fablico. Atrav\u00e9s de atividades como oficinas, palestras, e visitas guiadas, o MAM n\u00e3o apenas apresenta as obras, mas tamb\u00e9m incentiva o pensamento cr\u00edtico e a criatividade. A proposta \u00e9 que cada visitante possa enxergar a arte n\u00e3o apenas como um objeto est\u00e9tico, mas tamb\u00e9m como uma forma de di\u00e1logo e reflex\u00e3o sobre quest\u00f5es sociais, culturais e hist\u00f3ricas.<\/p>\n<h2>Leitura Coletiva: Uma Experi\u00eancia Transformadora<\/h2>\n<p>Uma das pr\u00e1ticas do MAM Educativo \u00e9 a leitura coletiva, que proporciona um espa\u00e7o para que o p\u00fablico compartilhe interpreta\u00e7\u00f5es e sentimentos sobre textos e obras de arte. Durante essas sess\u00f5es, os participantes s\u00e3o convidados a discutir e refletir sobre diversos temas que perpassam o universo da arte e da educa\u00e7\u00e3o. Essa experi\u00eancia transformadora permite n\u00e3o s\u00f3 o aprofundamento do conhecimento sobre arte, mas tamb\u00e9m a cria\u00e7\u00e3o de v\u00ednculos entre os diferentes participantes, construindo uma comunidade mais engajada e composta por diferentes vozes.<\/p>\n<p><img decoding=\"async\" src=\"https:\/\/www.encontrabomretiro.com.br\/sobre\/wp-content\/uploads\/2026\/07\/dez-perguntas-do-mam-educativo-para-a-mediacao-cultural.webp\" alt=\"dez perguntas do MAM Educativo para a media\u00e7\u00e3o cultural\" loading=\"lazy\" \/><\/p>\n<h2>Explorando as Dez Perguntas do MAM<\/h2>\n<p>O MAM Educativo lan\u00e7ou uma publica\u00e7\u00e3o intitulada \u201cDez perguntas do MAM Educativo para a media\u00e7\u00e3o cultural\u201d, que serve como um guia para provocar discuss\u00f5es e reflex\u00f5es essenciais sobre o papel da media\u00e7\u00e3o na arte contempor\u00e2nea. Essas perguntas foram elaboradas para instigar a curiosidade e o pensamento cr\u00edtico, levando os participantes a explorar as profundezas do significado das obras e o contexto em que est\u00e3o inseridas. Ao discutir essas quest\u00f5es, espera-se que cada indiv\u00edduo encontre novas maneiras de se conectar com a arte.<\/p>\n<h2>Reflex\u00f5es sobre Arte e Educa\u00e7\u00e3o<\/h2>\n<p>A intersec\u00e7\u00e3o entre arte e educa\u00e7\u00e3o \u00e9 um ponto focado nas atividades do MAM. Cada encontro promove um espa\u00e7o de troca onde educadores, artistas e o p\u00fablico em geral podem compartilhar experi\u00eancias e conhecimentos. A proposta \u00e9 que a educa\u00e7\u00e3o n\u00e3o seja um ato unilateral, mas sim um processo colaborativo, onde todos aprendem uns com os outros. Assim, a arte se torna um instrumento poderoso para a forma\u00e7\u00e3o de indiv\u00edduos mais cr\u00edticos e criativos.<\/p>\n<h2>A Import\u00e2ncia da Intera\u00e7\u00e3o nas Atividades<\/h2>\n<p>A intera\u00e7\u00e3o \u00e9 um elemento crucial nas atividades propostas pelo MAM Educativo. Ao permitir que as pessoas compartilhem suas perspectivas, opini\u00f5es e experi\u00eancias relacionadas \u00e0 arte, o MAM cria um ambiente din\u00e2mico e inclusivo. Essa intera\u00e7\u00e3o n\u00e3o s\u00f3 enriquece o aprendizado, mas tamb\u00e9m promove uma sensa\u00e7\u00e3o de pertencimento e comunidade, aspectos fundamentais para a aprecia\u00e7\u00e3o da arte no contexto contempor\u00e2neo.<\/p>\n<h2>Roda de Conversa: Estimulando Novas Ideias<\/h2>\n<p>As rodas de conversa s\u00e3o eventos promovidos pelo MAM onde os participantes t\u00eam a oportunidade de discutir temas relevantes ligados \u00e0 arte e \u00e0 media\u00e7\u00e3o cultural. Essas conversas abertas permitem a troca de ideias, promovem o debate e incentivam novas formas de pensar sobre as obras e sua influ\u00eancia na sociedade. Os encontros estimulam o surgimento de novas ideias e perspectivas, tornando-se um espa\u00e7o f\u00e9rtil para a criatividade e inova\u00e7\u00e3o.<\/p>\n<h2>Desenvolvimento de Programas Acess\u00edveis<\/h2>\n<p>Uma das metas do MAM Educativo \u00e9 garantir que suas atividades sejam acess\u00edveis a todos. Isso se reflete na cria\u00e7\u00e3o de programas gratuitos e inclusivos, que buscam eliminar barreiras de entrada para diferentes p\u00fablicos. O MAM se empenha em desenvolver iniciativas que atendam \u00e0s variadas necessidades de seu p\u00fablico, promovendo um entendimento mais amplo e diversificado da arte.<\/p>\n<h2>Di\u00e1logo entre P\u00fablicos Diversos<\/h2>\n<p>O di\u00e1logo com diversos p\u00fablicos \u00e9 um dos pilares do trabalho do MAM. A institui\u00e7\u00e3o busca criar um ambiente que valoriza a diversidade e promove a inclus\u00e3o atrav\u00e9s da arte. Os programas s\u00e3o dise\u00f1ados para alcan\u00e7ar n\u00e3o apenas grupos espec\u00edficos, mas todos aqueles que t\u00eam interesse em ampliar sua viv\u00eancia art\u00edstica. Essa abordagem fortalece a conex\u00e3o entre diferentes culturas, experi\u00eancias e saberes, enriquecendo a experi\u00eancia geral dos participantes.<\/p>\n<h2>Tornando a Arte Acess\u00edvel a Todos<\/h2>\n<p>Por meio de suas pr\u00e1ticas e programas, o MAM Educativo se compromete a tornar a arte acess\u00edvel a todos os segmentos da sociedade. Isso implica n\u00e3o s\u00f3 em promover atividades e exposi\u00e7\u00f5es, mas tamb\u00e9m em educar o p\u00fablico sobre a import\u00e2ncia da arte em nossas vidas. O MAM acredita que todos devem ter a oportunidade de experienciar e se conectar com a arte, independentemente de suas origens, condi\u00e7\u00f5es sociais ou culturais. Essa democratiza\u00e7\u00e3o da arte \u00e9 essencial para a constru\u00e7\u00e3o de uma sociedade mais justa e igualit\u00e1ria.<\/p>\n\n<div style=\"font-size: 0px; height: 0px; line-height: 0px; margin: 0; padding: 0; clear: both;\"><\/div>","protected":false},"excerpt":{"rendered":"<p>Dez perguntas do MAM Educativo que v\u00e3o enriquecer sua media\u00e7\u00e3o cultural.<\/p>\n","protected":false},"author":1,"featured_media":3111,"comment_status":"open","ping_status":"closed","sticky":false,"template":"","format":"standard","meta":{"footnotes":""},"categories":[17],"tags":[],"class_list":["post-3112","post","type-post","status-publish","format-standard","has-post-thumbnail","hentry","category-cultura-no-bom-retiro","has_thumb"],"aioseo_notices":[],"aioseo_head":"\n\t\t<!-- All in One SEO 5.0.0.1 - aioseo.com -->\n\t<meta name=\"description\" content=\"Dez perguntas do MAM Educativo que v\u00e3o enriquecer sua media\u00e7\u00e3o cultural.\" \/>\n\t<meta name=\"robots\" content=\"max-image-preview:large\" \/>\n\t<meta name=\"author\" content=\"Encontra Bom Retiro\"\/>\n\t<link rel=\"canonical\" href=\"https:\/\/www.encontrabomretiro.com.br\/sobre\/dez-perguntas-do-mam-educativo-para-a-mediacao-cultural\/\" \/>\n\t<meta name=\"generator\" content=\"All in One SEO (AIOSEO) 5.0.0.1\" \/>\n\t\t<meta property=\"og:locale\" content=\"pt_BR\" \/>\n\t\t<meta property=\"og:site_name\" content=\"Encontra Bom Retiro | Not\u00edcias, eventos, informa\u00e7\u00f5es e dicas no bairro do Bom Retiro e regi\u00e3o.\" \/>\n\t\t<meta property=\"og:type\" content=\"article\" \/>\n\t\t<meta property=\"og:title\" content=\"Dez perguntas do MAM Educativo para a media\u00e7\u00e3o cultural | Encontra Bom Retiro\" \/>\n\t\t<meta property=\"og:description\" content=\"Dez perguntas do MAM Educativo que v\u00e3o enriquecer sua media\u00e7\u00e3o cultural.\" \/>\n\t\t<meta property=\"og:url\" content=\"https:\/\/www.encontrabomretiro.com.br\/sobre\/dez-perguntas-do-mam-educativo-para-a-mediacao-cultural\/\" \/>\n\t\t<meta property=\"article:published_time\" content=\"2026-07-15T16:02:02+00:00\" \/>\n\t\t<meta property=\"article:modified_time\" content=\"2026-07-15T16:02:02+00:00\" \/>\n\t\t<meta name=\"twitter:card\" content=\"summary_large_image\" \/>\n\t\t<meta name=\"twitter:title\" content=\"Dez perguntas do MAM Educativo para a media\u00e7\u00e3o cultural | Encontra Bom Retiro\" \/>\n\t\t<meta name=\"twitter:description\" content=\"Dez perguntas do MAM Educativo que v\u00e3o enriquecer sua media\u00e7\u00e3o cultural.\" \/>\n\t\t<script type=\"application\/ld+json\" class=\"aioseo-schema\">\n\t\t\t{\"@context\":\"https:\\\/\\\/schema.org\",\"@graph\":[{\"@type\":\"Article\",\"@id\":\"https:\\\/\\\/www.encontrabomretiro.com.br\\\/sobre\\\/dez-perguntas-do-mam-educativo-para-a-mediacao-cultural\\\/#article\",\"name\":\"Dez perguntas do MAM Educativo para a media\\u00e7\\u00e3o cultural | Encontra Bom Retiro\",\"headline\":\"Dez perguntas do MAM Educativo para a media\\u00e7\\u00e3o cultural\",\"author\":{\"@id\":\"https:\\\/\\\/www.encontrabomretiro.com.br\\\/sobre\\\/author\\\/ebomretiro\\\/#author\"},\"publisher\":{\"@id\":\"https:\\\/\\\/www.encontrabomretiro.com.br\\\/sobre\\\/#organization\"},\"image\":{\"@type\":\"ImageObject\",\"url\":\"https:\\\/\\\/www.encontrabomretiro.com.br\\\/sobre\\\/wp-content\\\/uploads\\\/2026\\\/07\\\/dez-perguntas-do-mam-educativo-para-a-mediacao-cultural.webp\",\"width\":280,\"height\":280,\"caption\":\"dez perguntas do MAM Educativo para a media\\u00e7\\u00e3o cultural\"},\"datePublished\":\"2026-07-15T14:02:02-02:00\",\"dateModified\":\"2026-07-15T14:02:02-02:00\",\"inLanguage\":\"pt-BR\",\"mainEntityOfPage\":{\"@id\":\"https:\\\/\\\/www.encontrabomretiro.com.br\\\/sobre\\\/dez-perguntas-do-mam-educativo-para-a-mediacao-cultural\\\/#webpage\"},\"isPartOf\":{\"@id\":\"https:\\\/\\\/www.encontrabomretiro.com.br\\\/sobre\\\/dez-perguntas-do-mam-educativo-para-a-mediacao-cultural\\\/#webpage\"},\"articleSection\":\"Cultura Bom Retiro\"},{\"@type\":\"BreadcrumbList\",\"@id\":\"https:\\\/\\\/www.encontrabomretiro.com.br\\\/sobre\\\/dez-perguntas-do-mam-educativo-para-a-mediacao-cultural\\\/#breadcrumblist\",\"itemListElement\":[{\"@type\":\"ListItem\",\"@id\":\"https:\\\/\\\/www.encontrabomretiro.com.br\\\/sobre#listItem\",\"position\":1,\"name\":\"Dom\\u00e9stica\",\"item\":\"https:\\\/\\\/www.encontrabomretiro.com.br\\\/sobre\",\"nextItem\":{\"@type\":\"ListItem\",\"@id\":\"https:\\\/\\\/www.encontrabomretiro.com.br\\\/sobre\\\/cultura-no-bom-retiro\\\/#listItem\",\"name\":\"Cultura Bom Retiro\"}},{\"@type\":\"ListItem\",\"@id\":\"https:\\\/\\\/www.encontrabomretiro.com.br\\\/sobre\\\/cultura-no-bom-retiro\\\/#listItem\",\"position\":2,\"name\":\"Cultura Bom Retiro\",\"item\":\"https:\\\/\\\/www.encontrabomretiro.com.br\\\/sobre\\\/cultura-no-bom-retiro\\\/\",\"nextItem\":{\"@type\":\"ListItem\",\"@id\":\"https:\\\/\\\/www.encontrabomretiro.com.br\\\/sobre\\\/dez-perguntas-do-mam-educativo-para-a-mediacao-cultural\\\/#listItem\",\"name\":\"Dez perguntas do MAM Educativo para a media\\u00e7\\u00e3o cultural\"},\"previousItem\":{\"@type\":\"ListItem\",\"@id\":\"https:\\\/\\\/www.encontrabomretiro.com.br\\\/sobre#listItem\",\"name\":\"Dom\\u00e9stica\"}},{\"@type\":\"ListItem\",\"@id\":\"https:\\\/\\\/www.encontrabomretiro.com.br\\\/sobre\\\/dez-perguntas-do-mam-educativo-para-a-mediacao-cultural\\\/#listItem\",\"position\":3,\"name\":\"Dez perguntas do MAM Educativo para a media\\u00e7\\u00e3o cultural\",\"previousItem\":{\"@type\":\"ListItem\",\"@id\":\"https:\\\/\\\/www.encontrabomretiro.com.br\\\/sobre\\\/cultura-no-bom-retiro\\\/#listItem\",\"name\":\"Cultura Bom Retiro\"}}]},{\"@type\":\"Organization\",\"@id\":\"https:\\\/\\\/www.encontrabomretiro.com.br\\\/sobre\\\/#organization\",\"name\":\"Encontra Bom Retiro\",\"description\":\"Not\\u00edcias, eventos, informa\\u00e7\\u00f5es e dicas no bairro do Bom Retiro e regi\\u00e3o.\",\"url\":\"https:\\\/\\\/www.encontrabomretiro.com.br\\\/sobre\\\/\"},{\"@type\":\"Person\",\"@id\":\"https:\\\/\\\/www.encontrabomretiro.com.br\\\/sobre\\\/author\\\/ebomretiro\\\/#author\",\"url\":\"https:\\\/\\\/www.encontrabomretiro.com.br\\\/sobre\\\/author\\\/ebomretiro\\\/\",\"name\":\"Encontra Bom Retiro\",\"image\":{\"@type\":\"ImageObject\",\"@id\":\"https:\\\/\\\/www.encontrabomretiro.com.br\\\/sobre\\\/dez-perguntas-do-mam-educativo-para-a-mediacao-cultural\\\/#authorImage\",\"url\":\"https:\\\/\\\/secure.gravatar.com\\\/avatar\\\/507340682b8270222e1f208e23198b6ae7e2c6a1033ae84e99bc6bce4f82a387?s=96&d=mm&r=g\",\"width\":96,\"height\":96,\"caption\":\"Encontra Bom Retiro\"}},{\"@type\":\"WebPage\",\"@id\":\"https:\\\/\\\/www.encontrabomretiro.com.br\\\/sobre\\\/dez-perguntas-do-mam-educativo-para-a-mediacao-cultural\\\/#webpage\",\"url\":\"https:\\\/\\\/www.encontrabomretiro.com.br\\\/sobre\\\/dez-perguntas-do-mam-educativo-para-a-mediacao-cultural\\\/\",\"name\":\"Dez perguntas do MAM Educativo para a media\\u00e7\\u00e3o cultural | Encontra Bom Retiro\",\"description\":\"Dez perguntas do MAM Educativo que v\\u00e3o enriquecer sua media\\u00e7\\u00e3o cultural.\",\"inLanguage\":\"pt-BR\",\"isPartOf\":{\"@id\":\"https:\\\/\\\/www.encontrabomretiro.com.br\\\/sobre\\\/#website\"},\"breadcrumb\":{\"@id\":\"https:\\\/\\\/www.encontrabomretiro.com.br\\\/sobre\\\/dez-perguntas-do-mam-educativo-para-a-mediacao-cultural\\\/#breadcrumblist\"},\"author\":{\"@id\":\"https:\\\/\\\/www.encontrabomretiro.com.br\\\/sobre\\\/author\\\/ebomretiro\\\/#author\"},\"creator\":{\"@id\":\"https:\\\/\\\/www.encontrabomretiro.com.br\\\/sobre\\\/author\\\/ebomretiro\\\/#author\"},\"image\":{\"@type\":\"ImageObject\",\"url\":\"https:\\\/\\\/www.encontrabomretiro.com.br\\\/sobre\\\/wp-content\\\/uploads\\\/2026\\\/07\\\/dez-perguntas-do-mam-educativo-para-a-mediacao-cultural.webp\",\"@id\":\"https:\\\/\\\/www.encontrabomretiro.com.br\\\/sobre\\\/dez-perguntas-do-mam-educativo-para-a-mediacao-cultural\\\/#mainImage\",\"width\":280,\"height\":280,\"caption\":\"dez perguntas do MAM Educativo para a media\\u00e7\\u00e3o cultural\"},\"primaryImageOfPage\":{\"@id\":\"https:\\\/\\\/www.encontrabomretiro.com.br\\\/sobre\\\/dez-perguntas-do-mam-educativo-para-a-mediacao-cultural\\\/#mainImage\"},\"datePublished\":\"2026-07-15T14:02:02-02:00\",\"dateModified\":\"2026-07-15T14:02:02-02:00\"},{\"@type\":\"WebSite\",\"@id\":\"https:\\\/\\\/www.encontrabomretiro.com.br\\\/sobre\\\/#website\",\"url\":\"https:\\\/\\\/www.encontrabomretiro.com.br\\\/sobre\\\/\",\"name\":\"Encontra Bom Retiro\",\"description\":\"Not\\u00edcias, eventos, informa\\u00e7\\u00f5es e dicas no bairro do Bom Retiro e regi\\u00e3o.\",\"inLanguage\":\"pt-BR\",\"publisher\":{\"@id\":\"https:\\\/\\\/www.encontrabomretiro.com.br\\\/sobre\\\/#organization\"}}]}\n\t\t<\/script>\n\t\t<!-- All in One SEO -->\n\n","aioseo_head_json":{"title":"Dez perguntas do MAM Educativo para a media\u00e7\u00e3o cultural | Encontra Bom Retiro","description":"Dez perguntas do MAM Educativo que v\u00e3o enriquecer sua media\u00e7\u00e3o cultural.","canonical_url":"https:\/\/www.encontrabomretiro.com.br\/sobre\/dez-perguntas-do-mam-educativo-para-a-mediacao-cultural\/","robots":"max-image-preview:large","keywords":"","webmasterTools":{"miscellaneous":""},"schema":{"@context":"https:\/\/schema.org","@graph":[{"@type":"Article","@id":"https:\/\/www.encontrabomretiro.com.br\/sobre\/dez-perguntas-do-mam-educativo-para-a-mediacao-cultural\/#article","name":"Dez perguntas do MAM Educativo para a media\u00e7\u00e3o cultural | Encontra Bom Retiro","headline":"Dez perguntas do MAM Educativo para a media\u00e7\u00e3o cultural","author":{"@id":"https:\/\/www.encontrabomretiro.com.br\/sobre\/author\/ebomretiro\/#author"},"publisher":{"@id":"https:\/\/www.encontrabomretiro.com.br\/sobre\/#organization"},"image":{"@type":"ImageObject","url":"https:\/\/www.encontrabomretiro.com.br\/sobre\/wp-content\/uploads\/2026\/07\/dez-perguntas-do-mam-educativo-para-a-mediacao-cultural.webp","width":280,"height":280,"caption":"dez perguntas do MAM Educativo para a media\u00e7\u00e3o cultural"},"datePublished":"2026-07-15T14:02:02-02:00","dateModified":"2026-07-15T14:02:02-02:00","inLanguage":"pt-BR","mainEntityOfPage":{"@id":"https:\/\/www.encontrabomretiro.com.br\/sobre\/dez-perguntas-do-mam-educativo-para-a-mediacao-cultural\/#webpage"},"isPartOf":{"@id":"https:\/\/www.encontrabomretiro.com.br\/sobre\/dez-perguntas-do-mam-educativo-para-a-mediacao-cultural\/#webpage"},"articleSection":"Cultura Bom Retiro"},{"@type":"BreadcrumbList","@id":"https:\/\/www.encontrabomretiro.com.br\/sobre\/dez-perguntas-do-mam-educativo-para-a-mediacao-cultural\/#breadcrumblist","itemListElement":[{"@type":"ListItem","@id":"https:\/\/www.encontrabomretiro.com.br\/sobre#listItem","position":1,"name":"Dom\u00e9stica","item":"https:\/\/www.encontrabomretiro.com.br\/sobre","nextItem":{"@type":"ListItem","@id":"https:\/\/www.encontrabomretiro.com.br\/sobre\/cultura-no-bom-retiro\/#listItem","name":"Cultura Bom Retiro"}},{"@type":"ListItem","@id":"https:\/\/www.encontrabomretiro.com.br\/sobre\/cultura-no-bom-retiro\/#listItem","position":2,"name":"Cultura Bom Retiro","item":"https:\/\/www.encontrabomretiro.com.br\/sobre\/cultura-no-bom-retiro\/","nextItem":{"@type":"ListItem","@id":"https:\/\/www.encontrabomretiro.com.br\/sobre\/dez-perguntas-do-mam-educativo-para-a-mediacao-cultural\/#listItem","name":"Dez perguntas do MAM Educativo para a media\u00e7\u00e3o cultural"},"previousItem":{"@type":"ListItem","@id":"https:\/\/www.encontrabomretiro.com.br\/sobre#listItem","name":"Dom\u00e9stica"}},{"@type":"ListItem","@id":"https:\/\/www.encontrabomretiro.com.br\/sobre\/dez-perguntas-do-mam-educativo-para-a-mediacao-cultural\/#listItem","position":3,"name":"Dez perguntas do MAM Educativo para a media\u00e7\u00e3o cultural","previousItem":{"@type":"ListItem","@id":"https:\/\/www.encontrabomretiro.com.br\/sobre\/cultura-no-bom-retiro\/#listItem","name":"Cultura Bom Retiro"}}]},{"@type":"Organization","@id":"https:\/\/www.encontrabomretiro.com.br\/sobre\/#organization","name":"Encontra Bom Retiro","description":"Not\u00edcias, eventos, informa\u00e7\u00f5es e dicas no bairro do Bom Retiro e regi\u00e3o.","url":"https:\/\/www.encontrabomretiro.com.br\/sobre\/"},{"@type":"Person","@id":"https:\/\/www.encontrabomretiro.com.br\/sobre\/author\/ebomretiro\/#author","url":"https:\/\/www.encontrabomretiro.com.br\/sobre\/author\/ebomretiro\/","name":"Encontra Bom Retiro","image":{"@type":"ImageObject","@id":"https:\/\/www.encontrabomretiro.com.br\/sobre\/dez-perguntas-do-mam-educativo-para-a-mediacao-cultural\/#authorImage","url":"https:\/\/secure.gravatar.com\/avatar\/507340682b8270222e1f208e23198b6ae7e2c6a1033ae84e99bc6bce4f82a387?s=96&d=mm&r=g","width":96,"height":96,"caption":"Encontra Bom Retiro"}},{"@type":"WebPage","@id":"https:\/\/www.encontrabomretiro.com.br\/sobre\/dez-perguntas-do-mam-educativo-para-a-mediacao-cultural\/#webpage","url":"https:\/\/www.encontrabomretiro.com.br\/sobre\/dez-perguntas-do-mam-educativo-para-a-mediacao-cultural\/","name":"Dez perguntas do MAM Educativo para a media\u00e7\u00e3o cultural | Encontra Bom Retiro","description":"Dez perguntas do MAM Educativo que v\u00e3o enriquecer sua media\u00e7\u00e3o cultural.","inLanguage":"pt-BR","isPartOf":{"@id":"https:\/\/www.encontrabomretiro.com.br\/sobre\/#website"},"breadcrumb":{"@id":"https:\/\/www.encontrabomretiro.com.br\/sobre\/dez-perguntas-do-mam-educativo-para-a-mediacao-cultural\/#breadcrumblist"},"author":{"@id":"https:\/\/www.encontrabomretiro.com.br\/sobre\/author\/ebomretiro\/#author"},"creator":{"@id":"https:\/\/www.encontrabomretiro.com.br\/sobre\/author\/ebomretiro\/#author"},"image":{"@type":"ImageObject","url":"https:\/\/www.encontrabomretiro.com.br\/sobre\/wp-content\/uploads\/2026\/07\/dez-perguntas-do-mam-educativo-para-a-mediacao-cultural.webp","@id":"https:\/\/www.encontrabomretiro.com.br\/sobre\/dez-perguntas-do-mam-educativo-para-a-mediacao-cultural\/#mainImage","width":280,"height":280,"caption":"dez perguntas do MAM Educativo para a media\u00e7\u00e3o cultural"},"primaryImageOfPage":{"@id":"https:\/\/www.encontrabomretiro.com.br\/sobre\/dez-perguntas-do-mam-educativo-para-a-mediacao-cultural\/#mainImage"},"datePublished":"2026-07-15T14:02:02-02:00","dateModified":"2026-07-15T14:02:02-02:00"},{"@type":"WebSite","@id":"https:\/\/www.encontrabomretiro.com.br\/sobre\/#website","url":"https:\/\/www.encontrabomretiro.com.br\/sobre\/","name":"Encontra Bom Retiro","description":"Not\u00edcias, eventos, informa\u00e7\u00f5es e dicas no bairro do Bom Retiro e regi\u00e3o.","inLanguage":"pt-BR","publisher":{"@id":"https:\/\/www.encontrabomretiro.com.br\/sobre\/#organization"}}]},"og:locale":"pt_BR","og:site_name":"Encontra Bom Retiro | Not\u00edcias, eventos, informa\u00e7\u00f5es e dicas no bairro do Bom Retiro e regi\u00e3o.","og:type":"article","og:title":"Dez perguntas do MAM Educativo para a media\u00e7\u00e3o cultural | Encontra Bom Retiro","og:description":"Dez perguntas do MAM Educativo que v\u00e3o enriquecer sua media\u00e7\u00e3o cultural.","og:url":"https:\/\/www.encontrabomretiro.com.br\/sobre\/dez-perguntas-do-mam-educativo-para-a-mediacao-cultural\/","article:published_time":"2026-07-15T16:02:02+00:00","article:modified_time":"2026-07-15T16:02:02+00:00","twitter:card":"summary_large_image","twitter:title":"Dez perguntas do MAM Educativo para a media\u00e7\u00e3o cultural | Encontra Bom Retiro","twitter:description":"Dez perguntas do MAM Educativo que v\u00e3o enriquecer sua media\u00e7\u00e3o cultural."},"aioseo_meta_data":{"post_id":"3112","title":null,"description":null,"keywords":null,"keyphrases":null,"primary_term":null,"canonical_url":null,"og_title":null,"og_description":null,"og_object_type":"default","og_image_type":"default","og_image_url":null,"og_image_width":null,"og_image_height":null,"og_image_custom_url":null,"og_image_custom_fields":null,"og_video":null,"og_custom_url":null,"og_article_section":null,"og_article_tags":null,"twitter_use_og":false,"twitter_card":"default","twitter_image_type":"default","twitter_image_url":null,"twitter_image_custom_url":null,"twitter_image_custom_fields":null,"twitter_title":null,"twitter_description":null,"schema":{"blockGraphs":[],"customGraphs":[],"default":{"data":{"Article":[],"Course":[],"Dataset":[],"FAQPage":[],"Movie":[],"Person":[],"Product":[],"ProductReview":[],"Car":[],"Recipe":[],"Service":[],"SoftwareApplication":[],"WebPage":[]},"graphName":"Article","isEnabled":true},"graphs":[]},"schema_type":"default","schema_type_options":null,"pillar_content":false,"robots_default":true,"robots_noindex":false,"robots_noarchive":false,"robots_nosnippet":false,"robots_nofollow":false,"robots_noimageindex":false,"robots_noodp":false,"robots_notranslate":false,"robots_max_snippet":null,"robots_max_videopreview":null,"robots_max_imagepreview":"large","priority":null,"frequency":null,"local_seo":null,"breadcrumb_settings":null,"limit_modified_date":false,"ai":null,"created":"2026-07-15 16:02:04","updated":"2026-07-15 16:04:48","focus_keyword":null,"additional_keywords":null,"truseo_locale":null,"seo_analyzer_scan_date":null},"aioseo_breadcrumb":"<div class=\"aioseo-breadcrumbs\"><span class=\"aioseo-breadcrumb\">\n\t\t\t<a href=\"https:\/\/www.encontrabomretiro.com.br\/sobre\" title=\"Dom\u00e9stica\">Dom\u00e9stica<\/a>\n\t\t<\/span><span class=\"aioseo-breadcrumb-separator\">&raquo;<\/span><span class=\"aioseo-breadcrumb\">\n\t\t\t<a href=\"https:\/\/www.encontrabomretiro.com.br\/sobre\/cultura-no-bom-retiro\/\" title=\"Cultura Bom Retiro\">Cultura Bom Retiro<\/a>\n\t\t<\/span><span class=\"aioseo-breadcrumb-separator\">&raquo;<\/span><span class=\"aioseo-breadcrumb\">\n\t\t\tDez perguntas do MAM Educativo para a media\u00e7\u00e3o cultural\n\t\t<\/span><\/div>","aioseo_breadcrumb_json":[{"label":"Dom\u00e9stica","link":"https:\/\/www.encontrabomretiro.com.br\/sobre"},{"label":"Cultura Bom Retiro","link":"https:\/\/www.encontrabomretiro.com.br\/sobre\/cultura-no-bom-retiro\/"},{"label":"Dez perguntas do MAM Educativo para a media\u00e7\u00e3o cultural","link":"https:\/\/www.encontrabomretiro.com.br\/sobre\/dez-perguntas-do-mam-educativo-para-a-mediacao-cultural\/"}],"_links":{"self":[{"href":"https:\/\/www.encontrabomretiro.com.br\/sobre\/wp-json\/wp\/v2\/posts\/3112","targetHints":{"allow":["GET"]}}],"collection":[{"href":"https:\/\/www.encontrabomretiro.com.br\/sobre\/wp-json\/wp\/v2\/posts"}],"about":[{"href":"https:\/\/www.encontrabomretiro.com.br\/sobre\/wp-json\/wp\/v2\/types\/post"}],"author":[{"embeddable":true,"href":"https:\/\/www.encontrabomretiro.com.br\/sobre\/wp-json\/wp\/v2\/users\/1"}],"replies":[{"embeddable":true,"href":"https:\/\/www.encontrabomretiro.com.br\/sobre\/wp-json\/wp\/v2\/comments?post=3112"}],"version-history":[{"count":0,"href":"https:\/\/www.encontrabomretiro.com.br\/sobre\/wp-json\/wp\/v2\/posts\/3112\/revisions"}],"wp:featuredmedia":[{"embeddable":true,"href":"https:\/\/www.encontrabomretiro.com.br\/sobre\/wp-json\/wp\/v2\/media\/3111"}],"wp:attachment":[{"href":"https:\/\/www.encontrabomretiro.com.br\/sobre\/wp-json\/wp\/v2\/media?parent=3112"}],"wp:term":[{"taxonomy":"category","embeddable":true,"href":"https:\/\/www.encontrabomretiro.com.br\/sobre\/wp-json\/wp\/v2\/categories?post=3112"},{"taxonomy":"post_tag","embeddable":true,"href":"https:\/\/www.encontrabomretiro.com.br\/sobre\/wp-json\/wp\/v2\/tags?post=3112"}],"curies":[{"name":"wp","href":"https:\/\/api.w.org\/{rel}","templated":true}]}}