{"id":3110,"date":"2026-07-15T03:57:08","date_gmt":"2026-07-15T05:57:08","guid":{"rendered":"https:\/\/www.encontrabomretiro.com.br\/sobre\/%f0%9f%8c%9f-ritmos-que-cruzam-estradas-a-jornada-musical-da-banda-de-pau-e-corda-em-julho-%f0%9f%8e%b6\/"},"modified":"2026-07-15T03:57:08","modified_gmt":"2026-07-15T05:57:08","slug":"%f0%9f%8c%9f-ritmos-que-cruzam-estradas-a-jornada-musical-da-banda-de-pau-e-corda-em-julho-%f0%9f%8e%b6","status":"publish","type":"post","link":"https:\/\/www.encontrabomretiro.com.br\/sobre\/%f0%9f%8c%9f-ritmos-que-cruzam-estradas-a-jornada-musical-da-banda-de-pau-e-corda-em-julho-%f0%9f%8e%b6\/","title":{"rendered":"\ud83c\udf1f Ritmos que cruzam estradas: a jornada musical da Banda de Pau e Corda em julho \ud83c\udfb6"},"content":{"rendered":"<div class=\"228b65ae207de3c5c501cfe75875708b\" data-index=\"1\" style=\"float: none; margin:0px;\">\n<!-- Anuncio display - global -->\r\n<ins class=\"adsbygoogle\"\r\n     style=\"display:block\"\r\n     data-ad-client=\"ca-pub-8585364105181520\"\r\n     data-ad-slot=\"8789329856\"\r\n     data-ad-format=\"auto\"\r\n     data-full-width-responsive=\"true\"><\/ins>\r\n<script>\r\n     (adsbygoogle = window.adsbygoogle || []).push({});\r\n<\/script>\n<\/div>\n<h2>A origem da Banda de Pau e Corda<\/h2>\n<p>A Banda de Pau e Corda \u00e9 um dos grupos mais ic\u00f4nicos da m\u00fasica popular brasileira, destacado por sua conex\u00e3o com as tradi\u00e7\u00f5es culturais do Brasil. Formada h\u00e1 mais de tr\u00eas d\u00e9cadas, a banda \u00e9 conhecida por sua fus\u00e3o de ritmos aut\u00eanticos, com uma sonoridade que remete \u00e0 viola caipira e \u00e0 m\u00fasica nordestina, muito apreciada em v\u00e1rias partes do pa\u00eds.<\/p>\n<p>O nome &#8220;Banda de Pau e Corda&#8221; \u00e9 uma refer\u00eancia ao instrumento que d\u00e1 vida a suas can\u00e7\u00f5es, simbolizando a ess\u00eancia cultural que a banda representa. Os membros do grupo sempre buscaram n\u00e3o apenas entreter, mas tamb\u00e9m preservar e divulgar a rica heran\u00e7a musical brasileira, promovendo eventos que atendem tanto \u00e0 mem\u00f3ria coletiva quanto \u00e0 inova\u00e7\u00e3o no cen\u00e1rio musical.<\/p>\n<h2>Os eventos marcantes de julho<\/h2>\n<p>Em julho, a Banda de Pau e Corda prepara uma s\u00e9rie de apresenta\u00e7\u00f5es que prometem conectar ainda mais o grupo com o seu p\u00fablico. Com um itiner\u00e1rio que vai de Minas Gerais a S\u00e3o Paulo, as performances oferecem um vislumbre da tradi\u00e7\u00e3o musical e da intera\u00e7\u00e3o entre artistas e espectadores. Nesse m\u00eas movimentado, eles participar\u00e3o de festivais e shows em locais emblem\u00e1ticos, proporcionando uma experi\u00eancia \u00fanica tanto para os novatos quanto para os admiradores de longa data.<\/p>\n<p><img decoding=\"async\" src=\"https:\/\/www.encontrabomretiro.com.br\/sobre\/wp-content\/uploads\/2026\/07\/ritmos-que-cruzam-estradas-a-jornada-musical-da-banda-de-pau-e-corda-em-julho.webp\" alt=\"Banda de Pau e Corda\" loading=\"lazy\" \/><\/p>\n<p>Uma das datas mais esperadas \u00e9 o <strong>Festival de Viola de Piacatuba<\/strong> em Leopoldina (MG), onde a banda ser\u00e1 o destaque da noite. Este festival \u00e9 not\u00f3rio por celebrar riquezas culturais locais, fazendo uma homenagem especial \u00e0s tradi\u00e7\u00f5es folcl\u00f3ricas. Nesse contexto, a presen\u00e7a da banda se torna um marco importante, refletindo sua longa trajet\u00f3ria de homenagem \u00e0 m\u00fasica de raiz.<\/p>\n<h2>Participa\u00e7\u00f5es e colabora\u00e7\u00f5es especiais<\/h2>\n<p>A intera\u00e7\u00e3o com outros artistas tamb\u00e9m \u00e9 um aspecto marcante nas apresenta\u00e7\u00f5es da Banda de Pau e Corda. Nos dias 25 e 26 de julho, eles se apresentar\u00e3o no <strong>Sesc Bom Retiro<\/strong>, em S\u00e3o Paulo, ao lado de <strong>Xangai<\/strong>, um \u00edcone da m\u00fasica nordestina. A colabora\u00e7\u00e3o entre os dois promete gerar memor\u00e1veis momentos musicais, unindo suas trajet\u00f3rias de forma que amplifica a reverbera\u00e7\u00e3o da cultura popular. Essa conex\u00e3o de talentos permite a troca de experi\u00eancias e inspira\u00e7\u00f5es, enriquecendo ainda mais o repert\u00f3rio dos artistas.<\/p>\n<h2>A import\u00e2ncia da cultura popular<\/h2>\n<p>A Banda de Pau e Corda atua como um guardi\u00e3o das tradi\u00e7\u00f5es culturais brasileiras. Atrav\u00e9s da m\u00fasica, eles transmitem a riqueza das hist\u00f3rias e das experi\u00eancias vividas por diferentes grupos sociais. O grupo se v\u00ea como um embaixador da tradi\u00e7\u00e3o, procurando resgatar e preservar a identidade cultural do Brasil em suas can\u00e7\u00f5es. A m\u00fasica n\u00e3o \u00e9 apenas uma forma de entretenimento, mas tamb\u00e9m uma maneira de contar hist\u00f3rias e preservar mem\u00f3rias.<\/p>\n<p>Durante suas apresenta\u00e7\u00f5es, o grupo frequentemente incorpora elementos que homenageiam figuras ic\u00f4nicas da m\u00fasica brasileira e destaca g\u00eaneros como o forr\u00f3, a m\u00fasica de raiz e a m\u00fasica caipira. A arte deles tem autenticidade e um car\u00e1ter educativo que busca despertar no p\u00fablico um sentimento de pertencimento e conex\u00e3o com suas ra\u00edzes.<\/p>\n<h2>A conex\u00e3o com o p\u00fablico<\/h2>\n<p>Um dos elementos que mais se destacam nas performances da Banda de Pau e Corda \u00e9 a sua habilidade de criar uma atmosfera de proximidade com os espectadores. Eles estimulam a participa\u00e7\u00e3o do p\u00fablico, fazendo com que todos se sintam parte do show. Os integrantes utilizam estrat\u00e9gias de intera\u00e7\u00e3o que v\u00e3o desde convites para cantar juntos at\u00e9 contar hist\u00f3rias que cativam e conectam todos na sala.<\/p>\n<p>Esse relacionamento com o p\u00fablico \u00e9 vital para o sucesso da banda. No fim das contas, s\u00e3o os f\u00e3s que ajudam a moldar a identidade da Banda de Pau e Corda com suas hist\u00f3rias e viv\u00eancias compartilhadas. Por isso, a empatia \u00e9 um ingrediente essencial que permeia as apresenta\u00e7\u00f5es e permite que la\u00e7os sejam formados entre os artistas e a plateia.<\/p>\n<h2>Impacto da m\u00fasica brasileira<\/h2>\n<p>A m\u00fasica brasileira \u00e9 reconhecida mundialmente por sua diversidade e riqueza. A Banda de Pau e Corda \u00e9 um exemplo perfeito de como os ritmos e as sonoridades podem ser utilizados para unir pessoas e romper barreiras culturais. A influ\u00eancia que a banda exerce n\u00e3o se limita apenas a um estilo musical, mas alcan\u00e7a tamb\u00e9m quest\u00f5es sociais e identit\u00e1rias.<\/p>\n<p>Por meio de suas can\u00e7\u00f5es, eles questionam e refletem sobre realidades sociais, abordam temas relevantes e, ao mesmo tempo, oferecem momentos de alegria e celebra\u00e7\u00e3o. As can\u00e7\u00f5es da banda t\u00eam a capacidade de ressoar na vida cotidiana das pessoas, criando um impacto que se estende bem al\u00e9m do ambiente dos shows.<\/p>\n<h2>Celebrando tradi\u00e7\u00f5es em festival<\/h2>\n<p>Os festivais t\u00eam um significado especial para a Banda de Pau e Corda. Esses eventos n\u00e3o s\u00e3o apenas uma oportunidade para se apresentar; s\u00e3o uma celebra\u00e7\u00e3o da cultura e da identidade nacional. Em festivais como o Festival de Viola de Piacatuba, a banda n\u00e3o s\u00f3 se apresenta, mas participa ativamente de uma rede de artistas e tradutores da cultura popular, refor\u00e7ando a import\u00e2ncia desses encontros.<\/p>\n<p>A participa\u00e7\u00e3o nesses eventos \u00e9 um reconhecimento do rico emaranhado cultural que o Brasil possui, permitindo que as novas gera\u00e7\u00f5es tamb\u00e9m tenham acesso a essas tradi\u00e7\u00f5es. Al\u00e9m disso, a troca entre artistas e p\u00fablico nos festivais traz uma nova din\u00e2mica \u00e0s apresenta\u00e7\u00f5es, criando um ciclo onde a cultura \u00e9 constantemente revitalizada.<\/p>\n<h2>Palcos que enaltecem a sonoridade<\/h2>\n<p>Os palcos em que a Banda de Pau e Corda se apresenta s\u00e3o meticulosamente escolhidos por sua relev\u00e2ncia cultural e pelo tipo de audi\u00eancia que atraem. Lugares como o Sesc Bom Retiro em S\u00e3o Paulo proporcionam n\u00e3o apenas uma estrutura f\u00edsica para os shows, mas tamb\u00e9m uma conex\u00e3o com um p\u00fablico que aprecia e valoriza a arte genu\u00edna.<\/p>\n<p>Este espa\u00e7o \u00e9 prop\u00edcio para a intera\u00e7\u00e3o e o envolvimento comunit\u00e1rio, refor\u00e7ando a ideia de que a m\u00fasica \u00e9 uma linguagem universal que tem o poder de impactar vidas. Os palcos se tornam, assim, verdadeiros pontos de celebra\u00e7\u00e3o, onde as hist\u00f3rias e a sonoridade da banda podem ser apreciadas e compartilhadas.<\/p>\n<h2>Hist\u00f3rias que as can\u00e7\u00f5es contam<\/h2>\n<p>A musicalidade da Banda de Pau e Corda vai al\u00e9m das melodias; suas letras narram hist\u00f3rias que refletem as viv\u00eancias dos brasileiros. Cada can\u00e7\u00e3o \u00e9 um conto singular que fala sobre amor, luta, celebra\u00e7\u00e3o e saudade. Esse car\u00e1ter narrativo \u00e9 fundamental para entender a ess\u00eancia da m\u00fasica da banda.<\/p>\n<p>As letras frequentemente abordam elementos da vida cotidiana, apresentando quest\u00f5es sociais e tem\u00e1ticas que representam uma cr\u00edtica \u00e0 realidade. Assim, as can\u00e7\u00f5es n\u00e3o apenas entret\u00eam, mas tamb\u00e9m provocam reflex\u00e3o e empatia no p\u00fablico, permitindo que cada ouvinte se identifique com as hist\u00f3rias apresentadas.<\/p>\n<h2>Expectativas para o futuro da banda<\/h2>\n<p>Com uma agenda repleta de eventos e um legado cultural consolidado, as expectativas para o futuro da Banda de Pau e Corda s\u00e3o promissoras. O grupo continua a explorar novas parcerias, expandir seu p\u00fablico e permanecer fiel \u00e0 sua ess\u00eancia musical. A busca por novos sonoridades e o desejo de inova\u00e7\u00e3o pode abrir portas para colabora\u00e7\u00f5es inesperadas e projetos que ir\u00e3o enriquecer ainda mais sua j\u00e1 rica trajet\u00f3ria.<\/p>\n<p>Os f\u00e3s aguardam com entusiasmo as novidades que est\u00e3o por vir, na certeza de que a Banda de Pau e Corda ter\u00e1 sempre algo a mais a oferecer. As promessas de novos \u00e1lbuns, participa\u00e7\u00f5es em festivais e a continuidade da preserva\u00e7\u00e3o da cultura popular ser\u00e3o os pilares que continuar\u00e3o a sustentar a verdade dessa banda ic\u00f4nica no cen\u00e1rio musical.<\/p>\n\n<div style=\"font-size: 0px; height: 0px; line-height: 0px; margin: 0; padding: 0; clear: both;\"><\/div>","protected":false},"excerpt":{"rendered":"<p>Ritmos que cruzam estradas: a Banda de Pau e Corda se destaca em julho.<\/p>\n","protected":false},"author":1,"featured_media":3109,"comment_status":"open","ping_status":"closed","sticky":false,"template":"","format":"standard","meta":{"footnotes":""},"categories":[9],"tags":[],"class_list":["post-3110","post","type-post","status-publish","format-standard","has-post-thumbnail","hentry","category-shows-no-bom-retiro","has_thumb"],"aioseo_notices":[],"aioseo_head":"\n\t\t<!-- All in One SEO 5.0.0.1 - aioseo.com -->\n\t<meta name=\"description\" content=\"Ritmos que cruzam estradas: a Banda de Pau e Corda se destaca em julho.\" \/>\n\t<meta name=\"robots\" content=\"max-image-preview:large\" \/>\n\t<meta name=\"author\" content=\"Encontra Bom Retiro\"\/>\n\t<link rel=\"canonical\" href=\"https:\/\/www.encontrabomretiro.com.br\/sobre\/%f0%9f%8c%9f-ritmos-que-cruzam-estradas-a-jornada-musical-da-banda-de-pau-e-corda-em-julho-%f0%9f%8e%b6\/\" \/>\n\t<meta name=\"generator\" content=\"All in One SEO (AIOSEO) 5.0.0.1\" \/>\n\t\t<meta property=\"og:locale\" content=\"pt_BR\" \/>\n\t\t<meta property=\"og:site_name\" content=\"Encontra Bom Retiro | Not\u00edcias, eventos, informa\u00e7\u00f5es e dicas no bairro do Bom Retiro e regi\u00e3o.\" \/>\n\t\t<meta property=\"og:type\" content=\"article\" \/>\n\t\t<meta property=\"og:title\" content=\"\ud83c\udf1f Ritmos que cruzam estradas: a jornada musical da Banda de Pau e Corda em julho \ud83c\udfb6 | Encontra Bom Retiro\" \/>\n\t\t<meta property=\"og:description\" content=\"Ritmos que cruzam estradas: a Banda de Pau e Corda se destaca em julho.\" \/>\n\t\t<meta property=\"og:url\" content=\"https:\/\/www.encontrabomretiro.com.br\/sobre\/%f0%9f%8c%9f-ritmos-que-cruzam-estradas-a-jornada-musical-da-banda-de-pau-e-corda-em-julho-%f0%9f%8e%b6\/\" \/>\n\t\t<meta property=\"article:published_time\" content=\"2026-07-15T05:57:08+00:00\" \/>\n\t\t<meta property=\"article:modified_time\" content=\"2026-07-15T05:57:08+00:00\" \/>\n\t\t<meta name=\"twitter:card\" content=\"summary_large_image\" \/>\n\t\t<meta name=\"twitter:title\" content=\"\ud83c\udf1f Ritmos que cruzam estradas: a jornada musical da Banda de Pau e Corda em julho \ud83c\udfb6 | Encontra Bom Retiro\" \/>\n\t\t<meta name=\"twitter:description\" content=\"Ritmos que cruzam estradas: a Banda de Pau e Corda se destaca em julho.\" \/>\n\t\t<script type=\"application\/ld+json\" class=\"aioseo-schema\">\n\t\t\t{\"@context\":\"https:\\\/\\\/schema.org\",\"@graph\":[{\"@type\":\"Article\",\"@id\":\"https:\\\/\\\/www.encontrabomretiro.com.br\\\/sobre\\\/%f0%9f%8c%9f-ritmos-que-cruzam-estradas-a-jornada-musical-da-banda-de-pau-e-corda-em-julho-%f0%9f%8e%b6\\\/#article\",\"name\":\"\\ud83c\\udf1f Ritmos que cruzam estradas: a jornada musical da Banda de Pau e Corda em julho \\ud83c\\udfb6 | Encontra Bom Retiro\",\"headline\":\"\\ud83c\\udf1f Ritmos que cruzam estradas: a jornada musical da Banda de Pau e Corda em julho \\ud83c\\udfb6\",\"author\":{\"@id\":\"https:\\\/\\\/www.encontrabomretiro.com.br\\\/sobre\\\/author\\\/ebomretiro\\\/#author\"},\"publisher\":{\"@id\":\"https:\\\/\\\/www.encontrabomretiro.com.br\\\/sobre\\\/#organization\"},\"image\":{\"@type\":\"ImageObject\",\"url\":\"https:\\\/\\\/www.encontrabomretiro.com.br\\\/sobre\\\/wp-content\\\/uploads\\\/2026\\\/07\\\/ritmos-que-cruzam-estradas-a-jornada-musical-da-banda-de-pau-e-corda-em-julho.webp\",\"width\":280,\"height\":280,\"caption\":\"Banda de Pau e Corda\"},\"datePublished\":\"2026-07-15T03:57:08-02:00\",\"dateModified\":\"2026-07-15T03:57:08-02:00\",\"inLanguage\":\"pt-BR\",\"mainEntityOfPage\":{\"@id\":\"https:\\\/\\\/www.encontrabomretiro.com.br\\\/sobre\\\/%f0%9f%8c%9f-ritmos-que-cruzam-estradas-a-jornada-musical-da-banda-de-pau-e-corda-em-julho-%f0%9f%8e%b6\\\/#webpage\"},\"isPartOf\":{\"@id\":\"https:\\\/\\\/www.encontrabomretiro.com.br\\\/sobre\\\/%f0%9f%8c%9f-ritmos-que-cruzam-estradas-a-jornada-musical-da-banda-de-pau-e-corda-em-julho-%f0%9f%8e%b6\\\/#webpage\"},\"articleSection\":\"Shows Bom Retiro\"},{\"@type\":\"BreadcrumbList\",\"@id\":\"https:\\\/\\\/www.encontrabomretiro.com.br\\\/sobre\\\/%f0%9f%8c%9f-ritmos-que-cruzam-estradas-a-jornada-musical-da-banda-de-pau-e-corda-em-julho-%f0%9f%8e%b6\\\/#breadcrumblist\",\"itemListElement\":[{\"@type\":\"ListItem\",\"@id\":\"https:\\\/\\\/www.encontrabomretiro.com.br\\\/sobre#listItem\",\"position\":1,\"name\":\"Dom\\u00e9stica\",\"item\":\"https:\\\/\\\/www.encontrabomretiro.com.br\\\/sobre\",\"nextItem\":{\"@type\":\"ListItem\",\"@id\":\"https:\\\/\\\/www.encontrabomretiro.com.br\\\/sobre\\\/shows-no-bom-retiro\\\/#listItem\",\"name\":\"Shows Bom Retiro\"}},{\"@type\":\"ListItem\",\"@id\":\"https:\\\/\\\/www.encontrabomretiro.com.br\\\/sobre\\\/shows-no-bom-retiro\\\/#listItem\",\"position\":2,\"name\":\"Shows Bom Retiro\",\"item\":\"https:\\\/\\\/www.encontrabomretiro.com.br\\\/sobre\\\/shows-no-bom-retiro\\\/\",\"nextItem\":{\"@type\":\"ListItem\",\"@id\":\"https:\\\/\\\/www.encontrabomretiro.com.br\\\/sobre\\\/%f0%9f%8c%9f-ritmos-que-cruzam-estradas-a-jornada-musical-da-banda-de-pau-e-corda-em-julho-%f0%9f%8e%b6\\\/#listItem\",\"name\":\"\\ud83c\\udf1f Ritmos que cruzam estradas: a jornada musical da Banda de Pau e Corda em julho \\ud83c\\udfb6\"},\"previousItem\":{\"@type\":\"ListItem\",\"@id\":\"https:\\\/\\\/www.encontrabomretiro.com.br\\\/sobre#listItem\",\"name\":\"Dom\\u00e9stica\"}},{\"@type\":\"ListItem\",\"@id\":\"https:\\\/\\\/www.encontrabomretiro.com.br\\\/sobre\\\/%f0%9f%8c%9f-ritmos-que-cruzam-estradas-a-jornada-musical-da-banda-de-pau-e-corda-em-julho-%f0%9f%8e%b6\\\/#listItem\",\"position\":3,\"name\":\"\\ud83c\\udf1f Ritmos que cruzam estradas: a jornada musical da Banda de Pau e Corda em julho \\ud83c\\udfb6\",\"previousItem\":{\"@type\":\"ListItem\",\"@id\":\"https:\\\/\\\/www.encontrabomretiro.com.br\\\/sobre\\\/shows-no-bom-retiro\\\/#listItem\",\"name\":\"Shows Bom Retiro\"}}]},{\"@type\":\"Organization\",\"@id\":\"https:\\\/\\\/www.encontrabomretiro.com.br\\\/sobre\\\/#organization\",\"name\":\"Encontra Bom Retiro\",\"description\":\"Not\\u00edcias, eventos, informa\\u00e7\\u00f5es e dicas no bairro do Bom Retiro e regi\\u00e3o.\",\"url\":\"https:\\\/\\\/www.encontrabomretiro.com.br\\\/sobre\\\/\"},{\"@type\":\"Person\",\"@id\":\"https:\\\/\\\/www.encontrabomretiro.com.br\\\/sobre\\\/author\\\/ebomretiro\\\/#author\",\"url\":\"https:\\\/\\\/www.encontrabomretiro.com.br\\\/sobre\\\/author\\\/ebomretiro\\\/\",\"name\":\"Encontra Bom Retiro\",\"image\":{\"@type\":\"ImageObject\",\"@id\":\"https:\\\/\\\/www.encontrabomretiro.com.br\\\/sobre\\\/%f0%9f%8c%9f-ritmos-que-cruzam-estradas-a-jornada-musical-da-banda-de-pau-e-corda-em-julho-%f0%9f%8e%b6\\\/#authorImage\",\"url\":\"https:\\\/\\\/secure.gravatar.com\\\/avatar\\\/507340682b8270222e1f208e23198b6ae7e2c6a1033ae84e99bc6bce4f82a387?s=96&d=mm&r=g\",\"width\":96,\"height\":96,\"caption\":\"Encontra Bom Retiro\"}},{\"@type\":\"WebPage\",\"@id\":\"https:\\\/\\\/www.encontrabomretiro.com.br\\\/sobre\\\/%f0%9f%8c%9f-ritmos-que-cruzam-estradas-a-jornada-musical-da-banda-de-pau-e-corda-em-julho-%f0%9f%8e%b6\\\/#webpage\",\"url\":\"https:\\\/\\\/www.encontrabomretiro.com.br\\\/sobre\\\/%f0%9f%8c%9f-ritmos-que-cruzam-estradas-a-jornada-musical-da-banda-de-pau-e-corda-em-julho-%f0%9f%8e%b6\\\/\",\"name\":\"\\ud83c\\udf1f Ritmos que cruzam estradas: a jornada musical da Banda de Pau e Corda em julho \\ud83c\\udfb6 | Encontra Bom Retiro\",\"description\":\"Ritmos que cruzam estradas: a Banda de Pau e Corda se destaca em julho.\",\"inLanguage\":\"pt-BR\",\"isPartOf\":{\"@id\":\"https:\\\/\\\/www.encontrabomretiro.com.br\\\/sobre\\\/#website\"},\"breadcrumb\":{\"@id\":\"https:\\\/\\\/www.encontrabomretiro.com.br\\\/sobre\\\/%f0%9f%8c%9f-ritmos-que-cruzam-estradas-a-jornada-musical-da-banda-de-pau-e-corda-em-julho-%f0%9f%8e%b6\\\/#breadcrumblist\"},\"author\":{\"@id\":\"https:\\\/\\\/www.encontrabomretiro.com.br\\\/sobre\\\/author\\\/ebomretiro\\\/#author\"},\"creator\":{\"@id\":\"https:\\\/\\\/www.encontrabomretiro.com.br\\\/sobre\\\/author\\\/ebomretiro\\\/#author\"},\"image\":{\"@type\":\"ImageObject\",\"url\":\"https:\\\/\\\/www.encontrabomretiro.com.br\\\/sobre\\\/wp-content\\\/uploads\\\/2026\\\/07\\\/ritmos-que-cruzam-estradas-a-jornada-musical-da-banda-de-pau-e-corda-em-julho.webp\",\"@id\":\"https:\\\/\\\/www.encontrabomretiro.com.br\\\/sobre\\\/%f0%9f%8c%9f-ritmos-que-cruzam-estradas-a-jornada-musical-da-banda-de-pau-e-corda-em-julho-%f0%9f%8e%b6\\\/#mainImage\",\"width\":280,\"height\":280,\"caption\":\"Banda de Pau e Corda\"},\"primaryImageOfPage\":{\"@id\":\"https:\\\/\\\/www.encontrabomretiro.com.br\\\/sobre\\\/%f0%9f%8c%9f-ritmos-que-cruzam-estradas-a-jornada-musical-da-banda-de-pau-e-corda-em-julho-%f0%9f%8e%b6\\\/#mainImage\"},\"datePublished\":\"2026-07-15T03:57:08-02:00\",\"dateModified\":\"2026-07-15T03:57:08-02:00\"},{\"@type\":\"WebSite\",\"@id\":\"https:\\\/\\\/www.encontrabomretiro.com.br\\\/sobre\\\/#website\",\"url\":\"https:\\\/\\\/www.encontrabomretiro.com.br\\\/sobre\\\/\",\"name\":\"Encontra Bom Retiro\",\"description\":\"Not\\u00edcias, eventos, informa\\u00e7\\u00f5es e dicas no bairro do Bom Retiro e regi\\u00e3o.\",\"inLanguage\":\"pt-BR\",\"publisher\":{\"@id\":\"https:\\\/\\\/www.encontrabomretiro.com.br\\\/sobre\\\/#organization\"}}]}\n\t\t<\/script>\n\t\t<!-- All in One SEO -->\n\n","aioseo_head_json":{"title":"\ud83c\udf1f Ritmos que cruzam estradas: a jornada musical da Banda de Pau e Corda em julho \ud83c\udfb6 | Encontra Bom Retiro","description":"Ritmos que cruzam estradas: a Banda de Pau e Corda se destaca em julho.","canonical_url":"https:\/\/www.encontrabomretiro.com.br\/sobre\/%f0%9f%8c%9f-ritmos-que-cruzam-estradas-a-jornada-musical-da-banda-de-pau-e-corda-em-julho-%f0%9f%8e%b6\/","robots":"max-image-preview:large","keywords":"","webmasterTools":{"miscellaneous":""},"schema":{"@context":"https:\/\/schema.org","@graph":[{"@type":"Article","@id":"https:\/\/www.encontrabomretiro.com.br\/sobre\/%f0%9f%8c%9f-ritmos-que-cruzam-estradas-a-jornada-musical-da-banda-de-pau-e-corda-em-julho-%f0%9f%8e%b6\/#article","name":"\ud83c\udf1f Ritmos que cruzam estradas: a jornada musical da Banda de Pau e Corda em julho \ud83c\udfb6 | Encontra Bom Retiro","headline":"\ud83c\udf1f Ritmos que cruzam estradas: a jornada musical da Banda de Pau e Corda em julho \ud83c\udfb6","author":{"@id":"https:\/\/www.encontrabomretiro.com.br\/sobre\/author\/ebomretiro\/#author"},"publisher":{"@id":"https:\/\/www.encontrabomretiro.com.br\/sobre\/#organization"},"image":{"@type":"ImageObject","url":"https:\/\/www.encontrabomretiro.com.br\/sobre\/wp-content\/uploads\/2026\/07\/ritmos-que-cruzam-estradas-a-jornada-musical-da-banda-de-pau-e-corda-em-julho.webp","width":280,"height":280,"caption":"Banda de Pau e Corda"},"datePublished":"2026-07-15T03:57:08-02:00","dateModified":"2026-07-15T03:57:08-02:00","inLanguage":"pt-BR","mainEntityOfPage":{"@id":"https:\/\/www.encontrabomretiro.com.br\/sobre\/%f0%9f%8c%9f-ritmos-que-cruzam-estradas-a-jornada-musical-da-banda-de-pau-e-corda-em-julho-%f0%9f%8e%b6\/#webpage"},"isPartOf":{"@id":"https:\/\/www.encontrabomretiro.com.br\/sobre\/%f0%9f%8c%9f-ritmos-que-cruzam-estradas-a-jornada-musical-da-banda-de-pau-e-corda-em-julho-%f0%9f%8e%b6\/#webpage"},"articleSection":"Shows Bom Retiro"},{"@type":"BreadcrumbList","@id":"https:\/\/www.encontrabomretiro.com.br\/sobre\/%f0%9f%8c%9f-ritmos-que-cruzam-estradas-a-jornada-musical-da-banda-de-pau-e-corda-em-julho-%f0%9f%8e%b6\/#breadcrumblist","itemListElement":[{"@type":"ListItem","@id":"https:\/\/www.encontrabomretiro.com.br\/sobre#listItem","position":1,"name":"Dom\u00e9stica","item":"https:\/\/www.encontrabomretiro.com.br\/sobre","nextItem":{"@type":"ListItem","@id":"https:\/\/www.encontrabomretiro.com.br\/sobre\/shows-no-bom-retiro\/#listItem","name":"Shows Bom Retiro"}},{"@type":"ListItem","@id":"https:\/\/www.encontrabomretiro.com.br\/sobre\/shows-no-bom-retiro\/#listItem","position":2,"name":"Shows Bom Retiro","item":"https:\/\/www.encontrabomretiro.com.br\/sobre\/shows-no-bom-retiro\/","nextItem":{"@type":"ListItem","@id":"https:\/\/www.encontrabomretiro.com.br\/sobre\/%f0%9f%8c%9f-ritmos-que-cruzam-estradas-a-jornada-musical-da-banda-de-pau-e-corda-em-julho-%f0%9f%8e%b6\/#listItem","name":"\ud83c\udf1f Ritmos que cruzam estradas: a jornada musical da Banda de Pau e Corda em julho \ud83c\udfb6"},"previousItem":{"@type":"ListItem","@id":"https:\/\/www.encontrabomretiro.com.br\/sobre#listItem","name":"Dom\u00e9stica"}},{"@type":"ListItem","@id":"https:\/\/www.encontrabomretiro.com.br\/sobre\/%f0%9f%8c%9f-ritmos-que-cruzam-estradas-a-jornada-musical-da-banda-de-pau-e-corda-em-julho-%f0%9f%8e%b6\/#listItem","position":3,"name":"\ud83c\udf1f Ritmos que cruzam estradas: a jornada musical da Banda de Pau e Corda em julho \ud83c\udfb6","previousItem":{"@type":"ListItem","@id":"https:\/\/www.encontrabomretiro.com.br\/sobre\/shows-no-bom-retiro\/#listItem","name":"Shows Bom Retiro"}}]},{"@type":"Organization","@id":"https:\/\/www.encontrabomretiro.com.br\/sobre\/#organization","name":"Encontra Bom Retiro","description":"Not\u00edcias, eventos, informa\u00e7\u00f5es e dicas no bairro do Bom Retiro e regi\u00e3o.","url":"https:\/\/www.encontrabomretiro.com.br\/sobre\/"},{"@type":"Person","@id":"https:\/\/www.encontrabomretiro.com.br\/sobre\/author\/ebomretiro\/#author","url":"https:\/\/www.encontrabomretiro.com.br\/sobre\/author\/ebomretiro\/","name":"Encontra Bom Retiro","image":{"@type":"ImageObject","@id":"https:\/\/www.encontrabomretiro.com.br\/sobre\/%f0%9f%8c%9f-ritmos-que-cruzam-estradas-a-jornada-musical-da-banda-de-pau-e-corda-em-julho-%f0%9f%8e%b6\/#authorImage","url":"https:\/\/secure.gravatar.com\/avatar\/507340682b8270222e1f208e23198b6ae7e2c6a1033ae84e99bc6bce4f82a387?s=96&d=mm&r=g","width":96,"height":96,"caption":"Encontra Bom Retiro"}},{"@type":"WebPage","@id":"https:\/\/www.encontrabomretiro.com.br\/sobre\/%f0%9f%8c%9f-ritmos-que-cruzam-estradas-a-jornada-musical-da-banda-de-pau-e-corda-em-julho-%f0%9f%8e%b6\/#webpage","url":"https:\/\/www.encontrabomretiro.com.br\/sobre\/%f0%9f%8c%9f-ritmos-que-cruzam-estradas-a-jornada-musical-da-banda-de-pau-e-corda-em-julho-%f0%9f%8e%b6\/","name":"\ud83c\udf1f Ritmos que cruzam estradas: a jornada musical da Banda de Pau e Corda em julho \ud83c\udfb6 | Encontra Bom Retiro","description":"Ritmos que cruzam estradas: a Banda de Pau e Corda se destaca em julho.","inLanguage":"pt-BR","isPartOf":{"@id":"https:\/\/www.encontrabomretiro.com.br\/sobre\/#website"},"breadcrumb":{"@id":"https:\/\/www.encontrabomretiro.com.br\/sobre\/%f0%9f%8c%9f-ritmos-que-cruzam-estradas-a-jornada-musical-da-banda-de-pau-e-corda-em-julho-%f0%9f%8e%b6\/#breadcrumblist"},"author":{"@id":"https:\/\/www.encontrabomretiro.com.br\/sobre\/author\/ebomretiro\/#author"},"creator":{"@id":"https:\/\/www.encontrabomretiro.com.br\/sobre\/author\/ebomretiro\/#author"},"image":{"@type":"ImageObject","url":"https:\/\/www.encontrabomretiro.com.br\/sobre\/wp-content\/uploads\/2026\/07\/ritmos-que-cruzam-estradas-a-jornada-musical-da-banda-de-pau-e-corda-em-julho.webp","@id":"https:\/\/www.encontrabomretiro.com.br\/sobre\/%f0%9f%8c%9f-ritmos-que-cruzam-estradas-a-jornada-musical-da-banda-de-pau-e-corda-em-julho-%f0%9f%8e%b6\/#mainImage","width":280,"height":280,"caption":"Banda de Pau e Corda"},"primaryImageOfPage":{"@id":"https:\/\/www.encontrabomretiro.com.br\/sobre\/%f0%9f%8c%9f-ritmos-que-cruzam-estradas-a-jornada-musical-da-banda-de-pau-e-corda-em-julho-%f0%9f%8e%b6\/#mainImage"},"datePublished":"2026-07-15T03:57:08-02:00","dateModified":"2026-07-15T03:57:08-02:00"},{"@type":"WebSite","@id":"https:\/\/www.encontrabomretiro.com.br\/sobre\/#website","url":"https:\/\/www.encontrabomretiro.com.br\/sobre\/","name":"Encontra Bom Retiro","description":"Not\u00edcias, eventos, informa\u00e7\u00f5es e dicas no bairro do Bom Retiro e regi\u00e3o.","inLanguage":"pt-BR","publisher":{"@id":"https:\/\/www.encontrabomretiro.com.br\/sobre\/#organization"}}]},"og:locale":"pt_BR","og:site_name":"Encontra Bom Retiro | Not\u00edcias, eventos, informa\u00e7\u00f5es e dicas no bairro do Bom Retiro e regi\u00e3o.","og:type":"article","og:title":"\ud83c\udf1f Ritmos que cruzam estradas: a jornada musical da Banda de Pau e Corda em julho \ud83c\udfb6 | Encontra Bom Retiro","og:description":"Ritmos que cruzam estradas: a Banda de Pau e Corda se destaca em julho.","og:url":"https:\/\/www.encontrabomretiro.com.br\/sobre\/%f0%9f%8c%9f-ritmos-que-cruzam-estradas-a-jornada-musical-da-banda-de-pau-e-corda-em-julho-%f0%9f%8e%b6\/","article:published_time":"2026-07-15T05:57:08+00:00","article:modified_time":"2026-07-15T05:57:08+00:00","twitter:card":"summary_large_image","twitter:title":"\ud83c\udf1f Ritmos que cruzam estradas: a jornada musical da Banda de Pau e Corda em julho \ud83c\udfb6 | Encontra Bom Retiro","twitter:description":"Ritmos que cruzam estradas: a Banda de Pau e Corda se destaca em julho."},"aioseo_meta_data":{"post_id":"3110","title":null,"description":null,"keywords":null,"keyphrases":null,"primary_term":null,"canonical_url":null,"og_title":null,"og_description":null,"og_object_type":"default","og_image_type":"default","og_image_url":null,"og_image_width":null,"og_image_height":null,"og_image_custom_url":null,"og_image_custom_fields":null,"og_video":null,"og_custom_url":null,"og_article_section":null,"og_article_tags":null,"twitter_use_og":false,"twitter_card":"default","twitter_image_type":"default","twitter_image_url":null,"twitter_image_custom_url":null,"twitter_image_custom_fields":null,"twitter_title":null,"twitter_description":null,"schema":{"blockGraphs":[],"customGraphs":[],"default":{"data":{"Article":[],"Course":[],"Dataset":[],"FAQPage":[],"Movie":[],"Person":[],"Product":[],"ProductReview":[],"Car":[],"Recipe":[],"Service":[],"SoftwareApplication":[],"WebPage":[]},"graphName":"Article","isEnabled":true},"graphs":[]},"schema_type":"default","schema_type_options":null,"pillar_content":false,"robots_default":true,"robots_noindex":false,"robots_noarchive":false,"robots_nosnippet":false,"robots_nofollow":false,"robots_noimageindex":false,"robots_noodp":false,"robots_notranslate":false,"robots_max_snippet":null,"robots_max_videopreview":null,"robots_max_imagepreview":"large","priority":null,"frequency":null,"local_seo":null,"breadcrumb_settings":null,"limit_modified_date":false,"ai":null,"created":"2026-07-15 05:57:10","updated":"2026-07-15 06:02:22","focus_keyword":null,"additional_keywords":null,"truseo_locale":null,"seo_analyzer_scan_date":null},"aioseo_breadcrumb":"<div class=\"aioseo-breadcrumbs\"><span class=\"aioseo-breadcrumb\">\n\t\t\t<a href=\"https:\/\/www.encontrabomretiro.com.br\/sobre\" title=\"Dom\u00e9stica\">Dom\u00e9stica<\/a>\n\t\t<\/span><span class=\"aioseo-breadcrumb-separator\">&raquo;<\/span><span class=\"aioseo-breadcrumb\">\n\t\t\t<a href=\"https:\/\/www.encontrabomretiro.com.br\/sobre\/shows-no-bom-retiro\/\" title=\"Shows Bom Retiro\">Shows Bom Retiro<\/a>\n\t\t<\/span><span class=\"aioseo-breadcrumb-separator\">&raquo;<\/span><span class=\"aioseo-breadcrumb\">\n\t\t\t\ud83c\udf1f Ritmos que cruzam estradas: a jornada musical da Banda de Pau e Corda em julho \ud83c\udfb6\n\t\t<\/span><\/div>","aioseo_breadcrumb_json":[{"label":"Dom\u00e9stica","link":"https:\/\/www.encontrabomretiro.com.br\/sobre"},{"label":"Shows Bom Retiro","link":"https:\/\/www.encontrabomretiro.com.br\/sobre\/shows-no-bom-retiro\/"},{"label":"\ud83c\udf1f Ritmos que cruzam estradas: a jornada musical da Banda de Pau e Corda em julho \ud83c\udfb6","link":"https:\/\/www.encontrabomretiro.com.br\/sobre\/%f0%9f%8c%9f-ritmos-que-cruzam-estradas-a-jornada-musical-da-banda-de-pau-e-corda-em-julho-%f0%9f%8e%b6\/"}],"_links":{"self":[{"href":"https:\/\/www.encontrabomretiro.com.br\/sobre\/wp-json\/wp\/v2\/posts\/3110","targetHints":{"allow":["GET"]}}],"collection":[{"href":"https:\/\/www.encontrabomretiro.com.br\/sobre\/wp-json\/wp\/v2\/posts"}],"about":[{"href":"https:\/\/www.encontrabomretiro.com.br\/sobre\/wp-json\/wp\/v2\/types\/post"}],"author":[{"embeddable":true,"href":"https:\/\/www.encontrabomretiro.com.br\/sobre\/wp-json\/wp\/v2\/users\/1"}],"replies":[{"embeddable":true,"href":"https:\/\/www.encontrabomretiro.com.br\/sobre\/wp-json\/wp\/v2\/comments?post=3110"}],"version-history":[{"count":0,"href":"https:\/\/www.encontrabomretiro.com.br\/sobre\/wp-json\/wp\/v2\/posts\/3110\/revisions"}],"wp:featuredmedia":[{"embeddable":true,"href":"https:\/\/www.encontrabomretiro.com.br\/sobre\/wp-json\/wp\/v2\/media\/3109"}],"wp:attachment":[{"href":"https:\/\/www.encontrabomretiro.com.br\/sobre\/wp-json\/wp\/v2\/media?parent=3110"}],"wp:term":[{"taxonomy":"category","embeddable":true,"href":"https:\/\/www.encontrabomretiro.com.br\/sobre\/wp-json\/wp\/v2\/categories?post=3110"},{"taxonomy":"post_tag","embeddable":true,"href":"https:\/\/www.encontrabomretiro.com.br\/sobre\/wp-json\/wp\/v2\/tags?post=3110"}],"curies":[{"name":"wp","href":"https:\/\/api.w.org\/{rel}","templated":true}]}}