{"id":3093,"date":"2026-07-12T23:04:57","date_gmt":"2026-07-13T01:04:57","guid":{"rendered":"https:\/\/www.encontrabomretiro.com.br\/sobre\/espetaculos-para-ver-no-sesc\/"},"modified":"2026-07-12T23:04:57","modified_gmt":"2026-07-13T01:04:57","slug":"espetaculos-para-ver-no-sesc","status":"publish","type":"post","link":"https:\/\/www.encontrabomretiro.com.br\/sobre\/espetaculos-para-ver-no-sesc\/","title":{"rendered":"Espet\u00e1culos para ver no Sesc"},"content":{"rendered":"<div class=\"228b65ae207de3c5c501cfe75875708b\" data-index=\"1\" style=\"float: none; margin:0px;\">\n<!-- Anuncio display - global -->\r\n<ins class=\"adsbygoogle\"\r\n     style=\"display:block\"\r\n     data-ad-client=\"ca-pub-8585364105181520\"\r\n     data-ad-slot=\"8789329856\"\r\n     data-ad-format=\"auto\"\r\n     data-full-width-responsive=\"true\"><\/ins>\r\n<script>\r\n     (adsbygoogle = window.adsbygoogle || []).push({});\r\n<\/script>\n<\/div>\n<h2>A Pediatra: Um Drama Emocionante<\/h2>\n<p>Apresentando D\u00e9bora Lamm e Luis Ant\u00f4nio Fortes, &#8220;A Pediatra&#8221; \u00e9 uma obra que aborda quest\u00f5es delicadas da vida, proporcionando ao espectador uma experi\u00eancia intensa e reflexiva. Em cartaz de 10 a 12 de julho, o espet\u00e1culo se destaca por suas atua\u00e7\u00f5es envolventes e uma narrativa que toca o cora\u00e7\u00e3o do p\u00fablico. Os hor\u00e1rios de apresenta\u00e7\u00e3o s\u00e3o \u00e0s sextas \u00e0s 20h, \u00e0s s\u00e1bados \u00e0s 15h e aos domingos \u00e0s 18h, no Sesc Guarulhos. <a href=\"https:\/\/www.sescsp.org.br\/programacao\/a-pediatra-3\/\">Saiba mais sobre A Pediatra.<\/a><\/p>\n<h2>Mulher em Fuga: A Luta e a Supera\u00e7\u00e3o<\/h2>\n<p>Com Malu Galli e Tiago Martelli, &#8220;Mulher em Fuga&#8221; \u00e9 uma pe\u00e7a que explora a for\u00e7a feminina frente a desafios contempor\u00e2neos. Em cena de 16 a 26 de julho, com apresenta\u00e7\u00f5es de quinta a domingo, o espet\u00e1culo promove uma reflex\u00e3o sobre a luta e a supera\u00e7\u00e3o da mulher. Considere conferir esta obra no Sesc Santo Andr\u00e9. <a href=\"https:\/\/www.sescsp.org.br\/programacao\/mulher-em-fuga-4\/\">Descubra mais sobre Mulher em Fuga.<\/a><\/p>\n<h2>Junta Besteirol\u00f3gica: Risadas Garantidas<\/h2>\n<p>Os Doutores da Alegria apresentam &#8220;Junta Besteirol\u00f3gica&#8221;, uma proposta voltada para aqueles que buscam uma dose de humor em meio ao cotidiano. Com sess\u00f5es aos domingos \u00e0s 16h, de 19 a 26 de julho, essa atra\u00e7\u00e3o no Sesc Bom Retiro promete muitas risadas e momentos de descontra\u00e7\u00e3o. <a href=\"https:\/\/www.sescsp.org.br\/programacao\/junta-besteirologica-2\/\">Conhe\u00e7a mais sobre Junta Besteirol\u00f3gica.<\/a><\/p>\n<p><img decoding=\"async\" src=\"https:\/\/www.encontrabomretiro.com.br\/sobre\/wp-content\/uploads\/2026\/07\/espetaculos-para-ver-no-sesc.webp\" alt=\"espet\u00e1culos para ver no Sesc S\u00e3o Paulo\" loading=\"lazy\" \/><\/p>\n<h2>Prisma \u2013 Eu Sou Assim: Uma Reflex\u00e3o Dram\u00e1tica<\/h2>\n<p>Escrita por Marcelo Romagnoli e dirigida por Cris Lozano, &#8220;Prisma \u2013 Eu Sou Assim&#8221; \u00e9 um espet\u00e1culo que aborda temas contempor\u00e2neos com uma dramaturgia cativante. Est\u00e1 em cartaz at\u00e9 23 de julho, de quinta a domingo, em Sesc Belenzinho, e segura promessas de provocar profundas reflex\u00f5es. <a href=\"https:\/\/www.sescsp.org.br\/programacao\/prisma-eu-sou-assim-4\/\">Veja mais sobre Prisma \u2013 Eu Sou Assim.<\/a><\/p>\n<h2>O Retorno: Encontros e Despedidas<\/h2>\n<p>Com atua\u00e7\u00f5es marcantes de Helena Ranaldi, Leonardo Medeiros e Pedro Waddington, &#8220;O Retorno&#8221; explora a complexidade dos relacionamentos. Este drama ocorre de 24 a 26 de julho, com apresenta\u00e7\u00f5es \u00e0s sextas, s\u00e1bados e domingos \u00e0s 18h, no Sesc Interlagos. N\u00e3o perca a oportunidade de sentir a emo\u00e7\u00e3o. <a href=\"https:\/\/www.sescsp.org.br\/programacao\/o-retorno-3\/\">Confira O Retorno.<\/a><\/p>\n<h2>Esperanza: A Magia do Circo<\/h2>\n<p>&#8220;Esperanza&#8221; traz a trupe de \u00c1s M\u00e1gica para encantar o p\u00fablico com suas performances circenses. De 5 a 26 de julho, os espet\u00e1culos ocorrem aos domingos, com op\u00e7\u00f5es \u00e0s 15h e 17h no Sesc Pinheiros. Um evento imperd\u00edvel para toda a fam\u00edlia! <a href=\"https:\/\/www.sescsp.org.br\/programacao\/esperanza-5\/\">Acesse para mais informa\u00e7\u00f5es sobre Esperanza.<\/a><\/p>\n<h2>Orkh\u1e17stra Ph\u00e1ntasma: M\u00fasica e Emo\u00e7\u00e3o<\/h2>\n<p>Dirigido por Felipe Hirsch, &#8220;Orkh\u1e17stra Ph\u00e1ntasma&#8221; prop\u00f5e uma viagem musical recheada de emo\u00e7\u00f5es. O espet\u00e1culo est\u00e1 em cartaz at\u00e9 2 de agosto, de quarta a domingo, com hor\u00e1rios variados, no Sesc Vila Mariana. Venha se surpreender com esta experi\u00eancia. <a href=\"https:\/\/www.sescsp.org.br\/programacao\/orkhestra-phantasma\/\">Veja mais sobre Orkh\u1e17stra Ph\u00e1ntasma.<\/a><\/p>\n<h2>Repara\u00e7\u00e3o: Dramaturgia Poderosa<\/h2>\n<p>&#8220;Repara\u00e7\u00e3o&#8221;, com dire\u00e7\u00e3o e dramaturgia de Carlos Canhameiro, \u00e9 um trabalho profundo que vai de encontro a quest\u00f5es sociais pertinentes. Em cena de 10 a 26 de julho, o p\u00fablico poder\u00e1 assistir as performances nas noites de sextas e s\u00e1bados \u00e0s 20h, e aos domingos \u00e0s 18h30, no Sesc Belenzinho. <a href=\"https:\/\/www.sescsp.org.br\/programacao\/reparacao\/\">Descubra mais sobre Repara\u00e7\u00e3o.<\/a><\/p>\n<h2>A \u00daltima Cova: Mist\u00e9rios do Cotidiano<\/h2>\n<p>Marco Fran\u00e7a apresenta &#8220;A \u00daltima Cova&#8221;, uma reflex\u00e3o sobre a vida e suas complexidades, em cartaz at\u00e9 31 de julho, de quarta a sexta-feira \u00e0s 19h30, no Sesc Pompeia. \u00c9 uma oportunidade de se deparar com questionamentos que permeiam nosso cotidiano. <a href=\"https:\/\/www.sescsp.org.br\/programacao\/a-ultima-cova\/\">Informa\u00e7\u00f5es adicionais sobre A \u00daltima Cova aqui.<\/a><\/p>\n<h2>{F\u00e9}sta: Uma Celebra\u00e7\u00e3o de Vida<\/h2>\n<p>Com o grupo Prot{Ag\u00f4}nistas, &#8220;{F\u00e9}sta&#8221; promete ser uma obra cheia de energia e celebra\u00e7\u00e3o. Em cartaz de 30 de julho a 1 de agosto, as apresenta\u00e7\u00f5es acontecem \u00e0s quintas \u00e0s 20h30, sextas \u00e0s 20h e s\u00e1bados \u00e0s 19h, no Sesc Santo Amaro. Venha se juntar a esta festa de vida! <a href=\"https:\/\/www.sescsp.org.br\/programacao\/festa-2\/\">Descubra mais sobre {F\u00e9}sta.<\/a><\/p>\n<h2>Meu corpo est\u00e1 aqui: Quest\u00f5es e Identidades<\/h2>\n<p>Uma obra provocativa com Bruno Ramos, Juliana Caldas, Pedro Fernandes e Sara Bentes, &#8220;Meu corpo est\u00e1 aqui&#8221; est\u00e1 em cartaz de 23 de julho a 9 de agosto, com apresenta\u00e7\u00f5es de quinta a s\u00e1bado \u00e0s 20h e domingos \u00e0s 18h, no Sesc 24 de Maio. Um convite a explorar a identidade e o corpo em sua pluralidade. <a href=\"https:\/\/www.sescsp.org.br\/programacao\/meu-corpo-esta-aqui-3\/\">Veja mais sobre Meu corpo est\u00e1 aqui.<\/a><\/p>\n<h2>Vol\u00favel: Conex\u00f5es e Transforma\u00e7\u00f5es<\/h2>\n<p>com o grupo Corpo de Macumba, &#8220;Vol\u00favel&#8221; explora as transforma\u00e7\u00f5es do ser humano atrav\u00e9s de sua travessia entre diferentes mundos. Estar\u00e1 em cartaz de 24 de julho a 16 de agosto, com apresenta\u00e7\u00f5es \u00e0s sextas \u00e0s 21h, s\u00e1bados e domingos \u00e0s 18h30, no Sesc Ipiranga. Uma experi\u00eancia que provoca reflex\u00e3o. <a href=\"https:\/\/www.sescsp.org.br\/programacao\/voluvel\/\">Saiba mais sobre Vol\u00favel.<\/a><\/p>\n<p>As informa\u00e7\u00f5es sobre sess\u00f5es, disponibilidade de ingressos e demais detalhes est\u00e3o dispon\u00edveis no Portal Sesc e no aplicativo Credencial Sesc SP.<\/p>\n\n<div style=\"font-size: 0px; height: 0px; line-height: 0px; margin: 0; padding: 0; clear: both;\"><\/div>","protected":false},"excerpt":{"rendered":"<p>Espet\u00e1culos no Sesc S\u00e3o Paulo que prometem emocionar e divertir. Confira j\u00e1!<\/p>\n","protected":false},"author":1,"featured_media":3092,"comment_status":"open","ping_status":"closed","sticky":false,"template":"","format":"standard","meta":{"footnotes":""},"categories":[9],"tags":[],"class_list":["post-3093","post","type-post","status-publish","format-standard","has-post-thumbnail","hentry","category-shows-no-bom-retiro","has_thumb"],"aioseo_notices":[],"aioseo_head":"\n\t\t<!-- All in One SEO 5.0.0.1 - aioseo.com -->\n\t<meta name=\"description\" content=\"Espet\u00e1culos no Sesc S\u00e3o Paulo que prometem emocionar e divertir. Confira j\u00e1!\" \/>\n\t<meta name=\"robots\" content=\"max-image-preview:large\" \/>\n\t<meta name=\"author\" content=\"Encontra Bom Retiro\"\/>\n\t<link rel=\"canonical\" href=\"https:\/\/www.encontrabomretiro.com.br\/sobre\/espetaculos-para-ver-no-sesc\/\" \/>\n\t<meta name=\"generator\" content=\"All in One SEO (AIOSEO) 5.0.0.1\" \/>\n\t\t<meta property=\"og:locale\" content=\"pt_BR\" \/>\n\t\t<meta property=\"og:site_name\" content=\"Encontra Bom Retiro | Not\u00edcias, eventos, informa\u00e7\u00f5es e dicas no bairro do Bom Retiro e regi\u00e3o.\" \/>\n\t\t<meta property=\"og:type\" content=\"article\" \/>\n\t\t<meta property=\"og:title\" content=\"Espet\u00e1culos para ver no Sesc | Encontra Bom Retiro\" \/>\n\t\t<meta property=\"og:description\" content=\"Espet\u00e1culos no Sesc S\u00e3o Paulo que prometem emocionar e divertir. Confira j\u00e1!\" \/>\n\t\t<meta property=\"og:url\" content=\"https:\/\/www.encontrabomretiro.com.br\/sobre\/espetaculos-para-ver-no-sesc\/\" \/>\n\t\t<meta property=\"article:published_time\" content=\"2026-07-13T01:04:57+00:00\" \/>\n\t\t<meta property=\"article:modified_time\" content=\"2026-07-13T01:04:57+00:00\" \/>\n\t\t<meta name=\"twitter:card\" content=\"summary_large_image\" \/>\n\t\t<meta name=\"twitter:title\" content=\"Espet\u00e1culos para ver no Sesc | Encontra Bom Retiro\" \/>\n\t\t<meta name=\"twitter:description\" content=\"Espet\u00e1culos no Sesc S\u00e3o Paulo que prometem emocionar e divertir. Confira j\u00e1!\" \/>\n\t\t<script type=\"application\/ld+json\" class=\"aioseo-schema\">\n\t\t\t{\"@context\":\"https:\\\/\\\/schema.org\",\"@graph\":[{\"@type\":\"Article\",\"@id\":\"https:\\\/\\\/www.encontrabomretiro.com.br\\\/sobre\\\/espetaculos-para-ver-no-sesc\\\/#article\",\"name\":\"Espet\\u00e1culos para ver no Sesc | Encontra Bom Retiro\",\"headline\":\"Espet\\u00e1culos para ver no Sesc\",\"author\":{\"@id\":\"https:\\\/\\\/www.encontrabomretiro.com.br\\\/sobre\\\/author\\\/ebomretiro\\\/#author\"},\"publisher\":{\"@id\":\"https:\\\/\\\/www.encontrabomretiro.com.br\\\/sobre\\\/#organization\"},\"image\":{\"@type\":\"ImageObject\",\"url\":\"https:\\\/\\\/www.encontrabomretiro.com.br\\\/sobre\\\/wp-content\\\/uploads\\\/2026\\\/07\\\/espetaculos-para-ver-no-sesc.webp\",\"width\":280,\"height\":280,\"caption\":\"espet\\u00e1culos para ver no Sesc S\\u00e3o Paulo\"},\"datePublished\":\"2026-07-12T23:04:57-02:00\",\"dateModified\":\"2026-07-12T23:04:57-02:00\",\"inLanguage\":\"pt-BR\",\"mainEntityOfPage\":{\"@id\":\"https:\\\/\\\/www.encontrabomretiro.com.br\\\/sobre\\\/espetaculos-para-ver-no-sesc\\\/#webpage\"},\"isPartOf\":{\"@id\":\"https:\\\/\\\/www.encontrabomretiro.com.br\\\/sobre\\\/espetaculos-para-ver-no-sesc\\\/#webpage\"},\"articleSection\":\"Shows Bom Retiro\"},{\"@type\":\"BreadcrumbList\",\"@id\":\"https:\\\/\\\/www.encontrabomretiro.com.br\\\/sobre\\\/espetaculos-para-ver-no-sesc\\\/#breadcrumblist\",\"itemListElement\":[{\"@type\":\"ListItem\",\"@id\":\"https:\\\/\\\/www.encontrabomretiro.com.br\\\/sobre#listItem\",\"position\":1,\"name\":\"Dom\\u00e9stica\",\"item\":\"https:\\\/\\\/www.encontrabomretiro.com.br\\\/sobre\",\"nextItem\":{\"@type\":\"ListItem\",\"@id\":\"https:\\\/\\\/www.encontrabomretiro.com.br\\\/sobre\\\/shows-no-bom-retiro\\\/#listItem\",\"name\":\"Shows Bom Retiro\"}},{\"@type\":\"ListItem\",\"@id\":\"https:\\\/\\\/www.encontrabomretiro.com.br\\\/sobre\\\/shows-no-bom-retiro\\\/#listItem\",\"position\":2,\"name\":\"Shows Bom Retiro\",\"item\":\"https:\\\/\\\/www.encontrabomretiro.com.br\\\/sobre\\\/shows-no-bom-retiro\\\/\",\"nextItem\":{\"@type\":\"ListItem\",\"@id\":\"https:\\\/\\\/www.encontrabomretiro.com.br\\\/sobre\\\/espetaculos-para-ver-no-sesc\\\/#listItem\",\"name\":\"Espet\\u00e1culos para ver no Sesc\"},\"previousItem\":{\"@type\":\"ListItem\",\"@id\":\"https:\\\/\\\/www.encontrabomretiro.com.br\\\/sobre#listItem\",\"name\":\"Dom\\u00e9stica\"}},{\"@type\":\"ListItem\",\"@id\":\"https:\\\/\\\/www.encontrabomretiro.com.br\\\/sobre\\\/espetaculos-para-ver-no-sesc\\\/#listItem\",\"position\":3,\"name\":\"Espet\\u00e1culos para ver no Sesc\",\"previousItem\":{\"@type\":\"ListItem\",\"@id\":\"https:\\\/\\\/www.encontrabomretiro.com.br\\\/sobre\\\/shows-no-bom-retiro\\\/#listItem\",\"name\":\"Shows Bom Retiro\"}}]},{\"@type\":\"Organization\",\"@id\":\"https:\\\/\\\/www.encontrabomretiro.com.br\\\/sobre\\\/#organization\",\"name\":\"Encontra Bom Retiro\",\"description\":\"Not\\u00edcias, eventos, informa\\u00e7\\u00f5es e dicas no bairro do Bom Retiro e regi\\u00e3o.\",\"url\":\"https:\\\/\\\/www.encontrabomretiro.com.br\\\/sobre\\\/\"},{\"@type\":\"Person\",\"@id\":\"https:\\\/\\\/www.encontrabomretiro.com.br\\\/sobre\\\/author\\\/ebomretiro\\\/#author\",\"url\":\"https:\\\/\\\/www.encontrabomretiro.com.br\\\/sobre\\\/author\\\/ebomretiro\\\/\",\"name\":\"Encontra Bom Retiro\",\"image\":{\"@type\":\"ImageObject\",\"@id\":\"https:\\\/\\\/www.encontrabomretiro.com.br\\\/sobre\\\/espetaculos-para-ver-no-sesc\\\/#authorImage\",\"url\":\"https:\\\/\\\/secure.gravatar.com\\\/avatar\\\/507340682b8270222e1f208e23198b6ae7e2c6a1033ae84e99bc6bce4f82a387?s=96&d=mm&r=g\",\"width\":96,\"height\":96,\"caption\":\"Encontra Bom Retiro\"}},{\"@type\":\"WebPage\",\"@id\":\"https:\\\/\\\/www.encontrabomretiro.com.br\\\/sobre\\\/espetaculos-para-ver-no-sesc\\\/#webpage\",\"url\":\"https:\\\/\\\/www.encontrabomretiro.com.br\\\/sobre\\\/espetaculos-para-ver-no-sesc\\\/\",\"name\":\"Espet\\u00e1culos para ver no Sesc | Encontra Bom Retiro\",\"description\":\"Espet\\u00e1culos no Sesc S\\u00e3o Paulo que prometem emocionar e divertir. Confira j\\u00e1!\",\"inLanguage\":\"pt-BR\",\"isPartOf\":{\"@id\":\"https:\\\/\\\/www.encontrabomretiro.com.br\\\/sobre\\\/#website\"},\"breadcrumb\":{\"@id\":\"https:\\\/\\\/www.encontrabomretiro.com.br\\\/sobre\\\/espetaculos-para-ver-no-sesc\\\/#breadcrumblist\"},\"author\":{\"@id\":\"https:\\\/\\\/www.encontrabomretiro.com.br\\\/sobre\\\/author\\\/ebomretiro\\\/#author\"},\"creator\":{\"@id\":\"https:\\\/\\\/www.encontrabomretiro.com.br\\\/sobre\\\/author\\\/ebomretiro\\\/#author\"},\"image\":{\"@type\":\"ImageObject\",\"url\":\"https:\\\/\\\/www.encontrabomretiro.com.br\\\/sobre\\\/wp-content\\\/uploads\\\/2026\\\/07\\\/espetaculos-para-ver-no-sesc.webp\",\"@id\":\"https:\\\/\\\/www.encontrabomretiro.com.br\\\/sobre\\\/espetaculos-para-ver-no-sesc\\\/#mainImage\",\"width\":280,\"height\":280,\"caption\":\"espet\\u00e1culos para ver no Sesc S\\u00e3o Paulo\"},\"primaryImageOfPage\":{\"@id\":\"https:\\\/\\\/www.encontrabomretiro.com.br\\\/sobre\\\/espetaculos-para-ver-no-sesc\\\/#mainImage\"},\"datePublished\":\"2026-07-12T23:04:57-02:00\",\"dateModified\":\"2026-07-12T23:04:57-02:00\"},{\"@type\":\"WebSite\",\"@id\":\"https:\\\/\\\/www.encontrabomretiro.com.br\\\/sobre\\\/#website\",\"url\":\"https:\\\/\\\/www.encontrabomretiro.com.br\\\/sobre\\\/\",\"name\":\"Encontra Bom Retiro\",\"description\":\"Not\\u00edcias, eventos, informa\\u00e7\\u00f5es e dicas no bairro do Bom Retiro e regi\\u00e3o.\",\"inLanguage\":\"pt-BR\",\"publisher\":{\"@id\":\"https:\\\/\\\/www.encontrabomretiro.com.br\\\/sobre\\\/#organization\"}}]}\n\t\t<\/script>\n\t\t<!-- All in One SEO -->\n\n","aioseo_head_json":{"title":"Espet\u00e1culos para ver no Sesc | Encontra Bom Retiro","description":"Espet\u00e1culos no Sesc S\u00e3o Paulo que prometem emocionar e divertir. Confira j\u00e1!","canonical_url":"https:\/\/www.encontrabomretiro.com.br\/sobre\/espetaculos-para-ver-no-sesc\/","robots":"max-image-preview:large","keywords":"","webmasterTools":{"miscellaneous":""},"schema":{"@context":"https:\/\/schema.org","@graph":[{"@type":"Article","@id":"https:\/\/www.encontrabomretiro.com.br\/sobre\/espetaculos-para-ver-no-sesc\/#article","name":"Espet\u00e1culos para ver no Sesc | Encontra Bom Retiro","headline":"Espet\u00e1culos para ver no Sesc","author":{"@id":"https:\/\/www.encontrabomretiro.com.br\/sobre\/author\/ebomretiro\/#author"},"publisher":{"@id":"https:\/\/www.encontrabomretiro.com.br\/sobre\/#organization"},"image":{"@type":"ImageObject","url":"https:\/\/www.encontrabomretiro.com.br\/sobre\/wp-content\/uploads\/2026\/07\/espetaculos-para-ver-no-sesc.webp","width":280,"height":280,"caption":"espet\u00e1culos para ver no Sesc S\u00e3o Paulo"},"datePublished":"2026-07-12T23:04:57-02:00","dateModified":"2026-07-12T23:04:57-02:00","inLanguage":"pt-BR","mainEntityOfPage":{"@id":"https:\/\/www.encontrabomretiro.com.br\/sobre\/espetaculos-para-ver-no-sesc\/#webpage"},"isPartOf":{"@id":"https:\/\/www.encontrabomretiro.com.br\/sobre\/espetaculos-para-ver-no-sesc\/#webpage"},"articleSection":"Shows Bom Retiro"},{"@type":"BreadcrumbList","@id":"https:\/\/www.encontrabomretiro.com.br\/sobre\/espetaculos-para-ver-no-sesc\/#breadcrumblist","itemListElement":[{"@type":"ListItem","@id":"https:\/\/www.encontrabomretiro.com.br\/sobre#listItem","position":1,"name":"Dom\u00e9stica","item":"https:\/\/www.encontrabomretiro.com.br\/sobre","nextItem":{"@type":"ListItem","@id":"https:\/\/www.encontrabomretiro.com.br\/sobre\/shows-no-bom-retiro\/#listItem","name":"Shows Bom Retiro"}},{"@type":"ListItem","@id":"https:\/\/www.encontrabomretiro.com.br\/sobre\/shows-no-bom-retiro\/#listItem","position":2,"name":"Shows Bom Retiro","item":"https:\/\/www.encontrabomretiro.com.br\/sobre\/shows-no-bom-retiro\/","nextItem":{"@type":"ListItem","@id":"https:\/\/www.encontrabomretiro.com.br\/sobre\/espetaculos-para-ver-no-sesc\/#listItem","name":"Espet\u00e1culos para ver no Sesc"},"previousItem":{"@type":"ListItem","@id":"https:\/\/www.encontrabomretiro.com.br\/sobre#listItem","name":"Dom\u00e9stica"}},{"@type":"ListItem","@id":"https:\/\/www.encontrabomretiro.com.br\/sobre\/espetaculos-para-ver-no-sesc\/#listItem","position":3,"name":"Espet\u00e1culos para ver no Sesc","previousItem":{"@type":"ListItem","@id":"https:\/\/www.encontrabomretiro.com.br\/sobre\/shows-no-bom-retiro\/#listItem","name":"Shows Bom Retiro"}}]},{"@type":"Organization","@id":"https:\/\/www.encontrabomretiro.com.br\/sobre\/#organization","name":"Encontra Bom Retiro","description":"Not\u00edcias, eventos, informa\u00e7\u00f5es e dicas no bairro do Bom Retiro e regi\u00e3o.","url":"https:\/\/www.encontrabomretiro.com.br\/sobre\/"},{"@type":"Person","@id":"https:\/\/www.encontrabomretiro.com.br\/sobre\/author\/ebomretiro\/#author","url":"https:\/\/www.encontrabomretiro.com.br\/sobre\/author\/ebomretiro\/","name":"Encontra Bom Retiro","image":{"@type":"ImageObject","@id":"https:\/\/www.encontrabomretiro.com.br\/sobre\/espetaculos-para-ver-no-sesc\/#authorImage","url":"https:\/\/secure.gravatar.com\/avatar\/507340682b8270222e1f208e23198b6ae7e2c6a1033ae84e99bc6bce4f82a387?s=96&d=mm&r=g","width":96,"height":96,"caption":"Encontra Bom Retiro"}},{"@type":"WebPage","@id":"https:\/\/www.encontrabomretiro.com.br\/sobre\/espetaculos-para-ver-no-sesc\/#webpage","url":"https:\/\/www.encontrabomretiro.com.br\/sobre\/espetaculos-para-ver-no-sesc\/","name":"Espet\u00e1culos para ver no Sesc | Encontra Bom Retiro","description":"Espet\u00e1culos no Sesc S\u00e3o Paulo que prometem emocionar e divertir. Confira j\u00e1!","inLanguage":"pt-BR","isPartOf":{"@id":"https:\/\/www.encontrabomretiro.com.br\/sobre\/#website"},"breadcrumb":{"@id":"https:\/\/www.encontrabomretiro.com.br\/sobre\/espetaculos-para-ver-no-sesc\/#breadcrumblist"},"author":{"@id":"https:\/\/www.encontrabomretiro.com.br\/sobre\/author\/ebomretiro\/#author"},"creator":{"@id":"https:\/\/www.encontrabomretiro.com.br\/sobre\/author\/ebomretiro\/#author"},"image":{"@type":"ImageObject","url":"https:\/\/www.encontrabomretiro.com.br\/sobre\/wp-content\/uploads\/2026\/07\/espetaculos-para-ver-no-sesc.webp","@id":"https:\/\/www.encontrabomretiro.com.br\/sobre\/espetaculos-para-ver-no-sesc\/#mainImage","width":280,"height":280,"caption":"espet\u00e1culos para ver no Sesc S\u00e3o Paulo"},"primaryImageOfPage":{"@id":"https:\/\/www.encontrabomretiro.com.br\/sobre\/espetaculos-para-ver-no-sesc\/#mainImage"},"datePublished":"2026-07-12T23:04:57-02:00","dateModified":"2026-07-12T23:04:57-02:00"},{"@type":"WebSite","@id":"https:\/\/www.encontrabomretiro.com.br\/sobre\/#website","url":"https:\/\/www.encontrabomretiro.com.br\/sobre\/","name":"Encontra Bom Retiro","description":"Not\u00edcias, eventos, informa\u00e7\u00f5es e dicas no bairro do Bom Retiro e regi\u00e3o.","inLanguage":"pt-BR","publisher":{"@id":"https:\/\/www.encontrabomretiro.com.br\/sobre\/#organization"}}]},"og:locale":"pt_BR","og:site_name":"Encontra Bom Retiro | Not\u00edcias, eventos, informa\u00e7\u00f5es e dicas no bairro do Bom Retiro e regi\u00e3o.","og:type":"article","og:title":"Espet\u00e1culos para ver no Sesc | Encontra Bom Retiro","og:description":"Espet\u00e1culos no Sesc S\u00e3o Paulo que prometem emocionar e divertir. Confira j\u00e1!","og:url":"https:\/\/www.encontrabomretiro.com.br\/sobre\/espetaculos-para-ver-no-sesc\/","article:published_time":"2026-07-13T01:04:57+00:00","article:modified_time":"2026-07-13T01:04:57+00:00","twitter:card":"summary_large_image","twitter:title":"Espet\u00e1culos para ver no Sesc | Encontra Bom Retiro","twitter:description":"Espet\u00e1culos no Sesc S\u00e3o Paulo que prometem emocionar e divertir. Confira j\u00e1!"},"aioseo_meta_data":{"post_id":"3093","title":null,"description":null,"keywords":null,"keyphrases":null,"primary_term":null,"canonical_url":null,"og_title":null,"og_description":null,"og_object_type":"default","og_image_type":"default","og_image_url":null,"og_image_width":null,"og_image_height":null,"og_image_custom_url":null,"og_image_custom_fields":null,"og_video":null,"og_custom_url":null,"og_article_section":null,"og_article_tags":null,"twitter_use_og":false,"twitter_card":"default","twitter_image_type":"default","twitter_image_url":null,"twitter_image_custom_url":null,"twitter_image_custom_fields":null,"twitter_title":null,"twitter_description":null,"schema":{"blockGraphs":[],"customGraphs":[],"default":{"data":{"Article":[],"Course":[],"Dataset":[],"FAQPage":[],"Movie":[],"Person":[],"Product":[],"ProductReview":[],"Car":[],"Recipe":[],"Service":[],"SoftwareApplication":[],"WebPage":[]},"graphName":"Article","isEnabled":true},"graphs":[]},"schema_type":"default","schema_type_options":null,"pillar_content":false,"robots_default":true,"robots_noindex":false,"robots_noarchive":false,"robots_nosnippet":false,"robots_nofollow":false,"robots_noimageindex":false,"robots_noodp":false,"robots_notranslate":false,"robots_max_snippet":null,"robots_max_videopreview":null,"robots_max_imagepreview":"large","priority":null,"frequency":null,"local_seo":null,"breadcrumb_settings":null,"limit_modified_date":false,"ai":null,"created":"2026-07-13 01:04:59","updated":"2026-07-13 01:13:26","focus_keyword":null,"additional_keywords":null,"truseo_locale":null,"seo_analyzer_scan_date":null},"aioseo_breadcrumb":"<div class=\"aioseo-breadcrumbs\"><span class=\"aioseo-breadcrumb\">\n\t\t\t<a href=\"https:\/\/www.encontrabomretiro.com.br\/sobre\" title=\"Dom\u00e9stica\">Dom\u00e9stica<\/a>\n\t\t<\/span><span class=\"aioseo-breadcrumb-separator\">&raquo;<\/span><span class=\"aioseo-breadcrumb\">\n\t\t\t<a href=\"https:\/\/www.encontrabomretiro.com.br\/sobre\/shows-no-bom-retiro\/\" title=\"Shows Bom Retiro\">Shows Bom Retiro<\/a>\n\t\t<\/span><span class=\"aioseo-breadcrumb-separator\">&raquo;<\/span><span class=\"aioseo-breadcrumb\">\n\t\t\tEspet\u00e1culos para ver no Sesc\n\t\t<\/span><\/div>","aioseo_breadcrumb_json":[{"label":"Dom\u00e9stica","link":"https:\/\/www.encontrabomretiro.com.br\/sobre"},{"label":"Shows Bom Retiro","link":"https:\/\/www.encontrabomretiro.com.br\/sobre\/shows-no-bom-retiro\/"},{"label":"Espet\u00e1culos para ver no Sesc","link":"https:\/\/www.encontrabomretiro.com.br\/sobre\/espetaculos-para-ver-no-sesc\/"}],"_links":{"self":[{"href":"https:\/\/www.encontrabomretiro.com.br\/sobre\/wp-json\/wp\/v2\/posts\/3093","targetHints":{"allow":["GET"]}}],"collection":[{"href":"https:\/\/www.encontrabomretiro.com.br\/sobre\/wp-json\/wp\/v2\/posts"}],"about":[{"href":"https:\/\/www.encontrabomretiro.com.br\/sobre\/wp-json\/wp\/v2\/types\/post"}],"author":[{"embeddable":true,"href":"https:\/\/www.encontrabomretiro.com.br\/sobre\/wp-json\/wp\/v2\/users\/1"}],"replies":[{"embeddable":true,"href":"https:\/\/www.encontrabomretiro.com.br\/sobre\/wp-json\/wp\/v2\/comments?post=3093"}],"version-history":[{"count":0,"href":"https:\/\/www.encontrabomretiro.com.br\/sobre\/wp-json\/wp\/v2\/posts\/3093\/revisions"}],"wp:featuredmedia":[{"embeddable":true,"href":"https:\/\/www.encontrabomretiro.com.br\/sobre\/wp-json\/wp\/v2\/media\/3092"}],"wp:attachment":[{"href":"https:\/\/www.encontrabomretiro.com.br\/sobre\/wp-json\/wp\/v2\/media?parent=3093"}],"wp:term":[{"taxonomy":"category","embeddable":true,"href":"https:\/\/www.encontrabomretiro.com.br\/sobre\/wp-json\/wp\/v2\/categories?post=3093"},{"taxonomy":"post_tag","embeddable":true,"href":"https:\/\/www.encontrabomretiro.com.br\/sobre\/wp-json\/wp\/v2\/tags?post=3093"}],"curies":[{"name":"wp","href":"https:\/\/api.w.org\/{rel}","templated":true}]}}