{"id":3085,"date":"2026-07-11T08:28:54","date_gmt":"2026-07-11T10:28:54","guid":{"rendered":"https:\/\/www.encontrabomretiro.com.br\/sobre\/periodo-eleitoral-entenda-o-que-muda-a-partir-deste-sabado-4\/"},"modified":"2026-07-11T08:28:54","modified_gmt":"2026-07-11T10:28:54","slug":"periodo-eleitoral-entenda-o-que-muda-a-partir-deste-sabado-4","status":"publish","type":"post","link":"https:\/\/www.encontrabomretiro.com.br\/sobre\/periodo-eleitoral-entenda-o-que-muda-a-partir-deste-sabado-4\/","title":{"rendered":"Per\u00edodo eleitoral: entenda o que muda a partir deste s\u00e1bado (4)"},"content":{"rendered":"<div class=\"228b65ae207de3c5c501cfe75875708b\" data-index=\"1\" style=\"float: none; margin:0px;\">\n<!-- Anuncio display - global -->\r\n<ins class=\"adsbygoogle\"\r\n     style=\"display:block\"\r\n     data-ad-client=\"ca-pub-8585364105181520\"\r\n     data-ad-slot=\"8789329856\"\r\n     data-ad-format=\"auto\"\r\n     data-full-width-responsive=\"true\"><\/ins>\r\n<script>\r\n     (adsbygoogle = window.adsbygoogle || []).push({});\r\n<\/script>\n<\/div>\n<h2>Mudan\u00e7as no Cen\u00e1rio Pol\u00edtico<\/h2>\n<p>Aos procedimentos eleitorais, muitas mudan\u00e7as surgem com a proximidade das elei\u00e7\u00f5es, especialmente a partir do s\u00e1bado, dia 4 de outubro. Nesse momento, candidatos a cargos pol\u00edticos devem se adaptar a um conjunto de regras que limitam suas a\u00e7\u00f5es, a fim de garantir a igualdade de condi\u00e7\u00f5es na disputa. As mudan\u00e7as que ocorrem nesse per\u00edodo t\u00eam como objetivo criar um ambiente mais justo e transparente para todos os concorrentes.<\/p>\n<h2>O que \u00e9 o Per\u00edodo Eleitoral?<\/h2>\n<p>O per\u00edodo eleitoral \u00e9 uma fase cr\u00edtica no processo democr\u00e1tico. Ele \u00e9 marcado por proibi\u00e7\u00f5es e regulamenta\u00e7\u00f5es espec\u00edficas sobre o que candidatos e agentes p\u00fablicos podem ou n\u00e3o fazer. Essas regras se aplicam desde a data de in\u00edcio do periodo eleitoral at\u00e9 o \u00faltimo dia das elei\u00e7\u00f5es, garantindo que n\u00e3o haja vantagens indevidas por parte de candidatos no uso de recursos p\u00fablicos e promovendo uma maior equidade entre todos os participantes.<\/p>\n<h2>Atividades Proibidas para Candidatos<\/h2>\n<p>Durante o per\u00edodo eleitoral, diversas proibi\u00e7\u00f5es s\u00e3o impostas a candidatos buscando prevenir abusos e garantir a isonomia durante a corrida eleitoral. As principais atividades que ficam vedadas incluem:<\/p>\n<p><img decoding=\"async\" src=\"https:\/\/www.encontrabomretiro.com.br\/sobre\/wp-content\/uploads\/2026\/07\/periodo-eleitoral-entenda-o-que-muda-a-partir-deste-sabado-4.webp\" alt=\"per\u00edodo eleitoral\" loading=\"lazy\" \/><\/p>\n<ul>\n<li><strong>Nomea\u00e7\u00f5es e Contrata\u00e7\u00f5es:<\/strong> A realiza\u00e7\u00e3o de novas nomea\u00e7\u00f5es ou contrata\u00e7\u00f5es passa a ser restrita, exceto aquelas previstas em lei e emergenciais.<\/li>\n<li><strong>Demiss\u00f5es Sem Justa Causa:<\/strong> Os candidatos n\u00e3o podem promover demiss\u00f5es imotivadas no aparato p\u00fablico.<\/li>\n<li><strong>Concess\u00e3o de Vantagens:<\/strong> \u00c9 proibido oferecer vantagens a servidores p\u00fablicos que possam influenciar suas decis\u00f5es.<\/li>\n<li><strong>Publicidade Institucional:<\/strong> A produ\u00e7\u00e3o e a divulga\u00e7\u00e3o de publicidade institucional s\u00e3o limitadas, reduzindo a promo\u00e7\u00e3o pessoal dos candidatos.<\/li>\n<li><strong>Transfer\u00eancias Volunt\u00e1rias:<\/strong> A libera\u00e7\u00e3o de recursos de maneira volunt\u00e1ria est\u00e1 vedada durante esse per\u00edodo.<\/li>\n<li><strong>Shows Art\u00edsticos:<\/strong> Eventos com fins art\u00edsticos custeados com dinheiro p\u00fablico est\u00e3o proibidos.<\/li>\n<li><strong>Inaugura\u00e7\u00f5es de Obras P\u00fablicas:<\/strong> Participa\u00e7\u00f5es em inaugura\u00e7\u00f5es e entregas de obras p\u00fablicas tamb\u00e9m s\u00e3o restringidas a fim de evitar aproveitamentos pol\u00edticos das obras em benef\u00edcio dos candidatos.<\/li>\n<\/ul>\n<h2>Impacto nas Obras P\u00fablicas<\/h2>\n<p>A proximidade do in\u00edcio do per\u00edodo eleitoral impacta diretamente as agendas de entrega e inaugura\u00e7\u00e3o de obras pelos candidatos. Com as regras que pro\u00edbem essas atividades, \u00e9 comum que muitos gestores procurem concluir as obras antes do in\u00edcio desse per\u00edodo, a fim de evitar penalidades e garantir que as inaugura\u00e7\u00f5es ocorram sem restri\u00e7\u00f5es. Essa situa\u00e7\u00e3o gera uma corrida pela finaliza\u00e7\u00e3o de projetos, o que pode influenciar a qualidade e o planejamento das infraestruturas.<\/p>\n<h2>Consequ\u00eancias para os Candidatos<\/h2>\n<p>Os candidatos que n\u00e3o respeitarem as proibi\u00e7\u00f5es enfrentam consequ\u00eancias que podem afetar suas campanhas. San\u00e7\u00f5es incluem multas ou at\u00e9 a inelegibilidade, que se instalar\u00e1 em caso de infra\u00e7\u00f5es graves. Al\u00e9m disso, candidatos que tentem burlar as regras podem comprometer sua credibilidade diante do eleitorado, o que pode resultar em rejei\u00e7\u00e3o nas urnas.<\/p>\n<h2>Dura\u00e7\u00e3o do Per\u00edodo Eleitoral<\/h2>\n<p>O per\u00edodo eleitoral come\u00e7a com a publica\u00e7\u00e3o do edital de nomea\u00e7\u00e3o das autoridades eleitorais e se estende at\u00e9 o dia das elei\u00e7\u00f5es. Para as elei\u00e7\u00f5es marcadas para 4 de outubro, o per\u00edodo \u00e9 ainda mais importante, pois define as regras que v\u00e3o conduzir a campanha eleitoral. No caso de um segundo turno, as restri\u00e7\u00f5es se prolongam at\u00e9 25 de janeiro do ano seguinte, afetando de forma significativa as din\u00e2micas pol\u00edticas em disputa.<\/p>\n<h2>O Papel da Justi\u00e7a Eleitoral<\/h2>\n<p>A Justi\u00e7a Eleitoral desempenha um papel fundamental nesse contexto, garantindo que as regras sejam cumpridas. Atrav\u00e9s de fiscaliza\u00e7\u00e3o e fiscaliza\u00e7\u00e3o das campanhas, a Justi\u00e7a Eleitoral busca coibir pr\u00e1ticas inadequadas e garantir um ambiente justo para todos os candidatos. A atua\u00e7\u00e3o desses \u00f3rg\u00e3os \u00e9 vital para manter a integridade do processo eleitoral e assegurar a confian\u00e7a do eleitor no sistema.<\/p>\n<h2>O que Fazer Durante este Per\u00edodo?<\/h2>\n<p>\u00c9 importante que os candidatos e suas equipes se mobilizem para revisar e ajustar suas estrat\u00e9gias. Nesse momento, o foco deve ser na constru\u00e7\u00e3o de uma narrativa que mantenha a conex\u00e3o com o eleitor, sem necessariamente promover atos que requeiram permiss\u00e3o legal. Tamb\u00e9m \u00e9 essencial utilizar as m\u00eddias sociais e outras plataformas digitais para manter o p\u00fablico engajado sem infrigir as regras.<\/p>\n<h2>Expectativas para a Elei\u00e7\u00e3o de 2026<\/h2>\n<p>Com a elei\u00e7\u00e3o de 2026 se aproximando, as expectativas est\u00e3o altas. A popula\u00e7\u00e3o aguarda candidatos comprometidos com suas propostas e que se mostrem dispostos a contribuir para a melhoria da sociedade. Essa elei\u00e7\u00e3o \u00e9 uma oportunidade importante para que novos rostos surjam na pol\u00edtica e tamb\u00e9m para que aqueles que j\u00e1 est\u00e3o em cena mostrem seu comprometimento e seu desempenho ao longo do mandato.<\/p>\n<h2>Encerramento das Restri\u00e7\u00f5es<\/h2>\n<p>Ap\u00f3s a conclus\u00e3o das elei\u00e7\u00f5es, o encerramento das restri\u00e7\u00f5es passa a ocorrer gradualmente. No primeiro turno, os candidatos que n\u00e3o forem eleitos podem retomar suas atividades normais a partir de 4 de janeiro de 2027. J\u00e1 aqueles que forem eleitos ter\u00e3o que aguardar a finaliza\u00e7\u00e3o do segundo turno para, ent\u00e3o, poderem retomar plenamente suas agendas e atividades na plataforma p\u00fablica.<\/p>\n\n<div style=\"font-size: 0px; height: 0px; line-height: 0px; margin: 0; padding: 0; clear: both;\"><\/div>","protected":false},"excerpt":{"rendered":"<p>Entenda como o per\u00edodo eleitoral impacta candidatos e servi\u00e7os p\u00fablicos.<\/p>\n","protected":false},"author":1,"featured_media":3084,"comment_status":"open","ping_status":"closed","sticky":false,"template":"","format":"standard","meta":{"footnotes":""},"categories":[6],"tags":[],"class_list":["post-3085","post","type-post","status-publish","format-standard","has-post-thumbnail","hentry","category-noticias-no-bom-retiro","has_thumb"],"aioseo_notices":[],"aioseo_head":"\n\t\t<!-- All in One SEO 5.0.0.1 - aioseo.com -->\n\t<meta name=\"description\" content=\"Entenda como o per\u00edodo eleitoral impacta candidatos e servi\u00e7os p\u00fablicos.\" \/>\n\t<meta name=\"robots\" content=\"max-image-preview:large\" \/>\n\t<meta name=\"author\" content=\"Encontra Bom Retiro\"\/>\n\t<link rel=\"canonical\" href=\"https:\/\/www.encontrabomretiro.com.br\/sobre\/periodo-eleitoral-entenda-o-que-muda-a-partir-deste-sabado-4\/\" \/>\n\t<meta name=\"generator\" content=\"All in One SEO (AIOSEO) 5.0.0.1\" \/>\n\t\t<meta property=\"og:locale\" content=\"pt_BR\" \/>\n\t\t<meta property=\"og:site_name\" content=\"Encontra Bom Retiro | Not\u00edcias, eventos, informa\u00e7\u00f5es e dicas no bairro do Bom Retiro e regi\u00e3o.\" \/>\n\t\t<meta property=\"og:type\" content=\"article\" \/>\n\t\t<meta property=\"og:title\" content=\"Per\u00edodo eleitoral: entenda o que muda a partir deste s\u00e1bado (4) | Encontra Bom Retiro\" \/>\n\t\t<meta property=\"og:description\" content=\"Entenda como o per\u00edodo eleitoral impacta candidatos e servi\u00e7os p\u00fablicos.\" \/>\n\t\t<meta property=\"og:url\" content=\"https:\/\/www.encontrabomretiro.com.br\/sobre\/periodo-eleitoral-entenda-o-que-muda-a-partir-deste-sabado-4\/\" \/>\n\t\t<meta property=\"article:published_time\" content=\"2026-07-11T10:28:54+00:00\" \/>\n\t\t<meta property=\"article:modified_time\" content=\"2026-07-11T10:28:54+00:00\" \/>\n\t\t<meta name=\"twitter:card\" content=\"summary_large_image\" \/>\n\t\t<meta name=\"twitter:title\" content=\"Per\u00edodo eleitoral: entenda o que muda a partir deste s\u00e1bado (4) | Encontra Bom Retiro\" \/>\n\t\t<meta name=\"twitter:description\" content=\"Entenda como o per\u00edodo eleitoral impacta candidatos e servi\u00e7os p\u00fablicos.\" \/>\n\t\t<script type=\"application\/ld+json\" class=\"aioseo-schema\">\n\t\t\t{\"@context\":\"https:\\\/\\\/schema.org\",\"@graph\":[{\"@type\":\"Article\",\"@id\":\"https:\\\/\\\/www.encontrabomretiro.com.br\\\/sobre\\\/periodo-eleitoral-entenda-o-que-muda-a-partir-deste-sabado-4\\\/#article\",\"name\":\"Per\\u00edodo eleitoral: entenda o que muda a partir deste s\\u00e1bado (4) | Encontra Bom Retiro\",\"headline\":\"Per\\u00edodo eleitoral: entenda o que muda a partir deste s\\u00e1bado (4)\",\"author\":{\"@id\":\"https:\\\/\\\/www.encontrabomretiro.com.br\\\/sobre\\\/author\\\/ebomretiro\\\/#author\"},\"publisher\":{\"@id\":\"https:\\\/\\\/www.encontrabomretiro.com.br\\\/sobre\\\/#organization\"},\"image\":{\"@type\":\"ImageObject\",\"url\":\"https:\\\/\\\/www.encontrabomretiro.com.br\\\/sobre\\\/wp-content\\\/uploads\\\/2026\\\/07\\\/periodo-eleitoral-entenda-o-que-muda-a-partir-deste-sabado-4.webp\",\"width\":280,\"height\":280,\"caption\":\"per\\u00edodo eleitoral\"},\"datePublished\":\"2026-07-11T08:28:54-02:00\",\"dateModified\":\"2026-07-11T08:28:54-02:00\",\"inLanguage\":\"pt-BR\",\"mainEntityOfPage\":{\"@id\":\"https:\\\/\\\/www.encontrabomretiro.com.br\\\/sobre\\\/periodo-eleitoral-entenda-o-que-muda-a-partir-deste-sabado-4\\\/#webpage\"},\"isPartOf\":{\"@id\":\"https:\\\/\\\/www.encontrabomretiro.com.br\\\/sobre\\\/periodo-eleitoral-entenda-o-que-muda-a-partir-deste-sabado-4\\\/#webpage\"},\"articleSection\":\"Not\\u00edcias Bom Retiro\"},{\"@type\":\"BreadcrumbList\",\"@id\":\"https:\\\/\\\/www.encontrabomretiro.com.br\\\/sobre\\\/periodo-eleitoral-entenda-o-que-muda-a-partir-deste-sabado-4\\\/#breadcrumblist\",\"itemListElement\":[{\"@type\":\"ListItem\",\"@id\":\"https:\\\/\\\/www.encontrabomretiro.com.br\\\/sobre#listItem\",\"position\":1,\"name\":\"Dom\\u00e9stica\",\"item\":\"https:\\\/\\\/www.encontrabomretiro.com.br\\\/sobre\",\"nextItem\":{\"@type\":\"ListItem\",\"@id\":\"https:\\\/\\\/www.encontrabomretiro.com.br\\\/sobre\\\/noticias-no-bom-retiro\\\/#listItem\",\"name\":\"Not\\u00edcias Bom Retiro\"}},{\"@type\":\"ListItem\",\"@id\":\"https:\\\/\\\/www.encontrabomretiro.com.br\\\/sobre\\\/noticias-no-bom-retiro\\\/#listItem\",\"position\":2,\"name\":\"Not\\u00edcias Bom Retiro\",\"item\":\"https:\\\/\\\/www.encontrabomretiro.com.br\\\/sobre\\\/noticias-no-bom-retiro\\\/\",\"nextItem\":{\"@type\":\"ListItem\",\"@id\":\"https:\\\/\\\/www.encontrabomretiro.com.br\\\/sobre\\\/periodo-eleitoral-entenda-o-que-muda-a-partir-deste-sabado-4\\\/#listItem\",\"name\":\"Per\\u00edodo eleitoral: entenda o que muda a partir deste s\\u00e1bado (4)\"},\"previousItem\":{\"@type\":\"ListItem\",\"@id\":\"https:\\\/\\\/www.encontrabomretiro.com.br\\\/sobre#listItem\",\"name\":\"Dom\\u00e9stica\"}},{\"@type\":\"ListItem\",\"@id\":\"https:\\\/\\\/www.encontrabomretiro.com.br\\\/sobre\\\/periodo-eleitoral-entenda-o-que-muda-a-partir-deste-sabado-4\\\/#listItem\",\"position\":3,\"name\":\"Per\\u00edodo eleitoral: entenda o que muda a partir deste s\\u00e1bado (4)\",\"previousItem\":{\"@type\":\"ListItem\",\"@id\":\"https:\\\/\\\/www.encontrabomretiro.com.br\\\/sobre\\\/noticias-no-bom-retiro\\\/#listItem\",\"name\":\"Not\\u00edcias Bom Retiro\"}}]},{\"@type\":\"Organization\",\"@id\":\"https:\\\/\\\/www.encontrabomretiro.com.br\\\/sobre\\\/#organization\",\"name\":\"Encontra Bom Retiro\",\"description\":\"Not\\u00edcias, eventos, informa\\u00e7\\u00f5es e dicas no bairro do Bom Retiro e regi\\u00e3o.\",\"url\":\"https:\\\/\\\/www.encontrabomretiro.com.br\\\/sobre\\\/\"},{\"@type\":\"Person\",\"@id\":\"https:\\\/\\\/www.encontrabomretiro.com.br\\\/sobre\\\/author\\\/ebomretiro\\\/#author\",\"url\":\"https:\\\/\\\/www.encontrabomretiro.com.br\\\/sobre\\\/author\\\/ebomretiro\\\/\",\"name\":\"Encontra Bom Retiro\",\"image\":{\"@type\":\"ImageObject\",\"@id\":\"https:\\\/\\\/www.encontrabomretiro.com.br\\\/sobre\\\/periodo-eleitoral-entenda-o-que-muda-a-partir-deste-sabado-4\\\/#authorImage\",\"url\":\"https:\\\/\\\/secure.gravatar.com\\\/avatar\\\/507340682b8270222e1f208e23198b6ae7e2c6a1033ae84e99bc6bce4f82a387?s=96&d=mm&r=g\",\"width\":96,\"height\":96,\"caption\":\"Encontra Bom Retiro\"}},{\"@type\":\"WebPage\",\"@id\":\"https:\\\/\\\/www.encontrabomretiro.com.br\\\/sobre\\\/periodo-eleitoral-entenda-o-que-muda-a-partir-deste-sabado-4\\\/#webpage\",\"url\":\"https:\\\/\\\/www.encontrabomretiro.com.br\\\/sobre\\\/periodo-eleitoral-entenda-o-que-muda-a-partir-deste-sabado-4\\\/\",\"name\":\"Per\\u00edodo eleitoral: entenda o que muda a partir deste s\\u00e1bado (4) | Encontra Bom Retiro\",\"description\":\"Entenda como o per\\u00edodo eleitoral impacta candidatos e servi\\u00e7os p\\u00fablicos.\",\"inLanguage\":\"pt-BR\",\"isPartOf\":{\"@id\":\"https:\\\/\\\/www.encontrabomretiro.com.br\\\/sobre\\\/#website\"},\"breadcrumb\":{\"@id\":\"https:\\\/\\\/www.encontrabomretiro.com.br\\\/sobre\\\/periodo-eleitoral-entenda-o-que-muda-a-partir-deste-sabado-4\\\/#breadcrumblist\"},\"author\":{\"@id\":\"https:\\\/\\\/www.encontrabomretiro.com.br\\\/sobre\\\/author\\\/ebomretiro\\\/#author\"},\"creator\":{\"@id\":\"https:\\\/\\\/www.encontrabomretiro.com.br\\\/sobre\\\/author\\\/ebomretiro\\\/#author\"},\"image\":{\"@type\":\"ImageObject\",\"url\":\"https:\\\/\\\/www.encontrabomretiro.com.br\\\/sobre\\\/wp-content\\\/uploads\\\/2026\\\/07\\\/periodo-eleitoral-entenda-o-que-muda-a-partir-deste-sabado-4.webp\",\"@id\":\"https:\\\/\\\/www.encontrabomretiro.com.br\\\/sobre\\\/periodo-eleitoral-entenda-o-que-muda-a-partir-deste-sabado-4\\\/#mainImage\",\"width\":280,\"height\":280,\"caption\":\"per\\u00edodo eleitoral\"},\"primaryImageOfPage\":{\"@id\":\"https:\\\/\\\/www.encontrabomretiro.com.br\\\/sobre\\\/periodo-eleitoral-entenda-o-que-muda-a-partir-deste-sabado-4\\\/#mainImage\"},\"datePublished\":\"2026-07-11T08:28:54-02:00\",\"dateModified\":\"2026-07-11T08:28:54-02:00\"},{\"@type\":\"WebSite\",\"@id\":\"https:\\\/\\\/www.encontrabomretiro.com.br\\\/sobre\\\/#website\",\"url\":\"https:\\\/\\\/www.encontrabomretiro.com.br\\\/sobre\\\/\",\"name\":\"Encontra Bom Retiro\",\"description\":\"Not\\u00edcias, eventos, informa\\u00e7\\u00f5es e dicas no bairro do Bom Retiro e regi\\u00e3o.\",\"inLanguage\":\"pt-BR\",\"publisher\":{\"@id\":\"https:\\\/\\\/www.encontrabomretiro.com.br\\\/sobre\\\/#organization\"}}]}\n\t\t<\/script>\n\t\t<!-- All in One SEO -->\n\n","aioseo_head_json":{"title":"Per\u00edodo eleitoral: entenda o que muda a partir deste s\u00e1bado (4) | Encontra Bom Retiro","description":"Entenda como o per\u00edodo eleitoral impacta candidatos e servi\u00e7os p\u00fablicos.","canonical_url":"https:\/\/www.encontrabomretiro.com.br\/sobre\/periodo-eleitoral-entenda-o-que-muda-a-partir-deste-sabado-4\/","robots":"max-image-preview:large","keywords":"","webmasterTools":{"miscellaneous":""},"schema":{"@context":"https:\/\/schema.org","@graph":[{"@type":"Article","@id":"https:\/\/www.encontrabomretiro.com.br\/sobre\/periodo-eleitoral-entenda-o-que-muda-a-partir-deste-sabado-4\/#article","name":"Per\u00edodo eleitoral: entenda o que muda a partir deste s\u00e1bado (4) | Encontra Bom Retiro","headline":"Per\u00edodo eleitoral: entenda o que muda a partir deste s\u00e1bado (4)","author":{"@id":"https:\/\/www.encontrabomretiro.com.br\/sobre\/author\/ebomretiro\/#author"},"publisher":{"@id":"https:\/\/www.encontrabomretiro.com.br\/sobre\/#organization"},"image":{"@type":"ImageObject","url":"https:\/\/www.encontrabomretiro.com.br\/sobre\/wp-content\/uploads\/2026\/07\/periodo-eleitoral-entenda-o-que-muda-a-partir-deste-sabado-4.webp","width":280,"height":280,"caption":"per\u00edodo eleitoral"},"datePublished":"2026-07-11T08:28:54-02:00","dateModified":"2026-07-11T08:28:54-02:00","inLanguage":"pt-BR","mainEntityOfPage":{"@id":"https:\/\/www.encontrabomretiro.com.br\/sobre\/periodo-eleitoral-entenda-o-que-muda-a-partir-deste-sabado-4\/#webpage"},"isPartOf":{"@id":"https:\/\/www.encontrabomretiro.com.br\/sobre\/periodo-eleitoral-entenda-o-que-muda-a-partir-deste-sabado-4\/#webpage"},"articleSection":"Not\u00edcias Bom Retiro"},{"@type":"BreadcrumbList","@id":"https:\/\/www.encontrabomretiro.com.br\/sobre\/periodo-eleitoral-entenda-o-que-muda-a-partir-deste-sabado-4\/#breadcrumblist","itemListElement":[{"@type":"ListItem","@id":"https:\/\/www.encontrabomretiro.com.br\/sobre#listItem","position":1,"name":"Dom\u00e9stica","item":"https:\/\/www.encontrabomretiro.com.br\/sobre","nextItem":{"@type":"ListItem","@id":"https:\/\/www.encontrabomretiro.com.br\/sobre\/noticias-no-bom-retiro\/#listItem","name":"Not\u00edcias Bom Retiro"}},{"@type":"ListItem","@id":"https:\/\/www.encontrabomretiro.com.br\/sobre\/noticias-no-bom-retiro\/#listItem","position":2,"name":"Not\u00edcias Bom Retiro","item":"https:\/\/www.encontrabomretiro.com.br\/sobre\/noticias-no-bom-retiro\/","nextItem":{"@type":"ListItem","@id":"https:\/\/www.encontrabomretiro.com.br\/sobre\/periodo-eleitoral-entenda-o-que-muda-a-partir-deste-sabado-4\/#listItem","name":"Per\u00edodo eleitoral: entenda o que muda a partir deste s\u00e1bado (4)"},"previousItem":{"@type":"ListItem","@id":"https:\/\/www.encontrabomretiro.com.br\/sobre#listItem","name":"Dom\u00e9stica"}},{"@type":"ListItem","@id":"https:\/\/www.encontrabomretiro.com.br\/sobre\/periodo-eleitoral-entenda-o-que-muda-a-partir-deste-sabado-4\/#listItem","position":3,"name":"Per\u00edodo eleitoral: entenda o que muda a partir deste s\u00e1bado (4)","previousItem":{"@type":"ListItem","@id":"https:\/\/www.encontrabomretiro.com.br\/sobre\/noticias-no-bom-retiro\/#listItem","name":"Not\u00edcias Bom Retiro"}}]},{"@type":"Organization","@id":"https:\/\/www.encontrabomretiro.com.br\/sobre\/#organization","name":"Encontra Bom Retiro","description":"Not\u00edcias, eventos, informa\u00e7\u00f5es e dicas no bairro do Bom Retiro e regi\u00e3o.","url":"https:\/\/www.encontrabomretiro.com.br\/sobre\/"},{"@type":"Person","@id":"https:\/\/www.encontrabomretiro.com.br\/sobre\/author\/ebomretiro\/#author","url":"https:\/\/www.encontrabomretiro.com.br\/sobre\/author\/ebomretiro\/","name":"Encontra Bom Retiro","image":{"@type":"ImageObject","@id":"https:\/\/www.encontrabomretiro.com.br\/sobre\/periodo-eleitoral-entenda-o-que-muda-a-partir-deste-sabado-4\/#authorImage","url":"https:\/\/secure.gravatar.com\/avatar\/507340682b8270222e1f208e23198b6ae7e2c6a1033ae84e99bc6bce4f82a387?s=96&d=mm&r=g","width":96,"height":96,"caption":"Encontra Bom Retiro"}},{"@type":"WebPage","@id":"https:\/\/www.encontrabomretiro.com.br\/sobre\/periodo-eleitoral-entenda-o-que-muda-a-partir-deste-sabado-4\/#webpage","url":"https:\/\/www.encontrabomretiro.com.br\/sobre\/periodo-eleitoral-entenda-o-que-muda-a-partir-deste-sabado-4\/","name":"Per\u00edodo eleitoral: entenda o que muda a partir deste s\u00e1bado (4) | Encontra Bom Retiro","description":"Entenda como o per\u00edodo eleitoral impacta candidatos e servi\u00e7os p\u00fablicos.","inLanguage":"pt-BR","isPartOf":{"@id":"https:\/\/www.encontrabomretiro.com.br\/sobre\/#website"},"breadcrumb":{"@id":"https:\/\/www.encontrabomretiro.com.br\/sobre\/periodo-eleitoral-entenda-o-que-muda-a-partir-deste-sabado-4\/#breadcrumblist"},"author":{"@id":"https:\/\/www.encontrabomretiro.com.br\/sobre\/author\/ebomretiro\/#author"},"creator":{"@id":"https:\/\/www.encontrabomretiro.com.br\/sobre\/author\/ebomretiro\/#author"},"image":{"@type":"ImageObject","url":"https:\/\/www.encontrabomretiro.com.br\/sobre\/wp-content\/uploads\/2026\/07\/periodo-eleitoral-entenda-o-que-muda-a-partir-deste-sabado-4.webp","@id":"https:\/\/www.encontrabomretiro.com.br\/sobre\/periodo-eleitoral-entenda-o-que-muda-a-partir-deste-sabado-4\/#mainImage","width":280,"height":280,"caption":"per\u00edodo eleitoral"},"primaryImageOfPage":{"@id":"https:\/\/www.encontrabomretiro.com.br\/sobre\/periodo-eleitoral-entenda-o-que-muda-a-partir-deste-sabado-4\/#mainImage"},"datePublished":"2026-07-11T08:28:54-02:00","dateModified":"2026-07-11T08:28:54-02:00"},{"@type":"WebSite","@id":"https:\/\/www.encontrabomretiro.com.br\/sobre\/#website","url":"https:\/\/www.encontrabomretiro.com.br\/sobre\/","name":"Encontra Bom Retiro","description":"Not\u00edcias, eventos, informa\u00e7\u00f5es e dicas no bairro do Bom Retiro e regi\u00e3o.","inLanguage":"pt-BR","publisher":{"@id":"https:\/\/www.encontrabomretiro.com.br\/sobre\/#organization"}}]},"og:locale":"pt_BR","og:site_name":"Encontra Bom Retiro | Not\u00edcias, eventos, informa\u00e7\u00f5es e dicas no bairro do Bom Retiro e regi\u00e3o.","og:type":"article","og:title":"Per\u00edodo eleitoral: entenda o que muda a partir deste s\u00e1bado (4) | Encontra Bom Retiro","og:description":"Entenda como o per\u00edodo eleitoral impacta candidatos e servi\u00e7os p\u00fablicos.","og:url":"https:\/\/www.encontrabomretiro.com.br\/sobre\/periodo-eleitoral-entenda-o-que-muda-a-partir-deste-sabado-4\/","article:published_time":"2026-07-11T10:28:54+00:00","article:modified_time":"2026-07-11T10:28:54+00:00","twitter:card":"summary_large_image","twitter:title":"Per\u00edodo eleitoral: entenda o que muda a partir deste s\u00e1bado (4) | Encontra Bom Retiro","twitter:description":"Entenda como o per\u00edodo eleitoral impacta candidatos e servi\u00e7os p\u00fablicos."},"aioseo_meta_data":{"post_id":"3085","title":null,"description":null,"keywords":null,"keyphrases":null,"primary_term":null,"canonical_url":null,"og_title":null,"og_description":null,"og_object_type":"default","og_image_type":"default","og_image_url":null,"og_image_width":null,"og_image_height":null,"og_image_custom_url":null,"og_image_custom_fields":null,"og_video":null,"og_custom_url":null,"og_article_section":null,"og_article_tags":null,"twitter_use_og":false,"twitter_card":"default","twitter_image_type":"default","twitter_image_url":null,"twitter_image_custom_url":null,"twitter_image_custom_fields":null,"twitter_title":null,"twitter_description":null,"schema":{"blockGraphs":[],"customGraphs":[],"default":{"data":{"Article":[],"Course":[],"Dataset":[],"FAQPage":[],"Movie":[],"Person":[],"Product":[],"ProductReview":[],"Car":[],"Recipe":[],"Service":[],"SoftwareApplication":[],"WebPage":[]},"graphName":"Article","isEnabled":true},"graphs":[]},"schema_type":"default","schema_type_options":null,"pillar_content":false,"robots_default":true,"robots_noindex":false,"robots_noarchive":false,"robots_nosnippet":false,"robots_nofollow":false,"robots_noimageindex":false,"robots_noodp":false,"robots_notranslate":false,"robots_max_snippet":null,"robots_max_videopreview":null,"robots_max_imagepreview":"large","priority":null,"frequency":null,"local_seo":null,"breadcrumb_settings":null,"limit_modified_date":false,"ai":null,"created":"2026-07-11 10:28:56","updated":"2026-07-11 10:29:47","focus_keyword":null,"additional_keywords":null,"truseo_locale":null,"seo_analyzer_scan_date":null},"aioseo_breadcrumb":"<div class=\"aioseo-breadcrumbs\"><span class=\"aioseo-breadcrumb\">\n\t\t\t<a href=\"https:\/\/www.encontrabomretiro.com.br\/sobre\" title=\"Dom\u00e9stica\">Dom\u00e9stica<\/a>\n\t\t<\/span><span class=\"aioseo-breadcrumb-separator\">&raquo;<\/span><span class=\"aioseo-breadcrumb\">\n\t\t\t<a href=\"https:\/\/www.encontrabomretiro.com.br\/sobre\/noticias-no-bom-retiro\/\" title=\"Not\u00edcias Bom Retiro\">Not\u00edcias Bom Retiro<\/a>\n\t\t<\/span><span class=\"aioseo-breadcrumb-separator\">&raquo;<\/span><span class=\"aioseo-breadcrumb\">\n\t\t\tPer\u00edodo eleitoral: entenda o que muda a partir deste s\u00e1bado (4)\n\t\t<\/span><\/div>","aioseo_breadcrumb_json":[{"label":"Dom\u00e9stica","link":"https:\/\/www.encontrabomretiro.com.br\/sobre"},{"label":"Not\u00edcias Bom Retiro","link":"https:\/\/www.encontrabomretiro.com.br\/sobre\/noticias-no-bom-retiro\/"},{"label":"Per\u00edodo eleitoral: entenda o que muda a partir deste s\u00e1bado (4)","link":"https:\/\/www.encontrabomretiro.com.br\/sobre\/periodo-eleitoral-entenda-o-que-muda-a-partir-deste-sabado-4\/"}],"_links":{"self":[{"href":"https:\/\/www.encontrabomretiro.com.br\/sobre\/wp-json\/wp\/v2\/posts\/3085","targetHints":{"allow":["GET"]}}],"collection":[{"href":"https:\/\/www.encontrabomretiro.com.br\/sobre\/wp-json\/wp\/v2\/posts"}],"about":[{"href":"https:\/\/www.encontrabomretiro.com.br\/sobre\/wp-json\/wp\/v2\/types\/post"}],"author":[{"embeddable":true,"href":"https:\/\/www.encontrabomretiro.com.br\/sobre\/wp-json\/wp\/v2\/users\/1"}],"replies":[{"embeddable":true,"href":"https:\/\/www.encontrabomretiro.com.br\/sobre\/wp-json\/wp\/v2\/comments?post=3085"}],"version-history":[{"count":0,"href":"https:\/\/www.encontrabomretiro.com.br\/sobre\/wp-json\/wp\/v2\/posts\/3085\/revisions"}],"wp:featuredmedia":[{"embeddable":true,"href":"https:\/\/www.encontrabomretiro.com.br\/sobre\/wp-json\/wp\/v2\/media\/3084"}],"wp:attachment":[{"href":"https:\/\/www.encontrabomretiro.com.br\/sobre\/wp-json\/wp\/v2\/media?parent=3085"}],"wp:term":[{"taxonomy":"category","embeddable":true,"href":"https:\/\/www.encontrabomretiro.com.br\/sobre\/wp-json\/wp\/v2\/categories?post=3085"},{"taxonomy":"post_tag","embeddable":true,"href":"https:\/\/www.encontrabomretiro.com.br\/sobre\/wp-json\/wp\/v2\/tags?post=3085"}],"curies":[{"name":"wp","href":"https:\/\/api.w.org\/{rel}","templated":true}]}}