{"id":3079,"date":"2026-07-10T13:15:33","date_gmt":"2026-07-10T15:15:33","guid":{"rendered":"https:\/\/www.encontrabomretiro.com.br\/sobre\/circo-luz-inaugura-no-centro-de-sao-paulo-com-programacao-gratuita-e-foco-em-direitos-humanos\/"},"modified":"2026-07-10T13:15:33","modified_gmt":"2026-07-10T15:15:33","slug":"circo-luz-inaugura-no-centro-de-sao-paulo-com-programacao-gratuita-e-foco-em-direitos-humanos","status":"publish","type":"post","link":"https:\/\/www.encontrabomretiro.com.br\/sobre\/circo-luz-inaugura-no-centro-de-sao-paulo-com-programacao-gratuita-e-foco-em-direitos-humanos\/","title":{"rendered":"Circo Luz inaugura no Centro de S\u00e3o Paulo com programa\u00e7\u00e3o gratuita e foco em direitos humanos"},"content":{"rendered":"<div class=\"228b65ae207de3c5c501cfe75875708b\" data-index=\"1\" style=\"float: none; margin:0px;\">\n<!-- Anuncio display - global -->\r\n<ins class=\"adsbygoogle\"\r\n     style=\"display:block\"\r\n     data-ad-client=\"ca-pub-8585364105181520\"\r\n     data-ad-slot=\"8789329856\"\r\n     data-ad-format=\"auto\"\r\n     data-full-width-responsive=\"true\"><\/ins>\r\n<script>\r\n     (adsbygoogle = window.adsbygoogle || []).push({});\r\n<\/script>\n<\/div>\n<h2>Circo Luz: Um Novo Espa\u00e7o Cultural<\/h2>\n<p>A partir do dia 1\u00ba de julho, o <strong>Circo Luz<\/strong> ser\u00e1 inaugurado no Bom Retiro, \u00e1rea central de S\u00e3o Paulo. Este espa\u00e7o cultural, projetado especialmente para promover os direitos humanos, foi criado pelo <strong>Instituto Luz<\/strong>. Com uma lona permanente, o Circo Luz ter\u00e1 como proposta oferecer uma variedade de atividades art\u00edsticas e culturais, incluindo teatro, circo, m\u00fasica, literatura e cinema, todas gratuitas.<\/p>\n<h2>Benef\u00edcios da Programa\u00e7\u00e3o Gratuita<\/h2>\n<p>A gratuidade das atividades permite acesso a toda a popula\u00e7\u00e3o, especialmente \u00e0queles que frequentemente enfrentam barreiras financeiras para desfrutar de cultura. A programa\u00e7\u00e3o do Circo Luz \u00e9 inteiramente voltada para:<\/p>\n<ul>\n<li><strong>Promo\u00e7\u00e3o da Inclus\u00e3o:<\/strong> Garantindo que todos, independentemente de sua situa\u00e7\u00e3o socioecon\u00f4mica, possam ter acesso \u00e0 arte.<\/li>\n<li><strong>Desenvolvimento Comunit\u00e1rio:<\/strong> Fomentando um ambiente de aprendizado e troca cultural entre os participantes.<\/li>\n<li><strong>Fortalecimento de Redes Sociais:<\/strong> Criando conex\u00f5es e solidariedade entre diferentes grupos sociais.<\/li>\n<\/ul>\n<h2>Direitos Humanos e Arte: Uma Conex\u00e3o Vital<\/h2>\n<p>A arte \u00e9 uma forma poderosa de express\u00e3o e, no contexto do Circo Luz, ela se torna uma ferramenta para discutir e promover os direitos humanos. Atrav\u00e9s das diversas apresenta\u00e7\u00f5es e oficinas, o circo busca sensibilizar o p\u00fablico sobre:<\/p>\n<p><img decoding=\"async\" src=\"https:\/\/www.encontrabomretiro.com.br\/sobre\/wp-content\/uploads\/2026\/07\/circo-luz-inaugura-no-centro-de-sao-paulo-com-programacao-gratuita-e-foco-em-direitos-humanos.webp\" alt=\"Circo Luz\" loading=\"lazy\" \/><\/p>\n<ul>\n<li><strong>Justi\u00e7a Social:<\/strong> Com temas que abordam a desigualdade e a luta por direitos iguais.<\/li>\n<li><strong>Respeito \u00e0 Diversidade:<\/strong> Celebrando a pluralidade cultural, \u00e9tnica e de g\u00eanero.<\/li>\n<li><strong>Consci\u00eancia Cr\u00edtica:<\/strong> Estimulando o pensamento cr\u00edtico sobre quest\u00f5es sociais contempor\u00e2neas.<\/li>\n<\/ul>\n<h2>A Import\u00e2ncia do Circo Luz para a Comunidade<\/h2>\n<p>O Circo Luz n\u00e3o \u00e9 apenas um espa\u00e7o para entretenimento, mas um local onde a comunidade pode se reunir para:<\/p>\n<ul>\n<li><strong>Participar de Atividades Formativas:<\/strong> Workshops e cursos que visam capacitar indiv\u00edduos e grupos.<\/li>\n<li><strong>Fomentar a Cultura Local:<\/strong> Incentivando artistas e coletivos da regi\u00e3o a se apresentarem e se expressarem.<\/li>\n<li><strong>Construir Identidade Coletiva:<\/strong> Fortalecendo la\u00e7os comunit\u00e1rios por meio da intera\u00e7\u00e3o com a arte.<\/li>\n<\/ul>\n<h2>Leona Jhovs: Lideran\u00e7a e Ativismo<\/h2>\n<p>A figura que lidera este projeto \u00e9 <strong>Leona Jhovs<\/strong>, uma artista e ativista reconhecida por seu trabalho em prol dos direitos humanos. Como presidenta do Instituto Luz, ela enfatiza a import\u00e2ncia da arte como meio de transforma\u00e7\u00e3o. Sob sua lideran\u00e7a, o Circo Luz aspira a:<\/p>\n<ul>\n<li><strong>Estimular a Criatividade:<\/strong> Encorajando a express\u00e3o art\u00edstica como um ato de resist\u00eancia e empoderamento.<\/li>\n<li><strong>Gerar Conscientiza\u00e7\u00e3o:<\/strong> Usando a arte para alertar sobre quest\u00f5es sociais e promover a reflex\u00e3o cr\u00edtica.<\/li>\n<\/ul>\n<h2>Como o Circo Luz Apoiar\u00e1 Popula\u00e7\u00f5es Marginalizadas<\/h2>\n<p>Um dos focos do Circo Luz ser\u00e1 atender popula\u00e7\u00f5es historicamente marginalizadas, como:<\/p>\n<ul>\n<li><strong>Pessoas em Situa\u00e7\u00e3o de Rua:<\/strong> Proporcionando um espa\u00e7o seguro e acolhedor.<\/li>\n<li><strong>Comunidade LGBTQIAPN+: <\/strong> Oferecendo um espa\u00e7o inclusivo que celebre a diversidade.<\/li>\n<li><strong>Moradores de Ocupa\u00e7\u00f5es:<\/strong> Dando voz e visibilidade a essas comunidades.<\/li>\n<\/ul>\n<h2>Instala\u00e7\u00f5es Permanentes e Programa\u00e7\u00e3o Variada<\/h2>\n<p>O Circo Luz se destaca pela infraestrutura que ir\u00e1 abrigar diversas atividades. Ele contar\u00e1 com:<\/p>\n<ul>\n<li><strong>Espa\u00e7os para Oficinas:<\/strong> Equipados para cursos e treinamentos nas mais variadas linguagens art\u00edsticas.<\/li>\n<li><strong>Audit\u00f3rios:<\/strong> Para espect\u00e1culos teatrais, performances e exibi\u00e7\u00f5es de filmes.<\/li>\n<li><strong>\u00c1reas de Conviv\u00eancia:<\/strong> Para o p\u00fablico socializar e trocar experi\u00eancias.<\/li>\n<\/ul>\n<h2>Parcerias e Colabora\u00e7\u00f5es na Cria\u00e7\u00e3o do Circo<\/h2>\n<p>O Circo Luz resulta de uma colabora\u00e7\u00e3o entre diversas entidades, incluindo grupos locais e artistas independentes. Essa rede inclui:<\/p>\n<ul>\n<li><strong>Teatro Popular Uni\u00e3o e Olho Vivo:<\/strong> Colaborando na cria\u00e7\u00e3o de uma programa\u00e7\u00e3o diversificada.<\/li>\n<li><strong>Coletivos Art\u00edsticos:<\/strong> Como Trupecar e Teatro de Mulheres da Mafalda, fortalecendo a cena cultural da regi\u00e3o.<\/li>\n<\/ul>\n<h2>Impacto Social do Circo Luz em S\u00e3o Paulo<\/h2>\n<p>A inaugura\u00e7\u00e3o do Circo Luz promete causar um impacto significativo na comunidade. Os benef\u00edcios incluem:<\/p>\n<ul>\n<li><strong>Aumento do Acesso \u00e0 Cultura:<\/strong> Com mais oportunidades de participa\u00e7\u00e3o cultural para todos.<\/li>\n<li><strong>Cria\u00e7\u00e3o de Empregos:<\/strong> Com a gera\u00e7\u00e3o de novas posi\u00e7\u00f5es para artistas e profissionais da cultura.<\/li>\n<\/ul>\n<h2>O Futuro da Cultura no Centro de S\u00e3o Paulo<\/h2>\n<p>O Circo Luz \u00e9 visto como um marco na revitaliza\u00e7\u00e3o cultural do Centro de S\u00e3o Paulo. Espera-se que ele:<\/p>\n<ul>\n<li><strong>Se torne um Ponto de Refer\u00eancia:<\/strong> Para eventos culturais e art\u00edsticos.<\/li>\n<li><strong>Inspire Novos Projetos:<\/strong> Servindo como modelo para iniciativas semelhantes em outras regi\u00f5es.<\/li>\n<\/ul>\n<p>Essa nova proposta cultural n\u00e3o s\u00f3 emergir\u00e1 como um espa\u00e7o de entretenimento, mas tamb\u00e9m como um centro de resist\u00eancia e esperan\u00e7a para as comunidades carentes.<\/p>\n\n<div style=\"font-size: 0px; height: 0px; line-height: 0px; margin: 0; padding: 0; clear: both;\"><\/div>","protected":false},"excerpt":{"rendered":"<p>Circo Luz inaugura em S\u00e3o Paulo com programa\u00e7\u00e3o gratuita focada em direitos humanos.<\/p>\n","protected":false},"author":1,"featured_media":3078,"comment_status":"open","ping_status":"closed","sticky":false,"template":"","format":"standard","meta":{"footnotes":""},"categories":[17],"tags":[],"class_list":["post-3079","post","type-post","status-publish","format-standard","has-post-thumbnail","hentry","category-cultura-no-bom-retiro","has_thumb"],"aioseo_notices":[],"aioseo_head":"\n\t\t<!-- All in One SEO 5.0.0.1 - aioseo.com -->\n\t<meta name=\"description\" content=\"Circo Luz inaugura em S\u00e3o Paulo com programa\u00e7\u00e3o gratuita focada em direitos humanos.\" \/>\n\t<meta name=\"robots\" content=\"max-image-preview:large\" \/>\n\t<meta name=\"author\" content=\"Encontra Bom Retiro\"\/>\n\t<link rel=\"canonical\" href=\"https:\/\/www.encontrabomretiro.com.br\/sobre\/circo-luz-inaugura-no-centro-de-sao-paulo-com-programacao-gratuita-e-foco-em-direitos-humanos\/\" \/>\n\t<meta name=\"generator\" content=\"All in One SEO (AIOSEO) 5.0.0.1\" \/>\n\t\t<meta property=\"og:locale\" content=\"pt_BR\" \/>\n\t\t<meta property=\"og:site_name\" content=\"Encontra Bom Retiro | Not\u00edcias, eventos, informa\u00e7\u00f5es e dicas no bairro do Bom Retiro e regi\u00e3o.\" \/>\n\t\t<meta property=\"og:type\" content=\"article\" \/>\n\t\t<meta property=\"og:title\" content=\"Circo Luz inaugura no Centro de S\u00e3o Paulo com programa\u00e7\u00e3o gratuita e foco em direitos humanos | Encontra Bom Retiro\" \/>\n\t\t<meta property=\"og:description\" content=\"Circo Luz inaugura em S\u00e3o Paulo com programa\u00e7\u00e3o gratuita focada em direitos humanos.\" \/>\n\t\t<meta property=\"og:url\" content=\"https:\/\/www.encontrabomretiro.com.br\/sobre\/circo-luz-inaugura-no-centro-de-sao-paulo-com-programacao-gratuita-e-foco-em-direitos-humanos\/\" \/>\n\t\t<meta property=\"article:published_time\" content=\"2026-07-10T15:15:33+00:00\" \/>\n\t\t<meta property=\"article:modified_time\" content=\"2026-07-10T15:15:33+00:00\" \/>\n\t\t<meta name=\"twitter:card\" content=\"summary_large_image\" \/>\n\t\t<meta name=\"twitter:title\" content=\"Circo Luz inaugura no Centro de S\u00e3o Paulo com programa\u00e7\u00e3o gratuita e foco em direitos humanos | Encontra Bom Retiro\" \/>\n\t\t<meta name=\"twitter:description\" content=\"Circo Luz inaugura em S\u00e3o Paulo com programa\u00e7\u00e3o gratuita focada em direitos humanos.\" \/>\n\t\t<script type=\"application\/ld+json\" class=\"aioseo-schema\">\n\t\t\t{\"@context\":\"https:\\\/\\\/schema.org\",\"@graph\":[{\"@type\":\"Article\",\"@id\":\"https:\\\/\\\/www.encontrabomretiro.com.br\\\/sobre\\\/circo-luz-inaugura-no-centro-de-sao-paulo-com-programacao-gratuita-e-foco-em-direitos-humanos\\\/#article\",\"name\":\"Circo Luz inaugura no Centro de S\\u00e3o Paulo com programa\\u00e7\\u00e3o gratuita e foco em direitos humanos | Encontra Bom Retiro\",\"headline\":\"Circo Luz inaugura no Centro de S\\u00e3o Paulo com programa\\u00e7\\u00e3o gratuita e foco em direitos humanos\",\"author\":{\"@id\":\"https:\\\/\\\/www.encontrabomretiro.com.br\\\/sobre\\\/author\\\/ebomretiro\\\/#author\"},\"publisher\":{\"@id\":\"https:\\\/\\\/www.encontrabomretiro.com.br\\\/sobre\\\/#organization\"},\"image\":{\"@type\":\"ImageObject\",\"url\":\"https:\\\/\\\/www.encontrabomretiro.com.br\\\/sobre\\\/wp-content\\\/uploads\\\/2026\\\/07\\\/circo-luz-inaugura-no-centro-de-sao-paulo-com-programacao-gratuita-e-foco-em-direitos-humanos.webp\",\"width\":280,\"height\":280,\"caption\":\"Circo Luz\"},\"datePublished\":\"2026-07-10T13:15:33-02:00\",\"dateModified\":\"2026-07-10T13:15:33-02:00\",\"inLanguage\":\"pt-BR\",\"mainEntityOfPage\":{\"@id\":\"https:\\\/\\\/www.encontrabomretiro.com.br\\\/sobre\\\/circo-luz-inaugura-no-centro-de-sao-paulo-com-programacao-gratuita-e-foco-em-direitos-humanos\\\/#webpage\"},\"isPartOf\":{\"@id\":\"https:\\\/\\\/www.encontrabomretiro.com.br\\\/sobre\\\/circo-luz-inaugura-no-centro-de-sao-paulo-com-programacao-gratuita-e-foco-em-direitos-humanos\\\/#webpage\"},\"articleSection\":\"Cultura Bom Retiro\"},{\"@type\":\"BreadcrumbList\",\"@id\":\"https:\\\/\\\/www.encontrabomretiro.com.br\\\/sobre\\\/circo-luz-inaugura-no-centro-de-sao-paulo-com-programacao-gratuita-e-foco-em-direitos-humanos\\\/#breadcrumblist\",\"itemListElement\":[{\"@type\":\"ListItem\",\"@id\":\"https:\\\/\\\/www.encontrabomretiro.com.br\\\/sobre#listItem\",\"position\":1,\"name\":\"Dom\\u00e9stica\",\"item\":\"https:\\\/\\\/www.encontrabomretiro.com.br\\\/sobre\",\"nextItem\":{\"@type\":\"ListItem\",\"@id\":\"https:\\\/\\\/www.encontrabomretiro.com.br\\\/sobre\\\/cultura-no-bom-retiro\\\/#listItem\",\"name\":\"Cultura Bom Retiro\"}},{\"@type\":\"ListItem\",\"@id\":\"https:\\\/\\\/www.encontrabomretiro.com.br\\\/sobre\\\/cultura-no-bom-retiro\\\/#listItem\",\"position\":2,\"name\":\"Cultura Bom Retiro\",\"item\":\"https:\\\/\\\/www.encontrabomretiro.com.br\\\/sobre\\\/cultura-no-bom-retiro\\\/\",\"nextItem\":{\"@type\":\"ListItem\",\"@id\":\"https:\\\/\\\/www.encontrabomretiro.com.br\\\/sobre\\\/circo-luz-inaugura-no-centro-de-sao-paulo-com-programacao-gratuita-e-foco-em-direitos-humanos\\\/#listItem\",\"name\":\"Circo Luz inaugura no Centro de S\\u00e3o Paulo com programa\\u00e7\\u00e3o gratuita e foco em direitos humanos\"},\"previousItem\":{\"@type\":\"ListItem\",\"@id\":\"https:\\\/\\\/www.encontrabomretiro.com.br\\\/sobre#listItem\",\"name\":\"Dom\\u00e9stica\"}},{\"@type\":\"ListItem\",\"@id\":\"https:\\\/\\\/www.encontrabomretiro.com.br\\\/sobre\\\/circo-luz-inaugura-no-centro-de-sao-paulo-com-programacao-gratuita-e-foco-em-direitos-humanos\\\/#listItem\",\"position\":3,\"name\":\"Circo Luz inaugura no Centro de S\\u00e3o Paulo com programa\\u00e7\\u00e3o gratuita e foco em direitos humanos\",\"previousItem\":{\"@type\":\"ListItem\",\"@id\":\"https:\\\/\\\/www.encontrabomretiro.com.br\\\/sobre\\\/cultura-no-bom-retiro\\\/#listItem\",\"name\":\"Cultura Bom Retiro\"}}]},{\"@type\":\"Organization\",\"@id\":\"https:\\\/\\\/www.encontrabomretiro.com.br\\\/sobre\\\/#organization\",\"name\":\"Encontra Bom Retiro\",\"description\":\"Not\\u00edcias, eventos, informa\\u00e7\\u00f5es e dicas no bairro do Bom Retiro e regi\\u00e3o.\",\"url\":\"https:\\\/\\\/www.encontrabomretiro.com.br\\\/sobre\\\/\"},{\"@type\":\"Person\",\"@id\":\"https:\\\/\\\/www.encontrabomretiro.com.br\\\/sobre\\\/author\\\/ebomretiro\\\/#author\",\"url\":\"https:\\\/\\\/www.encontrabomretiro.com.br\\\/sobre\\\/author\\\/ebomretiro\\\/\",\"name\":\"Encontra Bom Retiro\",\"image\":{\"@type\":\"ImageObject\",\"@id\":\"https:\\\/\\\/www.encontrabomretiro.com.br\\\/sobre\\\/circo-luz-inaugura-no-centro-de-sao-paulo-com-programacao-gratuita-e-foco-em-direitos-humanos\\\/#authorImage\",\"url\":\"https:\\\/\\\/secure.gravatar.com\\\/avatar\\\/507340682b8270222e1f208e23198b6ae7e2c6a1033ae84e99bc6bce4f82a387?s=96&d=mm&r=g\",\"width\":96,\"height\":96,\"caption\":\"Encontra Bom Retiro\"}},{\"@type\":\"WebPage\",\"@id\":\"https:\\\/\\\/www.encontrabomretiro.com.br\\\/sobre\\\/circo-luz-inaugura-no-centro-de-sao-paulo-com-programacao-gratuita-e-foco-em-direitos-humanos\\\/#webpage\",\"url\":\"https:\\\/\\\/www.encontrabomretiro.com.br\\\/sobre\\\/circo-luz-inaugura-no-centro-de-sao-paulo-com-programacao-gratuita-e-foco-em-direitos-humanos\\\/\",\"name\":\"Circo Luz inaugura no Centro de S\\u00e3o Paulo com programa\\u00e7\\u00e3o gratuita e foco em direitos humanos | Encontra Bom Retiro\",\"description\":\"Circo Luz inaugura em S\\u00e3o Paulo com programa\\u00e7\\u00e3o gratuita focada em direitos humanos.\",\"inLanguage\":\"pt-BR\",\"isPartOf\":{\"@id\":\"https:\\\/\\\/www.encontrabomretiro.com.br\\\/sobre\\\/#website\"},\"breadcrumb\":{\"@id\":\"https:\\\/\\\/www.encontrabomretiro.com.br\\\/sobre\\\/circo-luz-inaugura-no-centro-de-sao-paulo-com-programacao-gratuita-e-foco-em-direitos-humanos\\\/#breadcrumblist\"},\"author\":{\"@id\":\"https:\\\/\\\/www.encontrabomretiro.com.br\\\/sobre\\\/author\\\/ebomretiro\\\/#author\"},\"creator\":{\"@id\":\"https:\\\/\\\/www.encontrabomretiro.com.br\\\/sobre\\\/author\\\/ebomretiro\\\/#author\"},\"image\":{\"@type\":\"ImageObject\",\"url\":\"https:\\\/\\\/www.encontrabomretiro.com.br\\\/sobre\\\/wp-content\\\/uploads\\\/2026\\\/07\\\/circo-luz-inaugura-no-centro-de-sao-paulo-com-programacao-gratuita-e-foco-em-direitos-humanos.webp\",\"@id\":\"https:\\\/\\\/www.encontrabomretiro.com.br\\\/sobre\\\/circo-luz-inaugura-no-centro-de-sao-paulo-com-programacao-gratuita-e-foco-em-direitos-humanos\\\/#mainImage\",\"width\":280,\"height\":280,\"caption\":\"Circo Luz\"},\"primaryImageOfPage\":{\"@id\":\"https:\\\/\\\/www.encontrabomretiro.com.br\\\/sobre\\\/circo-luz-inaugura-no-centro-de-sao-paulo-com-programacao-gratuita-e-foco-em-direitos-humanos\\\/#mainImage\"},\"datePublished\":\"2026-07-10T13:15:33-02:00\",\"dateModified\":\"2026-07-10T13:15:33-02:00\"},{\"@type\":\"WebSite\",\"@id\":\"https:\\\/\\\/www.encontrabomretiro.com.br\\\/sobre\\\/#website\",\"url\":\"https:\\\/\\\/www.encontrabomretiro.com.br\\\/sobre\\\/\",\"name\":\"Encontra Bom Retiro\",\"description\":\"Not\\u00edcias, eventos, informa\\u00e7\\u00f5es e dicas no bairro do Bom Retiro e regi\\u00e3o.\",\"inLanguage\":\"pt-BR\",\"publisher\":{\"@id\":\"https:\\\/\\\/www.encontrabomretiro.com.br\\\/sobre\\\/#organization\"}}]}\n\t\t<\/script>\n\t\t<!-- All in One SEO -->\n\n","aioseo_head_json":{"title":"Circo Luz inaugura no Centro de S\u00e3o Paulo com programa\u00e7\u00e3o gratuita e foco em direitos humanos | Encontra Bom Retiro","description":"Circo Luz inaugura em S\u00e3o Paulo com programa\u00e7\u00e3o gratuita focada em direitos humanos.","canonical_url":"https:\/\/www.encontrabomretiro.com.br\/sobre\/circo-luz-inaugura-no-centro-de-sao-paulo-com-programacao-gratuita-e-foco-em-direitos-humanos\/","robots":"max-image-preview:large","keywords":"","webmasterTools":{"miscellaneous":""},"schema":{"@context":"https:\/\/schema.org","@graph":[{"@type":"Article","@id":"https:\/\/www.encontrabomretiro.com.br\/sobre\/circo-luz-inaugura-no-centro-de-sao-paulo-com-programacao-gratuita-e-foco-em-direitos-humanos\/#article","name":"Circo Luz inaugura no Centro de S\u00e3o Paulo com programa\u00e7\u00e3o gratuita e foco em direitos humanos | Encontra Bom Retiro","headline":"Circo Luz inaugura no Centro de S\u00e3o Paulo com programa\u00e7\u00e3o gratuita e foco em direitos humanos","author":{"@id":"https:\/\/www.encontrabomretiro.com.br\/sobre\/author\/ebomretiro\/#author"},"publisher":{"@id":"https:\/\/www.encontrabomretiro.com.br\/sobre\/#organization"},"image":{"@type":"ImageObject","url":"https:\/\/www.encontrabomretiro.com.br\/sobre\/wp-content\/uploads\/2026\/07\/circo-luz-inaugura-no-centro-de-sao-paulo-com-programacao-gratuita-e-foco-em-direitos-humanos.webp","width":280,"height":280,"caption":"Circo Luz"},"datePublished":"2026-07-10T13:15:33-02:00","dateModified":"2026-07-10T13:15:33-02:00","inLanguage":"pt-BR","mainEntityOfPage":{"@id":"https:\/\/www.encontrabomretiro.com.br\/sobre\/circo-luz-inaugura-no-centro-de-sao-paulo-com-programacao-gratuita-e-foco-em-direitos-humanos\/#webpage"},"isPartOf":{"@id":"https:\/\/www.encontrabomretiro.com.br\/sobre\/circo-luz-inaugura-no-centro-de-sao-paulo-com-programacao-gratuita-e-foco-em-direitos-humanos\/#webpage"},"articleSection":"Cultura Bom Retiro"},{"@type":"BreadcrumbList","@id":"https:\/\/www.encontrabomretiro.com.br\/sobre\/circo-luz-inaugura-no-centro-de-sao-paulo-com-programacao-gratuita-e-foco-em-direitos-humanos\/#breadcrumblist","itemListElement":[{"@type":"ListItem","@id":"https:\/\/www.encontrabomretiro.com.br\/sobre#listItem","position":1,"name":"Dom\u00e9stica","item":"https:\/\/www.encontrabomretiro.com.br\/sobre","nextItem":{"@type":"ListItem","@id":"https:\/\/www.encontrabomretiro.com.br\/sobre\/cultura-no-bom-retiro\/#listItem","name":"Cultura Bom Retiro"}},{"@type":"ListItem","@id":"https:\/\/www.encontrabomretiro.com.br\/sobre\/cultura-no-bom-retiro\/#listItem","position":2,"name":"Cultura Bom Retiro","item":"https:\/\/www.encontrabomretiro.com.br\/sobre\/cultura-no-bom-retiro\/","nextItem":{"@type":"ListItem","@id":"https:\/\/www.encontrabomretiro.com.br\/sobre\/circo-luz-inaugura-no-centro-de-sao-paulo-com-programacao-gratuita-e-foco-em-direitos-humanos\/#listItem","name":"Circo Luz inaugura no Centro de S\u00e3o Paulo com programa\u00e7\u00e3o gratuita e foco em direitos humanos"},"previousItem":{"@type":"ListItem","@id":"https:\/\/www.encontrabomretiro.com.br\/sobre#listItem","name":"Dom\u00e9stica"}},{"@type":"ListItem","@id":"https:\/\/www.encontrabomretiro.com.br\/sobre\/circo-luz-inaugura-no-centro-de-sao-paulo-com-programacao-gratuita-e-foco-em-direitos-humanos\/#listItem","position":3,"name":"Circo Luz inaugura no Centro de S\u00e3o Paulo com programa\u00e7\u00e3o gratuita e foco em direitos humanos","previousItem":{"@type":"ListItem","@id":"https:\/\/www.encontrabomretiro.com.br\/sobre\/cultura-no-bom-retiro\/#listItem","name":"Cultura Bom Retiro"}}]},{"@type":"Organization","@id":"https:\/\/www.encontrabomretiro.com.br\/sobre\/#organization","name":"Encontra Bom Retiro","description":"Not\u00edcias, eventos, informa\u00e7\u00f5es e dicas no bairro do Bom Retiro e regi\u00e3o.","url":"https:\/\/www.encontrabomretiro.com.br\/sobre\/"},{"@type":"Person","@id":"https:\/\/www.encontrabomretiro.com.br\/sobre\/author\/ebomretiro\/#author","url":"https:\/\/www.encontrabomretiro.com.br\/sobre\/author\/ebomretiro\/","name":"Encontra Bom Retiro","image":{"@type":"ImageObject","@id":"https:\/\/www.encontrabomretiro.com.br\/sobre\/circo-luz-inaugura-no-centro-de-sao-paulo-com-programacao-gratuita-e-foco-em-direitos-humanos\/#authorImage","url":"https:\/\/secure.gravatar.com\/avatar\/507340682b8270222e1f208e23198b6ae7e2c6a1033ae84e99bc6bce4f82a387?s=96&d=mm&r=g","width":96,"height":96,"caption":"Encontra Bom Retiro"}},{"@type":"WebPage","@id":"https:\/\/www.encontrabomretiro.com.br\/sobre\/circo-luz-inaugura-no-centro-de-sao-paulo-com-programacao-gratuita-e-foco-em-direitos-humanos\/#webpage","url":"https:\/\/www.encontrabomretiro.com.br\/sobre\/circo-luz-inaugura-no-centro-de-sao-paulo-com-programacao-gratuita-e-foco-em-direitos-humanos\/","name":"Circo Luz inaugura no Centro de S\u00e3o Paulo com programa\u00e7\u00e3o gratuita e foco em direitos humanos | Encontra Bom Retiro","description":"Circo Luz inaugura em S\u00e3o Paulo com programa\u00e7\u00e3o gratuita focada em direitos humanos.","inLanguage":"pt-BR","isPartOf":{"@id":"https:\/\/www.encontrabomretiro.com.br\/sobre\/#website"},"breadcrumb":{"@id":"https:\/\/www.encontrabomretiro.com.br\/sobre\/circo-luz-inaugura-no-centro-de-sao-paulo-com-programacao-gratuita-e-foco-em-direitos-humanos\/#breadcrumblist"},"author":{"@id":"https:\/\/www.encontrabomretiro.com.br\/sobre\/author\/ebomretiro\/#author"},"creator":{"@id":"https:\/\/www.encontrabomretiro.com.br\/sobre\/author\/ebomretiro\/#author"},"image":{"@type":"ImageObject","url":"https:\/\/www.encontrabomretiro.com.br\/sobre\/wp-content\/uploads\/2026\/07\/circo-luz-inaugura-no-centro-de-sao-paulo-com-programacao-gratuita-e-foco-em-direitos-humanos.webp","@id":"https:\/\/www.encontrabomretiro.com.br\/sobre\/circo-luz-inaugura-no-centro-de-sao-paulo-com-programacao-gratuita-e-foco-em-direitos-humanos\/#mainImage","width":280,"height":280,"caption":"Circo Luz"},"primaryImageOfPage":{"@id":"https:\/\/www.encontrabomretiro.com.br\/sobre\/circo-luz-inaugura-no-centro-de-sao-paulo-com-programacao-gratuita-e-foco-em-direitos-humanos\/#mainImage"},"datePublished":"2026-07-10T13:15:33-02:00","dateModified":"2026-07-10T13:15:33-02:00"},{"@type":"WebSite","@id":"https:\/\/www.encontrabomretiro.com.br\/sobre\/#website","url":"https:\/\/www.encontrabomretiro.com.br\/sobre\/","name":"Encontra Bom Retiro","description":"Not\u00edcias, eventos, informa\u00e7\u00f5es e dicas no bairro do Bom Retiro e regi\u00e3o.","inLanguage":"pt-BR","publisher":{"@id":"https:\/\/www.encontrabomretiro.com.br\/sobre\/#organization"}}]},"og:locale":"pt_BR","og:site_name":"Encontra Bom Retiro | Not\u00edcias, eventos, informa\u00e7\u00f5es e dicas no bairro do Bom Retiro e regi\u00e3o.","og:type":"article","og:title":"Circo Luz inaugura no Centro de S\u00e3o Paulo com programa\u00e7\u00e3o gratuita e foco em direitos humanos | Encontra Bom Retiro","og:description":"Circo Luz inaugura em S\u00e3o Paulo com programa\u00e7\u00e3o gratuita focada em direitos humanos.","og:url":"https:\/\/www.encontrabomretiro.com.br\/sobre\/circo-luz-inaugura-no-centro-de-sao-paulo-com-programacao-gratuita-e-foco-em-direitos-humanos\/","article:published_time":"2026-07-10T15:15:33+00:00","article:modified_time":"2026-07-10T15:15:33+00:00","twitter:card":"summary_large_image","twitter:title":"Circo Luz inaugura no Centro de S\u00e3o Paulo com programa\u00e7\u00e3o gratuita e foco em direitos humanos | Encontra Bom Retiro","twitter:description":"Circo Luz inaugura em S\u00e3o Paulo com programa\u00e7\u00e3o gratuita focada em direitos humanos."},"aioseo_meta_data":{"post_id":"3079","title":null,"description":null,"keywords":null,"keyphrases":null,"primary_term":null,"canonical_url":null,"og_title":null,"og_description":null,"og_object_type":"default","og_image_type":"default","og_image_url":null,"og_image_width":null,"og_image_height":null,"og_image_custom_url":null,"og_image_custom_fields":null,"og_video":null,"og_custom_url":null,"og_article_section":null,"og_article_tags":null,"twitter_use_og":false,"twitter_card":"default","twitter_image_type":"default","twitter_image_url":null,"twitter_image_custom_url":null,"twitter_image_custom_fields":null,"twitter_title":null,"twitter_description":null,"schema":{"blockGraphs":[],"customGraphs":[],"default":{"data":{"Article":[],"Course":[],"Dataset":[],"FAQPage":[],"Movie":[],"Person":[],"Product":[],"ProductReview":[],"Car":[],"Recipe":[],"Service":[],"SoftwareApplication":[],"WebPage":[]},"graphName":"Article","isEnabled":true},"graphs":[]},"schema_type":"default","schema_type_options":null,"pillar_content":false,"robots_default":true,"robots_noindex":false,"robots_noarchive":false,"robots_nosnippet":false,"robots_nofollow":false,"robots_noimageindex":false,"robots_noodp":false,"robots_notranslate":false,"robots_max_snippet":null,"robots_max_videopreview":null,"robots_max_imagepreview":"large","priority":null,"frequency":null,"local_seo":null,"breadcrumb_settings":null,"limit_modified_date":false,"ai":null,"created":"2026-07-10 15:15:35","updated":"2026-07-10 15:18:46","focus_keyword":null,"additional_keywords":null,"truseo_locale":null,"seo_analyzer_scan_date":null},"aioseo_breadcrumb":"<div class=\"aioseo-breadcrumbs\"><span class=\"aioseo-breadcrumb\">\n\t\t\t<a href=\"https:\/\/www.encontrabomretiro.com.br\/sobre\" title=\"Dom\u00e9stica\">Dom\u00e9stica<\/a>\n\t\t<\/span><span class=\"aioseo-breadcrumb-separator\">&raquo;<\/span><span class=\"aioseo-breadcrumb\">\n\t\t\t<a href=\"https:\/\/www.encontrabomretiro.com.br\/sobre\/cultura-no-bom-retiro\/\" title=\"Cultura Bom Retiro\">Cultura Bom Retiro<\/a>\n\t\t<\/span><span class=\"aioseo-breadcrumb-separator\">&raquo;<\/span><span class=\"aioseo-breadcrumb\">\n\t\t\tCirco Luz inaugura no Centro de S\u00e3o Paulo com programa\u00e7\u00e3o gratuita e foco em direitos humanos\n\t\t<\/span><\/div>","aioseo_breadcrumb_json":[{"label":"Dom\u00e9stica","link":"https:\/\/www.encontrabomretiro.com.br\/sobre"},{"label":"Cultura Bom Retiro","link":"https:\/\/www.encontrabomretiro.com.br\/sobre\/cultura-no-bom-retiro\/"},{"label":"Circo Luz inaugura no Centro de S\u00e3o Paulo com programa\u00e7\u00e3o gratuita e foco em direitos humanos","link":"https:\/\/www.encontrabomretiro.com.br\/sobre\/circo-luz-inaugura-no-centro-de-sao-paulo-com-programacao-gratuita-e-foco-em-direitos-humanos\/"}],"_links":{"self":[{"href":"https:\/\/www.encontrabomretiro.com.br\/sobre\/wp-json\/wp\/v2\/posts\/3079","targetHints":{"allow":["GET"]}}],"collection":[{"href":"https:\/\/www.encontrabomretiro.com.br\/sobre\/wp-json\/wp\/v2\/posts"}],"about":[{"href":"https:\/\/www.encontrabomretiro.com.br\/sobre\/wp-json\/wp\/v2\/types\/post"}],"author":[{"embeddable":true,"href":"https:\/\/www.encontrabomretiro.com.br\/sobre\/wp-json\/wp\/v2\/users\/1"}],"replies":[{"embeddable":true,"href":"https:\/\/www.encontrabomretiro.com.br\/sobre\/wp-json\/wp\/v2\/comments?post=3079"}],"version-history":[{"count":0,"href":"https:\/\/www.encontrabomretiro.com.br\/sobre\/wp-json\/wp\/v2\/posts\/3079\/revisions"}],"wp:featuredmedia":[{"embeddable":true,"href":"https:\/\/www.encontrabomretiro.com.br\/sobre\/wp-json\/wp\/v2\/media\/3078"}],"wp:attachment":[{"href":"https:\/\/www.encontrabomretiro.com.br\/sobre\/wp-json\/wp\/v2\/media?parent=3079"}],"wp:term":[{"taxonomy":"category","embeddable":true,"href":"https:\/\/www.encontrabomretiro.com.br\/sobre\/wp-json\/wp\/v2\/categories?post=3079"},{"taxonomy":"post_tag","embeddable":true,"href":"https:\/\/www.encontrabomretiro.com.br\/sobre\/wp-json\/wp\/v2\/tags?post=3079"}],"curies":[{"name":"wp","href":"https:\/\/api.w.org\/{rel}","templated":true}]}}