{"id":3053,"date":"2026-07-08T01:39:32","date_gmt":"2026-07-08T03:39:32","guid":{"rendered":"https:\/\/www.encontrabomretiro.com.br\/sobre\/afrocidade-traz-som-afrourbano-ao-teatro-do-sesc-bom-retiro-com-participacao-de-lazzo-matumbi-e-luedji-luna\/"},"modified":"2026-07-08T01:39:32","modified_gmt":"2026-07-08T03:39:32","slug":"afrocidade-traz-som-afrourbano-ao-teatro-do-sesc-bom-retiro-com-participacao-de-lazzo-matumbi-e-luedji-luna","status":"publish","type":"post","link":"https:\/\/www.encontrabomretiro.com.br\/sobre\/afrocidade-traz-som-afrourbano-ao-teatro-do-sesc-bom-retiro-com-participacao-de-lazzo-matumbi-e-luedji-luna\/","title":{"rendered":"Afrocidade traz som afrourbano ao teatro do Sesc Bom Retiro com participa\u00e7\u00e3o de Lazzo Matumbi e Luedji Luna"},"content":{"rendered":"<div class=\"228b65ae207de3c5c501cfe75875708b\" data-index=\"1\" style=\"float: none; margin:0px;\">\n<!-- Anuncio display - global -->\r\n<ins class=\"adsbygoogle\"\r\n     style=\"display:block\"\r\n     data-ad-client=\"ca-pub-8585364105181520\"\r\n     data-ad-slot=\"8789329856\"\r\n     data-ad-format=\"auto\"\r\n     data-full-width-responsive=\"true\"><\/ins>\r\n<script>\r\n     (adsbygoogle = window.adsbygoogle || []).push({});\r\n<\/script>\n<\/div>\n<h2>Afrocidade e sua Trajet\u00f3ria Musical<\/h2>\n<p>A banda <strong>Afrocidade<\/strong>, origin\u00e1ria de Cama\u00e7ari, na Bahia, tem se destacado n\u00e3o apenas pela sonoridade \u00fanica, mas tamb\u00e9m pela profunda mensagem contida em suas letras. Formada em 2011, a banda combina elementos de m\u00fasica eletr\u00f4nica e ritmos afro-brasileiros. Com letras que abordam temas sociais, espirituais e pol\u00edticos, a Afrocidade prop\u00f5e uma abordagem afrocentrada, buscando valorizar a cultura e a identidade da popula\u00e7\u00e3o negra e das comunidades perif\u00e9ricas.<\/p>\n<p>Desde 2015, o grupo promove o <strong>Afrobaile<\/strong>, um evento que celebra a riqueza cultural e musical afrodiasp\u00f3rica, reunindo artistas renomados de diferentes vertentes musicais. A trajet\u00f3ria da banda reflete um compromisso cont\u00ednuo com a valoriza\u00e7\u00e3o da cultura negra e sua reinven\u00e7\u00e3o dentro do cen\u00e1rio musical brasileiro.<\/p>\n<h2>A Participa\u00e7\u00e3o Especial de Lazzo Matumbi<\/h2>\n<p>No espet\u00e1culo agendado para os dias 11 e 12 de julho no teatro do Sesc Bom Retiro, a Afrocidade traz como convidado especial Lazzo Matumbi, conhecido por sua influ\u00eancia no movimento de m\u00fasica afro-brasileira. Lazzo, com uma carreira marcada pelo engajamento social e pela celebra\u00e7\u00e3o das ra\u00edzes africanas, promete enriquecer ainda mais a apresenta\u00e7\u00e3o. Sua participa\u00e7\u00e3o n\u00e3o s\u00f3 ressalta a conex\u00e3o entre os artistas, mas tamb\u00e9m fortalece a mensagem de unidade na luta pela valoriza\u00e7\u00e3o da cultura negra.<\/p>\n<p><img decoding=\"async\" src=\"https:\/\/www.encontrabomretiro.com.br\/sobre\/wp-content\/uploads\/2026\/07\/afrocidade-traz-som-afrourbano-ao-teatro-do-sesc-bom-retiro-com-participacao-de-lazzo-matumbi-e-lued.webp\" alt=\"Afrocidade\" loading=\"lazy\" \/><\/p>\n<h2>Luedji Luna e seu Impacto na M\u00fasica Brasileira<\/h2>\n<p>No dia 12, a cantora Luedji Luna se junta \u00e0 Afrocidade, trazendo sua abordagem po\u00e9tica e suas influ\u00eancias da m\u00fasica popular brasileira mescladas ao ritmo afro. Luedji \u00e9 admirada por suas letras que discutem quest\u00f5es de identidade, cultura e empoderamento. Sua presen\u00e7a promete cativar o p\u00fablico e acrescentar uma camada de profundidade ao evento, alinhando-se aos valores que a Afrocidade j\u00e1 promove.<\/p>\n<h2>A M\u00fasica Afrourbana em Destaque<\/h2>\n<p>A Afrocidade, com seu estilo de m\u00fasica <strong>afrourbana<\/strong>, \u00e9 um exemplo claro da fus\u00e3o de tradi\u00e7\u00f5es africanas com a modernidade urbana. Essa mistura n\u00e3o apenas moderniza os ritmos tradicionais, mas tamb\u00e9m expande a audi\u00eancia e a compreens\u00e3o dessas sonoridades. O estilo africano com batidas eletr\u00f4nicas e letras envolventes cativa um p\u00fablico diversificado, permitindo que a mensagem de resist\u00eancia e celebra\u00e7\u00e3o cultural alcance cada vez mais pessoas.<\/p>\n<h2>O Local: Sesc Bom Retiro<\/h2>\n<p>O teatro do <strong>Sesc Bom Retiro<\/strong>, com capacidade para 291 lugares, \u00e9 um dos espa\u00e7os culturais mais respeitados de S\u00e3o Paulo. Conhecido por promover uma ampla gama de eventos culturais, o Sesc \u00e9 o local ideal para a apresenta\u00e7\u00e3o da Afrocidade, oferecendo ao p\u00fablico a chance de se conectar intimamente com a m\u00fasica e a mensagem da banda. Este espa\u00e7o \u00e9 tamb\u00e9m acess\u00edvel, promovendo a inclus\u00e3o cultural e social.<\/p>\n<h2>Como Adquirir os Ingressos<\/h2>\n<p>Os ingressos para as apresenta\u00e7\u00f5es podem ser adquiridos de diversas formas: atrav\u00e9s do aplicativo <strong>Credencial Sesc SP<\/strong>, no site oficial do Sesc [sescsp.org.br\/bomretiro](http:\/\/sescsp.org.br\/bomretiro), ou nas bilheteiras do local. Os pre\u00e7os variam conforme a categoria, com ingressos a partir de R$ 21,00 para Credencial Plena e chegando ao valor de R$ 70,00 para a inteira.<\/p>\n<h2>O Significado do Afrobaile<\/h2>\n<p>O <strong>Afrobaile<\/strong> n\u00e3o \u00e9 apenas um evento; \u00e9 uma celebra\u00e7\u00e3o da identidade, da resist\u00eancia e da for\u00e7a da cultura negra no Brasil. Al\u00e9m de proporcionar uma plataforma para diversos artistas, o Afrobaile permite uma troca cultural rica e significativa, refor\u00e7ando la\u00e7os comunit\u00e1rios e promovendo a diversidade na m\u00fasica. Atrav\u00e9s deste evento, a Afrocidade e outros artistas semelhantes conseguem difundir suas mensagens e atrair novos p\u00fablicos para a m\u00fasica africana e suas vertentes contempor\u00e2neas.<\/p>\n<h2>A Valoriza\u00e7\u00e3o da Cultura Negra<\/h2>\n<p>A presen\u00e7a da Afrocidade nos palcos brasileiros \u00e9 um testemunho do crescente reconhecimento e valoriza\u00e7\u00e3o da cultura negra no Brasil. Em um contexto em que discourses sociais est\u00e3o cada vez mais em evid\u00eancia, a banda \u00e9 um agente ativo na luta contra preconceitos e desigualdades. Suas m\u00fasicas e performances se tornam um ve\u00edculo para a defesa dos direitos da popula\u00e7\u00e3o negra e uma afirma\u00e7\u00e3o da identidade afro-brasileira.<\/p>\n<h2>Expectativas para o Show<\/h2>\n<p>Com a expectativa de um show vibrante e cheio de energia, a Afrocidade promete uma experi\u00eancia \u00fanica. O p\u00fablico pode esperar uma performance que n\u00e3o apenas entret\u00e9m, mas que tamb\u00e9m convida \u00e0 reflex\u00e3o sobre quest\u00f5es sociais e culturais. A intera\u00e7\u00e3o entre os membros da banda e os convidados Lazzo Matumbi e Luedji Luna deve criar um ambiente de celebra\u00e7\u00e3o e consci\u00eancia coletiva.<\/p>\n<h2>O que Esperar dos Pr\u00f3ximos \u00c1lbuns da Banda<\/h2>\n<p>Atualmente, a Afrocidade trabalha em seu terceiro \u00e1lbum, que deve continuar a explorar e expandir suas ra\u00edzes culturais. As expectativas s\u00e3o altas, com a banda incorporando influ\u00eancias contempor\u00e2neas enquanto se conecta profundamente com suas tradi\u00e7\u00f5es africanas e baianas. Os lan\u00e7amentos de novos singles que refletem essa combina\u00e7\u00e3o promete instigar ainda mais o interesse tanto dos f\u00e3s antigos quanto de novas audi\u00eancias, reafirmando o compromisso da banda em dialogar com as gera\u00e7\u00f5es futuras.<\/p>\n\n<div style=\"font-size: 0px; height: 0px; line-height: 0px; margin: 0; padding: 0; clear: both;\"><\/div>","protected":false},"excerpt":{"rendered":"<p>Afrocidade traz um show imperd\u00edvel no Sesc Bom Retiro com Lazzo Matumbi e Luedji Luna!<\/p>\n","protected":false},"author":1,"featured_media":3052,"comment_status":"open","ping_status":"closed","sticky":false,"template":"","format":"standard","meta":{"footnotes":""},"categories":[9],"tags":[],"class_list":["post-3053","post","type-post","status-publish","format-standard","has-post-thumbnail","hentry","category-shows-no-bom-retiro","has_thumb"],"aioseo_notices":[],"aioseo_head":"\n\t\t<!-- All in One SEO 5.0.0.1 - aioseo.com -->\n\t<meta name=\"description\" content=\"Afrocidade traz um show imperd\u00edvel no Sesc Bom Retiro com Lazzo Matumbi e Luedji Luna!\" \/>\n\t<meta name=\"robots\" content=\"max-image-preview:large\" \/>\n\t<meta name=\"author\" content=\"Encontra Bom Retiro\"\/>\n\t<link rel=\"canonical\" href=\"https:\/\/www.encontrabomretiro.com.br\/sobre\/afrocidade-traz-som-afrourbano-ao-teatro-do-sesc-bom-retiro-com-participacao-de-lazzo-matumbi-e-luedji-luna\/\" \/>\n\t<meta name=\"generator\" content=\"All in One SEO (AIOSEO) 5.0.0.1\" \/>\n\t\t<meta property=\"og:locale\" content=\"pt_BR\" \/>\n\t\t<meta property=\"og:site_name\" content=\"Encontra Bom Retiro | Not\u00edcias, eventos, informa\u00e7\u00f5es e dicas no bairro do Bom Retiro e regi\u00e3o.\" \/>\n\t\t<meta property=\"og:type\" content=\"article\" \/>\n\t\t<meta property=\"og:title\" content=\"Afrocidade traz som afrourbano ao teatro do Sesc Bom Retiro com participa\u00e7\u00e3o de Lazzo Matumbi e Luedji Luna | Encontra Bom Retiro\" \/>\n\t\t<meta property=\"og:description\" content=\"Afrocidade traz um show imperd\u00edvel no Sesc Bom Retiro com Lazzo Matumbi e Luedji Luna!\" \/>\n\t\t<meta property=\"og:url\" content=\"https:\/\/www.encontrabomretiro.com.br\/sobre\/afrocidade-traz-som-afrourbano-ao-teatro-do-sesc-bom-retiro-com-participacao-de-lazzo-matumbi-e-luedji-luna\/\" \/>\n\t\t<meta property=\"article:published_time\" content=\"2026-07-08T03:39:32+00:00\" \/>\n\t\t<meta property=\"article:modified_time\" content=\"2026-07-08T03:39:32+00:00\" \/>\n\t\t<meta name=\"twitter:card\" content=\"summary_large_image\" \/>\n\t\t<meta name=\"twitter:title\" content=\"Afrocidade traz som afrourbano ao teatro do Sesc Bom Retiro com participa\u00e7\u00e3o de Lazzo Matumbi e Luedji Luna | Encontra Bom Retiro\" \/>\n\t\t<meta name=\"twitter:description\" content=\"Afrocidade traz um show imperd\u00edvel no Sesc Bom Retiro com Lazzo Matumbi e Luedji Luna!\" \/>\n\t\t<script type=\"application\/ld+json\" class=\"aioseo-schema\">\n\t\t\t{\"@context\":\"https:\\\/\\\/schema.org\",\"@graph\":[{\"@type\":\"Article\",\"@id\":\"https:\\\/\\\/www.encontrabomretiro.com.br\\\/sobre\\\/afrocidade-traz-som-afrourbano-ao-teatro-do-sesc-bom-retiro-com-participacao-de-lazzo-matumbi-e-luedji-luna\\\/#article\",\"name\":\"Afrocidade traz som afrourbano ao teatro do Sesc Bom Retiro com participa\\u00e7\\u00e3o de Lazzo Matumbi e Luedji Luna | Encontra Bom Retiro\",\"headline\":\"Afrocidade traz som afrourbano ao teatro do Sesc Bom Retiro com participa\\u00e7\\u00e3o de Lazzo Matumbi e Luedji Luna\",\"author\":{\"@id\":\"https:\\\/\\\/www.encontrabomretiro.com.br\\\/sobre\\\/author\\\/ebomretiro\\\/#author\"},\"publisher\":{\"@id\":\"https:\\\/\\\/www.encontrabomretiro.com.br\\\/sobre\\\/#organization\"},\"image\":{\"@type\":\"ImageObject\",\"url\":\"https:\\\/\\\/www.encontrabomretiro.com.br\\\/sobre\\\/wp-content\\\/uploads\\\/2026\\\/07\\\/afrocidade-traz-som-afrourbano-ao-teatro-do-sesc-bom-retiro-com-participacao-de-lazzo-matumbi-e-lued.webp\",\"width\":280,\"height\":280,\"caption\":\"Afrocidade\"},\"datePublished\":\"2026-07-08T01:39:32-02:00\",\"dateModified\":\"2026-07-08T01:39:32-02:00\",\"inLanguage\":\"pt-BR\",\"mainEntityOfPage\":{\"@id\":\"https:\\\/\\\/www.encontrabomretiro.com.br\\\/sobre\\\/afrocidade-traz-som-afrourbano-ao-teatro-do-sesc-bom-retiro-com-participacao-de-lazzo-matumbi-e-luedji-luna\\\/#webpage\"},\"isPartOf\":{\"@id\":\"https:\\\/\\\/www.encontrabomretiro.com.br\\\/sobre\\\/afrocidade-traz-som-afrourbano-ao-teatro-do-sesc-bom-retiro-com-participacao-de-lazzo-matumbi-e-luedji-luna\\\/#webpage\"},\"articleSection\":\"Shows Bom Retiro\"},{\"@type\":\"BreadcrumbList\",\"@id\":\"https:\\\/\\\/www.encontrabomretiro.com.br\\\/sobre\\\/afrocidade-traz-som-afrourbano-ao-teatro-do-sesc-bom-retiro-com-participacao-de-lazzo-matumbi-e-luedji-luna\\\/#breadcrumblist\",\"itemListElement\":[{\"@type\":\"ListItem\",\"@id\":\"https:\\\/\\\/www.encontrabomretiro.com.br\\\/sobre#listItem\",\"position\":1,\"name\":\"Dom\\u00e9stica\",\"item\":\"https:\\\/\\\/www.encontrabomretiro.com.br\\\/sobre\",\"nextItem\":{\"@type\":\"ListItem\",\"@id\":\"https:\\\/\\\/www.encontrabomretiro.com.br\\\/sobre\\\/shows-no-bom-retiro\\\/#listItem\",\"name\":\"Shows Bom Retiro\"}},{\"@type\":\"ListItem\",\"@id\":\"https:\\\/\\\/www.encontrabomretiro.com.br\\\/sobre\\\/shows-no-bom-retiro\\\/#listItem\",\"position\":2,\"name\":\"Shows Bom Retiro\",\"item\":\"https:\\\/\\\/www.encontrabomretiro.com.br\\\/sobre\\\/shows-no-bom-retiro\\\/\",\"nextItem\":{\"@type\":\"ListItem\",\"@id\":\"https:\\\/\\\/www.encontrabomretiro.com.br\\\/sobre\\\/afrocidade-traz-som-afrourbano-ao-teatro-do-sesc-bom-retiro-com-participacao-de-lazzo-matumbi-e-luedji-luna\\\/#listItem\",\"name\":\"Afrocidade traz som afrourbano ao teatro do Sesc Bom Retiro com participa\\u00e7\\u00e3o de Lazzo Matumbi e Luedji Luna\"},\"previousItem\":{\"@type\":\"ListItem\",\"@id\":\"https:\\\/\\\/www.encontrabomretiro.com.br\\\/sobre#listItem\",\"name\":\"Dom\\u00e9stica\"}},{\"@type\":\"ListItem\",\"@id\":\"https:\\\/\\\/www.encontrabomretiro.com.br\\\/sobre\\\/afrocidade-traz-som-afrourbano-ao-teatro-do-sesc-bom-retiro-com-participacao-de-lazzo-matumbi-e-luedji-luna\\\/#listItem\",\"position\":3,\"name\":\"Afrocidade traz som afrourbano ao teatro do Sesc Bom Retiro com participa\\u00e7\\u00e3o de Lazzo Matumbi e Luedji Luna\",\"previousItem\":{\"@type\":\"ListItem\",\"@id\":\"https:\\\/\\\/www.encontrabomretiro.com.br\\\/sobre\\\/shows-no-bom-retiro\\\/#listItem\",\"name\":\"Shows Bom Retiro\"}}]},{\"@type\":\"Organization\",\"@id\":\"https:\\\/\\\/www.encontrabomretiro.com.br\\\/sobre\\\/#organization\",\"name\":\"Encontra Bom Retiro\",\"description\":\"Not\\u00edcias, eventos, informa\\u00e7\\u00f5es e dicas no bairro do Bom Retiro e regi\\u00e3o.\",\"url\":\"https:\\\/\\\/www.encontrabomretiro.com.br\\\/sobre\\\/\"},{\"@type\":\"Person\",\"@id\":\"https:\\\/\\\/www.encontrabomretiro.com.br\\\/sobre\\\/author\\\/ebomretiro\\\/#author\",\"url\":\"https:\\\/\\\/www.encontrabomretiro.com.br\\\/sobre\\\/author\\\/ebomretiro\\\/\",\"name\":\"Encontra Bom Retiro\",\"image\":{\"@type\":\"ImageObject\",\"@id\":\"https:\\\/\\\/www.encontrabomretiro.com.br\\\/sobre\\\/afrocidade-traz-som-afrourbano-ao-teatro-do-sesc-bom-retiro-com-participacao-de-lazzo-matumbi-e-luedji-luna\\\/#authorImage\",\"url\":\"https:\\\/\\\/secure.gravatar.com\\\/avatar\\\/507340682b8270222e1f208e23198b6ae7e2c6a1033ae84e99bc6bce4f82a387?s=96&d=mm&r=g\",\"width\":96,\"height\":96,\"caption\":\"Encontra Bom Retiro\"}},{\"@type\":\"WebPage\",\"@id\":\"https:\\\/\\\/www.encontrabomretiro.com.br\\\/sobre\\\/afrocidade-traz-som-afrourbano-ao-teatro-do-sesc-bom-retiro-com-participacao-de-lazzo-matumbi-e-luedji-luna\\\/#webpage\",\"url\":\"https:\\\/\\\/www.encontrabomretiro.com.br\\\/sobre\\\/afrocidade-traz-som-afrourbano-ao-teatro-do-sesc-bom-retiro-com-participacao-de-lazzo-matumbi-e-luedji-luna\\\/\",\"name\":\"Afrocidade traz som afrourbano ao teatro do Sesc Bom Retiro com participa\\u00e7\\u00e3o de Lazzo Matumbi e Luedji Luna | Encontra Bom Retiro\",\"description\":\"Afrocidade traz um show imperd\\u00edvel no Sesc Bom Retiro com Lazzo Matumbi e Luedji Luna!\",\"inLanguage\":\"pt-BR\",\"isPartOf\":{\"@id\":\"https:\\\/\\\/www.encontrabomretiro.com.br\\\/sobre\\\/#website\"},\"breadcrumb\":{\"@id\":\"https:\\\/\\\/www.encontrabomretiro.com.br\\\/sobre\\\/afrocidade-traz-som-afrourbano-ao-teatro-do-sesc-bom-retiro-com-participacao-de-lazzo-matumbi-e-luedji-luna\\\/#breadcrumblist\"},\"author\":{\"@id\":\"https:\\\/\\\/www.encontrabomretiro.com.br\\\/sobre\\\/author\\\/ebomretiro\\\/#author\"},\"creator\":{\"@id\":\"https:\\\/\\\/www.encontrabomretiro.com.br\\\/sobre\\\/author\\\/ebomretiro\\\/#author\"},\"image\":{\"@type\":\"ImageObject\",\"url\":\"https:\\\/\\\/www.encontrabomretiro.com.br\\\/sobre\\\/wp-content\\\/uploads\\\/2026\\\/07\\\/afrocidade-traz-som-afrourbano-ao-teatro-do-sesc-bom-retiro-com-participacao-de-lazzo-matumbi-e-lued.webp\",\"@id\":\"https:\\\/\\\/www.encontrabomretiro.com.br\\\/sobre\\\/afrocidade-traz-som-afrourbano-ao-teatro-do-sesc-bom-retiro-com-participacao-de-lazzo-matumbi-e-luedji-luna\\\/#mainImage\",\"width\":280,\"height\":280,\"caption\":\"Afrocidade\"},\"primaryImageOfPage\":{\"@id\":\"https:\\\/\\\/www.encontrabomretiro.com.br\\\/sobre\\\/afrocidade-traz-som-afrourbano-ao-teatro-do-sesc-bom-retiro-com-participacao-de-lazzo-matumbi-e-luedji-luna\\\/#mainImage\"},\"datePublished\":\"2026-07-08T01:39:32-02:00\",\"dateModified\":\"2026-07-08T01:39:32-02:00\"},{\"@type\":\"WebSite\",\"@id\":\"https:\\\/\\\/www.encontrabomretiro.com.br\\\/sobre\\\/#website\",\"url\":\"https:\\\/\\\/www.encontrabomretiro.com.br\\\/sobre\\\/\",\"name\":\"Encontra Bom Retiro\",\"description\":\"Not\\u00edcias, eventos, informa\\u00e7\\u00f5es e dicas no bairro do Bom Retiro e regi\\u00e3o.\",\"inLanguage\":\"pt-BR\",\"publisher\":{\"@id\":\"https:\\\/\\\/www.encontrabomretiro.com.br\\\/sobre\\\/#organization\"}}]}\n\t\t<\/script>\n\t\t<!-- All in One SEO -->\n\n","aioseo_head_json":{"title":"Afrocidade traz som afrourbano ao teatro do Sesc Bom Retiro com participa\u00e7\u00e3o de Lazzo Matumbi e Luedji Luna | Encontra Bom Retiro","description":"Afrocidade traz um show imperd\u00edvel no Sesc Bom Retiro com Lazzo Matumbi e Luedji Luna!","canonical_url":"https:\/\/www.encontrabomretiro.com.br\/sobre\/afrocidade-traz-som-afrourbano-ao-teatro-do-sesc-bom-retiro-com-participacao-de-lazzo-matumbi-e-luedji-luna\/","robots":"max-image-preview:large","keywords":"","webmasterTools":{"miscellaneous":""},"schema":{"@context":"https:\/\/schema.org","@graph":[{"@type":"Article","@id":"https:\/\/www.encontrabomretiro.com.br\/sobre\/afrocidade-traz-som-afrourbano-ao-teatro-do-sesc-bom-retiro-com-participacao-de-lazzo-matumbi-e-luedji-luna\/#article","name":"Afrocidade traz som afrourbano ao teatro do Sesc Bom Retiro com participa\u00e7\u00e3o de Lazzo Matumbi e Luedji Luna | Encontra Bom Retiro","headline":"Afrocidade traz som afrourbano ao teatro do Sesc Bom Retiro com participa\u00e7\u00e3o de Lazzo Matumbi e Luedji Luna","author":{"@id":"https:\/\/www.encontrabomretiro.com.br\/sobre\/author\/ebomretiro\/#author"},"publisher":{"@id":"https:\/\/www.encontrabomretiro.com.br\/sobre\/#organization"},"image":{"@type":"ImageObject","url":"https:\/\/www.encontrabomretiro.com.br\/sobre\/wp-content\/uploads\/2026\/07\/afrocidade-traz-som-afrourbano-ao-teatro-do-sesc-bom-retiro-com-participacao-de-lazzo-matumbi-e-lued.webp","width":280,"height":280,"caption":"Afrocidade"},"datePublished":"2026-07-08T01:39:32-02:00","dateModified":"2026-07-08T01:39:32-02:00","inLanguage":"pt-BR","mainEntityOfPage":{"@id":"https:\/\/www.encontrabomretiro.com.br\/sobre\/afrocidade-traz-som-afrourbano-ao-teatro-do-sesc-bom-retiro-com-participacao-de-lazzo-matumbi-e-luedji-luna\/#webpage"},"isPartOf":{"@id":"https:\/\/www.encontrabomretiro.com.br\/sobre\/afrocidade-traz-som-afrourbano-ao-teatro-do-sesc-bom-retiro-com-participacao-de-lazzo-matumbi-e-luedji-luna\/#webpage"},"articleSection":"Shows Bom Retiro"},{"@type":"BreadcrumbList","@id":"https:\/\/www.encontrabomretiro.com.br\/sobre\/afrocidade-traz-som-afrourbano-ao-teatro-do-sesc-bom-retiro-com-participacao-de-lazzo-matumbi-e-luedji-luna\/#breadcrumblist","itemListElement":[{"@type":"ListItem","@id":"https:\/\/www.encontrabomretiro.com.br\/sobre#listItem","position":1,"name":"Dom\u00e9stica","item":"https:\/\/www.encontrabomretiro.com.br\/sobre","nextItem":{"@type":"ListItem","@id":"https:\/\/www.encontrabomretiro.com.br\/sobre\/shows-no-bom-retiro\/#listItem","name":"Shows Bom Retiro"}},{"@type":"ListItem","@id":"https:\/\/www.encontrabomretiro.com.br\/sobre\/shows-no-bom-retiro\/#listItem","position":2,"name":"Shows Bom Retiro","item":"https:\/\/www.encontrabomretiro.com.br\/sobre\/shows-no-bom-retiro\/","nextItem":{"@type":"ListItem","@id":"https:\/\/www.encontrabomretiro.com.br\/sobre\/afrocidade-traz-som-afrourbano-ao-teatro-do-sesc-bom-retiro-com-participacao-de-lazzo-matumbi-e-luedji-luna\/#listItem","name":"Afrocidade traz som afrourbano ao teatro do Sesc Bom Retiro com participa\u00e7\u00e3o de Lazzo Matumbi e Luedji Luna"},"previousItem":{"@type":"ListItem","@id":"https:\/\/www.encontrabomretiro.com.br\/sobre#listItem","name":"Dom\u00e9stica"}},{"@type":"ListItem","@id":"https:\/\/www.encontrabomretiro.com.br\/sobre\/afrocidade-traz-som-afrourbano-ao-teatro-do-sesc-bom-retiro-com-participacao-de-lazzo-matumbi-e-luedji-luna\/#listItem","position":3,"name":"Afrocidade traz som afrourbano ao teatro do Sesc Bom Retiro com participa\u00e7\u00e3o de Lazzo Matumbi e Luedji Luna","previousItem":{"@type":"ListItem","@id":"https:\/\/www.encontrabomretiro.com.br\/sobre\/shows-no-bom-retiro\/#listItem","name":"Shows Bom Retiro"}}]},{"@type":"Organization","@id":"https:\/\/www.encontrabomretiro.com.br\/sobre\/#organization","name":"Encontra Bom Retiro","description":"Not\u00edcias, eventos, informa\u00e7\u00f5es e dicas no bairro do Bom Retiro e regi\u00e3o.","url":"https:\/\/www.encontrabomretiro.com.br\/sobre\/"},{"@type":"Person","@id":"https:\/\/www.encontrabomretiro.com.br\/sobre\/author\/ebomretiro\/#author","url":"https:\/\/www.encontrabomretiro.com.br\/sobre\/author\/ebomretiro\/","name":"Encontra Bom Retiro","image":{"@type":"ImageObject","@id":"https:\/\/www.encontrabomretiro.com.br\/sobre\/afrocidade-traz-som-afrourbano-ao-teatro-do-sesc-bom-retiro-com-participacao-de-lazzo-matumbi-e-luedji-luna\/#authorImage","url":"https:\/\/secure.gravatar.com\/avatar\/507340682b8270222e1f208e23198b6ae7e2c6a1033ae84e99bc6bce4f82a387?s=96&d=mm&r=g","width":96,"height":96,"caption":"Encontra Bom Retiro"}},{"@type":"WebPage","@id":"https:\/\/www.encontrabomretiro.com.br\/sobre\/afrocidade-traz-som-afrourbano-ao-teatro-do-sesc-bom-retiro-com-participacao-de-lazzo-matumbi-e-luedji-luna\/#webpage","url":"https:\/\/www.encontrabomretiro.com.br\/sobre\/afrocidade-traz-som-afrourbano-ao-teatro-do-sesc-bom-retiro-com-participacao-de-lazzo-matumbi-e-luedji-luna\/","name":"Afrocidade traz som afrourbano ao teatro do Sesc Bom Retiro com participa\u00e7\u00e3o de Lazzo Matumbi e Luedji Luna | Encontra Bom Retiro","description":"Afrocidade traz um show imperd\u00edvel no Sesc Bom Retiro com Lazzo Matumbi e Luedji Luna!","inLanguage":"pt-BR","isPartOf":{"@id":"https:\/\/www.encontrabomretiro.com.br\/sobre\/#website"},"breadcrumb":{"@id":"https:\/\/www.encontrabomretiro.com.br\/sobre\/afrocidade-traz-som-afrourbano-ao-teatro-do-sesc-bom-retiro-com-participacao-de-lazzo-matumbi-e-luedji-luna\/#breadcrumblist"},"author":{"@id":"https:\/\/www.encontrabomretiro.com.br\/sobre\/author\/ebomretiro\/#author"},"creator":{"@id":"https:\/\/www.encontrabomretiro.com.br\/sobre\/author\/ebomretiro\/#author"},"image":{"@type":"ImageObject","url":"https:\/\/www.encontrabomretiro.com.br\/sobre\/wp-content\/uploads\/2026\/07\/afrocidade-traz-som-afrourbano-ao-teatro-do-sesc-bom-retiro-com-participacao-de-lazzo-matumbi-e-lued.webp","@id":"https:\/\/www.encontrabomretiro.com.br\/sobre\/afrocidade-traz-som-afrourbano-ao-teatro-do-sesc-bom-retiro-com-participacao-de-lazzo-matumbi-e-luedji-luna\/#mainImage","width":280,"height":280,"caption":"Afrocidade"},"primaryImageOfPage":{"@id":"https:\/\/www.encontrabomretiro.com.br\/sobre\/afrocidade-traz-som-afrourbano-ao-teatro-do-sesc-bom-retiro-com-participacao-de-lazzo-matumbi-e-luedji-luna\/#mainImage"},"datePublished":"2026-07-08T01:39:32-02:00","dateModified":"2026-07-08T01:39:32-02:00"},{"@type":"WebSite","@id":"https:\/\/www.encontrabomretiro.com.br\/sobre\/#website","url":"https:\/\/www.encontrabomretiro.com.br\/sobre\/","name":"Encontra Bom Retiro","description":"Not\u00edcias, eventos, informa\u00e7\u00f5es e dicas no bairro do Bom Retiro e regi\u00e3o.","inLanguage":"pt-BR","publisher":{"@id":"https:\/\/www.encontrabomretiro.com.br\/sobre\/#organization"}}]},"og:locale":"pt_BR","og:site_name":"Encontra Bom Retiro | Not\u00edcias, eventos, informa\u00e7\u00f5es e dicas no bairro do Bom Retiro e regi\u00e3o.","og:type":"article","og:title":"Afrocidade traz som afrourbano ao teatro do Sesc Bom Retiro com participa\u00e7\u00e3o de Lazzo Matumbi e Luedji Luna | Encontra Bom Retiro","og:description":"Afrocidade traz um show imperd\u00edvel no Sesc Bom Retiro com Lazzo Matumbi e Luedji Luna!","og:url":"https:\/\/www.encontrabomretiro.com.br\/sobre\/afrocidade-traz-som-afrourbano-ao-teatro-do-sesc-bom-retiro-com-participacao-de-lazzo-matumbi-e-luedji-luna\/","article:published_time":"2026-07-08T03:39:32+00:00","article:modified_time":"2026-07-08T03:39:32+00:00","twitter:card":"summary_large_image","twitter:title":"Afrocidade traz som afrourbano ao teatro do Sesc Bom Retiro com participa\u00e7\u00e3o de Lazzo Matumbi e Luedji Luna | Encontra Bom Retiro","twitter:description":"Afrocidade traz um show imperd\u00edvel no Sesc Bom Retiro com Lazzo Matumbi e Luedji Luna!"},"aioseo_meta_data":{"post_id":"3053","title":null,"description":null,"keywords":null,"keyphrases":null,"primary_term":null,"canonical_url":null,"og_title":null,"og_description":null,"og_object_type":"default","og_image_type":"default","og_image_url":null,"og_image_width":null,"og_image_height":null,"og_image_custom_url":null,"og_image_custom_fields":null,"og_video":null,"og_custom_url":null,"og_article_section":null,"og_article_tags":null,"twitter_use_og":false,"twitter_card":"default","twitter_image_type":"default","twitter_image_url":null,"twitter_image_custom_url":null,"twitter_image_custom_fields":null,"twitter_title":null,"twitter_description":null,"schema":{"blockGraphs":[],"customGraphs":[],"default":{"data":{"Article":[],"Course":[],"Dataset":[],"FAQPage":[],"Movie":[],"Person":[],"Product":[],"ProductReview":[],"Car":[],"Recipe":[],"Service":[],"SoftwareApplication":[],"WebPage":[]},"graphName":"Article","isEnabled":true},"graphs":[]},"schema_type":"default","schema_type_options":null,"pillar_content":false,"robots_default":true,"robots_noindex":false,"robots_noarchive":false,"robots_nosnippet":false,"robots_nofollow":false,"robots_noimageindex":false,"robots_noodp":false,"robots_notranslate":false,"robots_max_snippet":null,"robots_max_videopreview":null,"robots_max_imagepreview":"large","priority":null,"frequency":null,"local_seo":null,"breadcrumb_settings":null,"limit_modified_date":false,"ai":null,"created":"2026-07-08 03:39:34","updated":"2026-07-08 03:40:51","focus_keyword":null,"additional_keywords":null,"truseo_locale":null,"seo_analyzer_scan_date":null},"aioseo_breadcrumb":"<div class=\"aioseo-breadcrumbs\"><span class=\"aioseo-breadcrumb\">\n\t\t\t<a href=\"https:\/\/www.encontrabomretiro.com.br\/sobre\" title=\"Dom\u00e9stica\">Dom\u00e9stica<\/a>\n\t\t<\/span><span class=\"aioseo-breadcrumb-separator\">&raquo;<\/span><span class=\"aioseo-breadcrumb\">\n\t\t\t<a href=\"https:\/\/www.encontrabomretiro.com.br\/sobre\/shows-no-bom-retiro\/\" title=\"Shows Bom Retiro\">Shows Bom Retiro<\/a>\n\t\t<\/span><span class=\"aioseo-breadcrumb-separator\">&raquo;<\/span><span class=\"aioseo-breadcrumb\">\n\t\t\tAfrocidade traz som afrourbano ao teatro do Sesc Bom Retiro com participa\u00e7\u00e3o de Lazzo Matumbi e Luedji Luna\n\t\t<\/span><\/div>","aioseo_breadcrumb_json":[{"label":"Dom\u00e9stica","link":"https:\/\/www.encontrabomretiro.com.br\/sobre"},{"label":"Shows Bom Retiro","link":"https:\/\/www.encontrabomretiro.com.br\/sobre\/shows-no-bom-retiro\/"},{"label":"Afrocidade traz som afrourbano ao teatro do Sesc Bom Retiro com participa\u00e7\u00e3o de Lazzo Matumbi e Luedji Luna","link":"https:\/\/www.encontrabomretiro.com.br\/sobre\/afrocidade-traz-som-afrourbano-ao-teatro-do-sesc-bom-retiro-com-participacao-de-lazzo-matumbi-e-luedji-luna\/"}],"_links":{"self":[{"href":"https:\/\/www.encontrabomretiro.com.br\/sobre\/wp-json\/wp\/v2\/posts\/3053","targetHints":{"allow":["GET"]}}],"collection":[{"href":"https:\/\/www.encontrabomretiro.com.br\/sobre\/wp-json\/wp\/v2\/posts"}],"about":[{"href":"https:\/\/www.encontrabomretiro.com.br\/sobre\/wp-json\/wp\/v2\/types\/post"}],"author":[{"embeddable":true,"href":"https:\/\/www.encontrabomretiro.com.br\/sobre\/wp-json\/wp\/v2\/users\/1"}],"replies":[{"embeddable":true,"href":"https:\/\/www.encontrabomretiro.com.br\/sobre\/wp-json\/wp\/v2\/comments?post=3053"}],"version-history":[{"count":0,"href":"https:\/\/www.encontrabomretiro.com.br\/sobre\/wp-json\/wp\/v2\/posts\/3053\/revisions"}],"wp:featuredmedia":[{"embeddable":true,"href":"https:\/\/www.encontrabomretiro.com.br\/sobre\/wp-json\/wp\/v2\/media\/3052"}],"wp:attachment":[{"href":"https:\/\/www.encontrabomretiro.com.br\/sobre\/wp-json\/wp\/v2\/media?parent=3053"}],"wp:term":[{"taxonomy":"category","embeddable":true,"href":"https:\/\/www.encontrabomretiro.com.br\/sobre\/wp-json\/wp\/v2\/categories?post=3053"},{"taxonomy":"post_tag","embeddable":true,"href":"https:\/\/www.encontrabomretiro.com.br\/sobre\/wp-json\/wp\/v2\/tags?post=3053"}],"curies":[{"name":"wp","href":"https:\/\/api.w.org\/{rel}","templated":true}]}}