{"id":3017,"date":"2026-07-03T10:17:10","date_gmt":"2026-07-03T12:17:10","guid":{"rendered":"https:\/\/www.encontrabomretiro.com.br\/sobre\/audiovisual-e-tecnologia\/"},"modified":"2026-07-03T10:17:10","modified_gmt":"2026-07-03T12:17:10","slug":"audiovisual-e-tecnologia","status":"publish","type":"post","link":"https:\/\/www.encontrabomretiro.com.br\/sobre\/audiovisual-e-tecnologia\/","title":{"rendered":"Audiovisual e tecnologia"},"content":{"rendered":"<div class=\"228b65ae207de3c5c501cfe75875708b\" data-index=\"1\" style=\"float: none; margin:0px;\">\n<!-- Anuncio display - global -->\r\n<ins class=\"adsbygoogle\"\r\n     style=\"display:block\"\r\n     data-ad-client=\"ca-pub-8585364105181520\"\r\n     data-ad-slot=\"8789329856\"\r\n     data-ad-format=\"auto\"\r\n     data-full-width-responsive=\"true\"><\/ins>\r\n<script>\r\n     (adsbygoogle = window.adsbygoogle || []).push({});\r\n<\/script>\n<\/div>\n<h2>O Que \u00c9 o Programa de Audiovisual e Tecnologia<\/h2>\n<p>O programa de <strong>Audiovisual e Tecnologia<\/strong> tem como foco central proporcionar uma forma\u00e7\u00e3o inclusiva e acess\u00edvel a jovens provenientes das periferias de S\u00e3o Paulo. A iniciativa busca fomentar habilidades t\u00e9cnicas e criativas em \u00e1reas que abrangem a produ\u00e7\u00e3o audiovisual, por meio de treinamentos pr\u00e1ticos e te\u00f3ricos.<\/p>\n<h2>Objetivos do Programa<\/h2>\n<p>O principal objetivo deste programa \u00e9 o desenvolvimento pessoal e profissional dos participantes, com \u00eanfase na capacita\u00e7\u00e3o para o mercado de trabalho. Atrav\u00e9s de atividades pr\u00e1ticas de forma\u00e7\u00e3o, o projeto visa:<\/p>\n<ul>\n<li>Amplitude de oportunidades na \u00e1rea de trabalho qualificado.<\/li>\n<li>Est\u00edmulo \u00e0 express\u00e3o art\u00edstica individual dos jovens.<\/li>\n<li>Promo\u00e7\u00e3o da economia criativa local.<\/li>\n<li>Capacita\u00e7\u00e3o dos jovens como agentes de transforma\u00e7\u00e3o social.<\/li>\n<\/ul>\n<h2>Perfil dos Participantes<\/h2>\n<p>Os benefici\u00e1rios do programa s\u00e3o jovens entre 16 e 24 anos, oriundos de contextos de alta vulnerabilidade social. O projeto tem como prioridade atender aqueles com maior dificuldade de acesso a recursos educacionais e oportunidades de emprego.<\/p>\n<p><img decoding=\"async\" src=\"https:\/\/www.encontrabomretiro.com.br\/sobre\/wp-content\/uploads\/2026\/07\/audiovisual-e-tecnologia.webp\" alt=\"audiovisual e tecnologia\" loading=\"lazy\" \/><\/p>\n<h2>Benef\u00edcios para os Jovens<\/h2>\n<p>Os participantes do programa t\u00eam acesso a diversos benef\u00edcios, que podem incluir:<\/p>\n<ul>\n<li>Forma\u00e7\u00e3o t\u00e9cnica integral, gratuita e qualificada.<\/li>\n<li>Bolsas mensais para auxiliar no sustento durante o treinamento.<\/li>\n<li>Promo\u00e7\u00e3o de networking e parcerias no setor audiovisual.<\/li>\n<li>Desenvolvimento de compet\u00eancias criativas e t\u00e9cnicas demandadas pelo mercado.<\/li>\n<\/ul>\n<h2>\u00c1reas de Especializa\u00e7\u00e3o<\/h2>\n<p>O programa abrange diversas \u00e1reas de especializa\u00e7\u00e3o dentro do audiovisual e tecnologia, permitindo que os jovens escolham um ou mais focos de atua\u00e7\u00e3o, incluindo:<\/p>\n<ul>\n<li><strong>Fotografia:<\/strong> Envolvendo t\u00e9cnicas e conceitos fundamentais para a captura de imagens.<\/li>\n<li><strong>Arte:<\/strong> Ensinando sobre a cria\u00e7\u00e3o e concep\u00e7\u00e3o visual de projetos.<\/li>\n<li><strong>Montagem e Finaliza\u00e7\u00e3o:<\/strong> Focando no processo de edi\u00e7\u00e3o e refinamento de produ\u00e7\u00f5es audiovisuais.<\/li>\n<li><strong>Som:<\/strong> Abordando a import\u00e2ncia do \u00e1udio e sua manipula\u00e7\u00e3o em produ\u00e7\u00f5es.<\/li>\n<li><strong>Produ\u00e7\u00e3o:<\/strong> Envolvendo gerenciamento de projetos e log\u00edstica.<\/li>\n<li><strong>Roteiro:<\/strong> Desenvolvimento de narrativas e hist\u00f3rias para audiovisual.<\/li>\n<\/ul>\n<h2>Como Funciona a Forma\u00e7\u00e3o<\/h2>\n<p>A forma\u00e7\u00e3o \u00e9 estruturada em um programa de 10 meses com carga hor\u00e1ria integral, ministrada de segunda a sexta-feira, que proporciona aos jovens um aprendizado imersivo. As aulas combinam teoria e pr\u00e1tica, permitindo a aplica\u00e7\u00e3o imediata dos conhecimentos adquiridos em projetos reais.<\/p>\n<h2>Instituto Criar de TV e Cinema<\/h2>\n<p>O programa \u00e9 liderado pelo <strong>Instituto Criar de TV e Cinema<\/strong>, uma entidade reconhecida pela sua atua\u00e7\u00e3o na forma\u00e7\u00e3o de novos talentos no setor audiovisual. O instituto traz uma equipe de profissionais experientes e um curr\u00edculo alinhado \u00e0s demandas do mercado contempor\u00e2neo.<\/p>\n<h2>Avalia\u00e7\u00e3o de Resultados<\/h2>\n<p>Os resultados do programa s\u00e3o monitorados continuamente, buscando entender o impacto na vida dos participantes e em suas comunidades. Avalia\u00e7\u00f5es peri\u00f3dicas ajudam a ajustar o conte\u00fado e a abordagem, garantindo que o programa atenda efetivamente \u00e0s necessidades dos jovens.<\/p>\n<h2>O Impacto na Comunidade<\/h2>\n<p>A implementa\u00e7\u00e3o do programa visa n\u00e3o apenas a capacita\u00e7\u00e3o dos jovens, mas tamb\u00e9m o fortalecimento da comunidade ao redor. Ao oferecer a possibilidade de desenvolvimento em \u00e1reas criativas, espera-se que os participantes se tornem refer\u00eancias positivas, inspirando outros jovens a buscar oportunidades semelhantes.<\/p>\n<h2>Como Participar do Programa<\/h2>\n<p>Os interessados em participar do programa Audiovisual e Tecnologia devem atender a alguns crit\u00e9rios, como:<\/p>\n<ul>\n<li>Idade entre 16 e 24 anos.<\/li>\n<li>Ser parte de fam\u00edlias de baixa renda.<\/li>\n<li>Estar matriculado ou ter finalizado o ensino m\u00e9dio.<\/li>\n<li>Residir em S\u00e3o Paulo por um m\u00ednimo de 2 anos.<\/li>\n<li>Possuir renda familiar de at\u00e9 um sal\u00e1rio m\u00ednimo.<\/li>\n<li>N\u00e3o receber seguro-desemprego.<\/li>\n<\/ul>\n<p>Al\u00e9m desses requisitos, a sele\u00e7\u00e3o pode incluir processos de entrevista e avalia\u00e7\u00e3o, focando na motiva\u00e7\u00e3o e no potencial dos candidatos.<\/p>\n\n<div style=\"font-size: 0px; height: 0px; line-height: 0px; margin: 0; padding: 0; clear: both;\"><\/div>","protected":false},"excerpt":{"rendered":"<p>Audiovisual e tecnologia s\u00e3o ferramentas essenciais para jovens em SP.<\/p>\n","protected":false},"author":1,"featured_media":3016,"comment_status":"open","ping_status":"closed","sticky":false,"template":"","format":"standard","meta":{"footnotes":""},"categories":[6],"tags":[],"class_list":["post-3017","post","type-post","status-publish","format-standard","has-post-thumbnail","hentry","category-noticias-no-bom-retiro","has_thumb"],"aioseo_notices":[],"aioseo_head":"\n\t\t<!-- All in One SEO 5.0.0.1 - aioseo.com -->\n\t<meta name=\"description\" content=\"Audiovisual e tecnologia s\u00e3o ferramentas essenciais para jovens em SP.\" \/>\n\t<meta name=\"robots\" content=\"max-image-preview:large\" \/>\n\t<meta name=\"author\" content=\"Encontra Bom Retiro\"\/>\n\t<link rel=\"canonical\" href=\"https:\/\/www.encontrabomretiro.com.br\/sobre\/audiovisual-e-tecnologia\/\" \/>\n\t<meta name=\"generator\" content=\"All in One SEO (AIOSEO) 5.0.0.1\" \/>\n\t\t<meta property=\"og:locale\" content=\"pt_BR\" \/>\n\t\t<meta property=\"og:site_name\" content=\"Encontra Bom Retiro | Not\u00edcias, eventos, informa\u00e7\u00f5es e dicas no bairro do Bom Retiro e regi\u00e3o.\" \/>\n\t\t<meta property=\"og:type\" content=\"article\" \/>\n\t\t<meta property=\"og:title\" content=\"Audiovisual e tecnologia | Encontra Bom Retiro\" \/>\n\t\t<meta property=\"og:description\" content=\"Audiovisual e tecnologia s\u00e3o ferramentas essenciais para jovens em SP.\" \/>\n\t\t<meta property=\"og:url\" content=\"https:\/\/www.encontrabomretiro.com.br\/sobre\/audiovisual-e-tecnologia\/\" \/>\n\t\t<meta property=\"article:published_time\" content=\"2026-07-03T12:17:10+00:00\" \/>\n\t\t<meta property=\"article:modified_time\" content=\"2026-07-03T12:17:10+00:00\" \/>\n\t\t<meta name=\"twitter:card\" content=\"summary_large_image\" \/>\n\t\t<meta name=\"twitter:title\" content=\"Audiovisual e tecnologia | Encontra Bom Retiro\" \/>\n\t\t<meta name=\"twitter:description\" content=\"Audiovisual e tecnologia s\u00e3o ferramentas essenciais para jovens em SP.\" \/>\n\t\t<script type=\"application\/ld+json\" class=\"aioseo-schema\">\n\t\t\t{\"@context\":\"https:\\\/\\\/schema.org\",\"@graph\":[{\"@type\":\"Article\",\"@id\":\"https:\\\/\\\/www.encontrabomretiro.com.br\\\/sobre\\\/audiovisual-e-tecnologia\\\/#article\",\"name\":\"Audiovisual e tecnologia | Encontra Bom Retiro\",\"headline\":\"Audiovisual e tecnologia\",\"author\":{\"@id\":\"https:\\\/\\\/www.encontrabomretiro.com.br\\\/sobre\\\/author\\\/ebomretiro\\\/#author\"},\"publisher\":{\"@id\":\"https:\\\/\\\/www.encontrabomretiro.com.br\\\/sobre\\\/#organization\"},\"image\":{\"@type\":\"ImageObject\",\"url\":\"https:\\\/\\\/www.encontrabomretiro.com.br\\\/sobre\\\/wp-content\\\/uploads\\\/2026\\\/07\\\/audiovisual-e-tecnologia.webp\",\"width\":280,\"height\":280,\"caption\":\"audiovisual e tecnologia\"},\"datePublished\":\"2026-07-03T10:17:10-02:00\",\"dateModified\":\"2026-07-03T10:17:10-02:00\",\"inLanguage\":\"pt-BR\",\"mainEntityOfPage\":{\"@id\":\"https:\\\/\\\/www.encontrabomretiro.com.br\\\/sobre\\\/audiovisual-e-tecnologia\\\/#webpage\"},\"isPartOf\":{\"@id\":\"https:\\\/\\\/www.encontrabomretiro.com.br\\\/sobre\\\/audiovisual-e-tecnologia\\\/#webpage\"},\"articleSection\":\"Not\\u00edcias Bom Retiro\"},{\"@type\":\"BreadcrumbList\",\"@id\":\"https:\\\/\\\/www.encontrabomretiro.com.br\\\/sobre\\\/audiovisual-e-tecnologia\\\/#breadcrumblist\",\"itemListElement\":[{\"@type\":\"ListItem\",\"@id\":\"https:\\\/\\\/www.encontrabomretiro.com.br\\\/sobre#listItem\",\"position\":1,\"name\":\"Dom\\u00e9stica\",\"item\":\"https:\\\/\\\/www.encontrabomretiro.com.br\\\/sobre\",\"nextItem\":{\"@type\":\"ListItem\",\"@id\":\"https:\\\/\\\/www.encontrabomretiro.com.br\\\/sobre\\\/noticias-no-bom-retiro\\\/#listItem\",\"name\":\"Not\\u00edcias Bom Retiro\"}},{\"@type\":\"ListItem\",\"@id\":\"https:\\\/\\\/www.encontrabomretiro.com.br\\\/sobre\\\/noticias-no-bom-retiro\\\/#listItem\",\"position\":2,\"name\":\"Not\\u00edcias Bom Retiro\",\"item\":\"https:\\\/\\\/www.encontrabomretiro.com.br\\\/sobre\\\/noticias-no-bom-retiro\\\/\",\"nextItem\":{\"@type\":\"ListItem\",\"@id\":\"https:\\\/\\\/www.encontrabomretiro.com.br\\\/sobre\\\/audiovisual-e-tecnologia\\\/#listItem\",\"name\":\"Audiovisual e tecnologia\"},\"previousItem\":{\"@type\":\"ListItem\",\"@id\":\"https:\\\/\\\/www.encontrabomretiro.com.br\\\/sobre#listItem\",\"name\":\"Dom\\u00e9stica\"}},{\"@type\":\"ListItem\",\"@id\":\"https:\\\/\\\/www.encontrabomretiro.com.br\\\/sobre\\\/audiovisual-e-tecnologia\\\/#listItem\",\"position\":3,\"name\":\"Audiovisual e tecnologia\",\"previousItem\":{\"@type\":\"ListItem\",\"@id\":\"https:\\\/\\\/www.encontrabomretiro.com.br\\\/sobre\\\/noticias-no-bom-retiro\\\/#listItem\",\"name\":\"Not\\u00edcias Bom Retiro\"}}]},{\"@type\":\"Organization\",\"@id\":\"https:\\\/\\\/www.encontrabomretiro.com.br\\\/sobre\\\/#organization\",\"name\":\"Encontra Bom Retiro\",\"description\":\"Not\\u00edcias, eventos, informa\\u00e7\\u00f5es e dicas no bairro do Bom Retiro e regi\\u00e3o.\",\"url\":\"https:\\\/\\\/www.encontrabomretiro.com.br\\\/sobre\\\/\"},{\"@type\":\"Person\",\"@id\":\"https:\\\/\\\/www.encontrabomretiro.com.br\\\/sobre\\\/author\\\/ebomretiro\\\/#author\",\"url\":\"https:\\\/\\\/www.encontrabomretiro.com.br\\\/sobre\\\/author\\\/ebomretiro\\\/\",\"name\":\"Encontra Bom Retiro\",\"image\":{\"@type\":\"ImageObject\",\"@id\":\"https:\\\/\\\/www.encontrabomretiro.com.br\\\/sobre\\\/audiovisual-e-tecnologia\\\/#authorImage\",\"url\":\"https:\\\/\\\/secure.gravatar.com\\\/avatar\\\/507340682b8270222e1f208e23198b6ae7e2c6a1033ae84e99bc6bce4f82a387?s=96&d=mm&r=g\",\"width\":96,\"height\":96,\"caption\":\"Encontra Bom Retiro\"}},{\"@type\":\"WebPage\",\"@id\":\"https:\\\/\\\/www.encontrabomretiro.com.br\\\/sobre\\\/audiovisual-e-tecnologia\\\/#webpage\",\"url\":\"https:\\\/\\\/www.encontrabomretiro.com.br\\\/sobre\\\/audiovisual-e-tecnologia\\\/\",\"name\":\"Audiovisual e tecnologia | Encontra Bom Retiro\",\"description\":\"Audiovisual e tecnologia s\\u00e3o ferramentas essenciais para jovens em SP.\",\"inLanguage\":\"pt-BR\",\"isPartOf\":{\"@id\":\"https:\\\/\\\/www.encontrabomretiro.com.br\\\/sobre\\\/#website\"},\"breadcrumb\":{\"@id\":\"https:\\\/\\\/www.encontrabomretiro.com.br\\\/sobre\\\/audiovisual-e-tecnologia\\\/#breadcrumblist\"},\"author\":{\"@id\":\"https:\\\/\\\/www.encontrabomretiro.com.br\\\/sobre\\\/author\\\/ebomretiro\\\/#author\"},\"creator\":{\"@id\":\"https:\\\/\\\/www.encontrabomretiro.com.br\\\/sobre\\\/author\\\/ebomretiro\\\/#author\"},\"image\":{\"@type\":\"ImageObject\",\"url\":\"https:\\\/\\\/www.encontrabomretiro.com.br\\\/sobre\\\/wp-content\\\/uploads\\\/2026\\\/07\\\/audiovisual-e-tecnologia.webp\",\"@id\":\"https:\\\/\\\/www.encontrabomretiro.com.br\\\/sobre\\\/audiovisual-e-tecnologia\\\/#mainImage\",\"width\":280,\"height\":280,\"caption\":\"audiovisual e tecnologia\"},\"primaryImageOfPage\":{\"@id\":\"https:\\\/\\\/www.encontrabomretiro.com.br\\\/sobre\\\/audiovisual-e-tecnologia\\\/#mainImage\"},\"datePublished\":\"2026-07-03T10:17:10-02:00\",\"dateModified\":\"2026-07-03T10:17:10-02:00\"},{\"@type\":\"WebSite\",\"@id\":\"https:\\\/\\\/www.encontrabomretiro.com.br\\\/sobre\\\/#website\",\"url\":\"https:\\\/\\\/www.encontrabomretiro.com.br\\\/sobre\\\/\",\"name\":\"Encontra Bom Retiro\",\"description\":\"Not\\u00edcias, eventos, informa\\u00e7\\u00f5es e dicas no bairro do Bom Retiro e regi\\u00e3o.\",\"inLanguage\":\"pt-BR\",\"publisher\":{\"@id\":\"https:\\\/\\\/www.encontrabomretiro.com.br\\\/sobre\\\/#organization\"}}]}\n\t\t<\/script>\n\t\t<!-- All in One SEO -->\n\n","aioseo_head_json":{"title":"Audiovisual e tecnologia | Encontra Bom Retiro","description":"Audiovisual e tecnologia s\u00e3o ferramentas essenciais para jovens em SP.","canonical_url":"https:\/\/www.encontrabomretiro.com.br\/sobre\/audiovisual-e-tecnologia\/","robots":"max-image-preview:large","keywords":"","webmasterTools":{"miscellaneous":""},"schema":{"@context":"https:\/\/schema.org","@graph":[{"@type":"Article","@id":"https:\/\/www.encontrabomretiro.com.br\/sobre\/audiovisual-e-tecnologia\/#article","name":"Audiovisual e tecnologia | Encontra Bom Retiro","headline":"Audiovisual e tecnologia","author":{"@id":"https:\/\/www.encontrabomretiro.com.br\/sobre\/author\/ebomretiro\/#author"},"publisher":{"@id":"https:\/\/www.encontrabomretiro.com.br\/sobre\/#organization"},"image":{"@type":"ImageObject","url":"https:\/\/www.encontrabomretiro.com.br\/sobre\/wp-content\/uploads\/2026\/07\/audiovisual-e-tecnologia.webp","width":280,"height":280,"caption":"audiovisual e tecnologia"},"datePublished":"2026-07-03T10:17:10-02:00","dateModified":"2026-07-03T10:17:10-02:00","inLanguage":"pt-BR","mainEntityOfPage":{"@id":"https:\/\/www.encontrabomretiro.com.br\/sobre\/audiovisual-e-tecnologia\/#webpage"},"isPartOf":{"@id":"https:\/\/www.encontrabomretiro.com.br\/sobre\/audiovisual-e-tecnologia\/#webpage"},"articleSection":"Not\u00edcias Bom Retiro"},{"@type":"BreadcrumbList","@id":"https:\/\/www.encontrabomretiro.com.br\/sobre\/audiovisual-e-tecnologia\/#breadcrumblist","itemListElement":[{"@type":"ListItem","@id":"https:\/\/www.encontrabomretiro.com.br\/sobre#listItem","position":1,"name":"Dom\u00e9stica","item":"https:\/\/www.encontrabomretiro.com.br\/sobre","nextItem":{"@type":"ListItem","@id":"https:\/\/www.encontrabomretiro.com.br\/sobre\/noticias-no-bom-retiro\/#listItem","name":"Not\u00edcias Bom Retiro"}},{"@type":"ListItem","@id":"https:\/\/www.encontrabomretiro.com.br\/sobre\/noticias-no-bom-retiro\/#listItem","position":2,"name":"Not\u00edcias Bom Retiro","item":"https:\/\/www.encontrabomretiro.com.br\/sobre\/noticias-no-bom-retiro\/","nextItem":{"@type":"ListItem","@id":"https:\/\/www.encontrabomretiro.com.br\/sobre\/audiovisual-e-tecnologia\/#listItem","name":"Audiovisual e tecnologia"},"previousItem":{"@type":"ListItem","@id":"https:\/\/www.encontrabomretiro.com.br\/sobre#listItem","name":"Dom\u00e9stica"}},{"@type":"ListItem","@id":"https:\/\/www.encontrabomretiro.com.br\/sobre\/audiovisual-e-tecnologia\/#listItem","position":3,"name":"Audiovisual e tecnologia","previousItem":{"@type":"ListItem","@id":"https:\/\/www.encontrabomretiro.com.br\/sobre\/noticias-no-bom-retiro\/#listItem","name":"Not\u00edcias Bom Retiro"}}]},{"@type":"Organization","@id":"https:\/\/www.encontrabomretiro.com.br\/sobre\/#organization","name":"Encontra Bom Retiro","description":"Not\u00edcias, eventos, informa\u00e7\u00f5es e dicas no bairro do Bom Retiro e regi\u00e3o.","url":"https:\/\/www.encontrabomretiro.com.br\/sobre\/"},{"@type":"Person","@id":"https:\/\/www.encontrabomretiro.com.br\/sobre\/author\/ebomretiro\/#author","url":"https:\/\/www.encontrabomretiro.com.br\/sobre\/author\/ebomretiro\/","name":"Encontra Bom Retiro","image":{"@type":"ImageObject","@id":"https:\/\/www.encontrabomretiro.com.br\/sobre\/audiovisual-e-tecnologia\/#authorImage","url":"https:\/\/secure.gravatar.com\/avatar\/507340682b8270222e1f208e23198b6ae7e2c6a1033ae84e99bc6bce4f82a387?s=96&d=mm&r=g","width":96,"height":96,"caption":"Encontra Bom Retiro"}},{"@type":"WebPage","@id":"https:\/\/www.encontrabomretiro.com.br\/sobre\/audiovisual-e-tecnologia\/#webpage","url":"https:\/\/www.encontrabomretiro.com.br\/sobre\/audiovisual-e-tecnologia\/","name":"Audiovisual e tecnologia | Encontra Bom Retiro","description":"Audiovisual e tecnologia s\u00e3o ferramentas essenciais para jovens em SP.","inLanguage":"pt-BR","isPartOf":{"@id":"https:\/\/www.encontrabomretiro.com.br\/sobre\/#website"},"breadcrumb":{"@id":"https:\/\/www.encontrabomretiro.com.br\/sobre\/audiovisual-e-tecnologia\/#breadcrumblist"},"author":{"@id":"https:\/\/www.encontrabomretiro.com.br\/sobre\/author\/ebomretiro\/#author"},"creator":{"@id":"https:\/\/www.encontrabomretiro.com.br\/sobre\/author\/ebomretiro\/#author"},"image":{"@type":"ImageObject","url":"https:\/\/www.encontrabomretiro.com.br\/sobre\/wp-content\/uploads\/2026\/07\/audiovisual-e-tecnologia.webp","@id":"https:\/\/www.encontrabomretiro.com.br\/sobre\/audiovisual-e-tecnologia\/#mainImage","width":280,"height":280,"caption":"audiovisual e tecnologia"},"primaryImageOfPage":{"@id":"https:\/\/www.encontrabomretiro.com.br\/sobre\/audiovisual-e-tecnologia\/#mainImage"},"datePublished":"2026-07-03T10:17:10-02:00","dateModified":"2026-07-03T10:17:10-02:00"},{"@type":"WebSite","@id":"https:\/\/www.encontrabomretiro.com.br\/sobre\/#website","url":"https:\/\/www.encontrabomretiro.com.br\/sobre\/","name":"Encontra Bom Retiro","description":"Not\u00edcias, eventos, informa\u00e7\u00f5es e dicas no bairro do Bom Retiro e regi\u00e3o.","inLanguage":"pt-BR","publisher":{"@id":"https:\/\/www.encontrabomretiro.com.br\/sobre\/#organization"}}]},"og:locale":"pt_BR","og:site_name":"Encontra Bom Retiro | Not\u00edcias, eventos, informa\u00e7\u00f5es e dicas no bairro do Bom Retiro e regi\u00e3o.","og:type":"article","og:title":"Audiovisual e tecnologia | Encontra Bom Retiro","og:description":"Audiovisual e tecnologia s\u00e3o ferramentas essenciais para jovens em SP.","og:url":"https:\/\/www.encontrabomretiro.com.br\/sobre\/audiovisual-e-tecnologia\/","article:published_time":"2026-07-03T12:17:10+00:00","article:modified_time":"2026-07-03T12:17:10+00:00","twitter:card":"summary_large_image","twitter:title":"Audiovisual e tecnologia | Encontra Bom Retiro","twitter:description":"Audiovisual e tecnologia s\u00e3o ferramentas essenciais para jovens em SP."},"aioseo_meta_data":{"post_id":"3017","title":null,"description":null,"keywords":null,"keyphrases":null,"primary_term":null,"canonical_url":null,"og_title":null,"og_description":null,"og_object_type":"default","og_image_type":"default","og_image_url":null,"og_image_width":null,"og_image_height":null,"og_image_custom_url":null,"og_image_custom_fields":null,"og_video":null,"og_custom_url":null,"og_article_section":null,"og_article_tags":null,"twitter_use_og":false,"twitter_card":"default","twitter_image_type":"default","twitter_image_url":null,"twitter_image_custom_url":null,"twitter_image_custom_fields":null,"twitter_title":null,"twitter_description":null,"schema":{"blockGraphs":[],"customGraphs":[],"default":{"data":{"Article":[],"Course":[],"Dataset":[],"FAQPage":[],"Movie":[],"Person":[],"Product":[],"ProductReview":[],"Car":[],"Recipe":[],"Service":[],"SoftwareApplication":[],"WebPage":[]},"graphName":"Article","isEnabled":true},"graphs":[]},"schema_type":"default","schema_type_options":null,"pillar_content":false,"robots_default":true,"robots_noindex":false,"robots_noarchive":false,"robots_nosnippet":false,"robots_nofollow":false,"robots_noimageindex":false,"robots_noodp":false,"robots_notranslate":false,"robots_max_snippet":null,"robots_max_videopreview":null,"robots_max_imagepreview":"large","priority":null,"frequency":null,"local_seo":null,"breadcrumb_settings":null,"limit_modified_date":false,"ai":null,"created":"2026-07-03 12:17:14","updated":"2026-07-03 12:18:02","focus_keyword":null,"additional_keywords":null,"truseo_locale":null,"seo_analyzer_scan_date":null},"aioseo_breadcrumb":"<div class=\"aioseo-breadcrumbs\"><span class=\"aioseo-breadcrumb\">\n\t\t\t<a href=\"https:\/\/www.encontrabomretiro.com.br\/sobre\" title=\"Dom\u00e9stica\">Dom\u00e9stica<\/a>\n\t\t<\/span><span class=\"aioseo-breadcrumb-separator\">&raquo;<\/span><span class=\"aioseo-breadcrumb\">\n\t\t\t<a href=\"https:\/\/www.encontrabomretiro.com.br\/sobre\/noticias-no-bom-retiro\/\" title=\"Not\u00edcias Bom Retiro\">Not\u00edcias Bom Retiro<\/a>\n\t\t<\/span><span class=\"aioseo-breadcrumb-separator\">&raquo;<\/span><span class=\"aioseo-breadcrumb\">\n\t\t\tAudiovisual e tecnologia\n\t\t<\/span><\/div>","aioseo_breadcrumb_json":[{"label":"Dom\u00e9stica","link":"https:\/\/www.encontrabomretiro.com.br\/sobre"},{"label":"Not\u00edcias Bom Retiro","link":"https:\/\/www.encontrabomretiro.com.br\/sobre\/noticias-no-bom-retiro\/"},{"label":"Audiovisual e tecnologia","link":"https:\/\/www.encontrabomretiro.com.br\/sobre\/audiovisual-e-tecnologia\/"}],"_links":{"self":[{"href":"https:\/\/www.encontrabomretiro.com.br\/sobre\/wp-json\/wp\/v2\/posts\/3017","targetHints":{"allow":["GET"]}}],"collection":[{"href":"https:\/\/www.encontrabomretiro.com.br\/sobre\/wp-json\/wp\/v2\/posts"}],"about":[{"href":"https:\/\/www.encontrabomretiro.com.br\/sobre\/wp-json\/wp\/v2\/types\/post"}],"author":[{"embeddable":true,"href":"https:\/\/www.encontrabomretiro.com.br\/sobre\/wp-json\/wp\/v2\/users\/1"}],"replies":[{"embeddable":true,"href":"https:\/\/www.encontrabomretiro.com.br\/sobre\/wp-json\/wp\/v2\/comments?post=3017"}],"version-history":[{"count":0,"href":"https:\/\/www.encontrabomretiro.com.br\/sobre\/wp-json\/wp\/v2\/posts\/3017\/revisions"}],"wp:featuredmedia":[{"embeddable":true,"href":"https:\/\/www.encontrabomretiro.com.br\/sobre\/wp-json\/wp\/v2\/media\/3016"}],"wp:attachment":[{"href":"https:\/\/www.encontrabomretiro.com.br\/sobre\/wp-json\/wp\/v2\/media?parent=3017"}],"wp:term":[{"taxonomy":"category","embeddable":true,"href":"https:\/\/www.encontrabomretiro.com.br\/sobre\/wp-json\/wp\/v2\/categories?post=3017"},{"taxonomy":"post_tag","embeddable":true,"href":"https:\/\/www.encontrabomretiro.com.br\/sobre\/wp-json\/wp\/v2\/tags?post=3017"}],"curies":[{"name":"wp","href":"https:\/\/api.w.org\/{rel}","templated":true}]}}