{"id":3010,"date":"2026-07-01T10:04:34","date_gmt":"2026-07-01T12:04:34","guid":{"rendered":"https:\/\/www.encontrabomretiro.com.br\/sobre\/radar-de-fiis-rbva11-fecha-locacao-de-dois-imoveis-vagos-e-mais\/"},"modified":"2026-07-01T10:04:34","modified_gmt":"2026-07-01T12:04:34","slug":"radar-de-fiis-rbva11-fecha-locacao-de-dois-imoveis-vagos-e-mais","status":"publish","type":"post","link":"https:\/\/www.encontrabomretiro.com.br\/sobre\/radar-de-fiis-rbva11-fecha-locacao-de-dois-imoveis-vagos-e-mais\/","title":{"rendered":"Radar de FIIs: RBVA11 fecha loca\u00e7\u00e3o de dois im\u00f3veis vagos e mais"},"content":{"rendered":"<div class=\"228b65ae207de3c5c501cfe75875708b\" data-index=\"1\" style=\"float: none; margin:0px;\">\n<!-- Anuncio display - global -->\r\n<ins class=\"adsbygoogle\"\r\n     style=\"display:block\"\r\n     data-ad-client=\"ca-pub-8585364105181520\"\r\n     data-ad-slot=\"8789329856\"\r\n     data-ad-format=\"auto\"\r\n     data-full-width-responsive=\"true\"><\/ins>\r\n<script>\r\n     (adsbygoogle = window.adsbygoogle || []).push({});\r\n<\/script>\n<\/div>\n<h2>Entenda o que s\u00e3o Fundos Imobili\u00e1rios<\/h2>\n<p>Os Fundos Imobili\u00e1rios, tamb\u00e9m conhecidos como <strong>FIIs<\/strong>, s\u00e3o ve\u00edculos de investimento que re\u00fanem recursos de diversos investidores para aplicar em empreendimentos do setor imobili\u00e1rio. Esses fundos gerenciam propriedades que podem incluir shopping centers, edif\u00edcios comerciais, entre outros, e distribuem os lucros obtidos com aluguel ou vendas para seus cotistas. Com uma estrutura similar \u00e0s a\u00e7\u00f5es, os FIIs permitem a participa\u00e7\u00e3o em grandes projetos sem a necessidade de aquisi\u00e7\u00e3o direta de im\u00f3veis.<\/p>\n<h2>A import\u00e2ncia do Radar de FIIs<\/h2>\n<p>O <strong>Radar de FIIs<\/strong> \u00e9 uma ferramenta essencial para quem investe ou est\u00e1 interessado em investir nesse segmento. Ele oferece uma vis\u00e3o abrangente e atualizada das principais movimenta\u00e7\u00f5es do mercado imobili\u00e1rio, como novas loca\u00e7\u00f5es, aquisi\u00e7\u00f5es, vendas e outras opera\u00e7\u00f5es que impactam na valoriza\u00e7\u00e3o e nos rendimentos dos fundos. Acompanhar essas informa\u00e7\u00f5es \u00e9 crucial para que os investidores fa\u00e7am escolhas informadas e estrat\u00e9gicas.<\/p>\n<h2>O que mudou com o RBVA11?<\/h2>\n<p>Recentemente, o fundo <strong>RBVA11<\/strong> firmou um contrato de loca\u00e7\u00e3o com a empresa M3 Storage, ocupando dois im\u00f3veis que estavam desocupados. Este movimento \u00e9 um indicativo positivo, pois n\u00e3o somente preenche espa\u00e7os vazios, mas tamb\u00e9m promete aumentar a receita do fundo, j\u00e1 que a loca\u00e7\u00e3o est\u00e1 atrelada a um percentual da receita bruta gerada, beneficiando assim todos os cotistas.<\/p>\n<p><img decoding=\"async\" src=\"https:\/\/www.encontrabomretiro.com.br\/sobre\/wp-content\/uploads\/2026\/07\/radar-de-fiis-rbva11-fecha-locacao-de-dois-imoveis-vagos-e-mais.webp\" alt=\"Radar de FIIs\" loading=\"lazy\" \/><\/p>\n<h2>Loca\u00e7\u00e3o de Im\u00f3veis: O impacto para o Fundo<\/h2>\n<p>A loca\u00e7\u00e3o dos dois im\u00f3veis traz uma diminui\u00e7\u00e3o significativa na vac\u00e2ncia do <strong>RBVA11<\/strong>, reduzindo sua taxa de 6,5% para 4,9%. Essa melhoria \u00e9 fundamental, pois uma vac\u00e2ncia menor geralmente resulta em uma valoriza\u00e7\u00e3o das cotas do fundo e, consequentemente, em retornos mais atrativos para os investidores. O impacto no resultado mensal estimado \u00e9 de aproximadamente R$ 0,0018 por cota, o que, em volumes maiores de cotas, representa um aumento consider\u00e1vel na receita total do fundo.<\/p>\n<h2>An\u00e1lise de Mercado: O que esperar do RBVA11?<\/h2>\n<p>Com a nova loca\u00e7\u00e3o, as expectativas para o <strong>RBVA11<\/strong> s\u00e3o otimistas. O fundo passa a ter um fluxo de receita mais est\u00e1vel e previs\u00edvel, al\u00e9m de melhorar sua posi\u00e7\u00e3o no ranking dos fundos imobili\u00e1rios. Analisando o mercado mais amplamente, \u00e9 poss\u00edvel notar um crescimento na demanda por espa\u00e7os de armazenamento, o que pode favorecer ainda mais esse segmento nos pr\u00f3ximos meses.<\/p>\n<h2>Dicas para investidores em Fundos Imobili\u00e1rios<\/h2>\n<p>Investir em fundos imobili\u00e1rios exige aten\u00e7\u00e3o a diversos fatores. Aqui est\u00e3o algumas dicas:<\/p>\n<ul>\n<li><strong>Pesquise sobre o fundo:<\/strong> Entenda a estrutura dos fundos nos quais voc\u00ea est\u00e1 interessado, incluindo taxa de vac\u00e2ncia, localiza\u00e7\u00e3o dos im\u00f3veis e hist\u00f3rico de pagamento de dividendos.<\/li>\n<li><strong>Monitore o mercado:<\/strong> Fique de olho em tend\u00eancias e movimenta\u00e7\u00f5es que podem afetar seus investimentos.<\/li>\n<li><strong>Considere a diversifica\u00e7\u00e3o:<\/strong> N\u00e3o coloque todos os seus recursos em um \u00fanico fundo; diversificar pode ajudar a mitigar riscos.<\/li>\n<li><strong>Tenha paci\u00eancia:<\/strong> Investimentos em FIIs podem levar tempo para gerar resultados expressivos.<\/li>\n<\/ul>\n<h2>Como acompanhar as movimenta\u00e7\u00f5es do mercado<\/h2>\n<p>Existem v\u00e1rias formas de acompanhar os FIIs e suas movimenta\u00e7\u00f5es:<\/p>\n<ul>\n<li><strong>Sites e plataformas de investimento:<\/strong> Utilize plataformas como a Eu Quero Investir para acesso a informa\u00e7\u00f5es atualizadas e relevantes.<\/li>\n<li><strong>Relat\u00f3rios de mercado:<\/strong> Leia relat\u00f3rios e an\u00e1lises de especialistas para entender o contexto econ\u00f4mico dos fundos.<\/li>\n<li><strong>Redes sociais e comunidades de investidores:<\/strong> Participe de grupos de discuss\u00e3o e siga analistas em redes sociais para enriquecer seu conhecimento.<\/li>\n<\/ul>\n<h2>Entrevista com especialista em FIIs<\/h2>\n<p>Buscar o conhecimento de especialistas pode oferecer insights valiosos. Conversas com profissionais do setor podem revelar tend\u00eancias, estrat\u00e9gias efetivas e recomenda\u00e7\u00f5es que n\u00e3o est\u00e3o dispon\u00edveis ao p\u00fablico geral.<\/p>\n<h2>Previs\u00f5es futuras para o segmento de FIIs<\/h2>\n<p>O futuro dos Fundos Imobili\u00e1rios parece promissor, com algumas tend\u00eancias sendo observadas, como:<\/p>\n<ul>\n<li><strong>Crescimento em loca\u00e7\u00f5es:<\/strong> A demanda por espa\u00e7os de aluguel deve aumentar, especialmente com a recupera\u00e7\u00e3o econ\u00f4mica.<\/li>\n<li><strong>Novas regulamenta\u00e7\u00f5es:<\/strong> Mudan\u00e7as regulat\u00f3rias podem afetar a estrutura dos fundos e oferecer novas oportunidades para investidores.<\/li>\n<li><strong>Ado\u00e7\u00e3o de tecnologia:<\/strong> O uso de tecnologia na gest\u00e3o de propriedades e nas an\u00e1lises de mercado pode otimizar retornos e minimizar riscos.<\/li>\n<\/ul>\n<h2>Benef\u00edcios de investir em Fundos Imobili\u00e1rios<\/h2>\n<p>Os FIIs oferecem uma s\u00e9rie de benef\u00edcios para os investidores:<\/p>\n<ul>\n<li><strong>Acessibilidade:<\/strong> Permitem o investimento em im\u00f3veis com valores menores do que a compra direta.<\/li>\n<li><strong>Liquidez:<\/strong> As cotas podem ser compradas e vendidas na bolsa, oferecendo maior liquidez em compara\u00e7\u00e3o a im\u00f3veis f\u00edsicos.<\/li>\n<li><strong>Renda passiva:<\/strong> Os dividendos pagos periodicamente geram uma fonte de renda passiva para os investidores.<\/li>\n<li><strong>Gest\u00e3o profissional:<\/strong> Gest\u00e3o feita por profissionais qualificados, atualiza\u00e7\u00e3o no mercado e estrat\u00e9gias de otimiza\u00e7\u00e3o.<\/li>\n<\/ul>\n\n<div style=\"font-size: 0px; height: 0px; line-height: 0px; margin: 0; padding: 0; clear: both;\"><\/div>","protected":false},"excerpt":{"rendered":"<p>Radar de FIIs revela novidades sobre RBVA11 e suas loca\u00e7\u00f5es.<\/p>\n","protected":false},"author":1,"featured_media":3009,"comment_status":"open","ping_status":"closed","sticky":false,"template":"","format":"standard","meta":{"footnotes":""},"categories":[6],"tags":[],"class_list":["post-3010","post","type-post","status-publish","format-standard","has-post-thumbnail","hentry","category-noticias-no-bom-retiro","has_thumb"],"aioseo_notices":[],"aioseo_head":"\n\t\t<!-- All in One SEO 5.0.0.1 - aioseo.com -->\n\t<meta name=\"description\" content=\"Radar de FIIs revela novidades sobre RBVA11 e suas loca\u00e7\u00f5es.\" \/>\n\t<meta name=\"robots\" content=\"max-image-preview:large\" \/>\n\t<meta name=\"author\" content=\"Encontra Bom Retiro\"\/>\n\t<link rel=\"canonical\" href=\"https:\/\/www.encontrabomretiro.com.br\/sobre\/radar-de-fiis-rbva11-fecha-locacao-de-dois-imoveis-vagos-e-mais\/\" \/>\n\t<meta name=\"generator\" content=\"All in One SEO (AIOSEO) 5.0.0.1\" \/>\n\t\t<meta property=\"og:locale\" content=\"pt_BR\" \/>\n\t\t<meta property=\"og:site_name\" content=\"Encontra Bom Retiro | Not\u00edcias, eventos, informa\u00e7\u00f5es e dicas no bairro do Bom Retiro e regi\u00e3o.\" \/>\n\t\t<meta property=\"og:type\" content=\"article\" \/>\n\t\t<meta property=\"og:title\" content=\"Radar de FIIs: RBVA11 fecha loca\u00e7\u00e3o de dois im\u00f3veis vagos e mais | Encontra Bom Retiro\" \/>\n\t\t<meta property=\"og:description\" content=\"Radar de FIIs revela novidades sobre RBVA11 e suas loca\u00e7\u00f5es.\" \/>\n\t\t<meta property=\"og:url\" content=\"https:\/\/www.encontrabomretiro.com.br\/sobre\/radar-de-fiis-rbva11-fecha-locacao-de-dois-imoveis-vagos-e-mais\/\" \/>\n\t\t<meta property=\"article:published_time\" content=\"2026-07-01T12:04:34+00:00\" \/>\n\t\t<meta property=\"article:modified_time\" content=\"2026-07-01T12:04:34+00:00\" \/>\n\t\t<meta name=\"twitter:card\" content=\"summary_large_image\" \/>\n\t\t<meta name=\"twitter:title\" content=\"Radar de FIIs: RBVA11 fecha loca\u00e7\u00e3o de dois im\u00f3veis vagos e mais | Encontra Bom Retiro\" \/>\n\t\t<meta name=\"twitter:description\" content=\"Radar de FIIs revela novidades sobre RBVA11 e suas loca\u00e7\u00f5es.\" \/>\n\t\t<script type=\"application\/ld+json\" class=\"aioseo-schema\">\n\t\t\t{\"@context\":\"https:\\\/\\\/schema.org\",\"@graph\":[{\"@type\":\"Article\",\"@id\":\"https:\\\/\\\/www.encontrabomretiro.com.br\\\/sobre\\\/radar-de-fiis-rbva11-fecha-locacao-de-dois-imoveis-vagos-e-mais\\\/#article\",\"name\":\"Radar de FIIs: RBVA11 fecha loca\\u00e7\\u00e3o de dois im\\u00f3veis vagos e mais | Encontra Bom Retiro\",\"headline\":\"Radar de FIIs: RBVA11 fecha loca\\u00e7\\u00e3o de dois im\\u00f3veis vagos e mais\",\"author\":{\"@id\":\"https:\\\/\\\/www.encontrabomretiro.com.br\\\/sobre\\\/author\\\/ebomretiro\\\/#author\"},\"publisher\":{\"@id\":\"https:\\\/\\\/www.encontrabomretiro.com.br\\\/sobre\\\/#organization\"},\"image\":{\"@type\":\"ImageObject\",\"url\":\"https:\\\/\\\/www.encontrabomretiro.com.br\\\/sobre\\\/wp-content\\\/uploads\\\/2026\\\/07\\\/radar-de-fiis-rbva11-fecha-locacao-de-dois-imoveis-vagos-e-mais.webp\",\"width\":280,\"height\":280,\"caption\":\"Radar de FIIs\"},\"datePublished\":\"2026-07-01T10:04:34-02:00\",\"dateModified\":\"2026-07-01T10:04:34-02:00\",\"inLanguage\":\"pt-BR\",\"mainEntityOfPage\":{\"@id\":\"https:\\\/\\\/www.encontrabomretiro.com.br\\\/sobre\\\/radar-de-fiis-rbva11-fecha-locacao-de-dois-imoveis-vagos-e-mais\\\/#webpage\"},\"isPartOf\":{\"@id\":\"https:\\\/\\\/www.encontrabomretiro.com.br\\\/sobre\\\/radar-de-fiis-rbva11-fecha-locacao-de-dois-imoveis-vagos-e-mais\\\/#webpage\"},\"articleSection\":\"Not\\u00edcias Bom Retiro\"},{\"@type\":\"BreadcrumbList\",\"@id\":\"https:\\\/\\\/www.encontrabomretiro.com.br\\\/sobre\\\/radar-de-fiis-rbva11-fecha-locacao-de-dois-imoveis-vagos-e-mais\\\/#breadcrumblist\",\"itemListElement\":[{\"@type\":\"ListItem\",\"@id\":\"https:\\\/\\\/www.encontrabomretiro.com.br\\\/sobre#listItem\",\"position\":1,\"name\":\"Dom\\u00e9stica\",\"item\":\"https:\\\/\\\/www.encontrabomretiro.com.br\\\/sobre\",\"nextItem\":{\"@type\":\"ListItem\",\"@id\":\"https:\\\/\\\/www.encontrabomretiro.com.br\\\/sobre\\\/noticias-no-bom-retiro\\\/#listItem\",\"name\":\"Not\\u00edcias Bom Retiro\"}},{\"@type\":\"ListItem\",\"@id\":\"https:\\\/\\\/www.encontrabomretiro.com.br\\\/sobre\\\/noticias-no-bom-retiro\\\/#listItem\",\"position\":2,\"name\":\"Not\\u00edcias Bom Retiro\",\"item\":\"https:\\\/\\\/www.encontrabomretiro.com.br\\\/sobre\\\/noticias-no-bom-retiro\\\/\",\"nextItem\":{\"@type\":\"ListItem\",\"@id\":\"https:\\\/\\\/www.encontrabomretiro.com.br\\\/sobre\\\/radar-de-fiis-rbva11-fecha-locacao-de-dois-imoveis-vagos-e-mais\\\/#listItem\",\"name\":\"Radar de FIIs: RBVA11 fecha loca\\u00e7\\u00e3o de dois im\\u00f3veis vagos e mais\"},\"previousItem\":{\"@type\":\"ListItem\",\"@id\":\"https:\\\/\\\/www.encontrabomretiro.com.br\\\/sobre#listItem\",\"name\":\"Dom\\u00e9stica\"}},{\"@type\":\"ListItem\",\"@id\":\"https:\\\/\\\/www.encontrabomretiro.com.br\\\/sobre\\\/radar-de-fiis-rbva11-fecha-locacao-de-dois-imoveis-vagos-e-mais\\\/#listItem\",\"position\":3,\"name\":\"Radar de FIIs: RBVA11 fecha loca\\u00e7\\u00e3o de dois im\\u00f3veis vagos e mais\",\"previousItem\":{\"@type\":\"ListItem\",\"@id\":\"https:\\\/\\\/www.encontrabomretiro.com.br\\\/sobre\\\/noticias-no-bom-retiro\\\/#listItem\",\"name\":\"Not\\u00edcias Bom Retiro\"}}]},{\"@type\":\"Organization\",\"@id\":\"https:\\\/\\\/www.encontrabomretiro.com.br\\\/sobre\\\/#organization\",\"name\":\"Encontra Bom Retiro\",\"description\":\"Not\\u00edcias, eventos, informa\\u00e7\\u00f5es e dicas no bairro do Bom Retiro e regi\\u00e3o.\",\"url\":\"https:\\\/\\\/www.encontrabomretiro.com.br\\\/sobre\\\/\"},{\"@type\":\"Person\",\"@id\":\"https:\\\/\\\/www.encontrabomretiro.com.br\\\/sobre\\\/author\\\/ebomretiro\\\/#author\",\"url\":\"https:\\\/\\\/www.encontrabomretiro.com.br\\\/sobre\\\/author\\\/ebomretiro\\\/\",\"name\":\"Encontra Bom Retiro\",\"image\":{\"@type\":\"ImageObject\",\"@id\":\"https:\\\/\\\/www.encontrabomretiro.com.br\\\/sobre\\\/radar-de-fiis-rbva11-fecha-locacao-de-dois-imoveis-vagos-e-mais\\\/#authorImage\",\"url\":\"https:\\\/\\\/secure.gravatar.com\\\/avatar\\\/507340682b8270222e1f208e23198b6ae7e2c6a1033ae84e99bc6bce4f82a387?s=96&d=mm&r=g\",\"width\":96,\"height\":96,\"caption\":\"Encontra Bom Retiro\"}},{\"@type\":\"WebPage\",\"@id\":\"https:\\\/\\\/www.encontrabomretiro.com.br\\\/sobre\\\/radar-de-fiis-rbva11-fecha-locacao-de-dois-imoveis-vagos-e-mais\\\/#webpage\",\"url\":\"https:\\\/\\\/www.encontrabomretiro.com.br\\\/sobre\\\/radar-de-fiis-rbva11-fecha-locacao-de-dois-imoveis-vagos-e-mais\\\/\",\"name\":\"Radar de FIIs: RBVA11 fecha loca\\u00e7\\u00e3o de dois im\\u00f3veis vagos e mais | Encontra Bom Retiro\",\"description\":\"Radar de FIIs revela novidades sobre RBVA11 e suas loca\\u00e7\\u00f5es.\",\"inLanguage\":\"pt-BR\",\"isPartOf\":{\"@id\":\"https:\\\/\\\/www.encontrabomretiro.com.br\\\/sobre\\\/#website\"},\"breadcrumb\":{\"@id\":\"https:\\\/\\\/www.encontrabomretiro.com.br\\\/sobre\\\/radar-de-fiis-rbva11-fecha-locacao-de-dois-imoveis-vagos-e-mais\\\/#breadcrumblist\"},\"author\":{\"@id\":\"https:\\\/\\\/www.encontrabomretiro.com.br\\\/sobre\\\/author\\\/ebomretiro\\\/#author\"},\"creator\":{\"@id\":\"https:\\\/\\\/www.encontrabomretiro.com.br\\\/sobre\\\/author\\\/ebomretiro\\\/#author\"},\"image\":{\"@type\":\"ImageObject\",\"url\":\"https:\\\/\\\/www.encontrabomretiro.com.br\\\/sobre\\\/wp-content\\\/uploads\\\/2026\\\/07\\\/radar-de-fiis-rbva11-fecha-locacao-de-dois-imoveis-vagos-e-mais.webp\",\"@id\":\"https:\\\/\\\/www.encontrabomretiro.com.br\\\/sobre\\\/radar-de-fiis-rbva11-fecha-locacao-de-dois-imoveis-vagos-e-mais\\\/#mainImage\",\"width\":280,\"height\":280,\"caption\":\"Radar de FIIs\"},\"primaryImageOfPage\":{\"@id\":\"https:\\\/\\\/www.encontrabomretiro.com.br\\\/sobre\\\/radar-de-fiis-rbva11-fecha-locacao-de-dois-imoveis-vagos-e-mais\\\/#mainImage\"},\"datePublished\":\"2026-07-01T10:04:34-02:00\",\"dateModified\":\"2026-07-01T10:04:34-02:00\"},{\"@type\":\"WebSite\",\"@id\":\"https:\\\/\\\/www.encontrabomretiro.com.br\\\/sobre\\\/#website\",\"url\":\"https:\\\/\\\/www.encontrabomretiro.com.br\\\/sobre\\\/\",\"name\":\"Encontra Bom Retiro\",\"description\":\"Not\\u00edcias, eventos, informa\\u00e7\\u00f5es e dicas no bairro do Bom Retiro e regi\\u00e3o.\",\"inLanguage\":\"pt-BR\",\"publisher\":{\"@id\":\"https:\\\/\\\/www.encontrabomretiro.com.br\\\/sobre\\\/#organization\"}}]}\n\t\t<\/script>\n\t\t<!-- All in One SEO -->\n\n","aioseo_head_json":{"title":"Radar de FIIs: RBVA11 fecha loca\u00e7\u00e3o de dois im\u00f3veis vagos e mais | Encontra Bom Retiro","description":"Radar de FIIs revela novidades sobre RBVA11 e suas loca\u00e7\u00f5es.","canonical_url":"https:\/\/www.encontrabomretiro.com.br\/sobre\/radar-de-fiis-rbva11-fecha-locacao-de-dois-imoveis-vagos-e-mais\/","robots":"max-image-preview:large","keywords":"","webmasterTools":{"miscellaneous":""},"schema":{"@context":"https:\/\/schema.org","@graph":[{"@type":"Article","@id":"https:\/\/www.encontrabomretiro.com.br\/sobre\/radar-de-fiis-rbva11-fecha-locacao-de-dois-imoveis-vagos-e-mais\/#article","name":"Radar de FIIs: RBVA11 fecha loca\u00e7\u00e3o de dois im\u00f3veis vagos e mais | Encontra Bom Retiro","headline":"Radar de FIIs: RBVA11 fecha loca\u00e7\u00e3o de dois im\u00f3veis vagos e mais","author":{"@id":"https:\/\/www.encontrabomretiro.com.br\/sobre\/author\/ebomretiro\/#author"},"publisher":{"@id":"https:\/\/www.encontrabomretiro.com.br\/sobre\/#organization"},"image":{"@type":"ImageObject","url":"https:\/\/www.encontrabomretiro.com.br\/sobre\/wp-content\/uploads\/2026\/07\/radar-de-fiis-rbva11-fecha-locacao-de-dois-imoveis-vagos-e-mais.webp","width":280,"height":280,"caption":"Radar de FIIs"},"datePublished":"2026-07-01T10:04:34-02:00","dateModified":"2026-07-01T10:04:34-02:00","inLanguage":"pt-BR","mainEntityOfPage":{"@id":"https:\/\/www.encontrabomretiro.com.br\/sobre\/radar-de-fiis-rbva11-fecha-locacao-de-dois-imoveis-vagos-e-mais\/#webpage"},"isPartOf":{"@id":"https:\/\/www.encontrabomretiro.com.br\/sobre\/radar-de-fiis-rbva11-fecha-locacao-de-dois-imoveis-vagos-e-mais\/#webpage"},"articleSection":"Not\u00edcias Bom Retiro"},{"@type":"BreadcrumbList","@id":"https:\/\/www.encontrabomretiro.com.br\/sobre\/radar-de-fiis-rbva11-fecha-locacao-de-dois-imoveis-vagos-e-mais\/#breadcrumblist","itemListElement":[{"@type":"ListItem","@id":"https:\/\/www.encontrabomretiro.com.br\/sobre#listItem","position":1,"name":"Dom\u00e9stica","item":"https:\/\/www.encontrabomretiro.com.br\/sobre","nextItem":{"@type":"ListItem","@id":"https:\/\/www.encontrabomretiro.com.br\/sobre\/noticias-no-bom-retiro\/#listItem","name":"Not\u00edcias Bom Retiro"}},{"@type":"ListItem","@id":"https:\/\/www.encontrabomretiro.com.br\/sobre\/noticias-no-bom-retiro\/#listItem","position":2,"name":"Not\u00edcias Bom Retiro","item":"https:\/\/www.encontrabomretiro.com.br\/sobre\/noticias-no-bom-retiro\/","nextItem":{"@type":"ListItem","@id":"https:\/\/www.encontrabomretiro.com.br\/sobre\/radar-de-fiis-rbva11-fecha-locacao-de-dois-imoveis-vagos-e-mais\/#listItem","name":"Radar de FIIs: RBVA11 fecha loca\u00e7\u00e3o de dois im\u00f3veis vagos e mais"},"previousItem":{"@type":"ListItem","@id":"https:\/\/www.encontrabomretiro.com.br\/sobre#listItem","name":"Dom\u00e9stica"}},{"@type":"ListItem","@id":"https:\/\/www.encontrabomretiro.com.br\/sobre\/radar-de-fiis-rbva11-fecha-locacao-de-dois-imoveis-vagos-e-mais\/#listItem","position":3,"name":"Radar de FIIs: RBVA11 fecha loca\u00e7\u00e3o de dois im\u00f3veis vagos e mais","previousItem":{"@type":"ListItem","@id":"https:\/\/www.encontrabomretiro.com.br\/sobre\/noticias-no-bom-retiro\/#listItem","name":"Not\u00edcias Bom Retiro"}}]},{"@type":"Organization","@id":"https:\/\/www.encontrabomretiro.com.br\/sobre\/#organization","name":"Encontra Bom Retiro","description":"Not\u00edcias, eventos, informa\u00e7\u00f5es e dicas no bairro do Bom Retiro e regi\u00e3o.","url":"https:\/\/www.encontrabomretiro.com.br\/sobre\/"},{"@type":"Person","@id":"https:\/\/www.encontrabomretiro.com.br\/sobre\/author\/ebomretiro\/#author","url":"https:\/\/www.encontrabomretiro.com.br\/sobre\/author\/ebomretiro\/","name":"Encontra Bom Retiro","image":{"@type":"ImageObject","@id":"https:\/\/www.encontrabomretiro.com.br\/sobre\/radar-de-fiis-rbva11-fecha-locacao-de-dois-imoveis-vagos-e-mais\/#authorImage","url":"https:\/\/secure.gravatar.com\/avatar\/507340682b8270222e1f208e23198b6ae7e2c6a1033ae84e99bc6bce4f82a387?s=96&d=mm&r=g","width":96,"height":96,"caption":"Encontra Bom Retiro"}},{"@type":"WebPage","@id":"https:\/\/www.encontrabomretiro.com.br\/sobre\/radar-de-fiis-rbva11-fecha-locacao-de-dois-imoveis-vagos-e-mais\/#webpage","url":"https:\/\/www.encontrabomretiro.com.br\/sobre\/radar-de-fiis-rbva11-fecha-locacao-de-dois-imoveis-vagos-e-mais\/","name":"Radar de FIIs: RBVA11 fecha loca\u00e7\u00e3o de dois im\u00f3veis vagos e mais | Encontra Bom Retiro","description":"Radar de FIIs revela novidades sobre RBVA11 e suas loca\u00e7\u00f5es.","inLanguage":"pt-BR","isPartOf":{"@id":"https:\/\/www.encontrabomretiro.com.br\/sobre\/#website"},"breadcrumb":{"@id":"https:\/\/www.encontrabomretiro.com.br\/sobre\/radar-de-fiis-rbva11-fecha-locacao-de-dois-imoveis-vagos-e-mais\/#breadcrumblist"},"author":{"@id":"https:\/\/www.encontrabomretiro.com.br\/sobre\/author\/ebomretiro\/#author"},"creator":{"@id":"https:\/\/www.encontrabomretiro.com.br\/sobre\/author\/ebomretiro\/#author"},"image":{"@type":"ImageObject","url":"https:\/\/www.encontrabomretiro.com.br\/sobre\/wp-content\/uploads\/2026\/07\/radar-de-fiis-rbva11-fecha-locacao-de-dois-imoveis-vagos-e-mais.webp","@id":"https:\/\/www.encontrabomretiro.com.br\/sobre\/radar-de-fiis-rbva11-fecha-locacao-de-dois-imoveis-vagos-e-mais\/#mainImage","width":280,"height":280,"caption":"Radar de FIIs"},"primaryImageOfPage":{"@id":"https:\/\/www.encontrabomretiro.com.br\/sobre\/radar-de-fiis-rbva11-fecha-locacao-de-dois-imoveis-vagos-e-mais\/#mainImage"},"datePublished":"2026-07-01T10:04:34-02:00","dateModified":"2026-07-01T10:04:34-02:00"},{"@type":"WebSite","@id":"https:\/\/www.encontrabomretiro.com.br\/sobre\/#website","url":"https:\/\/www.encontrabomretiro.com.br\/sobre\/","name":"Encontra Bom Retiro","description":"Not\u00edcias, eventos, informa\u00e7\u00f5es e dicas no bairro do Bom Retiro e regi\u00e3o.","inLanguage":"pt-BR","publisher":{"@id":"https:\/\/www.encontrabomretiro.com.br\/sobre\/#organization"}}]},"og:locale":"pt_BR","og:site_name":"Encontra Bom Retiro | Not\u00edcias, eventos, informa\u00e7\u00f5es e dicas no bairro do Bom Retiro e regi\u00e3o.","og:type":"article","og:title":"Radar de FIIs: RBVA11 fecha loca\u00e7\u00e3o de dois im\u00f3veis vagos e mais | Encontra Bom Retiro","og:description":"Radar de FIIs revela novidades sobre RBVA11 e suas loca\u00e7\u00f5es.","og:url":"https:\/\/www.encontrabomretiro.com.br\/sobre\/radar-de-fiis-rbva11-fecha-locacao-de-dois-imoveis-vagos-e-mais\/","article:published_time":"2026-07-01T12:04:34+00:00","article:modified_time":"2026-07-01T12:04:34+00:00","twitter:card":"summary_large_image","twitter:title":"Radar de FIIs: RBVA11 fecha loca\u00e7\u00e3o de dois im\u00f3veis vagos e mais | Encontra Bom Retiro","twitter:description":"Radar de FIIs revela novidades sobre RBVA11 e suas loca\u00e7\u00f5es."},"aioseo_meta_data":{"post_id":"3010","title":null,"description":null,"keywords":null,"keyphrases":null,"primary_term":null,"canonical_url":null,"og_title":null,"og_description":null,"og_object_type":"default","og_image_type":"default","og_image_url":null,"og_image_width":null,"og_image_height":null,"og_image_custom_url":null,"og_image_custom_fields":null,"og_video":null,"og_custom_url":null,"og_article_section":null,"og_article_tags":null,"twitter_use_og":false,"twitter_card":"default","twitter_image_type":"default","twitter_image_url":null,"twitter_image_custom_url":null,"twitter_image_custom_fields":null,"twitter_title":null,"twitter_description":null,"schema":{"blockGraphs":[],"customGraphs":[],"default":{"data":{"Article":[],"Course":[],"Dataset":[],"FAQPage":[],"Movie":[],"Person":[],"Product":[],"ProductReview":[],"Car":[],"Recipe":[],"Service":[],"SoftwareApplication":[],"WebPage":[]},"graphName":"Article","isEnabled":true},"graphs":[]},"schema_type":"default","schema_type_options":null,"pillar_content":false,"robots_default":true,"robots_noindex":false,"robots_noarchive":false,"robots_nosnippet":false,"robots_nofollow":false,"robots_noimageindex":false,"robots_noodp":false,"robots_notranslate":false,"robots_max_snippet":null,"robots_max_videopreview":null,"robots_max_imagepreview":"large","priority":null,"frequency":null,"local_seo":null,"breadcrumb_settings":null,"limit_modified_date":false,"ai":null,"created":"2026-07-01 12:04:36","updated":"2026-07-01 12:16:32","focus_keyword":null,"additional_keywords":null,"truseo_locale":null,"seo_analyzer_scan_date":null},"aioseo_breadcrumb":"<div class=\"aioseo-breadcrumbs\"><span class=\"aioseo-breadcrumb\">\n\t\t\t<a href=\"https:\/\/www.encontrabomretiro.com.br\/sobre\" title=\"Dom\u00e9stica\">Dom\u00e9stica<\/a>\n\t\t<\/span><span class=\"aioseo-breadcrumb-separator\">&raquo;<\/span><span class=\"aioseo-breadcrumb\">\n\t\t\t<a href=\"https:\/\/www.encontrabomretiro.com.br\/sobre\/noticias-no-bom-retiro\/\" title=\"Not\u00edcias Bom Retiro\">Not\u00edcias Bom Retiro<\/a>\n\t\t<\/span><span class=\"aioseo-breadcrumb-separator\">&raquo;<\/span><span class=\"aioseo-breadcrumb\">\n\t\t\tRadar de FIIs: RBVA11 fecha loca\u00e7\u00e3o de dois im\u00f3veis vagos e mais\n\t\t<\/span><\/div>","aioseo_breadcrumb_json":[{"label":"Dom\u00e9stica","link":"https:\/\/www.encontrabomretiro.com.br\/sobre"},{"label":"Not\u00edcias Bom Retiro","link":"https:\/\/www.encontrabomretiro.com.br\/sobre\/noticias-no-bom-retiro\/"},{"label":"Radar de FIIs: RBVA11 fecha loca\u00e7\u00e3o de dois im\u00f3veis vagos e mais","link":"https:\/\/www.encontrabomretiro.com.br\/sobre\/radar-de-fiis-rbva11-fecha-locacao-de-dois-imoveis-vagos-e-mais\/"}],"_links":{"self":[{"href":"https:\/\/www.encontrabomretiro.com.br\/sobre\/wp-json\/wp\/v2\/posts\/3010","targetHints":{"allow":["GET"]}}],"collection":[{"href":"https:\/\/www.encontrabomretiro.com.br\/sobre\/wp-json\/wp\/v2\/posts"}],"about":[{"href":"https:\/\/www.encontrabomretiro.com.br\/sobre\/wp-json\/wp\/v2\/types\/post"}],"author":[{"embeddable":true,"href":"https:\/\/www.encontrabomretiro.com.br\/sobre\/wp-json\/wp\/v2\/users\/1"}],"replies":[{"embeddable":true,"href":"https:\/\/www.encontrabomretiro.com.br\/sobre\/wp-json\/wp\/v2\/comments?post=3010"}],"version-history":[{"count":0,"href":"https:\/\/www.encontrabomretiro.com.br\/sobre\/wp-json\/wp\/v2\/posts\/3010\/revisions"}],"wp:featuredmedia":[{"embeddable":true,"href":"https:\/\/www.encontrabomretiro.com.br\/sobre\/wp-json\/wp\/v2\/media\/3009"}],"wp:attachment":[{"href":"https:\/\/www.encontrabomretiro.com.br\/sobre\/wp-json\/wp\/v2\/media?parent=3010"}],"wp:term":[{"taxonomy":"category","embeddable":true,"href":"https:\/\/www.encontrabomretiro.com.br\/sobre\/wp-json\/wp\/v2\/categories?post=3010"},{"taxonomy":"post_tag","embeddable":true,"href":"https:\/\/www.encontrabomretiro.com.br\/sobre\/wp-json\/wp\/v2\/tags?post=3010"}],"curies":[{"name":"wp","href":"https:\/\/api.w.org\/{rel}","templated":true}]}}