{"id":3000,"date":"2026-06-29T10:01:22","date_gmt":"2026-06-29T12:01:22","guid":{"rendered":"https:\/\/www.encontrabomretiro.com.br\/sobre\/supercombo-e-wanderlea-fazem-shows-no-sesc-em-julho-veja-agenda\/"},"modified":"2026-06-29T10:01:22","modified_gmt":"2026-06-29T12:01:22","slug":"supercombo-e-wanderlea-fazem-shows-no-sesc-em-julho-veja-agenda","status":"publish","type":"post","link":"https:\/\/www.encontrabomretiro.com.br\/sobre\/supercombo-e-wanderlea-fazem-shows-no-sesc-em-julho-veja-agenda\/","title":{"rendered":"Supercombo e Wanderl\u00e9a fazem shows no Sesc em julho; veja agenda"},"content":{"rendered":"<div class=\"228b65ae207de3c5c501cfe75875708b\" data-index=\"1\" style=\"float: none; margin:0px;\">\n<!-- Anuncio display - global -->\r\n<ins class=\"adsbygoogle\"\r\n     style=\"display:block\"\r\n     data-ad-client=\"ca-pub-8585364105181520\"\r\n     data-ad-slot=\"8789329856\"\r\n     data-ad-format=\"auto\"\r\n     data-full-width-responsive=\"true\"><\/ins>\r\n<script>\r\n     (adsbygoogle = window.adsbygoogle || []).push({});\r\n<\/script>\n<\/div>\n<h2>Agenda de Shows em Julho<\/h2>\n<p>Em julho, o Sesc de S\u00e3o Paulo se tornar\u00e1 o palco de apresenta\u00e7\u00f5es imperd\u00edveis, trazendo a mistura de sons e culturas \u00e0 cidade. A banda capixaba <strong>Supercombo<\/strong> e a ic\u00f4nica <strong>Wanderl\u00e9a<\/strong>, grandes artistas da m\u00fasica brasileira, prometem animar as noites paulistanas junto a outros nomes renomados como <strong>Afrocidade<\/strong>, <strong>Viper<\/strong>, e <strong>Eliana Pittman<\/strong>.<\/p>\n<h2>Supercombo: O Que Esperar da Apresenta\u00e7\u00e3o<\/h2>\n<p>A <strong>Supercombo<\/strong> vai trazer toda a energia de seu rock inovador ao Sesc Santo Amaro no dia 4 de julho, \u00e0s 20h. Com um repert\u00f3rio que inclui sucessos conhecidos do \u00e1lbum &#8220;Caranguejo&#8221;, a banda promete uma performance vibrante. As influ\u00eancias que v\u00e3o desde o rock at\u00e9 o piseiro garantem um show din\u00e2mico e envolvente.<\/p>\n<h2>Wanderl\u00e9a e Seus Sucessos Imortais<\/h2>\n<p>A lend\u00e1ria <strong>Wanderl\u00e9a<\/strong>, um \u00edcone da Jovem Guarda, ir\u00e1 se apresentar no Sesc Pompeia nos dias 10 e 11 de julho, \u00e0s 21h. No show, a artista revisitar\u00e1 seus grandes sucessos dos anos 60, mesclando-os com novas can\u00e7\u00f5es que refletem sua evolu\u00e7\u00e3o musical ao longo das d\u00e9cadas.<\/p>\n<p><img decoding=\"async\" src=\"https:\/\/www.encontrabomretiro.com.br\/sobre\/wp-content\/uploads\/2026\/06\/supercombo-e-wanderlea-fazem-shows-no-sesc-em-julho-veja-agenda.webp\" alt=\"Supercombo e Wanderl\u00e9a fazem shows no Sesc em julho\" loading=\"lazy\" \/><\/p>\n<h2>Afrocidade: Ritmos que Encantam<\/h2>\n<p>A banda <strong>Afrocidade<\/strong> far\u00e1 duas apresenta\u00e7\u00f5es no Sesc Bom Retiro nos dias 11 e 12 de julho, \u00e0s 20h e 18h, respectivamente. Famosa por sua fus\u00e3o de sons afro-brasileiros com ritmos variados como reggae e m\u00fasica eletr\u00f4nica, a banda contar\u00e1 com a participa\u00e7\u00e3o especial da cantora <strong>Luedji Luna<\/strong> na apresenta\u00e7\u00e3o de domingo, prometendo um espet\u00e1culo cheio de ritmo e emo\u00e7\u00e3o.<\/p>\n<h2>Viper: Rock em Alta Voltagem<\/h2>\n<p>O grupo de rock <strong>Viper<\/strong>, liderando a cena do hard rock brasileiro, estar\u00e1 no Sesc 24 de Maio no dia 10 de julho, \u00e0s 20h. O show, que celebra os 40 anos de carreiras da banda, promete reviver cl\u00e1ssicos que marcaram uma gera\u00e7\u00e3o, com Leandro Ca\u00e7oilo nos vocais.<\/p>\n<h2>Eliana Pittman e seu Repert\u00f3rio Cl\u00e1ssico<\/h2>\n<p>A premiada cantora <strong>Eliana Pittman<\/strong>, conhecida por seus estilos que misturam jazz e bossa nova, se apresentar\u00e1 no Sesc Consola\u00e7\u00e3o nos dias 10 e 11 de julho, \u00e0s 20h e 18h. No repert\u00f3rio, est\u00e3o grandes sucessos do sambista <strong>Jorge Arag\u00e3o<\/strong>, em uma homenagem cheia de classe ao seu legado musical.<\/p>\n<h2>Localiza\u00e7\u00e3o das Apresenta\u00e7\u00f5es<\/h2>\n<p>As apresenta\u00e7\u00f5es ocorrer\u00e3o em v\u00e1rias unidades do Sesc em S\u00e3o Paulo:<\/p>\n<ul>\n<li><strong>Sesc Santo Amaro:<\/strong> r. Amador Bueno, 505, Santo Amaro.<\/li>\n<li><strong>Sesc Pompeia:<\/strong> r. Cl\u00e9lia, 93, \u00c1gua Branca.<\/li>\n<li><strong>Sesc 24 de Maio:<\/strong> r. 24 de Maio, 109, Rep\u00fablica.<\/li>\n<li><strong>Sesc Bom Retiro:<\/strong> al. Nothmann, 185, Campos El\u00edseos.<\/li>\n<li><strong>Sesc Consola\u00e7\u00e3o:<\/strong> r. Dr. Vila Nova, 245, Vila Buarque.<\/li>\n<\/ul>\n<h2>Como Comprar Ingressos<\/h2>\n<p>Os ingressos para os shows j\u00e1 est\u00e3o dispon\u00edveis para compra no site oficial do Sesc e nas bilheteiras das unidades. Os pre\u00e7os variam de R$ 50 a R$ 70, dependendo do show e da localiza\u00e7\u00e3o do assento. \u00c9 recomend\u00e1vel adquirir os ingressos com anteced\u00eancia, pois a demanda pode ser alta, principalmente para artistas consagrados.<\/p>\n<h2>Expectativas para o M\u00eas de Julho<\/h2>\n<p>Julho promete ser um m\u00eas repleto de m\u00fasica e cultura em S\u00e3o Paulo. Com a diversidade de g\u00eaneros e estilos, desde o rock potente da <strong>Supercombo<\/strong> at\u00e9 os cl\u00e1ssicos atemporais de <strong>Wanderl\u00e9a<\/strong>, os amantes da m\u00fasica certamente ter\u00e3o uma experi\u00eancia rica e memor\u00e1vel. Fique atento \u00e0 agenda e n\u00e3o perca a chance de ver ao vivo esses grandes artistas.<\/p>\n<h2>Dicas para Aproveitar Melhor os Shows<\/h2>\n<p>Para maximizar a sua experi\u00eancia nos shows, considere as seguintes dicas:<\/p>\n<ul>\n<li><strong>Chegue Cedo:<\/strong> Tente chegar pelo menos 30 minutos antes do show para garantir um bom lugar e aproveitar o ambiente.<\/li>\n<li><strong>Explore as Instala\u00e7\u00f5es:<\/strong> Aproveite para conhecer as diferentes \u00e1reas do Sesc, que geralmente t\u00eam op\u00e7\u00f5es de alimenta\u00e7\u00e3o e entretenimento.<\/li>\n<li><strong>Leve um Amigo:<\/strong> A m\u00fasica \u00e9 sempre melhor quando compartilhada. Convide amigos ou familiares para curtir junto.<\/li>\n<li><strong>Use Roupas Confort\u00e1veis:<\/strong> Prepare-se para algumas horas de m\u00fasica e dan\u00e7a. Roupas confort\u00e1veis e cal\u00e7ados adequados s\u00e3o essenciais.<\/li>\n<\/ul>\n<p>O cen\u00e1rio musical em julho no Sesc estar\u00e1 repleto de emo\u00e7\u00f5es e ritmos. Certifique-se de participar de um ou mais desses shows e celebre a m\u00fasica ao lado de grandes artistas.<\/p>\n\n<div style=\"font-size: 0px; height: 0px; line-height: 0px; margin: 0; padding: 0; clear: both;\"><\/div>","protected":false},"excerpt":{"rendered":"<p>Supercombo e Wanderl\u00e9a agitam o Sesc em julho com shows imperd\u00edveis para os f\u00e3s da m\u00fasica.<\/p>\n","protected":false},"author":1,"featured_media":2999,"comment_status":"open","ping_status":"closed","sticky":false,"template":"","format":"standard","meta":{"footnotes":""},"categories":[6],"tags":[],"class_list":["post-3000","post","type-post","status-publish","format-standard","has-post-thumbnail","hentry","category-noticias-no-bom-retiro","has_thumb"],"aioseo_notices":[],"aioseo_head":"\n\t\t<!-- All in One SEO 5.0.0.1 - aioseo.com -->\n\t<meta name=\"description\" content=\"Supercombo e Wanderl\u00e9a agitam o Sesc em julho com shows imperd\u00edveis para os f\u00e3s da m\u00fasica.\" \/>\n\t<meta name=\"robots\" content=\"max-image-preview:large\" \/>\n\t<meta name=\"author\" content=\"Encontra Bom Retiro\"\/>\n\t<link rel=\"canonical\" href=\"https:\/\/www.encontrabomretiro.com.br\/sobre\/supercombo-e-wanderlea-fazem-shows-no-sesc-em-julho-veja-agenda\/\" \/>\n\t<meta name=\"generator\" content=\"All in One SEO (AIOSEO) 5.0.0.1\" \/>\n\t\t<meta property=\"og:locale\" content=\"pt_BR\" \/>\n\t\t<meta property=\"og:site_name\" content=\"Encontra Bom Retiro | Not\u00edcias, eventos, informa\u00e7\u00f5es e dicas no bairro do Bom Retiro e regi\u00e3o.\" \/>\n\t\t<meta property=\"og:type\" content=\"article\" \/>\n\t\t<meta property=\"og:title\" content=\"Supercombo e Wanderl\u00e9a fazem shows no Sesc em julho; veja agenda | Encontra Bom Retiro\" \/>\n\t\t<meta property=\"og:description\" content=\"Supercombo e Wanderl\u00e9a agitam o Sesc em julho com shows imperd\u00edveis para os f\u00e3s da m\u00fasica.\" \/>\n\t\t<meta property=\"og:url\" content=\"https:\/\/www.encontrabomretiro.com.br\/sobre\/supercombo-e-wanderlea-fazem-shows-no-sesc-em-julho-veja-agenda\/\" \/>\n\t\t<meta property=\"article:published_time\" content=\"2026-06-29T12:01:22+00:00\" \/>\n\t\t<meta property=\"article:modified_time\" content=\"2026-06-29T12:01:22+00:00\" \/>\n\t\t<meta name=\"twitter:card\" content=\"summary_large_image\" \/>\n\t\t<meta name=\"twitter:title\" content=\"Supercombo e Wanderl\u00e9a fazem shows no Sesc em julho; veja agenda | Encontra Bom Retiro\" \/>\n\t\t<meta name=\"twitter:description\" content=\"Supercombo e Wanderl\u00e9a agitam o Sesc em julho com shows imperd\u00edveis para os f\u00e3s da m\u00fasica.\" \/>\n\t\t<script type=\"application\/ld+json\" class=\"aioseo-schema\">\n\t\t\t{\"@context\":\"https:\\\/\\\/schema.org\",\"@graph\":[{\"@type\":\"Article\",\"@id\":\"https:\\\/\\\/www.encontrabomretiro.com.br\\\/sobre\\\/supercombo-e-wanderlea-fazem-shows-no-sesc-em-julho-veja-agenda\\\/#article\",\"name\":\"Supercombo e Wanderl\\u00e9a fazem shows no Sesc em julho; veja agenda | Encontra Bom Retiro\",\"headline\":\"Supercombo e Wanderl\\u00e9a fazem shows no Sesc em julho; veja agenda\",\"author\":{\"@id\":\"https:\\\/\\\/www.encontrabomretiro.com.br\\\/sobre\\\/author\\\/ebomretiro\\\/#author\"},\"publisher\":{\"@id\":\"https:\\\/\\\/www.encontrabomretiro.com.br\\\/sobre\\\/#organization\"},\"image\":{\"@type\":\"ImageObject\",\"url\":\"https:\\\/\\\/www.encontrabomretiro.com.br\\\/sobre\\\/wp-content\\\/uploads\\\/2026\\\/06\\\/supercombo-e-wanderlea-fazem-shows-no-sesc-em-julho-veja-agenda.webp\",\"width\":280,\"height\":280,\"caption\":\"Supercombo e Wanderl\\u00e9a fazem shows no Sesc em julho\"},\"datePublished\":\"2026-06-29T10:01:22-02:00\",\"dateModified\":\"2026-06-29T10:01:22-02:00\",\"inLanguage\":\"pt-BR\",\"mainEntityOfPage\":{\"@id\":\"https:\\\/\\\/www.encontrabomretiro.com.br\\\/sobre\\\/supercombo-e-wanderlea-fazem-shows-no-sesc-em-julho-veja-agenda\\\/#webpage\"},\"isPartOf\":{\"@id\":\"https:\\\/\\\/www.encontrabomretiro.com.br\\\/sobre\\\/supercombo-e-wanderlea-fazem-shows-no-sesc-em-julho-veja-agenda\\\/#webpage\"},\"articleSection\":\"Not\\u00edcias Bom Retiro\"},{\"@type\":\"BreadcrumbList\",\"@id\":\"https:\\\/\\\/www.encontrabomretiro.com.br\\\/sobre\\\/supercombo-e-wanderlea-fazem-shows-no-sesc-em-julho-veja-agenda\\\/#breadcrumblist\",\"itemListElement\":[{\"@type\":\"ListItem\",\"@id\":\"https:\\\/\\\/www.encontrabomretiro.com.br\\\/sobre#listItem\",\"position\":1,\"name\":\"Dom\\u00e9stica\",\"item\":\"https:\\\/\\\/www.encontrabomretiro.com.br\\\/sobre\",\"nextItem\":{\"@type\":\"ListItem\",\"@id\":\"https:\\\/\\\/www.encontrabomretiro.com.br\\\/sobre\\\/noticias-no-bom-retiro\\\/#listItem\",\"name\":\"Not\\u00edcias Bom Retiro\"}},{\"@type\":\"ListItem\",\"@id\":\"https:\\\/\\\/www.encontrabomretiro.com.br\\\/sobre\\\/noticias-no-bom-retiro\\\/#listItem\",\"position\":2,\"name\":\"Not\\u00edcias Bom Retiro\",\"item\":\"https:\\\/\\\/www.encontrabomretiro.com.br\\\/sobre\\\/noticias-no-bom-retiro\\\/\",\"nextItem\":{\"@type\":\"ListItem\",\"@id\":\"https:\\\/\\\/www.encontrabomretiro.com.br\\\/sobre\\\/supercombo-e-wanderlea-fazem-shows-no-sesc-em-julho-veja-agenda\\\/#listItem\",\"name\":\"Supercombo e Wanderl\\u00e9a fazem shows no Sesc em julho; veja agenda\"},\"previousItem\":{\"@type\":\"ListItem\",\"@id\":\"https:\\\/\\\/www.encontrabomretiro.com.br\\\/sobre#listItem\",\"name\":\"Dom\\u00e9stica\"}},{\"@type\":\"ListItem\",\"@id\":\"https:\\\/\\\/www.encontrabomretiro.com.br\\\/sobre\\\/supercombo-e-wanderlea-fazem-shows-no-sesc-em-julho-veja-agenda\\\/#listItem\",\"position\":3,\"name\":\"Supercombo e Wanderl\\u00e9a fazem shows no Sesc em julho; veja agenda\",\"previousItem\":{\"@type\":\"ListItem\",\"@id\":\"https:\\\/\\\/www.encontrabomretiro.com.br\\\/sobre\\\/noticias-no-bom-retiro\\\/#listItem\",\"name\":\"Not\\u00edcias Bom Retiro\"}}]},{\"@type\":\"Organization\",\"@id\":\"https:\\\/\\\/www.encontrabomretiro.com.br\\\/sobre\\\/#organization\",\"name\":\"Encontra Bom Retiro\",\"description\":\"Not\\u00edcias, eventos, informa\\u00e7\\u00f5es e dicas no bairro do Bom Retiro e regi\\u00e3o.\",\"url\":\"https:\\\/\\\/www.encontrabomretiro.com.br\\\/sobre\\\/\"},{\"@type\":\"Person\",\"@id\":\"https:\\\/\\\/www.encontrabomretiro.com.br\\\/sobre\\\/author\\\/ebomretiro\\\/#author\",\"url\":\"https:\\\/\\\/www.encontrabomretiro.com.br\\\/sobre\\\/author\\\/ebomretiro\\\/\",\"name\":\"Encontra Bom Retiro\",\"image\":{\"@type\":\"ImageObject\",\"@id\":\"https:\\\/\\\/www.encontrabomretiro.com.br\\\/sobre\\\/supercombo-e-wanderlea-fazem-shows-no-sesc-em-julho-veja-agenda\\\/#authorImage\",\"url\":\"https:\\\/\\\/secure.gravatar.com\\\/avatar\\\/507340682b8270222e1f208e23198b6ae7e2c6a1033ae84e99bc6bce4f82a387?s=96&d=mm&r=g\",\"width\":96,\"height\":96,\"caption\":\"Encontra Bom Retiro\"}},{\"@type\":\"WebPage\",\"@id\":\"https:\\\/\\\/www.encontrabomretiro.com.br\\\/sobre\\\/supercombo-e-wanderlea-fazem-shows-no-sesc-em-julho-veja-agenda\\\/#webpage\",\"url\":\"https:\\\/\\\/www.encontrabomretiro.com.br\\\/sobre\\\/supercombo-e-wanderlea-fazem-shows-no-sesc-em-julho-veja-agenda\\\/\",\"name\":\"Supercombo e Wanderl\\u00e9a fazem shows no Sesc em julho; veja agenda | Encontra Bom Retiro\",\"description\":\"Supercombo e Wanderl\\u00e9a agitam o Sesc em julho com shows imperd\\u00edveis para os f\\u00e3s da m\\u00fasica.\",\"inLanguage\":\"pt-BR\",\"isPartOf\":{\"@id\":\"https:\\\/\\\/www.encontrabomretiro.com.br\\\/sobre\\\/#website\"},\"breadcrumb\":{\"@id\":\"https:\\\/\\\/www.encontrabomretiro.com.br\\\/sobre\\\/supercombo-e-wanderlea-fazem-shows-no-sesc-em-julho-veja-agenda\\\/#breadcrumblist\"},\"author\":{\"@id\":\"https:\\\/\\\/www.encontrabomretiro.com.br\\\/sobre\\\/author\\\/ebomretiro\\\/#author\"},\"creator\":{\"@id\":\"https:\\\/\\\/www.encontrabomretiro.com.br\\\/sobre\\\/author\\\/ebomretiro\\\/#author\"},\"image\":{\"@type\":\"ImageObject\",\"url\":\"https:\\\/\\\/www.encontrabomretiro.com.br\\\/sobre\\\/wp-content\\\/uploads\\\/2026\\\/06\\\/supercombo-e-wanderlea-fazem-shows-no-sesc-em-julho-veja-agenda.webp\",\"@id\":\"https:\\\/\\\/www.encontrabomretiro.com.br\\\/sobre\\\/supercombo-e-wanderlea-fazem-shows-no-sesc-em-julho-veja-agenda\\\/#mainImage\",\"width\":280,\"height\":280,\"caption\":\"Supercombo e Wanderl\\u00e9a fazem shows no Sesc em julho\"},\"primaryImageOfPage\":{\"@id\":\"https:\\\/\\\/www.encontrabomretiro.com.br\\\/sobre\\\/supercombo-e-wanderlea-fazem-shows-no-sesc-em-julho-veja-agenda\\\/#mainImage\"},\"datePublished\":\"2026-06-29T10:01:22-02:00\",\"dateModified\":\"2026-06-29T10:01:22-02:00\"},{\"@type\":\"WebSite\",\"@id\":\"https:\\\/\\\/www.encontrabomretiro.com.br\\\/sobre\\\/#website\",\"url\":\"https:\\\/\\\/www.encontrabomretiro.com.br\\\/sobre\\\/\",\"name\":\"Encontra Bom Retiro\",\"description\":\"Not\\u00edcias, eventos, informa\\u00e7\\u00f5es e dicas no bairro do Bom Retiro e regi\\u00e3o.\",\"inLanguage\":\"pt-BR\",\"publisher\":{\"@id\":\"https:\\\/\\\/www.encontrabomretiro.com.br\\\/sobre\\\/#organization\"}}]}\n\t\t<\/script>\n\t\t<!-- All in One SEO -->\n\n","aioseo_head_json":{"title":"Supercombo e Wanderl\u00e9a fazem shows no Sesc em julho; veja agenda | Encontra Bom Retiro","description":"Supercombo e Wanderl\u00e9a agitam o Sesc em julho com shows imperd\u00edveis para os f\u00e3s da m\u00fasica.","canonical_url":"https:\/\/www.encontrabomretiro.com.br\/sobre\/supercombo-e-wanderlea-fazem-shows-no-sesc-em-julho-veja-agenda\/","robots":"max-image-preview:large","keywords":"","webmasterTools":{"miscellaneous":""},"schema":{"@context":"https:\/\/schema.org","@graph":[{"@type":"Article","@id":"https:\/\/www.encontrabomretiro.com.br\/sobre\/supercombo-e-wanderlea-fazem-shows-no-sesc-em-julho-veja-agenda\/#article","name":"Supercombo e Wanderl\u00e9a fazem shows no Sesc em julho; veja agenda | Encontra Bom Retiro","headline":"Supercombo e Wanderl\u00e9a fazem shows no Sesc em julho; veja agenda","author":{"@id":"https:\/\/www.encontrabomretiro.com.br\/sobre\/author\/ebomretiro\/#author"},"publisher":{"@id":"https:\/\/www.encontrabomretiro.com.br\/sobre\/#organization"},"image":{"@type":"ImageObject","url":"https:\/\/www.encontrabomretiro.com.br\/sobre\/wp-content\/uploads\/2026\/06\/supercombo-e-wanderlea-fazem-shows-no-sesc-em-julho-veja-agenda.webp","width":280,"height":280,"caption":"Supercombo e Wanderl\u00e9a fazem shows no Sesc em julho"},"datePublished":"2026-06-29T10:01:22-02:00","dateModified":"2026-06-29T10:01:22-02:00","inLanguage":"pt-BR","mainEntityOfPage":{"@id":"https:\/\/www.encontrabomretiro.com.br\/sobre\/supercombo-e-wanderlea-fazem-shows-no-sesc-em-julho-veja-agenda\/#webpage"},"isPartOf":{"@id":"https:\/\/www.encontrabomretiro.com.br\/sobre\/supercombo-e-wanderlea-fazem-shows-no-sesc-em-julho-veja-agenda\/#webpage"},"articleSection":"Not\u00edcias Bom Retiro"},{"@type":"BreadcrumbList","@id":"https:\/\/www.encontrabomretiro.com.br\/sobre\/supercombo-e-wanderlea-fazem-shows-no-sesc-em-julho-veja-agenda\/#breadcrumblist","itemListElement":[{"@type":"ListItem","@id":"https:\/\/www.encontrabomretiro.com.br\/sobre#listItem","position":1,"name":"Dom\u00e9stica","item":"https:\/\/www.encontrabomretiro.com.br\/sobre","nextItem":{"@type":"ListItem","@id":"https:\/\/www.encontrabomretiro.com.br\/sobre\/noticias-no-bom-retiro\/#listItem","name":"Not\u00edcias Bom Retiro"}},{"@type":"ListItem","@id":"https:\/\/www.encontrabomretiro.com.br\/sobre\/noticias-no-bom-retiro\/#listItem","position":2,"name":"Not\u00edcias Bom Retiro","item":"https:\/\/www.encontrabomretiro.com.br\/sobre\/noticias-no-bom-retiro\/","nextItem":{"@type":"ListItem","@id":"https:\/\/www.encontrabomretiro.com.br\/sobre\/supercombo-e-wanderlea-fazem-shows-no-sesc-em-julho-veja-agenda\/#listItem","name":"Supercombo e Wanderl\u00e9a fazem shows no Sesc em julho; veja agenda"},"previousItem":{"@type":"ListItem","@id":"https:\/\/www.encontrabomretiro.com.br\/sobre#listItem","name":"Dom\u00e9stica"}},{"@type":"ListItem","@id":"https:\/\/www.encontrabomretiro.com.br\/sobre\/supercombo-e-wanderlea-fazem-shows-no-sesc-em-julho-veja-agenda\/#listItem","position":3,"name":"Supercombo e Wanderl\u00e9a fazem shows no Sesc em julho; veja agenda","previousItem":{"@type":"ListItem","@id":"https:\/\/www.encontrabomretiro.com.br\/sobre\/noticias-no-bom-retiro\/#listItem","name":"Not\u00edcias Bom Retiro"}}]},{"@type":"Organization","@id":"https:\/\/www.encontrabomretiro.com.br\/sobre\/#organization","name":"Encontra Bom Retiro","description":"Not\u00edcias, eventos, informa\u00e7\u00f5es e dicas no bairro do Bom Retiro e regi\u00e3o.","url":"https:\/\/www.encontrabomretiro.com.br\/sobre\/"},{"@type":"Person","@id":"https:\/\/www.encontrabomretiro.com.br\/sobre\/author\/ebomretiro\/#author","url":"https:\/\/www.encontrabomretiro.com.br\/sobre\/author\/ebomretiro\/","name":"Encontra Bom Retiro","image":{"@type":"ImageObject","@id":"https:\/\/www.encontrabomretiro.com.br\/sobre\/supercombo-e-wanderlea-fazem-shows-no-sesc-em-julho-veja-agenda\/#authorImage","url":"https:\/\/secure.gravatar.com\/avatar\/507340682b8270222e1f208e23198b6ae7e2c6a1033ae84e99bc6bce4f82a387?s=96&d=mm&r=g","width":96,"height":96,"caption":"Encontra Bom Retiro"}},{"@type":"WebPage","@id":"https:\/\/www.encontrabomretiro.com.br\/sobre\/supercombo-e-wanderlea-fazem-shows-no-sesc-em-julho-veja-agenda\/#webpage","url":"https:\/\/www.encontrabomretiro.com.br\/sobre\/supercombo-e-wanderlea-fazem-shows-no-sesc-em-julho-veja-agenda\/","name":"Supercombo e Wanderl\u00e9a fazem shows no Sesc em julho; veja agenda | Encontra Bom Retiro","description":"Supercombo e Wanderl\u00e9a agitam o Sesc em julho com shows imperd\u00edveis para os f\u00e3s da m\u00fasica.","inLanguage":"pt-BR","isPartOf":{"@id":"https:\/\/www.encontrabomretiro.com.br\/sobre\/#website"},"breadcrumb":{"@id":"https:\/\/www.encontrabomretiro.com.br\/sobre\/supercombo-e-wanderlea-fazem-shows-no-sesc-em-julho-veja-agenda\/#breadcrumblist"},"author":{"@id":"https:\/\/www.encontrabomretiro.com.br\/sobre\/author\/ebomretiro\/#author"},"creator":{"@id":"https:\/\/www.encontrabomretiro.com.br\/sobre\/author\/ebomretiro\/#author"},"image":{"@type":"ImageObject","url":"https:\/\/www.encontrabomretiro.com.br\/sobre\/wp-content\/uploads\/2026\/06\/supercombo-e-wanderlea-fazem-shows-no-sesc-em-julho-veja-agenda.webp","@id":"https:\/\/www.encontrabomretiro.com.br\/sobre\/supercombo-e-wanderlea-fazem-shows-no-sesc-em-julho-veja-agenda\/#mainImage","width":280,"height":280,"caption":"Supercombo e Wanderl\u00e9a fazem shows no Sesc em julho"},"primaryImageOfPage":{"@id":"https:\/\/www.encontrabomretiro.com.br\/sobre\/supercombo-e-wanderlea-fazem-shows-no-sesc-em-julho-veja-agenda\/#mainImage"},"datePublished":"2026-06-29T10:01:22-02:00","dateModified":"2026-06-29T10:01:22-02:00"},{"@type":"WebSite","@id":"https:\/\/www.encontrabomretiro.com.br\/sobre\/#website","url":"https:\/\/www.encontrabomretiro.com.br\/sobre\/","name":"Encontra Bom Retiro","description":"Not\u00edcias, eventos, informa\u00e7\u00f5es e dicas no bairro do Bom Retiro e regi\u00e3o.","inLanguage":"pt-BR","publisher":{"@id":"https:\/\/www.encontrabomretiro.com.br\/sobre\/#organization"}}]},"og:locale":"pt_BR","og:site_name":"Encontra Bom Retiro | Not\u00edcias, eventos, informa\u00e7\u00f5es e dicas no bairro do Bom Retiro e regi\u00e3o.","og:type":"article","og:title":"Supercombo e Wanderl\u00e9a fazem shows no Sesc em julho; veja agenda | Encontra Bom Retiro","og:description":"Supercombo e Wanderl\u00e9a agitam o Sesc em julho com shows imperd\u00edveis para os f\u00e3s da m\u00fasica.","og:url":"https:\/\/www.encontrabomretiro.com.br\/sobre\/supercombo-e-wanderlea-fazem-shows-no-sesc-em-julho-veja-agenda\/","article:published_time":"2026-06-29T12:01:22+00:00","article:modified_time":"2026-06-29T12:01:22+00:00","twitter:card":"summary_large_image","twitter:title":"Supercombo e Wanderl\u00e9a fazem shows no Sesc em julho; veja agenda | Encontra Bom Retiro","twitter:description":"Supercombo e Wanderl\u00e9a agitam o Sesc em julho com shows imperd\u00edveis para os f\u00e3s da m\u00fasica."},"aioseo_meta_data":{"post_id":"3000","title":null,"description":null,"keywords":null,"keyphrases":null,"primary_term":null,"canonical_url":null,"og_title":null,"og_description":null,"og_object_type":"default","og_image_type":"default","og_image_url":null,"og_image_width":null,"og_image_height":null,"og_image_custom_url":null,"og_image_custom_fields":null,"og_video":null,"og_custom_url":null,"og_article_section":null,"og_article_tags":null,"twitter_use_og":false,"twitter_card":"default","twitter_image_type":"default","twitter_image_url":null,"twitter_image_custom_url":null,"twitter_image_custom_fields":null,"twitter_title":null,"twitter_description":null,"schema":{"blockGraphs":[],"customGraphs":[],"default":{"data":{"Article":[],"Course":[],"Dataset":[],"FAQPage":[],"Movie":[],"Person":[],"Product":[],"ProductReview":[],"Car":[],"Recipe":[],"Service":[],"SoftwareApplication":[],"WebPage":[]},"graphName":"Article","isEnabled":true},"graphs":[]},"schema_type":"default","schema_type_options":null,"pillar_content":false,"robots_default":true,"robots_noindex":false,"robots_noarchive":false,"robots_nosnippet":false,"robots_nofollow":false,"robots_noimageindex":false,"robots_noodp":false,"robots_notranslate":false,"robots_max_snippet":null,"robots_max_videopreview":null,"robots_max_imagepreview":"large","priority":null,"frequency":null,"local_seo":null,"breadcrumb_settings":null,"limit_modified_date":false,"ai":null,"created":"2026-06-29 12:01:25","updated":"2026-06-29 12:10:33","focus_keyword":null,"additional_keywords":null,"truseo_locale":null,"seo_analyzer_scan_date":null},"aioseo_breadcrumb":"<div class=\"aioseo-breadcrumbs\"><span class=\"aioseo-breadcrumb\">\n\t\t\t<a href=\"https:\/\/www.encontrabomretiro.com.br\/sobre\" title=\"Dom\u00e9stica\">Dom\u00e9stica<\/a>\n\t\t<\/span><span class=\"aioseo-breadcrumb-separator\">&raquo;<\/span><span class=\"aioseo-breadcrumb\">\n\t\t\t<a href=\"https:\/\/www.encontrabomretiro.com.br\/sobre\/noticias-no-bom-retiro\/\" title=\"Not\u00edcias Bom Retiro\">Not\u00edcias Bom Retiro<\/a>\n\t\t<\/span><span class=\"aioseo-breadcrumb-separator\">&raquo;<\/span><span class=\"aioseo-breadcrumb\">\n\t\t\tSupercombo e Wanderl\u00e9a fazem shows no Sesc em julho; veja agenda\n\t\t<\/span><\/div>","aioseo_breadcrumb_json":[{"label":"Dom\u00e9stica","link":"https:\/\/www.encontrabomretiro.com.br\/sobre"},{"label":"Not\u00edcias Bom Retiro","link":"https:\/\/www.encontrabomretiro.com.br\/sobre\/noticias-no-bom-retiro\/"},{"label":"Supercombo e Wanderl\u00e9a fazem shows no Sesc em julho; veja agenda","link":"https:\/\/www.encontrabomretiro.com.br\/sobre\/supercombo-e-wanderlea-fazem-shows-no-sesc-em-julho-veja-agenda\/"}],"_links":{"self":[{"href":"https:\/\/www.encontrabomretiro.com.br\/sobre\/wp-json\/wp\/v2\/posts\/3000","targetHints":{"allow":["GET"]}}],"collection":[{"href":"https:\/\/www.encontrabomretiro.com.br\/sobre\/wp-json\/wp\/v2\/posts"}],"about":[{"href":"https:\/\/www.encontrabomretiro.com.br\/sobre\/wp-json\/wp\/v2\/types\/post"}],"author":[{"embeddable":true,"href":"https:\/\/www.encontrabomretiro.com.br\/sobre\/wp-json\/wp\/v2\/users\/1"}],"replies":[{"embeddable":true,"href":"https:\/\/www.encontrabomretiro.com.br\/sobre\/wp-json\/wp\/v2\/comments?post=3000"}],"version-history":[{"count":0,"href":"https:\/\/www.encontrabomretiro.com.br\/sobre\/wp-json\/wp\/v2\/posts\/3000\/revisions"}],"wp:featuredmedia":[{"embeddable":true,"href":"https:\/\/www.encontrabomretiro.com.br\/sobre\/wp-json\/wp\/v2\/media\/2999"}],"wp:attachment":[{"href":"https:\/\/www.encontrabomretiro.com.br\/sobre\/wp-json\/wp\/v2\/media?parent=3000"}],"wp:term":[{"taxonomy":"category","embeddable":true,"href":"https:\/\/www.encontrabomretiro.com.br\/sobre\/wp-json\/wp\/v2\/categories?post=3000"},{"taxonomy":"post_tag","embeddable":true,"href":"https:\/\/www.encontrabomretiro.com.br\/sobre\/wp-json\/wp\/v2\/tags?post=3000"}],"curies":[{"name":"wp","href":"https:\/\/api.w.org\/{rel}","templated":true}]}}