{"id":2986,"date":"2026-06-25T09:53:20","date_gmt":"2026-06-25T11:53:20","guid":{"rendered":"https:\/\/www.encontrabomretiro.com.br\/sobre\/eskya-vozes-ancestrais-yafeekhetde-sekletxase\/"},"modified":"2026-06-25T09:53:20","modified_gmt":"2026-06-25T11:53:20","slug":"eskya-vozes-ancestrais-yafeekhetde-sekletxase","status":"publish","type":"post","link":"https:\/\/www.encontrabomretiro.com.br\/sobre\/eskya-vozes-ancestrais-yafeekhetde-sekletxase\/","title":{"rendered":"Eskya: Vozes Ancestrais (Yafe\u00ebkhet\u2019de Sekletxase)"},"content":{"rendered":"<div class=\"228b65ae207de3c5c501cfe75875708b\" data-index=\"1\" style=\"float: none; margin:0px;\">\n<!-- Anuncio display - global -->\r\n<ins class=\"adsbygoogle\"\r\n     style=\"display:block\"\r\n     data-ad-client=\"ca-pub-8585364105181520\"\r\n     data-ad-slot=\"8789329856\"\r\n     data-ad-format=\"auto\"\r\n     data-full-width-responsive=\"true\"><\/ins>\r\n<script>\r\n     (adsbygoogle = window.adsbygoogle || []).push({});\r\n<\/script>\n<\/div>\n<h2>A Hist\u00f3ria do Povo Fulni-\u00f4<\/h2>\n<p>Os Fulni-\u00f4 s\u00e3o um povo ind\u00edgena que reside na regi\u00e3o nordeste do Brasil, mais especificamente no estado de Pernambuco. Reconhecidos por sua resili\u00eancia cultural, o grupo \u00e9 famoso por manter viva sua l\u00edngua materna, o yaath\u00ea, que \u00e9 uma das raras l\u00ednguas ind\u00edgenas ainda faladas na \u00e1rea. A hist\u00f3ria dos Fulni-\u00f4 est\u00e1 marcada por desafios, mas tamb\u00e9m por um forte desejo de preservar suas tradi\u00e7\u00f5es e identidade. Desde tempos antigos, eles t\u00eam buscado resist\u00eancia e renova\u00e7\u00e3o cultural, afirmando-se em meio \u00e0s muitas adversidades enfrentadas ao longo dos anos.<\/p>\n<h2>Cantos que Ecoam a Ancestralidade<\/h2>\n<p>Os cantos do povo Fulni-\u00f4 s\u00e3o mais do que meras can\u00e7\u00f5es; eles s\u00e3o express\u00f5es profundas de sua hist\u00f3ria e cultura. Esses c\u00e2nticos t\u00eam um papel significativo na tradi\u00e7\u00e3o oral da comunidade e atuam como um meio de transmitir sabedoria ancestral e valores para as novas gera\u00e7\u00f5es. A m\u00fasica \u00e9 um elemento vital que liga o passado ao presente, permitindo que as mulheres Fulni-\u00f4 compartilhem suas experi\u00eancias, rituais e a ess\u00eancia de sua espiritualidade atrav\u00e9s dos sons que ecoam na floresta e nas \u00e1guas. Eles se utilizam de melodias que reverberam emo\u00e7\u00f5es e resili\u00eancia, conectando todos os presentes a sua heran\u00e7a cultural.<\/p>\n<h2>Protagonismo Feminino na M\u00fasica<\/h2>\n<p>No contexto da tradi\u00e7\u00e3o Fulni-\u00f4, as mulheres desempenham um papel crucial na preserva\u00e7\u00e3o e na execu\u00e7\u00e3o de suas m\u00fasicas. O espet\u00e1culo \u201cVozes Ancestrais\u201d \u00e9 um exemplo claro desse protagonismo, onde as mulheres elevam suas vozes e narram as hist\u00f3rias de seu povo. Este evento n\u00e3o apenas destaca o talento dessas artistas, mas tamb\u00e9m sublinha a for\u00e7a feminina presente na cultura ind\u00edgena. As participantes utilizam seus talentos vocais e habilidades art\u00edsticas para desafiar as normas sociais e reafirmar seu lugar de import\u00e2ncia dentro da sociedade Fulni-\u00f4. A m\u00fasica torna-se um ve\u00edculo poderoso de express\u00e3o e resist\u00eancia, enfatizando a relev\u00e2ncia da voz feminina na luta pela visibilidade e direito \u00e0 cultura.<\/p>\n<p><img decoding=\"async\" src=\"https:\/\/www.encontrabomretiro.com.br\/sobre\/wp-content\/uploads\/2026\/06\/eskya-vozes-ancestrais-yafeekhet-de-sekletxase.webp\" alt=\"Eskya: Vozes Ancestrais\" loading=\"lazy\" \/><\/p>\n<h2>A Import\u00e2ncia da Mem\u00f3ria Coletiva<\/h2>\n<p>Manter a mem\u00f3ria coletiva \u00e9 uma das chaves para a sobreviv\u00eancia cultural dos Fulni-\u00f4. Os cantos e dan\u00e7as desempenham um papel essencial na transmiss\u00e3o de suas tradi\u00e7\u00f5es, valores e cren\u00e7as. Atrav\u00e9s da m\u00fasica, cada gera\u00e7\u00e3o aprende sobre suas ra\u00edzes e a hist\u00f3ria do povo. Isso \u00e9 vital em um mundo que frequentemente marginaliza e apaga as culturas ind\u00edgenas. O espet\u00e1culo &#8220;Vozes Ancestrais&#8221; se torna, portanto, uma celebra\u00e7\u00e3o da mem\u00f3ria compartilhada, lembrando a todos sobre a import\u00e2ncia do legado cultural. O fortalecimento da mem\u00f3ria coletiva por meio da arte ajuda a combater a discrimina\u00e7\u00e3o e a promover um entendimento mais amplo das culturas que comp\u00f5em a identidade nacional.<\/p>\n<h2>Instrumentos que Acompanham a Performance<\/h2>\n<p>Os instrumentos utilizados nas apresenta\u00e7\u00f5es do povo Fulni-\u00f4 s\u00e3o pe\u00e7as fundamentais para a produ\u00e7\u00e3o musical e para a conex\u00e3o com as suas ra\u00edzes. O acompanhamento de percuss\u00f5es, marac\u00e1s e cordas enriquece as can\u00e7\u00f5es e oferece uma profundidade que torna a experi\u00eancia \u00fanica. Cada instrumento tem sua pr\u00f3pria hist\u00f3ria e significado, muitas vezes ligado a rituais e celebra\u00e7\u00f5es. Essa variedade de sons n\u00e3o apenas potencializa a performance, mas tamb\u00e9m representa a diversidade da cultura ind\u00edgena, mostrando como a m\u00fasica \u00e9 uma forma de contar hist\u00f3rias e expressar emo\u00e7\u00f5es.<\/p>\n<h2>Cultura e Resist\u00eancia na Linguagem<\/h2>\n<p>O uso da l\u00edngua yaath\u00ea nas can\u00e7\u00f5es e na conversa\u00e7\u00e3o di\u00e1ria \u00e9 um ato de resist\u00eancia cultural. Para os Fulni-\u00f4, a preserva\u00e7\u00e3o da l\u00edngua \u00e9 essencial para que suas tradi\u00e7\u00f5es e modos de vida continuem a existir e se desenvolver. O \u201cTecer\u201d, por exemplo, \u00e9 um ato simb\u00f3lico que remete \u00e0 palha, material frequentemente utilizado no artesanato, simbolizando a conex\u00e3o e o cuidado com a terra. As palavras cantadas em yaath\u00ea carregam consigo significados profundos, refor\u00e7ando a conex\u00e3o com a espiritualidade e a ancestralidade. Esse v\u00ednculo lingu\u00edstico \u00e9 vital para a forma\u00e7\u00e3o da identidade e a manuten\u00e7\u00e3o dos la\u00e7os de comunidade.<\/p>\n<h2>O Coletivo Eskya e Seu Significado<\/h2>\n<p>O coletivo de mulheres Eskya, que significa \u201ctecer\u201d na l\u00edngua yaath\u00ea, \u00e9 uma representa\u00e7\u00e3o do esfor\u00e7o coletivo para desenvolver e celebrar a cultura Fulni-\u00f4. Formado por artistas ind\u00edgenas, o grupo busca promover as vozes femininas e, ao mesmo tempo, preservar a tradi\u00e7\u00e3o musical de sua comunidade. O coletivo atua como um espa\u00e7o onde as mulheres podem se expressar livremente e compartilhar suas hist\u00f3rias, refor\u00e7ando a import\u00e2ncia de suas contribui\u00e7\u00f5es dentro de sua cultura. O trabalho realizado por Eskya n\u00e3o s\u00f3 apoia a continuidade da tradi\u00e7\u00e3o, mas tamb\u00e9m educa as novas gera\u00e7\u00f5es sobre seu importante legado cultural.<\/p>\n<h2>Artistas Ind\u00edgenas em Destaque<\/h2>\n<p>A performance \u201cVozes Ancestrais\u201d destaca algumas das mais valiosas artistas ind\u00edgenas da atualidade. Entre elas est\u00e3o Ewany Fulni-\u00f4, Joyce Micielle, J\u00falia Mayn\u00e3 e Nudhya Fulni-\u00f4, cada uma contribuindo de maneira \u00fanica para a vitalidade do espet\u00e1culo. Juntas, elas formam um grupo que representa as vozes de um povo que luta pela valoriza\u00e7\u00e3o e reconhecimento. O talento e a dedica\u00e7\u00e3o dessas mulheres n\u00e3o s\u00e3o apenas fonte de inspira\u00e7\u00e3o, mas tamb\u00e9m um poderoso s\u00edmbolo de resist\u00eancia, demonstrando que as vozes do povo Fulni-\u00f4 n\u00e3o podem ser silenciadas.<\/p>\n<h2>Espiritualidade e Express\u00e3o Art\u00edstica<\/h2>\n<p>A espiritualidade \u00e9 uma parte intr\u00ednseca da cultura Fulni-\u00f4 e se manifesta diretamente em suas express\u00f5es art\u00edsticas. Cada can\u00e7\u00e3o e performance n\u00e3o s\u00f3 compartilha a tradi\u00e7\u00e3o, mas tamb\u00e9m reflete cren\u00e7as espirituais que ligam os artistas \u00e0 Terra e a seus ancestrais. Esse aspecto espiritual d\u00e1 profundidade \u00e0s apresenta\u00e7\u00f5es, transformando-as em rituais de celebra\u00e7\u00e3o da vida, da luta e da mem\u00f3ria. O espet\u00e1culo, portanto, n\u00e3o apenas entret\u00e9m; ele educa e conecta os espectadores \u00e0s ra\u00edzes mais profundas da cultura ind\u00edgena.<\/p>\n<h2>O Impacto Cultural do Espet\u00e1culo<\/h2>\n<p>O espet\u00e1culo \u201cVozes Ancestrais\u201d n\u00e3o \u00e9 apenas um evento musical, mas um importante ato de resist\u00eancia cultural que busca reverter o apagamento da cultura ind\u00edgena. Ele promove um espa\u00e7o de visibilidade e reconhecimento para as vozes das mulheres Fulni-\u00f4 e refor\u00e7a a import\u00e2ncia da arte como meio de preserva\u00e7\u00e3o cultural. Atrav\u00e9s de sua performance, as artistas n\u00e3o s\u00f3 compartilham suas hist\u00f3rias e m\u00fasicas, mas tamb\u00e9m engajam o p\u00fablico em uma reflex\u00e3o sobre a diversidade cultural e a necessidade de respeito \u00e0s identidades ind\u00edgenas. &#8220;Vozes Ancestrais&#8221; \u00e9, em ess\u00eancia, uma celebra\u00e7\u00e3o da vida e uma reafirma\u00e7\u00e3o das ra\u00edzes, fazendo ecoar os gritos de liberdade e resist\u00eancia cultural pela for\u00e7a das mulheres Fulni-\u00f4.<\/p>\n\n<div style=\"font-size: 0px; height: 0px; line-height: 0px; margin: 0; padding: 0; clear: both;\"><\/div>","protected":false},"excerpt":{"rendered":"<p>Eskya: Vozes Ancestrais exalta a for\u00e7a feminina com cantos tradicionais do povo Fulni-\u00f4.<\/p>\n","protected":false},"author":1,"featured_media":2985,"comment_status":"open","ping_status":"closed","sticky":false,"template":"","format":"standard","meta":{"footnotes":""},"categories":[6],"tags":[],"class_list":["post-2986","post","type-post","status-publish","format-standard","has-post-thumbnail","hentry","category-noticias-no-bom-retiro","has_thumb"],"aioseo_notices":[],"aioseo_head":"\n\t\t<!-- All in One SEO 5.0.0.1 - aioseo.com -->\n\t<meta name=\"description\" content=\"Eskya: Vozes Ancestrais exalta a for\u00e7a feminina com cantos tradicionais do povo Fulni-\u00f4.\" \/>\n\t<meta name=\"robots\" content=\"max-image-preview:large\" \/>\n\t<meta name=\"author\" content=\"Encontra Bom Retiro\"\/>\n\t<link rel=\"canonical\" href=\"https:\/\/www.encontrabomretiro.com.br\/sobre\/eskya-vozes-ancestrais-yafeekhetde-sekletxase\/\" \/>\n\t<meta name=\"generator\" content=\"All in One SEO (AIOSEO) 5.0.0.1\" \/>\n\t\t<meta property=\"og:locale\" content=\"pt_BR\" \/>\n\t\t<meta property=\"og:site_name\" content=\"Encontra Bom Retiro | Not\u00edcias, eventos, informa\u00e7\u00f5es e dicas no bairro do Bom Retiro e regi\u00e3o.\" \/>\n\t\t<meta property=\"og:type\" content=\"article\" \/>\n\t\t<meta property=\"og:title\" content=\"Eskya: Vozes Ancestrais (Yafe\u00ebkhet\u2019de Sekletxase) | Encontra Bom Retiro\" \/>\n\t\t<meta property=\"og:description\" content=\"Eskya: Vozes Ancestrais exalta a for\u00e7a feminina com cantos tradicionais do povo Fulni-\u00f4.\" \/>\n\t\t<meta property=\"og:url\" content=\"https:\/\/www.encontrabomretiro.com.br\/sobre\/eskya-vozes-ancestrais-yafeekhetde-sekletxase\/\" \/>\n\t\t<meta property=\"article:published_time\" content=\"2026-06-25T11:53:20+00:00\" \/>\n\t\t<meta property=\"article:modified_time\" content=\"2026-06-25T11:53:20+00:00\" \/>\n\t\t<meta name=\"twitter:card\" content=\"summary_large_image\" \/>\n\t\t<meta name=\"twitter:title\" content=\"Eskya: Vozes Ancestrais (Yafe\u00ebkhet\u2019de Sekletxase) | Encontra Bom Retiro\" \/>\n\t\t<meta name=\"twitter:description\" content=\"Eskya: Vozes Ancestrais exalta a for\u00e7a feminina com cantos tradicionais do povo Fulni-\u00f4.\" \/>\n\t\t<script type=\"application\/ld+json\" class=\"aioseo-schema\">\n\t\t\t{\"@context\":\"https:\\\/\\\/schema.org\",\"@graph\":[{\"@type\":\"Article\",\"@id\":\"https:\\\/\\\/www.encontrabomretiro.com.br\\\/sobre\\\/eskya-vozes-ancestrais-yafeekhetde-sekletxase\\\/#article\",\"name\":\"Eskya: Vozes Ancestrais (Yafe\\u00ebkhet\\u2019de Sekletxase) | Encontra Bom Retiro\",\"headline\":\"Eskya: Vozes Ancestrais (Yafe\\u00ebkhet\\u2019de Sekletxase)\",\"author\":{\"@id\":\"https:\\\/\\\/www.encontrabomretiro.com.br\\\/sobre\\\/author\\\/ebomretiro\\\/#author\"},\"publisher\":{\"@id\":\"https:\\\/\\\/www.encontrabomretiro.com.br\\\/sobre\\\/#organization\"},\"image\":{\"@type\":\"ImageObject\",\"url\":\"https:\\\/\\\/www.encontrabomretiro.com.br\\\/sobre\\\/wp-content\\\/uploads\\\/2026\\\/06\\\/eskya-vozes-ancestrais-yafeekhet-de-sekletxase.webp\",\"width\":280,\"height\":280,\"caption\":\"Eskya: Vozes Ancestrais\"},\"datePublished\":\"2026-06-25T09:53:20-02:00\",\"dateModified\":\"2026-06-25T09:53:20-02:00\",\"inLanguage\":\"pt-BR\",\"mainEntityOfPage\":{\"@id\":\"https:\\\/\\\/www.encontrabomretiro.com.br\\\/sobre\\\/eskya-vozes-ancestrais-yafeekhetde-sekletxase\\\/#webpage\"},\"isPartOf\":{\"@id\":\"https:\\\/\\\/www.encontrabomretiro.com.br\\\/sobre\\\/eskya-vozes-ancestrais-yafeekhetde-sekletxase\\\/#webpage\"},\"articleSection\":\"Not\\u00edcias Bom Retiro\"},{\"@type\":\"BreadcrumbList\",\"@id\":\"https:\\\/\\\/www.encontrabomretiro.com.br\\\/sobre\\\/eskya-vozes-ancestrais-yafeekhetde-sekletxase\\\/#breadcrumblist\",\"itemListElement\":[{\"@type\":\"ListItem\",\"@id\":\"https:\\\/\\\/www.encontrabomretiro.com.br\\\/sobre#listItem\",\"position\":1,\"name\":\"Dom\\u00e9stica\",\"item\":\"https:\\\/\\\/www.encontrabomretiro.com.br\\\/sobre\",\"nextItem\":{\"@type\":\"ListItem\",\"@id\":\"https:\\\/\\\/www.encontrabomretiro.com.br\\\/sobre\\\/noticias-no-bom-retiro\\\/#listItem\",\"name\":\"Not\\u00edcias Bom Retiro\"}},{\"@type\":\"ListItem\",\"@id\":\"https:\\\/\\\/www.encontrabomretiro.com.br\\\/sobre\\\/noticias-no-bom-retiro\\\/#listItem\",\"position\":2,\"name\":\"Not\\u00edcias Bom Retiro\",\"item\":\"https:\\\/\\\/www.encontrabomretiro.com.br\\\/sobre\\\/noticias-no-bom-retiro\\\/\",\"nextItem\":{\"@type\":\"ListItem\",\"@id\":\"https:\\\/\\\/www.encontrabomretiro.com.br\\\/sobre\\\/eskya-vozes-ancestrais-yafeekhetde-sekletxase\\\/#listItem\",\"name\":\"Eskya: Vozes Ancestrais (Yafe\\u00ebkhet\\u2019de Sekletxase)\"},\"previousItem\":{\"@type\":\"ListItem\",\"@id\":\"https:\\\/\\\/www.encontrabomretiro.com.br\\\/sobre#listItem\",\"name\":\"Dom\\u00e9stica\"}},{\"@type\":\"ListItem\",\"@id\":\"https:\\\/\\\/www.encontrabomretiro.com.br\\\/sobre\\\/eskya-vozes-ancestrais-yafeekhetde-sekletxase\\\/#listItem\",\"position\":3,\"name\":\"Eskya: Vozes Ancestrais (Yafe\\u00ebkhet\\u2019de Sekletxase)\",\"previousItem\":{\"@type\":\"ListItem\",\"@id\":\"https:\\\/\\\/www.encontrabomretiro.com.br\\\/sobre\\\/noticias-no-bom-retiro\\\/#listItem\",\"name\":\"Not\\u00edcias Bom Retiro\"}}]},{\"@type\":\"Organization\",\"@id\":\"https:\\\/\\\/www.encontrabomretiro.com.br\\\/sobre\\\/#organization\",\"name\":\"Encontra Bom Retiro\",\"description\":\"Not\\u00edcias, eventos, informa\\u00e7\\u00f5es e dicas no bairro do Bom Retiro e regi\\u00e3o.\",\"url\":\"https:\\\/\\\/www.encontrabomretiro.com.br\\\/sobre\\\/\"},{\"@type\":\"Person\",\"@id\":\"https:\\\/\\\/www.encontrabomretiro.com.br\\\/sobre\\\/author\\\/ebomretiro\\\/#author\",\"url\":\"https:\\\/\\\/www.encontrabomretiro.com.br\\\/sobre\\\/author\\\/ebomretiro\\\/\",\"name\":\"Encontra Bom Retiro\",\"image\":{\"@type\":\"ImageObject\",\"@id\":\"https:\\\/\\\/www.encontrabomretiro.com.br\\\/sobre\\\/eskya-vozes-ancestrais-yafeekhetde-sekletxase\\\/#authorImage\",\"url\":\"https:\\\/\\\/secure.gravatar.com\\\/avatar\\\/507340682b8270222e1f208e23198b6ae7e2c6a1033ae84e99bc6bce4f82a387?s=96&d=mm&r=g\",\"width\":96,\"height\":96,\"caption\":\"Encontra Bom Retiro\"}},{\"@type\":\"WebPage\",\"@id\":\"https:\\\/\\\/www.encontrabomretiro.com.br\\\/sobre\\\/eskya-vozes-ancestrais-yafeekhetde-sekletxase\\\/#webpage\",\"url\":\"https:\\\/\\\/www.encontrabomretiro.com.br\\\/sobre\\\/eskya-vozes-ancestrais-yafeekhetde-sekletxase\\\/\",\"name\":\"Eskya: Vozes Ancestrais (Yafe\\u00ebkhet\\u2019de Sekletxase) | Encontra Bom Retiro\",\"description\":\"Eskya: Vozes Ancestrais exalta a for\\u00e7a feminina com cantos tradicionais do povo Fulni-\\u00f4.\",\"inLanguage\":\"pt-BR\",\"isPartOf\":{\"@id\":\"https:\\\/\\\/www.encontrabomretiro.com.br\\\/sobre\\\/#website\"},\"breadcrumb\":{\"@id\":\"https:\\\/\\\/www.encontrabomretiro.com.br\\\/sobre\\\/eskya-vozes-ancestrais-yafeekhetde-sekletxase\\\/#breadcrumblist\"},\"author\":{\"@id\":\"https:\\\/\\\/www.encontrabomretiro.com.br\\\/sobre\\\/author\\\/ebomretiro\\\/#author\"},\"creator\":{\"@id\":\"https:\\\/\\\/www.encontrabomretiro.com.br\\\/sobre\\\/author\\\/ebomretiro\\\/#author\"},\"image\":{\"@type\":\"ImageObject\",\"url\":\"https:\\\/\\\/www.encontrabomretiro.com.br\\\/sobre\\\/wp-content\\\/uploads\\\/2026\\\/06\\\/eskya-vozes-ancestrais-yafeekhet-de-sekletxase.webp\",\"@id\":\"https:\\\/\\\/www.encontrabomretiro.com.br\\\/sobre\\\/eskya-vozes-ancestrais-yafeekhetde-sekletxase\\\/#mainImage\",\"width\":280,\"height\":280,\"caption\":\"Eskya: Vozes Ancestrais\"},\"primaryImageOfPage\":{\"@id\":\"https:\\\/\\\/www.encontrabomretiro.com.br\\\/sobre\\\/eskya-vozes-ancestrais-yafeekhetde-sekletxase\\\/#mainImage\"},\"datePublished\":\"2026-06-25T09:53:20-02:00\",\"dateModified\":\"2026-06-25T09:53:20-02:00\"},{\"@type\":\"WebSite\",\"@id\":\"https:\\\/\\\/www.encontrabomretiro.com.br\\\/sobre\\\/#website\",\"url\":\"https:\\\/\\\/www.encontrabomretiro.com.br\\\/sobre\\\/\",\"name\":\"Encontra Bom Retiro\",\"description\":\"Not\\u00edcias, eventos, informa\\u00e7\\u00f5es e dicas no bairro do Bom Retiro e regi\\u00e3o.\",\"inLanguage\":\"pt-BR\",\"publisher\":{\"@id\":\"https:\\\/\\\/www.encontrabomretiro.com.br\\\/sobre\\\/#organization\"}}]}\n\t\t<\/script>\n\t\t<!-- All in One SEO -->\n\n","aioseo_head_json":{"title":"Eskya: Vozes Ancestrais (Yafe\u00ebkhet\u2019de Sekletxase) | Encontra Bom Retiro","description":"Eskya: Vozes Ancestrais exalta a for\u00e7a feminina com cantos tradicionais do povo Fulni-\u00f4.","canonical_url":"https:\/\/www.encontrabomretiro.com.br\/sobre\/eskya-vozes-ancestrais-yafeekhetde-sekletxase\/","robots":"max-image-preview:large","keywords":"","webmasterTools":{"miscellaneous":""},"schema":{"@context":"https:\/\/schema.org","@graph":[{"@type":"Article","@id":"https:\/\/www.encontrabomretiro.com.br\/sobre\/eskya-vozes-ancestrais-yafeekhetde-sekletxase\/#article","name":"Eskya: Vozes Ancestrais (Yafe\u00ebkhet\u2019de Sekletxase) | Encontra Bom Retiro","headline":"Eskya: Vozes Ancestrais (Yafe\u00ebkhet\u2019de Sekletxase)","author":{"@id":"https:\/\/www.encontrabomretiro.com.br\/sobre\/author\/ebomretiro\/#author"},"publisher":{"@id":"https:\/\/www.encontrabomretiro.com.br\/sobre\/#organization"},"image":{"@type":"ImageObject","url":"https:\/\/www.encontrabomretiro.com.br\/sobre\/wp-content\/uploads\/2026\/06\/eskya-vozes-ancestrais-yafeekhet-de-sekletxase.webp","width":280,"height":280,"caption":"Eskya: Vozes Ancestrais"},"datePublished":"2026-06-25T09:53:20-02:00","dateModified":"2026-06-25T09:53:20-02:00","inLanguage":"pt-BR","mainEntityOfPage":{"@id":"https:\/\/www.encontrabomretiro.com.br\/sobre\/eskya-vozes-ancestrais-yafeekhetde-sekletxase\/#webpage"},"isPartOf":{"@id":"https:\/\/www.encontrabomretiro.com.br\/sobre\/eskya-vozes-ancestrais-yafeekhetde-sekletxase\/#webpage"},"articleSection":"Not\u00edcias Bom Retiro"},{"@type":"BreadcrumbList","@id":"https:\/\/www.encontrabomretiro.com.br\/sobre\/eskya-vozes-ancestrais-yafeekhetde-sekletxase\/#breadcrumblist","itemListElement":[{"@type":"ListItem","@id":"https:\/\/www.encontrabomretiro.com.br\/sobre#listItem","position":1,"name":"Dom\u00e9stica","item":"https:\/\/www.encontrabomretiro.com.br\/sobre","nextItem":{"@type":"ListItem","@id":"https:\/\/www.encontrabomretiro.com.br\/sobre\/noticias-no-bom-retiro\/#listItem","name":"Not\u00edcias Bom Retiro"}},{"@type":"ListItem","@id":"https:\/\/www.encontrabomretiro.com.br\/sobre\/noticias-no-bom-retiro\/#listItem","position":2,"name":"Not\u00edcias Bom Retiro","item":"https:\/\/www.encontrabomretiro.com.br\/sobre\/noticias-no-bom-retiro\/","nextItem":{"@type":"ListItem","@id":"https:\/\/www.encontrabomretiro.com.br\/sobre\/eskya-vozes-ancestrais-yafeekhetde-sekletxase\/#listItem","name":"Eskya: Vozes Ancestrais (Yafe\u00ebkhet\u2019de Sekletxase)"},"previousItem":{"@type":"ListItem","@id":"https:\/\/www.encontrabomretiro.com.br\/sobre#listItem","name":"Dom\u00e9stica"}},{"@type":"ListItem","@id":"https:\/\/www.encontrabomretiro.com.br\/sobre\/eskya-vozes-ancestrais-yafeekhetde-sekletxase\/#listItem","position":3,"name":"Eskya: Vozes Ancestrais (Yafe\u00ebkhet\u2019de Sekletxase)","previousItem":{"@type":"ListItem","@id":"https:\/\/www.encontrabomretiro.com.br\/sobre\/noticias-no-bom-retiro\/#listItem","name":"Not\u00edcias Bom Retiro"}}]},{"@type":"Organization","@id":"https:\/\/www.encontrabomretiro.com.br\/sobre\/#organization","name":"Encontra Bom Retiro","description":"Not\u00edcias, eventos, informa\u00e7\u00f5es e dicas no bairro do Bom Retiro e regi\u00e3o.","url":"https:\/\/www.encontrabomretiro.com.br\/sobre\/"},{"@type":"Person","@id":"https:\/\/www.encontrabomretiro.com.br\/sobre\/author\/ebomretiro\/#author","url":"https:\/\/www.encontrabomretiro.com.br\/sobre\/author\/ebomretiro\/","name":"Encontra Bom Retiro","image":{"@type":"ImageObject","@id":"https:\/\/www.encontrabomretiro.com.br\/sobre\/eskya-vozes-ancestrais-yafeekhetde-sekletxase\/#authorImage","url":"https:\/\/secure.gravatar.com\/avatar\/507340682b8270222e1f208e23198b6ae7e2c6a1033ae84e99bc6bce4f82a387?s=96&d=mm&r=g","width":96,"height":96,"caption":"Encontra Bom Retiro"}},{"@type":"WebPage","@id":"https:\/\/www.encontrabomretiro.com.br\/sobre\/eskya-vozes-ancestrais-yafeekhetde-sekletxase\/#webpage","url":"https:\/\/www.encontrabomretiro.com.br\/sobre\/eskya-vozes-ancestrais-yafeekhetde-sekletxase\/","name":"Eskya: Vozes Ancestrais (Yafe\u00ebkhet\u2019de Sekletxase) | Encontra Bom Retiro","description":"Eskya: Vozes Ancestrais exalta a for\u00e7a feminina com cantos tradicionais do povo Fulni-\u00f4.","inLanguage":"pt-BR","isPartOf":{"@id":"https:\/\/www.encontrabomretiro.com.br\/sobre\/#website"},"breadcrumb":{"@id":"https:\/\/www.encontrabomretiro.com.br\/sobre\/eskya-vozes-ancestrais-yafeekhetde-sekletxase\/#breadcrumblist"},"author":{"@id":"https:\/\/www.encontrabomretiro.com.br\/sobre\/author\/ebomretiro\/#author"},"creator":{"@id":"https:\/\/www.encontrabomretiro.com.br\/sobre\/author\/ebomretiro\/#author"},"image":{"@type":"ImageObject","url":"https:\/\/www.encontrabomretiro.com.br\/sobre\/wp-content\/uploads\/2026\/06\/eskya-vozes-ancestrais-yafeekhet-de-sekletxase.webp","@id":"https:\/\/www.encontrabomretiro.com.br\/sobre\/eskya-vozes-ancestrais-yafeekhetde-sekletxase\/#mainImage","width":280,"height":280,"caption":"Eskya: Vozes Ancestrais"},"primaryImageOfPage":{"@id":"https:\/\/www.encontrabomretiro.com.br\/sobre\/eskya-vozes-ancestrais-yafeekhetde-sekletxase\/#mainImage"},"datePublished":"2026-06-25T09:53:20-02:00","dateModified":"2026-06-25T09:53:20-02:00"},{"@type":"WebSite","@id":"https:\/\/www.encontrabomretiro.com.br\/sobre\/#website","url":"https:\/\/www.encontrabomretiro.com.br\/sobre\/","name":"Encontra Bom Retiro","description":"Not\u00edcias, eventos, informa\u00e7\u00f5es e dicas no bairro do Bom Retiro e regi\u00e3o.","inLanguage":"pt-BR","publisher":{"@id":"https:\/\/www.encontrabomretiro.com.br\/sobre\/#organization"}}]},"og:locale":"pt_BR","og:site_name":"Encontra Bom Retiro | Not\u00edcias, eventos, informa\u00e7\u00f5es e dicas no bairro do Bom Retiro e regi\u00e3o.","og:type":"article","og:title":"Eskya: Vozes Ancestrais (Yafe\u00ebkhet\u2019de Sekletxase) | Encontra Bom Retiro","og:description":"Eskya: Vozes Ancestrais exalta a for\u00e7a feminina com cantos tradicionais do povo Fulni-\u00f4.","og:url":"https:\/\/www.encontrabomretiro.com.br\/sobre\/eskya-vozes-ancestrais-yafeekhetde-sekletxase\/","article:published_time":"2026-06-25T11:53:20+00:00","article:modified_time":"2026-06-25T11:53:20+00:00","twitter:card":"summary_large_image","twitter:title":"Eskya: Vozes Ancestrais (Yafe\u00ebkhet\u2019de Sekletxase) | Encontra Bom Retiro","twitter:description":"Eskya: Vozes Ancestrais exalta a for\u00e7a feminina com cantos tradicionais do povo Fulni-\u00f4."},"aioseo_meta_data":{"post_id":"2986","title":null,"description":null,"keywords":null,"keyphrases":null,"primary_term":null,"canonical_url":null,"og_title":null,"og_description":null,"og_object_type":"default","og_image_type":"default","og_image_url":null,"og_image_width":null,"og_image_height":null,"og_image_custom_url":null,"og_image_custom_fields":null,"og_video":null,"og_custom_url":null,"og_article_section":null,"og_article_tags":null,"twitter_use_og":false,"twitter_card":"default","twitter_image_type":"default","twitter_image_url":null,"twitter_image_custom_url":null,"twitter_image_custom_fields":null,"twitter_title":null,"twitter_description":null,"schema":{"blockGraphs":[],"customGraphs":[],"default":{"data":{"Article":[],"Course":[],"Dataset":[],"FAQPage":[],"Movie":[],"Person":[],"Product":[],"ProductReview":[],"Car":[],"Recipe":[],"Service":[],"SoftwareApplication":[],"WebPage":[]},"graphName":"Article","isEnabled":true},"graphs":[]},"schema_type":"default","schema_type_options":null,"pillar_content":false,"robots_default":true,"robots_noindex":false,"robots_noarchive":false,"robots_nosnippet":false,"robots_nofollow":false,"robots_noimageindex":false,"robots_noodp":false,"robots_notranslate":false,"robots_max_snippet":null,"robots_max_videopreview":null,"robots_max_imagepreview":"large","priority":null,"frequency":null,"local_seo":null,"breadcrumb_settings":null,"limit_modified_date":false,"ai":null,"created":"2026-06-25 11:53:24","updated":"2026-06-25 12:00:23","focus_keyword":null,"additional_keywords":null,"truseo_locale":null,"seo_analyzer_scan_date":null},"aioseo_breadcrumb":"<div class=\"aioseo-breadcrumbs\"><span class=\"aioseo-breadcrumb\">\n\t\t\t<a href=\"https:\/\/www.encontrabomretiro.com.br\/sobre\" title=\"Dom\u00e9stica\">Dom\u00e9stica<\/a>\n\t\t<\/span><span class=\"aioseo-breadcrumb-separator\">&raquo;<\/span><span class=\"aioseo-breadcrumb\">\n\t\t\t<a href=\"https:\/\/www.encontrabomretiro.com.br\/sobre\/noticias-no-bom-retiro\/\" title=\"Not\u00edcias Bom Retiro\">Not\u00edcias Bom Retiro<\/a>\n\t\t<\/span><span class=\"aioseo-breadcrumb-separator\">&raquo;<\/span><span class=\"aioseo-breadcrumb\">\n\t\t\tEskya: Vozes Ancestrais (Yafe\u00ebkhet\u2019de Sekletxase)\n\t\t<\/span><\/div>","aioseo_breadcrumb_json":[{"label":"Dom\u00e9stica","link":"https:\/\/www.encontrabomretiro.com.br\/sobre"},{"label":"Not\u00edcias Bom Retiro","link":"https:\/\/www.encontrabomretiro.com.br\/sobre\/noticias-no-bom-retiro\/"},{"label":"Eskya: Vozes Ancestrais (Yafe\u00ebkhet\u2019de Sekletxase)","link":"https:\/\/www.encontrabomretiro.com.br\/sobre\/eskya-vozes-ancestrais-yafeekhetde-sekletxase\/"}],"_links":{"self":[{"href":"https:\/\/www.encontrabomretiro.com.br\/sobre\/wp-json\/wp\/v2\/posts\/2986","targetHints":{"allow":["GET"]}}],"collection":[{"href":"https:\/\/www.encontrabomretiro.com.br\/sobre\/wp-json\/wp\/v2\/posts"}],"about":[{"href":"https:\/\/www.encontrabomretiro.com.br\/sobre\/wp-json\/wp\/v2\/types\/post"}],"author":[{"embeddable":true,"href":"https:\/\/www.encontrabomretiro.com.br\/sobre\/wp-json\/wp\/v2\/users\/1"}],"replies":[{"embeddable":true,"href":"https:\/\/www.encontrabomretiro.com.br\/sobre\/wp-json\/wp\/v2\/comments?post=2986"}],"version-history":[{"count":0,"href":"https:\/\/www.encontrabomretiro.com.br\/sobre\/wp-json\/wp\/v2\/posts\/2986\/revisions"}],"wp:featuredmedia":[{"embeddable":true,"href":"https:\/\/www.encontrabomretiro.com.br\/sobre\/wp-json\/wp\/v2\/media\/2985"}],"wp:attachment":[{"href":"https:\/\/www.encontrabomretiro.com.br\/sobre\/wp-json\/wp\/v2\/media?parent=2986"}],"wp:term":[{"taxonomy":"category","embeddable":true,"href":"https:\/\/www.encontrabomretiro.com.br\/sobre\/wp-json\/wp\/v2\/categories?post=2986"},{"taxonomy":"post_tag","embeddable":true,"href":"https:\/\/www.encontrabomretiro.com.br\/sobre\/wp-json\/wp\/v2\/tags?post=2986"}],"curies":[{"name":"wp","href":"https:\/\/api.w.org\/{rel}","templated":true}]}}