{"id":298,"date":"2012-01-09T17:43:32","date_gmt":"2012-01-09T19:43:32","guid":{"rendered":"http:\/\/www.encontrabomretiro.com.br\/noticias\/?p=298"},"modified":"2019-04-29T18:04:43","modified_gmt":"2019-04-29T20:04:43","slug":"pm-dispersa-viciados-com-bombas-e-balas-de-borracha-no-bom-retiro","status":"publish","type":"post","link":"https:\/\/www.encontrabomretiro.com.br\/sobre\/pm-dispersa-viciados-com-bombas-e-balas-de-borracha-no-bom-retiro\/","title":{"rendered":"PM dispersa viciados com bombas e balas de borracha no Bom Retiro"},"content":{"rendered":"<div class=\"228b65ae207de3c5c501cfe75875708b\" data-index=\"1\" style=\"float: none; margin:0px;\">\n<!-- Anuncio display - global -->\r\n<ins class=\"adsbygoogle\"\r\n     style=\"display:block\"\r\n     data-ad-client=\"ca-pub-8585364105181520\"\r\n     data-ad-slot=\"8789329856\"\r\n     data-ad-format=\"auto\"\r\n     data-full-width-responsive=\"true\"><\/ins>\r\n<script>\r\n     (adsbygoogle = window.adsbygoogle || []).push({});\r\n<\/script>\n<\/div>\n<p>O primeiro fim de semana de ocupa\u00e7\u00e3o da PM na cracol\u00e2ndia foi marcado por correria, bombas de efeito moral e tiros de balas de borracha entre a noite de s\u00e1bado e a madrugada de ontem.<\/p>\n<p>A movimenta\u00e7\u00e3o dos usu\u00e1rios de crack era intensa desde as 22h de anteontem na regi\u00e3o do bairro Bom Retiro (centro de SP).<\/p>\n<p>Era um esconde-esconde.<\/p>\n<p>De um lado, os viciados caminhavam frequentemente de uma rua para outra procurando os traficantes.<\/p>\n<p>De outro, policiais, guardas-civis e seguran\u00e7as de pr\u00e9dios em busca dos usu\u00e1rios para evitar as aglomera\u00e7\u00f5es.<\/p>\n<p>Por volta das 23h45, quase cem usu\u00e1rios de drogas e traficantes se concentraram na rua dos Gusm\u00f5es.<\/p>\n<p>Foi o sinal para que dois policiais militares sa\u00edssem de um carro da corpora\u00e7\u00e3o e disparassem bombas de efeito moral e balas de borracha para dispersar o grupo.<\/p>\n<p>A a\u00e7\u00e3o, que durou menos de tr\u00eas minutos, foi presenciada pela reportagem.<\/p>\n<p>N\u00e3o houve confronto. Ap\u00f3s os tiros, usu\u00e1rios de drogas se espalharam por toda a regi\u00e3o.<\/p>\n<p>Cerca de 20 minutos mais tarde, o bairro estava cheio de carros da PM e da GCM.<\/p>\n<p>At\u00e9 as 2h, ao menos outras tr\u00eas bombas de efeito moral foram estouradas no quadril\u00e1tero entre as avenidas Duque de Caxias e Rio Branco, a alameda Bar\u00e3o de Limeira e a rua dos Timbiras.<\/p>\n<p>De acordo com moradores de pr\u00e9dios da regi\u00e3o, foi a primeira vez que a pol\u00edcia agiu dessa forma contra os viciados.<\/p>\n<p>&#8220;Nunca tinha visto nada como isso. A pol\u00edcia est\u00e1 agindo mais firme e dispersando os &#8216;noias&#8217;, coisa que n\u00e3o fazia antes&#8221;, disse um aposentado.<\/p>\n<p>Para moradores, os viciados parecem estar mais agressivos, aparentemente porque t\u00eam menos acesso ao crack nos \u00faltimos dias.<\/p>\n<p><strong>Seguran\u00e7a<\/strong><\/p>\n<p>At\u00e9 o m\u00eas passado, s\u00f3 seguran\u00e7as dos pr\u00e9dios faziam a dispers\u00e3o dos viciados.<\/p>\n<p>Toda noite, cinco vigias intimidam os usu\u00e1rios de drogas impedindo aglomera\u00e7\u00f5es.<\/p>\n<p>Eles caminham entre os viciados com bast\u00f5es e gritando para deixarem o local. Costumam ser atendidos.<\/p>\n<p>&#8220;Sou seguran\u00e7a h\u00e1 18 anos aqui. Agora, corremos mais porque os viciados est\u00e3o mais espalhados&#8221;, afirmou o chefe dos seguran\u00e7as, Fernando Pereira da Cruz.<\/p>\n<p>Apesar da a\u00e7\u00e3o, ontem \u00e0 tarde, os &#8216;noias&#8217; j\u00e1 haviam retornado para as ruas onde houve o ataque da PM.<\/p>\n<p><strong>Resposta<\/strong><\/p>\n<p>A Pol\u00edcia Militar disse que dois policiais s\u00f3 dispararam bombas e balas de borracha contra usu\u00e1rios que se aglomeravam na rua dos Gusm\u00f5es, \u00e0s 23h45 de anteontem, porque eles impediam o fluxo de ve\u00edculos na via.<\/p>\n<p>Em nota, a PM alegou que a a\u00e7\u00e3o s\u00f3 ocorreu porque os viciados se negaram a liberar o tr\u00e1fego depois de serem alertados pelos policiais militares.<\/p>\n<p>A reportagem presenciou e registrou em imagens toda a a\u00e7\u00e3o e constatou que em nenhum momento os policiais militares alertaram os usu\u00e1rios de que deveriam sair da rua e liberar o tr\u00e1fego.<\/p>\n<p>Segundo a corpora\u00e7\u00e3o, n\u00e3o houve policiais nem usu\u00e1rios de drogas feridos.<\/p>\n<p>Ontem, o delegado-geral da Pol\u00edcia Civil, Marcos Carneiro Lima, informou que vai mandar o Denarc (Departamento de Investiga\u00e7\u00f5es sobre Narc\u00f3ticos) investigar as cracol\u00e2ndias priv\u00eas instaladas em casas de bairros de classe m\u00e9dia em S\u00e3o Paulo.<\/p>\n<p><em>Fonte: Folha de S. Paulo<\/em><\/p>\n\n<div style=\"font-size: 0px; height: 0px; line-height: 0px; margin: 0; padding: 0; clear: both;\"><\/div>","protected":false},"excerpt":{"rendered":"<p>O primeiro fim de semana de ocupa\u00e7\u00e3o da PM na cracol\u00e2ndia foi marcado por correria, bombas de efeito moral e tiros de balas de borracha entre a noite de s\u00e1bado e a madrugada de ontem. A movimenta\u00e7\u00e3o dos usu\u00e1rios de crack era intensa desde as 22h de anteontem na regi\u00e3o do bairro Bom Retiro (centro de SP). Era um esconde-esconde. De um lado, os viciados caminhavam frequentemente de uma rua para outra procurando os traficantes. De outro, policiais, guardas-civis e seguran\u00e7as de pr\u00e9dios em busca dos usu\u00e1rios para evitar as aglomera\u00e7\u00f5es. Por volta das 23h45, quase cem usu\u00e1rios de drogas <\/p>\n","protected":false},"author":1,"featured_media":0,"comment_status":"open","ping_status":"closed","sticky":false,"template":"","format":"standard","meta":{"footnotes":""},"categories":[6],"tags":[14],"class_list":["post-298","post","type-post","status-publish","format-standard","hentry","category-noticias-no-bom-retiro","tag-bom-retiro"],"aioseo_notices":[],"aioseo_head":"\n\t\t<!-- All in One SEO 5.0.0.1 - aioseo.com -->\n\t<meta name=\"description\" content=\"O primeiro fim de semana de ocupa\u00e7\u00e3o da PM na cracol\u00e2ndia foi marcado por correria, bombas de efeito moral e tiros de balas de borracha entre a noite de s\u00e1bado e a madrugada de ontem. A movimenta\u00e7\u00e3o dos usu\u00e1rios de crack era intensa desde as 22h de anteontem na regi\u00e3o do bairro Bom Retiro (centro\" \/>\n\t<meta name=\"robots\" content=\"max-image-preview:large\" \/>\n\t<meta name=\"author\" content=\"Encontra Bom Retiro\"\/>\n\t<link rel=\"canonical\" href=\"https:\/\/www.encontrabomretiro.com.br\/sobre\/pm-dispersa-viciados-com-bombas-e-balas-de-borracha-no-bom-retiro\/\" \/>\n\t<meta name=\"generator\" content=\"All in One SEO (AIOSEO) 5.0.0.1\" \/>\n\t\t<meta property=\"og:locale\" content=\"pt_BR\" \/>\n\t\t<meta property=\"og:site_name\" content=\"Encontra Bom Retiro | Not\u00edcias, eventos, informa\u00e7\u00f5es e dicas no bairro do Bom Retiro e regi\u00e3o.\" \/>\n\t\t<meta property=\"og:type\" content=\"article\" \/>\n\t\t<meta property=\"og:title\" content=\"PM dispersa viciados com bombas e balas de borracha no Bom Retiro | Encontra Bom Retiro\" \/>\n\t\t<meta property=\"og:description\" content=\"O primeiro fim de semana de ocupa\u00e7\u00e3o da PM na cracol\u00e2ndia foi marcado por correria, bombas de efeito moral e tiros de balas de borracha entre a noite de s\u00e1bado e a madrugada de ontem. A movimenta\u00e7\u00e3o dos usu\u00e1rios de crack era intensa desde as 22h de anteontem na regi\u00e3o do bairro Bom Retiro (centro\" \/>\n\t\t<meta property=\"og:url\" content=\"https:\/\/www.encontrabomretiro.com.br\/sobre\/pm-dispersa-viciados-com-bombas-e-balas-de-borracha-no-bom-retiro\/\" \/>\n\t\t<meta property=\"article:published_time\" content=\"2012-01-09T19:43:32+00:00\" \/>\n\t\t<meta property=\"article:modified_time\" content=\"2019-04-29T20:04:43+00:00\" \/>\n\t\t<meta name=\"twitter:card\" content=\"summary_large_image\" \/>\n\t\t<meta name=\"twitter:title\" content=\"PM dispersa viciados com bombas e balas de borracha no Bom Retiro | Encontra Bom Retiro\" \/>\n\t\t<meta name=\"twitter:description\" content=\"O primeiro fim de semana de ocupa\u00e7\u00e3o da PM na cracol\u00e2ndia foi marcado por correria, bombas de efeito moral e tiros de balas de borracha entre a noite de s\u00e1bado e a madrugada de ontem. A movimenta\u00e7\u00e3o dos usu\u00e1rios de crack era intensa desde as 22h de anteontem na regi\u00e3o do bairro Bom Retiro (centro\" \/>\n\t\t<script type=\"application\/ld+json\" class=\"aioseo-schema\">\n\t\t\t{\"@context\":\"https:\\\/\\\/schema.org\",\"@graph\":[{\"@type\":\"Article\",\"@id\":\"https:\\\/\\\/www.encontrabomretiro.com.br\\\/sobre\\\/pm-dispersa-viciados-com-bombas-e-balas-de-borracha-no-bom-retiro\\\/#article\",\"name\":\"PM dispersa viciados com bombas e balas de borracha no Bom Retiro | Encontra Bom Retiro\",\"headline\":\"PM dispersa viciados com bombas e balas de borracha no Bom Retiro\",\"author\":{\"@id\":\"https:\\\/\\\/www.encontrabomretiro.com.br\\\/sobre\\\/author\\\/ebomretiro\\\/#author\"},\"publisher\":{\"@id\":\"https:\\\/\\\/www.encontrabomretiro.com.br\\\/sobre\\\/#organization\"},\"datePublished\":\"2012-01-09T17:43:32-02:00\",\"dateModified\":\"2019-04-29T18:04:43-02:00\",\"inLanguage\":\"pt-BR\",\"mainEntityOfPage\":{\"@id\":\"https:\\\/\\\/www.encontrabomretiro.com.br\\\/sobre\\\/pm-dispersa-viciados-com-bombas-e-balas-de-borracha-no-bom-retiro\\\/#webpage\"},\"isPartOf\":{\"@id\":\"https:\\\/\\\/www.encontrabomretiro.com.br\\\/sobre\\\/pm-dispersa-viciados-com-bombas-e-balas-de-borracha-no-bom-retiro\\\/#webpage\"},\"articleSection\":\"Not\\u00edcias Bom Retiro, Bom Retiro\"},{\"@type\":\"BreadcrumbList\",\"@id\":\"https:\\\/\\\/www.encontrabomretiro.com.br\\\/sobre\\\/pm-dispersa-viciados-com-bombas-e-balas-de-borracha-no-bom-retiro\\\/#breadcrumblist\",\"itemListElement\":[{\"@type\":\"ListItem\",\"@id\":\"https:\\\/\\\/www.encontrabomretiro.com.br\\\/sobre#listItem\",\"position\":1,\"name\":\"Dom\\u00e9stica\",\"item\":\"https:\\\/\\\/www.encontrabomretiro.com.br\\\/sobre\",\"nextItem\":{\"@type\":\"ListItem\",\"@id\":\"https:\\\/\\\/www.encontrabomretiro.com.br\\\/sobre\\\/noticias-no-bom-retiro\\\/#listItem\",\"name\":\"Not\\u00edcias Bom Retiro\"}},{\"@type\":\"ListItem\",\"@id\":\"https:\\\/\\\/www.encontrabomretiro.com.br\\\/sobre\\\/noticias-no-bom-retiro\\\/#listItem\",\"position\":2,\"name\":\"Not\\u00edcias Bom Retiro\",\"item\":\"https:\\\/\\\/www.encontrabomretiro.com.br\\\/sobre\\\/noticias-no-bom-retiro\\\/\",\"nextItem\":{\"@type\":\"ListItem\",\"@id\":\"https:\\\/\\\/www.encontrabomretiro.com.br\\\/sobre\\\/pm-dispersa-viciados-com-bombas-e-balas-de-borracha-no-bom-retiro\\\/#listItem\",\"name\":\"PM dispersa viciados com bombas e balas de borracha no Bom Retiro\"},\"previousItem\":{\"@type\":\"ListItem\",\"@id\":\"https:\\\/\\\/www.encontrabomretiro.com.br\\\/sobre#listItem\",\"name\":\"Dom\\u00e9stica\"}},{\"@type\":\"ListItem\",\"@id\":\"https:\\\/\\\/www.encontrabomretiro.com.br\\\/sobre\\\/pm-dispersa-viciados-com-bombas-e-balas-de-borracha-no-bom-retiro\\\/#listItem\",\"position\":3,\"name\":\"PM dispersa viciados com bombas e balas de borracha no Bom Retiro\",\"previousItem\":{\"@type\":\"ListItem\",\"@id\":\"https:\\\/\\\/www.encontrabomretiro.com.br\\\/sobre\\\/noticias-no-bom-retiro\\\/#listItem\",\"name\":\"Not\\u00edcias Bom Retiro\"}}]},{\"@type\":\"Organization\",\"@id\":\"https:\\\/\\\/www.encontrabomretiro.com.br\\\/sobre\\\/#organization\",\"name\":\"Encontra Bom Retiro\",\"description\":\"Not\\u00edcias, eventos, informa\\u00e7\\u00f5es e dicas no bairro do Bom Retiro e regi\\u00e3o.\",\"url\":\"https:\\\/\\\/www.encontrabomretiro.com.br\\\/sobre\\\/\"},{\"@type\":\"Person\",\"@id\":\"https:\\\/\\\/www.encontrabomretiro.com.br\\\/sobre\\\/author\\\/ebomretiro\\\/#author\",\"url\":\"https:\\\/\\\/www.encontrabomretiro.com.br\\\/sobre\\\/author\\\/ebomretiro\\\/\",\"name\":\"Encontra Bom Retiro\",\"image\":{\"@type\":\"ImageObject\",\"@id\":\"https:\\\/\\\/www.encontrabomretiro.com.br\\\/sobre\\\/pm-dispersa-viciados-com-bombas-e-balas-de-borracha-no-bom-retiro\\\/#authorImage\",\"url\":\"https:\\\/\\\/secure.gravatar.com\\\/avatar\\\/507340682b8270222e1f208e23198b6ae7e2c6a1033ae84e99bc6bce4f82a387?s=96&d=mm&r=g\",\"width\":96,\"height\":96,\"caption\":\"Encontra Bom Retiro\"}},{\"@type\":\"WebPage\",\"@id\":\"https:\\\/\\\/www.encontrabomretiro.com.br\\\/sobre\\\/pm-dispersa-viciados-com-bombas-e-balas-de-borracha-no-bom-retiro\\\/#webpage\",\"url\":\"https:\\\/\\\/www.encontrabomretiro.com.br\\\/sobre\\\/pm-dispersa-viciados-com-bombas-e-balas-de-borracha-no-bom-retiro\\\/\",\"name\":\"PM dispersa viciados com bombas e balas de borracha no Bom Retiro | Encontra Bom Retiro\",\"description\":\"O primeiro fim de semana de ocupa\\u00e7\\u00e3o da PM na cracol\\u00e2ndia foi marcado por correria, bombas de efeito moral e tiros de balas de borracha entre a noite de s\\u00e1bado e a madrugada de ontem. A movimenta\\u00e7\\u00e3o dos usu\\u00e1rios de crack era intensa desde as 22h de anteontem na regi\\u00e3o do bairro Bom Retiro (centro\",\"inLanguage\":\"pt-BR\",\"isPartOf\":{\"@id\":\"https:\\\/\\\/www.encontrabomretiro.com.br\\\/sobre\\\/#website\"},\"breadcrumb\":{\"@id\":\"https:\\\/\\\/www.encontrabomretiro.com.br\\\/sobre\\\/pm-dispersa-viciados-com-bombas-e-balas-de-borracha-no-bom-retiro\\\/#breadcrumblist\"},\"author\":{\"@id\":\"https:\\\/\\\/www.encontrabomretiro.com.br\\\/sobre\\\/author\\\/ebomretiro\\\/#author\"},\"creator\":{\"@id\":\"https:\\\/\\\/www.encontrabomretiro.com.br\\\/sobre\\\/author\\\/ebomretiro\\\/#author\"},\"datePublished\":\"2012-01-09T17:43:32-02:00\",\"dateModified\":\"2019-04-29T18:04:43-02:00\"},{\"@type\":\"WebSite\",\"@id\":\"https:\\\/\\\/www.encontrabomretiro.com.br\\\/sobre\\\/#website\",\"url\":\"https:\\\/\\\/www.encontrabomretiro.com.br\\\/sobre\\\/\",\"name\":\"Encontra Bom Retiro\",\"description\":\"Not\\u00edcias, eventos, informa\\u00e7\\u00f5es e dicas no bairro do Bom Retiro e regi\\u00e3o.\",\"inLanguage\":\"pt-BR\",\"publisher\":{\"@id\":\"https:\\\/\\\/www.encontrabomretiro.com.br\\\/sobre\\\/#organization\"}}]}\n\t\t<\/script>\n\t\t<!-- All in One SEO -->\n\n","aioseo_head_json":{"title":"PM dispersa viciados com bombas e balas de borracha no Bom Retiro | Encontra Bom Retiro","description":"O primeiro fim de semana de ocupa\u00e7\u00e3o da PM na cracol\u00e2ndia foi marcado por correria, bombas de efeito moral e tiros de balas de borracha entre a noite de s\u00e1bado e a madrugada de ontem. A movimenta\u00e7\u00e3o dos usu\u00e1rios de crack era intensa desde as 22h de anteontem na regi\u00e3o do bairro Bom Retiro (centro","canonical_url":"https:\/\/www.encontrabomretiro.com.br\/sobre\/pm-dispersa-viciados-com-bombas-e-balas-de-borracha-no-bom-retiro\/","robots":"max-image-preview:large","keywords":"","webmasterTools":{"miscellaneous":""},"schema":{"@context":"https:\/\/schema.org","@graph":[{"@type":"Article","@id":"https:\/\/www.encontrabomretiro.com.br\/sobre\/pm-dispersa-viciados-com-bombas-e-balas-de-borracha-no-bom-retiro\/#article","name":"PM dispersa viciados com bombas e balas de borracha no Bom Retiro | Encontra Bom Retiro","headline":"PM dispersa viciados com bombas e balas de borracha no Bom Retiro","author":{"@id":"https:\/\/www.encontrabomretiro.com.br\/sobre\/author\/ebomretiro\/#author"},"publisher":{"@id":"https:\/\/www.encontrabomretiro.com.br\/sobre\/#organization"},"datePublished":"2012-01-09T17:43:32-02:00","dateModified":"2019-04-29T18:04:43-02:00","inLanguage":"pt-BR","mainEntityOfPage":{"@id":"https:\/\/www.encontrabomretiro.com.br\/sobre\/pm-dispersa-viciados-com-bombas-e-balas-de-borracha-no-bom-retiro\/#webpage"},"isPartOf":{"@id":"https:\/\/www.encontrabomretiro.com.br\/sobre\/pm-dispersa-viciados-com-bombas-e-balas-de-borracha-no-bom-retiro\/#webpage"},"articleSection":"Not\u00edcias Bom Retiro, Bom Retiro"},{"@type":"BreadcrumbList","@id":"https:\/\/www.encontrabomretiro.com.br\/sobre\/pm-dispersa-viciados-com-bombas-e-balas-de-borracha-no-bom-retiro\/#breadcrumblist","itemListElement":[{"@type":"ListItem","@id":"https:\/\/www.encontrabomretiro.com.br\/sobre#listItem","position":1,"name":"Dom\u00e9stica","item":"https:\/\/www.encontrabomretiro.com.br\/sobre","nextItem":{"@type":"ListItem","@id":"https:\/\/www.encontrabomretiro.com.br\/sobre\/noticias-no-bom-retiro\/#listItem","name":"Not\u00edcias Bom Retiro"}},{"@type":"ListItem","@id":"https:\/\/www.encontrabomretiro.com.br\/sobre\/noticias-no-bom-retiro\/#listItem","position":2,"name":"Not\u00edcias Bom Retiro","item":"https:\/\/www.encontrabomretiro.com.br\/sobre\/noticias-no-bom-retiro\/","nextItem":{"@type":"ListItem","@id":"https:\/\/www.encontrabomretiro.com.br\/sobre\/pm-dispersa-viciados-com-bombas-e-balas-de-borracha-no-bom-retiro\/#listItem","name":"PM dispersa viciados com bombas e balas de borracha no Bom Retiro"},"previousItem":{"@type":"ListItem","@id":"https:\/\/www.encontrabomretiro.com.br\/sobre#listItem","name":"Dom\u00e9stica"}},{"@type":"ListItem","@id":"https:\/\/www.encontrabomretiro.com.br\/sobre\/pm-dispersa-viciados-com-bombas-e-balas-de-borracha-no-bom-retiro\/#listItem","position":3,"name":"PM dispersa viciados com bombas e balas de borracha no Bom Retiro","previousItem":{"@type":"ListItem","@id":"https:\/\/www.encontrabomretiro.com.br\/sobre\/noticias-no-bom-retiro\/#listItem","name":"Not\u00edcias Bom Retiro"}}]},{"@type":"Organization","@id":"https:\/\/www.encontrabomretiro.com.br\/sobre\/#organization","name":"Encontra Bom Retiro","description":"Not\u00edcias, eventos, informa\u00e7\u00f5es e dicas no bairro do Bom Retiro e regi\u00e3o.","url":"https:\/\/www.encontrabomretiro.com.br\/sobre\/"},{"@type":"Person","@id":"https:\/\/www.encontrabomretiro.com.br\/sobre\/author\/ebomretiro\/#author","url":"https:\/\/www.encontrabomretiro.com.br\/sobre\/author\/ebomretiro\/","name":"Encontra Bom Retiro","image":{"@type":"ImageObject","@id":"https:\/\/www.encontrabomretiro.com.br\/sobre\/pm-dispersa-viciados-com-bombas-e-balas-de-borracha-no-bom-retiro\/#authorImage","url":"https:\/\/secure.gravatar.com\/avatar\/507340682b8270222e1f208e23198b6ae7e2c6a1033ae84e99bc6bce4f82a387?s=96&d=mm&r=g","width":96,"height":96,"caption":"Encontra Bom Retiro"}},{"@type":"WebPage","@id":"https:\/\/www.encontrabomretiro.com.br\/sobre\/pm-dispersa-viciados-com-bombas-e-balas-de-borracha-no-bom-retiro\/#webpage","url":"https:\/\/www.encontrabomretiro.com.br\/sobre\/pm-dispersa-viciados-com-bombas-e-balas-de-borracha-no-bom-retiro\/","name":"PM dispersa viciados com bombas e balas de borracha no Bom Retiro | Encontra Bom Retiro","description":"O primeiro fim de semana de ocupa\u00e7\u00e3o da PM na cracol\u00e2ndia foi marcado por correria, bombas de efeito moral e tiros de balas de borracha entre a noite de s\u00e1bado e a madrugada de ontem. A movimenta\u00e7\u00e3o dos usu\u00e1rios de crack era intensa desde as 22h de anteontem na regi\u00e3o do bairro Bom Retiro (centro","inLanguage":"pt-BR","isPartOf":{"@id":"https:\/\/www.encontrabomretiro.com.br\/sobre\/#website"},"breadcrumb":{"@id":"https:\/\/www.encontrabomretiro.com.br\/sobre\/pm-dispersa-viciados-com-bombas-e-balas-de-borracha-no-bom-retiro\/#breadcrumblist"},"author":{"@id":"https:\/\/www.encontrabomretiro.com.br\/sobre\/author\/ebomretiro\/#author"},"creator":{"@id":"https:\/\/www.encontrabomretiro.com.br\/sobre\/author\/ebomretiro\/#author"},"datePublished":"2012-01-09T17:43:32-02:00","dateModified":"2019-04-29T18:04:43-02:00"},{"@type":"WebSite","@id":"https:\/\/www.encontrabomretiro.com.br\/sobre\/#website","url":"https:\/\/www.encontrabomretiro.com.br\/sobre\/","name":"Encontra Bom Retiro","description":"Not\u00edcias, eventos, informa\u00e7\u00f5es e dicas no bairro do Bom Retiro e regi\u00e3o.","inLanguage":"pt-BR","publisher":{"@id":"https:\/\/www.encontrabomretiro.com.br\/sobre\/#organization"}}]},"og:locale":"pt_BR","og:site_name":"Encontra Bom Retiro | Not\u00edcias, eventos, informa\u00e7\u00f5es e dicas no bairro do Bom Retiro e regi\u00e3o.","og:type":"article","og:title":"PM dispersa viciados com bombas e balas de borracha no Bom Retiro | Encontra Bom Retiro","og:description":"O primeiro fim de semana de ocupa\u00e7\u00e3o da PM na cracol\u00e2ndia foi marcado por correria, bombas de efeito moral e tiros de balas de borracha entre a noite de s\u00e1bado e a madrugada de ontem. A movimenta\u00e7\u00e3o dos usu\u00e1rios de crack era intensa desde as 22h de anteontem na regi\u00e3o do bairro Bom Retiro (centro","og:url":"https:\/\/www.encontrabomretiro.com.br\/sobre\/pm-dispersa-viciados-com-bombas-e-balas-de-borracha-no-bom-retiro\/","article:published_time":"2012-01-09T19:43:32+00:00","article:modified_time":"2019-04-29T20:04:43+00:00","twitter:card":"summary_large_image","twitter:title":"PM dispersa viciados com bombas e balas de borracha no Bom Retiro | Encontra Bom Retiro","twitter:description":"O primeiro fim de semana de ocupa\u00e7\u00e3o da PM na cracol\u00e2ndia foi marcado por correria, bombas de efeito moral e tiros de balas de borracha entre a noite de s\u00e1bado e a madrugada de ontem. A movimenta\u00e7\u00e3o dos usu\u00e1rios de crack era intensa desde as 22h de anteontem na regi\u00e3o do bairro Bom Retiro (centro"},"aioseo_meta_data":{"post_id":"298","title":null,"description":null,"keywords":null,"keyphrases":null,"primary_term":null,"canonical_url":null,"og_title":null,"og_description":null,"og_object_type":"default","og_image_type":"default","og_image_url":null,"og_image_width":null,"og_image_height":null,"og_image_custom_url":null,"og_image_custom_fields":null,"og_video":null,"og_custom_url":null,"og_article_section":null,"og_article_tags":null,"twitter_use_og":false,"twitter_card":"default","twitter_image_type":"default","twitter_image_url":null,"twitter_image_custom_url":null,"twitter_image_custom_fields":null,"twitter_title":null,"twitter_description":null,"schema":{"blockGraphs":[],"customGraphs":[],"default":{"data":{"Article":[],"Course":[],"Dataset":[],"FAQPage":[],"Movie":[],"Person":[],"Product":[],"ProductReview":[],"Car":[],"Recipe":[],"Service":[],"SoftwareApplication":[],"WebPage":[]},"graphName":"","isEnabled":true},"graphs":[]},"schema_type":"default","schema_type_options":null,"pillar_content":false,"robots_default":true,"robots_noindex":false,"robots_noarchive":false,"robots_nosnippet":false,"robots_nofollow":false,"robots_noimageindex":false,"robots_noodp":false,"robots_notranslate":false,"robots_max_snippet":null,"robots_max_videopreview":null,"robots_max_imagepreview":"large","priority":null,"frequency":null,"local_seo":null,"breadcrumb_settings":null,"limit_modified_date":false,"ai":null,"created":"2023-10-16 13:04:04","updated":"2025-10-03 13:50:53","focus_keyword":null,"additional_keywords":null,"truseo_locale":null,"seo_analyzer_scan_date":null},"aioseo_breadcrumb":"<div class=\"aioseo-breadcrumbs\"><span class=\"aioseo-breadcrumb\">\n\t\t\t<a href=\"https:\/\/www.encontrabomretiro.com.br\/sobre\" title=\"Dom\u00e9stica\">Dom\u00e9stica<\/a>\n\t\t<\/span><span class=\"aioseo-breadcrumb-separator\">&raquo;<\/span><span class=\"aioseo-breadcrumb\">\n\t\t\t<a href=\"https:\/\/www.encontrabomretiro.com.br\/sobre\/noticias-no-bom-retiro\/\" title=\"Not\u00edcias Bom Retiro\">Not\u00edcias Bom Retiro<\/a>\n\t\t<\/span><span class=\"aioseo-breadcrumb-separator\">&raquo;<\/span><span class=\"aioseo-breadcrumb\">\n\t\t\tPM dispersa viciados com bombas e balas de borracha no Bom Retiro\n\t\t<\/span><\/div>","aioseo_breadcrumb_json":[{"label":"Dom\u00e9stica","link":"https:\/\/www.encontrabomretiro.com.br\/sobre"},{"label":"Not\u00edcias Bom Retiro","link":"https:\/\/www.encontrabomretiro.com.br\/sobre\/noticias-no-bom-retiro\/"},{"label":"PM dispersa viciados com bombas e balas de borracha no Bom Retiro","link":"https:\/\/www.encontrabomretiro.com.br\/sobre\/pm-dispersa-viciados-com-bombas-e-balas-de-borracha-no-bom-retiro\/"}],"_links":{"self":[{"href":"https:\/\/www.encontrabomretiro.com.br\/sobre\/wp-json\/wp\/v2\/posts\/298","targetHints":{"allow":["GET"]}}],"collection":[{"href":"https:\/\/www.encontrabomretiro.com.br\/sobre\/wp-json\/wp\/v2\/posts"}],"about":[{"href":"https:\/\/www.encontrabomretiro.com.br\/sobre\/wp-json\/wp\/v2\/types\/post"}],"author":[{"embeddable":true,"href":"https:\/\/www.encontrabomretiro.com.br\/sobre\/wp-json\/wp\/v2\/users\/1"}],"replies":[{"embeddable":true,"href":"https:\/\/www.encontrabomretiro.com.br\/sobre\/wp-json\/wp\/v2\/comments?post=298"}],"version-history":[{"count":0,"href":"https:\/\/www.encontrabomretiro.com.br\/sobre\/wp-json\/wp\/v2\/posts\/298\/revisions"}],"wp:attachment":[{"href":"https:\/\/www.encontrabomretiro.com.br\/sobre\/wp-json\/wp\/v2\/media?parent=298"}],"wp:term":[{"taxonomy":"category","embeddable":true,"href":"https:\/\/www.encontrabomretiro.com.br\/sobre\/wp-json\/wp\/v2\/categories?post=298"},{"taxonomy":"post_tag","embeddable":true,"href":"https:\/\/www.encontrabomretiro.com.br\/sobre\/wp-json\/wp\/v2\/tags?post=298"}],"curies":[{"name":"wp","href":"https:\/\/api.w.org\/{rel}","templated":true}]}}