{"id":2974,"date":"2026-06-23T09:40:44","date_gmt":"2026-06-23T11:40:44","guid":{"rendered":"https:\/\/www.encontrabomretiro.com.br\/sobre\/programa-requalifica-centro-e-regulamentado-para-toda-a-regiao-central-de-sao-paulo\/"},"modified":"2026-06-23T09:40:44","modified_gmt":"2026-06-23T11:40:44","slug":"programa-requalifica-centro-e-regulamentado-para-toda-a-regiao-central-de-sao-paulo","status":"publish","type":"post","link":"https:\/\/www.encontrabomretiro.com.br\/sobre\/programa-requalifica-centro-e-regulamentado-para-toda-a-regiao-central-de-sao-paulo\/","title":{"rendered":"Programa Requalifica Centro \u00e9 regulamentado para toda a regi\u00e3o central de S\u00e3o Paulo"},"content":{"rendered":"<div class=\"228b65ae207de3c5c501cfe75875708b\" data-index=\"1\" style=\"float: none; margin:0px;\">\n<!-- Anuncio display - global -->\r\n<ins class=\"adsbygoogle\"\r\n     style=\"display:block\"\r\n     data-ad-client=\"ca-pub-8585364105181520\"\r\n     data-ad-slot=\"8789329856\"\r\n     data-ad-format=\"auto\"\r\n     data-full-width-responsive=\"true\"><\/ins>\r\n<script>\r\n     (adsbygoogle = window.adsbygoogle || []).push({});\r\n<\/script>\n<\/div>\n<h2>O que \u00e9 o Programa Requalifica Centro?<\/h2>\n<p>O Programa Requalifica Centro \u00e9 uma iniciativa da Prefeitura de S\u00e3o Paulo, por meio da Secretaria Municipal de Urbanismo e Licenciamento, que visa revitalizar e recuperar im\u00f3veis antigos localizados na regi\u00e3o central da cidade. Atrav\u00e9s dessa abordagem, o programa busca fomentar a reabilita\u00e7\u00e3o de pr\u00e9dios, permitindo a transforma\u00e7\u00e3o de espa\u00e7os subutilizados em \u00e1reas com potencial para moradia, com\u00e9rcio e servi\u00e7os.<\/p>\n<h2>Novas regulamenta\u00e7\u00f5es e suas implica\u00e7\u00f5es<\/h2>\n<p>Recentemente, a regulamenta\u00e7\u00e3o do Programa Requalifica Centro foi atualizada para dar mais agilidade e efici\u00eancia ao processo de licenciamento de requalifica\u00e7\u00e3o. O Decreto n\u00ba 65.233\/2026 \u00e9 uma das a\u00e7\u00f5es que visa modernizar o procedimento, consolidando a legisla\u00e7\u00e3o relacionada \u00e0 \u00e1rea dentro de um \u00fanico instrumento normativo que facilita o entendimento e a aplica\u00e7\u00e3o das regras. Essa atualiza\u00e7\u00e3o n\u00e3o apenas aumenta a \u00e1rea abrangida pelo programa, mas tamb\u00e9m torna o processo de retrofit de edif\u00edcios menos burocr\u00e1tico, incentivando o desenvolvimento urbano sustent\u00e1vel.<\/p>\n<h2>Simplificando o licenciamento de retrofit de edif\u00edcios<\/h2>\n<p>Um dos pontos principais da nova regulamenta\u00e7\u00e3o \u00e9 a simplifica\u00e7\u00e3o dos procedimentos de licenciamento para projetos de retrofit. Os processos se tornar\u00e3o mais r\u00e1pidos, com a possibilidade de an\u00e1lise priorit\u00e1ria atrav\u00e9s do procedimento denominado Requalifica R\u00e1pido. Al\u00e9m disso, a inclus\u00e3o de op\u00e7\u00f5es eletr\u00f4nicas para a declara\u00e7\u00e3o de projetos tamb\u00e9m \u00e9 uma mudan\u00e7a significativa, permitindo que a tramita\u00e7\u00e3o de mudan\u00e7as de uso de im\u00f3veis aconte\u00e7a de forma mais eficiente.<\/p>\n<p><img decoding=\"async\" src=\"https:\/\/www.encontrabomretiro.com.br\/sobre\/wp-content\/uploads\/2026\/06\/programa-requalifica-centro-e-regulamentado-para-toda-a-regiao-central-de-sao-paulo.webp\" alt=\"Programa Requalifica Centro\" loading=\"lazy\" \/><\/p>\n<h2>Benef\u00edcios da requalifica\u00e7\u00e3o para a comunidade<\/h2>\n<p>A requalifica\u00e7\u00e3o de im\u00f3veis traz uma s\u00e9rie de benef\u00edcios diretos para a comunidade local. Com a revitaliza\u00e7\u00e3o de espa\u00e7os, h\u00e1 o fortalecimento das atividades comerciais, que podem gerar empregos e riqueza para a regi\u00e3o. Al\u00e9m disso, a melhoria na infraestrutura urbana e habita\u00e7\u00e3o de qualidade contribui para elevar a qualidade de vida dos moradores, tornando a \u00e1rea central de S\u00e3o Paulo um local mais atraente e funcional.<\/p>\n<h2>Altera\u00e7\u00f5es na \u00e1rea atendida pelo programa<\/h2>\n<p>A mudan\u00e7a na \u00e1rea atendida pelo Programa Requalifica Centro \u00e9 um dos aspectos mais significativos das novas regulamenta\u00e7\u00f5es. Agora, o per\u00edmetro abrangido inclui os distritos da S\u00e9, Rep\u00fablica, Br\u00e1s, Bom Retiro e Pari, al\u00e9m de trechos da Bela Vista, Santa Cec\u00edlia e Liberdade. Essa amplia\u00e7\u00e3o garante que mais im\u00f3veis estejam dentro do escopo para requalifica\u00e7\u00e3o, tornando o projeto ainda mais abrangente e eficaz na revitaliza\u00e7\u00e3o do centro.<\/p>\n<h2>Incentivos fiscais e sua import\u00e2ncia<\/h2>\n<p>Os incentivos fiscais constituem uma parte crucial do Programa Requalifica Centro. A isen\u00e7\u00e3o de tributos como IPTU e ITBI, bem como a redu\u00e7\u00e3o de ISS, s\u00e3o algumas das vantagens oferecidas para estimular a recupera\u00e7\u00e3o de im\u00f3veis constru\u00eddos antes de 1992. Essas medidas visam tornar a reabilita\u00e7\u00e3o economicamente vi\u00e1vel e, assim, atrair investimentos para a regi\u00e3o.<\/p>\n<h2>Projetos em andamento e resultados j\u00e1 alcan\u00e7ados<\/h2>\n<p>Atualmente, o programa j\u00e1 conta com um n\u00famero consider\u00e1vel de edif\u00edcios em processo de requalifica\u00e7\u00e3o. Dados apontam que 49 im\u00f3veis est\u00e3o sendo tratados sob a nova regulamenta\u00e7\u00e3o, com 31 projetos aprovados e implementados. Essa iniciativa simultaneamente mant\u00e9m a tradi\u00e7\u00e3o de constru\u00e7\u00e3o no centro enquanto promove inova\u00e7\u00f5es e melhorias que atendem \u00e0s necessidades contempor\u00e2neas da sociedade.<\/p>\n<h2>Melhorias nas condi\u00e7\u00f5es de moradia e com\u00e9rcio<\/h2>\n<p>Atrav\u00e9s do Programa Requalifica Centro, as condi\u00e7\u00f5es de moradia e com\u00e9rcio t\u00eam experimentado melhorias significativas. A revitaliza\u00e7\u00e3o dos im\u00f3veis n\u00e3o apenas melhora a est\u00e9tica e a funcionalidade dos espa\u00e7os, mas tamb\u00e9m torna a oferta de servi\u00e7os e com\u00e9rcios na regi\u00e3o mais variada e acess\u00edvel, contribuindo diretamente para o desenvolvimento socioecon\u00f4mico.<\/p>\n<h2>Engajamento da comunidade no processo de revitaliza\u00e7\u00e3o<\/h2>\n<p>A participa\u00e7\u00e3o ativa da comunidade \u00e9 essencial para o sucesso do Programa Requalifica Centro. A Prefeitura tem buscado engajar os cidad\u00e3os em discuss\u00f5es sobre requalifica\u00e7\u00e3o e urbanismo, promovendo a transpar\u00eancia e o entendimento sobre o impacto destas a\u00e7\u00f5es na vida urbana. A inclus\u00e3o da popula\u00e7\u00e3o nas decis\u00f5es relacionadas ao espa\u00e7o urbano garante que as mudan\u00e7as reflitam as necessidades locais.<\/p>\n<h2>Vis\u00e3o futura para a regi\u00e3o central de S\u00e3o Paulo<\/h2>\n<p>O futuro da regi\u00e3o central de S\u00e3o Paulo, sob a \u00e9gide do Programa Requalifica Centro, \u00e9 promissor. A medida que mais edif\u00edcios s\u00e3o revitalizados, a expectativa \u00e9 que a \u00e1rea se torne um polo de inova\u00e7\u00e3o e cultura, atraindo novos habitantes, um setor comercial vibrante e turismo. Com iniciativas sustent\u00e1veis e ao foco na qualidade de vida dos cidad\u00e3os, o centro de S\u00e3o Paulo pode se transformar em um modelo urbano a ser seguido em outras metr\u00f3poles.<\/p>\n\n<div style=\"font-size: 0px; height: 0px; line-height: 0px; margin: 0; padding: 0; clear: both;\"><\/div>","protected":false},"excerpt":{"rendered":"<p>Programa Requalifica Centro transforma a regi\u00e3o central de S\u00e3o Paulo com novas regulamenta\u00e7\u00f5es.<\/p>\n","protected":false},"author":1,"featured_media":2973,"comment_status":"open","ping_status":"closed","sticky":false,"template":"","format":"standard","meta":{"footnotes":""},"categories":[6],"tags":[],"class_list":["post-2974","post","type-post","status-publish","format-standard","has-post-thumbnail","hentry","category-noticias-no-bom-retiro","has_thumb"],"aioseo_notices":[],"aioseo_head":"\n\t\t<!-- All in One SEO 5.0.0.1 - aioseo.com -->\n\t<meta name=\"description\" content=\"Programa Requalifica Centro transforma a regi\u00e3o central de S\u00e3o Paulo com novas regulamenta\u00e7\u00f5es.\" \/>\n\t<meta name=\"robots\" content=\"max-image-preview:large\" \/>\n\t<meta name=\"author\" content=\"Encontra Bom Retiro\"\/>\n\t<link rel=\"canonical\" href=\"https:\/\/www.encontrabomretiro.com.br\/sobre\/programa-requalifica-centro-e-regulamentado-para-toda-a-regiao-central-de-sao-paulo\/\" \/>\n\t<meta name=\"generator\" content=\"All in One SEO (AIOSEO) 5.0.0.1\" \/>\n\t\t<meta property=\"og:locale\" content=\"pt_BR\" \/>\n\t\t<meta property=\"og:site_name\" content=\"Encontra Bom Retiro | Not\u00edcias, eventos, informa\u00e7\u00f5es e dicas no bairro do Bom Retiro e regi\u00e3o.\" \/>\n\t\t<meta property=\"og:type\" content=\"article\" \/>\n\t\t<meta property=\"og:title\" content=\"Programa Requalifica Centro \u00e9 regulamentado para toda a regi\u00e3o central de S\u00e3o Paulo | Encontra Bom Retiro\" \/>\n\t\t<meta property=\"og:description\" content=\"Programa Requalifica Centro transforma a regi\u00e3o central de S\u00e3o Paulo com novas regulamenta\u00e7\u00f5es.\" \/>\n\t\t<meta property=\"og:url\" content=\"https:\/\/www.encontrabomretiro.com.br\/sobre\/programa-requalifica-centro-e-regulamentado-para-toda-a-regiao-central-de-sao-paulo\/\" \/>\n\t\t<meta property=\"article:published_time\" content=\"2026-06-23T11:40:44+00:00\" \/>\n\t\t<meta property=\"article:modified_time\" content=\"2026-06-23T11:40:44+00:00\" \/>\n\t\t<meta name=\"twitter:card\" content=\"summary_large_image\" \/>\n\t\t<meta name=\"twitter:title\" content=\"Programa Requalifica Centro \u00e9 regulamentado para toda a regi\u00e3o central de S\u00e3o Paulo | Encontra Bom Retiro\" \/>\n\t\t<meta name=\"twitter:description\" content=\"Programa Requalifica Centro transforma a regi\u00e3o central de S\u00e3o Paulo com novas regulamenta\u00e7\u00f5es.\" \/>\n\t\t<script type=\"application\/ld+json\" class=\"aioseo-schema\">\n\t\t\t{\"@context\":\"https:\\\/\\\/schema.org\",\"@graph\":[{\"@type\":\"Article\",\"@id\":\"https:\\\/\\\/www.encontrabomretiro.com.br\\\/sobre\\\/programa-requalifica-centro-e-regulamentado-para-toda-a-regiao-central-de-sao-paulo\\\/#article\",\"name\":\"Programa Requalifica Centro \\u00e9 regulamentado para toda a regi\\u00e3o central de S\\u00e3o Paulo | Encontra Bom Retiro\",\"headline\":\"Programa Requalifica Centro \\u00e9 regulamentado para toda a regi\\u00e3o central de S\\u00e3o Paulo\",\"author\":{\"@id\":\"https:\\\/\\\/www.encontrabomretiro.com.br\\\/sobre\\\/author\\\/ebomretiro\\\/#author\"},\"publisher\":{\"@id\":\"https:\\\/\\\/www.encontrabomretiro.com.br\\\/sobre\\\/#organization\"},\"image\":{\"@type\":\"ImageObject\",\"url\":\"https:\\\/\\\/www.encontrabomretiro.com.br\\\/sobre\\\/wp-content\\\/uploads\\\/2026\\\/06\\\/programa-requalifica-centro-e-regulamentado-para-toda-a-regiao-central-de-sao-paulo.webp\",\"width\":280,\"height\":280,\"caption\":\"Programa Requalifica Centro\"},\"datePublished\":\"2026-06-23T09:40:44-02:00\",\"dateModified\":\"2026-06-23T09:40:44-02:00\",\"inLanguage\":\"pt-BR\",\"mainEntityOfPage\":{\"@id\":\"https:\\\/\\\/www.encontrabomretiro.com.br\\\/sobre\\\/programa-requalifica-centro-e-regulamentado-para-toda-a-regiao-central-de-sao-paulo\\\/#webpage\"},\"isPartOf\":{\"@id\":\"https:\\\/\\\/www.encontrabomretiro.com.br\\\/sobre\\\/programa-requalifica-centro-e-regulamentado-para-toda-a-regiao-central-de-sao-paulo\\\/#webpage\"},\"articleSection\":\"Not\\u00edcias Bom Retiro\"},{\"@type\":\"BreadcrumbList\",\"@id\":\"https:\\\/\\\/www.encontrabomretiro.com.br\\\/sobre\\\/programa-requalifica-centro-e-regulamentado-para-toda-a-regiao-central-de-sao-paulo\\\/#breadcrumblist\",\"itemListElement\":[{\"@type\":\"ListItem\",\"@id\":\"https:\\\/\\\/www.encontrabomretiro.com.br\\\/sobre#listItem\",\"position\":1,\"name\":\"Dom\\u00e9stica\",\"item\":\"https:\\\/\\\/www.encontrabomretiro.com.br\\\/sobre\",\"nextItem\":{\"@type\":\"ListItem\",\"@id\":\"https:\\\/\\\/www.encontrabomretiro.com.br\\\/sobre\\\/noticias-no-bom-retiro\\\/#listItem\",\"name\":\"Not\\u00edcias Bom Retiro\"}},{\"@type\":\"ListItem\",\"@id\":\"https:\\\/\\\/www.encontrabomretiro.com.br\\\/sobre\\\/noticias-no-bom-retiro\\\/#listItem\",\"position\":2,\"name\":\"Not\\u00edcias Bom Retiro\",\"item\":\"https:\\\/\\\/www.encontrabomretiro.com.br\\\/sobre\\\/noticias-no-bom-retiro\\\/\",\"nextItem\":{\"@type\":\"ListItem\",\"@id\":\"https:\\\/\\\/www.encontrabomretiro.com.br\\\/sobre\\\/programa-requalifica-centro-e-regulamentado-para-toda-a-regiao-central-de-sao-paulo\\\/#listItem\",\"name\":\"Programa Requalifica Centro \\u00e9 regulamentado para toda a regi\\u00e3o central de S\\u00e3o Paulo\"},\"previousItem\":{\"@type\":\"ListItem\",\"@id\":\"https:\\\/\\\/www.encontrabomretiro.com.br\\\/sobre#listItem\",\"name\":\"Dom\\u00e9stica\"}},{\"@type\":\"ListItem\",\"@id\":\"https:\\\/\\\/www.encontrabomretiro.com.br\\\/sobre\\\/programa-requalifica-centro-e-regulamentado-para-toda-a-regiao-central-de-sao-paulo\\\/#listItem\",\"position\":3,\"name\":\"Programa Requalifica Centro \\u00e9 regulamentado para toda a regi\\u00e3o central de S\\u00e3o Paulo\",\"previousItem\":{\"@type\":\"ListItem\",\"@id\":\"https:\\\/\\\/www.encontrabomretiro.com.br\\\/sobre\\\/noticias-no-bom-retiro\\\/#listItem\",\"name\":\"Not\\u00edcias Bom Retiro\"}}]},{\"@type\":\"Organization\",\"@id\":\"https:\\\/\\\/www.encontrabomretiro.com.br\\\/sobre\\\/#organization\",\"name\":\"Encontra Bom Retiro\",\"description\":\"Not\\u00edcias, eventos, informa\\u00e7\\u00f5es e dicas no bairro do Bom Retiro e regi\\u00e3o.\",\"url\":\"https:\\\/\\\/www.encontrabomretiro.com.br\\\/sobre\\\/\"},{\"@type\":\"Person\",\"@id\":\"https:\\\/\\\/www.encontrabomretiro.com.br\\\/sobre\\\/author\\\/ebomretiro\\\/#author\",\"url\":\"https:\\\/\\\/www.encontrabomretiro.com.br\\\/sobre\\\/author\\\/ebomretiro\\\/\",\"name\":\"Encontra Bom Retiro\",\"image\":{\"@type\":\"ImageObject\",\"@id\":\"https:\\\/\\\/www.encontrabomretiro.com.br\\\/sobre\\\/programa-requalifica-centro-e-regulamentado-para-toda-a-regiao-central-de-sao-paulo\\\/#authorImage\",\"url\":\"https:\\\/\\\/secure.gravatar.com\\\/avatar\\\/507340682b8270222e1f208e23198b6ae7e2c6a1033ae84e99bc6bce4f82a387?s=96&d=mm&r=g\",\"width\":96,\"height\":96,\"caption\":\"Encontra Bom Retiro\"}},{\"@type\":\"WebPage\",\"@id\":\"https:\\\/\\\/www.encontrabomretiro.com.br\\\/sobre\\\/programa-requalifica-centro-e-regulamentado-para-toda-a-regiao-central-de-sao-paulo\\\/#webpage\",\"url\":\"https:\\\/\\\/www.encontrabomretiro.com.br\\\/sobre\\\/programa-requalifica-centro-e-regulamentado-para-toda-a-regiao-central-de-sao-paulo\\\/\",\"name\":\"Programa Requalifica Centro \\u00e9 regulamentado para toda a regi\\u00e3o central de S\\u00e3o Paulo | Encontra Bom Retiro\",\"description\":\"Programa Requalifica Centro transforma a regi\\u00e3o central de S\\u00e3o Paulo com novas regulamenta\\u00e7\\u00f5es.\",\"inLanguage\":\"pt-BR\",\"isPartOf\":{\"@id\":\"https:\\\/\\\/www.encontrabomretiro.com.br\\\/sobre\\\/#website\"},\"breadcrumb\":{\"@id\":\"https:\\\/\\\/www.encontrabomretiro.com.br\\\/sobre\\\/programa-requalifica-centro-e-regulamentado-para-toda-a-regiao-central-de-sao-paulo\\\/#breadcrumblist\"},\"author\":{\"@id\":\"https:\\\/\\\/www.encontrabomretiro.com.br\\\/sobre\\\/author\\\/ebomretiro\\\/#author\"},\"creator\":{\"@id\":\"https:\\\/\\\/www.encontrabomretiro.com.br\\\/sobre\\\/author\\\/ebomretiro\\\/#author\"},\"image\":{\"@type\":\"ImageObject\",\"url\":\"https:\\\/\\\/www.encontrabomretiro.com.br\\\/sobre\\\/wp-content\\\/uploads\\\/2026\\\/06\\\/programa-requalifica-centro-e-regulamentado-para-toda-a-regiao-central-de-sao-paulo.webp\",\"@id\":\"https:\\\/\\\/www.encontrabomretiro.com.br\\\/sobre\\\/programa-requalifica-centro-e-regulamentado-para-toda-a-regiao-central-de-sao-paulo\\\/#mainImage\",\"width\":280,\"height\":280,\"caption\":\"Programa Requalifica Centro\"},\"primaryImageOfPage\":{\"@id\":\"https:\\\/\\\/www.encontrabomretiro.com.br\\\/sobre\\\/programa-requalifica-centro-e-regulamentado-para-toda-a-regiao-central-de-sao-paulo\\\/#mainImage\"},\"datePublished\":\"2026-06-23T09:40:44-02:00\",\"dateModified\":\"2026-06-23T09:40:44-02:00\"},{\"@type\":\"WebSite\",\"@id\":\"https:\\\/\\\/www.encontrabomretiro.com.br\\\/sobre\\\/#website\",\"url\":\"https:\\\/\\\/www.encontrabomretiro.com.br\\\/sobre\\\/\",\"name\":\"Encontra Bom Retiro\",\"description\":\"Not\\u00edcias, eventos, informa\\u00e7\\u00f5es e dicas no bairro do Bom Retiro e regi\\u00e3o.\",\"inLanguage\":\"pt-BR\",\"publisher\":{\"@id\":\"https:\\\/\\\/www.encontrabomretiro.com.br\\\/sobre\\\/#organization\"}}]}\n\t\t<\/script>\n\t\t<!-- All in One SEO -->\n\n","aioseo_head_json":{"title":"Programa Requalifica Centro \u00e9 regulamentado para toda a regi\u00e3o central de S\u00e3o Paulo | Encontra Bom Retiro","description":"Programa Requalifica Centro transforma a regi\u00e3o central de S\u00e3o Paulo com novas regulamenta\u00e7\u00f5es.","canonical_url":"https:\/\/www.encontrabomretiro.com.br\/sobre\/programa-requalifica-centro-e-regulamentado-para-toda-a-regiao-central-de-sao-paulo\/","robots":"max-image-preview:large","keywords":"","webmasterTools":{"miscellaneous":""},"schema":{"@context":"https:\/\/schema.org","@graph":[{"@type":"Article","@id":"https:\/\/www.encontrabomretiro.com.br\/sobre\/programa-requalifica-centro-e-regulamentado-para-toda-a-regiao-central-de-sao-paulo\/#article","name":"Programa Requalifica Centro \u00e9 regulamentado para toda a regi\u00e3o central de S\u00e3o Paulo | Encontra Bom Retiro","headline":"Programa Requalifica Centro \u00e9 regulamentado para toda a regi\u00e3o central de S\u00e3o Paulo","author":{"@id":"https:\/\/www.encontrabomretiro.com.br\/sobre\/author\/ebomretiro\/#author"},"publisher":{"@id":"https:\/\/www.encontrabomretiro.com.br\/sobre\/#organization"},"image":{"@type":"ImageObject","url":"https:\/\/www.encontrabomretiro.com.br\/sobre\/wp-content\/uploads\/2026\/06\/programa-requalifica-centro-e-regulamentado-para-toda-a-regiao-central-de-sao-paulo.webp","width":280,"height":280,"caption":"Programa Requalifica Centro"},"datePublished":"2026-06-23T09:40:44-02:00","dateModified":"2026-06-23T09:40:44-02:00","inLanguage":"pt-BR","mainEntityOfPage":{"@id":"https:\/\/www.encontrabomretiro.com.br\/sobre\/programa-requalifica-centro-e-regulamentado-para-toda-a-regiao-central-de-sao-paulo\/#webpage"},"isPartOf":{"@id":"https:\/\/www.encontrabomretiro.com.br\/sobre\/programa-requalifica-centro-e-regulamentado-para-toda-a-regiao-central-de-sao-paulo\/#webpage"},"articleSection":"Not\u00edcias Bom Retiro"},{"@type":"BreadcrumbList","@id":"https:\/\/www.encontrabomretiro.com.br\/sobre\/programa-requalifica-centro-e-regulamentado-para-toda-a-regiao-central-de-sao-paulo\/#breadcrumblist","itemListElement":[{"@type":"ListItem","@id":"https:\/\/www.encontrabomretiro.com.br\/sobre#listItem","position":1,"name":"Dom\u00e9stica","item":"https:\/\/www.encontrabomretiro.com.br\/sobre","nextItem":{"@type":"ListItem","@id":"https:\/\/www.encontrabomretiro.com.br\/sobre\/noticias-no-bom-retiro\/#listItem","name":"Not\u00edcias Bom Retiro"}},{"@type":"ListItem","@id":"https:\/\/www.encontrabomretiro.com.br\/sobre\/noticias-no-bom-retiro\/#listItem","position":2,"name":"Not\u00edcias Bom Retiro","item":"https:\/\/www.encontrabomretiro.com.br\/sobre\/noticias-no-bom-retiro\/","nextItem":{"@type":"ListItem","@id":"https:\/\/www.encontrabomretiro.com.br\/sobre\/programa-requalifica-centro-e-regulamentado-para-toda-a-regiao-central-de-sao-paulo\/#listItem","name":"Programa Requalifica Centro \u00e9 regulamentado para toda a regi\u00e3o central de S\u00e3o Paulo"},"previousItem":{"@type":"ListItem","@id":"https:\/\/www.encontrabomretiro.com.br\/sobre#listItem","name":"Dom\u00e9stica"}},{"@type":"ListItem","@id":"https:\/\/www.encontrabomretiro.com.br\/sobre\/programa-requalifica-centro-e-regulamentado-para-toda-a-regiao-central-de-sao-paulo\/#listItem","position":3,"name":"Programa Requalifica Centro \u00e9 regulamentado para toda a regi\u00e3o central de S\u00e3o Paulo","previousItem":{"@type":"ListItem","@id":"https:\/\/www.encontrabomretiro.com.br\/sobre\/noticias-no-bom-retiro\/#listItem","name":"Not\u00edcias Bom Retiro"}}]},{"@type":"Organization","@id":"https:\/\/www.encontrabomretiro.com.br\/sobre\/#organization","name":"Encontra Bom Retiro","description":"Not\u00edcias, eventos, informa\u00e7\u00f5es e dicas no bairro do Bom Retiro e regi\u00e3o.","url":"https:\/\/www.encontrabomretiro.com.br\/sobre\/"},{"@type":"Person","@id":"https:\/\/www.encontrabomretiro.com.br\/sobre\/author\/ebomretiro\/#author","url":"https:\/\/www.encontrabomretiro.com.br\/sobre\/author\/ebomretiro\/","name":"Encontra Bom Retiro","image":{"@type":"ImageObject","@id":"https:\/\/www.encontrabomretiro.com.br\/sobre\/programa-requalifica-centro-e-regulamentado-para-toda-a-regiao-central-de-sao-paulo\/#authorImage","url":"https:\/\/secure.gravatar.com\/avatar\/507340682b8270222e1f208e23198b6ae7e2c6a1033ae84e99bc6bce4f82a387?s=96&d=mm&r=g","width":96,"height":96,"caption":"Encontra Bom Retiro"}},{"@type":"WebPage","@id":"https:\/\/www.encontrabomretiro.com.br\/sobre\/programa-requalifica-centro-e-regulamentado-para-toda-a-regiao-central-de-sao-paulo\/#webpage","url":"https:\/\/www.encontrabomretiro.com.br\/sobre\/programa-requalifica-centro-e-regulamentado-para-toda-a-regiao-central-de-sao-paulo\/","name":"Programa Requalifica Centro \u00e9 regulamentado para toda a regi\u00e3o central de S\u00e3o Paulo | Encontra Bom Retiro","description":"Programa Requalifica Centro transforma a regi\u00e3o central de S\u00e3o Paulo com novas regulamenta\u00e7\u00f5es.","inLanguage":"pt-BR","isPartOf":{"@id":"https:\/\/www.encontrabomretiro.com.br\/sobre\/#website"},"breadcrumb":{"@id":"https:\/\/www.encontrabomretiro.com.br\/sobre\/programa-requalifica-centro-e-regulamentado-para-toda-a-regiao-central-de-sao-paulo\/#breadcrumblist"},"author":{"@id":"https:\/\/www.encontrabomretiro.com.br\/sobre\/author\/ebomretiro\/#author"},"creator":{"@id":"https:\/\/www.encontrabomretiro.com.br\/sobre\/author\/ebomretiro\/#author"},"image":{"@type":"ImageObject","url":"https:\/\/www.encontrabomretiro.com.br\/sobre\/wp-content\/uploads\/2026\/06\/programa-requalifica-centro-e-regulamentado-para-toda-a-regiao-central-de-sao-paulo.webp","@id":"https:\/\/www.encontrabomretiro.com.br\/sobre\/programa-requalifica-centro-e-regulamentado-para-toda-a-regiao-central-de-sao-paulo\/#mainImage","width":280,"height":280,"caption":"Programa Requalifica Centro"},"primaryImageOfPage":{"@id":"https:\/\/www.encontrabomretiro.com.br\/sobre\/programa-requalifica-centro-e-regulamentado-para-toda-a-regiao-central-de-sao-paulo\/#mainImage"},"datePublished":"2026-06-23T09:40:44-02:00","dateModified":"2026-06-23T09:40:44-02:00"},{"@type":"WebSite","@id":"https:\/\/www.encontrabomretiro.com.br\/sobre\/#website","url":"https:\/\/www.encontrabomretiro.com.br\/sobre\/","name":"Encontra Bom Retiro","description":"Not\u00edcias, eventos, informa\u00e7\u00f5es e dicas no bairro do Bom Retiro e regi\u00e3o.","inLanguage":"pt-BR","publisher":{"@id":"https:\/\/www.encontrabomretiro.com.br\/sobre\/#organization"}}]},"og:locale":"pt_BR","og:site_name":"Encontra Bom Retiro | Not\u00edcias, eventos, informa\u00e7\u00f5es e dicas no bairro do Bom Retiro e regi\u00e3o.","og:type":"article","og:title":"Programa Requalifica Centro \u00e9 regulamentado para toda a regi\u00e3o central de S\u00e3o Paulo | Encontra Bom Retiro","og:description":"Programa Requalifica Centro transforma a regi\u00e3o central de S\u00e3o Paulo com novas regulamenta\u00e7\u00f5es.","og:url":"https:\/\/www.encontrabomretiro.com.br\/sobre\/programa-requalifica-centro-e-regulamentado-para-toda-a-regiao-central-de-sao-paulo\/","article:published_time":"2026-06-23T11:40:44+00:00","article:modified_time":"2026-06-23T11:40:44+00:00","twitter:card":"summary_large_image","twitter:title":"Programa Requalifica Centro \u00e9 regulamentado para toda a regi\u00e3o central de S\u00e3o Paulo | Encontra Bom Retiro","twitter:description":"Programa Requalifica Centro transforma a regi\u00e3o central de S\u00e3o Paulo com novas regulamenta\u00e7\u00f5es."},"aioseo_meta_data":{"post_id":"2974","title":null,"description":null,"keywords":null,"keyphrases":null,"primary_term":null,"canonical_url":null,"og_title":null,"og_description":null,"og_object_type":"default","og_image_type":"default","og_image_url":null,"og_image_width":null,"og_image_height":null,"og_image_custom_url":null,"og_image_custom_fields":null,"og_video":null,"og_custom_url":null,"og_article_section":null,"og_article_tags":null,"twitter_use_og":false,"twitter_card":"default","twitter_image_type":"default","twitter_image_url":null,"twitter_image_custom_url":null,"twitter_image_custom_fields":null,"twitter_title":null,"twitter_description":null,"schema":{"blockGraphs":[],"customGraphs":[],"default":{"data":{"Article":[],"Course":[],"Dataset":[],"FAQPage":[],"Movie":[],"Person":[],"Product":[],"ProductReview":[],"Car":[],"Recipe":[],"Service":[],"SoftwareApplication":[],"WebPage":[]},"graphName":"Article","isEnabled":true},"graphs":[]},"schema_type":"default","schema_type_options":null,"pillar_content":false,"robots_default":true,"robots_noindex":false,"robots_noarchive":false,"robots_nosnippet":false,"robots_nofollow":false,"robots_noimageindex":false,"robots_noodp":false,"robots_notranslate":false,"robots_max_snippet":null,"robots_max_videopreview":null,"robots_max_imagepreview":"large","priority":null,"frequency":null,"local_seo":null,"breadcrumb_settings":null,"limit_modified_date":false,"ai":null,"created":"2026-06-23 11:40:49","updated":"2026-06-23 11:50:33","focus_keyword":null,"additional_keywords":null,"truseo_locale":null,"seo_analyzer_scan_date":null},"aioseo_breadcrumb":"<div class=\"aioseo-breadcrumbs\"><span class=\"aioseo-breadcrumb\">\n\t\t\t<a href=\"https:\/\/www.encontrabomretiro.com.br\/sobre\" title=\"Dom\u00e9stica\">Dom\u00e9stica<\/a>\n\t\t<\/span><span class=\"aioseo-breadcrumb-separator\">&raquo;<\/span><span class=\"aioseo-breadcrumb\">\n\t\t\t<a href=\"https:\/\/www.encontrabomretiro.com.br\/sobre\/noticias-no-bom-retiro\/\" title=\"Not\u00edcias Bom Retiro\">Not\u00edcias Bom Retiro<\/a>\n\t\t<\/span><span class=\"aioseo-breadcrumb-separator\">&raquo;<\/span><span class=\"aioseo-breadcrumb\">\n\t\t\tPrograma Requalifica Centro \u00e9 regulamentado para toda a regi\u00e3o central de S\u00e3o Paulo\n\t\t<\/span><\/div>","aioseo_breadcrumb_json":[{"label":"Dom\u00e9stica","link":"https:\/\/www.encontrabomretiro.com.br\/sobre"},{"label":"Not\u00edcias Bom Retiro","link":"https:\/\/www.encontrabomretiro.com.br\/sobre\/noticias-no-bom-retiro\/"},{"label":"Programa Requalifica Centro \u00e9 regulamentado para toda a regi\u00e3o central de S\u00e3o Paulo","link":"https:\/\/www.encontrabomretiro.com.br\/sobre\/programa-requalifica-centro-e-regulamentado-para-toda-a-regiao-central-de-sao-paulo\/"}],"_links":{"self":[{"href":"https:\/\/www.encontrabomretiro.com.br\/sobre\/wp-json\/wp\/v2\/posts\/2974","targetHints":{"allow":["GET"]}}],"collection":[{"href":"https:\/\/www.encontrabomretiro.com.br\/sobre\/wp-json\/wp\/v2\/posts"}],"about":[{"href":"https:\/\/www.encontrabomretiro.com.br\/sobre\/wp-json\/wp\/v2\/types\/post"}],"author":[{"embeddable":true,"href":"https:\/\/www.encontrabomretiro.com.br\/sobre\/wp-json\/wp\/v2\/users\/1"}],"replies":[{"embeddable":true,"href":"https:\/\/www.encontrabomretiro.com.br\/sobre\/wp-json\/wp\/v2\/comments?post=2974"}],"version-history":[{"count":0,"href":"https:\/\/www.encontrabomretiro.com.br\/sobre\/wp-json\/wp\/v2\/posts\/2974\/revisions"}],"wp:featuredmedia":[{"embeddable":true,"href":"https:\/\/www.encontrabomretiro.com.br\/sobre\/wp-json\/wp\/v2\/media\/2973"}],"wp:attachment":[{"href":"https:\/\/www.encontrabomretiro.com.br\/sobre\/wp-json\/wp\/v2\/media?parent=2974"}],"wp:term":[{"taxonomy":"category","embeddable":true,"href":"https:\/\/www.encontrabomretiro.com.br\/sobre\/wp-json\/wp\/v2\/categories?post=2974"},{"taxonomy":"post_tag","embeddable":true,"href":"https:\/\/www.encontrabomretiro.com.br\/sobre\/wp-json\/wp\/v2\/tags?post=2974"}],"curies":[{"name":"wp","href":"https:\/\/api.w.org\/{rel}","templated":true}]}}