{"id":2944,"date":"2026-06-16T10:14:59","date_gmt":"2026-06-16T12:14:59","guid":{"rendered":"https:\/\/www.encontrabomretiro.com.br\/sobre\/marina-silva-participa-de-encontro-sobre-educacao-socioambiental-e-eventos-extremos\/"},"modified":"2026-06-16T10:14:59","modified_gmt":"2026-06-16T12:14:59","slug":"marina-silva-participa-de-encontro-sobre-educacao-socioambiental-e-eventos-extremos","status":"publish","type":"post","link":"https:\/\/www.encontrabomretiro.com.br\/sobre\/marina-silva-participa-de-encontro-sobre-educacao-socioambiental-e-eventos-extremos\/","title":{"rendered":"Marina Silva participa de encontro sobre educa\u00e7\u00e3o socioambiental e eventos extremos"},"content":{"rendered":"<div class=\"228b65ae207de3c5c501cfe75875708b\" data-index=\"1\" style=\"float: none; margin:0px;\">\n<!-- Anuncio display - global -->\r\n<ins class=\"adsbygoogle\"\r\n     style=\"display:block\"\r\n     data-ad-client=\"ca-pub-8585364105181520\"\r\n     data-ad-slot=\"8789329856\"\r\n     data-ad-format=\"auto\"\r\n     data-full-width-responsive=\"true\"><\/ins>\r\n<script>\r\n     (adsbygoogle = window.adsbygoogle || []).push({});\r\n<\/script>\n<\/div>\n<h2>Abertura do Evento com Marina Silva<\/h2>\n<p>No \u00e2mbito do encontro intitulado &#8220;Protocolos e Pr\u00e1ticas para a Educa\u00e7\u00e3o Socioambiental em Cen\u00e1rios de Eventos Extremos&#8221;, a Universidade Zumbi dos Palmares em S\u00e3o Paulo sediar\u00e1 um evento significativo nos dias 2 e 3 de junho. A abertura do evento, marcada para \u00e0s 9h do dia 2, contar\u00e1 com a ilustre presen\u00e7a da ex-ministra do Meio Ambiente e Mudan\u00e7a do Clima, Marina Silva, juntamente com o atual ministro Jo\u00e3o Paulo Ribeiro Capobianco. Este encontro foi concebido para explorar a import\u00e2ncia da educa\u00e7\u00e3o socioambiental em um cen\u00e1rio contempor\u00e2neo repleto de desafios clim\u00e1ticos.<\/p>\n<h2>Import\u00e2ncia da Educa\u00e7\u00e3o Socioambiental<\/h2>\n<p>A educa\u00e7\u00e3o socioambiental desempenha um papel cr\u00edtico em nossa sociedade atual, especialmente diante das crescentes mudan\u00e7as clim\u00e1ticas e suas consequ\u00eancias. Essa forma de educa\u00e7\u00e3o promove a conscientiza\u00e7\u00e3o sobre a rela\u00e7\u00e3o entre o meio ambiente e as atividades humanas, incentivando um comportamento mais respons\u00e1vel em rela\u00e7\u00e3o ao planeta. O enfoque est\u00e1 em sensibilizar comunidades sobre a import\u00e2ncia de conservar recursos naturais e se preparar para eventos clim\u00e1ticos extremos.<\/p>\n<p>Atrav\u00e9s da educa\u00e7\u00e3o, indiv\u00edduos e comunidades podem entender mais sobre como suas a\u00e7\u00f5es impactam o meio ambiente, destacando a relev\u00e2ncia de pr\u00e1ticas sustent\u00e1veis. Al\u00e9m disso, a educa\u00e7\u00e3o socioambiental ajuda a preparar os cidad\u00e3os para responderem de maneira eficaz a desastres naturais, promovendo uma cultura de resili\u00eancia e adapta\u00e7\u00e3o.<\/p>\n<p><img decoding=\"async\" src=\"https:\/\/www.encontrabomretiro.com.br\/sobre\/wp-content\/uploads\/2026\/06\/marina-silva-participa-de-encontro-sobre-educacao-socioambiental-e-eventos-extremos.webp\" alt=\"educa\u00e7\u00e3o socioambiental\" loading=\"lazy\" \/><\/p>\n<h2>Hist\u00f3rico de Eventos Clim\u00e1ticos Extremos<\/h2>\n<p>Nos \u00faltimos anos, o Brasil e o mundo t\u00eam enfrentado uma onda crescente de eventos clim\u00e1ticos extremos, como secas severas, enchentes e furac\u00f5es. Esses fen\u00f4menos t\u00eam causado um impacto dram\u00e1tico nas comunidades, exacerbando problemas sociais e econ\u00f4micos. A frequ\u00eancia e intensidade desses eventos t\u00eam gerado preocupa\u00e7\u00f5es sobre a capacidade das comunidades se adaptarem e responderem a esses desafios.<\/p>\n<p>O levantamento hist\u00f3rico de dados meteorol\u00f3gicos evidencia que as mudan\u00e7as clim\u00e1ticas s\u00e3o um fator determinante por tr\u00e1s de muitos desses eventos. Assim, a discuss\u00e3o sobre como mitigar os efeitos das mudan\u00e7as clim\u00e1ticas e educar a sociedade a respeito dessas quest\u00f5es se torna ainda mais urgente.<\/p>\n<h2>O Papel das Universidades na Sustentabilidade<\/h2>\n<p>As universidades t\u00eam um papel fundamental na promo\u00e7\u00e3o da educa\u00e7\u00e3o socioambiental e na pesquisa sobre sustentabilidade. Como centros de produ\u00e7\u00e3o de conhecimento, elas s\u00e3o respons\u00e1veis por formar profissionais conscientes e preparados para liderar iniciativas que visem \u00e0 prote\u00e7\u00e3o ambiental. Al\u00e9m disso, as institui\u00e7\u00f5es de ensino podem servir como pontos de encontro para a colabora\u00e7\u00e3o entre academia, governo e sociedade civil.<\/p>\n<p>As universidades tamb\u00e9m s\u00e3o ambientes ideais para desenvolver projetos de extens\u00e3o que ofere\u00e7am \u00e0 comunidade solu\u00e7\u00f5es pr\u00e1ticas para os desafios socioambientais. Essa integra\u00e7\u00e3o entre teoria e pr\u00e1tica \u00e9 crucial para a forma\u00e7\u00e3o de um cidad\u00e3o mais consciente e comprometido com a sustentabilidade.<\/p>\n<h2>Protocolos em Discuss\u00e3o no Encontro<\/h2>\n<p>Durante o evento, diversos pain\u00e9is discutir\u00e3o protocolos e pr\u00e1ticas espec\u00edficas voltadas para a educa\u00e7\u00e3o socioambiental. Espera-se que esses debates incluam a apresenta\u00e7\u00e3o de experi\u00eancias e boas pr\u00e1ticas desenvolvidas em regi\u00f5es vulner\u00e1veis. Algumas das \u00e1reas em foco incluem:<\/p>\n<ul>\n<li><strong>Desenvolvimento de protocolos de emergency:<\/strong> Como as comunidades podem se preparar e responder a desastres clim\u00e1ticos.<\/li>\n<li><strong>Iniciativas de educa\u00e7\u00e3o:<\/strong> Projetos que j\u00e1 est\u00e3o em andamento em v\u00e1rias localidades e que t\u00eam mostrado resultados positivos.<\/li>\n<li><strong>Colabora\u00e7\u00e3o interinstitucional:<\/strong> Como diferentes entidades podem unir esfor\u00e7os para potencializar a educa\u00e7\u00e3o socioambiental.<\/li>\n<\/ul>\n<h2>Plataforma Clim\u00e1ticos.org: Uma Nova Iniciativa<\/h2>\n<p>Uma das novidades do evento \u00e9 o lan\u00e7amento da plataforma Clim\u00e1ticos.org, uma ferramenta inovadora que pretende aprimorar a educa\u00e7\u00e3o e monitoramento clim\u00e1ticos por meio da intelig\u00eancia artificial. Esta plataforma permitir\u00e1 que os usu\u00e1rios acessem alertas em tempo real sobre condi\u00e7\u00f5es clim\u00e1ticas, riscos ambientais e conte\u00fados educativos.<\/p>\n<p>A iniciativa representa um avan\u00e7o significativo na dissemina\u00e7\u00e3o de informa\u00e7\u00f5es relevantes, ajudando a preparar as comunidades para a gest\u00e3o de crises ambientais e proporcionando conhecimentos que podem fazer a diferen\u00e7a em situa\u00e7\u00f5es adversas.<\/p>\n<h2>Relatos de Iniciativas em Territ\u00f3rios Vulner\u00e1veis<\/h2>\n<p>Durante o evento, ser\u00e1 dada \u00eanfase \u00e0 apresenta\u00e7\u00e3o de casos de sucesso de iniciativas que ocorreram em \u00e1reas suscet\u00edveis a desastres clim\u00e1ticos. Exemplos incluem:<\/p>\n<ul>\n<li><strong>Jardim Pantanal:<\/strong> Um relato sobre como a comunidade tomou medidas para mitigar os impactos das enchentes.<\/li>\n<li><strong>S\u00e3o Luiz do Paraitinga:<\/strong> A cidade apresentar\u00e1 suas experi\u00eancias ap\u00f3s eventos cr\u00edticos de desastres naturais.<\/li>\n<li><strong>Territ\u00f3rio Ind\u00edgena do Jaragu\u00e1:<\/strong> Discuss\u00e3o sobre pr\u00e1ticas tradicionais que contribuem para a resili\u00eancia frente \u00e0s mudan\u00e7as clim\u00e1ticas.<\/li>\n<li><strong>S\u00e3o Sebasti\u00e3o:<\/strong> Exemplos de esfor\u00e7os comunit\u00e1rios para adapta\u00e7\u00e3o e resposta a eventos clim\u00e1ticos extremos.<\/li>\n<\/ul>\n<h2>Perspectivas Futuras para a Educa\u00e7\u00e3o Ambiental<\/h2>\n<p>A educa\u00e7\u00e3o ambiental enfrenta constantemente novos desafios, e \u00e9 essencial que a sociedade se adapte a eles. Com a crescente incid\u00eancia de eventos clim\u00e1ticos extremos, est\u00e1 claro que uma abordagem proativa \u00e9 necess\u00e1ria. As discuss\u00f5es sobre as diretrizes e pr\u00e1ticas que emergem deste encontro poder\u00e3o moldar o futuro da educa\u00e7\u00e3o socioambiental.<\/p>\n<p>Os protocolos formulados durante o evento visam facilitar a integra\u00e7\u00e3o entre conhecimento acad\u00eamico e a pr\u00e1tica em comunidades, promovendo um desenvolvimento sustent\u00e1vel que respeite os limites do meio ambiente.<\/p>\n<h2>Colabora\u00e7\u00e3o entre Institui\u00e7\u00f5es e Comunidades<\/h2>\n<p>A intera\u00e7\u00e3o eficaz entre institui\u00e7\u00f5es acad\u00eamicas, governamentais e comunidades \u00e9 vital para o sucesso de projetos de educa\u00e7\u00e3o socioambiental. O encontro promover\u00e1 a forma\u00e7\u00e3o de grupos de trabalho que buscar\u00e3o desenvolver mecanismos de coopera\u00e7\u00e3o, onde o conhecimento ser\u00e1 compartilhado e aplicado de maneira pr\u00e1tica. A colabora\u00e7\u00e3o permitir\u00e1 que as experi\u00eancias e aprendizagens sejam levadas a diversas realidades, ampliando o impacto positivo na sociedade.<\/p>\n<h2>Inscri\u00e7\u00f5es e Participa\u00e7\u00e3o no Evento<\/h2>\n<p>O evento &#8220;Protocolos e Pr\u00e1ticas para a Educa\u00e7\u00e3o Socioambiental em Cen\u00e1rios de Eventos Extremos&#8221; \u00e9 gratuito e est\u00e1 aberto ao p\u00fablico. As atividades ocorrer\u00e3o nos dias 2 e 3 de junho, com a programa\u00e7\u00e3o detalhando um espa\u00e7o para di\u00e1logos enriquecedores e troca de experi\u00eancias.<\/p>\n<p>Os interessados em participar podem se inscrever atrav\u00e9s do link disponibilizado. As informa\u00e7\u00f5es referentes \u00e0 localiza\u00e7\u00e3o e programa\u00e7\u00e3o do evento s\u00e3o as seguintes:<\/p>\n<ul>\n<li><strong>Data:<\/strong> 2 e 3 de junho<\/li>\n<li><strong>Local:<\/strong> Universidade Zumbi dos Palmares e Sesc 24 de Maio, S\u00e3o Paulo (SP)<\/li>\n<li><strong>Inscri\u00e7\u00f5es:<\/strong> [Inscreva-se aqui](https:\/\/forms.gle\/E8eDATJLBQNH8sQa7).<\/li>\n<\/ul>\n<p>Este evento n\u00e3o apenas ampliar\u00e1 o conhecimento sobre a import\u00e2ncia da educa\u00e7\u00e3o socioambiental mas tamb\u00e9m contribuir\u00e1 para o fortalecimento de redes de colabora\u00e7\u00e3o entre diferentes agentes sociais e ambientais.<\/p>\n\n<div style=\"font-size: 0px; height: 0px; line-height: 0px; margin: 0; padding: 0; clear: both;\"><\/div>","protected":false},"excerpt":{"rendered":"<p>Marina Silva e a educa\u00e7\u00e3o socioambiental em eventos clim\u00e1ticos extremos.<\/p>\n","protected":false},"author":1,"featured_media":2943,"comment_status":"open","ping_status":"closed","sticky":false,"template":"","format":"standard","meta":{"footnotes":""},"categories":[6],"tags":[],"class_list":["post-2944","post","type-post","status-publish","format-standard","has-post-thumbnail","hentry","category-noticias-no-bom-retiro","has_thumb"],"aioseo_notices":[],"aioseo_head":"\n\t\t<!-- All in One SEO 5.0.0.1 - aioseo.com -->\n\t<meta name=\"description\" content=\"Marina Silva e a educa\u00e7\u00e3o socioambiental em eventos clim\u00e1ticos extremos.\" \/>\n\t<meta name=\"robots\" content=\"max-image-preview:large\" \/>\n\t<meta name=\"author\" content=\"Encontra Bom Retiro\"\/>\n\t<link rel=\"canonical\" href=\"https:\/\/www.encontrabomretiro.com.br\/sobre\/marina-silva-participa-de-encontro-sobre-educacao-socioambiental-e-eventos-extremos\/\" \/>\n\t<meta name=\"generator\" content=\"All in One SEO (AIOSEO) 5.0.0.1\" \/>\n\t\t<meta property=\"og:locale\" content=\"pt_BR\" \/>\n\t\t<meta property=\"og:site_name\" content=\"Encontra Bom Retiro | Not\u00edcias, eventos, informa\u00e7\u00f5es e dicas no bairro do Bom Retiro e regi\u00e3o.\" \/>\n\t\t<meta property=\"og:type\" content=\"article\" \/>\n\t\t<meta property=\"og:title\" content=\"Marina Silva participa de encontro sobre educa\u00e7\u00e3o socioambiental e eventos extremos | Encontra Bom Retiro\" \/>\n\t\t<meta property=\"og:description\" content=\"Marina Silva e a educa\u00e7\u00e3o socioambiental em eventos clim\u00e1ticos extremos.\" \/>\n\t\t<meta property=\"og:url\" content=\"https:\/\/www.encontrabomretiro.com.br\/sobre\/marina-silva-participa-de-encontro-sobre-educacao-socioambiental-e-eventos-extremos\/\" \/>\n\t\t<meta property=\"article:published_time\" content=\"2026-06-16T12:14:59+00:00\" \/>\n\t\t<meta property=\"article:modified_time\" content=\"2026-06-16T12:14:59+00:00\" \/>\n\t\t<meta name=\"twitter:card\" content=\"summary_large_image\" \/>\n\t\t<meta name=\"twitter:title\" content=\"Marina Silva participa de encontro sobre educa\u00e7\u00e3o socioambiental e eventos extremos | Encontra Bom Retiro\" \/>\n\t\t<meta name=\"twitter:description\" content=\"Marina Silva e a educa\u00e7\u00e3o socioambiental em eventos clim\u00e1ticos extremos.\" \/>\n\t\t<script type=\"application\/ld+json\" class=\"aioseo-schema\">\n\t\t\t{\"@context\":\"https:\\\/\\\/schema.org\",\"@graph\":[{\"@type\":\"Article\",\"@id\":\"https:\\\/\\\/www.encontrabomretiro.com.br\\\/sobre\\\/marina-silva-participa-de-encontro-sobre-educacao-socioambiental-e-eventos-extremos\\\/#article\",\"name\":\"Marina Silva participa de encontro sobre educa\\u00e7\\u00e3o socioambiental e eventos extremos | Encontra Bom Retiro\",\"headline\":\"Marina Silva participa de encontro sobre educa\\u00e7\\u00e3o socioambiental e eventos extremos\",\"author\":{\"@id\":\"https:\\\/\\\/www.encontrabomretiro.com.br\\\/sobre\\\/author\\\/ebomretiro\\\/#author\"},\"publisher\":{\"@id\":\"https:\\\/\\\/www.encontrabomretiro.com.br\\\/sobre\\\/#organization\"},\"image\":{\"@type\":\"ImageObject\",\"url\":\"https:\\\/\\\/www.encontrabomretiro.com.br\\\/sobre\\\/wp-content\\\/uploads\\\/2026\\\/06\\\/marina-silva-participa-de-encontro-sobre-educacao-socioambiental-e-eventos-extremos.webp\",\"width\":280,\"height\":280,\"caption\":\"educa\\u00e7\\u00e3o socioambiental\"},\"datePublished\":\"2026-06-16T10:14:59-02:00\",\"dateModified\":\"2026-06-16T10:14:59-02:00\",\"inLanguage\":\"pt-BR\",\"mainEntityOfPage\":{\"@id\":\"https:\\\/\\\/www.encontrabomretiro.com.br\\\/sobre\\\/marina-silva-participa-de-encontro-sobre-educacao-socioambiental-e-eventos-extremos\\\/#webpage\"},\"isPartOf\":{\"@id\":\"https:\\\/\\\/www.encontrabomretiro.com.br\\\/sobre\\\/marina-silva-participa-de-encontro-sobre-educacao-socioambiental-e-eventos-extremos\\\/#webpage\"},\"articleSection\":\"Not\\u00edcias Bom Retiro\"},{\"@type\":\"BreadcrumbList\",\"@id\":\"https:\\\/\\\/www.encontrabomretiro.com.br\\\/sobre\\\/marina-silva-participa-de-encontro-sobre-educacao-socioambiental-e-eventos-extremos\\\/#breadcrumblist\",\"itemListElement\":[{\"@type\":\"ListItem\",\"@id\":\"https:\\\/\\\/www.encontrabomretiro.com.br\\\/sobre#listItem\",\"position\":1,\"name\":\"Dom\\u00e9stica\",\"item\":\"https:\\\/\\\/www.encontrabomretiro.com.br\\\/sobre\",\"nextItem\":{\"@type\":\"ListItem\",\"@id\":\"https:\\\/\\\/www.encontrabomretiro.com.br\\\/sobre\\\/noticias-no-bom-retiro\\\/#listItem\",\"name\":\"Not\\u00edcias Bom Retiro\"}},{\"@type\":\"ListItem\",\"@id\":\"https:\\\/\\\/www.encontrabomretiro.com.br\\\/sobre\\\/noticias-no-bom-retiro\\\/#listItem\",\"position\":2,\"name\":\"Not\\u00edcias Bom Retiro\",\"item\":\"https:\\\/\\\/www.encontrabomretiro.com.br\\\/sobre\\\/noticias-no-bom-retiro\\\/\",\"nextItem\":{\"@type\":\"ListItem\",\"@id\":\"https:\\\/\\\/www.encontrabomretiro.com.br\\\/sobre\\\/marina-silva-participa-de-encontro-sobre-educacao-socioambiental-e-eventos-extremos\\\/#listItem\",\"name\":\"Marina Silva participa de encontro sobre educa\\u00e7\\u00e3o socioambiental e eventos extremos\"},\"previousItem\":{\"@type\":\"ListItem\",\"@id\":\"https:\\\/\\\/www.encontrabomretiro.com.br\\\/sobre#listItem\",\"name\":\"Dom\\u00e9stica\"}},{\"@type\":\"ListItem\",\"@id\":\"https:\\\/\\\/www.encontrabomretiro.com.br\\\/sobre\\\/marina-silva-participa-de-encontro-sobre-educacao-socioambiental-e-eventos-extremos\\\/#listItem\",\"position\":3,\"name\":\"Marina Silva participa de encontro sobre educa\\u00e7\\u00e3o socioambiental e eventos extremos\",\"previousItem\":{\"@type\":\"ListItem\",\"@id\":\"https:\\\/\\\/www.encontrabomretiro.com.br\\\/sobre\\\/noticias-no-bom-retiro\\\/#listItem\",\"name\":\"Not\\u00edcias Bom Retiro\"}}]},{\"@type\":\"Organization\",\"@id\":\"https:\\\/\\\/www.encontrabomretiro.com.br\\\/sobre\\\/#organization\",\"name\":\"Encontra Bom Retiro\",\"description\":\"Not\\u00edcias, eventos, informa\\u00e7\\u00f5es e dicas no bairro do Bom Retiro e regi\\u00e3o.\",\"url\":\"https:\\\/\\\/www.encontrabomretiro.com.br\\\/sobre\\\/\"},{\"@type\":\"Person\",\"@id\":\"https:\\\/\\\/www.encontrabomretiro.com.br\\\/sobre\\\/author\\\/ebomretiro\\\/#author\",\"url\":\"https:\\\/\\\/www.encontrabomretiro.com.br\\\/sobre\\\/author\\\/ebomretiro\\\/\",\"name\":\"Encontra Bom Retiro\",\"image\":{\"@type\":\"ImageObject\",\"@id\":\"https:\\\/\\\/www.encontrabomretiro.com.br\\\/sobre\\\/marina-silva-participa-de-encontro-sobre-educacao-socioambiental-e-eventos-extremos\\\/#authorImage\",\"url\":\"https:\\\/\\\/secure.gravatar.com\\\/avatar\\\/507340682b8270222e1f208e23198b6ae7e2c6a1033ae84e99bc6bce4f82a387?s=96&d=mm&r=g\",\"width\":96,\"height\":96,\"caption\":\"Encontra Bom Retiro\"}},{\"@type\":\"WebPage\",\"@id\":\"https:\\\/\\\/www.encontrabomretiro.com.br\\\/sobre\\\/marina-silva-participa-de-encontro-sobre-educacao-socioambiental-e-eventos-extremos\\\/#webpage\",\"url\":\"https:\\\/\\\/www.encontrabomretiro.com.br\\\/sobre\\\/marina-silva-participa-de-encontro-sobre-educacao-socioambiental-e-eventos-extremos\\\/\",\"name\":\"Marina Silva participa de encontro sobre educa\\u00e7\\u00e3o socioambiental e eventos extremos | Encontra Bom Retiro\",\"description\":\"Marina Silva e a educa\\u00e7\\u00e3o socioambiental em eventos clim\\u00e1ticos extremos.\",\"inLanguage\":\"pt-BR\",\"isPartOf\":{\"@id\":\"https:\\\/\\\/www.encontrabomretiro.com.br\\\/sobre\\\/#website\"},\"breadcrumb\":{\"@id\":\"https:\\\/\\\/www.encontrabomretiro.com.br\\\/sobre\\\/marina-silva-participa-de-encontro-sobre-educacao-socioambiental-e-eventos-extremos\\\/#breadcrumblist\"},\"author\":{\"@id\":\"https:\\\/\\\/www.encontrabomretiro.com.br\\\/sobre\\\/author\\\/ebomretiro\\\/#author\"},\"creator\":{\"@id\":\"https:\\\/\\\/www.encontrabomretiro.com.br\\\/sobre\\\/author\\\/ebomretiro\\\/#author\"},\"image\":{\"@type\":\"ImageObject\",\"url\":\"https:\\\/\\\/www.encontrabomretiro.com.br\\\/sobre\\\/wp-content\\\/uploads\\\/2026\\\/06\\\/marina-silva-participa-de-encontro-sobre-educacao-socioambiental-e-eventos-extremos.webp\",\"@id\":\"https:\\\/\\\/www.encontrabomretiro.com.br\\\/sobre\\\/marina-silva-participa-de-encontro-sobre-educacao-socioambiental-e-eventos-extremos\\\/#mainImage\",\"width\":280,\"height\":280,\"caption\":\"educa\\u00e7\\u00e3o socioambiental\"},\"primaryImageOfPage\":{\"@id\":\"https:\\\/\\\/www.encontrabomretiro.com.br\\\/sobre\\\/marina-silva-participa-de-encontro-sobre-educacao-socioambiental-e-eventos-extremos\\\/#mainImage\"},\"datePublished\":\"2026-06-16T10:14:59-02:00\",\"dateModified\":\"2026-06-16T10:14:59-02:00\"},{\"@type\":\"WebSite\",\"@id\":\"https:\\\/\\\/www.encontrabomretiro.com.br\\\/sobre\\\/#website\",\"url\":\"https:\\\/\\\/www.encontrabomretiro.com.br\\\/sobre\\\/\",\"name\":\"Encontra Bom Retiro\",\"description\":\"Not\\u00edcias, eventos, informa\\u00e7\\u00f5es e dicas no bairro do Bom Retiro e regi\\u00e3o.\",\"inLanguage\":\"pt-BR\",\"publisher\":{\"@id\":\"https:\\\/\\\/www.encontrabomretiro.com.br\\\/sobre\\\/#organization\"}}]}\n\t\t<\/script>\n\t\t<!-- All in One SEO -->\n\n","aioseo_head_json":{"title":"Marina Silva participa de encontro sobre educa\u00e7\u00e3o socioambiental e eventos extremos | Encontra Bom Retiro","description":"Marina Silva e a educa\u00e7\u00e3o socioambiental em eventos clim\u00e1ticos extremos.","canonical_url":"https:\/\/www.encontrabomretiro.com.br\/sobre\/marina-silva-participa-de-encontro-sobre-educacao-socioambiental-e-eventos-extremos\/","robots":"max-image-preview:large","keywords":"","webmasterTools":{"miscellaneous":""},"schema":{"@context":"https:\/\/schema.org","@graph":[{"@type":"Article","@id":"https:\/\/www.encontrabomretiro.com.br\/sobre\/marina-silva-participa-de-encontro-sobre-educacao-socioambiental-e-eventos-extremos\/#article","name":"Marina Silva participa de encontro sobre educa\u00e7\u00e3o socioambiental e eventos extremos | Encontra Bom Retiro","headline":"Marina Silva participa de encontro sobre educa\u00e7\u00e3o socioambiental e eventos extremos","author":{"@id":"https:\/\/www.encontrabomretiro.com.br\/sobre\/author\/ebomretiro\/#author"},"publisher":{"@id":"https:\/\/www.encontrabomretiro.com.br\/sobre\/#organization"},"image":{"@type":"ImageObject","url":"https:\/\/www.encontrabomretiro.com.br\/sobre\/wp-content\/uploads\/2026\/06\/marina-silva-participa-de-encontro-sobre-educacao-socioambiental-e-eventos-extremos.webp","width":280,"height":280,"caption":"educa\u00e7\u00e3o socioambiental"},"datePublished":"2026-06-16T10:14:59-02:00","dateModified":"2026-06-16T10:14:59-02:00","inLanguage":"pt-BR","mainEntityOfPage":{"@id":"https:\/\/www.encontrabomretiro.com.br\/sobre\/marina-silva-participa-de-encontro-sobre-educacao-socioambiental-e-eventos-extremos\/#webpage"},"isPartOf":{"@id":"https:\/\/www.encontrabomretiro.com.br\/sobre\/marina-silva-participa-de-encontro-sobre-educacao-socioambiental-e-eventos-extremos\/#webpage"},"articleSection":"Not\u00edcias Bom Retiro"},{"@type":"BreadcrumbList","@id":"https:\/\/www.encontrabomretiro.com.br\/sobre\/marina-silva-participa-de-encontro-sobre-educacao-socioambiental-e-eventos-extremos\/#breadcrumblist","itemListElement":[{"@type":"ListItem","@id":"https:\/\/www.encontrabomretiro.com.br\/sobre#listItem","position":1,"name":"Dom\u00e9stica","item":"https:\/\/www.encontrabomretiro.com.br\/sobre","nextItem":{"@type":"ListItem","@id":"https:\/\/www.encontrabomretiro.com.br\/sobre\/noticias-no-bom-retiro\/#listItem","name":"Not\u00edcias Bom Retiro"}},{"@type":"ListItem","@id":"https:\/\/www.encontrabomretiro.com.br\/sobre\/noticias-no-bom-retiro\/#listItem","position":2,"name":"Not\u00edcias Bom Retiro","item":"https:\/\/www.encontrabomretiro.com.br\/sobre\/noticias-no-bom-retiro\/","nextItem":{"@type":"ListItem","@id":"https:\/\/www.encontrabomretiro.com.br\/sobre\/marina-silva-participa-de-encontro-sobre-educacao-socioambiental-e-eventos-extremos\/#listItem","name":"Marina Silva participa de encontro sobre educa\u00e7\u00e3o socioambiental e eventos extremos"},"previousItem":{"@type":"ListItem","@id":"https:\/\/www.encontrabomretiro.com.br\/sobre#listItem","name":"Dom\u00e9stica"}},{"@type":"ListItem","@id":"https:\/\/www.encontrabomretiro.com.br\/sobre\/marina-silva-participa-de-encontro-sobre-educacao-socioambiental-e-eventos-extremos\/#listItem","position":3,"name":"Marina Silva participa de encontro sobre educa\u00e7\u00e3o socioambiental e eventos extremos","previousItem":{"@type":"ListItem","@id":"https:\/\/www.encontrabomretiro.com.br\/sobre\/noticias-no-bom-retiro\/#listItem","name":"Not\u00edcias Bom Retiro"}}]},{"@type":"Organization","@id":"https:\/\/www.encontrabomretiro.com.br\/sobre\/#organization","name":"Encontra Bom Retiro","description":"Not\u00edcias, eventos, informa\u00e7\u00f5es e dicas no bairro do Bom Retiro e regi\u00e3o.","url":"https:\/\/www.encontrabomretiro.com.br\/sobre\/"},{"@type":"Person","@id":"https:\/\/www.encontrabomretiro.com.br\/sobre\/author\/ebomretiro\/#author","url":"https:\/\/www.encontrabomretiro.com.br\/sobre\/author\/ebomretiro\/","name":"Encontra Bom Retiro","image":{"@type":"ImageObject","@id":"https:\/\/www.encontrabomretiro.com.br\/sobre\/marina-silva-participa-de-encontro-sobre-educacao-socioambiental-e-eventos-extremos\/#authorImage","url":"https:\/\/secure.gravatar.com\/avatar\/507340682b8270222e1f208e23198b6ae7e2c6a1033ae84e99bc6bce4f82a387?s=96&d=mm&r=g","width":96,"height":96,"caption":"Encontra Bom Retiro"}},{"@type":"WebPage","@id":"https:\/\/www.encontrabomretiro.com.br\/sobre\/marina-silva-participa-de-encontro-sobre-educacao-socioambiental-e-eventos-extremos\/#webpage","url":"https:\/\/www.encontrabomretiro.com.br\/sobre\/marina-silva-participa-de-encontro-sobre-educacao-socioambiental-e-eventos-extremos\/","name":"Marina Silva participa de encontro sobre educa\u00e7\u00e3o socioambiental e eventos extremos | Encontra Bom Retiro","description":"Marina Silva e a educa\u00e7\u00e3o socioambiental em eventos clim\u00e1ticos extremos.","inLanguage":"pt-BR","isPartOf":{"@id":"https:\/\/www.encontrabomretiro.com.br\/sobre\/#website"},"breadcrumb":{"@id":"https:\/\/www.encontrabomretiro.com.br\/sobre\/marina-silva-participa-de-encontro-sobre-educacao-socioambiental-e-eventos-extremos\/#breadcrumblist"},"author":{"@id":"https:\/\/www.encontrabomretiro.com.br\/sobre\/author\/ebomretiro\/#author"},"creator":{"@id":"https:\/\/www.encontrabomretiro.com.br\/sobre\/author\/ebomretiro\/#author"},"image":{"@type":"ImageObject","url":"https:\/\/www.encontrabomretiro.com.br\/sobre\/wp-content\/uploads\/2026\/06\/marina-silva-participa-de-encontro-sobre-educacao-socioambiental-e-eventos-extremos.webp","@id":"https:\/\/www.encontrabomretiro.com.br\/sobre\/marina-silva-participa-de-encontro-sobre-educacao-socioambiental-e-eventos-extremos\/#mainImage","width":280,"height":280,"caption":"educa\u00e7\u00e3o socioambiental"},"primaryImageOfPage":{"@id":"https:\/\/www.encontrabomretiro.com.br\/sobre\/marina-silva-participa-de-encontro-sobre-educacao-socioambiental-e-eventos-extremos\/#mainImage"},"datePublished":"2026-06-16T10:14:59-02:00","dateModified":"2026-06-16T10:14:59-02:00"},{"@type":"WebSite","@id":"https:\/\/www.encontrabomretiro.com.br\/sobre\/#website","url":"https:\/\/www.encontrabomretiro.com.br\/sobre\/","name":"Encontra Bom Retiro","description":"Not\u00edcias, eventos, informa\u00e7\u00f5es e dicas no bairro do Bom Retiro e regi\u00e3o.","inLanguage":"pt-BR","publisher":{"@id":"https:\/\/www.encontrabomretiro.com.br\/sobre\/#organization"}}]},"og:locale":"pt_BR","og:site_name":"Encontra Bom Retiro | Not\u00edcias, eventos, informa\u00e7\u00f5es e dicas no bairro do Bom Retiro e regi\u00e3o.","og:type":"article","og:title":"Marina Silva participa de encontro sobre educa\u00e7\u00e3o socioambiental e eventos extremos | Encontra Bom Retiro","og:description":"Marina Silva e a educa\u00e7\u00e3o socioambiental em eventos clim\u00e1ticos extremos.","og:url":"https:\/\/www.encontrabomretiro.com.br\/sobre\/marina-silva-participa-de-encontro-sobre-educacao-socioambiental-e-eventos-extremos\/","article:published_time":"2026-06-16T12:14:59+00:00","article:modified_time":"2026-06-16T12:14:59+00:00","twitter:card":"summary_large_image","twitter:title":"Marina Silva participa de encontro sobre educa\u00e7\u00e3o socioambiental e eventos extremos | Encontra Bom Retiro","twitter:description":"Marina Silva e a educa\u00e7\u00e3o socioambiental em eventos clim\u00e1ticos extremos."},"aioseo_meta_data":{"post_id":"2944","title":null,"description":null,"keywords":null,"keyphrases":null,"primary_term":null,"canonical_url":null,"og_title":null,"og_description":null,"og_object_type":"default","og_image_type":"default","og_image_url":null,"og_image_width":null,"og_image_height":null,"og_image_custom_url":null,"og_image_custom_fields":null,"og_video":null,"og_custom_url":null,"og_article_section":null,"og_article_tags":null,"twitter_use_og":false,"twitter_card":"default","twitter_image_type":"default","twitter_image_url":null,"twitter_image_custom_url":null,"twitter_image_custom_fields":null,"twitter_title":null,"twitter_description":null,"schema":{"blockGraphs":[],"customGraphs":[],"default":{"data":{"Article":[],"Course":[],"Dataset":[],"FAQPage":[],"Movie":[],"Person":[],"Product":[],"ProductReview":[],"Car":[],"Recipe":[],"Service":[],"SoftwareApplication":[],"WebPage":[]},"graphName":"Article","isEnabled":true},"graphs":[]},"schema_type":"default","schema_type_options":null,"pillar_content":false,"robots_default":true,"robots_noindex":false,"robots_noarchive":false,"robots_nosnippet":false,"robots_nofollow":false,"robots_noimageindex":false,"robots_noodp":false,"robots_notranslate":false,"robots_max_snippet":null,"robots_max_videopreview":null,"robots_max_imagepreview":"large","priority":null,"frequency":null,"local_seo":null,"breadcrumb_settings":null,"limit_modified_date":false,"ai":null,"created":"2026-06-16 12:15:03","updated":"2026-06-16 12:24:22","focus_keyword":null,"additional_keywords":null,"truseo_locale":null,"seo_analyzer_scan_date":null},"aioseo_breadcrumb":"<div class=\"aioseo-breadcrumbs\"><span class=\"aioseo-breadcrumb\">\n\t\t\t<a href=\"https:\/\/www.encontrabomretiro.com.br\/sobre\" title=\"Dom\u00e9stica\">Dom\u00e9stica<\/a>\n\t\t<\/span><span class=\"aioseo-breadcrumb-separator\">&raquo;<\/span><span class=\"aioseo-breadcrumb\">\n\t\t\t<a href=\"https:\/\/www.encontrabomretiro.com.br\/sobre\/noticias-no-bom-retiro\/\" title=\"Not\u00edcias Bom Retiro\">Not\u00edcias Bom Retiro<\/a>\n\t\t<\/span><span class=\"aioseo-breadcrumb-separator\">&raquo;<\/span><span class=\"aioseo-breadcrumb\">\n\t\t\tMarina Silva participa de encontro sobre educa\u00e7\u00e3o socioambiental e eventos extremos\n\t\t<\/span><\/div>","aioseo_breadcrumb_json":[{"label":"Dom\u00e9stica","link":"https:\/\/www.encontrabomretiro.com.br\/sobre"},{"label":"Not\u00edcias Bom Retiro","link":"https:\/\/www.encontrabomretiro.com.br\/sobre\/noticias-no-bom-retiro\/"},{"label":"Marina Silva participa de encontro sobre educa\u00e7\u00e3o socioambiental e eventos extremos","link":"https:\/\/www.encontrabomretiro.com.br\/sobre\/marina-silva-participa-de-encontro-sobre-educacao-socioambiental-e-eventos-extremos\/"}],"_links":{"self":[{"href":"https:\/\/www.encontrabomretiro.com.br\/sobre\/wp-json\/wp\/v2\/posts\/2944","targetHints":{"allow":["GET"]}}],"collection":[{"href":"https:\/\/www.encontrabomretiro.com.br\/sobre\/wp-json\/wp\/v2\/posts"}],"about":[{"href":"https:\/\/www.encontrabomretiro.com.br\/sobre\/wp-json\/wp\/v2\/types\/post"}],"author":[{"embeddable":true,"href":"https:\/\/www.encontrabomretiro.com.br\/sobre\/wp-json\/wp\/v2\/users\/1"}],"replies":[{"embeddable":true,"href":"https:\/\/www.encontrabomretiro.com.br\/sobre\/wp-json\/wp\/v2\/comments?post=2944"}],"version-history":[{"count":0,"href":"https:\/\/www.encontrabomretiro.com.br\/sobre\/wp-json\/wp\/v2\/posts\/2944\/revisions"}],"wp:featuredmedia":[{"embeddable":true,"href":"https:\/\/www.encontrabomretiro.com.br\/sobre\/wp-json\/wp\/v2\/media\/2943"}],"wp:attachment":[{"href":"https:\/\/www.encontrabomretiro.com.br\/sobre\/wp-json\/wp\/v2\/media?parent=2944"}],"wp:term":[{"taxonomy":"category","embeddable":true,"href":"https:\/\/www.encontrabomretiro.com.br\/sobre\/wp-json\/wp\/v2\/categories?post=2944"},{"taxonomy":"post_tag","embeddable":true,"href":"https:\/\/www.encontrabomretiro.com.br\/sobre\/wp-json\/wp\/v2\/tags?post=2944"}],"curies":[{"name":"wp","href":"https:\/\/api.w.org\/{rel}","templated":true}]}}