{"id":2919,"date":"2026-06-10T09:30:14","date_gmt":"2026-06-10T11:30:14","guid":{"rendered":"https:\/\/www.encontrabomretiro.com.br\/sobre\/passeio-cultural-confira-as-exposicoes-em-sp-com-criancas\/"},"modified":"2026-06-10T09:30:14","modified_gmt":"2026-06-10T11:30:14","slug":"passeio-cultural-confira-as-exposicoes-em-sp-com-criancas","status":"publish","type":"post","link":"https:\/\/www.encontrabomretiro.com.br\/sobre\/passeio-cultural-confira-as-exposicoes-em-sp-com-criancas\/","title":{"rendered":"Passeio cultural! Confira as exposi\u00e7\u00f5es em SP com crian\u00e7as"},"content":{"rendered":"<div class=\"228b65ae207de3c5c501cfe75875708b\" data-index=\"1\" style=\"float: none; margin:0px;\">\n<!-- Anuncio display - global -->\r\n<ins class=\"adsbygoogle\"\r\n     style=\"display:block\"\r\n     data-ad-client=\"ca-pub-8585364105181520\"\r\n     data-ad-slot=\"8789329856\"\r\n     data-ad-format=\"auto\"\r\n     data-full-width-responsive=\"true\"><\/ins>\r\n<script>\r\n     (adsbygoogle = window.adsbygoogle || []).push({});\r\n<\/script>\n<\/div>\n<h2>Exposi\u00e7\u00f5es no Centro de S\u00e3o Paulo<\/h2>\n<p>S\u00e3o Paulo \u00e9 uma cidade repleta de atividades culturais. Para as fam\u00edlias que desejam introduzir as crian\u00e7as ao mundo da arte e cultura, o centro da cidade oferece diversas exposi\u00e7\u00f5es imperd\u00edveis. Aqui, voc\u00ea pode explorar uma variedade de temas, proporcionando um aprendizado enriquecedor para os pequenos.<\/p>\n<h2>Atividades na Pinacoteca<\/h2>\n<p>A <strong>Pinacoteca de S\u00e3o Paulo<\/strong> \u00e9 um dos museus mais importantes da cidade e oferece exposi\u00e7\u00f5es dedicadas ao p\u00fablico jovem. Um dos destaques \u00e9 a exposi\u00e7\u00e3o intitulada &#8220;<strong>Para Crian\u00e7as: Experi\u00eancias com Arte desde 1968<\/strong>&#8220;, que traz atividades interativas que permitem \u00e0s crian\u00e7as explorar a arte de maneira divertida e did\u00e1tica.<\/p>\n<ul>\n<li><strong>Localiza\u00e7\u00e3o:<\/strong> Pra\u00e7a da Luz, 2 \u2013 Luz, S\u00e3o Paulo \u2013 SP<\/li>\n<li><strong>Dias e hor\u00e1rios:<\/strong> Quarta a segunda, das 10h \u00e0s 18h (entrada at\u00e9 17h)<\/li>\n<li><strong>Valores:<\/strong> Gratuito aos s\u00e1bados e no 2\u00ba domingo do m\u00eas. Bilhete normal: R$ 40,00 (inteira) e R$ 20,00 (meia), crian\u00e7as at\u00e9 10 anos n\u00e3o pagam.<\/li>\n<\/ul>\n<h2>Passeios no Ita\u00fa Cultural<\/h2>\n<p>O <strong>Ita\u00fa Cultural<\/strong> oferece um espa\u00e7o interativo onde as crian\u00e7as podem explorar a literatura e a arte por meio da exposi\u00e7\u00e3o &#8220;<strong>Ocupa\u00e7\u00e3o Ruth Rocha<\/strong>&#8220;, que homenageia uma das mais renomadas autoras de literatura infantil do Brasil. Esta exposi\u00e7\u00e3o \u00e9 uma experi\u00eancia \u00fanica que conecta os jovens leitores ao mundo dos livros.<\/p>\n<p><img decoding=\"async\" src=\"https:\/\/www.encontrabomretiro.com.br\/sobre\/wp-content\/uploads\/2026\/06\/passeio-cultural-confira-as-exposicoes-em-sp-com-criancas.webp\" alt=\"exposi\u00e7\u00f5es para crian\u00e7as em S\u00e3o Paulo\" loading=\"lazy\" \/><\/p>\n<ul>\n<li><strong>Localiza\u00e7\u00e3o:<\/strong> Avenida Paulista, 149 \u2013 Pr\u00f3ximo \u00e0 esta\u00e7\u00e3o Brigadeiro do metr\u00f4<\/li>\n<li><strong>Per\u00edodo:<\/strong> At\u00e9 2 de agosto<\/li>\n<li><strong>Entrada:<\/strong> Gratuita<\/li>\n<\/ul>\n<h2>Exposi\u00e7\u00f5es Tem\u00e1ticas no Farol Santander<\/h2>\n<p>O <strong>Farol Santander<\/strong> tamb\u00e9m abriga exposi\u00e7\u00f5es que despertam a curiosidade das crian\u00e7as. A exposi\u00e7\u00e3o &#8220;<strong>Portais<\/strong>&#8221; da artista <strong>Nina Pandolfo<\/strong> oferece uma experi\u00eancia sensorial envolvente com instala\u00e7\u00f5es interativas que s\u00e3o perfeitas para o p\u00fablico jovem. Atrav\u00e9s da arte, as crian\u00e7as s\u00e3o convidadas a explorar seu potencial criativo e imagina\u00e7\u00e3o.<\/p>\n<ul>\n<li><strong>Per\u00edodo:<\/strong> 17 de abril a 2 de agosto de 2026<\/li>\n<li><strong>Endere\u00e7o:<\/strong> Rua Jo\u00e3o Br\u00edcola, 24 \u2013 Centro, S\u00e3o Paulo<\/li>\n<li><strong>Ingressos:<\/strong> R$ 45,00 (inteira)<\/li>\n<\/ul>\n<h2>Experi\u00eancias Imersivas no Shopping Cidade<\/h2>\n<p>O <strong>Shopping Cidade<\/strong> ser\u00e1 a casa da exposi\u00e7\u00e3o &#8220;<strong>Toy Story ao Infinito e Al\u00e9m<\/strong>&#8220;. Esta experi\u00eancia imersiva \u00e9 uma celebra\u00e7\u00e3o dos 30 anos da franquia Toy Story, prometendo encantar tanto crian\u00e7as quanto adultos, com instala\u00e7\u00f5es tem\u00e1ticas e atividades interativas.<\/p>\n<ul>\n<li><strong>Local:<\/strong> Avenida Paulista, 1230 \u2013 Bela Vista, S\u00e3o Paulo \u2013 SP<\/li>\n<li><strong>Per\u00edodo:<\/strong> A partir de 8 de maio<\/li>\n<li><strong>Valores:<\/strong> A partir de R$ 25,00 (meia-entrada)<\/li>\n<\/ul>\n<h2>Atra\u00e7\u00f5es Educativas no Museu do Futebol<\/h2>\n<p>O <strong>Museu do Futebol<\/strong> traz uma proposta educativa que combina divers\u00e3o e aprendizado por meio do esporte. \u00c9 ideal para as fam\u00edlias que desejam desenvolver o interesse dos filhos pelo futebol, mostrando n\u00e3o apenas a hist\u00f3ria do esporte, mas tamb\u00e9m sua import\u00e2ncia cultural e social.<\/p>\n<ul>\n<li><strong>Local:<\/strong> Pra\u00e7a Charles Miller, s\/n \u2013 Est\u00e1dio Paulo Machado de Carvalho \u2013 Pacaembu<\/li>\n<li><strong>Hor\u00e1rios:<\/strong> Varia conforme o dia; consulte o site oficial<\/li>\n<li><strong>Valores:<\/strong> R$ 24,00 (inteira); Gratuito para crian\u00e7as at\u00e9 7 anos e em ter\u00e7as-feiras<\/li>\n<\/ul>\n<h2>Divers\u00e3o no Museu da Imagem e do Som<\/h2>\n<p>Na <strong>MIS<\/strong>, o <strong>Museu da Imagem e do Som<\/strong>, as crian\u00e7as t\u00eam a chance de descobrir o universo do cinema e da fotografia atrav\u00e9s de exposi\u00e7\u00f5es interativas que a institui\u00e7\u00e3o promove. As experi\u00eancias s\u00e3o criativas e envolventes, permitindo que as crian\u00e7as explorem a arte de fazer filmes.<\/p>\n<ul>\n<li><strong>Localiza\u00e7\u00e3o:<\/strong> Avenida Europa, 158 \u2013 Jardim Europa, S\u00e3o Paulo<\/li>\n<li><strong>Hor\u00e1rios:<\/strong> Ter\u00e7as a sextas das 10h \u00e0s 19h; s\u00e1bados das 10h \u00e0s 20h<\/li>\n<li><strong>Entrada:<\/strong> Gratuita<\/li>\n<\/ul>\n<h2>Cultura e Arte no MASP<\/h2>\n<p>O <strong>MASP<\/strong> \u2013 Museu de Arte de S\u00e3o Paulo \u00e9 um dos \u00edcones culturais da cidade. Suas cole\u00e7\u00f5es abrangem obras cl\u00e1ssicas e contempor\u00e2neas, tornando-o um local ideal para as crian\u00e7as se familiarizarem com diferentes estilos art\u00edsticos.<\/p>\n<ul>\n<li><strong>Endere\u00e7o:<\/strong> Avenida Paulista, 1578 \u2013 Bela Vista, S\u00e3o Paulo \u2013 SP<\/li>\n<li><strong>Dias e hor\u00e1rios:<\/strong> Ter\u00e7a a domingo, das 10h \u00e0s 18h (entrada at\u00e9 17h)<\/li>\n<li><strong>Valores:<\/strong> R$ 85,00; Meia R$ 42,00; gratuito para crian\u00e7as menores de 11 anos<\/li>\n<\/ul>\n<h2>Eventos e Exposi\u00e7\u00f5es na Japan House<\/h2>\n<p>A <strong>Japan House S\u00e3o Paulo<\/strong> oferece exposi\u00e7\u00f5es que revelam a cultura e a arte japonesa contempor\u00e2nea. Essas atividades s\u00e3o uma excelente oportunidade para as crian\u00e7as aprenderem sobre tradi\u00e7\u00f5es e inova\u00e7\u00f5es da cultura nip\u00f4nica.<\/p>\n<ul>\n<li><strong>Localiza\u00e7\u00e3o:<\/strong> Avenida Paulista, 52 \u2013 Bela Vista<\/li>\n<li><strong>Dias e hor\u00e1rios:<\/strong> Ter\u00e7a a domingo, das 10h \u00e0s 18h<\/li>\n<li><strong>Entradas:<\/strong> Gratuita<\/li>\n<\/ul>\n<h2>Espa\u00e7os Interativos no Museu da Imagina\u00e7\u00e3o<\/h2>\n<p>O <strong>Museu da Imagina\u00e7\u00e3o<\/strong> \u00e9 uma atra\u00e7\u00e3o fant\u00e1stica para crian\u00e7as, oferecendo um espa\u00e7o onde as exposi\u00e7\u00f5es s\u00e3o interativas e centradas na experi\u00eancia l\u00fadica. Com objetivos educacionais, promove um aprendizado envolvente atrav\u00e9s do jogo e da criatividade.<\/p>\n<ul>\n<li><strong>Endere\u00e7o:<\/strong> Rua Virgilio Wey, 100 \u2013 \u00c1gua Branca, S\u00e3o Paulo<\/li>\n<li><strong>Dias e hor\u00e1rios:<\/strong> Ter\u00e7as a sextas, das 9h \u00e0s 17h; S\u00e1bado e domingo, das 9h \u00e0s 18h<\/li>\n<li><strong>Valores:<\/strong> R$ 89,90 (desconto dispon\u00edvel)<\/li>\n<\/ul>\n<p>Essas exposi\u00e7\u00f5es mostram como a cultura pode ser explorada de maneira acess\u00edvel e divertida para as crian\u00e7as. Aproveite as visitas para incentivar a criatividade e o aprendizado!<\/p>\n\n<div style=\"font-size: 0px; height: 0px; line-height: 0px; margin: 0; padding: 0; clear: both;\"><\/div>","protected":false},"excerpt":{"rendered":"<p>Exposi\u00e7\u00f5es para crian\u00e7as em S\u00e3o Paulo! O guia completo para passeios culturais incr\u00edveis.<\/p>\n","protected":false},"author":1,"featured_media":2918,"comment_status":"open","ping_status":"closed","sticky":false,"template":"","format":"standard","meta":{"footnotes":""},"categories":[6],"tags":[],"class_list":["post-2919","post","type-post","status-publish","format-standard","has-post-thumbnail","hentry","category-noticias-no-bom-retiro","has_thumb"],"aioseo_notices":[],"aioseo_head":"\n\t\t<!-- All in One SEO 5.0.0.1 - aioseo.com -->\n\t<meta name=\"description\" content=\"Exposi\u00e7\u00f5es para crian\u00e7as em S\u00e3o Paulo! O guia completo para passeios culturais incr\u00edveis.\" \/>\n\t<meta name=\"robots\" content=\"max-image-preview:large\" \/>\n\t<meta name=\"author\" content=\"Encontra Bom Retiro\"\/>\n\t<link rel=\"canonical\" href=\"https:\/\/www.encontrabomretiro.com.br\/sobre\/passeio-cultural-confira-as-exposicoes-em-sp-com-criancas\/\" \/>\n\t<meta name=\"generator\" content=\"All in One SEO (AIOSEO) 5.0.0.1\" \/>\n\t\t<meta property=\"og:locale\" content=\"pt_BR\" \/>\n\t\t<meta property=\"og:site_name\" content=\"Encontra Bom Retiro | Not\u00edcias, eventos, informa\u00e7\u00f5es e dicas no bairro do Bom Retiro e regi\u00e3o.\" \/>\n\t\t<meta property=\"og:type\" content=\"article\" \/>\n\t\t<meta property=\"og:title\" content=\"Passeio cultural! Confira as exposi\u00e7\u00f5es em SP com crian\u00e7as | Encontra Bom Retiro\" \/>\n\t\t<meta property=\"og:description\" content=\"Exposi\u00e7\u00f5es para crian\u00e7as em S\u00e3o Paulo! O guia completo para passeios culturais incr\u00edveis.\" \/>\n\t\t<meta property=\"og:url\" content=\"https:\/\/www.encontrabomretiro.com.br\/sobre\/passeio-cultural-confira-as-exposicoes-em-sp-com-criancas\/\" \/>\n\t\t<meta property=\"article:published_time\" content=\"2026-06-10T11:30:14+00:00\" \/>\n\t\t<meta property=\"article:modified_time\" content=\"2026-06-10T11:30:14+00:00\" \/>\n\t\t<meta name=\"twitter:card\" content=\"summary_large_image\" \/>\n\t\t<meta name=\"twitter:title\" content=\"Passeio cultural! Confira as exposi\u00e7\u00f5es em SP com crian\u00e7as | Encontra Bom Retiro\" \/>\n\t\t<meta name=\"twitter:description\" content=\"Exposi\u00e7\u00f5es para crian\u00e7as em S\u00e3o Paulo! O guia completo para passeios culturais incr\u00edveis.\" \/>\n\t\t<script type=\"application\/ld+json\" class=\"aioseo-schema\">\n\t\t\t{\"@context\":\"https:\\\/\\\/schema.org\",\"@graph\":[{\"@type\":\"Article\",\"@id\":\"https:\\\/\\\/www.encontrabomretiro.com.br\\\/sobre\\\/passeio-cultural-confira-as-exposicoes-em-sp-com-criancas\\\/#article\",\"name\":\"Passeio cultural! Confira as exposi\\u00e7\\u00f5es em SP com crian\\u00e7as | Encontra Bom Retiro\",\"headline\":\"Passeio cultural! Confira as exposi\\u00e7\\u00f5es em SP com crian\\u00e7as\",\"author\":{\"@id\":\"https:\\\/\\\/www.encontrabomretiro.com.br\\\/sobre\\\/author\\\/ebomretiro\\\/#author\"},\"publisher\":{\"@id\":\"https:\\\/\\\/www.encontrabomretiro.com.br\\\/sobre\\\/#organization\"},\"image\":{\"@type\":\"ImageObject\",\"url\":\"https:\\\/\\\/www.encontrabomretiro.com.br\\\/sobre\\\/wp-content\\\/uploads\\\/2026\\\/06\\\/passeio-cultural-confira-as-exposicoes-em-sp-com-criancas.webp\",\"width\":280,\"height\":280,\"caption\":\"exposi\\u00e7\\u00f5es para crian\\u00e7as em S\\u00e3o Paulo\"},\"datePublished\":\"2026-06-10T09:30:14-02:00\",\"dateModified\":\"2026-06-10T09:30:14-02:00\",\"inLanguage\":\"pt-BR\",\"mainEntityOfPage\":{\"@id\":\"https:\\\/\\\/www.encontrabomretiro.com.br\\\/sobre\\\/passeio-cultural-confira-as-exposicoes-em-sp-com-criancas\\\/#webpage\"},\"isPartOf\":{\"@id\":\"https:\\\/\\\/www.encontrabomretiro.com.br\\\/sobre\\\/passeio-cultural-confira-as-exposicoes-em-sp-com-criancas\\\/#webpage\"},\"articleSection\":\"Not\\u00edcias Bom Retiro\"},{\"@type\":\"BreadcrumbList\",\"@id\":\"https:\\\/\\\/www.encontrabomretiro.com.br\\\/sobre\\\/passeio-cultural-confira-as-exposicoes-em-sp-com-criancas\\\/#breadcrumblist\",\"itemListElement\":[{\"@type\":\"ListItem\",\"@id\":\"https:\\\/\\\/www.encontrabomretiro.com.br\\\/sobre#listItem\",\"position\":1,\"name\":\"Dom\\u00e9stica\",\"item\":\"https:\\\/\\\/www.encontrabomretiro.com.br\\\/sobre\",\"nextItem\":{\"@type\":\"ListItem\",\"@id\":\"https:\\\/\\\/www.encontrabomretiro.com.br\\\/sobre\\\/noticias-no-bom-retiro\\\/#listItem\",\"name\":\"Not\\u00edcias Bom Retiro\"}},{\"@type\":\"ListItem\",\"@id\":\"https:\\\/\\\/www.encontrabomretiro.com.br\\\/sobre\\\/noticias-no-bom-retiro\\\/#listItem\",\"position\":2,\"name\":\"Not\\u00edcias Bom Retiro\",\"item\":\"https:\\\/\\\/www.encontrabomretiro.com.br\\\/sobre\\\/noticias-no-bom-retiro\\\/\",\"nextItem\":{\"@type\":\"ListItem\",\"@id\":\"https:\\\/\\\/www.encontrabomretiro.com.br\\\/sobre\\\/passeio-cultural-confira-as-exposicoes-em-sp-com-criancas\\\/#listItem\",\"name\":\"Passeio cultural! Confira as exposi\\u00e7\\u00f5es em SP com crian\\u00e7as\"},\"previousItem\":{\"@type\":\"ListItem\",\"@id\":\"https:\\\/\\\/www.encontrabomretiro.com.br\\\/sobre#listItem\",\"name\":\"Dom\\u00e9stica\"}},{\"@type\":\"ListItem\",\"@id\":\"https:\\\/\\\/www.encontrabomretiro.com.br\\\/sobre\\\/passeio-cultural-confira-as-exposicoes-em-sp-com-criancas\\\/#listItem\",\"position\":3,\"name\":\"Passeio cultural! Confira as exposi\\u00e7\\u00f5es em SP com crian\\u00e7as\",\"previousItem\":{\"@type\":\"ListItem\",\"@id\":\"https:\\\/\\\/www.encontrabomretiro.com.br\\\/sobre\\\/noticias-no-bom-retiro\\\/#listItem\",\"name\":\"Not\\u00edcias Bom Retiro\"}}]},{\"@type\":\"Organization\",\"@id\":\"https:\\\/\\\/www.encontrabomretiro.com.br\\\/sobre\\\/#organization\",\"name\":\"Encontra Bom Retiro\",\"description\":\"Not\\u00edcias, eventos, informa\\u00e7\\u00f5es e dicas no bairro do Bom Retiro e regi\\u00e3o.\",\"url\":\"https:\\\/\\\/www.encontrabomretiro.com.br\\\/sobre\\\/\"},{\"@type\":\"Person\",\"@id\":\"https:\\\/\\\/www.encontrabomretiro.com.br\\\/sobre\\\/author\\\/ebomretiro\\\/#author\",\"url\":\"https:\\\/\\\/www.encontrabomretiro.com.br\\\/sobre\\\/author\\\/ebomretiro\\\/\",\"name\":\"Encontra Bom Retiro\",\"image\":{\"@type\":\"ImageObject\",\"@id\":\"https:\\\/\\\/www.encontrabomretiro.com.br\\\/sobre\\\/passeio-cultural-confira-as-exposicoes-em-sp-com-criancas\\\/#authorImage\",\"url\":\"https:\\\/\\\/secure.gravatar.com\\\/avatar\\\/507340682b8270222e1f208e23198b6ae7e2c6a1033ae84e99bc6bce4f82a387?s=96&d=mm&r=g\",\"width\":96,\"height\":96,\"caption\":\"Encontra Bom Retiro\"}},{\"@type\":\"WebPage\",\"@id\":\"https:\\\/\\\/www.encontrabomretiro.com.br\\\/sobre\\\/passeio-cultural-confira-as-exposicoes-em-sp-com-criancas\\\/#webpage\",\"url\":\"https:\\\/\\\/www.encontrabomretiro.com.br\\\/sobre\\\/passeio-cultural-confira-as-exposicoes-em-sp-com-criancas\\\/\",\"name\":\"Passeio cultural! Confira as exposi\\u00e7\\u00f5es em SP com crian\\u00e7as | Encontra Bom Retiro\",\"description\":\"Exposi\\u00e7\\u00f5es para crian\\u00e7as em S\\u00e3o Paulo! O guia completo para passeios culturais incr\\u00edveis.\",\"inLanguage\":\"pt-BR\",\"isPartOf\":{\"@id\":\"https:\\\/\\\/www.encontrabomretiro.com.br\\\/sobre\\\/#website\"},\"breadcrumb\":{\"@id\":\"https:\\\/\\\/www.encontrabomretiro.com.br\\\/sobre\\\/passeio-cultural-confira-as-exposicoes-em-sp-com-criancas\\\/#breadcrumblist\"},\"author\":{\"@id\":\"https:\\\/\\\/www.encontrabomretiro.com.br\\\/sobre\\\/author\\\/ebomretiro\\\/#author\"},\"creator\":{\"@id\":\"https:\\\/\\\/www.encontrabomretiro.com.br\\\/sobre\\\/author\\\/ebomretiro\\\/#author\"},\"image\":{\"@type\":\"ImageObject\",\"url\":\"https:\\\/\\\/www.encontrabomretiro.com.br\\\/sobre\\\/wp-content\\\/uploads\\\/2026\\\/06\\\/passeio-cultural-confira-as-exposicoes-em-sp-com-criancas.webp\",\"@id\":\"https:\\\/\\\/www.encontrabomretiro.com.br\\\/sobre\\\/passeio-cultural-confira-as-exposicoes-em-sp-com-criancas\\\/#mainImage\",\"width\":280,\"height\":280,\"caption\":\"exposi\\u00e7\\u00f5es para crian\\u00e7as em S\\u00e3o Paulo\"},\"primaryImageOfPage\":{\"@id\":\"https:\\\/\\\/www.encontrabomretiro.com.br\\\/sobre\\\/passeio-cultural-confira-as-exposicoes-em-sp-com-criancas\\\/#mainImage\"},\"datePublished\":\"2026-06-10T09:30:14-02:00\",\"dateModified\":\"2026-06-10T09:30:14-02:00\"},{\"@type\":\"WebSite\",\"@id\":\"https:\\\/\\\/www.encontrabomretiro.com.br\\\/sobre\\\/#website\",\"url\":\"https:\\\/\\\/www.encontrabomretiro.com.br\\\/sobre\\\/\",\"name\":\"Encontra Bom Retiro\",\"description\":\"Not\\u00edcias, eventos, informa\\u00e7\\u00f5es e dicas no bairro do Bom Retiro e regi\\u00e3o.\",\"inLanguage\":\"pt-BR\",\"publisher\":{\"@id\":\"https:\\\/\\\/www.encontrabomretiro.com.br\\\/sobre\\\/#organization\"}}]}\n\t\t<\/script>\n\t\t<!-- All in One SEO -->\n\n","aioseo_head_json":{"title":"Passeio cultural! Confira as exposi\u00e7\u00f5es em SP com crian\u00e7as | Encontra Bom Retiro","description":"Exposi\u00e7\u00f5es para crian\u00e7as em S\u00e3o Paulo! O guia completo para passeios culturais incr\u00edveis.","canonical_url":"https:\/\/www.encontrabomretiro.com.br\/sobre\/passeio-cultural-confira-as-exposicoes-em-sp-com-criancas\/","robots":"max-image-preview:large","keywords":"","webmasterTools":{"miscellaneous":""},"schema":{"@context":"https:\/\/schema.org","@graph":[{"@type":"Article","@id":"https:\/\/www.encontrabomretiro.com.br\/sobre\/passeio-cultural-confira-as-exposicoes-em-sp-com-criancas\/#article","name":"Passeio cultural! Confira as exposi\u00e7\u00f5es em SP com crian\u00e7as | Encontra Bom Retiro","headline":"Passeio cultural! Confira as exposi\u00e7\u00f5es em SP com crian\u00e7as","author":{"@id":"https:\/\/www.encontrabomretiro.com.br\/sobre\/author\/ebomretiro\/#author"},"publisher":{"@id":"https:\/\/www.encontrabomretiro.com.br\/sobre\/#organization"},"image":{"@type":"ImageObject","url":"https:\/\/www.encontrabomretiro.com.br\/sobre\/wp-content\/uploads\/2026\/06\/passeio-cultural-confira-as-exposicoes-em-sp-com-criancas.webp","width":280,"height":280,"caption":"exposi\u00e7\u00f5es para crian\u00e7as em S\u00e3o Paulo"},"datePublished":"2026-06-10T09:30:14-02:00","dateModified":"2026-06-10T09:30:14-02:00","inLanguage":"pt-BR","mainEntityOfPage":{"@id":"https:\/\/www.encontrabomretiro.com.br\/sobre\/passeio-cultural-confira-as-exposicoes-em-sp-com-criancas\/#webpage"},"isPartOf":{"@id":"https:\/\/www.encontrabomretiro.com.br\/sobre\/passeio-cultural-confira-as-exposicoes-em-sp-com-criancas\/#webpage"},"articleSection":"Not\u00edcias Bom Retiro"},{"@type":"BreadcrumbList","@id":"https:\/\/www.encontrabomretiro.com.br\/sobre\/passeio-cultural-confira-as-exposicoes-em-sp-com-criancas\/#breadcrumblist","itemListElement":[{"@type":"ListItem","@id":"https:\/\/www.encontrabomretiro.com.br\/sobre#listItem","position":1,"name":"Dom\u00e9stica","item":"https:\/\/www.encontrabomretiro.com.br\/sobre","nextItem":{"@type":"ListItem","@id":"https:\/\/www.encontrabomretiro.com.br\/sobre\/noticias-no-bom-retiro\/#listItem","name":"Not\u00edcias Bom Retiro"}},{"@type":"ListItem","@id":"https:\/\/www.encontrabomretiro.com.br\/sobre\/noticias-no-bom-retiro\/#listItem","position":2,"name":"Not\u00edcias Bom Retiro","item":"https:\/\/www.encontrabomretiro.com.br\/sobre\/noticias-no-bom-retiro\/","nextItem":{"@type":"ListItem","@id":"https:\/\/www.encontrabomretiro.com.br\/sobre\/passeio-cultural-confira-as-exposicoes-em-sp-com-criancas\/#listItem","name":"Passeio cultural! Confira as exposi\u00e7\u00f5es em SP com crian\u00e7as"},"previousItem":{"@type":"ListItem","@id":"https:\/\/www.encontrabomretiro.com.br\/sobre#listItem","name":"Dom\u00e9stica"}},{"@type":"ListItem","@id":"https:\/\/www.encontrabomretiro.com.br\/sobre\/passeio-cultural-confira-as-exposicoes-em-sp-com-criancas\/#listItem","position":3,"name":"Passeio cultural! Confira as exposi\u00e7\u00f5es em SP com crian\u00e7as","previousItem":{"@type":"ListItem","@id":"https:\/\/www.encontrabomretiro.com.br\/sobre\/noticias-no-bom-retiro\/#listItem","name":"Not\u00edcias Bom Retiro"}}]},{"@type":"Organization","@id":"https:\/\/www.encontrabomretiro.com.br\/sobre\/#organization","name":"Encontra Bom Retiro","description":"Not\u00edcias, eventos, informa\u00e7\u00f5es e dicas no bairro do Bom Retiro e regi\u00e3o.","url":"https:\/\/www.encontrabomretiro.com.br\/sobre\/"},{"@type":"Person","@id":"https:\/\/www.encontrabomretiro.com.br\/sobre\/author\/ebomretiro\/#author","url":"https:\/\/www.encontrabomretiro.com.br\/sobre\/author\/ebomretiro\/","name":"Encontra Bom Retiro","image":{"@type":"ImageObject","@id":"https:\/\/www.encontrabomretiro.com.br\/sobre\/passeio-cultural-confira-as-exposicoes-em-sp-com-criancas\/#authorImage","url":"https:\/\/secure.gravatar.com\/avatar\/507340682b8270222e1f208e23198b6ae7e2c6a1033ae84e99bc6bce4f82a387?s=96&d=mm&r=g","width":96,"height":96,"caption":"Encontra Bom Retiro"}},{"@type":"WebPage","@id":"https:\/\/www.encontrabomretiro.com.br\/sobre\/passeio-cultural-confira-as-exposicoes-em-sp-com-criancas\/#webpage","url":"https:\/\/www.encontrabomretiro.com.br\/sobre\/passeio-cultural-confira-as-exposicoes-em-sp-com-criancas\/","name":"Passeio cultural! Confira as exposi\u00e7\u00f5es em SP com crian\u00e7as | Encontra Bom Retiro","description":"Exposi\u00e7\u00f5es para crian\u00e7as em S\u00e3o Paulo! O guia completo para passeios culturais incr\u00edveis.","inLanguage":"pt-BR","isPartOf":{"@id":"https:\/\/www.encontrabomretiro.com.br\/sobre\/#website"},"breadcrumb":{"@id":"https:\/\/www.encontrabomretiro.com.br\/sobre\/passeio-cultural-confira-as-exposicoes-em-sp-com-criancas\/#breadcrumblist"},"author":{"@id":"https:\/\/www.encontrabomretiro.com.br\/sobre\/author\/ebomretiro\/#author"},"creator":{"@id":"https:\/\/www.encontrabomretiro.com.br\/sobre\/author\/ebomretiro\/#author"},"image":{"@type":"ImageObject","url":"https:\/\/www.encontrabomretiro.com.br\/sobre\/wp-content\/uploads\/2026\/06\/passeio-cultural-confira-as-exposicoes-em-sp-com-criancas.webp","@id":"https:\/\/www.encontrabomretiro.com.br\/sobre\/passeio-cultural-confira-as-exposicoes-em-sp-com-criancas\/#mainImage","width":280,"height":280,"caption":"exposi\u00e7\u00f5es para crian\u00e7as em S\u00e3o Paulo"},"primaryImageOfPage":{"@id":"https:\/\/www.encontrabomretiro.com.br\/sobre\/passeio-cultural-confira-as-exposicoes-em-sp-com-criancas\/#mainImage"},"datePublished":"2026-06-10T09:30:14-02:00","dateModified":"2026-06-10T09:30:14-02:00"},{"@type":"WebSite","@id":"https:\/\/www.encontrabomretiro.com.br\/sobre\/#website","url":"https:\/\/www.encontrabomretiro.com.br\/sobre\/","name":"Encontra Bom Retiro","description":"Not\u00edcias, eventos, informa\u00e7\u00f5es e dicas no bairro do Bom Retiro e regi\u00e3o.","inLanguage":"pt-BR","publisher":{"@id":"https:\/\/www.encontrabomretiro.com.br\/sobre\/#organization"}}]},"og:locale":"pt_BR","og:site_name":"Encontra Bom Retiro | Not\u00edcias, eventos, informa\u00e7\u00f5es e dicas no bairro do Bom Retiro e regi\u00e3o.","og:type":"article","og:title":"Passeio cultural! Confira as exposi\u00e7\u00f5es em SP com crian\u00e7as | Encontra Bom Retiro","og:description":"Exposi\u00e7\u00f5es para crian\u00e7as em S\u00e3o Paulo! O guia completo para passeios culturais incr\u00edveis.","og:url":"https:\/\/www.encontrabomretiro.com.br\/sobre\/passeio-cultural-confira-as-exposicoes-em-sp-com-criancas\/","article:published_time":"2026-06-10T11:30:14+00:00","article:modified_time":"2026-06-10T11:30:14+00:00","twitter:card":"summary_large_image","twitter:title":"Passeio cultural! Confira as exposi\u00e7\u00f5es em SP com crian\u00e7as | Encontra Bom Retiro","twitter:description":"Exposi\u00e7\u00f5es para crian\u00e7as em S\u00e3o Paulo! O guia completo para passeios culturais incr\u00edveis."},"aioseo_meta_data":{"post_id":"2919","title":null,"description":null,"keywords":null,"keyphrases":null,"primary_term":null,"canonical_url":null,"og_title":null,"og_description":null,"og_object_type":"default","og_image_type":"default","og_image_url":null,"og_image_width":null,"og_image_height":null,"og_image_custom_url":null,"og_image_custom_fields":null,"og_video":null,"og_custom_url":null,"og_article_section":null,"og_article_tags":null,"twitter_use_og":false,"twitter_card":"default","twitter_image_type":"default","twitter_image_url":null,"twitter_image_custom_url":null,"twitter_image_custom_fields":null,"twitter_title":null,"twitter_description":null,"schema":{"blockGraphs":[],"customGraphs":[],"default":{"data":{"Article":[],"Course":[],"Dataset":[],"FAQPage":[],"Movie":[],"Person":[],"Product":[],"ProductReview":[],"Car":[],"Recipe":[],"Service":[],"SoftwareApplication":[],"WebPage":[]},"graphName":"Article","isEnabled":true},"graphs":[]},"schema_type":"default","schema_type_options":null,"pillar_content":false,"robots_default":true,"robots_noindex":false,"robots_noarchive":false,"robots_nosnippet":false,"robots_nofollow":false,"robots_noimageindex":false,"robots_noodp":false,"robots_notranslate":false,"robots_max_snippet":null,"robots_max_videopreview":null,"robots_max_imagepreview":"large","priority":null,"frequency":null,"local_seo":null,"breadcrumb_settings":null,"limit_modified_date":false,"ai":null,"created":"2026-06-10 11:30:17","updated":"2026-06-10 11:30:40","focus_keyword":null,"additional_keywords":null,"truseo_locale":null,"seo_analyzer_scan_date":null},"aioseo_breadcrumb":"<div class=\"aioseo-breadcrumbs\"><span class=\"aioseo-breadcrumb\">\n\t\t\t<a href=\"https:\/\/www.encontrabomretiro.com.br\/sobre\" title=\"Dom\u00e9stica\">Dom\u00e9stica<\/a>\n\t\t<\/span><span class=\"aioseo-breadcrumb-separator\">&raquo;<\/span><span class=\"aioseo-breadcrumb\">\n\t\t\t<a href=\"https:\/\/www.encontrabomretiro.com.br\/sobre\/noticias-no-bom-retiro\/\" title=\"Not\u00edcias Bom Retiro\">Not\u00edcias Bom Retiro<\/a>\n\t\t<\/span><span class=\"aioseo-breadcrumb-separator\">&raquo;<\/span><span class=\"aioseo-breadcrumb\">\n\t\t\tPasseio cultural! Confira as exposi\u00e7\u00f5es em SP com crian\u00e7as\n\t\t<\/span><\/div>","aioseo_breadcrumb_json":[{"label":"Dom\u00e9stica","link":"https:\/\/www.encontrabomretiro.com.br\/sobre"},{"label":"Not\u00edcias Bom Retiro","link":"https:\/\/www.encontrabomretiro.com.br\/sobre\/noticias-no-bom-retiro\/"},{"label":"Passeio cultural! Confira as exposi\u00e7\u00f5es em SP com crian\u00e7as","link":"https:\/\/www.encontrabomretiro.com.br\/sobre\/passeio-cultural-confira-as-exposicoes-em-sp-com-criancas\/"}],"_links":{"self":[{"href":"https:\/\/www.encontrabomretiro.com.br\/sobre\/wp-json\/wp\/v2\/posts\/2919","targetHints":{"allow":["GET"]}}],"collection":[{"href":"https:\/\/www.encontrabomretiro.com.br\/sobre\/wp-json\/wp\/v2\/posts"}],"about":[{"href":"https:\/\/www.encontrabomretiro.com.br\/sobre\/wp-json\/wp\/v2\/types\/post"}],"author":[{"embeddable":true,"href":"https:\/\/www.encontrabomretiro.com.br\/sobre\/wp-json\/wp\/v2\/users\/1"}],"replies":[{"embeddable":true,"href":"https:\/\/www.encontrabomretiro.com.br\/sobre\/wp-json\/wp\/v2\/comments?post=2919"}],"version-history":[{"count":0,"href":"https:\/\/www.encontrabomretiro.com.br\/sobre\/wp-json\/wp\/v2\/posts\/2919\/revisions"}],"wp:featuredmedia":[{"embeddable":true,"href":"https:\/\/www.encontrabomretiro.com.br\/sobre\/wp-json\/wp\/v2\/media\/2918"}],"wp:attachment":[{"href":"https:\/\/www.encontrabomretiro.com.br\/sobre\/wp-json\/wp\/v2\/media?parent=2919"}],"wp:term":[{"taxonomy":"category","embeddable":true,"href":"https:\/\/www.encontrabomretiro.com.br\/sobre\/wp-json\/wp\/v2\/categories?post=2919"},{"taxonomy":"post_tag","embeddable":true,"href":"https:\/\/www.encontrabomretiro.com.br\/sobre\/wp-json\/wp\/v2\/tags?post=2919"}],"curies":[{"name":"wp","href":"https:\/\/api.w.org\/{rel}","templated":true}]}}