{"id":2911,"date":"2026-06-09T09:41:31","date_gmt":"2026-06-09T11:41:31","guid":{"rendered":"https:\/\/www.encontrabomretiro.com.br\/sobre\/voce-vai-se-quiser\/"},"modified":"2026-06-09T09:41:31","modified_gmt":"2026-06-09T11:41:31","slug":"voce-vai-se-quiser","status":"publish","type":"post","link":"https:\/\/www.encontrabomretiro.com.br\/sobre\/voce-vai-se-quiser\/","title":{"rendered":"Voc\u00ea Vai Se Quiser"},"content":{"rendered":"<div class=\"228b65ae207de3c5c501cfe75875708b\" data-index=\"1\" style=\"float: none; margin:0px;\">\n<!-- Anuncio display - global -->\r\n<ins class=\"adsbygoogle\"\r\n     style=\"display:block\"\r\n     data-ad-client=\"ca-pub-8585364105181520\"\r\n     data-ad-slot=\"8789329856\"\r\n     data-ad-format=\"auto\"\r\n     data-full-width-responsive=\"true\"><\/ins>\r\n<script>\r\n     (adsbygoogle = window.adsbygoogle || []).push({});\r\n<\/script>\n<\/div>\n<h2>A Hist\u00f3ria do Grupo Voc\u00ea Vai Se Quiser<\/h2>\n<p>Fundado em S\u00e3o Mateus, na zona leste de S\u00e3o Paulo, o grupo Voc\u00ea Vai Se Quiser \u00e9 um s\u00edmbolo do samba, atuando na cena musical h\u00e1 mais de 20 anos. O nome da banda j\u00e1 remete \u00e0 ideia de liberdade e possibilidades, caracter\u00edstica essencial desse g\u00eanero musical que encanta multid\u00f5es. Desde sua origem, a banda tem um papel fundamental na preserva\u00e7\u00e3o e inova\u00e7\u00e3o do samba paulista, especialmente em um bairro que \u00e9 considerado um dos ber\u00e7os do samba na cidade.<\/p>\n<p>O grupo \u00e9 reconhecido por sua abordagem aut\u00eantica e pela mistura de estilos, que vai do samba tradicional ao samba-enredo, o que engrandece cada apresenta\u00e7\u00e3o. Com um repert\u00f3rio que abrange composi\u00e7\u00f5es originais e cl\u00e1ssicos do samba, eles se conectam com diferentes gera\u00e7\u00f5es de f\u00e3s.<\/p>\n<h2>Estilos Musicais no Samba<\/h2>\n<p>O samba \u00e9 um g\u00eanero musical que se desdobra em v\u00e1rias vertentes, cada uma com suas particularidades, ritmos e influ\u00eancias. O grupo Voc\u00ea Vai Se Quiser, por exemplo, apresenta uma variedade que inclui:<\/p>\n<p><img decoding=\"async\" src=\"https:\/\/www.encontrabomretiro.com.br\/sobre\/wp-content\/uploads\/2026\/06\/voce-vai-se-quiser.webp\" alt=\"Voc\u00ea Vai Se Quiser\" loading=\"lazy\" \/><\/p>\n<ul>\n<li><strong>Partido Alto:<\/strong> Uma forma mais cadenciada e mel\u00f3dica do samba, com letras que frequentemente discutem a vida urbana.<\/li>\n<li><strong>Sambas Rom\u00e2nticos:<\/strong> Em que a emotividade se destaca, muitas vezes abordando temas do amor e das rela\u00e7\u00f5es interpessoais.<\/li>\n<li><strong>Samba de Roda:<\/strong> Uma abordagem mais tradicional, que inclui dan\u00e7a e intera\u00e7\u00e3o intensa entre os participantes.<\/li>\n<li><strong>Samba de Pagode:<\/strong> Uma variante moderna do samba que incorpora influ\u00eancias contempor\u00e2neas e um toque mais festivo.<\/li>\n<\/ul>\n<p>Essa diversidade apresenta ao p\u00fablico uma experi\u00eancia rica e envolvente, permitindo que todos se encontrem em algum ritmo ou letra da apresenta\u00e7\u00e3o.<\/p>\n<h2>Os Instrumentos que Fazem a Diferen\u00e7a<\/h2>\n<p>A instrumenta\u00e7\u00e3o utilizada pelo grupo Voc\u00ea Vai Se Quiser \u00e9 um dos seus grandes diferenciais. Inspirados pela tradi\u00e7\u00e3o das rodas de samba e pelos fonogramas do aclamado bloco Cacique de Ramos, eles utilizam uma variedade de instrumentos, que incluem:<\/p>\n<ul>\n<li><strong>Cavaquinho:<\/strong> Um dos principais instrumentos do samba, respons\u00e1vel por definir a harmonia e o ritmo.<\/li>\n<li><strong>Viol\u00e3o de 7 cordas:<\/strong> Utilizado para dar profundidade e complexidade harm\u00f4nica ao som do grupo.<\/li>\n<li><strong>Surdo:<\/strong> A base do ritmo, essencial para manter a pulsa\u00e7\u00e3o que caracteriza o samba.<\/li>\n<li><strong>Pandeiro:<\/strong> Um instrumento vers\u00e1til que pode criar uma variedade de sons e din\u00e2micas.<\/li>\n<li><strong>Tantan e repique de m\u00e3o:<\/strong> Instrumentos de percuss\u00e3o que trazem energia e intensidade \u00e0s apresenta\u00e7\u00f5es.<\/li>\n<\/ul>\n<p>Esses instrumentos se entrela\u00e7am de maneira harm\u00f4nica, criando um som aut\u00eantico que \u00e9 facilmente reconhec\u00edvel e apreciado pelo p\u00fablico.<\/p>\n<h2>O Impacto Cultural do Samba<\/h2>\n<p>O samba n\u00e3o \u00e9 apenas uma express\u00e3o musical; \u00e9 um movimento cultural que representa a resist\u00eancia, a alegria e a luta do povo brasileiro. O grupo Voc\u00ea Vai Se Quiser tem um papel importante neste contexto, contribuindo para as discuss\u00f5es sobre identidade e cultura atrav\u00e9s de suas letras e apresenta\u00e7\u00f5es. O samba, como forma de arte, serve como um canal para as vozes e hist\u00f3rias de muitas comunidades, especialmente na periferia.<\/p>\n<p>Al\u00e9m disso, o samba \u00e9 um ponto de uni\u00e3o, trazendo pessoas de diferentes origens para apreciarem a m\u00fasica e a dan\u00e7a juntos, refor\u00e7ando la\u00e7os comunit\u00e1rios. Isso promove um ambiente de celebra\u00e7\u00e3o e inclus\u00e3o, essencial para a sa\u00fade social e cultural da regi\u00e3o.<\/p>\n<h2>Eventos e Apresenta\u00e7\u00f5es Imperd\u00edveis<\/h2>\n<p>O grupo Voc\u00ea Vai Se Quiser \u00e9 ativo em eventos culturais e festivais ao longo do ano, promovendo o samba e suas ra\u00edzes. As apresenta\u00e7\u00f5es s\u00e3o sempre cheias de energia e emo\u00e7\u00e3o, fazendo com que o p\u00fablico se sinta parte da roda.<\/p>\n<p>A seguir, alguns dos pr\u00f3ximos eventos imperd\u00edveis:<\/p>\n<ul>\n<li><strong>Roda de Samba na Pra\u00e7a de Conviv\u00eancia:<\/strong> Uma atividade frequentada por diversas faixas et\u00e1rias, com entrada franca, onde todos s\u00e3o incentivados a participar.<\/li>\n<li><strong>Festivais de Samba:<\/strong> Participa\u00e7\u00f5es em festivais que celebram o samba como g\u00eanero, onde o reconhecimento da cultura \u00e9 essencial.<\/li>\n<li><strong>Workshops Musicais:<\/strong> Oportunidades para quem deseja aprender mais sobre o samba, suas origens e como tocar os instrumentos.<\/li>\n<\/ul>\n<h2>Conhecendo os M\u00fasicos do Grupo<\/h2>\n<p>O grupo Voc\u00ea Vai Se Quiser \u00e9 formado por m\u00fasicos talentosos e dedicados. Conhe\u00e7a alguns dos integrantes:<\/p>\n<ul>\n<li><strong>Marcelo Martins:<\/strong> Cavaquinista e respons\u00e1vel pela dire\u00e7\u00e3o musical do grupo, traz sua experi\u00eancia para harmonizar os arranjos.<\/li>\n<li><strong>Rodrigo Carneiro:<\/strong> M\u00fasico no viol\u00e3o de 7 cordas, \u00e9 pe\u00e7a chave na constru\u00e7\u00e3o do som \u00fanico da banda.<\/li>\n<li><strong>Vitor Casagrande:<\/strong> Bandolinista e banjo\u00edsta que agrega leveza \u00e0s m\u00fasicas e contribui com solos marcantes.<\/li>\n<li><strong>Anderson e Michael C\u00e2ndido:<\/strong> Ambos nos instrumentos de pandeiro e surdo respectivamente, trazendo a base r\u00edtmica essencial para o samba.<\/li>\n<li><strong>Fernando Jarr\u00e3o:<\/strong> No tantan, ele finaliza a percuss\u00e3o com estilo e vigor.<\/li>\n<\/ul>\n<p>Cada m\u00fasico traz suas credenciais e viv\u00eancias pessoais, formando uma sinergia que eleva o n\u00edvel das apresenta\u00e7\u00f5es.<\/p>\n<h2>A Roda de Samba Al\u00e9m da M\u00fasica<\/h2>\n<p>A roda de samba transcende o simples ato de tocar e cantar. \u00c9 um espa\u00e7o de conviv\u00eancia, troca de experi\u00eancias e celebra\u00e7\u00e3o da cultura. Os participantes n\u00e3o s\u00e3o apenas espectadores, mas parte ativa da m\u00fasica, contribuindo com suas vozes e dan\u00e7as.<\/p>\n<p>As rodas promovem uma atmosfera de inclus\u00e3o e pertencimento, refletindo a verdadeira ess\u00eancia do samba. \u00c9 um momento em que todos, independente de idade ou experi\u00eancia, podem se sentir \u00e0 vontade para se expressar.<\/p>\n<h2>Como Participar dos Eventos<\/h2>\n<p>Para participar das rodas de samba e eventos promovidos pelo grupo Voc\u00ea Vai Se Quiser, voc\u00ea pode:<\/p>\n<ul>\n<li>Verificar a programa\u00e7\u00e3o pelo site oficial ou redes sociais do grupo.<\/li>\n<li>Acompanhar an\u00fancios a respeito de eventos especiais e festivais.<\/li>\n<li>Convidar amigos e familiares para vivenciar a experi\u00eancia da roda de samba.<\/li>\n<\/ul>\n<p>N\u00e3o h\u00e1 necessidade de ser m\u00fasico para participar; a alegria do samba se encontra em cada pessoa disposta a celebrar essa tradi\u00e7\u00e3o.<\/p>\n<h2>Os \u00daltimos Lan\u00e7amentos do Grupo<\/h2>\n<p>Recentemente, o grupo lan\u00e7ou o \u00e1lbum \u201cDo Lado de C\u00e1\u201d, que traz novidades e revisita algumas composi\u00e7\u00f5es cl\u00e1ssicas. O trabalho \u00e9 um testemunho da evolu\u00e7\u00e3o do grupo ao longo dos anos, incorporando novas influ\u00eancias e t\u00e9cnicas, mas sempre mantendo a ess\u00eancia do samba.<\/p>\n<p>Esse \u00e1lbum j\u00e1 est\u00e1 dispon\u00edvel em plataformas de streaming, prometendo conquistar novos ouvintes enquanto encanta os f\u00e3s de longa data. Os temas incluem desde a vida cotidiana at\u00e9 quest\u00f5es sociais, evidenciando a realidade vivida nas comunidades onde o samba floresce.<\/p>\n<h2>A Tradi\u00e7\u00e3o do Samba em S\u00e3o Paulo<\/h2>\n<p>A tradi\u00e7\u00e3o do samba em S\u00e3o Paulo \u00e9 rica e diversificada. O grupo Voc\u00ea Vai Se Quiser conecta essa heran\u00e7a com a modernidade, buscando expressar a cultura local atrav\u00e9s de suas apresenta\u00e7\u00f5es. A cidade \u00e9 um caldeir\u00e3o de influ\u00eancias que moldaram o samba paulista, que \u00e9 reconhecido tanto nacional quanto internacionalmente.<\/p>\n<p>Participar e apoiar grupos como Voc\u00ea Vai Se Quiser \u00e9 fundamental para a continuidade dessa tradi\u00e7\u00e3o. Por meio de eventos, festivais e celebra\u00e7\u00f5es, a cultura do samba permanece viva e pulsante, assegurando que suas ra\u00edzes n\u00e3o sejam esquecidas e que novas gera\u00e7\u00f5es possam desfrutar de sua beleza.<\/p>\n\n<div style=\"font-size: 0px; height: 0px; line-height: 0px; margin: 0; padding: 0; clear: both;\"><\/div>","protected":false},"excerpt":{"rendered":"<p>Voc\u00ea Vai Se Quiser \u00e9 um grupo de samba que traz tradi\u00e7\u00e3o e inova\u00e7\u00e3o em S\u00e3o Paulo.<\/p>\n","protected":false},"author":1,"featured_media":2910,"comment_status":"open","ping_status":"closed","sticky":false,"template":"","format":"standard","meta":{"footnotes":""},"categories":[6],"tags":[],"class_list":["post-2911","post","type-post","status-publish","format-standard","has-post-thumbnail","hentry","category-noticias-no-bom-retiro","has_thumb"],"aioseo_notices":[],"aioseo_head":"\n\t\t<!-- All in One SEO 5.0.0.1 - aioseo.com -->\n\t<meta name=\"description\" content=\"Voc\u00ea Vai Se Quiser \u00e9 um grupo de samba que traz tradi\u00e7\u00e3o e inova\u00e7\u00e3o em S\u00e3o Paulo.\" \/>\n\t<meta name=\"robots\" content=\"max-image-preview:large\" \/>\n\t<meta name=\"author\" content=\"Encontra Bom Retiro\"\/>\n\t<link rel=\"canonical\" href=\"https:\/\/www.encontrabomretiro.com.br\/sobre\/voce-vai-se-quiser\/\" \/>\n\t<meta name=\"generator\" content=\"All in One SEO (AIOSEO) 5.0.0.1\" \/>\n\t\t<meta property=\"og:locale\" content=\"pt_BR\" \/>\n\t\t<meta property=\"og:site_name\" content=\"Encontra Bom Retiro | Not\u00edcias, eventos, informa\u00e7\u00f5es e dicas no bairro do Bom Retiro e regi\u00e3o.\" \/>\n\t\t<meta property=\"og:type\" content=\"article\" \/>\n\t\t<meta property=\"og:title\" content=\"Voc\u00ea Vai Se Quiser | Encontra Bom Retiro\" \/>\n\t\t<meta property=\"og:description\" content=\"Voc\u00ea Vai Se Quiser \u00e9 um grupo de samba que traz tradi\u00e7\u00e3o e inova\u00e7\u00e3o em S\u00e3o Paulo.\" \/>\n\t\t<meta property=\"og:url\" content=\"https:\/\/www.encontrabomretiro.com.br\/sobre\/voce-vai-se-quiser\/\" \/>\n\t\t<meta property=\"article:published_time\" content=\"2026-06-09T11:41:31+00:00\" \/>\n\t\t<meta property=\"article:modified_time\" content=\"2026-06-09T11:41:31+00:00\" \/>\n\t\t<meta name=\"twitter:card\" content=\"summary_large_image\" \/>\n\t\t<meta name=\"twitter:title\" content=\"Voc\u00ea Vai Se Quiser | Encontra Bom Retiro\" \/>\n\t\t<meta name=\"twitter:description\" content=\"Voc\u00ea Vai Se Quiser \u00e9 um grupo de samba que traz tradi\u00e7\u00e3o e inova\u00e7\u00e3o em S\u00e3o Paulo.\" \/>\n\t\t<script type=\"application\/ld+json\" class=\"aioseo-schema\">\n\t\t\t{\"@context\":\"https:\\\/\\\/schema.org\",\"@graph\":[{\"@type\":\"Article\",\"@id\":\"https:\\\/\\\/www.encontrabomretiro.com.br\\\/sobre\\\/voce-vai-se-quiser\\\/#article\",\"name\":\"Voc\\u00ea Vai Se Quiser | Encontra Bom Retiro\",\"headline\":\"Voc\\u00ea Vai Se Quiser\",\"author\":{\"@id\":\"https:\\\/\\\/www.encontrabomretiro.com.br\\\/sobre\\\/author\\\/ebomretiro\\\/#author\"},\"publisher\":{\"@id\":\"https:\\\/\\\/www.encontrabomretiro.com.br\\\/sobre\\\/#organization\"},\"image\":{\"@type\":\"ImageObject\",\"url\":\"https:\\\/\\\/www.encontrabomretiro.com.br\\\/sobre\\\/wp-content\\\/uploads\\\/2026\\\/06\\\/voce-vai-se-quiser.webp\",\"width\":280,\"height\":280,\"caption\":\"Voc\\u00ea Vai Se Quiser\"},\"datePublished\":\"2026-06-09T09:41:31-02:00\",\"dateModified\":\"2026-06-09T09:41:31-02:00\",\"inLanguage\":\"pt-BR\",\"mainEntityOfPage\":{\"@id\":\"https:\\\/\\\/www.encontrabomretiro.com.br\\\/sobre\\\/voce-vai-se-quiser\\\/#webpage\"},\"isPartOf\":{\"@id\":\"https:\\\/\\\/www.encontrabomretiro.com.br\\\/sobre\\\/voce-vai-se-quiser\\\/#webpage\"},\"articleSection\":\"Not\\u00edcias Bom Retiro\"},{\"@type\":\"BreadcrumbList\",\"@id\":\"https:\\\/\\\/www.encontrabomretiro.com.br\\\/sobre\\\/voce-vai-se-quiser\\\/#breadcrumblist\",\"itemListElement\":[{\"@type\":\"ListItem\",\"@id\":\"https:\\\/\\\/www.encontrabomretiro.com.br\\\/sobre#listItem\",\"position\":1,\"name\":\"Dom\\u00e9stica\",\"item\":\"https:\\\/\\\/www.encontrabomretiro.com.br\\\/sobre\",\"nextItem\":{\"@type\":\"ListItem\",\"@id\":\"https:\\\/\\\/www.encontrabomretiro.com.br\\\/sobre\\\/noticias-no-bom-retiro\\\/#listItem\",\"name\":\"Not\\u00edcias Bom Retiro\"}},{\"@type\":\"ListItem\",\"@id\":\"https:\\\/\\\/www.encontrabomretiro.com.br\\\/sobre\\\/noticias-no-bom-retiro\\\/#listItem\",\"position\":2,\"name\":\"Not\\u00edcias Bom Retiro\",\"item\":\"https:\\\/\\\/www.encontrabomretiro.com.br\\\/sobre\\\/noticias-no-bom-retiro\\\/\",\"nextItem\":{\"@type\":\"ListItem\",\"@id\":\"https:\\\/\\\/www.encontrabomretiro.com.br\\\/sobre\\\/voce-vai-se-quiser\\\/#listItem\",\"name\":\"Voc\\u00ea Vai Se Quiser\"},\"previousItem\":{\"@type\":\"ListItem\",\"@id\":\"https:\\\/\\\/www.encontrabomretiro.com.br\\\/sobre#listItem\",\"name\":\"Dom\\u00e9stica\"}},{\"@type\":\"ListItem\",\"@id\":\"https:\\\/\\\/www.encontrabomretiro.com.br\\\/sobre\\\/voce-vai-se-quiser\\\/#listItem\",\"position\":3,\"name\":\"Voc\\u00ea Vai Se Quiser\",\"previousItem\":{\"@type\":\"ListItem\",\"@id\":\"https:\\\/\\\/www.encontrabomretiro.com.br\\\/sobre\\\/noticias-no-bom-retiro\\\/#listItem\",\"name\":\"Not\\u00edcias Bom Retiro\"}}]},{\"@type\":\"Organization\",\"@id\":\"https:\\\/\\\/www.encontrabomretiro.com.br\\\/sobre\\\/#organization\",\"name\":\"Encontra Bom Retiro\",\"description\":\"Not\\u00edcias, eventos, informa\\u00e7\\u00f5es e dicas no bairro do Bom Retiro e regi\\u00e3o.\",\"url\":\"https:\\\/\\\/www.encontrabomretiro.com.br\\\/sobre\\\/\"},{\"@type\":\"Person\",\"@id\":\"https:\\\/\\\/www.encontrabomretiro.com.br\\\/sobre\\\/author\\\/ebomretiro\\\/#author\",\"url\":\"https:\\\/\\\/www.encontrabomretiro.com.br\\\/sobre\\\/author\\\/ebomretiro\\\/\",\"name\":\"Encontra Bom Retiro\",\"image\":{\"@type\":\"ImageObject\",\"@id\":\"https:\\\/\\\/www.encontrabomretiro.com.br\\\/sobre\\\/voce-vai-se-quiser\\\/#authorImage\",\"url\":\"https:\\\/\\\/secure.gravatar.com\\\/avatar\\\/507340682b8270222e1f208e23198b6ae7e2c6a1033ae84e99bc6bce4f82a387?s=96&d=mm&r=g\",\"width\":96,\"height\":96,\"caption\":\"Encontra Bom Retiro\"}},{\"@type\":\"WebPage\",\"@id\":\"https:\\\/\\\/www.encontrabomretiro.com.br\\\/sobre\\\/voce-vai-se-quiser\\\/#webpage\",\"url\":\"https:\\\/\\\/www.encontrabomretiro.com.br\\\/sobre\\\/voce-vai-se-quiser\\\/\",\"name\":\"Voc\\u00ea Vai Se Quiser | Encontra Bom Retiro\",\"description\":\"Voc\\u00ea Vai Se Quiser \\u00e9 um grupo de samba que traz tradi\\u00e7\\u00e3o e inova\\u00e7\\u00e3o em S\\u00e3o Paulo.\",\"inLanguage\":\"pt-BR\",\"isPartOf\":{\"@id\":\"https:\\\/\\\/www.encontrabomretiro.com.br\\\/sobre\\\/#website\"},\"breadcrumb\":{\"@id\":\"https:\\\/\\\/www.encontrabomretiro.com.br\\\/sobre\\\/voce-vai-se-quiser\\\/#breadcrumblist\"},\"author\":{\"@id\":\"https:\\\/\\\/www.encontrabomretiro.com.br\\\/sobre\\\/author\\\/ebomretiro\\\/#author\"},\"creator\":{\"@id\":\"https:\\\/\\\/www.encontrabomretiro.com.br\\\/sobre\\\/author\\\/ebomretiro\\\/#author\"},\"image\":{\"@type\":\"ImageObject\",\"url\":\"https:\\\/\\\/www.encontrabomretiro.com.br\\\/sobre\\\/wp-content\\\/uploads\\\/2026\\\/06\\\/voce-vai-se-quiser.webp\",\"@id\":\"https:\\\/\\\/www.encontrabomretiro.com.br\\\/sobre\\\/voce-vai-se-quiser\\\/#mainImage\",\"width\":280,\"height\":280,\"caption\":\"Voc\\u00ea Vai Se Quiser\"},\"primaryImageOfPage\":{\"@id\":\"https:\\\/\\\/www.encontrabomretiro.com.br\\\/sobre\\\/voce-vai-se-quiser\\\/#mainImage\"},\"datePublished\":\"2026-06-09T09:41:31-02:00\",\"dateModified\":\"2026-06-09T09:41:31-02:00\"},{\"@type\":\"WebSite\",\"@id\":\"https:\\\/\\\/www.encontrabomretiro.com.br\\\/sobre\\\/#website\",\"url\":\"https:\\\/\\\/www.encontrabomretiro.com.br\\\/sobre\\\/\",\"name\":\"Encontra Bom Retiro\",\"description\":\"Not\\u00edcias, eventos, informa\\u00e7\\u00f5es e dicas no bairro do Bom Retiro e regi\\u00e3o.\",\"inLanguage\":\"pt-BR\",\"publisher\":{\"@id\":\"https:\\\/\\\/www.encontrabomretiro.com.br\\\/sobre\\\/#organization\"}}]}\n\t\t<\/script>\n\t\t<!-- All in One SEO -->\n\n","aioseo_head_json":{"title":"Voc\u00ea Vai Se Quiser | Encontra Bom Retiro","description":"Voc\u00ea Vai Se Quiser \u00e9 um grupo de samba que traz tradi\u00e7\u00e3o e inova\u00e7\u00e3o em S\u00e3o Paulo.","canonical_url":"https:\/\/www.encontrabomretiro.com.br\/sobre\/voce-vai-se-quiser\/","robots":"max-image-preview:large","keywords":"","webmasterTools":{"miscellaneous":""},"schema":{"@context":"https:\/\/schema.org","@graph":[{"@type":"Article","@id":"https:\/\/www.encontrabomretiro.com.br\/sobre\/voce-vai-se-quiser\/#article","name":"Voc\u00ea Vai Se Quiser | Encontra Bom Retiro","headline":"Voc\u00ea Vai Se Quiser","author":{"@id":"https:\/\/www.encontrabomretiro.com.br\/sobre\/author\/ebomretiro\/#author"},"publisher":{"@id":"https:\/\/www.encontrabomretiro.com.br\/sobre\/#organization"},"image":{"@type":"ImageObject","url":"https:\/\/www.encontrabomretiro.com.br\/sobre\/wp-content\/uploads\/2026\/06\/voce-vai-se-quiser.webp","width":280,"height":280,"caption":"Voc\u00ea Vai Se Quiser"},"datePublished":"2026-06-09T09:41:31-02:00","dateModified":"2026-06-09T09:41:31-02:00","inLanguage":"pt-BR","mainEntityOfPage":{"@id":"https:\/\/www.encontrabomretiro.com.br\/sobre\/voce-vai-se-quiser\/#webpage"},"isPartOf":{"@id":"https:\/\/www.encontrabomretiro.com.br\/sobre\/voce-vai-se-quiser\/#webpage"},"articleSection":"Not\u00edcias Bom Retiro"},{"@type":"BreadcrumbList","@id":"https:\/\/www.encontrabomretiro.com.br\/sobre\/voce-vai-se-quiser\/#breadcrumblist","itemListElement":[{"@type":"ListItem","@id":"https:\/\/www.encontrabomretiro.com.br\/sobre#listItem","position":1,"name":"Dom\u00e9stica","item":"https:\/\/www.encontrabomretiro.com.br\/sobre","nextItem":{"@type":"ListItem","@id":"https:\/\/www.encontrabomretiro.com.br\/sobre\/noticias-no-bom-retiro\/#listItem","name":"Not\u00edcias Bom Retiro"}},{"@type":"ListItem","@id":"https:\/\/www.encontrabomretiro.com.br\/sobre\/noticias-no-bom-retiro\/#listItem","position":2,"name":"Not\u00edcias Bom Retiro","item":"https:\/\/www.encontrabomretiro.com.br\/sobre\/noticias-no-bom-retiro\/","nextItem":{"@type":"ListItem","@id":"https:\/\/www.encontrabomretiro.com.br\/sobre\/voce-vai-se-quiser\/#listItem","name":"Voc\u00ea Vai Se Quiser"},"previousItem":{"@type":"ListItem","@id":"https:\/\/www.encontrabomretiro.com.br\/sobre#listItem","name":"Dom\u00e9stica"}},{"@type":"ListItem","@id":"https:\/\/www.encontrabomretiro.com.br\/sobre\/voce-vai-se-quiser\/#listItem","position":3,"name":"Voc\u00ea Vai Se Quiser","previousItem":{"@type":"ListItem","@id":"https:\/\/www.encontrabomretiro.com.br\/sobre\/noticias-no-bom-retiro\/#listItem","name":"Not\u00edcias Bom Retiro"}}]},{"@type":"Organization","@id":"https:\/\/www.encontrabomretiro.com.br\/sobre\/#organization","name":"Encontra Bom Retiro","description":"Not\u00edcias, eventos, informa\u00e7\u00f5es e dicas no bairro do Bom Retiro e regi\u00e3o.","url":"https:\/\/www.encontrabomretiro.com.br\/sobre\/"},{"@type":"Person","@id":"https:\/\/www.encontrabomretiro.com.br\/sobre\/author\/ebomretiro\/#author","url":"https:\/\/www.encontrabomretiro.com.br\/sobre\/author\/ebomretiro\/","name":"Encontra Bom Retiro","image":{"@type":"ImageObject","@id":"https:\/\/www.encontrabomretiro.com.br\/sobre\/voce-vai-se-quiser\/#authorImage","url":"https:\/\/secure.gravatar.com\/avatar\/507340682b8270222e1f208e23198b6ae7e2c6a1033ae84e99bc6bce4f82a387?s=96&d=mm&r=g","width":96,"height":96,"caption":"Encontra Bom Retiro"}},{"@type":"WebPage","@id":"https:\/\/www.encontrabomretiro.com.br\/sobre\/voce-vai-se-quiser\/#webpage","url":"https:\/\/www.encontrabomretiro.com.br\/sobre\/voce-vai-se-quiser\/","name":"Voc\u00ea Vai Se Quiser | Encontra Bom Retiro","description":"Voc\u00ea Vai Se Quiser \u00e9 um grupo de samba que traz tradi\u00e7\u00e3o e inova\u00e7\u00e3o em S\u00e3o Paulo.","inLanguage":"pt-BR","isPartOf":{"@id":"https:\/\/www.encontrabomretiro.com.br\/sobre\/#website"},"breadcrumb":{"@id":"https:\/\/www.encontrabomretiro.com.br\/sobre\/voce-vai-se-quiser\/#breadcrumblist"},"author":{"@id":"https:\/\/www.encontrabomretiro.com.br\/sobre\/author\/ebomretiro\/#author"},"creator":{"@id":"https:\/\/www.encontrabomretiro.com.br\/sobre\/author\/ebomretiro\/#author"},"image":{"@type":"ImageObject","url":"https:\/\/www.encontrabomretiro.com.br\/sobre\/wp-content\/uploads\/2026\/06\/voce-vai-se-quiser.webp","@id":"https:\/\/www.encontrabomretiro.com.br\/sobre\/voce-vai-se-quiser\/#mainImage","width":280,"height":280,"caption":"Voc\u00ea Vai Se Quiser"},"primaryImageOfPage":{"@id":"https:\/\/www.encontrabomretiro.com.br\/sobre\/voce-vai-se-quiser\/#mainImage"},"datePublished":"2026-06-09T09:41:31-02:00","dateModified":"2026-06-09T09:41:31-02:00"},{"@type":"WebSite","@id":"https:\/\/www.encontrabomretiro.com.br\/sobre\/#website","url":"https:\/\/www.encontrabomretiro.com.br\/sobre\/","name":"Encontra Bom Retiro","description":"Not\u00edcias, eventos, informa\u00e7\u00f5es e dicas no bairro do Bom Retiro e regi\u00e3o.","inLanguage":"pt-BR","publisher":{"@id":"https:\/\/www.encontrabomretiro.com.br\/sobre\/#organization"}}]},"og:locale":"pt_BR","og:site_name":"Encontra Bom Retiro | Not\u00edcias, eventos, informa\u00e7\u00f5es e dicas no bairro do Bom Retiro e regi\u00e3o.","og:type":"article","og:title":"Voc\u00ea Vai Se Quiser | Encontra Bom Retiro","og:description":"Voc\u00ea Vai Se Quiser \u00e9 um grupo de samba que traz tradi\u00e7\u00e3o e inova\u00e7\u00e3o em S\u00e3o Paulo.","og:url":"https:\/\/www.encontrabomretiro.com.br\/sobre\/voce-vai-se-quiser\/","article:published_time":"2026-06-09T11:41:31+00:00","article:modified_time":"2026-06-09T11:41:31+00:00","twitter:card":"summary_large_image","twitter:title":"Voc\u00ea Vai Se Quiser | Encontra Bom Retiro","twitter:description":"Voc\u00ea Vai Se Quiser \u00e9 um grupo de samba que traz tradi\u00e7\u00e3o e inova\u00e7\u00e3o em S\u00e3o Paulo."},"aioseo_meta_data":{"post_id":"2911","title":null,"description":null,"keywords":null,"keyphrases":null,"primary_term":null,"canonical_url":null,"og_title":null,"og_description":null,"og_object_type":"default","og_image_type":"default","og_image_url":null,"og_image_width":null,"og_image_height":null,"og_image_custom_url":null,"og_image_custom_fields":null,"og_video":null,"og_custom_url":null,"og_article_section":null,"og_article_tags":null,"twitter_use_og":false,"twitter_card":"default","twitter_image_type":"default","twitter_image_url":null,"twitter_image_custom_url":null,"twitter_image_custom_fields":null,"twitter_title":null,"twitter_description":null,"schema":{"blockGraphs":[],"customGraphs":[],"default":{"data":{"Article":[],"Course":[],"Dataset":[],"FAQPage":[],"Movie":[],"Person":[],"Product":[],"ProductReview":[],"Car":[],"Recipe":[],"Service":[],"SoftwareApplication":[],"WebPage":[]},"graphName":"Article","isEnabled":true},"graphs":[]},"schema_type":"default","schema_type_options":null,"pillar_content":false,"robots_default":true,"robots_noindex":false,"robots_noarchive":false,"robots_nosnippet":false,"robots_nofollow":false,"robots_noimageindex":false,"robots_noodp":false,"robots_notranslate":false,"robots_max_snippet":null,"robots_max_videopreview":null,"robots_max_imagepreview":"large","priority":null,"frequency":null,"local_seo":null,"breadcrumb_settings":null,"limit_modified_date":false,"ai":null,"created":"2026-06-09 11:41:36","updated":"2026-06-09 11:54:41","focus_keyword":null,"additional_keywords":null,"truseo_locale":null,"seo_analyzer_scan_date":null},"aioseo_breadcrumb":"<div class=\"aioseo-breadcrumbs\"><span class=\"aioseo-breadcrumb\">\n\t\t\t<a href=\"https:\/\/www.encontrabomretiro.com.br\/sobre\" title=\"Dom\u00e9stica\">Dom\u00e9stica<\/a>\n\t\t<\/span><span class=\"aioseo-breadcrumb-separator\">&raquo;<\/span><span class=\"aioseo-breadcrumb\">\n\t\t\t<a href=\"https:\/\/www.encontrabomretiro.com.br\/sobre\/noticias-no-bom-retiro\/\" title=\"Not\u00edcias Bom Retiro\">Not\u00edcias Bom Retiro<\/a>\n\t\t<\/span><span class=\"aioseo-breadcrumb-separator\">&raquo;<\/span><span class=\"aioseo-breadcrumb\">\n\t\t\tVoc\u00ea Vai Se Quiser\n\t\t<\/span><\/div>","aioseo_breadcrumb_json":[{"label":"Dom\u00e9stica","link":"https:\/\/www.encontrabomretiro.com.br\/sobre"},{"label":"Not\u00edcias Bom Retiro","link":"https:\/\/www.encontrabomretiro.com.br\/sobre\/noticias-no-bom-retiro\/"},{"label":"Voc\u00ea Vai Se Quiser","link":"https:\/\/www.encontrabomretiro.com.br\/sobre\/voce-vai-se-quiser\/"}],"_links":{"self":[{"href":"https:\/\/www.encontrabomretiro.com.br\/sobre\/wp-json\/wp\/v2\/posts\/2911","targetHints":{"allow":["GET"]}}],"collection":[{"href":"https:\/\/www.encontrabomretiro.com.br\/sobre\/wp-json\/wp\/v2\/posts"}],"about":[{"href":"https:\/\/www.encontrabomretiro.com.br\/sobre\/wp-json\/wp\/v2\/types\/post"}],"author":[{"embeddable":true,"href":"https:\/\/www.encontrabomretiro.com.br\/sobre\/wp-json\/wp\/v2\/users\/1"}],"replies":[{"embeddable":true,"href":"https:\/\/www.encontrabomretiro.com.br\/sobre\/wp-json\/wp\/v2\/comments?post=2911"}],"version-history":[{"count":0,"href":"https:\/\/www.encontrabomretiro.com.br\/sobre\/wp-json\/wp\/v2\/posts\/2911\/revisions"}],"wp:featuredmedia":[{"embeddable":true,"href":"https:\/\/www.encontrabomretiro.com.br\/sobre\/wp-json\/wp\/v2\/media\/2910"}],"wp:attachment":[{"href":"https:\/\/www.encontrabomretiro.com.br\/sobre\/wp-json\/wp\/v2\/media?parent=2911"}],"wp:term":[{"taxonomy":"category","embeddable":true,"href":"https:\/\/www.encontrabomretiro.com.br\/sobre\/wp-json\/wp\/v2\/categories?post=2911"},{"taxonomy":"post_tag","embeddable":true,"href":"https:\/\/www.encontrabomretiro.com.br\/sobre\/wp-json\/wp\/v2\/tags?post=2911"}],"curies":[{"name":"wp","href":"https:\/\/api.w.org\/{rel}","templated":true}]}}