{"id":2878,"date":"2026-05-31T09:53:44","date_gmt":"2026-05-31T11:53:44","guid":{"rendered":"https:\/\/www.encontrabomretiro.com.br\/sobre\/veja-como-e-a-loja-do-blackpink-em-sp\/"},"modified":"2026-05-31T09:53:44","modified_gmt":"2026-05-31T11:53:44","slug":"veja-como-e-a-loja-do-blackpink-em-sp","status":"publish","type":"post","link":"https:\/\/www.encontrabomretiro.com.br\/sobre\/veja-como-e-a-loja-do-blackpink-em-sp\/","title":{"rendered":"Veja como \u00e9 a loja do Blackpink em SP"},"content":{"rendered":"<div class=\"228b65ae207de3c5c501cfe75875708b\" data-index=\"1\" style=\"float: none; margin:0px;\">\n<!-- Anuncio display - global -->\r\n<ins class=\"adsbygoogle\"\r\n     style=\"display:block\"\r\n     data-ad-client=\"ca-pub-8585364105181520\"\r\n     data-ad-slot=\"8789329856\"\r\n     data-ad-format=\"auto\"\r\n     data-full-width-responsive=\"true\"><\/ins>\r\n<script>\r\n     (adsbygoogle = window.adsbygoogle || []).push({});\r\n<\/script>\n<\/div>\n<h2>Ambiente da Loja<\/h2>\n<p>A loja tempor\u00e1ria do Blackpink est\u00e1 localizada no movimentado bairro do Bom Retiro, em S\u00e3o Paulo. Este espa\u00e7o \u00e9 especialmente projetado para os f\u00e3s do grupo, oferecendo uma experi\u00eancia imersiva e envolvente. Ao entrar, os visitantes s\u00e3o recebidos com uma atmosfera vibrante, decorada com cores marcantes e elementos visuais que homenageiam as integrantes da banda.<\/p>\n<p>As paredes est\u00e3o adornadas com pain\u00e9is de fotos das performances ic\u00f4nicas do grupo e luzes que criam um ambiente festivo, refletindo a energia do K-Pop. A mobilidade dentro da loja \u00e9 facilitada por uma disposi\u00e7\u00e3o pensada para permitir que os f\u00e3s possam circular facilmente, apreciar os produtos e tirar fotos com as v\u00e1rias instala\u00e7\u00f5es criativas ao longo do espa\u00e7o.<\/p>\n<h2>Produtos Dispon\u00edveis<\/h2>\n<p>Na loja, os visitantes podem encontrar uma variedade impressionante de produtos oficiais do Blackpink. Dentre os itens dispon\u00edveis, destacam-se:<\/p>\n<p><img decoding=\"async\" src=\"https:\/\/www.encontrabomretiro.com.br\/sobre\/wp-content\/uploads\/2026\/05\/veja-como-e-a-loja-do-blackpink-em-sp.webp\" alt=\"loja do Blackpink em SP\" loading=\"lazy\" \/><\/p>\n<ul>\n<li><strong>Camisetas:<\/strong> Com estampas exclusivas, representando os \u00e1lbuns e singles mais famosos do grupo.<\/li>\n<li><strong>Fones de ouvido:<\/strong> Personalizados com o tema do Blackpink, oferecendo design e qualidade de som premium.<\/li>\n<li><strong>P\u00f4steres:<\/strong> Decorativos, com imagens de alta qualidade das integrantes, perfeitos para f\u00e3s que desejam enfeitar suas paredes.<\/li>\n<li><strong>Figuras de a\u00e7\u00e3o:<\/strong> Colecion\u00e1veis que retratam as integrantes do grupo de forma detalhada e vibrante.<\/li>\n<li><strong>Acess\u00f3rios:<\/strong> Como bon\u00e9s, bolsas e bijuterias inspiradas no estilo \u00fanico do grupo.<\/li>\n<\/ul>\n<p>Al\u00e9m desses itens, a loja tamb\u00e9m oferece edi\u00e7\u00f5es limitadas de produtos, que atraem colecionadores e os f\u00e3s mais dedicados da banda.<\/p>\n<h2>Hist\u00f3ria do Blackpink<\/h2>\n<p>Blackpink \u00e9 um grupo feminino de K-Pop formado pela YG Entertainment, que debutou em 2016. Composto por quatro integrantes: Jisoo, Jennie, Ros\u00e9 e Lisa, o grupo rapidamente ganhou popularidade mundial. Conhecidos por sua m\u00fasica cativante e coreografias impressionantes, o Blackpink conquistou diversos pr\u00eamios e quebrou recordes em plataformas de streaming.<\/p>\n<p>A singularidade do grupo est\u00e1 no mix de estilos musicais que combina pop, hip-hop e EDM, resultando em uma sonoridade que cativa f\u00e3s de diversas idades. Os clipes do grupo s\u00e3o um espet\u00e1culo \u00e0 parte, com produ\u00e7\u00f5es grandiosas que combinam moda, arte e dan\u00e7a, contribuindo para o seu status de \u00edcones globais.<\/p>\n<h2>A Influ\u00eancia do K-Pop<\/h2>\n<p>O K-Pop, ou pop coreano, tem se tornado um fen\u00f4meno global e o Blackpink \u00e9 um dos principais respons\u00e1veis por essa populariza\u00e7\u00e3o. Atrav\u00e9s de suas m\u00fasicas, o grupo promove n\u00e3o apenas entretenimento, mas tamb\u00e9m aspectos da cultura sul-coreana. A influ\u00eancia do Blackpink vai al\u00e9m da m\u00fasica, atingindo \u00e1reas como moda e redes sociais, onde o estilo e as prefer\u00eancias das integrantes inspiram milh\u00f5es de jovens.<\/p>\n<p>Os f\u00e3s do Blackpink, conhecidos como &#8220;Blinks&#8221;, s\u00e3o engajados ativamente nas redes sociais, compartilhando conte\u00fados, criando fandoms e promovendo campanhas. Essa comunidade tem um papel fundamental na dissemina\u00e7\u00e3o do K-Pop pelo mundo e na organiza\u00e7\u00e3o de eventos relacionados ao grupo.<\/p>\n<h2>Eventos na Loja<\/h2>\n<p>A loja do Blackpink n\u00e3o \u00e9 apenas um espa\u00e7o de vendas; \u00e9 tamb\u00e9m um ponto de encontro para os f\u00e3s. Durante toda a sua opera\u00e7\u00e3o, s\u00e3o realizados eventos especiais, como sess\u00f5es de aut\u00f3grafos, encontros com f\u00e3s e lan\u00e7amentos de novos produtos. Essas atividades geram momentos memor\u00e1veis para os f\u00e3s e ajudam a fortalecer o la\u00e7o da comunidade.<\/p>\n<p>Al\u00e9m disso, a loja frequentemente apresenta promo\u00e7\u00f5es e produtos exclusivos durante datas comemorativas, como o anivers\u00e1rio do grupo ou o lan\u00e7amento de novos \u00e1lbuns, atraindo ainda mais visitantes.<\/p>\n<h2>Como Chegar ao Bom Retiro<\/h2>\n<p>OBom Retiro \u00e9 de f\u00e1cil acesso, localizado no centro de S\u00e3o Paulo. Existem diversas op\u00e7\u00f5es de transporte:<\/p>\n<ul>\n<li><strong>Metr\u00f4:<\/strong> A esta\u00e7\u00e3o mais pr\u00f3xima \u00e9 a <em>S\u00e3o Bento<\/em>, que fica a uma curta caminhada da loja.<\/li>\n<li><strong>\u00d4nibus:<\/strong> H\u00e1 v\u00e1rias linhas de \u00f4nibus que atendem a regi\u00e3o, facilitando o acesso de diferentes partes da cidade.<\/li>\n<li><strong>Transporte por aplicativo:<\/strong> Servi\u00e7os como Uber e 99 s\u00e3o amplamente utilizados na cidade e s\u00e3o uma op\u00e7\u00e3o conveniente.<\/li>\n<\/ul>\n<p>Para quem prefere ir de carro, h\u00e1 estacionamento nas proximidades, embora a \u00e1rea possa ficar congestionada durante hor\u00e1rios de pico.<\/p>\n<h2>Pre\u00e7o dos Produtos<\/h2>\n<p>Os pre\u00e7os dos produtos variam de acordo com os itens e podem ser considerados acess\u00edveis em compara\u00e7\u00e3o com produtos de cultura pop de outros pa\u00edses. A loja oferece op\u00e7\u00f5es para diferentes or\u00e7amentos:<\/p>\n<ul>\n<li><strong>Itens menores:<\/strong> Como chaveiros e adesivos, custam a partir de R$ 10.<\/li>\n<li><strong>Camisetas:<\/strong> Geralmente variam entre R$ 80 e R$ 150.<\/li>\n<li><strong>Produtos exclusivos:<\/strong> Como edi\u00e7\u00f5es limitadas, podem chegar a pre\u00e7os mais altos.<\/li>\n<\/ul>\n<p>Al\u00e9m disso, a loja realiza promo\u00e7\u00f5es ocasionais, permitindo que os f\u00e3s adquiram produtos a pre\u00e7os mais acess\u00edveis.<\/p>\n<h2>Experi\u00eancia do Cliente<\/h2>\n<p>Os visitantes da loja do Blackpink frequentemente relatam experi\u00eancias positivas, destacando a empolga\u00e7\u00e3o de estar em um ambiente dedicado a seu grupo favorito. Os funcion\u00e1rios s\u00e3o conhecidos por serem atenciosos e apaixonados pela m\u00fasica, proporcionando um atendimento excepcional.<\/p>\n<p>Os f\u00e3s tamb\u00e9m valorizam a oportunidade de interagir com outros &#8220;Blinks&#8221;, criando um senso de comunidade e pertencimento. Al\u00e9m do ambiente, a decora\u00e7\u00e3o e a organiza\u00e7\u00e3o da loja s\u00e3o bem avaliadas, tornando a visita agradavelmente impressionante.<\/p>\n<h2>Ativa\u00e7\u00e3o nas Redes Sociais<\/h2>\n<p>A presen\u00e7a digital da loja \u00e9 forte, com ativa\u00e7\u00f5es nas principais redes sociais. O Blackpink utiliza Instagram, Twitter e TikTok para interagir com os f\u00e3s e divulgar novidades. Frequentemente, h\u00e1 postagens sobre eventos, lan\u00e7amentos e produtos dispon\u00edveis, al\u00e9m de concursos e campanhas promocionais que incentivam a participa\u00e7\u00e3o dos seguidores.<\/p>\n<p>Os f\u00e3s s\u00e3o encorajados a marcar suas fotos tiradas na loja com hashtags espec\u00edficas, aumentando a visibilidade e o engajamento na comunidade online.<\/p>\n<h2>Impress\u00e3o para F\u00e3s<\/h2>\n<p>Para os milhares de f\u00e3s que visitam a loja, a experi\u00eancia \u00e9 mais do que uma simples compra. \u00c9 uma celebra\u00e7\u00e3o da cultura K-Pop e uma oportunidade de se conectar com outros apaixonados. Para muitos, a loja se torna um santu\u00e1rio onde podem celebrar sua admira\u00e7\u00e3o pelo Blackpink e adquirir produtos que representam essa paix\u00e3o.<\/p>\n<p>Assim, a loja do Blackpink em S\u00e3o Paulo n\u00e3o oferece apenas itens de merchandising, mas tamb\u00e9m cria lembran\u00e7as duradouras e fortalece a conex\u00e3o da comunidade de f\u00e3s com o grupo.<\/p>\n\n<div style=\"font-size: 0px; height: 0px; line-height: 0px; margin: 0; padding: 0; clear: both;\"><\/div>","protected":false},"excerpt":{"rendered":"<p>A loja do Blackpink em SP \u00e9 parada obrigat\u00f3ria para os f\u00e3s de K-pop.<\/p>\n","protected":false},"author":1,"featured_media":2877,"comment_status":"open","ping_status":"closed","sticky":false,"template":"","format":"standard","meta":{"footnotes":""},"categories":[6],"tags":[],"class_list":["post-2878","post","type-post","status-publish","format-standard","has-post-thumbnail","hentry","category-noticias-no-bom-retiro","has_thumb"],"aioseo_notices":[],"aioseo_head":"\n\t\t<!-- All in One SEO 5.0.0.1 - aioseo.com -->\n\t<meta name=\"description\" content=\"A loja do Blackpink em SP \u00e9 parada obrigat\u00f3ria para os f\u00e3s de K-pop.\" \/>\n\t<meta name=\"robots\" content=\"max-image-preview:large\" \/>\n\t<meta name=\"author\" content=\"Encontra Bom Retiro\"\/>\n\t<link rel=\"canonical\" href=\"https:\/\/www.encontrabomretiro.com.br\/sobre\/veja-como-e-a-loja-do-blackpink-em-sp\/\" \/>\n\t<meta name=\"generator\" content=\"All in One SEO (AIOSEO) 5.0.0.1\" \/>\n\t\t<meta property=\"og:locale\" content=\"pt_BR\" \/>\n\t\t<meta property=\"og:site_name\" content=\"Encontra Bom Retiro | Not\u00edcias, eventos, informa\u00e7\u00f5es e dicas no bairro do Bom Retiro e regi\u00e3o.\" \/>\n\t\t<meta property=\"og:type\" content=\"article\" \/>\n\t\t<meta property=\"og:title\" content=\"Veja como \u00e9 a loja do Blackpink em SP | Encontra Bom Retiro\" \/>\n\t\t<meta property=\"og:description\" content=\"A loja do Blackpink em SP \u00e9 parada obrigat\u00f3ria para os f\u00e3s de K-pop.\" \/>\n\t\t<meta property=\"og:url\" content=\"https:\/\/www.encontrabomretiro.com.br\/sobre\/veja-como-e-a-loja-do-blackpink-em-sp\/\" \/>\n\t\t<meta property=\"article:published_time\" content=\"2026-05-31T11:53:44+00:00\" \/>\n\t\t<meta property=\"article:modified_time\" content=\"2026-05-31T11:53:44+00:00\" \/>\n\t\t<meta name=\"twitter:card\" content=\"summary_large_image\" \/>\n\t\t<meta name=\"twitter:title\" content=\"Veja como \u00e9 a loja do Blackpink em SP | Encontra Bom Retiro\" \/>\n\t\t<meta name=\"twitter:description\" content=\"A loja do Blackpink em SP \u00e9 parada obrigat\u00f3ria para os f\u00e3s de K-pop.\" \/>\n\t\t<script type=\"application\/ld+json\" class=\"aioseo-schema\">\n\t\t\t{\"@context\":\"https:\\\/\\\/schema.org\",\"@graph\":[{\"@type\":\"Article\",\"@id\":\"https:\\\/\\\/www.encontrabomretiro.com.br\\\/sobre\\\/veja-como-e-a-loja-do-blackpink-em-sp\\\/#article\",\"name\":\"Veja como \\u00e9 a loja do Blackpink em SP | Encontra Bom Retiro\",\"headline\":\"Veja como \\u00e9 a loja do Blackpink em SP\",\"author\":{\"@id\":\"https:\\\/\\\/www.encontrabomretiro.com.br\\\/sobre\\\/author\\\/ebomretiro\\\/#author\"},\"publisher\":{\"@id\":\"https:\\\/\\\/www.encontrabomretiro.com.br\\\/sobre\\\/#organization\"},\"image\":{\"@type\":\"ImageObject\",\"url\":\"https:\\\/\\\/www.encontrabomretiro.com.br\\\/sobre\\\/wp-content\\\/uploads\\\/2026\\\/05\\\/veja-como-e-a-loja-do-blackpink-em-sp.webp\",\"width\":280,\"height\":280,\"caption\":\"loja do Blackpink em SP\"},\"datePublished\":\"2026-05-31T09:53:44-02:00\",\"dateModified\":\"2026-05-31T09:53:44-02:00\",\"inLanguage\":\"pt-BR\",\"mainEntityOfPage\":{\"@id\":\"https:\\\/\\\/www.encontrabomretiro.com.br\\\/sobre\\\/veja-como-e-a-loja-do-blackpink-em-sp\\\/#webpage\"},\"isPartOf\":{\"@id\":\"https:\\\/\\\/www.encontrabomretiro.com.br\\\/sobre\\\/veja-como-e-a-loja-do-blackpink-em-sp\\\/#webpage\"},\"articleSection\":\"Not\\u00edcias Bom Retiro\"},{\"@type\":\"BreadcrumbList\",\"@id\":\"https:\\\/\\\/www.encontrabomretiro.com.br\\\/sobre\\\/veja-como-e-a-loja-do-blackpink-em-sp\\\/#breadcrumblist\",\"itemListElement\":[{\"@type\":\"ListItem\",\"@id\":\"https:\\\/\\\/www.encontrabomretiro.com.br\\\/sobre#listItem\",\"position\":1,\"name\":\"Dom\\u00e9stica\",\"item\":\"https:\\\/\\\/www.encontrabomretiro.com.br\\\/sobre\",\"nextItem\":{\"@type\":\"ListItem\",\"@id\":\"https:\\\/\\\/www.encontrabomretiro.com.br\\\/sobre\\\/noticias-no-bom-retiro\\\/#listItem\",\"name\":\"Not\\u00edcias Bom Retiro\"}},{\"@type\":\"ListItem\",\"@id\":\"https:\\\/\\\/www.encontrabomretiro.com.br\\\/sobre\\\/noticias-no-bom-retiro\\\/#listItem\",\"position\":2,\"name\":\"Not\\u00edcias Bom Retiro\",\"item\":\"https:\\\/\\\/www.encontrabomretiro.com.br\\\/sobre\\\/noticias-no-bom-retiro\\\/\",\"nextItem\":{\"@type\":\"ListItem\",\"@id\":\"https:\\\/\\\/www.encontrabomretiro.com.br\\\/sobre\\\/veja-como-e-a-loja-do-blackpink-em-sp\\\/#listItem\",\"name\":\"Veja como \\u00e9 a loja do Blackpink em SP\"},\"previousItem\":{\"@type\":\"ListItem\",\"@id\":\"https:\\\/\\\/www.encontrabomretiro.com.br\\\/sobre#listItem\",\"name\":\"Dom\\u00e9stica\"}},{\"@type\":\"ListItem\",\"@id\":\"https:\\\/\\\/www.encontrabomretiro.com.br\\\/sobre\\\/veja-como-e-a-loja-do-blackpink-em-sp\\\/#listItem\",\"position\":3,\"name\":\"Veja como \\u00e9 a loja do Blackpink em SP\",\"previousItem\":{\"@type\":\"ListItem\",\"@id\":\"https:\\\/\\\/www.encontrabomretiro.com.br\\\/sobre\\\/noticias-no-bom-retiro\\\/#listItem\",\"name\":\"Not\\u00edcias Bom Retiro\"}}]},{\"@type\":\"Organization\",\"@id\":\"https:\\\/\\\/www.encontrabomretiro.com.br\\\/sobre\\\/#organization\",\"name\":\"Encontra Bom Retiro\",\"description\":\"Not\\u00edcias, eventos, informa\\u00e7\\u00f5es e dicas no bairro do Bom Retiro e regi\\u00e3o.\",\"url\":\"https:\\\/\\\/www.encontrabomretiro.com.br\\\/sobre\\\/\"},{\"@type\":\"Person\",\"@id\":\"https:\\\/\\\/www.encontrabomretiro.com.br\\\/sobre\\\/author\\\/ebomretiro\\\/#author\",\"url\":\"https:\\\/\\\/www.encontrabomretiro.com.br\\\/sobre\\\/author\\\/ebomretiro\\\/\",\"name\":\"Encontra Bom Retiro\",\"image\":{\"@type\":\"ImageObject\",\"@id\":\"https:\\\/\\\/www.encontrabomretiro.com.br\\\/sobre\\\/veja-como-e-a-loja-do-blackpink-em-sp\\\/#authorImage\",\"url\":\"https:\\\/\\\/secure.gravatar.com\\\/avatar\\\/507340682b8270222e1f208e23198b6ae7e2c6a1033ae84e99bc6bce4f82a387?s=96&d=mm&r=g\",\"width\":96,\"height\":96,\"caption\":\"Encontra Bom Retiro\"}},{\"@type\":\"WebPage\",\"@id\":\"https:\\\/\\\/www.encontrabomretiro.com.br\\\/sobre\\\/veja-como-e-a-loja-do-blackpink-em-sp\\\/#webpage\",\"url\":\"https:\\\/\\\/www.encontrabomretiro.com.br\\\/sobre\\\/veja-como-e-a-loja-do-blackpink-em-sp\\\/\",\"name\":\"Veja como \\u00e9 a loja do Blackpink em SP | Encontra Bom Retiro\",\"description\":\"A loja do Blackpink em SP \\u00e9 parada obrigat\\u00f3ria para os f\\u00e3s de K-pop.\",\"inLanguage\":\"pt-BR\",\"isPartOf\":{\"@id\":\"https:\\\/\\\/www.encontrabomretiro.com.br\\\/sobre\\\/#website\"},\"breadcrumb\":{\"@id\":\"https:\\\/\\\/www.encontrabomretiro.com.br\\\/sobre\\\/veja-como-e-a-loja-do-blackpink-em-sp\\\/#breadcrumblist\"},\"author\":{\"@id\":\"https:\\\/\\\/www.encontrabomretiro.com.br\\\/sobre\\\/author\\\/ebomretiro\\\/#author\"},\"creator\":{\"@id\":\"https:\\\/\\\/www.encontrabomretiro.com.br\\\/sobre\\\/author\\\/ebomretiro\\\/#author\"},\"image\":{\"@type\":\"ImageObject\",\"url\":\"https:\\\/\\\/www.encontrabomretiro.com.br\\\/sobre\\\/wp-content\\\/uploads\\\/2026\\\/05\\\/veja-como-e-a-loja-do-blackpink-em-sp.webp\",\"@id\":\"https:\\\/\\\/www.encontrabomretiro.com.br\\\/sobre\\\/veja-como-e-a-loja-do-blackpink-em-sp\\\/#mainImage\",\"width\":280,\"height\":280,\"caption\":\"loja do Blackpink em SP\"},\"primaryImageOfPage\":{\"@id\":\"https:\\\/\\\/www.encontrabomretiro.com.br\\\/sobre\\\/veja-como-e-a-loja-do-blackpink-em-sp\\\/#mainImage\"},\"datePublished\":\"2026-05-31T09:53:44-02:00\",\"dateModified\":\"2026-05-31T09:53:44-02:00\"},{\"@type\":\"WebSite\",\"@id\":\"https:\\\/\\\/www.encontrabomretiro.com.br\\\/sobre\\\/#website\",\"url\":\"https:\\\/\\\/www.encontrabomretiro.com.br\\\/sobre\\\/\",\"name\":\"Encontra Bom Retiro\",\"description\":\"Not\\u00edcias, eventos, informa\\u00e7\\u00f5es e dicas no bairro do Bom Retiro e regi\\u00e3o.\",\"inLanguage\":\"pt-BR\",\"publisher\":{\"@id\":\"https:\\\/\\\/www.encontrabomretiro.com.br\\\/sobre\\\/#organization\"}}]}\n\t\t<\/script>\n\t\t<!-- All in One SEO -->\n\n","aioseo_head_json":{"title":"Veja como \u00e9 a loja do Blackpink em SP | Encontra Bom Retiro","description":"A loja do Blackpink em SP \u00e9 parada obrigat\u00f3ria para os f\u00e3s de K-pop.","canonical_url":"https:\/\/www.encontrabomretiro.com.br\/sobre\/veja-como-e-a-loja-do-blackpink-em-sp\/","robots":"max-image-preview:large","keywords":"","webmasterTools":{"miscellaneous":""},"schema":{"@context":"https:\/\/schema.org","@graph":[{"@type":"Article","@id":"https:\/\/www.encontrabomretiro.com.br\/sobre\/veja-como-e-a-loja-do-blackpink-em-sp\/#article","name":"Veja como \u00e9 a loja do Blackpink em SP | Encontra Bom Retiro","headline":"Veja como \u00e9 a loja do Blackpink em SP","author":{"@id":"https:\/\/www.encontrabomretiro.com.br\/sobre\/author\/ebomretiro\/#author"},"publisher":{"@id":"https:\/\/www.encontrabomretiro.com.br\/sobre\/#organization"},"image":{"@type":"ImageObject","url":"https:\/\/www.encontrabomretiro.com.br\/sobre\/wp-content\/uploads\/2026\/05\/veja-como-e-a-loja-do-blackpink-em-sp.webp","width":280,"height":280,"caption":"loja do Blackpink em SP"},"datePublished":"2026-05-31T09:53:44-02:00","dateModified":"2026-05-31T09:53:44-02:00","inLanguage":"pt-BR","mainEntityOfPage":{"@id":"https:\/\/www.encontrabomretiro.com.br\/sobre\/veja-como-e-a-loja-do-blackpink-em-sp\/#webpage"},"isPartOf":{"@id":"https:\/\/www.encontrabomretiro.com.br\/sobre\/veja-como-e-a-loja-do-blackpink-em-sp\/#webpage"},"articleSection":"Not\u00edcias Bom Retiro"},{"@type":"BreadcrumbList","@id":"https:\/\/www.encontrabomretiro.com.br\/sobre\/veja-como-e-a-loja-do-blackpink-em-sp\/#breadcrumblist","itemListElement":[{"@type":"ListItem","@id":"https:\/\/www.encontrabomretiro.com.br\/sobre#listItem","position":1,"name":"Dom\u00e9stica","item":"https:\/\/www.encontrabomretiro.com.br\/sobre","nextItem":{"@type":"ListItem","@id":"https:\/\/www.encontrabomretiro.com.br\/sobre\/noticias-no-bom-retiro\/#listItem","name":"Not\u00edcias Bom Retiro"}},{"@type":"ListItem","@id":"https:\/\/www.encontrabomretiro.com.br\/sobre\/noticias-no-bom-retiro\/#listItem","position":2,"name":"Not\u00edcias Bom Retiro","item":"https:\/\/www.encontrabomretiro.com.br\/sobre\/noticias-no-bom-retiro\/","nextItem":{"@type":"ListItem","@id":"https:\/\/www.encontrabomretiro.com.br\/sobre\/veja-como-e-a-loja-do-blackpink-em-sp\/#listItem","name":"Veja como \u00e9 a loja do Blackpink em SP"},"previousItem":{"@type":"ListItem","@id":"https:\/\/www.encontrabomretiro.com.br\/sobre#listItem","name":"Dom\u00e9stica"}},{"@type":"ListItem","@id":"https:\/\/www.encontrabomretiro.com.br\/sobre\/veja-como-e-a-loja-do-blackpink-em-sp\/#listItem","position":3,"name":"Veja como \u00e9 a loja do Blackpink em SP","previousItem":{"@type":"ListItem","@id":"https:\/\/www.encontrabomretiro.com.br\/sobre\/noticias-no-bom-retiro\/#listItem","name":"Not\u00edcias Bom Retiro"}}]},{"@type":"Organization","@id":"https:\/\/www.encontrabomretiro.com.br\/sobre\/#organization","name":"Encontra Bom Retiro","description":"Not\u00edcias, eventos, informa\u00e7\u00f5es e dicas no bairro do Bom Retiro e regi\u00e3o.","url":"https:\/\/www.encontrabomretiro.com.br\/sobre\/"},{"@type":"Person","@id":"https:\/\/www.encontrabomretiro.com.br\/sobre\/author\/ebomretiro\/#author","url":"https:\/\/www.encontrabomretiro.com.br\/sobre\/author\/ebomretiro\/","name":"Encontra Bom Retiro","image":{"@type":"ImageObject","@id":"https:\/\/www.encontrabomretiro.com.br\/sobre\/veja-como-e-a-loja-do-blackpink-em-sp\/#authorImage","url":"https:\/\/secure.gravatar.com\/avatar\/507340682b8270222e1f208e23198b6ae7e2c6a1033ae84e99bc6bce4f82a387?s=96&d=mm&r=g","width":96,"height":96,"caption":"Encontra Bom Retiro"}},{"@type":"WebPage","@id":"https:\/\/www.encontrabomretiro.com.br\/sobre\/veja-como-e-a-loja-do-blackpink-em-sp\/#webpage","url":"https:\/\/www.encontrabomretiro.com.br\/sobre\/veja-como-e-a-loja-do-blackpink-em-sp\/","name":"Veja como \u00e9 a loja do Blackpink em SP | Encontra Bom Retiro","description":"A loja do Blackpink em SP \u00e9 parada obrigat\u00f3ria para os f\u00e3s de K-pop.","inLanguage":"pt-BR","isPartOf":{"@id":"https:\/\/www.encontrabomretiro.com.br\/sobre\/#website"},"breadcrumb":{"@id":"https:\/\/www.encontrabomretiro.com.br\/sobre\/veja-como-e-a-loja-do-blackpink-em-sp\/#breadcrumblist"},"author":{"@id":"https:\/\/www.encontrabomretiro.com.br\/sobre\/author\/ebomretiro\/#author"},"creator":{"@id":"https:\/\/www.encontrabomretiro.com.br\/sobre\/author\/ebomretiro\/#author"},"image":{"@type":"ImageObject","url":"https:\/\/www.encontrabomretiro.com.br\/sobre\/wp-content\/uploads\/2026\/05\/veja-como-e-a-loja-do-blackpink-em-sp.webp","@id":"https:\/\/www.encontrabomretiro.com.br\/sobre\/veja-como-e-a-loja-do-blackpink-em-sp\/#mainImage","width":280,"height":280,"caption":"loja do Blackpink em SP"},"primaryImageOfPage":{"@id":"https:\/\/www.encontrabomretiro.com.br\/sobre\/veja-como-e-a-loja-do-blackpink-em-sp\/#mainImage"},"datePublished":"2026-05-31T09:53:44-02:00","dateModified":"2026-05-31T09:53:44-02:00"},{"@type":"WebSite","@id":"https:\/\/www.encontrabomretiro.com.br\/sobre\/#website","url":"https:\/\/www.encontrabomretiro.com.br\/sobre\/","name":"Encontra Bom Retiro","description":"Not\u00edcias, eventos, informa\u00e7\u00f5es e dicas no bairro do Bom Retiro e regi\u00e3o.","inLanguage":"pt-BR","publisher":{"@id":"https:\/\/www.encontrabomretiro.com.br\/sobre\/#organization"}}]},"og:locale":"pt_BR","og:site_name":"Encontra Bom Retiro | Not\u00edcias, eventos, informa\u00e7\u00f5es e dicas no bairro do Bom Retiro e regi\u00e3o.","og:type":"article","og:title":"Veja como \u00e9 a loja do Blackpink em SP | Encontra Bom Retiro","og:description":"A loja do Blackpink em SP \u00e9 parada obrigat\u00f3ria para os f\u00e3s de K-pop.","og:url":"https:\/\/www.encontrabomretiro.com.br\/sobre\/veja-como-e-a-loja-do-blackpink-em-sp\/","article:published_time":"2026-05-31T11:53:44+00:00","article:modified_time":"2026-05-31T11:53:44+00:00","twitter:card":"summary_large_image","twitter:title":"Veja como \u00e9 a loja do Blackpink em SP | Encontra Bom Retiro","twitter:description":"A loja do Blackpink em SP \u00e9 parada obrigat\u00f3ria para os f\u00e3s de K-pop."},"aioseo_meta_data":{"post_id":"2878","title":null,"description":null,"keywords":null,"keyphrases":null,"primary_term":null,"canonical_url":null,"og_title":null,"og_description":null,"og_object_type":"default","og_image_type":"default","og_image_url":null,"og_image_width":null,"og_image_height":null,"og_image_custom_url":null,"og_image_custom_fields":null,"og_video":null,"og_custom_url":null,"og_article_section":null,"og_article_tags":null,"twitter_use_og":false,"twitter_card":"default","twitter_image_type":"default","twitter_image_url":null,"twitter_image_custom_url":null,"twitter_image_custom_fields":null,"twitter_title":null,"twitter_description":null,"schema":{"blockGraphs":[],"customGraphs":[],"default":{"data":{"Article":[],"Course":[],"Dataset":[],"FAQPage":[],"Movie":[],"Person":[],"Product":[],"ProductReview":[],"Car":[],"Recipe":[],"Service":[],"SoftwareApplication":[],"WebPage":[]},"graphName":"Article","isEnabled":true},"graphs":[]},"schema_type":"default","schema_type_options":null,"pillar_content":false,"robots_default":true,"robots_noindex":false,"robots_noarchive":false,"robots_nosnippet":false,"robots_nofollow":false,"robots_noimageindex":false,"robots_noodp":false,"robots_notranslate":false,"robots_max_snippet":null,"robots_max_videopreview":null,"robots_max_imagepreview":"large","priority":null,"frequency":null,"local_seo":null,"breadcrumb_settings":null,"limit_modified_date":false,"ai":null,"created":"2026-05-31 11:53:47","updated":"2026-05-31 11:54:47","focus_keyword":null,"additional_keywords":null,"truseo_locale":null,"seo_analyzer_scan_date":null},"aioseo_breadcrumb":"<div class=\"aioseo-breadcrumbs\"><span class=\"aioseo-breadcrumb\">\n\t\t\t<a href=\"https:\/\/www.encontrabomretiro.com.br\/sobre\" title=\"Dom\u00e9stica\">Dom\u00e9stica<\/a>\n\t\t<\/span><span class=\"aioseo-breadcrumb-separator\">&raquo;<\/span><span class=\"aioseo-breadcrumb\">\n\t\t\t<a href=\"https:\/\/www.encontrabomretiro.com.br\/sobre\/noticias-no-bom-retiro\/\" title=\"Not\u00edcias Bom Retiro\">Not\u00edcias Bom Retiro<\/a>\n\t\t<\/span><span class=\"aioseo-breadcrumb-separator\">&raquo;<\/span><span class=\"aioseo-breadcrumb\">\n\t\t\tVeja como \u00e9 a loja do Blackpink em SP\n\t\t<\/span><\/div>","aioseo_breadcrumb_json":[{"label":"Dom\u00e9stica","link":"https:\/\/www.encontrabomretiro.com.br\/sobre"},{"label":"Not\u00edcias Bom Retiro","link":"https:\/\/www.encontrabomretiro.com.br\/sobre\/noticias-no-bom-retiro\/"},{"label":"Veja como \u00e9 a loja do Blackpink em SP","link":"https:\/\/www.encontrabomretiro.com.br\/sobre\/veja-como-e-a-loja-do-blackpink-em-sp\/"}],"_links":{"self":[{"href":"https:\/\/www.encontrabomretiro.com.br\/sobre\/wp-json\/wp\/v2\/posts\/2878","targetHints":{"allow":["GET"]}}],"collection":[{"href":"https:\/\/www.encontrabomretiro.com.br\/sobre\/wp-json\/wp\/v2\/posts"}],"about":[{"href":"https:\/\/www.encontrabomretiro.com.br\/sobre\/wp-json\/wp\/v2\/types\/post"}],"author":[{"embeddable":true,"href":"https:\/\/www.encontrabomretiro.com.br\/sobre\/wp-json\/wp\/v2\/users\/1"}],"replies":[{"embeddable":true,"href":"https:\/\/www.encontrabomretiro.com.br\/sobre\/wp-json\/wp\/v2\/comments?post=2878"}],"version-history":[{"count":0,"href":"https:\/\/www.encontrabomretiro.com.br\/sobre\/wp-json\/wp\/v2\/posts\/2878\/revisions"}],"wp:featuredmedia":[{"embeddable":true,"href":"https:\/\/www.encontrabomretiro.com.br\/sobre\/wp-json\/wp\/v2\/media\/2877"}],"wp:attachment":[{"href":"https:\/\/www.encontrabomretiro.com.br\/sobre\/wp-json\/wp\/v2\/media?parent=2878"}],"wp:term":[{"taxonomy":"category","embeddable":true,"href":"https:\/\/www.encontrabomretiro.com.br\/sobre\/wp-json\/wp\/v2\/categories?post=2878"},{"taxonomy":"post_tag","embeddable":true,"href":"https:\/\/www.encontrabomretiro.com.br\/sobre\/wp-json\/wp\/v2\/tags?post=2878"}],"curies":[{"name":"wp","href":"https:\/\/api.w.org\/{rel}","templated":true}]}}