{"id":2866,"date":"2026-05-28T09:46:43","date_gmt":"2026-05-28T11:46:43","guid":{"rendered":"https:\/\/www.encontrabomretiro.com.br\/sobre\/feira-de-troca-de-brinquedos-e-livros-para-criancas\/"},"modified":"2026-05-28T09:46:43","modified_gmt":"2026-05-28T11:46:43","slug":"feira-de-troca-de-brinquedos-e-livros-para-criancas","status":"publish","type":"post","link":"https:\/\/www.encontrabomretiro.com.br\/sobre\/feira-de-troca-de-brinquedos-e-livros-para-criancas\/","title":{"rendered":"Feira de troca de brinquedos e livros para crian\u00e7as"},"content":{"rendered":"<div class=\"228b65ae207de3c5c501cfe75875708b\" data-index=\"1\" style=\"float: none; margin:0px;\">\n<!-- Anuncio display - global -->\r\n<ins class=\"adsbygoogle\"\r\n     style=\"display:block\"\r\n     data-ad-client=\"ca-pub-8585364105181520\"\r\n     data-ad-slot=\"8789329856\"\r\n     data-ad-format=\"auto\"\r\n     data-full-width-responsive=\"true\"><\/ins>\r\n<script>\r\n     (adsbygoogle = window.adsbygoogle || []).push({});\r\n<\/script>\n<\/div>\n<h2>A Magia da Troca: Afinal, O Que \u00e9?<\/h2>\n<p>A feira de troca de brinquedos e livros \u00e9 uma iniciativa l\u00fadica que busca promover a intera\u00e7\u00e3o entre crian\u00e7as de maneira divertida e educativa. Durante o evento, os participantes t\u00eam a oportunidade de trazer brinquedos e livros que j\u00e1 n\u00e3o utilizam mais, n\u00e3o apenas para trocar, mas tamb\u00e9m para compartilhar experi\u00eancias e contar hist\u00f3rias sobre os objetos que est\u00e3o disponibilizando. Essa pr\u00e1tica, al\u00e9m de incentivar a solidariedade e o desprendimento, busca fomentar o consumo consciente entre as novas gera\u00e7\u00f5es, demonstrando que \u00e9 poss\u00edvel se divertir de forma sustent\u00e1vel.<\/p>\n<h2>Benef\u00edcios de Participar da Feira<\/h2>\n<p>Participar de uma feira de troca apresenta uma diversidade de benef\u00edcios que v\u00e3o al\u00e9m da simples troca de itens. Aqui est\u00e3o alguns dos principais:<\/p>\n<ul>\n<li><strong>Consumo Sustent\u00e1vel:<\/strong> Promove a redu\u00e7\u00e3o do desperd\u00edcio e a reutiliza\u00e7\u00e3o de brinquedos e livros, contribuindo para a preserva\u00e7\u00e3o do meio ambiente.<\/li>\n<li><strong>Desenvolvimento Social:<\/strong> Ajuda as crian\u00e7as a desenvolver habilidades sociais e de comunica\u00e7\u00e3o ao interagir com seus pares.<\/li>\n<li><strong>Economia:<\/strong> Oferece uma alternativa econ\u00f4mica para que as fam\u00edlias obtenham novos brinquedos e livros sem gastar.<\/li>\n<li><strong>Valoriza\u00e7\u00e3o da Leitura:<\/strong> Estimula o h\u00e1bito de ler ao permitir que as crian\u00e7as compartilhem e adquiram livros variados.<\/li>\n<li><strong>A\u00e7\u00e3o L\u00fadica:<\/strong> Cria um espa\u00e7o para brincadeiras e atividades criativas, fortalecendo a imagina\u00e7\u00e3o e a troca de ideias entre os participantes.<\/li>\n<\/ul>\n<h2>Como Funciona a Troca de Brinquedos?<\/h2>\n<p>O funcionamento da feira \u00e9 bastante simples e intuitivo. Abaixo est\u00e3o os pontos principais de como a troca acontece:<\/p>\n<p><img decoding=\"async\" src=\"https:\/\/www.encontrabomretiro.com.br\/sobre\/wp-content\/uploads\/2026\/05\/feira-de-troca-de-brinquedos-e-livros-para-criancas.webp\" alt=\"Feira de troca de brinquedos e livros\" loading=\"lazy\" \/><\/p>\n<ul>\n<li><strong>Inscri\u00e7\u00e3o:<\/strong> Geralmente, \u00e9 necess\u00e1rio inscrever-se previamente para participar. Essa etapa pode incluir informar quantos itens voc\u00ea pretende levar.<\/li>\n<li><strong>Feira em A\u00e7\u00e3o:<\/strong> No dia do evento, os participantes trazem os brinquedos e livros em bom estado. H\u00e1 espa\u00e7os designados para expor os itens trocados.<\/li>\n<li><strong>Trocas:<\/strong> Cada item trazido permite ao participante escolher outro item em troca. A troca \u00e9 baseada na empatia e na ideia de que todos podem encontrar algo do interesse no que os outros oferecem.<\/li>\n<li><strong>Atividades Recreativas:<\/strong> Enquanto as trocas acontecem, s\u00e3o organizadas atividades l\u00fadicas e culturais, como conta\u00e7\u00e3o de hist\u00f3rias e oficinas de arte, para enriquecer a experi\u00eancia.<\/li>\n<\/ul>\n<h2>Import\u00e2ncia da Leitura na Inf\u00e2ncia<\/h2>\n<p>A leitura desempenha um papel fundamental no desenvolvimento das crian\u00e7as. Promover a troca de livros durante a feira \u00e9 uma forma de incentivar este h\u00e1bito. Algumas das vantagens da leitura na inf\u00e2ncia incluem:<\/p>\n<ul>\n<li><strong>Desenvolvimento Cognitivo:<\/strong> A leitura estimula a imagina\u00e7\u00e3o, a curiosidade e a capacidade de compreens\u00e3o da crian\u00e7a, promovendo um desenvolvimento mental saud\u00e1vel.<\/li>\n<li><strong>Aumento do Vocabul\u00e1rio:<\/strong> A exposi\u00e7\u00e3o a novas palavras e conceitos durante a leitura enriquece o vocabul\u00e1rio e a capacidade de comunica\u00e7\u00e3o da crian\u00e7a.<\/li>\n<li><strong>Empatia e Compreens\u00e3o:<\/strong> Livros com diferentes personagens e cen\u00e1rios ajudam as crian\u00e7as a compreender diversas culturas e pr\u00e1ticas, aumentando a empatia.<\/li>\n<li><strong>Concentra\u00e7\u00e3o e Foco:<\/strong> O ato de ler exige aten\u00e7\u00e3o, ajudando as crian\u00e7as a melhorarem suas habilidades de foco e concentra\u00e7\u00e3o.<\/li>\n<li><strong>Prazer e Lazer:<\/strong> Introduzir a leitura de forma l\u00fadica transforma-a em uma atividade prazerosa, tornando-se um h\u00e1bito natural e ben\u00e9fico.<\/li>\n<\/ul>\n<h2>Atividades L\u00fadicas para Crian\u00e7as<\/h2>\n<p>A feira de troca n\u00e3o se limita apenas \u00e0 troca de itens; ela tamb\u00e9m oferece uma variedade de atividades l\u00fadicas que encantam as crian\u00e7as. Entre as atividades poss\u00edveis, temos:<\/p>\n<ul>\n<li><strong>Conta\u00e7\u00e3o de Hist\u00f3rias:<\/strong> Profissionais da arte de contar hist\u00f3rias cativam o p\u00fablico com narrativas interessantes, promovendo o interesse pela leitura.<\/li>\n<li><strong>Oficinas Art\u00edsticas:<\/strong> Espa\u00e7os destinados a atividades manuais, onde as crian\u00e7as podem criar e explorar sua criatividade com diversos materiais.<\/li>\n<li><strong>Teatro de Fantoches:<\/strong> Apresenta\u00e7\u00f5es que envolvem fantoches, sempre com hist\u00f3rias educativas e divertidas.<\/li>\n<li><strong>Jogos Educativos:<\/strong> Jogos que estimulam a conviv\u00eancia e a aprendizagem, promovendo habilidades sociais e de trabalho em equipe.<\/li>\n<\/ul>\n<h2>O Papel da Arte na Educa\u00e7\u00e3o Infantil<\/h2>\n<p>A arte \u00e9 uma ferramenta poderosa na educa\u00e7\u00e3o infantil, especialmente em eventos como a feira de troca. Ela permite que as crian\u00e7as se expressem e se conectem de formas diferentes. Vejamos por que a arte \u00e9 essencial:<\/p>\n<ul>\n<li><strong>Express\u00e3o Emocional:<\/strong> A arte oferece \u00e0s crian\u00e7as um meio para expressar seus sentimentos e emo\u00e7\u00f5es de maneira criativa.<\/li>\n<li><strong>Desenvolvimento Motor:<\/strong> Ao criar, as crian\u00e7as desenvolvem habilidades motoras finas e coordena\u00e7\u00e3o.<\/li>\n<li><strong>Est\u00edmulo \u00e0 Criatividade:<\/strong> O universo art\u00edstico permite que as crian\u00e7as explorem novas ideias e desenvolvam seu pensamento inovador.<\/li>\n<li><strong>Interconex\u00e3o Cultural:<\/strong> A arte possibilita o contato com diferentes culturas, ampliando a vis\u00e3o de mundo das crian\u00e7as.<\/li>\n<\/ul>\n<h2>Conscientiza\u00e7\u00e3o Ambiental e Consumo Consciente<\/h2>\n<p>Um dos pontos centrais do evento \u00e9 a conscientiza\u00e7\u00e3o sobre a import\u00e2ncia do consumo sustent\u00e1vel. Ao promover a troca de brinquedos e livros, a feira serve como um microcosmo da economia circular, onde o foco est\u00e1 na reutiliza\u00e7\u00e3o e n\u00e3o no desperd\u00edcio. Vejamos como isso se manifesta:<\/p>\n<ul>\n<li><strong>Redu\u00e7\u00e3o de Res\u00edduos:<\/strong> A troca minimiza o ac\u00famulo de objetos que se tornariam lixo, incentivando pr\u00e1ticas sustent\u00e1veis.<\/li>\n<li><strong>Educa\u00e7\u00e3o Ambiental:<\/strong> A atividade conscientiza as crian\u00e7as sobre a import\u00e2ncia da preserva\u00e7\u00e3o ambiental desde cedo.<\/li>\n<li><strong>Exemplo de Consumo Consciente:<\/strong> Os participantes aprendem que \u00e9 poss\u00edvel adquirir novos itens sem necessariamente compr\u00e1-los.<\/li>\n<li><strong>Valoriza\u00e7\u00e3o do Que Tem Valor:<\/strong> Apresenta a cada crian\u00e7a a no\u00e7\u00e3o de que itens t\u00eam valor social e emocional, n\u00e3o sendo apenas produtos de consumo.<\/li>\n<\/ul>\n<h2>Datas e Hor\u00e1rios da Feira<\/h2>\n<p>A feira ser\u00e1 realizada nos seguintes dias e hor\u00e1rios:<\/p>\n<ul>\n<li><strong>30 de maio:<\/strong> S\u00e1bado, \u00e0s 13h00.<\/li>\n<li><strong>31 de maio:<\/strong> Domingo, \u00e0s 12h30.<\/li>\n<\/ul>\n<h2>Depoimentos de Participantes<\/h2>\n<p>A experi\u00eancia da feira de troca \u00e9 enriquecida por relatos de quem j\u00e1 participou. Algumas frases inspiradoras incluem:<\/p>\n<ul>\n<li><strong>&#8220;Foi incr\u00edvel ver as crian\u00e7as trocando e sorrindo. A alegria delas \u00e9 contagiosa!&#8221;<\/strong> \u2013 M\u00e3e de um participante.<\/li>\n<li><strong>&#8220;Trocar livros foi uma \u00f3tima maneira de apresentar novas hist\u00f3rias para meu filho.&#8221;<\/strong> \u2013 Pai de um participante.<\/li>\n<li><strong>&#8220;Amei a oficina de arte! Aprendi a fazer algo novo e ainda pude brincar com meus amigos.&#8221;<\/strong> \u2013 Participante de 9 anos.<\/li>\n<\/ul>\n<h2>Expectativas e Projetos Futuros<\/h2>\n<p>As expectativas para futuras feiras s\u00e3o altas. Planos incluem a amplia\u00e7\u00e3o da quantidade de atividades e parcerias com escolas e ONGs para chegar a mais crian\u00e7as. Ideias como:<\/p>\n<ul>\n<li><strong>Cria\u00e7\u00e3o de novas oficinas:<\/strong> Mais atividades manuais e culturais.<\/li>\n<li><strong>Expans\u00e3o do n\u00famero de trocas:<\/strong> Aumentar as op\u00e7\u00f5es de brinquedos e livros dispon\u00edveis.<\/li>\n<li><strong>Eventos em diferentes bairros:<\/strong> Fazer com que a feira alcance um p\u00fablico ainda maior.<\/li>\n<li><strong>Engajamento com a comunidade:<\/strong> Incluir outras iniciativas de sustentabilidade e conscientiza\u00e7\u00e3o ambiental.<\/li>\n<\/ul>\n<p>A feira de troca de brinquedos e livros n\u00e3o \u00e9 apenas uma atividade; \u00e9 uma experi\u00eancia que formata valores sociais e ambientais nas crian\u00e7as, promovendo um futuro mais consciente e gentil.<\/p>\n\n<div style=\"font-size: 0px; height: 0px; line-height: 0px; margin: 0; padding: 0; clear: both;\"><\/div>","protected":false},"excerpt":{"rendered":"<p>Participe da Feira de Troca de Brinquedos e Livros e viva a divers\u00e3o e a conscientiza\u00e7\u00e3o.<\/p>\n","protected":false},"author":1,"featured_media":2865,"comment_status":"open","ping_status":"closed","sticky":false,"template":"","format":"standard","meta":{"footnotes":""},"categories":[6],"tags":[],"class_list":["post-2866","post","type-post","status-publish","format-standard","has-post-thumbnail","hentry","category-noticias-no-bom-retiro","has_thumb"],"aioseo_notices":[],"aioseo_head":"\n\t\t<!-- All in One SEO 5.0.0.1 - aioseo.com -->\n\t<meta name=\"description\" content=\"Participe da Feira de Troca de Brinquedos e Livros e viva a divers\u00e3o e a conscientiza\u00e7\u00e3o.\" \/>\n\t<meta name=\"robots\" content=\"max-image-preview:large\" \/>\n\t<meta name=\"author\" content=\"Encontra Bom Retiro\"\/>\n\t<link rel=\"canonical\" href=\"https:\/\/www.encontrabomretiro.com.br\/sobre\/feira-de-troca-de-brinquedos-e-livros-para-criancas\/\" \/>\n\t<meta name=\"generator\" content=\"All in One SEO (AIOSEO) 5.0.0.1\" \/>\n\t\t<meta property=\"og:locale\" content=\"pt_BR\" \/>\n\t\t<meta property=\"og:site_name\" content=\"Encontra Bom Retiro | Not\u00edcias, eventos, informa\u00e7\u00f5es e dicas no bairro do Bom Retiro e regi\u00e3o.\" \/>\n\t\t<meta property=\"og:type\" content=\"article\" \/>\n\t\t<meta property=\"og:title\" content=\"Feira de troca de brinquedos e livros para crian\u00e7as | Encontra Bom Retiro\" \/>\n\t\t<meta property=\"og:description\" content=\"Participe da Feira de Troca de Brinquedos e Livros e viva a divers\u00e3o e a conscientiza\u00e7\u00e3o.\" \/>\n\t\t<meta property=\"og:url\" content=\"https:\/\/www.encontrabomretiro.com.br\/sobre\/feira-de-troca-de-brinquedos-e-livros-para-criancas\/\" \/>\n\t\t<meta property=\"article:published_time\" content=\"2026-05-28T11:46:43+00:00\" \/>\n\t\t<meta property=\"article:modified_time\" content=\"2026-05-28T11:46:43+00:00\" \/>\n\t\t<meta name=\"twitter:card\" content=\"summary_large_image\" \/>\n\t\t<meta name=\"twitter:title\" content=\"Feira de troca de brinquedos e livros para crian\u00e7as | Encontra Bom Retiro\" \/>\n\t\t<meta name=\"twitter:description\" content=\"Participe da Feira de Troca de Brinquedos e Livros e viva a divers\u00e3o e a conscientiza\u00e7\u00e3o.\" \/>\n\t\t<script type=\"application\/ld+json\" class=\"aioseo-schema\">\n\t\t\t{\"@context\":\"https:\\\/\\\/schema.org\",\"@graph\":[{\"@type\":\"Article\",\"@id\":\"https:\\\/\\\/www.encontrabomretiro.com.br\\\/sobre\\\/feira-de-troca-de-brinquedos-e-livros-para-criancas\\\/#article\",\"name\":\"Feira de troca de brinquedos e livros para crian\\u00e7as | Encontra Bom Retiro\",\"headline\":\"Feira de troca de brinquedos e livros para crian\\u00e7as\",\"author\":{\"@id\":\"https:\\\/\\\/www.encontrabomretiro.com.br\\\/sobre\\\/author\\\/ebomretiro\\\/#author\"},\"publisher\":{\"@id\":\"https:\\\/\\\/www.encontrabomretiro.com.br\\\/sobre\\\/#organization\"},\"image\":{\"@type\":\"ImageObject\",\"url\":\"https:\\\/\\\/www.encontrabomretiro.com.br\\\/sobre\\\/wp-content\\\/uploads\\\/2026\\\/05\\\/feira-de-troca-de-brinquedos-e-livros-para-criancas.webp\",\"width\":280,\"height\":280,\"caption\":\"Feira de troca de brinquedos e livros\"},\"datePublished\":\"2026-05-28T09:46:43-02:00\",\"dateModified\":\"2026-05-28T09:46:43-02:00\",\"inLanguage\":\"pt-BR\",\"mainEntityOfPage\":{\"@id\":\"https:\\\/\\\/www.encontrabomretiro.com.br\\\/sobre\\\/feira-de-troca-de-brinquedos-e-livros-para-criancas\\\/#webpage\"},\"isPartOf\":{\"@id\":\"https:\\\/\\\/www.encontrabomretiro.com.br\\\/sobre\\\/feira-de-troca-de-brinquedos-e-livros-para-criancas\\\/#webpage\"},\"articleSection\":\"Not\\u00edcias Bom Retiro\"},{\"@type\":\"BreadcrumbList\",\"@id\":\"https:\\\/\\\/www.encontrabomretiro.com.br\\\/sobre\\\/feira-de-troca-de-brinquedos-e-livros-para-criancas\\\/#breadcrumblist\",\"itemListElement\":[{\"@type\":\"ListItem\",\"@id\":\"https:\\\/\\\/www.encontrabomretiro.com.br\\\/sobre#listItem\",\"position\":1,\"name\":\"Dom\\u00e9stica\",\"item\":\"https:\\\/\\\/www.encontrabomretiro.com.br\\\/sobre\",\"nextItem\":{\"@type\":\"ListItem\",\"@id\":\"https:\\\/\\\/www.encontrabomretiro.com.br\\\/sobre\\\/noticias-no-bom-retiro\\\/#listItem\",\"name\":\"Not\\u00edcias Bom Retiro\"}},{\"@type\":\"ListItem\",\"@id\":\"https:\\\/\\\/www.encontrabomretiro.com.br\\\/sobre\\\/noticias-no-bom-retiro\\\/#listItem\",\"position\":2,\"name\":\"Not\\u00edcias Bom Retiro\",\"item\":\"https:\\\/\\\/www.encontrabomretiro.com.br\\\/sobre\\\/noticias-no-bom-retiro\\\/\",\"nextItem\":{\"@type\":\"ListItem\",\"@id\":\"https:\\\/\\\/www.encontrabomretiro.com.br\\\/sobre\\\/feira-de-troca-de-brinquedos-e-livros-para-criancas\\\/#listItem\",\"name\":\"Feira de troca de brinquedos e livros para crian\\u00e7as\"},\"previousItem\":{\"@type\":\"ListItem\",\"@id\":\"https:\\\/\\\/www.encontrabomretiro.com.br\\\/sobre#listItem\",\"name\":\"Dom\\u00e9stica\"}},{\"@type\":\"ListItem\",\"@id\":\"https:\\\/\\\/www.encontrabomretiro.com.br\\\/sobre\\\/feira-de-troca-de-brinquedos-e-livros-para-criancas\\\/#listItem\",\"position\":3,\"name\":\"Feira de troca de brinquedos e livros para crian\\u00e7as\",\"previousItem\":{\"@type\":\"ListItem\",\"@id\":\"https:\\\/\\\/www.encontrabomretiro.com.br\\\/sobre\\\/noticias-no-bom-retiro\\\/#listItem\",\"name\":\"Not\\u00edcias Bom Retiro\"}}]},{\"@type\":\"Organization\",\"@id\":\"https:\\\/\\\/www.encontrabomretiro.com.br\\\/sobre\\\/#organization\",\"name\":\"Encontra Bom Retiro\",\"description\":\"Not\\u00edcias, eventos, informa\\u00e7\\u00f5es e dicas no bairro do Bom Retiro e regi\\u00e3o.\",\"url\":\"https:\\\/\\\/www.encontrabomretiro.com.br\\\/sobre\\\/\"},{\"@type\":\"Person\",\"@id\":\"https:\\\/\\\/www.encontrabomretiro.com.br\\\/sobre\\\/author\\\/ebomretiro\\\/#author\",\"url\":\"https:\\\/\\\/www.encontrabomretiro.com.br\\\/sobre\\\/author\\\/ebomretiro\\\/\",\"name\":\"Encontra Bom Retiro\",\"image\":{\"@type\":\"ImageObject\",\"@id\":\"https:\\\/\\\/www.encontrabomretiro.com.br\\\/sobre\\\/feira-de-troca-de-brinquedos-e-livros-para-criancas\\\/#authorImage\",\"url\":\"https:\\\/\\\/secure.gravatar.com\\\/avatar\\\/507340682b8270222e1f208e23198b6ae7e2c6a1033ae84e99bc6bce4f82a387?s=96&d=mm&r=g\",\"width\":96,\"height\":96,\"caption\":\"Encontra Bom Retiro\"}},{\"@type\":\"WebPage\",\"@id\":\"https:\\\/\\\/www.encontrabomretiro.com.br\\\/sobre\\\/feira-de-troca-de-brinquedos-e-livros-para-criancas\\\/#webpage\",\"url\":\"https:\\\/\\\/www.encontrabomretiro.com.br\\\/sobre\\\/feira-de-troca-de-brinquedos-e-livros-para-criancas\\\/\",\"name\":\"Feira de troca de brinquedos e livros para crian\\u00e7as | Encontra Bom Retiro\",\"description\":\"Participe da Feira de Troca de Brinquedos e Livros e viva a divers\\u00e3o e a conscientiza\\u00e7\\u00e3o.\",\"inLanguage\":\"pt-BR\",\"isPartOf\":{\"@id\":\"https:\\\/\\\/www.encontrabomretiro.com.br\\\/sobre\\\/#website\"},\"breadcrumb\":{\"@id\":\"https:\\\/\\\/www.encontrabomretiro.com.br\\\/sobre\\\/feira-de-troca-de-brinquedos-e-livros-para-criancas\\\/#breadcrumblist\"},\"author\":{\"@id\":\"https:\\\/\\\/www.encontrabomretiro.com.br\\\/sobre\\\/author\\\/ebomretiro\\\/#author\"},\"creator\":{\"@id\":\"https:\\\/\\\/www.encontrabomretiro.com.br\\\/sobre\\\/author\\\/ebomretiro\\\/#author\"},\"image\":{\"@type\":\"ImageObject\",\"url\":\"https:\\\/\\\/www.encontrabomretiro.com.br\\\/sobre\\\/wp-content\\\/uploads\\\/2026\\\/05\\\/feira-de-troca-de-brinquedos-e-livros-para-criancas.webp\",\"@id\":\"https:\\\/\\\/www.encontrabomretiro.com.br\\\/sobre\\\/feira-de-troca-de-brinquedos-e-livros-para-criancas\\\/#mainImage\",\"width\":280,\"height\":280,\"caption\":\"Feira de troca de brinquedos e livros\"},\"primaryImageOfPage\":{\"@id\":\"https:\\\/\\\/www.encontrabomretiro.com.br\\\/sobre\\\/feira-de-troca-de-brinquedos-e-livros-para-criancas\\\/#mainImage\"},\"datePublished\":\"2026-05-28T09:46:43-02:00\",\"dateModified\":\"2026-05-28T09:46:43-02:00\"},{\"@type\":\"WebSite\",\"@id\":\"https:\\\/\\\/www.encontrabomretiro.com.br\\\/sobre\\\/#website\",\"url\":\"https:\\\/\\\/www.encontrabomretiro.com.br\\\/sobre\\\/\",\"name\":\"Encontra Bom Retiro\",\"description\":\"Not\\u00edcias, eventos, informa\\u00e7\\u00f5es e dicas no bairro do Bom Retiro e regi\\u00e3o.\",\"inLanguage\":\"pt-BR\",\"publisher\":{\"@id\":\"https:\\\/\\\/www.encontrabomretiro.com.br\\\/sobre\\\/#organization\"}}]}\n\t\t<\/script>\n\t\t<!-- All in One SEO -->\n\n","aioseo_head_json":{"title":"Feira de troca de brinquedos e livros para crian\u00e7as | Encontra Bom Retiro","description":"Participe da Feira de Troca de Brinquedos e Livros e viva a divers\u00e3o e a conscientiza\u00e7\u00e3o.","canonical_url":"https:\/\/www.encontrabomretiro.com.br\/sobre\/feira-de-troca-de-brinquedos-e-livros-para-criancas\/","robots":"max-image-preview:large","keywords":"","webmasterTools":{"miscellaneous":""},"schema":{"@context":"https:\/\/schema.org","@graph":[{"@type":"Article","@id":"https:\/\/www.encontrabomretiro.com.br\/sobre\/feira-de-troca-de-brinquedos-e-livros-para-criancas\/#article","name":"Feira de troca de brinquedos e livros para crian\u00e7as | Encontra Bom Retiro","headline":"Feira de troca de brinquedos e livros para crian\u00e7as","author":{"@id":"https:\/\/www.encontrabomretiro.com.br\/sobre\/author\/ebomretiro\/#author"},"publisher":{"@id":"https:\/\/www.encontrabomretiro.com.br\/sobre\/#organization"},"image":{"@type":"ImageObject","url":"https:\/\/www.encontrabomretiro.com.br\/sobre\/wp-content\/uploads\/2026\/05\/feira-de-troca-de-brinquedos-e-livros-para-criancas.webp","width":280,"height":280,"caption":"Feira de troca de brinquedos e livros"},"datePublished":"2026-05-28T09:46:43-02:00","dateModified":"2026-05-28T09:46:43-02:00","inLanguage":"pt-BR","mainEntityOfPage":{"@id":"https:\/\/www.encontrabomretiro.com.br\/sobre\/feira-de-troca-de-brinquedos-e-livros-para-criancas\/#webpage"},"isPartOf":{"@id":"https:\/\/www.encontrabomretiro.com.br\/sobre\/feira-de-troca-de-brinquedos-e-livros-para-criancas\/#webpage"},"articleSection":"Not\u00edcias Bom Retiro"},{"@type":"BreadcrumbList","@id":"https:\/\/www.encontrabomretiro.com.br\/sobre\/feira-de-troca-de-brinquedos-e-livros-para-criancas\/#breadcrumblist","itemListElement":[{"@type":"ListItem","@id":"https:\/\/www.encontrabomretiro.com.br\/sobre#listItem","position":1,"name":"Dom\u00e9stica","item":"https:\/\/www.encontrabomretiro.com.br\/sobre","nextItem":{"@type":"ListItem","@id":"https:\/\/www.encontrabomretiro.com.br\/sobre\/noticias-no-bom-retiro\/#listItem","name":"Not\u00edcias Bom Retiro"}},{"@type":"ListItem","@id":"https:\/\/www.encontrabomretiro.com.br\/sobre\/noticias-no-bom-retiro\/#listItem","position":2,"name":"Not\u00edcias Bom Retiro","item":"https:\/\/www.encontrabomretiro.com.br\/sobre\/noticias-no-bom-retiro\/","nextItem":{"@type":"ListItem","@id":"https:\/\/www.encontrabomretiro.com.br\/sobre\/feira-de-troca-de-brinquedos-e-livros-para-criancas\/#listItem","name":"Feira de troca de brinquedos e livros para crian\u00e7as"},"previousItem":{"@type":"ListItem","@id":"https:\/\/www.encontrabomretiro.com.br\/sobre#listItem","name":"Dom\u00e9stica"}},{"@type":"ListItem","@id":"https:\/\/www.encontrabomretiro.com.br\/sobre\/feira-de-troca-de-brinquedos-e-livros-para-criancas\/#listItem","position":3,"name":"Feira de troca de brinquedos e livros para crian\u00e7as","previousItem":{"@type":"ListItem","@id":"https:\/\/www.encontrabomretiro.com.br\/sobre\/noticias-no-bom-retiro\/#listItem","name":"Not\u00edcias Bom Retiro"}}]},{"@type":"Organization","@id":"https:\/\/www.encontrabomretiro.com.br\/sobre\/#organization","name":"Encontra Bom Retiro","description":"Not\u00edcias, eventos, informa\u00e7\u00f5es e dicas no bairro do Bom Retiro e regi\u00e3o.","url":"https:\/\/www.encontrabomretiro.com.br\/sobre\/"},{"@type":"Person","@id":"https:\/\/www.encontrabomretiro.com.br\/sobre\/author\/ebomretiro\/#author","url":"https:\/\/www.encontrabomretiro.com.br\/sobre\/author\/ebomretiro\/","name":"Encontra Bom Retiro","image":{"@type":"ImageObject","@id":"https:\/\/www.encontrabomretiro.com.br\/sobre\/feira-de-troca-de-brinquedos-e-livros-para-criancas\/#authorImage","url":"https:\/\/secure.gravatar.com\/avatar\/507340682b8270222e1f208e23198b6ae7e2c6a1033ae84e99bc6bce4f82a387?s=96&d=mm&r=g","width":96,"height":96,"caption":"Encontra Bom Retiro"}},{"@type":"WebPage","@id":"https:\/\/www.encontrabomretiro.com.br\/sobre\/feira-de-troca-de-brinquedos-e-livros-para-criancas\/#webpage","url":"https:\/\/www.encontrabomretiro.com.br\/sobre\/feira-de-troca-de-brinquedos-e-livros-para-criancas\/","name":"Feira de troca de brinquedos e livros para crian\u00e7as | Encontra Bom Retiro","description":"Participe da Feira de Troca de Brinquedos e Livros e viva a divers\u00e3o e a conscientiza\u00e7\u00e3o.","inLanguage":"pt-BR","isPartOf":{"@id":"https:\/\/www.encontrabomretiro.com.br\/sobre\/#website"},"breadcrumb":{"@id":"https:\/\/www.encontrabomretiro.com.br\/sobre\/feira-de-troca-de-brinquedos-e-livros-para-criancas\/#breadcrumblist"},"author":{"@id":"https:\/\/www.encontrabomretiro.com.br\/sobre\/author\/ebomretiro\/#author"},"creator":{"@id":"https:\/\/www.encontrabomretiro.com.br\/sobre\/author\/ebomretiro\/#author"},"image":{"@type":"ImageObject","url":"https:\/\/www.encontrabomretiro.com.br\/sobre\/wp-content\/uploads\/2026\/05\/feira-de-troca-de-brinquedos-e-livros-para-criancas.webp","@id":"https:\/\/www.encontrabomretiro.com.br\/sobre\/feira-de-troca-de-brinquedos-e-livros-para-criancas\/#mainImage","width":280,"height":280,"caption":"Feira de troca de brinquedos e livros"},"primaryImageOfPage":{"@id":"https:\/\/www.encontrabomretiro.com.br\/sobre\/feira-de-troca-de-brinquedos-e-livros-para-criancas\/#mainImage"},"datePublished":"2026-05-28T09:46:43-02:00","dateModified":"2026-05-28T09:46:43-02:00"},{"@type":"WebSite","@id":"https:\/\/www.encontrabomretiro.com.br\/sobre\/#website","url":"https:\/\/www.encontrabomretiro.com.br\/sobre\/","name":"Encontra Bom Retiro","description":"Not\u00edcias, eventos, informa\u00e7\u00f5es e dicas no bairro do Bom Retiro e regi\u00e3o.","inLanguage":"pt-BR","publisher":{"@id":"https:\/\/www.encontrabomretiro.com.br\/sobre\/#organization"}}]},"og:locale":"pt_BR","og:site_name":"Encontra Bom Retiro | Not\u00edcias, eventos, informa\u00e7\u00f5es e dicas no bairro do Bom Retiro e regi\u00e3o.","og:type":"article","og:title":"Feira de troca de brinquedos e livros para crian\u00e7as | Encontra Bom Retiro","og:description":"Participe da Feira de Troca de Brinquedos e Livros e viva a divers\u00e3o e a conscientiza\u00e7\u00e3o.","og:url":"https:\/\/www.encontrabomretiro.com.br\/sobre\/feira-de-troca-de-brinquedos-e-livros-para-criancas\/","article:published_time":"2026-05-28T11:46:43+00:00","article:modified_time":"2026-05-28T11:46:43+00:00","twitter:card":"summary_large_image","twitter:title":"Feira de troca de brinquedos e livros para crian\u00e7as | Encontra Bom Retiro","twitter:description":"Participe da Feira de Troca de Brinquedos e Livros e viva a divers\u00e3o e a conscientiza\u00e7\u00e3o."},"aioseo_meta_data":{"post_id":"2866","title":null,"description":null,"keywords":null,"keyphrases":null,"primary_term":null,"canonical_url":null,"og_title":null,"og_description":null,"og_object_type":"default","og_image_type":"default","og_image_url":null,"og_image_width":null,"og_image_height":null,"og_image_custom_url":null,"og_image_custom_fields":null,"og_video":null,"og_custom_url":null,"og_article_section":null,"og_article_tags":null,"twitter_use_og":false,"twitter_card":"default","twitter_image_type":"default","twitter_image_url":null,"twitter_image_custom_url":null,"twitter_image_custom_fields":null,"twitter_title":null,"twitter_description":null,"schema":{"blockGraphs":[],"customGraphs":[],"default":{"data":{"Article":[],"Course":[],"Dataset":[],"FAQPage":[],"Movie":[],"Person":[],"Product":[],"ProductReview":[],"Car":[],"Recipe":[],"Service":[],"SoftwareApplication":[],"WebPage":[]},"graphName":"Article","isEnabled":true},"graphs":[]},"schema_type":"default","schema_type_options":null,"pillar_content":false,"robots_default":true,"robots_noindex":false,"robots_noarchive":false,"robots_nosnippet":false,"robots_nofollow":false,"robots_noimageindex":false,"robots_noodp":false,"robots_notranslate":false,"robots_max_snippet":null,"robots_max_videopreview":null,"robots_max_imagepreview":"large","priority":null,"frequency":null,"local_seo":null,"breadcrumb_settings":null,"limit_modified_date":false,"ai":null,"created":"2026-05-28 11:46:48","updated":"2026-05-28 11:58:51","focus_keyword":null,"additional_keywords":null,"truseo_locale":null,"seo_analyzer_scan_date":null},"aioseo_breadcrumb":"<div class=\"aioseo-breadcrumbs\"><span class=\"aioseo-breadcrumb\">\n\t\t\t<a href=\"https:\/\/www.encontrabomretiro.com.br\/sobre\" title=\"Dom\u00e9stica\">Dom\u00e9stica<\/a>\n\t\t<\/span><span class=\"aioseo-breadcrumb-separator\">&raquo;<\/span><span class=\"aioseo-breadcrumb\">\n\t\t\t<a href=\"https:\/\/www.encontrabomretiro.com.br\/sobre\/noticias-no-bom-retiro\/\" title=\"Not\u00edcias Bom Retiro\">Not\u00edcias Bom Retiro<\/a>\n\t\t<\/span><span class=\"aioseo-breadcrumb-separator\">&raquo;<\/span><span class=\"aioseo-breadcrumb\">\n\t\t\tFeira de troca de brinquedos e livros para crian\u00e7as\n\t\t<\/span><\/div>","aioseo_breadcrumb_json":[{"label":"Dom\u00e9stica","link":"https:\/\/www.encontrabomretiro.com.br\/sobre"},{"label":"Not\u00edcias Bom Retiro","link":"https:\/\/www.encontrabomretiro.com.br\/sobre\/noticias-no-bom-retiro\/"},{"label":"Feira de troca de brinquedos e livros para crian\u00e7as","link":"https:\/\/www.encontrabomretiro.com.br\/sobre\/feira-de-troca-de-brinquedos-e-livros-para-criancas\/"}],"_links":{"self":[{"href":"https:\/\/www.encontrabomretiro.com.br\/sobre\/wp-json\/wp\/v2\/posts\/2866","targetHints":{"allow":["GET"]}}],"collection":[{"href":"https:\/\/www.encontrabomretiro.com.br\/sobre\/wp-json\/wp\/v2\/posts"}],"about":[{"href":"https:\/\/www.encontrabomretiro.com.br\/sobre\/wp-json\/wp\/v2\/types\/post"}],"author":[{"embeddable":true,"href":"https:\/\/www.encontrabomretiro.com.br\/sobre\/wp-json\/wp\/v2\/users\/1"}],"replies":[{"embeddable":true,"href":"https:\/\/www.encontrabomretiro.com.br\/sobre\/wp-json\/wp\/v2\/comments?post=2866"}],"version-history":[{"count":0,"href":"https:\/\/www.encontrabomretiro.com.br\/sobre\/wp-json\/wp\/v2\/posts\/2866\/revisions"}],"wp:featuredmedia":[{"embeddable":true,"href":"https:\/\/www.encontrabomretiro.com.br\/sobre\/wp-json\/wp\/v2\/media\/2865"}],"wp:attachment":[{"href":"https:\/\/www.encontrabomretiro.com.br\/sobre\/wp-json\/wp\/v2\/media?parent=2866"}],"wp:term":[{"taxonomy":"category","embeddable":true,"href":"https:\/\/www.encontrabomretiro.com.br\/sobre\/wp-json\/wp\/v2\/categories?post=2866"},{"taxonomy":"post_tag","embeddable":true,"href":"https:\/\/www.encontrabomretiro.com.br\/sobre\/wp-json\/wp\/v2\/tags?post=2866"}],"curies":[{"name":"wp","href":"https:\/\/api.w.org\/{rel}","templated":true}]}}