{"id":2864,"date":"2026-05-28T09:43:12","date_gmt":"2026-05-28T11:43:12","guid":{"rendered":"https:\/\/www.encontrabomretiro.com.br\/sobre\/gestao-urbana-sp\/"},"modified":"2026-05-28T09:43:12","modified_gmt":"2026-05-28T11:43:12","slug":"gestao-urbana-sp","status":"publish","type":"post","link":"https:\/\/www.encontrabomretiro.com.br\/sobre\/gestao-urbana-sp\/","title":{"rendered":"Gest\u00e3o Urbana SP"},"content":{"rendered":"<div class=\"228b65ae207de3c5c501cfe75875708b\" data-index=\"1\" style=\"float: none; margin:0px;\">\n<!-- Anuncio display - global -->\r\n<ins class=\"adsbygoogle\"\r\n     style=\"display:block\"\r\n     data-ad-client=\"ca-pub-8585364105181520\"\r\n     data-ad-slot=\"8789329856\"\r\n     data-ad-format=\"auto\"\r\n     data-full-width-responsive=\"true\"><\/ins>\r\n<script>\r\n     (adsbygoogle = window.adsbygoogle || []).push({});\r\n<\/script>\n<\/div>\n<h2>O que \u00e9 Gest\u00e3o Urbana SP?<\/h2>\n<p>A Gest\u00e3o Urbana em S\u00e3o Paulo engloba um conjunto de pr\u00e1ticas e pol\u00edticas direcionadas ao planejamento e desenvolvimento da cidade, visando \u00e0 melhoria da qualidade de vida dos seus habitantes. O objetivo \u00e9 integrar aspectos sociais, econ\u00f4micos e ambientais promovendo um espa\u00e7o urbano mais funcional e sustent\u00e1vel.<\/p>\n<h2>Import\u00e2ncia do Planejamento Urbano<\/h2>\n<p>O planejamento urbano \u00e9 fundamental para garantir um crescimento organizado da cidade. Ele permite que as decis\u00f5es sobre uso do solo, infraestrutura e servi\u00e7os p\u00fablicos sejam tomadas de forma a atender \u00e0s necessidades da popula\u00e7\u00e3o. Um bom planejamento contribui para reduzir congestionamentos, melhorar a disposi\u00e7\u00e3o do espa\u00e7o urbano e otimizar recursos. Al\u00e9m disso, \u00e9 essencial para a preserva\u00e7\u00e3o do meio ambiente, sempre buscando um desenvolvimento que se alinha com as melhores pr\u00e1ticas sustent\u00e1veis.<\/p>\n<h2>Participa\u00e7\u00e3o da Comunidade nas Decis\u00f5es<\/h2>\n<p>A participa\u00e7\u00e3o da comunidade nas decis\u00f5es sobre o planejamento urbano \u00e9 uma pe\u00e7a-chave para a efetividade dos projetos. Atrav\u00e9s de consultas p\u00fablicas, audi\u00eancias e f\u00f3runs, os cidad\u00e3os t\u00eam a oportunidade de expressar suas necessidades e opini\u00f5es. Essa intera\u00e7\u00e3o garante que o planejamento atenda realmente ao que a popula\u00e7\u00e3o deseja, aumentando a aceita\u00e7\u00e3o e o sucesso das iniciativas implementadas.<\/p>\n<p><img decoding=\"async\" src=\"https:\/\/www.encontrabomretiro.com.br\/sobre\/wp-content\/uploads\/2026\/05\/gestao-urbana-sp.webp\" alt=\"Gest\u00e3o Urbana SP\" loading=\"lazy\" \/><\/p>\n<h2>Projetos de Requalifica\u00e7\u00e3o Urbana<\/h2>\n<p>Os projetos de requalifica\u00e7\u00e3o urbana s\u00e3o iniciativas que visam revitalizar \u00e1reas degradadas, melhorando sua infraestrutura e a qualidade de vida dos moradores. Em S\u00e3o Paulo, diversos projetos est\u00e3o sendo desenvolvidos, incluindo a recupera\u00e7\u00e3o de espa\u00e7os p\u00fablicos e a implementa\u00e7\u00e3o de \u00e1reas verdes. Essas a\u00e7\u00f5es n\u00e3o apenas embelezam a cidade, mas tamb\u00e9m atraem investimentos e promovem o desenvolvimento social e econ\u00f4mico das regi\u00f5es restauradas.<\/p>\n<h2>Zoneamento e Uso do Solo<\/h2>\n<p>O zoneamento \u00e9 uma ferramenta que organiza e regula o uso do solo nas diferentes \u00e1reas da cidade. Em S\u00e3o Paulo, a legisla\u00e7\u00e3o de zoneamento define os tipos de atividades permitidas em cada regi\u00e3o, controlando a verticaliza\u00e7\u00e3o e a densidade populacional. Essa estrat\u00e9gia evita a ocupa\u00e7\u00e3o desordenada do territ\u00f3rio e orienta o desenvolvimento urbano de forma sustent\u00e1vel.<\/p>\n<h2>Infraestrutura e Mobilidade Urbana<\/h2>\n<p>A infraestrutura urbana, que inclui transporte, saneamento e servi\u00e7os p\u00fablicos, \u00e9 fundamental para o funcionamento de uma cidade. Em S\u00e3o Paulo, iniciativas para melhorar a mobilidade urbana visam implementar sistemas de transporte mais eficientes, como a expans\u00e3o do metr\u00f4 e a cria\u00e7\u00e3o de corredores de \u00f4nibus. O objetivo \u00e9 facilitar o deslocamento da popula\u00e7\u00e3o, reduzindo tempos de viagem e a utiliza\u00e7\u00e3o de ve\u00edculos particulares, al\u00e9m de contribuir para a redu\u00e7\u00e3o da polui\u00e7\u00e3o.<\/p>\n<h2>Desafios da Gest\u00e3o Urbana em S\u00e3o Paulo<\/h2>\n<p>A Gest\u00e3o Urbana enfrenta diversos desafios, como a desigualdade socioecon\u00f4mica, a ocupa\u00e7\u00e3o irregular de \u00e1reas e a press\u00e3o por um desenvolvimento r\u00e1pido em detrimento da sustentabilidade. Lidar com essas quest\u00f5es requer estrat\u00e9gias inovadoras e o envolvimento de diferentes setores da sociedade, incluindo o governo, as ONGs e a iniciativa privada.<\/p>\n<h2>Cidades Inteligentes e Sustent\u00e1veis<\/h2>\n<p>O conceito de cidade inteligente envolve a utiliza\u00e7\u00e3o de tecnologias para melhorar a qualidade de vida dos habitantes. Isso inclui desde sistemas de monitoramento de tr\u00e1fego at\u00e9 a gest\u00e3o inteligente dos servi\u00e7os p\u00fablicos. S\u00e3o Paulo est\u00e1 implementando iniciativas para se tornar uma cidade mais sustent\u00e1vel, integrando tecnologias que promovam a efici\u00eancia energ\u00e9tica e a utiliza\u00e7\u00e3o de recursos naturais de maneira respons\u00e1vel.<\/p>\n<h2>Iniciativas para a Habita\u00e7\u00e3o de Interesse Social<\/h2>\n<p>Um dos focos da gest\u00e3o urbana \u00e9 a promo\u00e7\u00e3o da habita\u00e7\u00e3o de interesse social. Programas que visam construir ou readequar moradias para fam\u00edlias de baixa renda s\u00e3o fundamentais para a redu\u00e7\u00e3o das desigualdades habitacionais. A administra\u00e7\u00e3o p\u00fablica tem buscado parcerias com o setor privado e organiza\u00e7\u00f5es sociais para aumentar a oferta de moradias dignas e acess\u00edveis.<\/p>\n<h2>O Futuro da Gest\u00e3o Urbana em SP<\/h2>\n<p>O futuro da Gest\u00e3o Urbana em S\u00e3o Paulo depende da capacidade de inovar e adaptar-se \u00e0s demandas da sociedade. A implementa\u00e7\u00e3o de pol\u00edticas p\u00fablicas que garantam a inclus\u00e3o, a justi\u00e7a social e a sustentabilidade \u00e9 essencial para criar uma cidade que atenda \u00e0s necessidades de todos os seus cidad\u00e3os. A continuidade do envolvimento da comunidade nas decis\u00f5es, o investimento em tecnologia e a busca por solu\u00e7\u00f5es criativas para os desafios urbanos s\u00e3o passos cruciais para o progresso da cidade.<\/p>\n\n<div style=\"font-size: 0px; height: 0px; line-height: 0px; margin: 0; padding: 0; clear: both;\"><\/div>","protected":false},"excerpt":{"rendered":"<p>Entenda como a gest\u00e3o urbana em S\u00e3o Paulo pode moldar o futuro da cidade.<\/p>\n","protected":false},"author":1,"featured_media":2863,"comment_status":"open","ping_status":"closed","sticky":false,"template":"","format":"standard","meta":{"footnotes":""},"categories":[6],"tags":[],"class_list":["post-2864","post","type-post","status-publish","format-standard","has-post-thumbnail","hentry","category-noticias-no-bom-retiro","has_thumb"],"aioseo_notices":[],"aioseo_head":"\n\t\t<!-- All in One SEO 5.0.0.1 - aioseo.com -->\n\t<meta name=\"description\" content=\"Entenda como a gest\u00e3o urbana em S\u00e3o Paulo pode moldar o futuro da cidade.\" \/>\n\t<meta name=\"robots\" content=\"max-image-preview:large\" \/>\n\t<meta name=\"author\" content=\"Encontra Bom Retiro\"\/>\n\t<link rel=\"canonical\" href=\"https:\/\/www.encontrabomretiro.com.br\/sobre\/gestao-urbana-sp\/\" \/>\n\t<meta name=\"generator\" content=\"All in One SEO (AIOSEO) 5.0.0.1\" \/>\n\t\t<meta property=\"og:locale\" content=\"pt_BR\" \/>\n\t\t<meta property=\"og:site_name\" content=\"Encontra Bom Retiro | Not\u00edcias, eventos, informa\u00e7\u00f5es e dicas no bairro do Bom Retiro e regi\u00e3o.\" \/>\n\t\t<meta property=\"og:type\" content=\"article\" \/>\n\t\t<meta property=\"og:title\" content=\"Gest\u00e3o Urbana SP | Encontra Bom Retiro\" \/>\n\t\t<meta property=\"og:description\" content=\"Entenda como a gest\u00e3o urbana em S\u00e3o Paulo pode moldar o futuro da cidade.\" \/>\n\t\t<meta property=\"og:url\" content=\"https:\/\/www.encontrabomretiro.com.br\/sobre\/gestao-urbana-sp\/\" \/>\n\t\t<meta property=\"article:published_time\" content=\"2026-05-28T11:43:12+00:00\" \/>\n\t\t<meta property=\"article:modified_time\" content=\"2026-05-28T11:43:12+00:00\" \/>\n\t\t<meta name=\"twitter:card\" content=\"summary_large_image\" \/>\n\t\t<meta name=\"twitter:title\" content=\"Gest\u00e3o Urbana SP | Encontra Bom Retiro\" \/>\n\t\t<meta name=\"twitter:description\" content=\"Entenda como a gest\u00e3o urbana em S\u00e3o Paulo pode moldar o futuro da cidade.\" \/>\n\t\t<script type=\"application\/ld+json\" class=\"aioseo-schema\">\n\t\t\t{\"@context\":\"https:\\\/\\\/schema.org\",\"@graph\":[{\"@type\":\"Article\",\"@id\":\"https:\\\/\\\/www.encontrabomretiro.com.br\\\/sobre\\\/gestao-urbana-sp\\\/#article\",\"name\":\"Gest\\u00e3o Urbana SP | Encontra Bom Retiro\",\"headline\":\"Gest\\u00e3o Urbana SP\",\"author\":{\"@id\":\"https:\\\/\\\/www.encontrabomretiro.com.br\\\/sobre\\\/author\\\/ebomretiro\\\/#author\"},\"publisher\":{\"@id\":\"https:\\\/\\\/www.encontrabomretiro.com.br\\\/sobre\\\/#organization\"},\"image\":{\"@type\":\"ImageObject\",\"url\":\"https:\\\/\\\/www.encontrabomretiro.com.br\\\/sobre\\\/wp-content\\\/uploads\\\/2026\\\/05\\\/gestao-urbana-sp.webp\",\"width\":280,\"height\":280,\"caption\":\"Gest\\u00e3o Urbana SP\"},\"datePublished\":\"2026-05-28T09:43:12-02:00\",\"dateModified\":\"2026-05-28T09:43:12-02:00\",\"inLanguage\":\"pt-BR\",\"mainEntityOfPage\":{\"@id\":\"https:\\\/\\\/www.encontrabomretiro.com.br\\\/sobre\\\/gestao-urbana-sp\\\/#webpage\"},\"isPartOf\":{\"@id\":\"https:\\\/\\\/www.encontrabomretiro.com.br\\\/sobre\\\/gestao-urbana-sp\\\/#webpage\"},\"articleSection\":\"Not\\u00edcias Bom Retiro\"},{\"@type\":\"BreadcrumbList\",\"@id\":\"https:\\\/\\\/www.encontrabomretiro.com.br\\\/sobre\\\/gestao-urbana-sp\\\/#breadcrumblist\",\"itemListElement\":[{\"@type\":\"ListItem\",\"@id\":\"https:\\\/\\\/www.encontrabomretiro.com.br\\\/sobre#listItem\",\"position\":1,\"name\":\"Dom\\u00e9stica\",\"item\":\"https:\\\/\\\/www.encontrabomretiro.com.br\\\/sobre\",\"nextItem\":{\"@type\":\"ListItem\",\"@id\":\"https:\\\/\\\/www.encontrabomretiro.com.br\\\/sobre\\\/noticias-no-bom-retiro\\\/#listItem\",\"name\":\"Not\\u00edcias Bom Retiro\"}},{\"@type\":\"ListItem\",\"@id\":\"https:\\\/\\\/www.encontrabomretiro.com.br\\\/sobre\\\/noticias-no-bom-retiro\\\/#listItem\",\"position\":2,\"name\":\"Not\\u00edcias Bom Retiro\",\"item\":\"https:\\\/\\\/www.encontrabomretiro.com.br\\\/sobre\\\/noticias-no-bom-retiro\\\/\",\"nextItem\":{\"@type\":\"ListItem\",\"@id\":\"https:\\\/\\\/www.encontrabomretiro.com.br\\\/sobre\\\/gestao-urbana-sp\\\/#listItem\",\"name\":\"Gest\\u00e3o Urbana SP\"},\"previousItem\":{\"@type\":\"ListItem\",\"@id\":\"https:\\\/\\\/www.encontrabomretiro.com.br\\\/sobre#listItem\",\"name\":\"Dom\\u00e9stica\"}},{\"@type\":\"ListItem\",\"@id\":\"https:\\\/\\\/www.encontrabomretiro.com.br\\\/sobre\\\/gestao-urbana-sp\\\/#listItem\",\"position\":3,\"name\":\"Gest\\u00e3o Urbana SP\",\"previousItem\":{\"@type\":\"ListItem\",\"@id\":\"https:\\\/\\\/www.encontrabomretiro.com.br\\\/sobre\\\/noticias-no-bom-retiro\\\/#listItem\",\"name\":\"Not\\u00edcias Bom Retiro\"}}]},{\"@type\":\"Organization\",\"@id\":\"https:\\\/\\\/www.encontrabomretiro.com.br\\\/sobre\\\/#organization\",\"name\":\"Encontra Bom Retiro\",\"description\":\"Not\\u00edcias, eventos, informa\\u00e7\\u00f5es e dicas no bairro do Bom Retiro e regi\\u00e3o.\",\"url\":\"https:\\\/\\\/www.encontrabomretiro.com.br\\\/sobre\\\/\"},{\"@type\":\"Person\",\"@id\":\"https:\\\/\\\/www.encontrabomretiro.com.br\\\/sobre\\\/author\\\/ebomretiro\\\/#author\",\"url\":\"https:\\\/\\\/www.encontrabomretiro.com.br\\\/sobre\\\/author\\\/ebomretiro\\\/\",\"name\":\"Encontra Bom Retiro\",\"image\":{\"@type\":\"ImageObject\",\"@id\":\"https:\\\/\\\/www.encontrabomretiro.com.br\\\/sobre\\\/gestao-urbana-sp\\\/#authorImage\",\"url\":\"https:\\\/\\\/secure.gravatar.com\\\/avatar\\\/507340682b8270222e1f208e23198b6ae7e2c6a1033ae84e99bc6bce4f82a387?s=96&d=mm&r=g\",\"width\":96,\"height\":96,\"caption\":\"Encontra Bom Retiro\"}},{\"@type\":\"WebPage\",\"@id\":\"https:\\\/\\\/www.encontrabomretiro.com.br\\\/sobre\\\/gestao-urbana-sp\\\/#webpage\",\"url\":\"https:\\\/\\\/www.encontrabomretiro.com.br\\\/sobre\\\/gestao-urbana-sp\\\/\",\"name\":\"Gest\\u00e3o Urbana SP | Encontra Bom Retiro\",\"description\":\"Entenda como a gest\\u00e3o urbana em S\\u00e3o Paulo pode moldar o futuro da cidade.\",\"inLanguage\":\"pt-BR\",\"isPartOf\":{\"@id\":\"https:\\\/\\\/www.encontrabomretiro.com.br\\\/sobre\\\/#website\"},\"breadcrumb\":{\"@id\":\"https:\\\/\\\/www.encontrabomretiro.com.br\\\/sobre\\\/gestao-urbana-sp\\\/#breadcrumblist\"},\"author\":{\"@id\":\"https:\\\/\\\/www.encontrabomretiro.com.br\\\/sobre\\\/author\\\/ebomretiro\\\/#author\"},\"creator\":{\"@id\":\"https:\\\/\\\/www.encontrabomretiro.com.br\\\/sobre\\\/author\\\/ebomretiro\\\/#author\"},\"image\":{\"@type\":\"ImageObject\",\"url\":\"https:\\\/\\\/www.encontrabomretiro.com.br\\\/sobre\\\/wp-content\\\/uploads\\\/2026\\\/05\\\/gestao-urbana-sp.webp\",\"@id\":\"https:\\\/\\\/www.encontrabomretiro.com.br\\\/sobre\\\/gestao-urbana-sp\\\/#mainImage\",\"width\":280,\"height\":280,\"caption\":\"Gest\\u00e3o Urbana SP\"},\"primaryImageOfPage\":{\"@id\":\"https:\\\/\\\/www.encontrabomretiro.com.br\\\/sobre\\\/gestao-urbana-sp\\\/#mainImage\"},\"datePublished\":\"2026-05-28T09:43:12-02:00\",\"dateModified\":\"2026-05-28T09:43:12-02:00\"},{\"@type\":\"WebSite\",\"@id\":\"https:\\\/\\\/www.encontrabomretiro.com.br\\\/sobre\\\/#website\",\"url\":\"https:\\\/\\\/www.encontrabomretiro.com.br\\\/sobre\\\/\",\"name\":\"Encontra Bom Retiro\",\"description\":\"Not\\u00edcias, eventos, informa\\u00e7\\u00f5es e dicas no bairro do Bom Retiro e regi\\u00e3o.\",\"inLanguage\":\"pt-BR\",\"publisher\":{\"@id\":\"https:\\\/\\\/www.encontrabomretiro.com.br\\\/sobre\\\/#organization\"}}]}\n\t\t<\/script>\n\t\t<!-- All in One SEO -->\n\n","aioseo_head_json":{"title":"Gest\u00e3o Urbana SP | Encontra Bom Retiro","description":"Entenda como a gest\u00e3o urbana em S\u00e3o Paulo pode moldar o futuro da cidade.","canonical_url":"https:\/\/www.encontrabomretiro.com.br\/sobre\/gestao-urbana-sp\/","robots":"max-image-preview:large","keywords":"","webmasterTools":{"miscellaneous":""},"schema":{"@context":"https:\/\/schema.org","@graph":[{"@type":"Article","@id":"https:\/\/www.encontrabomretiro.com.br\/sobre\/gestao-urbana-sp\/#article","name":"Gest\u00e3o Urbana SP | Encontra Bom Retiro","headline":"Gest\u00e3o Urbana SP","author":{"@id":"https:\/\/www.encontrabomretiro.com.br\/sobre\/author\/ebomretiro\/#author"},"publisher":{"@id":"https:\/\/www.encontrabomretiro.com.br\/sobre\/#organization"},"image":{"@type":"ImageObject","url":"https:\/\/www.encontrabomretiro.com.br\/sobre\/wp-content\/uploads\/2026\/05\/gestao-urbana-sp.webp","width":280,"height":280,"caption":"Gest\u00e3o Urbana SP"},"datePublished":"2026-05-28T09:43:12-02:00","dateModified":"2026-05-28T09:43:12-02:00","inLanguage":"pt-BR","mainEntityOfPage":{"@id":"https:\/\/www.encontrabomretiro.com.br\/sobre\/gestao-urbana-sp\/#webpage"},"isPartOf":{"@id":"https:\/\/www.encontrabomretiro.com.br\/sobre\/gestao-urbana-sp\/#webpage"},"articleSection":"Not\u00edcias Bom Retiro"},{"@type":"BreadcrumbList","@id":"https:\/\/www.encontrabomretiro.com.br\/sobre\/gestao-urbana-sp\/#breadcrumblist","itemListElement":[{"@type":"ListItem","@id":"https:\/\/www.encontrabomretiro.com.br\/sobre#listItem","position":1,"name":"Dom\u00e9stica","item":"https:\/\/www.encontrabomretiro.com.br\/sobre","nextItem":{"@type":"ListItem","@id":"https:\/\/www.encontrabomretiro.com.br\/sobre\/noticias-no-bom-retiro\/#listItem","name":"Not\u00edcias Bom Retiro"}},{"@type":"ListItem","@id":"https:\/\/www.encontrabomretiro.com.br\/sobre\/noticias-no-bom-retiro\/#listItem","position":2,"name":"Not\u00edcias Bom Retiro","item":"https:\/\/www.encontrabomretiro.com.br\/sobre\/noticias-no-bom-retiro\/","nextItem":{"@type":"ListItem","@id":"https:\/\/www.encontrabomretiro.com.br\/sobre\/gestao-urbana-sp\/#listItem","name":"Gest\u00e3o Urbana SP"},"previousItem":{"@type":"ListItem","@id":"https:\/\/www.encontrabomretiro.com.br\/sobre#listItem","name":"Dom\u00e9stica"}},{"@type":"ListItem","@id":"https:\/\/www.encontrabomretiro.com.br\/sobre\/gestao-urbana-sp\/#listItem","position":3,"name":"Gest\u00e3o Urbana SP","previousItem":{"@type":"ListItem","@id":"https:\/\/www.encontrabomretiro.com.br\/sobre\/noticias-no-bom-retiro\/#listItem","name":"Not\u00edcias Bom Retiro"}}]},{"@type":"Organization","@id":"https:\/\/www.encontrabomretiro.com.br\/sobre\/#organization","name":"Encontra Bom Retiro","description":"Not\u00edcias, eventos, informa\u00e7\u00f5es e dicas no bairro do Bom Retiro e regi\u00e3o.","url":"https:\/\/www.encontrabomretiro.com.br\/sobre\/"},{"@type":"Person","@id":"https:\/\/www.encontrabomretiro.com.br\/sobre\/author\/ebomretiro\/#author","url":"https:\/\/www.encontrabomretiro.com.br\/sobre\/author\/ebomretiro\/","name":"Encontra Bom Retiro","image":{"@type":"ImageObject","@id":"https:\/\/www.encontrabomretiro.com.br\/sobre\/gestao-urbana-sp\/#authorImage","url":"https:\/\/secure.gravatar.com\/avatar\/507340682b8270222e1f208e23198b6ae7e2c6a1033ae84e99bc6bce4f82a387?s=96&d=mm&r=g","width":96,"height":96,"caption":"Encontra Bom Retiro"}},{"@type":"WebPage","@id":"https:\/\/www.encontrabomretiro.com.br\/sobre\/gestao-urbana-sp\/#webpage","url":"https:\/\/www.encontrabomretiro.com.br\/sobre\/gestao-urbana-sp\/","name":"Gest\u00e3o Urbana SP | Encontra Bom Retiro","description":"Entenda como a gest\u00e3o urbana em S\u00e3o Paulo pode moldar o futuro da cidade.","inLanguage":"pt-BR","isPartOf":{"@id":"https:\/\/www.encontrabomretiro.com.br\/sobre\/#website"},"breadcrumb":{"@id":"https:\/\/www.encontrabomretiro.com.br\/sobre\/gestao-urbana-sp\/#breadcrumblist"},"author":{"@id":"https:\/\/www.encontrabomretiro.com.br\/sobre\/author\/ebomretiro\/#author"},"creator":{"@id":"https:\/\/www.encontrabomretiro.com.br\/sobre\/author\/ebomretiro\/#author"},"image":{"@type":"ImageObject","url":"https:\/\/www.encontrabomretiro.com.br\/sobre\/wp-content\/uploads\/2026\/05\/gestao-urbana-sp.webp","@id":"https:\/\/www.encontrabomretiro.com.br\/sobre\/gestao-urbana-sp\/#mainImage","width":280,"height":280,"caption":"Gest\u00e3o Urbana SP"},"primaryImageOfPage":{"@id":"https:\/\/www.encontrabomretiro.com.br\/sobre\/gestao-urbana-sp\/#mainImage"},"datePublished":"2026-05-28T09:43:12-02:00","dateModified":"2026-05-28T09:43:12-02:00"},{"@type":"WebSite","@id":"https:\/\/www.encontrabomretiro.com.br\/sobre\/#website","url":"https:\/\/www.encontrabomretiro.com.br\/sobre\/","name":"Encontra Bom Retiro","description":"Not\u00edcias, eventos, informa\u00e7\u00f5es e dicas no bairro do Bom Retiro e regi\u00e3o.","inLanguage":"pt-BR","publisher":{"@id":"https:\/\/www.encontrabomretiro.com.br\/sobre\/#organization"}}]},"og:locale":"pt_BR","og:site_name":"Encontra Bom Retiro | Not\u00edcias, eventos, informa\u00e7\u00f5es e dicas no bairro do Bom Retiro e regi\u00e3o.","og:type":"article","og:title":"Gest\u00e3o Urbana SP | Encontra Bom Retiro","og:description":"Entenda como a gest\u00e3o urbana em S\u00e3o Paulo pode moldar o futuro da cidade.","og:url":"https:\/\/www.encontrabomretiro.com.br\/sobre\/gestao-urbana-sp\/","article:published_time":"2026-05-28T11:43:12+00:00","article:modified_time":"2026-05-28T11:43:12+00:00","twitter:card":"summary_large_image","twitter:title":"Gest\u00e3o Urbana SP | Encontra Bom Retiro","twitter:description":"Entenda como a gest\u00e3o urbana em S\u00e3o Paulo pode moldar o futuro da cidade."},"aioseo_meta_data":{"post_id":"2864","title":null,"description":null,"keywords":null,"keyphrases":null,"primary_term":null,"canonical_url":null,"og_title":null,"og_description":null,"og_object_type":"default","og_image_type":"default","og_image_url":null,"og_image_width":null,"og_image_height":null,"og_image_custom_url":null,"og_image_custom_fields":null,"og_video":null,"og_custom_url":null,"og_article_section":null,"og_article_tags":null,"twitter_use_og":false,"twitter_card":"default","twitter_image_type":"default","twitter_image_url":null,"twitter_image_custom_url":null,"twitter_image_custom_fields":null,"twitter_title":null,"twitter_description":null,"schema":{"blockGraphs":[],"customGraphs":[],"default":{"data":{"Article":[],"Course":[],"Dataset":[],"FAQPage":[],"Movie":[],"Person":[],"Product":[],"ProductReview":[],"Car":[],"Recipe":[],"Service":[],"SoftwareApplication":[],"WebPage":[]},"graphName":"Article","isEnabled":true},"graphs":[]},"schema_type":"default","schema_type_options":null,"pillar_content":false,"robots_default":true,"robots_noindex":false,"robots_noarchive":false,"robots_nosnippet":false,"robots_nofollow":false,"robots_noimageindex":false,"robots_noodp":false,"robots_notranslate":false,"robots_max_snippet":null,"robots_max_videopreview":null,"robots_max_imagepreview":"large","priority":null,"frequency":null,"local_seo":null,"breadcrumb_settings":null,"limit_modified_date":false,"ai":null,"created":"2026-05-28 11:43:17","updated":"2026-05-28 11:58:51","focus_keyword":null,"additional_keywords":null,"truseo_locale":null,"seo_analyzer_scan_date":null},"aioseo_breadcrumb":"<div class=\"aioseo-breadcrumbs\"><span class=\"aioseo-breadcrumb\">\n\t\t\t<a href=\"https:\/\/www.encontrabomretiro.com.br\/sobre\" title=\"Dom\u00e9stica\">Dom\u00e9stica<\/a>\n\t\t<\/span><span class=\"aioseo-breadcrumb-separator\">&raquo;<\/span><span class=\"aioseo-breadcrumb\">\n\t\t\t<a href=\"https:\/\/www.encontrabomretiro.com.br\/sobre\/noticias-no-bom-retiro\/\" title=\"Not\u00edcias Bom Retiro\">Not\u00edcias Bom Retiro<\/a>\n\t\t<\/span><span class=\"aioseo-breadcrumb-separator\">&raquo;<\/span><span class=\"aioseo-breadcrumb\">\n\t\t\tGest\u00e3o Urbana SP\n\t\t<\/span><\/div>","aioseo_breadcrumb_json":[{"label":"Dom\u00e9stica","link":"https:\/\/www.encontrabomretiro.com.br\/sobre"},{"label":"Not\u00edcias Bom Retiro","link":"https:\/\/www.encontrabomretiro.com.br\/sobre\/noticias-no-bom-retiro\/"},{"label":"Gest\u00e3o Urbana SP","link":"https:\/\/www.encontrabomretiro.com.br\/sobre\/gestao-urbana-sp\/"}],"_links":{"self":[{"href":"https:\/\/www.encontrabomretiro.com.br\/sobre\/wp-json\/wp\/v2\/posts\/2864","targetHints":{"allow":["GET"]}}],"collection":[{"href":"https:\/\/www.encontrabomretiro.com.br\/sobre\/wp-json\/wp\/v2\/posts"}],"about":[{"href":"https:\/\/www.encontrabomretiro.com.br\/sobre\/wp-json\/wp\/v2\/types\/post"}],"author":[{"embeddable":true,"href":"https:\/\/www.encontrabomretiro.com.br\/sobre\/wp-json\/wp\/v2\/users\/1"}],"replies":[{"embeddable":true,"href":"https:\/\/www.encontrabomretiro.com.br\/sobre\/wp-json\/wp\/v2\/comments?post=2864"}],"version-history":[{"count":0,"href":"https:\/\/www.encontrabomretiro.com.br\/sobre\/wp-json\/wp\/v2\/posts\/2864\/revisions"}],"wp:featuredmedia":[{"embeddable":true,"href":"https:\/\/www.encontrabomretiro.com.br\/sobre\/wp-json\/wp\/v2\/media\/2863"}],"wp:attachment":[{"href":"https:\/\/www.encontrabomretiro.com.br\/sobre\/wp-json\/wp\/v2\/media?parent=2864"}],"wp:term":[{"taxonomy":"category","embeddable":true,"href":"https:\/\/www.encontrabomretiro.com.br\/sobre\/wp-json\/wp\/v2\/categories?post=2864"},{"taxonomy":"post_tag","embeddable":true,"href":"https:\/\/www.encontrabomretiro.com.br\/sobre\/wp-json\/wp\/v2\/tags?post=2864"}],"curies":[{"name":"wp","href":"https:\/\/api.w.org\/{rel}","templated":true}]}}