{"id":2851,"date":"2026-05-24T09:54:25","date_gmt":"2026-05-24T11:54:25","guid":{"rendered":"https:\/\/www.encontrabomretiro.com.br\/sobre\/virada-cultural-tem-apresentau00e7u00f5es-de-joelma-marina-sena-titu00e3s-e-seu-jorge-no-fim-de-semana\/"},"modified":"2026-05-24T09:54:25","modified_gmt":"2026-05-24T11:54:25","slug":"virada-cultural-tem-apresentau00e7u00f5es-de-joelma-marina-sena-titu00e3s-e-seu-jorge-no-fim-de-semana","status":"publish","type":"post","link":"https:\/\/www.encontrabomretiro.com.br\/sobre\/virada-cultural-tem-apresentau00e7u00f5es-de-joelma-marina-sena-titu00e3s-e-seu-jorge-no-fim-de-semana\/","title":{"rendered":"Virada Cultural tem apresenta\\u00e7\\u00f5es de Joelma, Marina Sena, Tit\\u00e3s e Seu Jorge no fim de semana"},"content":{"rendered":"<div class=\"228b65ae207de3c5c501cfe75875708b\" data-index=\"1\" style=\"float: none; margin:0px;\">\n<!-- Anuncio display - global -->\r\n<ins class=\"adsbygoogle\"\r\n     style=\"display:block\"\r\n     data-ad-client=\"ca-pub-8585364105181520\"\r\n     data-ad-slot=\"8789329856\"\r\n     data-ad-format=\"auto\"\r\n     data-full-width-responsive=\"true\"><\/ins>\r\n<script>\r\n     (adsbygoogle = window.adsbygoogle || []).push({});\r\n<\/script>\n<\/div>\n<h2>Atra\u00e7\u00f5es Musicais Imperd\u00edveis<\/h2>\n<p>No pr\u00f3ximo fim de semana, S\u00e3o Paulo ser\u00e1 invadida por uma verdadeira festa cultural, a famosa <strong>Virada Cultural<\/strong>. Esta 21\u00aa edi\u00e7\u00e3o promete uma programa\u00e7\u00e3o recheada com apresenta\u00e7\u00f5es de artistas renomados e novos talentos. Entre as atra\u00e7\u00f5es mais esperadas est\u00e1 a cantora <strong>Joelma<\/strong>, que continua a brilhar ap\u00f3s sua carreira na banda Calypso, apresentando hits como &#8220;Voando pro Par\u00e1&#8221;. Outro nome forte no lineup \u00e9 <strong>Marina Sena<\/strong>, que conquistou o p\u00fablico com m\u00fasicas como &#8220;Por Supuesto&#8221; e &#8220;Ai que Del\u00edcia o Ver\u00e3o&#8221;.<\/p>\n<p>Al\u00e9m dessas, o ic\u00f4nico <strong>Seu Jorge<\/strong> promete emocionar com seu repert\u00f3rio diversificado que mistura samba, bossa nova e jazz. E n\u00e3o podemos esquecer da lend\u00e1ria banda <strong>Tit\u00e3s<\/strong>, que j\u00e1 \u00e9 uma refer\u00eancia no rock nacional com hits atemporais como &#8220;Comida&#8221; e &#8220;Divers\u00e3o&#8221;. Cada artista traz sua pr\u00f3pria magia e estilo, garantindo que haja algo para todos os gostos.<\/p>\n<h2>Programa\u00e7\u00e3o Gr\u00e1tis em Museus e Teatros<\/h2>\n<p>A Virada Cultural tamb\u00e9m \u00e9 uma oportunidade incr\u00edvel para explorar a arte e a cultura, n\u00e3o apenas pela m\u00fasica, mas tamb\u00e9m atrav\u00e9s de museus e teatros com entrada gratuita. O <strong>Museu do Ipiranga<\/strong> abrir\u00e1 suas portas sem custos, permitindo que os visitantes se aprofundem na rica hist\u00f3ria do Brasil. Al\u00e9m disso, locais como o <strong>Masp<\/strong> e o <strong>Centro Cultural Banco do Brasil<\/strong> oferecer\u00e3o exposi\u00e7\u00f5es imperd\u00edveis e a chance de assistir a apresenta\u00e7\u00f5es ao vivo.<\/p>\n<p>O <strong>Teatro Municipal<\/strong> apresentar\u00e1 pe\u00e7as emocionantes, incluindo a nova adapta\u00e7\u00e3o de &#8220;Hamlet, Sonhos Que Vir\u00e3o&#8221;, destacando a resili\u00eancia e a luta pela justi\u00e7a. A variedade de eventos culturais dispon\u00edveis durante este fim de semana torna a Virada uma ocasi\u00e3o perfeita para explorar a arte em suas diversas formas.<\/p>\n<h2>Shows de Nomes em Ascens\u00e3o<\/h2>\n<p>Al\u00e9m dos grandes nomes j\u00e1 consagrados no cen\u00e1rio musical, a Virada Cultural trar\u00e1 tamb\u00e9m artistas emergentes que est\u00e3o fazendo muito sucesso. <strong>MC Hariel<\/strong> e <strong>Duquesa<\/strong>, por exemplo, estar\u00e3o entre os destaques do rap nacional, representando a nova gera\u00e7\u00e3o que est\u00e1 conquistando o p\u00fablico com letras impactantes e batidas contagiantes. A presen\u00e7a desses artistas no evento \u00e9 um reflexo da diversidade e da nova sonoridade da m\u00fasica brasileira atual.<\/p>\n<h2>Destaques do Evento: Fun\u00e7\u00e3o e Import\u00e2ncia<\/h2>\n<p>A Virada Cultural \u00e9 mais do que um festival de m\u00fasica; \u00e9 uma celebra\u00e7\u00e3o da cultura e da uni\u00e3o entre as pessoas. Este evento anual promove a inclus\u00e3o e o acesso \u00e0 cultura, permitindo que milhares de pessoas aproveitem as atividades oferecidas sem custo. A fun\u00e7\u00e3o social da Virada \u00e9 digna de nota, j\u00e1 que proporciona um espa\u00e7o onde todos podem compartilhar momentos e experi\u00eancias \u00fanicas.<\/p>\n<p>Al\u00e9m disso, a iniciativa fortalece a cena cultural local, oferecendo uma plataforma para artistas emergentes e respeitados, oferecendo uma variedade que abrange desde o samba at\u00e9 o rap, rock, e muito mais. Eventos como esse s\u00e3o fundamentais para a forma\u00e7\u00e3o de um p\u00fablico consciente e engajado culturalmente.<\/p>\n<h2>Tudo Sobre as Apresenta\u00e7\u00f5es de M\u00fasica Popular<\/h2>\n<p>Os palcos da Virada Cultural estar\u00e3o recheados de apresenta\u00e7\u00f5es que variam em estilo e emo\u00e7\u00e3o, desde shows eletrizantes de rap at\u00e9 momentos nost\u00e1lgicos com bandas de rock cl\u00e1ssicas. Apresenta\u00e7\u00f5es de artistas como <strong>Dilsinho<\/strong> e <strong>Israel e Rodolffo<\/strong> garantem que os amantes de pagode e sertanejo tamb\u00e9m tenham suas expectativas atendidas. A diversidade musical do festival reflete o vasto rico cen\u00e1rio art\u00edstico do Brasil, fazendo com que a programa\u00e7\u00e3o seja um deleite para os f\u00e3s de todas as idades.<\/p>\n<h2>Pe\u00e7as de Teatro e Atividades Culturais<\/h2>\n<p>O calend\u00e1rio da Virada Cultural tamb\u00e9m abrange uma s\u00e9rie de pe\u00e7as teatrais e outras atividades culturais, proporcionando uma rica experi\u00eancia cultural. A pe\u00e7a &#8220;Gota D\u2019\u00c1gua&#8221;, uma obra ic\u00f4nica de Chico Buarque, ser\u00e1 uma das atra\u00e7\u00f5es que desafiam a reflex\u00e3o e o pensamento cr\u00edtico. O p\u00fablico ter\u00e1 a chance de vivenciar experi\u00eancias c\u00eanicas que v\u00e3o do contempor\u00e2neo ao cl\u00e1ssico, ressaltando a import\u00e2ncia do teatro em abordar quest\u00f5es sociais e culturais relevantes.<\/p>\n<h2>Explorando a Gastronomia Durante a Virada Cultural<\/h2>\n<p>Celebrar a cultura tamb\u00e9m passa pela gastronomia, e a Virada Cultural n\u00e3o decepcionar\u00e1. Durante o evento, os visitantes encontrar\u00e3o uma variedade de op\u00e7\u00f5es gastron\u00f4micas, desde a comida de rua at\u00e9 pratos t\u00edpicos da culin\u00e1ria brasileira, atendendo a todos os paladares. \u00c9 o momento ideal para degustar as del\u00edcias da culin\u00e1ria paulistana enquanto se absorve a cultura vibrante que a cidade oferece.<\/p>\n<h2>Como Chegar e Aproveitar ao M\u00e1ximo a Festa<\/h2>\n<p>Para aqueles que planejam participar da Virada Cultural, \u00e9 importante considerar as melhores op\u00e7\u00f5es de transporte e planejamento do itiner\u00e1rio. A cidade de S\u00e3o Paulo oferece uma extensa rede de transporte p\u00fablico, incluindo \u00f4nibus e metr\u00f4, que facilitar\u00e3o o deslocamento entre as v\u00e1rias atra\u00e7\u00f5es do evento. Al\u00e9m disso, \u00e9 recomend\u00e1vel chegar cedo aos locais para garantir um bom lugar e aproveitar ao m\u00e1ximo as experi\u00eancias oferecidas durante todo o evento.<\/p>\n<h2>Hist\u00f3rias de Artistas que Marcam a Virada<\/h2>\n<p>A Virada Cultural tamb\u00e9m \u00e9 a oportunidade de contar e ouvir as hist\u00f3rias dos artistas que fazem parte desse ecossistema vibrante. Cada performer tem sua trajet\u00f3ria \u00fanica, e suas hist\u00f3rias de luta e perseveran\u00e7a inspiram o p\u00fablico. Por detr\u00e1s de cada apresenta\u00e7\u00e3o, h\u00e1 um sonho que se transforma em realidade, e a Virada \u00e9 o espa\u00e7o perfeito para celebrar essas jornadas.<\/p>\n<h2>O Que Esperar da 21\u00aa Edi\u00e7\u00e3o da Virada Cultural<\/h2>\n<p>Prepare-se para um fim de semana repleto de atividades e shows memor\u00e1veis na 21\u00aa edi\u00e7\u00e3o da Virada Cultural! A combina\u00e7\u00e3o de m\u00fasica, arte, gastronomia e a intera\u00e7\u00e3o entre os p\u00fablicos tornam o evento uma celebra\u00e7\u00e3o da cultura como um todo. Este ano, com uma linha de artistas e atra\u00e7\u00f5es diversificadas, a expectativa \u00e9 que a festa movimente ainda mais a cidade e que o envolvimento da popula\u00e7\u00e3o fa\u00e7a valer a proposta de celebrar a cultura em sua ess\u00eancia.<\/p>\n\n<div style=\"font-size: 0px; height: 0px; line-height: 0px; margin: 0; padding: 0; clear: both;\"><\/div>","protected":false},"excerpt":{"rendered":"<p>Virada Cultural traz apresenta\u00e7\u00f5es de grandes artistas, como Joelma e Seu Jorge, em um fim de semana emocionante.<\/p>\n","protected":false},"author":1,"featured_media":0,"comment_status":"open","ping_status":"closed","sticky":false,"template":"","format":"standard","meta":{"footnotes":""},"categories":[9],"tags":[],"class_list":["post-2851","post","type-post","status-publish","format-standard","hentry","category-shows-no-bom-retiro"],"aioseo_notices":[],"aioseo_head":"\n\t\t<!-- All in One SEO 5.0.0.1 - aioseo.com -->\n\t<meta name=\"description\" content=\"Virada Cultural traz apresenta\u00e7\u00f5es de grandes artistas, como Joelma e Seu Jorge, em um fim de semana emocionante.\" \/>\n\t<meta name=\"robots\" content=\"max-image-preview:large\" \/>\n\t<meta name=\"author\" content=\"Encontra Bom Retiro\"\/>\n\t<link rel=\"canonical\" href=\"https:\/\/www.encontrabomretiro.com.br\/sobre\/virada-cultural-tem-apresentau00e7u00f5es-de-joelma-marina-sena-titu00e3s-e-seu-jorge-no-fim-de-semana\/\" \/>\n\t<meta name=\"generator\" content=\"All in One SEO (AIOSEO) 5.0.0.1\" \/>\n\t\t<meta property=\"og:locale\" content=\"pt_BR\" \/>\n\t\t<meta property=\"og:site_name\" content=\"Encontra Bom Retiro | Not\u00edcias, eventos, informa\u00e7\u00f5es e dicas no bairro do Bom Retiro e regi\u00e3o.\" \/>\n\t\t<meta property=\"og:type\" content=\"article\" \/>\n\t\t<meta property=\"og:title\" content=\"Virada Cultural tem apresenta\\u00e7\\u00f5es de Joelma, Marina Sena, Tit\\u00e3s e Seu Jorge no fim de semana | Encontra Bom Retiro\" \/>\n\t\t<meta property=\"og:description\" content=\"Virada Cultural traz apresenta\u00e7\u00f5es de grandes artistas, como Joelma e Seu Jorge, em um fim de semana emocionante.\" \/>\n\t\t<meta property=\"og:url\" content=\"https:\/\/www.encontrabomretiro.com.br\/sobre\/virada-cultural-tem-apresentau00e7u00f5es-de-joelma-marina-sena-titu00e3s-e-seu-jorge-no-fim-de-semana\/\" \/>\n\t\t<meta property=\"article:published_time\" content=\"2026-05-24T11:54:25+00:00\" \/>\n\t\t<meta property=\"article:modified_time\" content=\"2026-05-24T11:54:25+00:00\" \/>\n\t\t<meta name=\"twitter:card\" content=\"summary_large_image\" \/>\n\t\t<meta name=\"twitter:title\" content=\"Virada Cultural tem apresenta\\u00e7\\u00f5es de Joelma, Marina Sena, Tit\\u00e3s e Seu Jorge no fim de semana | Encontra Bom Retiro\" \/>\n\t\t<meta name=\"twitter:description\" content=\"Virada Cultural traz apresenta\u00e7\u00f5es de grandes artistas, como Joelma e Seu Jorge, em um fim de semana emocionante.\" \/>\n\t\t<script type=\"application\/ld+json\" class=\"aioseo-schema\">\n\t\t\t{\"@context\":\"https:\\\/\\\/schema.org\",\"@graph\":[{\"@type\":\"Article\",\"@id\":\"https:\\\/\\\/www.encontrabomretiro.com.br\\\/sobre\\\/virada-cultural-tem-apresentau00e7u00f5es-de-joelma-marina-sena-titu00e3s-e-seu-jorge-no-fim-de-semana\\\/#article\",\"name\":\"Virada Cultural tem apresenta\\\\u00e7\\\\u00f5es de Joelma, Marina Sena, Tit\\\\u00e3s e Seu Jorge no fim de semana | Encontra Bom Retiro\",\"headline\":\"Virada Cultural tem apresenta\\\\u00e7\\\\u00f5es de Joelma, Marina Sena, Tit\\\\u00e3s e Seu Jorge no fim de semana\",\"author\":{\"@id\":\"https:\\\/\\\/www.encontrabomretiro.com.br\\\/sobre\\\/author\\\/ebomretiro\\\/#author\"},\"publisher\":{\"@id\":\"https:\\\/\\\/www.encontrabomretiro.com.br\\\/sobre\\\/#organization\"},\"datePublished\":\"2026-05-24T09:54:25-02:00\",\"dateModified\":\"2026-05-24T09:54:25-02:00\",\"inLanguage\":\"pt-BR\",\"mainEntityOfPage\":{\"@id\":\"https:\\\/\\\/www.encontrabomretiro.com.br\\\/sobre\\\/virada-cultural-tem-apresentau00e7u00f5es-de-joelma-marina-sena-titu00e3s-e-seu-jorge-no-fim-de-semana\\\/#webpage\"},\"isPartOf\":{\"@id\":\"https:\\\/\\\/www.encontrabomretiro.com.br\\\/sobre\\\/virada-cultural-tem-apresentau00e7u00f5es-de-joelma-marina-sena-titu00e3s-e-seu-jorge-no-fim-de-semana\\\/#webpage\"},\"articleSection\":\"Shows Bom Retiro\"},{\"@type\":\"BreadcrumbList\",\"@id\":\"https:\\\/\\\/www.encontrabomretiro.com.br\\\/sobre\\\/virada-cultural-tem-apresentau00e7u00f5es-de-joelma-marina-sena-titu00e3s-e-seu-jorge-no-fim-de-semana\\\/#breadcrumblist\",\"itemListElement\":[{\"@type\":\"ListItem\",\"@id\":\"https:\\\/\\\/www.encontrabomretiro.com.br\\\/sobre#listItem\",\"position\":1,\"name\":\"Dom\\u00e9stica\",\"item\":\"https:\\\/\\\/www.encontrabomretiro.com.br\\\/sobre\",\"nextItem\":{\"@type\":\"ListItem\",\"@id\":\"https:\\\/\\\/www.encontrabomretiro.com.br\\\/sobre\\\/shows-no-bom-retiro\\\/#listItem\",\"name\":\"Shows Bom Retiro\"}},{\"@type\":\"ListItem\",\"@id\":\"https:\\\/\\\/www.encontrabomretiro.com.br\\\/sobre\\\/shows-no-bom-retiro\\\/#listItem\",\"position\":2,\"name\":\"Shows Bom Retiro\",\"item\":\"https:\\\/\\\/www.encontrabomretiro.com.br\\\/sobre\\\/shows-no-bom-retiro\\\/\",\"nextItem\":{\"@type\":\"ListItem\",\"@id\":\"https:\\\/\\\/www.encontrabomretiro.com.br\\\/sobre\\\/virada-cultural-tem-apresentau00e7u00f5es-de-joelma-marina-sena-titu00e3s-e-seu-jorge-no-fim-de-semana\\\/#listItem\",\"name\":\"Virada Cultural tem apresenta\\\\u00e7\\\\u00f5es de Joelma, Marina Sena, Tit\\\\u00e3s e Seu Jorge no fim de semana\"},\"previousItem\":{\"@type\":\"ListItem\",\"@id\":\"https:\\\/\\\/www.encontrabomretiro.com.br\\\/sobre#listItem\",\"name\":\"Dom\\u00e9stica\"}},{\"@type\":\"ListItem\",\"@id\":\"https:\\\/\\\/www.encontrabomretiro.com.br\\\/sobre\\\/virada-cultural-tem-apresentau00e7u00f5es-de-joelma-marina-sena-titu00e3s-e-seu-jorge-no-fim-de-semana\\\/#listItem\",\"position\":3,\"name\":\"Virada Cultural tem apresenta\\\\u00e7\\\\u00f5es de Joelma, Marina Sena, Tit\\\\u00e3s e Seu Jorge no fim de semana\",\"previousItem\":{\"@type\":\"ListItem\",\"@id\":\"https:\\\/\\\/www.encontrabomretiro.com.br\\\/sobre\\\/shows-no-bom-retiro\\\/#listItem\",\"name\":\"Shows Bom Retiro\"}}]},{\"@type\":\"Organization\",\"@id\":\"https:\\\/\\\/www.encontrabomretiro.com.br\\\/sobre\\\/#organization\",\"name\":\"Encontra Bom Retiro\",\"description\":\"Not\\u00edcias, eventos, informa\\u00e7\\u00f5es e dicas no bairro do Bom Retiro e regi\\u00e3o.\",\"url\":\"https:\\\/\\\/www.encontrabomretiro.com.br\\\/sobre\\\/\"},{\"@type\":\"Person\",\"@id\":\"https:\\\/\\\/www.encontrabomretiro.com.br\\\/sobre\\\/author\\\/ebomretiro\\\/#author\",\"url\":\"https:\\\/\\\/www.encontrabomretiro.com.br\\\/sobre\\\/author\\\/ebomretiro\\\/\",\"name\":\"Encontra Bom Retiro\",\"image\":{\"@type\":\"ImageObject\",\"@id\":\"https:\\\/\\\/www.encontrabomretiro.com.br\\\/sobre\\\/virada-cultural-tem-apresentau00e7u00f5es-de-joelma-marina-sena-titu00e3s-e-seu-jorge-no-fim-de-semana\\\/#authorImage\",\"url\":\"https:\\\/\\\/secure.gravatar.com\\\/avatar\\\/507340682b8270222e1f208e23198b6ae7e2c6a1033ae84e99bc6bce4f82a387?s=96&d=mm&r=g\",\"width\":96,\"height\":96,\"caption\":\"Encontra Bom Retiro\"}},{\"@type\":\"WebPage\",\"@id\":\"https:\\\/\\\/www.encontrabomretiro.com.br\\\/sobre\\\/virada-cultural-tem-apresentau00e7u00f5es-de-joelma-marina-sena-titu00e3s-e-seu-jorge-no-fim-de-semana\\\/#webpage\",\"url\":\"https:\\\/\\\/www.encontrabomretiro.com.br\\\/sobre\\\/virada-cultural-tem-apresentau00e7u00f5es-de-joelma-marina-sena-titu00e3s-e-seu-jorge-no-fim-de-semana\\\/\",\"name\":\"Virada Cultural tem apresenta\\\\u00e7\\\\u00f5es de Joelma, Marina Sena, Tit\\\\u00e3s e Seu Jorge no fim de semana | Encontra Bom Retiro\",\"description\":\"Virada Cultural traz apresenta\\u00e7\\u00f5es de grandes artistas, como Joelma e Seu Jorge, em um fim de semana emocionante.\",\"inLanguage\":\"pt-BR\",\"isPartOf\":{\"@id\":\"https:\\\/\\\/www.encontrabomretiro.com.br\\\/sobre\\\/#website\"},\"breadcrumb\":{\"@id\":\"https:\\\/\\\/www.encontrabomretiro.com.br\\\/sobre\\\/virada-cultural-tem-apresentau00e7u00f5es-de-joelma-marina-sena-titu00e3s-e-seu-jorge-no-fim-de-semana\\\/#breadcrumblist\"},\"author\":{\"@id\":\"https:\\\/\\\/www.encontrabomretiro.com.br\\\/sobre\\\/author\\\/ebomretiro\\\/#author\"},\"creator\":{\"@id\":\"https:\\\/\\\/www.encontrabomretiro.com.br\\\/sobre\\\/author\\\/ebomretiro\\\/#author\"},\"datePublished\":\"2026-05-24T09:54:25-02:00\",\"dateModified\":\"2026-05-24T09:54:25-02:00\"},{\"@type\":\"WebSite\",\"@id\":\"https:\\\/\\\/www.encontrabomretiro.com.br\\\/sobre\\\/#website\",\"url\":\"https:\\\/\\\/www.encontrabomretiro.com.br\\\/sobre\\\/\",\"name\":\"Encontra Bom Retiro\",\"description\":\"Not\\u00edcias, eventos, informa\\u00e7\\u00f5es e dicas no bairro do Bom Retiro e regi\\u00e3o.\",\"inLanguage\":\"pt-BR\",\"publisher\":{\"@id\":\"https:\\\/\\\/www.encontrabomretiro.com.br\\\/sobre\\\/#organization\"}}]}\n\t\t<\/script>\n\t\t<!-- All in One SEO -->\n\n","aioseo_head_json":{"title":"Virada Cultural tem apresenta\\u00e7\\u00f5es de Joelma, Marina Sena, Tit\\u00e3s e Seu Jorge no fim de semana | Encontra Bom Retiro","description":"Virada Cultural traz apresenta\u00e7\u00f5es de grandes artistas, como Joelma e Seu Jorge, em um fim de semana emocionante.","canonical_url":"https:\/\/www.encontrabomretiro.com.br\/sobre\/virada-cultural-tem-apresentau00e7u00f5es-de-joelma-marina-sena-titu00e3s-e-seu-jorge-no-fim-de-semana\/","robots":"max-image-preview:large","keywords":"","webmasterTools":{"miscellaneous":""},"schema":{"@context":"https:\/\/schema.org","@graph":[{"@type":"Article","@id":"https:\/\/www.encontrabomretiro.com.br\/sobre\/virada-cultural-tem-apresentau00e7u00f5es-de-joelma-marina-sena-titu00e3s-e-seu-jorge-no-fim-de-semana\/#article","name":"Virada Cultural tem apresenta\\u00e7\\u00f5es de Joelma, Marina Sena, Tit\\u00e3s e Seu Jorge no fim de semana | Encontra Bom Retiro","headline":"Virada Cultural tem apresenta\\u00e7\\u00f5es de Joelma, Marina Sena, Tit\\u00e3s e Seu Jorge no fim de semana","author":{"@id":"https:\/\/www.encontrabomretiro.com.br\/sobre\/author\/ebomretiro\/#author"},"publisher":{"@id":"https:\/\/www.encontrabomretiro.com.br\/sobre\/#organization"},"datePublished":"2026-05-24T09:54:25-02:00","dateModified":"2026-05-24T09:54:25-02:00","inLanguage":"pt-BR","mainEntityOfPage":{"@id":"https:\/\/www.encontrabomretiro.com.br\/sobre\/virada-cultural-tem-apresentau00e7u00f5es-de-joelma-marina-sena-titu00e3s-e-seu-jorge-no-fim-de-semana\/#webpage"},"isPartOf":{"@id":"https:\/\/www.encontrabomretiro.com.br\/sobre\/virada-cultural-tem-apresentau00e7u00f5es-de-joelma-marina-sena-titu00e3s-e-seu-jorge-no-fim-de-semana\/#webpage"},"articleSection":"Shows Bom Retiro"},{"@type":"BreadcrumbList","@id":"https:\/\/www.encontrabomretiro.com.br\/sobre\/virada-cultural-tem-apresentau00e7u00f5es-de-joelma-marina-sena-titu00e3s-e-seu-jorge-no-fim-de-semana\/#breadcrumblist","itemListElement":[{"@type":"ListItem","@id":"https:\/\/www.encontrabomretiro.com.br\/sobre#listItem","position":1,"name":"Dom\u00e9stica","item":"https:\/\/www.encontrabomretiro.com.br\/sobre","nextItem":{"@type":"ListItem","@id":"https:\/\/www.encontrabomretiro.com.br\/sobre\/shows-no-bom-retiro\/#listItem","name":"Shows Bom Retiro"}},{"@type":"ListItem","@id":"https:\/\/www.encontrabomretiro.com.br\/sobre\/shows-no-bom-retiro\/#listItem","position":2,"name":"Shows Bom Retiro","item":"https:\/\/www.encontrabomretiro.com.br\/sobre\/shows-no-bom-retiro\/","nextItem":{"@type":"ListItem","@id":"https:\/\/www.encontrabomretiro.com.br\/sobre\/virada-cultural-tem-apresentau00e7u00f5es-de-joelma-marina-sena-titu00e3s-e-seu-jorge-no-fim-de-semana\/#listItem","name":"Virada Cultural tem apresenta\\u00e7\\u00f5es de Joelma, Marina Sena, Tit\\u00e3s e Seu Jorge no fim de semana"},"previousItem":{"@type":"ListItem","@id":"https:\/\/www.encontrabomretiro.com.br\/sobre#listItem","name":"Dom\u00e9stica"}},{"@type":"ListItem","@id":"https:\/\/www.encontrabomretiro.com.br\/sobre\/virada-cultural-tem-apresentau00e7u00f5es-de-joelma-marina-sena-titu00e3s-e-seu-jorge-no-fim-de-semana\/#listItem","position":3,"name":"Virada Cultural tem apresenta\\u00e7\\u00f5es de Joelma, Marina Sena, Tit\\u00e3s e Seu Jorge no fim de semana","previousItem":{"@type":"ListItem","@id":"https:\/\/www.encontrabomretiro.com.br\/sobre\/shows-no-bom-retiro\/#listItem","name":"Shows Bom Retiro"}}]},{"@type":"Organization","@id":"https:\/\/www.encontrabomretiro.com.br\/sobre\/#organization","name":"Encontra Bom Retiro","description":"Not\u00edcias, eventos, informa\u00e7\u00f5es e dicas no bairro do Bom Retiro e regi\u00e3o.","url":"https:\/\/www.encontrabomretiro.com.br\/sobre\/"},{"@type":"Person","@id":"https:\/\/www.encontrabomretiro.com.br\/sobre\/author\/ebomretiro\/#author","url":"https:\/\/www.encontrabomretiro.com.br\/sobre\/author\/ebomretiro\/","name":"Encontra Bom Retiro","image":{"@type":"ImageObject","@id":"https:\/\/www.encontrabomretiro.com.br\/sobre\/virada-cultural-tem-apresentau00e7u00f5es-de-joelma-marina-sena-titu00e3s-e-seu-jorge-no-fim-de-semana\/#authorImage","url":"https:\/\/secure.gravatar.com\/avatar\/507340682b8270222e1f208e23198b6ae7e2c6a1033ae84e99bc6bce4f82a387?s=96&d=mm&r=g","width":96,"height":96,"caption":"Encontra Bom Retiro"}},{"@type":"WebPage","@id":"https:\/\/www.encontrabomretiro.com.br\/sobre\/virada-cultural-tem-apresentau00e7u00f5es-de-joelma-marina-sena-titu00e3s-e-seu-jorge-no-fim-de-semana\/#webpage","url":"https:\/\/www.encontrabomretiro.com.br\/sobre\/virada-cultural-tem-apresentau00e7u00f5es-de-joelma-marina-sena-titu00e3s-e-seu-jorge-no-fim-de-semana\/","name":"Virada Cultural tem apresenta\\u00e7\\u00f5es de Joelma, Marina Sena, Tit\\u00e3s e Seu Jorge no fim de semana | Encontra Bom Retiro","description":"Virada Cultural traz apresenta\u00e7\u00f5es de grandes artistas, como Joelma e Seu Jorge, em um fim de semana emocionante.","inLanguage":"pt-BR","isPartOf":{"@id":"https:\/\/www.encontrabomretiro.com.br\/sobre\/#website"},"breadcrumb":{"@id":"https:\/\/www.encontrabomretiro.com.br\/sobre\/virada-cultural-tem-apresentau00e7u00f5es-de-joelma-marina-sena-titu00e3s-e-seu-jorge-no-fim-de-semana\/#breadcrumblist"},"author":{"@id":"https:\/\/www.encontrabomretiro.com.br\/sobre\/author\/ebomretiro\/#author"},"creator":{"@id":"https:\/\/www.encontrabomretiro.com.br\/sobre\/author\/ebomretiro\/#author"},"datePublished":"2026-05-24T09:54:25-02:00","dateModified":"2026-05-24T09:54:25-02:00"},{"@type":"WebSite","@id":"https:\/\/www.encontrabomretiro.com.br\/sobre\/#website","url":"https:\/\/www.encontrabomretiro.com.br\/sobre\/","name":"Encontra Bom Retiro","description":"Not\u00edcias, eventos, informa\u00e7\u00f5es e dicas no bairro do Bom Retiro e regi\u00e3o.","inLanguage":"pt-BR","publisher":{"@id":"https:\/\/www.encontrabomretiro.com.br\/sobre\/#organization"}}]},"og:locale":"pt_BR","og:site_name":"Encontra Bom Retiro | Not\u00edcias, eventos, informa\u00e7\u00f5es e dicas no bairro do Bom Retiro e regi\u00e3o.","og:type":"article","og:title":"Virada Cultural tem apresenta\\u00e7\\u00f5es de Joelma, Marina Sena, Tit\\u00e3s e Seu Jorge no fim de semana | Encontra Bom Retiro","og:description":"Virada Cultural traz apresenta\u00e7\u00f5es de grandes artistas, como Joelma e Seu Jorge, em um fim de semana emocionante.","og:url":"https:\/\/www.encontrabomretiro.com.br\/sobre\/virada-cultural-tem-apresentau00e7u00f5es-de-joelma-marina-sena-titu00e3s-e-seu-jorge-no-fim-de-semana\/","article:published_time":"2026-05-24T11:54:25+00:00","article:modified_time":"2026-05-24T11:54:25+00:00","twitter:card":"summary_large_image","twitter:title":"Virada Cultural tem apresenta\\u00e7\\u00f5es de Joelma, Marina Sena, Tit\\u00e3s e Seu Jorge no fim de semana | Encontra Bom Retiro","twitter:description":"Virada Cultural traz apresenta\u00e7\u00f5es de grandes artistas, como Joelma e Seu Jorge, em um fim de semana emocionante."},"aioseo_meta_data":{"post_id":"2851","title":null,"description":null,"keywords":null,"keyphrases":null,"primary_term":null,"canonical_url":null,"og_title":null,"og_description":null,"og_object_type":"default","og_image_type":"default","og_image_url":null,"og_image_width":null,"og_image_height":null,"og_image_custom_url":null,"og_image_custom_fields":null,"og_video":null,"og_custom_url":null,"og_article_section":null,"og_article_tags":null,"twitter_use_og":false,"twitter_card":"default","twitter_image_type":"default","twitter_image_url":null,"twitter_image_custom_url":null,"twitter_image_custom_fields":null,"twitter_title":null,"twitter_description":null,"schema":{"blockGraphs":[],"customGraphs":[],"default":{"data":{"Article":[],"Course":[],"Dataset":[],"FAQPage":[],"Movie":[],"Person":[],"Product":[],"ProductReview":[],"Car":[],"Recipe":[],"Service":[],"SoftwareApplication":[],"WebPage":[]},"graphName":"Article","isEnabled":true},"graphs":[]},"schema_type":"default","schema_type_options":null,"pillar_content":false,"robots_default":true,"robots_noindex":false,"robots_noarchive":false,"robots_nosnippet":false,"robots_nofollow":false,"robots_noimageindex":false,"robots_noodp":false,"robots_notranslate":false,"robots_max_snippet":null,"robots_max_videopreview":null,"robots_max_imagepreview":"large","priority":null,"frequency":null,"local_seo":null,"breadcrumb_settings":null,"limit_modified_date":false,"ai":null,"created":"2026-05-24 11:54:29","updated":"2026-05-24 11:59:43","focus_keyword":null,"additional_keywords":null,"truseo_locale":null,"seo_analyzer_scan_date":null},"aioseo_breadcrumb":"<div class=\"aioseo-breadcrumbs\"><span class=\"aioseo-breadcrumb\">\n\t\t\t<a href=\"https:\/\/www.encontrabomretiro.com.br\/sobre\" title=\"Dom\u00e9stica\">Dom\u00e9stica<\/a>\n\t\t<\/span><span class=\"aioseo-breadcrumb-separator\">&raquo;<\/span><span class=\"aioseo-breadcrumb\">\n\t\t\t<a href=\"https:\/\/www.encontrabomretiro.com.br\/sobre\/shows-no-bom-retiro\/\" title=\"Shows Bom Retiro\">Shows Bom Retiro<\/a>\n\t\t<\/span><span class=\"aioseo-breadcrumb-separator\">&raquo;<\/span><span class=\"aioseo-breadcrumb\">\n\t\t\tVirada Cultural tem apresenta\\u00e7\\u00f5es de Joelma, Marina Sena, Tit\\u00e3s e Seu Jorge no fim de semana\n\t\t<\/span><\/div>","aioseo_breadcrumb_json":[{"label":"Dom\u00e9stica","link":"https:\/\/www.encontrabomretiro.com.br\/sobre"},{"label":"Shows Bom Retiro","link":"https:\/\/www.encontrabomretiro.com.br\/sobre\/shows-no-bom-retiro\/"},{"label":"Virada Cultural tem apresenta\\u00e7\\u00f5es de Joelma, Marina Sena, Tit\\u00e3s e Seu Jorge no fim de semana","link":"https:\/\/www.encontrabomretiro.com.br\/sobre\/virada-cultural-tem-apresentau00e7u00f5es-de-joelma-marina-sena-titu00e3s-e-seu-jorge-no-fim-de-semana\/"}],"_links":{"self":[{"href":"https:\/\/www.encontrabomretiro.com.br\/sobre\/wp-json\/wp\/v2\/posts\/2851","targetHints":{"allow":["GET"]}}],"collection":[{"href":"https:\/\/www.encontrabomretiro.com.br\/sobre\/wp-json\/wp\/v2\/posts"}],"about":[{"href":"https:\/\/www.encontrabomretiro.com.br\/sobre\/wp-json\/wp\/v2\/types\/post"}],"author":[{"embeddable":true,"href":"https:\/\/www.encontrabomretiro.com.br\/sobre\/wp-json\/wp\/v2\/users\/1"}],"replies":[{"embeddable":true,"href":"https:\/\/www.encontrabomretiro.com.br\/sobre\/wp-json\/wp\/v2\/comments?post=2851"}],"version-history":[{"count":0,"href":"https:\/\/www.encontrabomretiro.com.br\/sobre\/wp-json\/wp\/v2\/posts\/2851\/revisions"}],"wp:attachment":[{"href":"https:\/\/www.encontrabomretiro.com.br\/sobre\/wp-json\/wp\/v2\/media?parent=2851"}],"wp:term":[{"taxonomy":"category","embeddable":true,"href":"https:\/\/www.encontrabomretiro.com.br\/sobre\/wp-json\/wp\/v2\/categories?post=2851"},{"taxonomy":"post_tag","embeddable":true,"href":"https:\/\/www.encontrabomretiro.com.br\/sobre\/wp-json\/wp\/v2\/tags?post=2851"}],"curies":[{"name":"wp","href":"https:\/\/api.w.org\/{rel}","templated":true}]}}