{"id":2850,"date":"2026-05-23T09:44:44","date_gmt":"2026-05-23T11:44:44","guid":{"rendered":"https:\/\/www.encontrabomretiro.com.br\/sobre\/virada-cultural-2026-confira-locais-e-horarios-de-todas-as-atracoes\/"},"modified":"2026-05-23T09:44:44","modified_gmt":"2026-05-23T11:44:44","slug":"virada-cultural-2026-confira-locais-e-horarios-de-todas-as-atracoes","status":"publish","type":"post","link":"https:\/\/www.encontrabomretiro.com.br\/sobre\/virada-cultural-2026-confira-locais-e-horarios-de-todas-as-atracoes\/","title":{"rendered":"Virada Cultural 2026: confira locais e hor\u00e1rios de todas as atra\u00e7\u00f5es"},"content":{"rendered":"<div class=\"228b65ae207de3c5c501cfe75875708b\" data-index=\"1\" style=\"float: none; margin:0px;\">\n<!-- Anuncio display - global -->\r\n<ins class=\"adsbygoogle\"\r\n     style=\"display:block\"\r\n     data-ad-client=\"ca-pub-8585364105181520\"\r\n     data-ad-slot=\"8789329856\"\r\n     data-ad-format=\"auto\"\r\n     data-full-width-responsive=\"true\"><\/ins>\r\n<script>\r\n     (adsbygoogle = window.adsbygoogle || []).push({});\r\n<\/script>\n<\/div>\n<h2>Virada Cultural 2026: Data e Hor\u00e1rios<\/h2>\n<p>A Virada Cultural acontece nos dias <strong>23 e 24 de maio de 2026<\/strong>. Durante esse per\u00edodo, a cidade de S\u00e3o Paulo se transforma em um grande palco com uma extensa programa\u00e7\u00e3o cultural, incluindo apresenta\u00e7\u00f5es musicais, teatro, dan\u00e7a e atividades variadas para todas as idades.<\/p>\n<h2>Como Chegar \u00e0s Atra\u00e7\u00f5es<\/h2>\n<p>O acesso \u00e0s atra\u00e7\u00f5es pode ser feito por diversos meios de transporte p\u00fablico, como metr\u00f4, \u00f4nibus e bicicletas compartilhadas. \u00c9 recomend\u00e1vel utilizar o metr\u00f4, que possui v\u00e1rias esta\u00e7\u00f5es pr\u00f3ximas aos principais locais das atra\u00e7\u00f5es da Virada Cultural. Abaixo, uma breve orienta\u00e7\u00e3o:<\/p>\n<ul>\n<li><strong>Metr\u00f4:<\/strong> Use as linhas amarela, verde, vermelha e azul para chegar aos pontos centrais.<\/li>\n<li><strong>\u00d4nibus:<\/strong> Verifique as linhas que possuem paradas nas proximidades das atra\u00e7\u00f5es desejadas.<\/li>\n<li><strong>Bicicletas:<\/strong> H\u00e1 esta\u00e7\u00f5es de bike share dispon\u00edveis perto dos circuitos.<\/li>\n<\/ul>\n<h2>Atra\u00e7\u00f5es Confirmadas para 2026<\/h2>\n<p>A 21\u00aa edi\u00e7\u00e3o da Virada Cultural promete muitas surpresas e atra\u00e7\u00f5es imperd\u00edveis! Entre as principais apresenta\u00e7\u00f5es e eventos confirmados, est\u00e3o artistas renomados e novas promessas da m\u00fasica brasileira, como:<\/p>\n<ul>\n<li>Lu\u00edsa Sonza<\/li>\n<li>Seu Jorge<\/li>\n<li>Marina Sena<\/li>\n<li>P\u00e9ricles<\/li>\n<\/ul>\n<p>Al\u00e9m de shows, haver\u00e1 espet\u00e1culos de teatro, dan\u00e7as, artes visuais, e muito mais.<\/p>\n<h2>Dicas para Aproveitar ao M\u00e1ximo<\/h2>\n<p>Para curtir a Virada Cultural de maneira completa, \u00e9 importante:<\/p>\n<ul>\n<li><strong>Planejar:<\/strong> Consulte a programa\u00e7\u00e3o com anteced\u00eancia e monte um roteiro com os eventos que mais interessam.<\/li>\n<li><strong>Chegar cedo:<\/strong> As melhores atra\u00e7\u00f5es podem ter grande p\u00fablico, ent\u00e3o chegar cedo garante um bom lugar.<\/li>\n<li><strong>Hidrata\u00e7\u00e3o:<\/strong> Leve \u00e1gua e mantenha-se hidratado durante o evento.<\/li>\n<li><strong>Prote\u00e7\u00e3o Solar:<\/strong> Utilize protetor solar, j\u00e1 que as apresenta\u00e7\u00f5es ocorrem durante o dia.<\/li>\n<li><strong>Aproveitar a experi\u00eancia:<\/strong> Explore tamb\u00e9m os espa\u00e7os de alimenta\u00e7\u00e3o e as feiras de artesanato espalhadas pelo evento.<\/li>\n<\/ul>\n<h2>Eventos na Avenida Paulista<\/h2>\n<p>A Avenida Paulista, um dos principais s\u00edmbolos da cidade, ser\u00e1 palco de diversas apresenta\u00e7\u00f5es durante a Virada Cultural. Entre os eventos programados, destacam-se grandes shows, performances de dan\u00e7a e exposi\u00e7\u00f5es de arte.<br \/>Os locais mais movimentados da avenida contar\u00e3o com palco principal e \u00e1reas destinadas a food trucks, garantido uma experi\u00eancia gastron\u00f4mica diversificada.<\/p>\n<h2>Programa\u00e7\u00e3o nos Centros Culturais<\/h2>\n<p>Os centros culturais de S\u00e3o Paulo ter\u00e3o uma programa\u00e7\u00e3o recheada de eventos durante a Virada Cultural. Lugares como <strong>CCBB<\/strong>, <strong>Centro Cultural S\u00e3o Paulo<\/strong> e <strong>Teatro Municipal<\/strong> oferecer\u00e3o uma variedade de atividades abrangendo m\u00fasica, dan\u00e7a e teatro. Confira algumas atividades:<\/p>\n<ul>\n<li>Amostras de cinema<\/li>\n<li>Apresenta\u00e7\u00f5es de grupos de teatro<\/li>\n<li>Workshops de arte e cria\u00e7\u00e3o<\/li>\n<\/ul>\n<h2>Atra\u00e7\u00f5es Musicais Imperd\u00edveis<\/h2>\n<p>Dentre os shows imperd\u00edveis, destaca-se:<\/p>\n<ul>\n<li><strong>Lu\u00edsa Sonza:<\/strong> Apresentando seu repert\u00f3rio recheado de sucessos.<\/li>\n<li><strong>Seu Jorge:<\/strong> Com um show que resgata cl\u00e1ssicos da m\u00fasica brasileira.<\/li>\n<li><strong>Marina Sena:<\/strong> Novas m\u00fasicas prometem agitar a plateia.<\/li>\n<li><strong>P\u00e9ricles:<\/strong> Um espet\u00e1culo repleto de samba e emo\u00e7\u00f5es.<\/li>\n<\/ul>\n<h2>A\u00e7\u00f5es Culturais em Diferentes Regi\u00f5es<\/h2>\n<p>A Virada Cultural n\u00e3o se limita ao centro de S\u00e3o Paulo. Regi\u00f5es perif\u00e9ricas tamb\u00e9m receber\u00e3o eventos diversificados, incluindo apresenta\u00e7\u00f5es de artistas locais, workshops e festas de rua.<\/p>\n<h2>Experi\u00eancias Gastron\u00f4micas Durante o Evento<\/h2>\n<p>Com a presen\u00e7a de diversos food trucks e barracas de comida de rua, a Virada Cultural oferece um card\u00e1pio repleto de pratos t\u00edpicos e op\u00e7\u00f5es gourmet. \u00c9 uma \u00f3tima oportunidade para experimentar:<\/p>\n<ul>\n<li>Comida t\u00edpica brasileira<\/li>\n<li>Pratos de diferentes culturas<\/li>\n<li>Doces gourmet<\/li>\n<\/ul>\n<h2>Seguran\u00e7a e Conforto na Virada Cultural<\/h2>\n<p>Para garantir a seguran\u00e7a de todos, a organiza\u00e7\u00e3o do evento estar\u00e1 em colabora\u00e7\u00e3o com a Pol\u00edcia Militar e agentes de seguran\u00e7a. Al\u00e9m disso, recomenda-se:<\/p>\n<ul>\n<li>Ficar atento aos seus pertences<\/li>\n<li>Utilizar roupas confort\u00e1veis<\/li>\n<li>Evitar \u00e1reas muito lotadas e seguir as orienta\u00e7\u00f5es da seguran\u00e7a<\/li>\n<\/ul>\n\n<div style=\"font-size: 0px; height: 0px; line-height: 0px; margin: 0; padding: 0; clear: both;\"><\/div>","protected":false},"excerpt":{"rendered":"<p>Virada Cultural 2026 traz atra\u00e7\u00f5es imperd\u00edveis em toda a cidade.<\/p>\n","protected":false},"author":1,"featured_media":0,"comment_status":"open","ping_status":"closed","sticky":false,"template":"","format":"standard","meta":{"footnotes":""},"categories":[9],"tags":[],"class_list":["post-2850","post","type-post","status-publish","format-standard","hentry","category-shows-no-bom-retiro"],"aioseo_notices":[],"aioseo_head":"\n\t\t<!-- All in One SEO 5.0.0.1 - aioseo.com -->\n\t<meta name=\"description\" content=\"Virada Cultural 2026 traz atra\u00e7\u00f5es imperd\u00edveis em toda a cidade.\" \/>\n\t<meta name=\"robots\" content=\"max-image-preview:large\" \/>\n\t<meta name=\"author\" content=\"Encontra Bom Retiro\"\/>\n\t<link rel=\"canonical\" href=\"https:\/\/www.encontrabomretiro.com.br\/sobre\/virada-cultural-2026-confira-locais-e-horarios-de-todas-as-atracoes\/\" \/>\n\t<meta name=\"generator\" content=\"All in One SEO (AIOSEO) 5.0.0.1\" \/>\n\t\t<meta property=\"og:locale\" content=\"pt_BR\" \/>\n\t\t<meta property=\"og:site_name\" content=\"Encontra Bom Retiro | Not\u00edcias, eventos, informa\u00e7\u00f5es e dicas no bairro do Bom Retiro e regi\u00e3o.\" \/>\n\t\t<meta property=\"og:type\" content=\"article\" \/>\n\t\t<meta property=\"og:title\" content=\"Virada Cultural 2026: confira locais e hor\u00e1rios de todas as atra\u00e7\u00f5es | Encontra Bom Retiro\" \/>\n\t\t<meta property=\"og:description\" content=\"Virada Cultural 2026 traz atra\u00e7\u00f5es imperd\u00edveis em toda a cidade.\" \/>\n\t\t<meta property=\"og:url\" content=\"https:\/\/www.encontrabomretiro.com.br\/sobre\/virada-cultural-2026-confira-locais-e-horarios-de-todas-as-atracoes\/\" \/>\n\t\t<meta property=\"article:published_time\" content=\"2026-05-23T11:44:44+00:00\" \/>\n\t\t<meta property=\"article:modified_time\" content=\"2026-05-23T11:44:44+00:00\" \/>\n\t\t<meta name=\"twitter:card\" content=\"summary_large_image\" \/>\n\t\t<meta name=\"twitter:title\" content=\"Virada Cultural 2026: confira locais e hor\u00e1rios de todas as atra\u00e7\u00f5es | Encontra Bom Retiro\" \/>\n\t\t<meta name=\"twitter:description\" content=\"Virada Cultural 2026 traz atra\u00e7\u00f5es imperd\u00edveis em toda a cidade.\" \/>\n\t\t<script type=\"application\/ld+json\" class=\"aioseo-schema\">\n\t\t\t{\"@context\":\"https:\\\/\\\/schema.org\",\"@graph\":[{\"@type\":\"Article\",\"@id\":\"https:\\\/\\\/www.encontrabomretiro.com.br\\\/sobre\\\/virada-cultural-2026-confira-locais-e-horarios-de-todas-as-atracoes\\\/#article\",\"name\":\"Virada Cultural 2026: confira locais e hor\\u00e1rios de todas as atra\\u00e7\\u00f5es | Encontra Bom Retiro\",\"headline\":\"Virada Cultural 2026: confira locais e hor\\u00e1rios de todas as atra\\u00e7\\u00f5es\",\"author\":{\"@id\":\"https:\\\/\\\/www.encontrabomretiro.com.br\\\/sobre\\\/author\\\/ebomretiro\\\/#author\"},\"publisher\":{\"@id\":\"https:\\\/\\\/www.encontrabomretiro.com.br\\\/sobre\\\/#organization\"},\"datePublished\":\"2026-05-23T09:44:44-02:00\",\"dateModified\":\"2026-05-23T09:44:44-02:00\",\"inLanguage\":\"pt-BR\",\"mainEntityOfPage\":{\"@id\":\"https:\\\/\\\/www.encontrabomretiro.com.br\\\/sobre\\\/virada-cultural-2026-confira-locais-e-horarios-de-todas-as-atracoes\\\/#webpage\"},\"isPartOf\":{\"@id\":\"https:\\\/\\\/www.encontrabomretiro.com.br\\\/sobre\\\/virada-cultural-2026-confira-locais-e-horarios-de-todas-as-atracoes\\\/#webpage\"},\"articleSection\":\"Shows Bom Retiro\"},{\"@type\":\"BreadcrumbList\",\"@id\":\"https:\\\/\\\/www.encontrabomretiro.com.br\\\/sobre\\\/virada-cultural-2026-confira-locais-e-horarios-de-todas-as-atracoes\\\/#breadcrumblist\",\"itemListElement\":[{\"@type\":\"ListItem\",\"@id\":\"https:\\\/\\\/www.encontrabomretiro.com.br\\\/sobre#listItem\",\"position\":1,\"name\":\"Dom\\u00e9stica\",\"item\":\"https:\\\/\\\/www.encontrabomretiro.com.br\\\/sobre\",\"nextItem\":{\"@type\":\"ListItem\",\"@id\":\"https:\\\/\\\/www.encontrabomretiro.com.br\\\/sobre\\\/shows-no-bom-retiro\\\/#listItem\",\"name\":\"Shows Bom Retiro\"}},{\"@type\":\"ListItem\",\"@id\":\"https:\\\/\\\/www.encontrabomretiro.com.br\\\/sobre\\\/shows-no-bom-retiro\\\/#listItem\",\"position\":2,\"name\":\"Shows Bom Retiro\",\"item\":\"https:\\\/\\\/www.encontrabomretiro.com.br\\\/sobre\\\/shows-no-bom-retiro\\\/\",\"nextItem\":{\"@type\":\"ListItem\",\"@id\":\"https:\\\/\\\/www.encontrabomretiro.com.br\\\/sobre\\\/virada-cultural-2026-confira-locais-e-horarios-de-todas-as-atracoes\\\/#listItem\",\"name\":\"Virada Cultural 2026: confira locais e hor\\u00e1rios de todas as atra\\u00e7\\u00f5es\"},\"previousItem\":{\"@type\":\"ListItem\",\"@id\":\"https:\\\/\\\/www.encontrabomretiro.com.br\\\/sobre#listItem\",\"name\":\"Dom\\u00e9stica\"}},{\"@type\":\"ListItem\",\"@id\":\"https:\\\/\\\/www.encontrabomretiro.com.br\\\/sobre\\\/virada-cultural-2026-confira-locais-e-horarios-de-todas-as-atracoes\\\/#listItem\",\"position\":3,\"name\":\"Virada Cultural 2026: confira locais e hor\\u00e1rios de todas as atra\\u00e7\\u00f5es\",\"previousItem\":{\"@type\":\"ListItem\",\"@id\":\"https:\\\/\\\/www.encontrabomretiro.com.br\\\/sobre\\\/shows-no-bom-retiro\\\/#listItem\",\"name\":\"Shows Bom Retiro\"}}]},{\"@type\":\"Organization\",\"@id\":\"https:\\\/\\\/www.encontrabomretiro.com.br\\\/sobre\\\/#organization\",\"name\":\"Encontra Bom Retiro\",\"description\":\"Not\\u00edcias, eventos, informa\\u00e7\\u00f5es e dicas no bairro do Bom Retiro e regi\\u00e3o.\",\"url\":\"https:\\\/\\\/www.encontrabomretiro.com.br\\\/sobre\\\/\"},{\"@type\":\"Person\",\"@id\":\"https:\\\/\\\/www.encontrabomretiro.com.br\\\/sobre\\\/author\\\/ebomretiro\\\/#author\",\"url\":\"https:\\\/\\\/www.encontrabomretiro.com.br\\\/sobre\\\/author\\\/ebomretiro\\\/\",\"name\":\"Encontra Bom Retiro\",\"image\":{\"@type\":\"ImageObject\",\"@id\":\"https:\\\/\\\/www.encontrabomretiro.com.br\\\/sobre\\\/virada-cultural-2026-confira-locais-e-horarios-de-todas-as-atracoes\\\/#authorImage\",\"url\":\"https:\\\/\\\/secure.gravatar.com\\\/avatar\\\/507340682b8270222e1f208e23198b6ae7e2c6a1033ae84e99bc6bce4f82a387?s=96&d=mm&r=g\",\"width\":96,\"height\":96,\"caption\":\"Encontra Bom Retiro\"}},{\"@type\":\"WebPage\",\"@id\":\"https:\\\/\\\/www.encontrabomretiro.com.br\\\/sobre\\\/virada-cultural-2026-confira-locais-e-horarios-de-todas-as-atracoes\\\/#webpage\",\"url\":\"https:\\\/\\\/www.encontrabomretiro.com.br\\\/sobre\\\/virada-cultural-2026-confira-locais-e-horarios-de-todas-as-atracoes\\\/\",\"name\":\"Virada Cultural 2026: confira locais e hor\\u00e1rios de todas as atra\\u00e7\\u00f5es | Encontra Bom Retiro\",\"description\":\"Virada Cultural 2026 traz atra\\u00e7\\u00f5es imperd\\u00edveis em toda a cidade.\",\"inLanguage\":\"pt-BR\",\"isPartOf\":{\"@id\":\"https:\\\/\\\/www.encontrabomretiro.com.br\\\/sobre\\\/#website\"},\"breadcrumb\":{\"@id\":\"https:\\\/\\\/www.encontrabomretiro.com.br\\\/sobre\\\/virada-cultural-2026-confira-locais-e-horarios-de-todas-as-atracoes\\\/#breadcrumblist\"},\"author\":{\"@id\":\"https:\\\/\\\/www.encontrabomretiro.com.br\\\/sobre\\\/author\\\/ebomretiro\\\/#author\"},\"creator\":{\"@id\":\"https:\\\/\\\/www.encontrabomretiro.com.br\\\/sobre\\\/author\\\/ebomretiro\\\/#author\"},\"datePublished\":\"2026-05-23T09:44:44-02:00\",\"dateModified\":\"2026-05-23T09:44:44-02:00\"},{\"@type\":\"WebSite\",\"@id\":\"https:\\\/\\\/www.encontrabomretiro.com.br\\\/sobre\\\/#website\",\"url\":\"https:\\\/\\\/www.encontrabomretiro.com.br\\\/sobre\\\/\",\"name\":\"Encontra Bom Retiro\",\"description\":\"Not\\u00edcias, eventos, informa\\u00e7\\u00f5es e dicas no bairro do Bom Retiro e regi\\u00e3o.\",\"inLanguage\":\"pt-BR\",\"publisher\":{\"@id\":\"https:\\\/\\\/www.encontrabomretiro.com.br\\\/sobre\\\/#organization\"}}]}\n\t\t<\/script>\n\t\t<!-- All in One SEO -->\n\n","aioseo_head_json":{"title":"Virada Cultural 2026: confira locais e hor\u00e1rios de todas as atra\u00e7\u00f5es | Encontra Bom Retiro","description":"Virada Cultural 2026 traz atra\u00e7\u00f5es imperd\u00edveis em toda a cidade.","canonical_url":"https:\/\/www.encontrabomretiro.com.br\/sobre\/virada-cultural-2026-confira-locais-e-horarios-de-todas-as-atracoes\/","robots":"max-image-preview:large","keywords":"","webmasterTools":{"miscellaneous":""},"schema":{"@context":"https:\/\/schema.org","@graph":[{"@type":"Article","@id":"https:\/\/www.encontrabomretiro.com.br\/sobre\/virada-cultural-2026-confira-locais-e-horarios-de-todas-as-atracoes\/#article","name":"Virada Cultural 2026: confira locais e hor\u00e1rios de todas as atra\u00e7\u00f5es | Encontra Bom Retiro","headline":"Virada Cultural 2026: confira locais e hor\u00e1rios de todas as atra\u00e7\u00f5es","author":{"@id":"https:\/\/www.encontrabomretiro.com.br\/sobre\/author\/ebomretiro\/#author"},"publisher":{"@id":"https:\/\/www.encontrabomretiro.com.br\/sobre\/#organization"},"datePublished":"2026-05-23T09:44:44-02:00","dateModified":"2026-05-23T09:44:44-02:00","inLanguage":"pt-BR","mainEntityOfPage":{"@id":"https:\/\/www.encontrabomretiro.com.br\/sobre\/virada-cultural-2026-confira-locais-e-horarios-de-todas-as-atracoes\/#webpage"},"isPartOf":{"@id":"https:\/\/www.encontrabomretiro.com.br\/sobre\/virada-cultural-2026-confira-locais-e-horarios-de-todas-as-atracoes\/#webpage"},"articleSection":"Shows Bom Retiro"},{"@type":"BreadcrumbList","@id":"https:\/\/www.encontrabomretiro.com.br\/sobre\/virada-cultural-2026-confira-locais-e-horarios-de-todas-as-atracoes\/#breadcrumblist","itemListElement":[{"@type":"ListItem","@id":"https:\/\/www.encontrabomretiro.com.br\/sobre#listItem","position":1,"name":"Dom\u00e9stica","item":"https:\/\/www.encontrabomretiro.com.br\/sobre","nextItem":{"@type":"ListItem","@id":"https:\/\/www.encontrabomretiro.com.br\/sobre\/shows-no-bom-retiro\/#listItem","name":"Shows Bom Retiro"}},{"@type":"ListItem","@id":"https:\/\/www.encontrabomretiro.com.br\/sobre\/shows-no-bom-retiro\/#listItem","position":2,"name":"Shows Bom Retiro","item":"https:\/\/www.encontrabomretiro.com.br\/sobre\/shows-no-bom-retiro\/","nextItem":{"@type":"ListItem","@id":"https:\/\/www.encontrabomretiro.com.br\/sobre\/virada-cultural-2026-confira-locais-e-horarios-de-todas-as-atracoes\/#listItem","name":"Virada Cultural 2026: confira locais e hor\u00e1rios de todas as atra\u00e7\u00f5es"},"previousItem":{"@type":"ListItem","@id":"https:\/\/www.encontrabomretiro.com.br\/sobre#listItem","name":"Dom\u00e9stica"}},{"@type":"ListItem","@id":"https:\/\/www.encontrabomretiro.com.br\/sobre\/virada-cultural-2026-confira-locais-e-horarios-de-todas-as-atracoes\/#listItem","position":3,"name":"Virada Cultural 2026: confira locais e hor\u00e1rios de todas as atra\u00e7\u00f5es","previousItem":{"@type":"ListItem","@id":"https:\/\/www.encontrabomretiro.com.br\/sobre\/shows-no-bom-retiro\/#listItem","name":"Shows Bom Retiro"}}]},{"@type":"Organization","@id":"https:\/\/www.encontrabomretiro.com.br\/sobre\/#organization","name":"Encontra Bom Retiro","description":"Not\u00edcias, eventos, informa\u00e7\u00f5es e dicas no bairro do Bom Retiro e regi\u00e3o.","url":"https:\/\/www.encontrabomretiro.com.br\/sobre\/"},{"@type":"Person","@id":"https:\/\/www.encontrabomretiro.com.br\/sobre\/author\/ebomretiro\/#author","url":"https:\/\/www.encontrabomretiro.com.br\/sobre\/author\/ebomretiro\/","name":"Encontra Bom Retiro","image":{"@type":"ImageObject","@id":"https:\/\/www.encontrabomretiro.com.br\/sobre\/virada-cultural-2026-confira-locais-e-horarios-de-todas-as-atracoes\/#authorImage","url":"https:\/\/secure.gravatar.com\/avatar\/507340682b8270222e1f208e23198b6ae7e2c6a1033ae84e99bc6bce4f82a387?s=96&d=mm&r=g","width":96,"height":96,"caption":"Encontra Bom Retiro"}},{"@type":"WebPage","@id":"https:\/\/www.encontrabomretiro.com.br\/sobre\/virada-cultural-2026-confira-locais-e-horarios-de-todas-as-atracoes\/#webpage","url":"https:\/\/www.encontrabomretiro.com.br\/sobre\/virada-cultural-2026-confira-locais-e-horarios-de-todas-as-atracoes\/","name":"Virada Cultural 2026: confira locais e hor\u00e1rios de todas as atra\u00e7\u00f5es | Encontra Bom Retiro","description":"Virada Cultural 2026 traz atra\u00e7\u00f5es imperd\u00edveis em toda a cidade.","inLanguage":"pt-BR","isPartOf":{"@id":"https:\/\/www.encontrabomretiro.com.br\/sobre\/#website"},"breadcrumb":{"@id":"https:\/\/www.encontrabomretiro.com.br\/sobre\/virada-cultural-2026-confira-locais-e-horarios-de-todas-as-atracoes\/#breadcrumblist"},"author":{"@id":"https:\/\/www.encontrabomretiro.com.br\/sobre\/author\/ebomretiro\/#author"},"creator":{"@id":"https:\/\/www.encontrabomretiro.com.br\/sobre\/author\/ebomretiro\/#author"},"datePublished":"2026-05-23T09:44:44-02:00","dateModified":"2026-05-23T09:44:44-02:00"},{"@type":"WebSite","@id":"https:\/\/www.encontrabomretiro.com.br\/sobre\/#website","url":"https:\/\/www.encontrabomretiro.com.br\/sobre\/","name":"Encontra Bom Retiro","description":"Not\u00edcias, eventos, informa\u00e7\u00f5es e dicas no bairro do Bom Retiro e regi\u00e3o.","inLanguage":"pt-BR","publisher":{"@id":"https:\/\/www.encontrabomretiro.com.br\/sobre\/#organization"}}]},"og:locale":"pt_BR","og:site_name":"Encontra Bom Retiro | Not\u00edcias, eventos, informa\u00e7\u00f5es e dicas no bairro do Bom Retiro e regi\u00e3o.","og:type":"article","og:title":"Virada Cultural 2026: confira locais e hor\u00e1rios de todas as atra\u00e7\u00f5es | Encontra Bom Retiro","og:description":"Virada Cultural 2026 traz atra\u00e7\u00f5es imperd\u00edveis em toda a cidade.","og:url":"https:\/\/www.encontrabomretiro.com.br\/sobre\/virada-cultural-2026-confira-locais-e-horarios-de-todas-as-atracoes\/","article:published_time":"2026-05-23T11:44:44+00:00","article:modified_time":"2026-05-23T11:44:44+00:00","twitter:card":"summary_large_image","twitter:title":"Virada Cultural 2026: confira locais e hor\u00e1rios de todas as atra\u00e7\u00f5es | Encontra Bom Retiro","twitter:description":"Virada Cultural 2026 traz atra\u00e7\u00f5es imperd\u00edveis em toda a cidade."},"aioseo_meta_data":{"post_id":"2850","title":null,"description":null,"keywords":null,"keyphrases":null,"primary_term":null,"canonical_url":null,"og_title":null,"og_description":null,"og_object_type":"default","og_image_type":"default","og_image_url":null,"og_image_width":null,"og_image_height":null,"og_image_custom_url":null,"og_image_custom_fields":null,"og_video":null,"og_custom_url":null,"og_article_section":null,"og_article_tags":null,"twitter_use_og":false,"twitter_card":"default","twitter_image_type":"default","twitter_image_url":null,"twitter_image_custom_url":null,"twitter_image_custom_fields":null,"twitter_title":null,"twitter_description":null,"schema":{"blockGraphs":[],"customGraphs":[],"default":{"data":{"Article":[],"Course":[],"Dataset":[],"FAQPage":[],"Movie":[],"Person":[],"Product":[],"ProductReview":[],"Car":[],"Recipe":[],"Service":[],"SoftwareApplication":[],"WebPage":[]},"graphName":"Article","isEnabled":true},"graphs":[]},"schema_type":"default","schema_type_options":null,"pillar_content":false,"robots_default":true,"robots_noindex":false,"robots_noarchive":false,"robots_nosnippet":false,"robots_nofollow":false,"robots_noimageindex":false,"robots_noodp":false,"robots_notranslate":false,"robots_max_snippet":null,"robots_max_videopreview":null,"robots_max_imagepreview":"large","priority":null,"frequency":null,"local_seo":null,"breadcrumb_settings":null,"limit_modified_date":false,"ai":null,"created":"2026-05-23 11:45:15","updated":"2026-05-23 11:45:21","focus_keyword":null,"additional_keywords":null,"truseo_locale":null,"seo_analyzer_scan_date":null},"aioseo_breadcrumb":"<div class=\"aioseo-breadcrumbs\"><span class=\"aioseo-breadcrumb\">\n\t\t\t<a href=\"https:\/\/www.encontrabomretiro.com.br\/sobre\" title=\"Dom\u00e9stica\">Dom\u00e9stica<\/a>\n\t\t<\/span><span class=\"aioseo-breadcrumb-separator\">&raquo;<\/span><span class=\"aioseo-breadcrumb\">\n\t\t\t<a href=\"https:\/\/www.encontrabomretiro.com.br\/sobre\/shows-no-bom-retiro\/\" title=\"Shows Bom Retiro\">Shows Bom Retiro<\/a>\n\t\t<\/span><span class=\"aioseo-breadcrumb-separator\">&raquo;<\/span><span class=\"aioseo-breadcrumb\">\n\t\t\tVirada Cultural 2026: confira locais e hor\u00e1rios de todas as atra\u00e7\u00f5es\n\t\t<\/span><\/div>","aioseo_breadcrumb_json":[{"label":"Dom\u00e9stica","link":"https:\/\/www.encontrabomretiro.com.br\/sobre"},{"label":"Shows Bom Retiro","link":"https:\/\/www.encontrabomretiro.com.br\/sobre\/shows-no-bom-retiro\/"},{"label":"Virada Cultural 2026: confira locais e hor\u00e1rios de todas as atra\u00e7\u00f5es","link":"https:\/\/www.encontrabomretiro.com.br\/sobre\/virada-cultural-2026-confira-locais-e-horarios-de-todas-as-atracoes\/"}],"_links":{"self":[{"href":"https:\/\/www.encontrabomretiro.com.br\/sobre\/wp-json\/wp\/v2\/posts\/2850","targetHints":{"allow":["GET"]}}],"collection":[{"href":"https:\/\/www.encontrabomretiro.com.br\/sobre\/wp-json\/wp\/v2\/posts"}],"about":[{"href":"https:\/\/www.encontrabomretiro.com.br\/sobre\/wp-json\/wp\/v2\/types\/post"}],"author":[{"embeddable":true,"href":"https:\/\/www.encontrabomretiro.com.br\/sobre\/wp-json\/wp\/v2\/users\/1"}],"replies":[{"embeddable":true,"href":"https:\/\/www.encontrabomretiro.com.br\/sobre\/wp-json\/wp\/v2\/comments?post=2850"}],"version-history":[{"count":0,"href":"https:\/\/www.encontrabomretiro.com.br\/sobre\/wp-json\/wp\/v2\/posts\/2850\/revisions"}],"wp:attachment":[{"href":"https:\/\/www.encontrabomretiro.com.br\/sobre\/wp-json\/wp\/v2\/media?parent=2850"}],"wp:term":[{"taxonomy":"category","embeddable":true,"href":"https:\/\/www.encontrabomretiro.com.br\/sobre\/wp-json\/wp\/v2\/categories?post=2850"},{"taxonomy":"post_tag","embeddable":true,"href":"https:\/\/www.encontrabomretiro.com.br\/sobre\/wp-json\/wp\/v2\/tags?post=2850"}],"curies":[{"name":"wp","href":"https:\/\/api.w.org\/{rel}","templated":true}]}}