{"id":2831,"date":"2026-05-19T09:42:28","date_gmt":"2026-05-19T11:42:28","guid":{"rendered":"https:\/\/www.encontrabomretiro.com.br\/sobre\/virada-cultural-2026-tera-16-shows-internacionais-gratuitos-no-centro-de-sp\/"},"modified":"2026-05-19T09:42:28","modified_gmt":"2026-05-19T11:42:28","slug":"virada-cultural-2026-tera-16-shows-internacionais-gratuitos-no-centro-de-sp","status":"publish","type":"post","link":"https:\/\/www.encontrabomretiro.com.br\/sobre\/virada-cultural-2026-tera-16-shows-internacionais-gratuitos-no-centro-de-sp\/","title":{"rendered":"Virada Cultural 2026 ter\u00e1 16 shows internacionais gratuitos no centro de SP"},"content":{"rendered":"<div class=\"228b65ae207de3c5c501cfe75875708b\" data-index=\"1\" style=\"float: none; margin:0px;\">\n<!-- Anuncio display - global -->\r\n<ins class=\"adsbygoogle\"\r\n     style=\"display:block\"\r\n     data-ad-client=\"ca-pub-8585364105181520\"\r\n     data-ad-slot=\"8789329856\"\r\n     data-ad-format=\"auto\"\r\n     data-full-width-responsive=\"true\"><\/ins>\r\n<script>\r\n     (adsbygoogle = window.adsbygoogle || []).push({});\r\n<\/script>\n<\/div>\n<h2>Uma Celebra\u00e7\u00e3o Cultural no Cora\u00e7\u00e3o de S\u00e3o Paulo<\/h2>\n<p>A <strong>Virada Cultural 2026<\/strong> se consagra como um dos eventos mais esperados do calend\u00e1rio cultural de S\u00e3o Paulo, prometendo um fim de semana repleto de m\u00fasica, arte e diversidade. Nos dias <strong>23 e 24 de maio<\/strong>, a capital paulista se transforma em um grande palco a c\u00e9u aberto, onde a cultura mais vibrante do mundo se reunir\u00e1 em um s\u00f3 lugar. Com o tema &#8220;O festival dos festivais&#8221;, a Virada busca engajar e surpreender o p\u00fablico com uma programa\u00e7\u00e3o repleta de atra\u00e7\u00f5es.<\/p>\n<h2>Artistas de Todos os Cantos do Mundo<\/h2>\n<p>O evento contar\u00e1 com a presen\u00e7a de artistas de <strong>12 pa\u00edses diferentes<\/strong>, abrangendo uma variedade de g\u00eaneros musicais e express\u00f5es art\u00edsticas que representam a rica tape\u00e7aria cultural global. A diversidade \u00e9 um dos principais pilares dessa festa cultural, proporcionando aos visitantes a oportunidade de experienciar culturas distintas por meio da m\u00fasica, dan\u00e7a e performances art\u00edsticas.<\/p>\n<h2>Atra\u00e7\u00f5es Imperd\u00edveis no Palco Anhangaba\u00fa<\/h2>\n<p>Um dos principais palcos da Virada Cultural ser\u00e1 o <strong>Palco Anhangaba\u00fa<\/strong>, que ir\u00e1 acolher uma programa\u00e7\u00e3o intensa e diversificada. No pr\u00f3ximo dia <strong>24<\/strong>, o cantor <strong>Manu Chao<\/strong> se apresentar\u00e1 \u00e0s <strong>0h30<\/strong>, trazendo sua mistura \u00fanica de ritmos que dialogam entre culturas e idiomas. Logo em seguida, \u00e0 <strong>3h<\/strong>, a <strong>Orchestre Poly-Rythmo de Cotonou<\/strong> do Benin se apresentar\u00e1 com uma fus\u00e3o de ritmos afrobeat. Para fechar a madrugada, \u00e0s <strong>5h30<\/strong>, a <strong>Western Standard Time Ska Orchestra<\/strong> far\u00e1 sua estreia no Brasil. Essa diversidade de atra\u00e7\u00f5es promete encantar e animar o p\u00fablico at\u00e9 o amanhecer.<\/p>\n<p><img decoding=\"async\" src=\"https:\/\/www.encontrabomretiro.com.br\/sobre\/wp-content\/uploads\/2026\/05\/virada-cultural-2026-tera-16-shows-internacionais-gratuitos-no-centro-de-sp.webp\" alt=\"Virada Cultural 2026\" loading=\"lazy\" \/><\/p>\n<h2>M\u00fasica e Diversidade: Atra\u00e7\u00f5es na Pra\u00e7a da Rep\u00fablica<\/h2>\n<p>A <strong>Pra\u00e7a da Rep\u00fablica<\/strong> tamb\u00e9m ser\u00e1 um local de destaque durante a Virada Cultural. No primeiro dia, <strong>Jazz Sabbath<\/strong> abrir\u00e1 os shows \u00e0s <strong>20h30<\/strong>, trazendo uma proposta inovadora ao combinar jazz com melodias conhecidas. \u00c0s <strong>23h<\/strong>, ser\u00e1 a vez do m\u00fasico colombiano <strong>El Le\u00f3n Pardo<\/strong>, que ir\u00e1 apresentar ao p\u00fablico suas influ\u00eancias da costa norte da Col\u00f4mbia. No segundo dia, a apresenta\u00e7\u00e3o de <strong>Boris Savoldelli<\/strong> explorando a voz como instrumento \u00e0s <strong>7h30<\/strong> chega a ser um convite \u00e0 reflex\u00e3o e \u00e0 improvisa\u00e7\u00e3o. \u00c0s <strong>14h<\/strong>, o espet\u00e1culo <strong>Mississippi Divas<\/strong> far\u00e1 uma homenagem ao blues feminino. Essas atra\u00e7\u00f5es s\u00e3o um reflexo da mistura de influ\u00eancias que caracterizam a Virada Cultural, unindo o novo e o tradicional.<\/p>\n<h2>O Papel da Virada Cultural na Promo\u00e7\u00e3o da Arte<\/h2>\n<p>A Virada Cultural \u00e9 mais do que um simple festival; \u00e9 uma plataforma para a promo\u00e7\u00e3o da arte e da cultura. Com seus concertos gratuitos, o evento se prop\u00f5e a democratizar o acesso \u00e0 cultura, permitindo que pessoas de todas as classes sociais tenham a chance de viver experi\u00eancias art\u00edsticas \u00fanicas. O <strong>secret\u00e1rio de Cultura e Economia Criativa<\/strong>, <strong>Tot\u00f3 Parente<\/strong>, enfatizou a import\u00e2ncia dessa troca cultural, onde artistas de diferentes partes do mundo podem compartilhar suas hist\u00f3rias com o p\u00fablico paulista. De acordo com ele, a Virada n\u00e3o s\u00f3 entret\u00e9m, mas tamb\u00e9m educa e inspira, atrav\u00e9s do contato direto com diversas formas de arte.<\/p>\n<h2>Experi\u00eancias \u00danicas de Performances ao Vivo<\/h2>\n<p>Os palcos da Virada n\u00e3o se limitar\u00e3o apenas a shows musicais; haver\u00e1 uma variedade de performances e experi\u00eancias imersivas. O palco <strong>Revelando na S\u00e9<\/strong> apresentar\u00e1 tradi\u00e7\u00f5es culturais, como as do <strong>grupo Semblanzas del R\u00edo Guapi<\/strong> no <strong>dia 24 \u00e0s 11h<\/strong>, trazendo um pouco do Pac\u00edfico colombiano ao p\u00fablico. Al\u00e9m disso, o cabo-verdiano <strong>M\u00e1rio L\u00facio<\/strong> ir\u00e1 se apresentar \u00e0s <strong>13h<\/strong>, misturando sonoridades de diferentes regi\u00f5es de seu pa\u00eds. O evento cria um espa\u00e7o onde cada artista pode exprimir sua individualidade, ao mesmo tempo em que contribui para uma narrativa cultural coletiva.<\/p>\n<h2>K-Pop na Virada: Uma Estreia Imperd\u00edvel<\/h2>\n<p>Pela primeira vez, a Virada Cultural contar\u00e1 com um show de K-pop. Uma parceria com o <strong>Centro Cultural Coreano no Brasil<\/strong> trar\u00e1 o grupo <strong>1VERSE<\/strong> para se apresentar gratuitamente na <strong>Pra\u00e7a Coronel Fernando Prestes<\/strong>, no <strong>Bairro Bom Retiro<\/strong>, no <strong>dia 23 das 20h \u00e0s 20h30<\/strong> e no <strong>dia 24 das 16h30 \u00e0s 17h<\/strong>. Essa inclus\u00e3o de um g\u00eanero musical t\u00e3o popular e inovador demonstra o esfor\u00e7o da Virada em explorar e expandir seus horizontes culturais, atingindo um p\u00fablico ainda mais amplo e diversificado.<\/p>\n<h2>Depoimentos de Artistas e Organizadores<\/h2>\n<p>Os depoimentos de artistas e organizadores ressaltam a imers\u00e3o e a conex\u00e3o que a Virada Cultural proporciona. <strong>Angela Gandra<\/strong>, secret\u00e1ria municipal de Rela\u00e7\u00f5es Internacionais, afirmou que o evento reafirma S\u00e3o Paulo como uma cidade acolhedora e aberta ao mundo. Sua mensagem de que as diferentes culturas podem dialogar entre si \u00e9 um convite \u00e0 paz e compreens\u00e3o m\u00fatua. Os artistas expressam entusiasmo em se apresentar em uma plataforma que lhes permite mostrar suas ra\u00edzes e criar la\u00e7os com o p\u00fablico. Essa troca \u00e9 fundamental para a constru\u00e7\u00e3o de uma comunidade mais unida.<\/p>\n<h2>O Impacto Econ\u00f4mico da Virada Cultural<\/h2>\n<p>Al\u00e9m de ser um marco cultural, a Virada Cultural tamb\u00e9m gera um impacto econ\u00f4mico significativo para a cidade. A movimenta\u00e7\u00e3o de pessoas nos espa\u00e7os p\u00fablicos atrai visitantes e incentiva o com\u00e9rcio local. Hot\u00e9is, restaurantes e lojas no centro da cidade t\u00eam a oportunidade de skyrock eleitoral a sua renda durante o evento. O retorno financeiro, aliado \u00e0 j\u00e1 comprovada valoriza\u00e7\u00e3o cultural, ajuda a fortalecer a infraestrutura que apoia eventos de grande escala em S\u00e3o Paulo.<\/p>\n<h2>Import\u00e2ncia da Acessibilidade em Eventos Culturais<\/h2>\n<p>A Virada Cultural se compromete a garantir que suas atra\u00e7\u00f5es sejam acess\u00edveis a todos. As iniciativas de inclus\u00e3o s\u00e3o parte essencial do evento, que busca proporcionar uma experi\u00eancia agrad\u00e1vel para todas as pessoas, independentemente de suas condi\u00e7\u00f5es f\u00edsicas. Formas de comunica\u00e7\u00e3o acess\u00edveis e instala\u00e7\u00f5es adaptadas s\u00e3o implementadas, permitindo que mais pessoas possam usufruir das performances e manifesta\u00e7\u00f5es culturais oferecidas. Esse cuidado com a acessibilidade reafirma o papel do festival como um evento que \u00e9 verdadeiramente para todos.<\/p>\n<p>A Virada Cultural 2026, portanto, destaca-se como um s\u00edmbolo de diversidade, inclus\u00e3o e celebra\u00e7\u00e3o cultural. Enquanto a cidade se prepara para a chegada deste festival, o p\u00fablico j\u00e1 espera ansiosamente para participar e vivenciar tudo que ele tem a oferecer.<\/p>\n\n<div style=\"font-size: 0px; height: 0px; line-height: 0px; margin: 0; padding: 0; clear: both;\"><\/div>","protected":false},"excerpt":{"rendered":"<p>Virada Cultural 2026 traz 16 shows internacionais gratuitos no centro de S\u00e3o Paulo nos dias 23 e 24 de maio.<\/p>\n","protected":false},"author":1,"featured_media":2830,"comment_status":"open","ping_status":"closed","sticky":false,"template":"","format":"standard","meta":{"footnotes":""},"categories":[6],"tags":[],"class_list":["post-2831","post","type-post","status-publish","format-standard","has-post-thumbnail","hentry","category-noticias-no-bom-retiro","has_thumb"],"aioseo_notices":[],"aioseo_head":"\n\t\t<!-- All in One SEO 5.0.0.1 - aioseo.com -->\n\t<meta name=\"description\" content=\"Virada Cultural 2026 traz 16 shows internacionais gratuitos no centro de S\u00e3o Paulo nos dias 23 e 24 de maio.\" \/>\n\t<meta name=\"robots\" content=\"max-image-preview:large\" \/>\n\t<meta name=\"author\" content=\"Encontra Bom Retiro\"\/>\n\t<link rel=\"canonical\" href=\"https:\/\/www.encontrabomretiro.com.br\/sobre\/virada-cultural-2026-tera-16-shows-internacionais-gratuitos-no-centro-de-sp\/\" \/>\n\t<meta name=\"generator\" content=\"All in One SEO (AIOSEO) 5.0.0.1\" \/>\n\t\t<meta property=\"og:locale\" content=\"pt_BR\" \/>\n\t\t<meta property=\"og:site_name\" content=\"Encontra Bom Retiro | Not\u00edcias, eventos, informa\u00e7\u00f5es e dicas no bairro do Bom Retiro e regi\u00e3o.\" \/>\n\t\t<meta property=\"og:type\" content=\"article\" \/>\n\t\t<meta property=\"og:title\" content=\"Virada Cultural 2026 ter\u00e1 16 shows internacionais gratuitos no centro de SP | Encontra Bom Retiro\" \/>\n\t\t<meta property=\"og:description\" content=\"Virada Cultural 2026 traz 16 shows internacionais gratuitos no centro de S\u00e3o Paulo nos dias 23 e 24 de maio.\" \/>\n\t\t<meta property=\"og:url\" content=\"https:\/\/www.encontrabomretiro.com.br\/sobre\/virada-cultural-2026-tera-16-shows-internacionais-gratuitos-no-centro-de-sp\/\" \/>\n\t\t<meta property=\"article:published_time\" content=\"2026-05-19T11:42:28+00:00\" \/>\n\t\t<meta property=\"article:modified_time\" content=\"2026-05-19T11:42:28+00:00\" \/>\n\t\t<meta name=\"twitter:card\" content=\"summary_large_image\" \/>\n\t\t<meta name=\"twitter:title\" content=\"Virada Cultural 2026 ter\u00e1 16 shows internacionais gratuitos no centro de SP | Encontra Bom Retiro\" \/>\n\t\t<meta name=\"twitter:description\" content=\"Virada Cultural 2026 traz 16 shows internacionais gratuitos no centro de S\u00e3o Paulo nos dias 23 e 24 de maio.\" \/>\n\t\t<script type=\"application\/ld+json\" class=\"aioseo-schema\">\n\t\t\t{\"@context\":\"https:\\\/\\\/schema.org\",\"@graph\":[{\"@type\":\"Article\",\"@id\":\"https:\\\/\\\/www.encontrabomretiro.com.br\\\/sobre\\\/virada-cultural-2026-tera-16-shows-internacionais-gratuitos-no-centro-de-sp\\\/#article\",\"name\":\"Virada Cultural 2026 ter\\u00e1 16 shows internacionais gratuitos no centro de SP | Encontra Bom Retiro\",\"headline\":\"Virada Cultural 2026 ter\\u00e1 16 shows internacionais gratuitos no centro de SP\",\"author\":{\"@id\":\"https:\\\/\\\/www.encontrabomretiro.com.br\\\/sobre\\\/author\\\/ebomretiro\\\/#author\"},\"publisher\":{\"@id\":\"https:\\\/\\\/www.encontrabomretiro.com.br\\\/sobre\\\/#organization\"},\"image\":{\"@type\":\"ImageObject\",\"url\":\"https:\\\/\\\/www.encontrabomretiro.com.br\\\/sobre\\\/wp-content\\\/uploads\\\/2026\\\/05\\\/virada-cultural-2026-tera-16-shows-internacionais-gratuitos-no-centro-de-sp.webp\",\"width\":280,\"height\":280,\"caption\":\"Virada Cultural 2026\"},\"datePublished\":\"2026-05-19T09:42:28-02:00\",\"dateModified\":\"2026-05-19T09:42:28-02:00\",\"inLanguage\":\"pt-BR\",\"mainEntityOfPage\":{\"@id\":\"https:\\\/\\\/www.encontrabomretiro.com.br\\\/sobre\\\/virada-cultural-2026-tera-16-shows-internacionais-gratuitos-no-centro-de-sp\\\/#webpage\"},\"isPartOf\":{\"@id\":\"https:\\\/\\\/www.encontrabomretiro.com.br\\\/sobre\\\/virada-cultural-2026-tera-16-shows-internacionais-gratuitos-no-centro-de-sp\\\/#webpage\"},\"articleSection\":\"Not\\u00edcias Bom Retiro\"},{\"@type\":\"BreadcrumbList\",\"@id\":\"https:\\\/\\\/www.encontrabomretiro.com.br\\\/sobre\\\/virada-cultural-2026-tera-16-shows-internacionais-gratuitos-no-centro-de-sp\\\/#breadcrumblist\",\"itemListElement\":[{\"@type\":\"ListItem\",\"@id\":\"https:\\\/\\\/www.encontrabomretiro.com.br\\\/sobre#listItem\",\"position\":1,\"name\":\"Dom\\u00e9stica\",\"item\":\"https:\\\/\\\/www.encontrabomretiro.com.br\\\/sobre\",\"nextItem\":{\"@type\":\"ListItem\",\"@id\":\"https:\\\/\\\/www.encontrabomretiro.com.br\\\/sobre\\\/noticias-no-bom-retiro\\\/#listItem\",\"name\":\"Not\\u00edcias Bom Retiro\"}},{\"@type\":\"ListItem\",\"@id\":\"https:\\\/\\\/www.encontrabomretiro.com.br\\\/sobre\\\/noticias-no-bom-retiro\\\/#listItem\",\"position\":2,\"name\":\"Not\\u00edcias Bom Retiro\",\"item\":\"https:\\\/\\\/www.encontrabomretiro.com.br\\\/sobre\\\/noticias-no-bom-retiro\\\/\",\"nextItem\":{\"@type\":\"ListItem\",\"@id\":\"https:\\\/\\\/www.encontrabomretiro.com.br\\\/sobre\\\/virada-cultural-2026-tera-16-shows-internacionais-gratuitos-no-centro-de-sp\\\/#listItem\",\"name\":\"Virada Cultural 2026 ter\\u00e1 16 shows internacionais gratuitos no centro de SP\"},\"previousItem\":{\"@type\":\"ListItem\",\"@id\":\"https:\\\/\\\/www.encontrabomretiro.com.br\\\/sobre#listItem\",\"name\":\"Dom\\u00e9stica\"}},{\"@type\":\"ListItem\",\"@id\":\"https:\\\/\\\/www.encontrabomretiro.com.br\\\/sobre\\\/virada-cultural-2026-tera-16-shows-internacionais-gratuitos-no-centro-de-sp\\\/#listItem\",\"position\":3,\"name\":\"Virada Cultural 2026 ter\\u00e1 16 shows internacionais gratuitos no centro de SP\",\"previousItem\":{\"@type\":\"ListItem\",\"@id\":\"https:\\\/\\\/www.encontrabomretiro.com.br\\\/sobre\\\/noticias-no-bom-retiro\\\/#listItem\",\"name\":\"Not\\u00edcias Bom Retiro\"}}]},{\"@type\":\"Organization\",\"@id\":\"https:\\\/\\\/www.encontrabomretiro.com.br\\\/sobre\\\/#organization\",\"name\":\"Encontra Bom Retiro\",\"description\":\"Not\\u00edcias, eventos, informa\\u00e7\\u00f5es e dicas no bairro do Bom Retiro e regi\\u00e3o.\",\"url\":\"https:\\\/\\\/www.encontrabomretiro.com.br\\\/sobre\\\/\"},{\"@type\":\"Person\",\"@id\":\"https:\\\/\\\/www.encontrabomretiro.com.br\\\/sobre\\\/author\\\/ebomretiro\\\/#author\",\"url\":\"https:\\\/\\\/www.encontrabomretiro.com.br\\\/sobre\\\/author\\\/ebomretiro\\\/\",\"name\":\"Encontra Bom Retiro\",\"image\":{\"@type\":\"ImageObject\",\"@id\":\"https:\\\/\\\/www.encontrabomretiro.com.br\\\/sobre\\\/virada-cultural-2026-tera-16-shows-internacionais-gratuitos-no-centro-de-sp\\\/#authorImage\",\"url\":\"https:\\\/\\\/secure.gravatar.com\\\/avatar\\\/507340682b8270222e1f208e23198b6ae7e2c6a1033ae84e99bc6bce4f82a387?s=96&d=mm&r=g\",\"width\":96,\"height\":96,\"caption\":\"Encontra Bom Retiro\"}},{\"@type\":\"WebPage\",\"@id\":\"https:\\\/\\\/www.encontrabomretiro.com.br\\\/sobre\\\/virada-cultural-2026-tera-16-shows-internacionais-gratuitos-no-centro-de-sp\\\/#webpage\",\"url\":\"https:\\\/\\\/www.encontrabomretiro.com.br\\\/sobre\\\/virada-cultural-2026-tera-16-shows-internacionais-gratuitos-no-centro-de-sp\\\/\",\"name\":\"Virada Cultural 2026 ter\\u00e1 16 shows internacionais gratuitos no centro de SP | Encontra Bom Retiro\",\"description\":\"Virada Cultural 2026 traz 16 shows internacionais gratuitos no centro de S\\u00e3o Paulo nos dias 23 e 24 de maio.\",\"inLanguage\":\"pt-BR\",\"isPartOf\":{\"@id\":\"https:\\\/\\\/www.encontrabomretiro.com.br\\\/sobre\\\/#website\"},\"breadcrumb\":{\"@id\":\"https:\\\/\\\/www.encontrabomretiro.com.br\\\/sobre\\\/virada-cultural-2026-tera-16-shows-internacionais-gratuitos-no-centro-de-sp\\\/#breadcrumblist\"},\"author\":{\"@id\":\"https:\\\/\\\/www.encontrabomretiro.com.br\\\/sobre\\\/author\\\/ebomretiro\\\/#author\"},\"creator\":{\"@id\":\"https:\\\/\\\/www.encontrabomretiro.com.br\\\/sobre\\\/author\\\/ebomretiro\\\/#author\"},\"image\":{\"@type\":\"ImageObject\",\"url\":\"https:\\\/\\\/www.encontrabomretiro.com.br\\\/sobre\\\/wp-content\\\/uploads\\\/2026\\\/05\\\/virada-cultural-2026-tera-16-shows-internacionais-gratuitos-no-centro-de-sp.webp\",\"@id\":\"https:\\\/\\\/www.encontrabomretiro.com.br\\\/sobre\\\/virada-cultural-2026-tera-16-shows-internacionais-gratuitos-no-centro-de-sp\\\/#mainImage\",\"width\":280,\"height\":280,\"caption\":\"Virada Cultural 2026\"},\"primaryImageOfPage\":{\"@id\":\"https:\\\/\\\/www.encontrabomretiro.com.br\\\/sobre\\\/virada-cultural-2026-tera-16-shows-internacionais-gratuitos-no-centro-de-sp\\\/#mainImage\"},\"datePublished\":\"2026-05-19T09:42:28-02:00\",\"dateModified\":\"2026-05-19T09:42:28-02:00\"},{\"@type\":\"WebSite\",\"@id\":\"https:\\\/\\\/www.encontrabomretiro.com.br\\\/sobre\\\/#website\",\"url\":\"https:\\\/\\\/www.encontrabomretiro.com.br\\\/sobre\\\/\",\"name\":\"Encontra Bom Retiro\",\"description\":\"Not\\u00edcias, eventos, informa\\u00e7\\u00f5es e dicas no bairro do Bom Retiro e regi\\u00e3o.\",\"inLanguage\":\"pt-BR\",\"publisher\":{\"@id\":\"https:\\\/\\\/www.encontrabomretiro.com.br\\\/sobre\\\/#organization\"}}]}\n\t\t<\/script>\n\t\t<!-- All in One SEO -->\n\n","aioseo_head_json":{"title":"Virada Cultural 2026 ter\u00e1 16 shows internacionais gratuitos no centro de SP | Encontra Bom Retiro","description":"Virada Cultural 2026 traz 16 shows internacionais gratuitos no centro de S\u00e3o Paulo nos dias 23 e 24 de maio.","canonical_url":"https:\/\/www.encontrabomretiro.com.br\/sobre\/virada-cultural-2026-tera-16-shows-internacionais-gratuitos-no-centro-de-sp\/","robots":"max-image-preview:large","keywords":"","webmasterTools":{"miscellaneous":""},"schema":{"@context":"https:\/\/schema.org","@graph":[{"@type":"Article","@id":"https:\/\/www.encontrabomretiro.com.br\/sobre\/virada-cultural-2026-tera-16-shows-internacionais-gratuitos-no-centro-de-sp\/#article","name":"Virada Cultural 2026 ter\u00e1 16 shows internacionais gratuitos no centro de SP | Encontra Bom Retiro","headline":"Virada Cultural 2026 ter\u00e1 16 shows internacionais gratuitos no centro de SP","author":{"@id":"https:\/\/www.encontrabomretiro.com.br\/sobre\/author\/ebomretiro\/#author"},"publisher":{"@id":"https:\/\/www.encontrabomretiro.com.br\/sobre\/#organization"},"image":{"@type":"ImageObject","url":"https:\/\/www.encontrabomretiro.com.br\/sobre\/wp-content\/uploads\/2026\/05\/virada-cultural-2026-tera-16-shows-internacionais-gratuitos-no-centro-de-sp.webp","width":280,"height":280,"caption":"Virada Cultural 2026"},"datePublished":"2026-05-19T09:42:28-02:00","dateModified":"2026-05-19T09:42:28-02:00","inLanguage":"pt-BR","mainEntityOfPage":{"@id":"https:\/\/www.encontrabomretiro.com.br\/sobre\/virada-cultural-2026-tera-16-shows-internacionais-gratuitos-no-centro-de-sp\/#webpage"},"isPartOf":{"@id":"https:\/\/www.encontrabomretiro.com.br\/sobre\/virada-cultural-2026-tera-16-shows-internacionais-gratuitos-no-centro-de-sp\/#webpage"},"articleSection":"Not\u00edcias Bom Retiro"},{"@type":"BreadcrumbList","@id":"https:\/\/www.encontrabomretiro.com.br\/sobre\/virada-cultural-2026-tera-16-shows-internacionais-gratuitos-no-centro-de-sp\/#breadcrumblist","itemListElement":[{"@type":"ListItem","@id":"https:\/\/www.encontrabomretiro.com.br\/sobre#listItem","position":1,"name":"Dom\u00e9stica","item":"https:\/\/www.encontrabomretiro.com.br\/sobre","nextItem":{"@type":"ListItem","@id":"https:\/\/www.encontrabomretiro.com.br\/sobre\/noticias-no-bom-retiro\/#listItem","name":"Not\u00edcias Bom Retiro"}},{"@type":"ListItem","@id":"https:\/\/www.encontrabomretiro.com.br\/sobre\/noticias-no-bom-retiro\/#listItem","position":2,"name":"Not\u00edcias Bom Retiro","item":"https:\/\/www.encontrabomretiro.com.br\/sobre\/noticias-no-bom-retiro\/","nextItem":{"@type":"ListItem","@id":"https:\/\/www.encontrabomretiro.com.br\/sobre\/virada-cultural-2026-tera-16-shows-internacionais-gratuitos-no-centro-de-sp\/#listItem","name":"Virada Cultural 2026 ter\u00e1 16 shows internacionais gratuitos no centro de SP"},"previousItem":{"@type":"ListItem","@id":"https:\/\/www.encontrabomretiro.com.br\/sobre#listItem","name":"Dom\u00e9stica"}},{"@type":"ListItem","@id":"https:\/\/www.encontrabomretiro.com.br\/sobre\/virada-cultural-2026-tera-16-shows-internacionais-gratuitos-no-centro-de-sp\/#listItem","position":3,"name":"Virada Cultural 2026 ter\u00e1 16 shows internacionais gratuitos no centro de SP","previousItem":{"@type":"ListItem","@id":"https:\/\/www.encontrabomretiro.com.br\/sobre\/noticias-no-bom-retiro\/#listItem","name":"Not\u00edcias Bom Retiro"}}]},{"@type":"Organization","@id":"https:\/\/www.encontrabomretiro.com.br\/sobre\/#organization","name":"Encontra Bom Retiro","description":"Not\u00edcias, eventos, informa\u00e7\u00f5es e dicas no bairro do Bom Retiro e regi\u00e3o.","url":"https:\/\/www.encontrabomretiro.com.br\/sobre\/"},{"@type":"Person","@id":"https:\/\/www.encontrabomretiro.com.br\/sobre\/author\/ebomretiro\/#author","url":"https:\/\/www.encontrabomretiro.com.br\/sobre\/author\/ebomretiro\/","name":"Encontra Bom Retiro","image":{"@type":"ImageObject","@id":"https:\/\/www.encontrabomretiro.com.br\/sobre\/virada-cultural-2026-tera-16-shows-internacionais-gratuitos-no-centro-de-sp\/#authorImage","url":"https:\/\/secure.gravatar.com\/avatar\/507340682b8270222e1f208e23198b6ae7e2c6a1033ae84e99bc6bce4f82a387?s=96&d=mm&r=g","width":96,"height":96,"caption":"Encontra Bom Retiro"}},{"@type":"WebPage","@id":"https:\/\/www.encontrabomretiro.com.br\/sobre\/virada-cultural-2026-tera-16-shows-internacionais-gratuitos-no-centro-de-sp\/#webpage","url":"https:\/\/www.encontrabomretiro.com.br\/sobre\/virada-cultural-2026-tera-16-shows-internacionais-gratuitos-no-centro-de-sp\/","name":"Virada Cultural 2026 ter\u00e1 16 shows internacionais gratuitos no centro de SP | Encontra Bom Retiro","description":"Virada Cultural 2026 traz 16 shows internacionais gratuitos no centro de S\u00e3o Paulo nos dias 23 e 24 de maio.","inLanguage":"pt-BR","isPartOf":{"@id":"https:\/\/www.encontrabomretiro.com.br\/sobre\/#website"},"breadcrumb":{"@id":"https:\/\/www.encontrabomretiro.com.br\/sobre\/virada-cultural-2026-tera-16-shows-internacionais-gratuitos-no-centro-de-sp\/#breadcrumblist"},"author":{"@id":"https:\/\/www.encontrabomretiro.com.br\/sobre\/author\/ebomretiro\/#author"},"creator":{"@id":"https:\/\/www.encontrabomretiro.com.br\/sobre\/author\/ebomretiro\/#author"},"image":{"@type":"ImageObject","url":"https:\/\/www.encontrabomretiro.com.br\/sobre\/wp-content\/uploads\/2026\/05\/virada-cultural-2026-tera-16-shows-internacionais-gratuitos-no-centro-de-sp.webp","@id":"https:\/\/www.encontrabomretiro.com.br\/sobre\/virada-cultural-2026-tera-16-shows-internacionais-gratuitos-no-centro-de-sp\/#mainImage","width":280,"height":280,"caption":"Virada Cultural 2026"},"primaryImageOfPage":{"@id":"https:\/\/www.encontrabomretiro.com.br\/sobre\/virada-cultural-2026-tera-16-shows-internacionais-gratuitos-no-centro-de-sp\/#mainImage"},"datePublished":"2026-05-19T09:42:28-02:00","dateModified":"2026-05-19T09:42:28-02:00"},{"@type":"WebSite","@id":"https:\/\/www.encontrabomretiro.com.br\/sobre\/#website","url":"https:\/\/www.encontrabomretiro.com.br\/sobre\/","name":"Encontra Bom Retiro","description":"Not\u00edcias, eventos, informa\u00e7\u00f5es e dicas no bairro do Bom Retiro e regi\u00e3o.","inLanguage":"pt-BR","publisher":{"@id":"https:\/\/www.encontrabomretiro.com.br\/sobre\/#organization"}}]},"og:locale":"pt_BR","og:site_name":"Encontra Bom Retiro | Not\u00edcias, eventos, informa\u00e7\u00f5es e dicas no bairro do Bom Retiro e regi\u00e3o.","og:type":"article","og:title":"Virada Cultural 2026 ter\u00e1 16 shows internacionais gratuitos no centro de SP | Encontra Bom Retiro","og:description":"Virada Cultural 2026 traz 16 shows internacionais gratuitos no centro de S\u00e3o Paulo nos dias 23 e 24 de maio.","og:url":"https:\/\/www.encontrabomretiro.com.br\/sobre\/virada-cultural-2026-tera-16-shows-internacionais-gratuitos-no-centro-de-sp\/","article:published_time":"2026-05-19T11:42:28+00:00","article:modified_time":"2026-05-19T11:42:28+00:00","twitter:card":"summary_large_image","twitter:title":"Virada Cultural 2026 ter\u00e1 16 shows internacionais gratuitos no centro de SP | Encontra Bom Retiro","twitter:description":"Virada Cultural 2026 traz 16 shows internacionais gratuitos no centro de S\u00e3o Paulo nos dias 23 e 24 de maio."},"aioseo_meta_data":{"post_id":"2831","title":null,"description":null,"keywords":null,"keyphrases":null,"primary_term":null,"canonical_url":null,"og_title":null,"og_description":null,"og_object_type":"default","og_image_type":"default","og_image_url":null,"og_image_width":null,"og_image_height":null,"og_image_custom_url":null,"og_image_custom_fields":null,"og_video":null,"og_custom_url":null,"og_article_section":null,"og_article_tags":null,"twitter_use_og":false,"twitter_card":"default","twitter_image_type":"default","twitter_image_url":null,"twitter_image_custom_url":null,"twitter_image_custom_fields":null,"twitter_title":null,"twitter_description":null,"schema":{"blockGraphs":[],"customGraphs":[],"default":{"data":{"Article":[],"Course":[],"Dataset":[],"FAQPage":[],"Movie":[],"Person":[],"Product":[],"ProductReview":[],"Car":[],"Recipe":[],"Service":[],"SoftwareApplication":[],"WebPage":[]},"graphName":"Article","isEnabled":true},"graphs":[]},"schema_type":"default","schema_type_options":null,"pillar_content":false,"robots_default":true,"robots_noindex":false,"robots_noarchive":false,"robots_nosnippet":false,"robots_nofollow":false,"robots_noimageindex":false,"robots_noodp":false,"robots_notranslate":false,"robots_max_snippet":null,"robots_max_videopreview":null,"robots_max_imagepreview":"large","priority":null,"frequency":null,"local_seo":null,"breadcrumb_settings":null,"limit_modified_date":false,"ai":null,"created":"2026-05-19 11:42:33","updated":"2026-05-19 11:52:15","focus_keyword":null,"additional_keywords":null,"truseo_locale":null,"seo_analyzer_scan_date":null},"aioseo_breadcrumb":"<div class=\"aioseo-breadcrumbs\"><span class=\"aioseo-breadcrumb\">\n\t\t\t<a href=\"https:\/\/www.encontrabomretiro.com.br\/sobre\" title=\"Dom\u00e9stica\">Dom\u00e9stica<\/a>\n\t\t<\/span><span class=\"aioseo-breadcrumb-separator\">&raquo;<\/span><span class=\"aioseo-breadcrumb\">\n\t\t\t<a href=\"https:\/\/www.encontrabomretiro.com.br\/sobre\/noticias-no-bom-retiro\/\" title=\"Not\u00edcias Bom Retiro\">Not\u00edcias Bom Retiro<\/a>\n\t\t<\/span><span class=\"aioseo-breadcrumb-separator\">&raquo;<\/span><span class=\"aioseo-breadcrumb\">\n\t\t\tVirada Cultural 2026 ter\u00e1 16 shows internacionais gratuitos no centro de SP\n\t\t<\/span><\/div>","aioseo_breadcrumb_json":[{"label":"Dom\u00e9stica","link":"https:\/\/www.encontrabomretiro.com.br\/sobre"},{"label":"Not\u00edcias Bom Retiro","link":"https:\/\/www.encontrabomretiro.com.br\/sobre\/noticias-no-bom-retiro\/"},{"label":"Virada Cultural 2026 ter\u00e1 16 shows internacionais gratuitos no centro de SP","link":"https:\/\/www.encontrabomretiro.com.br\/sobre\/virada-cultural-2026-tera-16-shows-internacionais-gratuitos-no-centro-de-sp\/"}],"_links":{"self":[{"href":"https:\/\/www.encontrabomretiro.com.br\/sobre\/wp-json\/wp\/v2\/posts\/2831","targetHints":{"allow":["GET"]}}],"collection":[{"href":"https:\/\/www.encontrabomretiro.com.br\/sobre\/wp-json\/wp\/v2\/posts"}],"about":[{"href":"https:\/\/www.encontrabomretiro.com.br\/sobre\/wp-json\/wp\/v2\/types\/post"}],"author":[{"embeddable":true,"href":"https:\/\/www.encontrabomretiro.com.br\/sobre\/wp-json\/wp\/v2\/users\/1"}],"replies":[{"embeddable":true,"href":"https:\/\/www.encontrabomretiro.com.br\/sobre\/wp-json\/wp\/v2\/comments?post=2831"}],"version-history":[{"count":0,"href":"https:\/\/www.encontrabomretiro.com.br\/sobre\/wp-json\/wp\/v2\/posts\/2831\/revisions"}],"wp:featuredmedia":[{"embeddable":true,"href":"https:\/\/www.encontrabomretiro.com.br\/sobre\/wp-json\/wp\/v2\/media\/2830"}],"wp:attachment":[{"href":"https:\/\/www.encontrabomretiro.com.br\/sobre\/wp-json\/wp\/v2\/media?parent=2831"}],"wp:term":[{"taxonomy":"category","embeddable":true,"href":"https:\/\/www.encontrabomretiro.com.br\/sobre\/wp-json\/wp\/v2\/categories?post=2831"},{"taxonomy":"post_tag","embeddable":true,"href":"https:\/\/www.encontrabomretiro.com.br\/sobre\/wp-json\/wp\/v2\/tags?post=2831"}],"curies":[{"name":"wp","href":"https:\/\/api.w.org\/{rel}","templated":true}]}}