{"id":2819,"date":"2026-05-17T09:40:55","date_gmt":"2026-05-17T11:40:55","guid":{"rendered":"https:\/\/www.encontrabomretiro.com.br\/sobre\/sesc-sao-paulo-participa-da-virada-cultural-2026-com-programacao-gratuita-em-todas-as-unidades-da-capital-paulista\/"},"modified":"2026-05-17T09:40:55","modified_gmt":"2026-05-17T11:40:55","slug":"sesc-sao-paulo-participa-da-virada-cultural-2026-com-programacao-gratuita-em-todas-as-unidades-da-capital-paulista","status":"publish","type":"post","link":"https:\/\/www.encontrabomretiro.com.br\/sobre\/sesc-sao-paulo-participa-da-virada-cultural-2026-com-programacao-gratuita-em-todas-as-unidades-da-capital-paulista\/","title":{"rendered":"Sesc S\u00e3o Paulo participa da Virada Cultural 2026 com programa\u00e7\u00e3o gratuita em todas as unidades da capital paulista"},"content":{"rendered":"<div class=\"228b65ae207de3c5c501cfe75875708b\" data-index=\"1\" style=\"float: none; margin:0px;\">\n<!-- Anuncio display - global -->\r\n<ins class=\"adsbygoogle\"\r\n     style=\"display:block\"\r\n     data-ad-client=\"ca-pub-8585364105181520\"\r\n     data-ad-slot=\"8789329856\"\r\n     data-ad-format=\"auto\"\r\n     data-full-width-responsive=\"true\"><\/ins>\r\n<script>\r\n     (adsbygoogle = window.adsbygoogle || []).push({});\r\n<\/script>\n<\/div>\n<h2>Programa\u00e7\u00e3o do Sesc durante a Virada Cultural 2026<\/h2>\n<p>Nos dias 23 e 24 de maio, o Sesc S\u00e3o Paulo estar\u00e1 presente na Virada Cultural, oferecendo uma vasta gama de atividades totalmente gratuitas em todas as suas unidades situadas na capital paulista. A programa\u00e7\u00e3o ser\u00e1 intensiva, contemplando uma diversidade de shows, espet\u00e1culos, exibi\u00e7\u00f5es cinematogr\u00e1ficas, oficinas e demais experi\u00eancias culturais. As festividades ocorrer\u00e3o a partir das 18h do s\u00e1bado at\u00e9 as 18h do domingo, garantindo que todos tenham a chance de celebrar a cultura local.<\/p>\n<p>Unidades como 24 de Maio, Avenida Paulista e CineSesc ter\u00e3o hor\u00e1rios estendidos durante a madrugada, permitindo que madrugadores aproveitem ao m\u00e1ximo as atividades oferecidas. O p\u00fablico poder\u00e1 desfrutar de uma programa\u00e7\u00e3o que engloba diferentes gera\u00e7\u00f5es e linguagens, promovendo uma verdadeira imers\u00e3o cultural.<\/p>\n<h2>Atra\u00e7\u00f5es Musicais Imperd\u00edveis<\/h2>\n<p>Entre as apresenta\u00e7\u00f5es musicais, destacam-se artistas renomados, como:<\/p>\n<p><img decoding=\"async\" src=\"https:\/\/www.encontrabomretiro.com.br\/sobre\/wp-content\/uploads\/2026\/05\/sesc-sao-paulo-participa-da-virada-cultural-2026-com-programacao-gratuita-em-todas-as-unidades-da-ca.webp\" alt=\"Virada Cultural 2026\" loading=\"lazy\" \/><\/p>\n<ul>\n<li><strong>Lia de Itamarac\u00e1<\/strong> &#8211; (Sesc 14 Bis)<\/li>\n<li><strong>Johnny Hooker<\/strong> &#8211; (Sesc Belenzinho)<\/li>\n<li><strong>Jaloo<\/strong> &#8211; (Sesc Consola\u00e7\u00e3o)<\/li>\n<li><strong>Paula Lima<\/strong> &#8211; (Santo Amaro)<\/li>\n<li><strong>Leci Brand\u00e3o<\/strong> &#8211; (Sesc Vila Mariana)<\/li>\n<li><strong>Os Mutantes<\/strong> &#8211; (Itaquera)<\/li>\n<li><strong>Rael convida Rashid<\/strong> &#8211; (Itaquera)<\/li>\n<li><strong>Fat Family<\/strong> &#8211; (Sesc Interlagos)<\/li>\n<li><strong>Tasha &#038; Tracie<\/strong> &#8211; (Sesc Interlagos)<\/li>\n<li><strong>Dead Fish<\/strong> &#8211; (Sesc Pompeia)<\/li>\n<li><strong>Tiquequ\u00ea<\/strong> &#8211; (Sesc Consola\u00e7\u00e3o)<\/li>\n<li><strong>Grupo Triii + Badulaque<\/strong> &#8211; (Pompeia)<\/li>\n<\/ul>\n<p>Al\u00e9m das apresenta\u00e7\u00f5es em palcos dedicados, os bailes tamb\u00e9m ser\u00e3o um destaque da programa\u00e7\u00e3o, com festas como:<\/p>\n<ul>\n<li><strong>Chic Show<\/strong> &#8211; (Ipiranga)<\/li>\n<li><strong>Baile Charme Viaduto de Madureira<\/strong> &#8211; (Consola\u00e7\u00e3o)<\/li>\n<li><strong>Baile do Risca Fada convida Karol Conk\u00e1<\/strong> &#8211; (Sesc Avenida Paulista)<\/li>\n<\/ul>\n<h2>Oficinas e Interven\u00e7\u00f5es Art\u00edsticas<\/h2>\n<p>O Sesc preparou uma rica programa\u00e7\u00e3o de oficinas e interven\u00e7\u00f5es art\u00edsticas, que prometem cativar o p\u00fablico de todas as idades. Entre as op\u00e7\u00f5es dispon\u00edveis, est\u00e3o:<\/p>\n<ul>\n<li><strong>Impress\u00e3o de Clich\u00eas em Xilogravura<\/strong> &#8211; um workshop criativo que permitir\u00e1 aos participantes explorar t\u00e9cnicas art\u00edsticas tradicionais.<\/li>\n<li><strong>Costurando La Ursa em Feltro<\/strong> &#8211; um espa\u00e7o para artesanato onde os participantes poder\u00e3o criar suas pr\u00f3prias obras.<\/li>\n<li><strong>Jam para Crian\u00e7as<\/strong> &#8211; promovendo a intera\u00e7\u00e3o e a musicalidade entre os pequenos.<\/li>\n<\/ul>\n<p>Al\u00e9m disso, os visitantes poder\u00e3o participar de interven\u00e7\u00f5es como:<\/p>\n<ul>\n<li><strong>Versos em Movimento<\/strong> com Sonhador &#038; Peneira.<\/li>\n<li><strong>Poesia e Palha\u00e7ada<\/strong> com a Cia. Asfalto de Poesia.<\/li>\n<\/ul>\n<h2>Cinema: Cl\u00e1ssicos e Cine-Concertos<\/h2>\n<p>A programa\u00e7\u00e3o cinematogr\u00e1fica tamb\u00e9m ser\u00e1 uma atra\u00e7\u00e3o \u00e0 parte no <strong>CineSesc<\/strong>, com uma sele\u00e7\u00e3o de cl\u00e1ssicos da d\u00e9cada de 80, incluindo:<\/p>\n<ul>\n<li><strong>O Iluminado<\/strong> (1980)<\/li>\n<li><strong>A Hora do Pesadelo<\/strong> (1984)<\/li>\n<li><strong>Procura-se Susan Desesperadamente<\/strong> (1985)<\/li>\n<\/ul>\n<p>Essas exibi\u00e7\u00f5es ser\u00e3o complementadas por cine-concertos, como:<\/p>\n<ul>\n<li><strong>A Hist\u00f3ria sem Fim<\/strong> &#8211; com Orquestra ao Vivo (Sesc Consola\u00e7\u00e3o).<\/li>\n<li><strong>Tubar\u00e3o (JAWS)<\/strong> &#8211; em uma experi\u00eancia de cinema imersivo (Sesc Pompeia).<\/li>\n<\/ul>\n<h2>Atividades para Crian\u00e7as e Fam\u00edlias<\/h2>\n<p>A programa\u00e7\u00e3o para crian\u00e7as \u00e9 vasta e projetada para proporcionar divers\u00e3o em fam\u00edlia. Alguns destaques incluem:<\/p>\n<ul>\n<li><strong>Scaratuja<\/strong> &#8211; um espet\u00e1culo que vai encantar os pequenos (Sesc Santana).<\/li>\n<li><strong>Cantigas de Amor para um Cora\u00e7\u00e3o Pequeno<\/strong> &#8211; uma experi\u00eancia musical l\u00fadica (Sesc Galeria).<\/li>\n<li><strong>Os Coloridos<\/strong> &#8211; uma apresenta\u00e7\u00e3o interativa e vibrante (Sesc Pompeia).<\/li>\n<\/ul>\n<p>As crian\u00e7as ter\u00e3o a oportunidade de participar de oficinas e brincadeiras que estimulam a criatividade e o aprendizado.<\/p>\n<h2>Teatro e Performances ao Vivo<\/h2>\n<p>No cen\u00e1rio teatral, algumas montagens imperd\u00edveis ser\u00e3o apresentadas, como:<\/p>\n<ul>\n<li><strong>Fim de Partida<\/strong>, de Samuel Beckett, com Marco Nanini e elenco (Sesc Pinheiros).<\/li>\n<li><strong>Edson<\/strong> &#8211; revisitando a mem\u00f3ria de Edson Lu\u00eds (Sesc Vila Mariana).<\/li>\n<li><strong>Saudade<\/strong>, do grupo Os Geraldos (Sesc Santana).<\/li>\n<li><strong>Enreduana \u2013 O Musical<\/strong> (Sesc Pinheiros).<\/li>\n<\/ul>\n<p>Essas apresenta\u00e7\u00f5es proporcionar\u00e3o momentos nost\u00e1lgicos e reflexivos para os espectadores, ao mesmo tempo em que valorizam a riqueza do teatro brasileiro.<\/p>\n<h2>Mostras de Artes Visuais<\/h2>\n<p>As exposi\u00e7\u00f5es tamb\u00e9m ter\u00e3o espa\u00e7o garantido, com mostras que atualizam o di\u00e1logo entre a arte e a sociedade. Algumas exposi\u00e7\u00f5es incluem:<\/p>\n<ul>\n<li><strong>Riscadura de Fogo<\/strong> \u2013 uma an\u00e1lise das abordagens contempor\u00e2neas na arte (Sesc Pompeia).<\/li>\n<li><strong>Del\u00edrio Tropical \u2013 Recanto<\/strong> &#8211; explorando imagin\u00e1rios culturais (Sesc Pinheiros).<\/li>\n<\/ul>\n<p>Essas exposi\u00e7\u00f5es oferecem uma vis\u00e3o abrangente da produ\u00e7\u00e3o art\u00edstica atual e suas intersec\u00e7\u00f5es com a sociedade.<\/p>\n<h2>Acessibilidade na Programa\u00e7\u00e3o<\/h2>\n<p>O Sesc tem um compromisso fundamental com a acessibilidade. Para garantir que todos possam participar, a programa\u00e7\u00e3o inclui:<\/p>\n<ul>\n<li>Acessibilidade em todas as unidades envolvidas.<\/li>\n<li>Sess\u00f5es de cinema equipadas com legendas e audiodescri\u00e7\u00e3o.<\/li>\n<li>Oficinas com mediadores que t\u00eam forma\u00e7\u00e3o em inclus\u00e3o.<\/li>\n<\/ul>\n<p>Essas iniciativas garantem que a Virada Cultural 2026 seja inclusiva e acess\u00edvel para todas as pessoas, independentemente de suas necessidades.<\/p>\n<h2>Como Participar e Retirar Ingressos<\/h2>\n<p>Para aproveitar as atividades, \u00e9 necess\u00e1rio retirar ingressos, que podem ser obtidos de duas formas:<\/p>\n<ul>\n<li><strong>Retirada Online:<\/strong> A partir das 15h de s\u00e1bado, 23 de maio, no portal do Sesc S\u00e3o Paulo ou pelo aplicativo Credencial Sesc SP.<\/li>\n<li><strong>Retirada Presencial:<\/strong> Diretamente nas bilheteiras das unidades a partir das 15h do mesmo dia.<\/li>\n<\/ul>\n<p>Vale lembrar que as sess\u00f5es do <strong>CineSesc<\/strong> ter\u00e3o ingressos dispon\u00edveis uma hora antes das respectivas exibi\u00e7\u00f5es, permitindo que os interessados possam planejar sua visita.<\/p>\n<h2>Compromisso do Sesc com a Cultura<\/h2>\n<p>Segundo Luiz Galina, diretor do Sesc S\u00e3o Paulo, a Virada Cultural representa um momento marcante para o envolvimento da cidade com a arte, estimulando a conviv\u00eancia e o acesso \u00e0 cultura de uma maneira ampliada. O Sesc reafirma seu compromisso com a democratiza\u00e7\u00e3o cultural, promovendo n\u00e3o s\u00f3 entretenimento, mas experi\u00eancias enriquecedoras que acolhem a diversidade e encorajam o conv\u00edvio social. Isso mostra a import\u00e2ncia do Sesc na vida cultural da cidade de S\u00e3o Paulo, como um espa\u00e7o de encontro e celebra\u00e7\u00e3o das variadas express\u00f5es art\u00edsticas.<\/p>\n\n<div style=\"font-size: 0px; height: 0px; line-height: 0px; margin: 0; padding: 0; clear: both;\"><\/div>","protected":false},"excerpt":{"rendered":"<p>Sesc S\u00e3o Paulo apresenta programa\u00e7\u00e3o gratuita na Virada Cultural 2026.<\/p>\n","protected":false},"author":1,"featured_media":2818,"comment_status":"open","ping_status":"closed","sticky":false,"template":"","format":"standard","meta":{"footnotes":""},"categories":[6],"tags":[],"class_list":["post-2819","post","type-post","status-publish","format-standard","has-post-thumbnail","hentry","category-noticias-no-bom-retiro","has_thumb"],"aioseo_notices":[],"aioseo_head":"\n\t\t<!-- All in One SEO 5.0.0.1 - aioseo.com -->\n\t<meta name=\"description\" content=\"Sesc S\u00e3o Paulo apresenta programa\u00e7\u00e3o gratuita na Virada Cultural 2026.\" \/>\n\t<meta name=\"robots\" content=\"max-image-preview:large\" \/>\n\t<meta name=\"author\" content=\"Encontra Bom Retiro\"\/>\n\t<link rel=\"canonical\" href=\"https:\/\/www.encontrabomretiro.com.br\/sobre\/sesc-sao-paulo-participa-da-virada-cultural-2026-com-programacao-gratuita-em-todas-as-unidades-da-capital-paulista\/\" \/>\n\t<meta name=\"generator\" content=\"All in One SEO (AIOSEO) 5.0.0.1\" \/>\n\t\t<meta property=\"og:locale\" content=\"pt_BR\" \/>\n\t\t<meta property=\"og:site_name\" content=\"Encontra Bom Retiro | Not\u00edcias, eventos, informa\u00e7\u00f5es e dicas no bairro do Bom Retiro e regi\u00e3o.\" \/>\n\t\t<meta property=\"og:type\" content=\"article\" \/>\n\t\t<meta property=\"og:title\" content=\"Sesc S\u00e3o Paulo participa da Virada Cultural 2026 com programa\u00e7\u00e3o gratuita em todas as unidades da capital paulista | Encontra Bom Retiro\" \/>\n\t\t<meta property=\"og:description\" content=\"Sesc S\u00e3o Paulo apresenta programa\u00e7\u00e3o gratuita na Virada Cultural 2026.\" \/>\n\t\t<meta property=\"og:url\" content=\"https:\/\/www.encontrabomretiro.com.br\/sobre\/sesc-sao-paulo-participa-da-virada-cultural-2026-com-programacao-gratuita-em-todas-as-unidades-da-capital-paulista\/\" \/>\n\t\t<meta property=\"article:published_time\" content=\"2026-05-17T11:40:55+00:00\" \/>\n\t\t<meta property=\"article:modified_time\" content=\"2026-05-17T11:40:55+00:00\" \/>\n\t\t<meta name=\"twitter:card\" content=\"summary_large_image\" \/>\n\t\t<meta name=\"twitter:title\" content=\"Sesc S\u00e3o Paulo participa da Virada Cultural 2026 com programa\u00e7\u00e3o gratuita em todas as unidades da capital paulista | Encontra Bom Retiro\" \/>\n\t\t<meta name=\"twitter:description\" content=\"Sesc S\u00e3o Paulo apresenta programa\u00e7\u00e3o gratuita na Virada Cultural 2026.\" \/>\n\t\t<script type=\"application\/ld+json\" class=\"aioseo-schema\">\n\t\t\t{\"@context\":\"https:\\\/\\\/schema.org\",\"@graph\":[{\"@type\":\"Article\",\"@id\":\"https:\\\/\\\/www.encontrabomretiro.com.br\\\/sobre\\\/sesc-sao-paulo-participa-da-virada-cultural-2026-com-programacao-gratuita-em-todas-as-unidades-da-capital-paulista\\\/#article\",\"name\":\"Sesc S\\u00e3o Paulo participa da Virada Cultural 2026 com programa\\u00e7\\u00e3o gratuita em todas as unidades da capital paulista | Encontra Bom Retiro\",\"headline\":\"Sesc S\\u00e3o Paulo participa da Virada Cultural 2026 com programa\\u00e7\\u00e3o gratuita em todas as unidades da capital paulista\",\"author\":{\"@id\":\"https:\\\/\\\/www.encontrabomretiro.com.br\\\/sobre\\\/author\\\/ebomretiro\\\/#author\"},\"publisher\":{\"@id\":\"https:\\\/\\\/www.encontrabomretiro.com.br\\\/sobre\\\/#organization\"},\"image\":{\"@type\":\"ImageObject\",\"url\":\"https:\\\/\\\/www.encontrabomretiro.com.br\\\/sobre\\\/wp-content\\\/uploads\\\/2026\\\/05\\\/sesc-sao-paulo-participa-da-virada-cultural-2026-com-programacao-gratuita-em-todas-as-unidades-da-ca.webp\",\"width\":280,\"height\":280,\"caption\":\"Virada Cultural 2026\"},\"datePublished\":\"2026-05-17T09:40:55-02:00\",\"dateModified\":\"2026-05-17T09:40:55-02:00\",\"inLanguage\":\"pt-BR\",\"mainEntityOfPage\":{\"@id\":\"https:\\\/\\\/www.encontrabomretiro.com.br\\\/sobre\\\/sesc-sao-paulo-participa-da-virada-cultural-2026-com-programacao-gratuita-em-todas-as-unidades-da-capital-paulista\\\/#webpage\"},\"isPartOf\":{\"@id\":\"https:\\\/\\\/www.encontrabomretiro.com.br\\\/sobre\\\/sesc-sao-paulo-participa-da-virada-cultural-2026-com-programacao-gratuita-em-todas-as-unidades-da-capital-paulista\\\/#webpage\"},\"articleSection\":\"Not\\u00edcias Bom Retiro\"},{\"@type\":\"BreadcrumbList\",\"@id\":\"https:\\\/\\\/www.encontrabomretiro.com.br\\\/sobre\\\/sesc-sao-paulo-participa-da-virada-cultural-2026-com-programacao-gratuita-em-todas-as-unidades-da-capital-paulista\\\/#breadcrumblist\",\"itemListElement\":[{\"@type\":\"ListItem\",\"@id\":\"https:\\\/\\\/www.encontrabomretiro.com.br\\\/sobre#listItem\",\"position\":1,\"name\":\"Dom\\u00e9stica\",\"item\":\"https:\\\/\\\/www.encontrabomretiro.com.br\\\/sobre\",\"nextItem\":{\"@type\":\"ListItem\",\"@id\":\"https:\\\/\\\/www.encontrabomretiro.com.br\\\/sobre\\\/noticias-no-bom-retiro\\\/#listItem\",\"name\":\"Not\\u00edcias Bom Retiro\"}},{\"@type\":\"ListItem\",\"@id\":\"https:\\\/\\\/www.encontrabomretiro.com.br\\\/sobre\\\/noticias-no-bom-retiro\\\/#listItem\",\"position\":2,\"name\":\"Not\\u00edcias Bom Retiro\",\"item\":\"https:\\\/\\\/www.encontrabomretiro.com.br\\\/sobre\\\/noticias-no-bom-retiro\\\/\",\"nextItem\":{\"@type\":\"ListItem\",\"@id\":\"https:\\\/\\\/www.encontrabomretiro.com.br\\\/sobre\\\/sesc-sao-paulo-participa-da-virada-cultural-2026-com-programacao-gratuita-em-todas-as-unidades-da-capital-paulista\\\/#listItem\",\"name\":\"Sesc S\\u00e3o Paulo participa da Virada Cultural 2026 com programa\\u00e7\\u00e3o gratuita em todas as unidades da capital paulista\"},\"previousItem\":{\"@type\":\"ListItem\",\"@id\":\"https:\\\/\\\/www.encontrabomretiro.com.br\\\/sobre#listItem\",\"name\":\"Dom\\u00e9stica\"}},{\"@type\":\"ListItem\",\"@id\":\"https:\\\/\\\/www.encontrabomretiro.com.br\\\/sobre\\\/sesc-sao-paulo-participa-da-virada-cultural-2026-com-programacao-gratuita-em-todas-as-unidades-da-capital-paulista\\\/#listItem\",\"position\":3,\"name\":\"Sesc S\\u00e3o Paulo participa da Virada Cultural 2026 com programa\\u00e7\\u00e3o gratuita em todas as unidades da capital paulista\",\"previousItem\":{\"@type\":\"ListItem\",\"@id\":\"https:\\\/\\\/www.encontrabomretiro.com.br\\\/sobre\\\/noticias-no-bom-retiro\\\/#listItem\",\"name\":\"Not\\u00edcias Bom Retiro\"}}]},{\"@type\":\"Organization\",\"@id\":\"https:\\\/\\\/www.encontrabomretiro.com.br\\\/sobre\\\/#organization\",\"name\":\"Encontra Bom Retiro\",\"description\":\"Not\\u00edcias, eventos, informa\\u00e7\\u00f5es e dicas no bairro do Bom Retiro e regi\\u00e3o.\",\"url\":\"https:\\\/\\\/www.encontrabomretiro.com.br\\\/sobre\\\/\"},{\"@type\":\"Person\",\"@id\":\"https:\\\/\\\/www.encontrabomretiro.com.br\\\/sobre\\\/author\\\/ebomretiro\\\/#author\",\"url\":\"https:\\\/\\\/www.encontrabomretiro.com.br\\\/sobre\\\/author\\\/ebomretiro\\\/\",\"name\":\"Encontra Bom Retiro\",\"image\":{\"@type\":\"ImageObject\",\"@id\":\"https:\\\/\\\/www.encontrabomretiro.com.br\\\/sobre\\\/sesc-sao-paulo-participa-da-virada-cultural-2026-com-programacao-gratuita-em-todas-as-unidades-da-capital-paulista\\\/#authorImage\",\"url\":\"https:\\\/\\\/secure.gravatar.com\\\/avatar\\\/507340682b8270222e1f208e23198b6ae7e2c6a1033ae84e99bc6bce4f82a387?s=96&d=mm&r=g\",\"width\":96,\"height\":96,\"caption\":\"Encontra Bom Retiro\"}},{\"@type\":\"WebPage\",\"@id\":\"https:\\\/\\\/www.encontrabomretiro.com.br\\\/sobre\\\/sesc-sao-paulo-participa-da-virada-cultural-2026-com-programacao-gratuita-em-todas-as-unidades-da-capital-paulista\\\/#webpage\",\"url\":\"https:\\\/\\\/www.encontrabomretiro.com.br\\\/sobre\\\/sesc-sao-paulo-participa-da-virada-cultural-2026-com-programacao-gratuita-em-todas-as-unidades-da-capital-paulista\\\/\",\"name\":\"Sesc S\\u00e3o Paulo participa da Virada Cultural 2026 com programa\\u00e7\\u00e3o gratuita em todas as unidades da capital paulista | Encontra Bom Retiro\",\"description\":\"Sesc S\\u00e3o Paulo apresenta programa\\u00e7\\u00e3o gratuita na Virada Cultural 2026.\",\"inLanguage\":\"pt-BR\",\"isPartOf\":{\"@id\":\"https:\\\/\\\/www.encontrabomretiro.com.br\\\/sobre\\\/#website\"},\"breadcrumb\":{\"@id\":\"https:\\\/\\\/www.encontrabomretiro.com.br\\\/sobre\\\/sesc-sao-paulo-participa-da-virada-cultural-2026-com-programacao-gratuita-em-todas-as-unidades-da-capital-paulista\\\/#breadcrumblist\"},\"author\":{\"@id\":\"https:\\\/\\\/www.encontrabomretiro.com.br\\\/sobre\\\/author\\\/ebomretiro\\\/#author\"},\"creator\":{\"@id\":\"https:\\\/\\\/www.encontrabomretiro.com.br\\\/sobre\\\/author\\\/ebomretiro\\\/#author\"},\"image\":{\"@type\":\"ImageObject\",\"url\":\"https:\\\/\\\/www.encontrabomretiro.com.br\\\/sobre\\\/wp-content\\\/uploads\\\/2026\\\/05\\\/sesc-sao-paulo-participa-da-virada-cultural-2026-com-programacao-gratuita-em-todas-as-unidades-da-ca.webp\",\"@id\":\"https:\\\/\\\/www.encontrabomretiro.com.br\\\/sobre\\\/sesc-sao-paulo-participa-da-virada-cultural-2026-com-programacao-gratuita-em-todas-as-unidades-da-capital-paulista\\\/#mainImage\",\"width\":280,\"height\":280,\"caption\":\"Virada Cultural 2026\"},\"primaryImageOfPage\":{\"@id\":\"https:\\\/\\\/www.encontrabomretiro.com.br\\\/sobre\\\/sesc-sao-paulo-participa-da-virada-cultural-2026-com-programacao-gratuita-em-todas-as-unidades-da-capital-paulista\\\/#mainImage\"},\"datePublished\":\"2026-05-17T09:40:55-02:00\",\"dateModified\":\"2026-05-17T09:40:55-02:00\"},{\"@type\":\"WebSite\",\"@id\":\"https:\\\/\\\/www.encontrabomretiro.com.br\\\/sobre\\\/#website\",\"url\":\"https:\\\/\\\/www.encontrabomretiro.com.br\\\/sobre\\\/\",\"name\":\"Encontra Bom Retiro\",\"description\":\"Not\\u00edcias, eventos, informa\\u00e7\\u00f5es e dicas no bairro do Bom Retiro e regi\\u00e3o.\",\"inLanguage\":\"pt-BR\",\"publisher\":{\"@id\":\"https:\\\/\\\/www.encontrabomretiro.com.br\\\/sobre\\\/#organization\"}}]}\n\t\t<\/script>\n\t\t<!-- All in One SEO -->\n\n","aioseo_head_json":{"title":"Sesc S\u00e3o Paulo participa da Virada Cultural 2026 com programa\u00e7\u00e3o gratuita em todas as unidades da capital paulista | Encontra Bom Retiro","description":"Sesc S\u00e3o Paulo apresenta programa\u00e7\u00e3o gratuita na Virada Cultural 2026.","canonical_url":"https:\/\/www.encontrabomretiro.com.br\/sobre\/sesc-sao-paulo-participa-da-virada-cultural-2026-com-programacao-gratuita-em-todas-as-unidades-da-capital-paulista\/","robots":"max-image-preview:large","keywords":"","webmasterTools":{"miscellaneous":""},"schema":{"@context":"https:\/\/schema.org","@graph":[{"@type":"Article","@id":"https:\/\/www.encontrabomretiro.com.br\/sobre\/sesc-sao-paulo-participa-da-virada-cultural-2026-com-programacao-gratuita-em-todas-as-unidades-da-capital-paulista\/#article","name":"Sesc S\u00e3o Paulo participa da Virada Cultural 2026 com programa\u00e7\u00e3o gratuita em todas as unidades da capital paulista | Encontra Bom Retiro","headline":"Sesc S\u00e3o Paulo participa da Virada Cultural 2026 com programa\u00e7\u00e3o gratuita em todas as unidades da capital paulista","author":{"@id":"https:\/\/www.encontrabomretiro.com.br\/sobre\/author\/ebomretiro\/#author"},"publisher":{"@id":"https:\/\/www.encontrabomretiro.com.br\/sobre\/#organization"},"image":{"@type":"ImageObject","url":"https:\/\/www.encontrabomretiro.com.br\/sobre\/wp-content\/uploads\/2026\/05\/sesc-sao-paulo-participa-da-virada-cultural-2026-com-programacao-gratuita-em-todas-as-unidades-da-ca.webp","width":280,"height":280,"caption":"Virada Cultural 2026"},"datePublished":"2026-05-17T09:40:55-02:00","dateModified":"2026-05-17T09:40:55-02:00","inLanguage":"pt-BR","mainEntityOfPage":{"@id":"https:\/\/www.encontrabomretiro.com.br\/sobre\/sesc-sao-paulo-participa-da-virada-cultural-2026-com-programacao-gratuita-em-todas-as-unidades-da-capital-paulista\/#webpage"},"isPartOf":{"@id":"https:\/\/www.encontrabomretiro.com.br\/sobre\/sesc-sao-paulo-participa-da-virada-cultural-2026-com-programacao-gratuita-em-todas-as-unidades-da-capital-paulista\/#webpage"},"articleSection":"Not\u00edcias Bom Retiro"},{"@type":"BreadcrumbList","@id":"https:\/\/www.encontrabomretiro.com.br\/sobre\/sesc-sao-paulo-participa-da-virada-cultural-2026-com-programacao-gratuita-em-todas-as-unidades-da-capital-paulista\/#breadcrumblist","itemListElement":[{"@type":"ListItem","@id":"https:\/\/www.encontrabomretiro.com.br\/sobre#listItem","position":1,"name":"Dom\u00e9stica","item":"https:\/\/www.encontrabomretiro.com.br\/sobre","nextItem":{"@type":"ListItem","@id":"https:\/\/www.encontrabomretiro.com.br\/sobre\/noticias-no-bom-retiro\/#listItem","name":"Not\u00edcias Bom Retiro"}},{"@type":"ListItem","@id":"https:\/\/www.encontrabomretiro.com.br\/sobre\/noticias-no-bom-retiro\/#listItem","position":2,"name":"Not\u00edcias Bom Retiro","item":"https:\/\/www.encontrabomretiro.com.br\/sobre\/noticias-no-bom-retiro\/","nextItem":{"@type":"ListItem","@id":"https:\/\/www.encontrabomretiro.com.br\/sobre\/sesc-sao-paulo-participa-da-virada-cultural-2026-com-programacao-gratuita-em-todas-as-unidades-da-capital-paulista\/#listItem","name":"Sesc S\u00e3o Paulo participa da Virada Cultural 2026 com programa\u00e7\u00e3o gratuita em todas as unidades da capital paulista"},"previousItem":{"@type":"ListItem","@id":"https:\/\/www.encontrabomretiro.com.br\/sobre#listItem","name":"Dom\u00e9stica"}},{"@type":"ListItem","@id":"https:\/\/www.encontrabomretiro.com.br\/sobre\/sesc-sao-paulo-participa-da-virada-cultural-2026-com-programacao-gratuita-em-todas-as-unidades-da-capital-paulista\/#listItem","position":3,"name":"Sesc S\u00e3o Paulo participa da Virada Cultural 2026 com programa\u00e7\u00e3o gratuita em todas as unidades da capital paulista","previousItem":{"@type":"ListItem","@id":"https:\/\/www.encontrabomretiro.com.br\/sobre\/noticias-no-bom-retiro\/#listItem","name":"Not\u00edcias Bom Retiro"}}]},{"@type":"Organization","@id":"https:\/\/www.encontrabomretiro.com.br\/sobre\/#organization","name":"Encontra Bom Retiro","description":"Not\u00edcias, eventos, informa\u00e7\u00f5es e dicas no bairro do Bom Retiro e regi\u00e3o.","url":"https:\/\/www.encontrabomretiro.com.br\/sobre\/"},{"@type":"Person","@id":"https:\/\/www.encontrabomretiro.com.br\/sobre\/author\/ebomretiro\/#author","url":"https:\/\/www.encontrabomretiro.com.br\/sobre\/author\/ebomretiro\/","name":"Encontra Bom Retiro","image":{"@type":"ImageObject","@id":"https:\/\/www.encontrabomretiro.com.br\/sobre\/sesc-sao-paulo-participa-da-virada-cultural-2026-com-programacao-gratuita-em-todas-as-unidades-da-capital-paulista\/#authorImage","url":"https:\/\/secure.gravatar.com\/avatar\/507340682b8270222e1f208e23198b6ae7e2c6a1033ae84e99bc6bce4f82a387?s=96&d=mm&r=g","width":96,"height":96,"caption":"Encontra Bom Retiro"}},{"@type":"WebPage","@id":"https:\/\/www.encontrabomretiro.com.br\/sobre\/sesc-sao-paulo-participa-da-virada-cultural-2026-com-programacao-gratuita-em-todas-as-unidades-da-capital-paulista\/#webpage","url":"https:\/\/www.encontrabomretiro.com.br\/sobre\/sesc-sao-paulo-participa-da-virada-cultural-2026-com-programacao-gratuita-em-todas-as-unidades-da-capital-paulista\/","name":"Sesc S\u00e3o Paulo participa da Virada Cultural 2026 com programa\u00e7\u00e3o gratuita em todas as unidades da capital paulista | Encontra Bom Retiro","description":"Sesc S\u00e3o Paulo apresenta programa\u00e7\u00e3o gratuita na Virada Cultural 2026.","inLanguage":"pt-BR","isPartOf":{"@id":"https:\/\/www.encontrabomretiro.com.br\/sobre\/#website"},"breadcrumb":{"@id":"https:\/\/www.encontrabomretiro.com.br\/sobre\/sesc-sao-paulo-participa-da-virada-cultural-2026-com-programacao-gratuita-em-todas-as-unidades-da-capital-paulista\/#breadcrumblist"},"author":{"@id":"https:\/\/www.encontrabomretiro.com.br\/sobre\/author\/ebomretiro\/#author"},"creator":{"@id":"https:\/\/www.encontrabomretiro.com.br\/sobre\/author\/ebomretiro\/#author"},"image":{"@type":"ImageObject","url":"https:\/\/www.encontrabomretiro.com.br\/sobre\/wp-content\/uploads\/2026\/05\/sesc-sao-paulo-participa-da-virada-cultural-2026-com-programacao-gratuita-em-todas-as-unidades-da-ca.webp","@id":"https:\/\/www.encontrabomretiro.com.br\/sobre\/sesc-sao-paulo-participa-da-virada-cultural-2026-com-programacao-gratuita-em-todas-as-unidades-da-capital-paulista\/#mainImage","width":280,"height":280,"caption":"Virada Cultural 2026"},"primaryImageOfPage":{"@id":"https:\/\/www.encontrabomretiro.com.br\/sobre\/sesc-sao-paulo-participa-da-virada-cultural-2026-com-programacao-gratuita-em-todas-as-unidades-da-capital-paulista\/#mainImage"},"datePublished":"2026-05-17T09:40:55-02:00","dateModified":"2026-05-17T09:40:55-02:00"},{"@type":"WebSite","@id":"https:\/\/www.encontrabomretiro.com.br\/sobre\/#website","url":"https:\/\/www.encontrabomretiro.com.br\/sobre\/","name":"Encontra Bom Retiro","description":"Not\u00edcias, eventos, informa\u00e7\u00f5es e dicas no bairro do Bom Retiro e regi\u00e3o.","inLanguage":"pt-BR","publisher":{"@id":"https:\/\/www.encontrabomretiro.com.br\/sobre\/#organization"}}]},"og:locale":"pt_BR","og:site_name":"Encontra Bom Retiro | Not\u00edcias, eventos, informa\u00e7\u00f5es e dicas no bairro do Bom Retiro e regi\u00e3o.","og:type":"article","og:title":"Sesc S\u00e3o Paulo participa da Virada Cultural 2026 com programa\u00e7\u00e3o gratuita em todas as unidades da capital paulista | Encontra Bom Retiro","og:description":"Sesc S\u00e3o Paulo apresenta programa\u00e7\u00e3o gratuita na Virada Cultural 2026.","og:url":"https:\/\/www.encontrabomretiro.com.br\/sobre\/sesc-sao-paulo-participa-da-virada-cultural-2026-com-programacao-gratuita-em-todas-as-unidades-da-capital-paulista\/","article:published_time":"2026-05-17T11:40:55+00:00","article:modified_time":"2026-05-17T11:40:55+00:00","twitter:card":"summary_large_image","twitter:title":"Sesc S\u00e3o Paulo participa da Virada Cultural 2026 com programa\u00e7\u00e3o gratuita em todas as unidades da capital paulista | Encontra Bom Retiro","twitter:description":"Sesc S\u00e3o Paulo apresenta programa\u00e7\u00e3o gratuita na Virada Cultural 2026."},"aioseo_meta_data":{"post_id":"2819","title":null,"description":null,"keywords":null,"keyphrases":null,"primary_term":null,"canonical_url":null,"og_title":null,"og_description":null,"og_object_type":"default","og_image_type":"default","og_image_url":null,"og_image_width":null,"og_image_height":null,"og_image_custom_url":null,"og_image_custom_fields":null,"og_video":null,"og_custom_url":null,"og_article_section":null,"og_article_tags":null,"twitter_use_og":false,"twitter_card":"default","twitter_image_type":"default","twitter_image_url":null,"twitter_image_custom_url":null,"twitter_image_custom_fields":null,"twitter_title":null,"twitter_description":null,"schema":{"blockGraphs":[],"customGraphs":[],"default":{"data":{"Article":[],"Course":[],"Dataset":[],"FAQPage":[],"Movie":[],"Person":[],"Product":[],"ProductReview":[],"Car":[],"Recipe":[],"Service":[],"SoftwareApplication":[],"WebPage":[]},"graphName":"Article","isEnabled":true},"graphs":[]},"schema_type":"default","schema_type_options":null,"pillar_content":false,"robots_default":true,"robots_noindex":false,"robots_noarchive":false,"robots_nosnippet":false,"robots_nofollow":false,"robots_noimageindex":false,"robots_noodp":false,"robots_notranslate":false,"robots_max_snippet":null,"robots_max_videopreview":null,"robots_max_imagepreview":"large","priority":null,"frequency":null,"local_seo":null,"breadcrumb_settings":null,"limit_modified_date":false,"ai":null,"created":"2026-05-17 11:40:58","updated":"2026-05-17 11:49:07","focus_keyword":null,"additional_keywords":null,"truseo_locale":null,"seo_analyzer_scan_date":null},"aioseo_breadcrumb":"<div class=\"aioseo-breadcrumbs\"><span class=\"aioseo-breadcrumb\">\n\t\t\t<a href=\"https:\/\/www.encontrabomretiro.com.br\/sobre\" title=\"Dom\u00e9stica\">Dom\u00e9stica<\/a>\n\t\t<\/span><span class=\"aioseo-breadcrumb-separator\">&raquo;<\/span><span class=\"aioseo-breadcrumb\">\n\t\t\t<a href=\"https:\/\/www.encontrabomretiro.com.br\/sobre\/noticias-no-bom-retiro\/\" title=\"Not\u00edcias Bom Retiro\">Not\u00edcias Bom Retiro<\/a>\n\t\t<\/span><span class=\"aioseo-breadcrumb-separator\">&raquo;<\/span><span class=\"aioseo-breadcrumb\">\n\t\t\tSesc S\u00e3o Paulo participa da Virada Cultural 2026 com programa\u00e7\u00e3o gratuita em todas as unidades da capital paulista\n\t\t<\/span><\/div>","aioseo_breadcrumb_json":[{"label":"Dom\u00e9stica","link":"https:\/\/www.encontrabomretiro.com.br\/sobre"},{"label":"Not\u00edcias Bom Retiro","link":"https:\/\/www.encontrabomretiro.com.br\/sobre\/noticias-no-bom-retiro\/"},{"label":"Sesc S\u00e3o Paulo participa da Virada Cultural 2026 com programa\u00e7\u00e3o gratuita em todas as unidades da capital paulista","link":"https:\/\/www.encontrabomretiro.com.br\/sobre\/sesc-sao-paulo-participa-da-virada-cultural-2026-com-programacao-gratuita-em-todas-as-unidades-da-capital-paulista\/"}],"_links":{"self":[{"href":"https:\/\/www.encontrabomretiro.com.br\/sobre\/wp-json\/wp\/v2\/posts\/2819","targetHints":{"allow":["GET"]}}],"collection":[{"href":"https:\/\/www.encontrabomretiro.com.br\/sobre\/wp-json\/wp\/v2\/posts"}],"about":[{"href":"https:\/\/www.encontrabomretiro.com.br\/sobre\/wp-json\/wp\/v2\/types\/post"}],"author":[{"embeddable":true,"href":"https:\/\/www.encontrabomretiro.com.br\/sobre\/wp-json\/wp\/v2\/users\/1"}],"replies":[{"embeddable":true,"href":"https:\/\/www.encontrabomretiro.com.br\/sobre\/wp-json\/wp\/v2\/comments?post=2819"}],"version-history":[{"count":0,"href":"https:\/\/www.encontrabomretiro.com.br\/sobre\/wp-json\/wp\/v2\/posts\/2819\/revisions"}],"wp:featuredmedia":[{"embeddable":true,"href":"https:\/\/www.encontrabomretiro.com.br\/sobre\/wp-json\/wp\/v2\/media\/2818"}],"wp:attachment":[{"href":"https:\/\/www.encontrabomretiro.com.br\/sobre\/wp-json\/wp\/v2\/media?parent=2819"}],"wp:term":[{"taxonomy":"category","embeddable":true,"href":"https:\/\/www.encontrabomretiro.com.br\/sobre\/wp-json\/wp\/v2\/categories?post=2819"},{"taxonomy":"post_tag","embeddable":true,"href":"https:\/\/www.encontrabomretiro.com.br\/sobre\/wp-json\/wp\/v2\/tags?post=2819"}],"curies":[{"name":"wp","href":"https:\/\/api.w.org\/{rel}","templated":true}]}}