{"id":2815,"date":"2026-05-16T09:46:43","date_gmt":"2026-05-16T11:46:43","guid":{"rendered":"https:\/\/www.encontrabomretiro.com.br\/sobre\/fabricar-em-ceramica-a-memoria\/"},"modified":"2026-05-16T09:46:43","modified_gmt":"2026-05-16T11:46:43","slug":"fabricar-em-ceramica-a-memoria","status":"publish","type":"post","link":"https:\/\/www.encontrabomretiro.com.br\/sobre\/fabricar-em-ceramica-a-memoria\/","title":{"rendered":"Fabricar em cer\u00e2mica a mem\u00f3ria"},"content":{"rendered":"<div class=\"228b65ae207de3c5c501cfe75875708b\" data-index=\"1\" style=\"float: none; margin:0px;\">\n<!-- Anuncio display - global -->\r\n<ins class=\"adsbygoogle\"\r\n     style=\"display:block\"\r\n     data-ad-client=\"ca-pub-8585364105181520\"\r\n     data-ad-slot=\"8789329856\"\r\n     data-ad-format=\"auto\"\r\n     data-full-width-responsive=\"true\"><\/ins>\r\n<script>\r\n     (adsbygoogle = window.adsbygoogle || []).push({});\r\n<\/script>\n<\/div>\n<h2>O Que \u00c9 Fabricar Mem\u00f3rias em Cer\u00e2mica?<\/h2>\n<p>Fabricar mem\u00f3rias em cer\u00e2mica envolve a combina\u00e7\u00e3o de arte, hist\u00f3ria e autoconhecimento. Essa pr\u00e1tica n\u00e3o se limita apenas \u00e0 cria\u00e7\u00e3o de pe\u00e7as f\u00edsicas, mas tamb\u00e9m \u00e0 elabora\u00e7\u00e3o de narrativas pessoais que refletem experi\u00eancias e recorda\u00e7\u00f5es \u00fanicas.<\/p>\n<h2>Import\u00e2ncia da Cer\u00e2mica na Arte Contempor\u00e2nea<\/h2>\n<p>A cer\u00e2mica desempenha um papel fundamental na arte contempor\u00e2nea, permitindo que artistas explorem quest\u00f5es de identidade, cultura e passagem do tempo. Este material, ao longo dos s\u00e9culos, tem sido meio de express\u00e3o e tamb\u00e9m um suporte para contar hist\u00f3rias. A sua versatilidade e intimidade com o ser humano a tornam uma escolha popular entre os criadores modernos.<\/p>\n<h2>Como a Cer\u00e2mica Pode Ser Usada para Reter Hist\u00f3rias<\/h2>\n<p>Os artistas utilizam a cer\u00e2mica como um ve\u00edculo para preservar mem\u00f3rias e narrativas. Por meio da modelagem, cada forma e textura criadas pode evocar lembran\u00e7as espec\u00edficas. Al\u00e9m disso, ao incorporar elementos pessoais na cria\u00e7\u00e3o, \u00e9 poss\u00edvel contar hist\u00f3rias profundas que ressoam n\u00e3o apenas com o artista, mas tamb\u00e9m com o p\u00fablico.<\/p>\n<p><img decoding=\"async\" src=\"https:\/\/www.encontrabomretiro.com.br\/sobre\/wp-content\/uploads\/2026\/05\/fabricar-em-ceramica-a-memoria.webp\" alt=\"fabricar em cer\u00e2mica a mem\u00f3ria\" loading=\"lazy\" \/><\/p>\n<h2>Nadira Yanez: A Artista por Tr\u00e1s do Curso<\/h2>\n<p>Nadira Yanez, uma artista chilena de Santiago, \u00e9 uma refer\u00eancia na intersec\u00e7\u00e3o entre cer\u00e2mica e mem\u00f3ria. Formada em Design, ela utiliza diferentes materiais como argila e gesso para criar suas instala\u00e7\u00f5es. Suas obras refletem a rela\u00e7\u00e3o entre delicadeza e for\u00e7a, sendo um convite \u00e0 contempla\u00e7\u00e3o e \u00e0 conex\u00e3o com experi\u00eancias pessoais e coletivas.<\/p>\n<h2>T\u00e9cnicas de Modelagem Manual na Cer\u00e2mica<\/h2>\n<p>Durante o curso, os participantes aprender\u00e3o diversas t\u00e9cnicas de modelagem manual que s\u00e3o essenciais para a produ\u00e7\u00e3o de pe\u00e7as em cer\u00e2mica. Estas t\u00e9cnicas permitem que cada um explore sua criatividade e crie obras que sejam verdadeiramente \u00fanicas. A pr\u00e1tica manual enriquece o aprendizado e promove uma rela\u00e7\u00e3o mais \u00edntima com o material.<\/p>\n<h2>O Processo Criativo: Da Ideia \u00e0 Obra<\/h2>\n<p>A rela\u00e7\u00e3o entre a ideia inicial e a pe\u00e7a final \u00e9 uma jornada significativa. Aprender como dar vida a conceitos em formas tang\u00edveis \u00e9 uma das partes mais gratificantes do trabalho em cer\u00e2mica. O curso prop\u00f5e um espa\u00e7o onde os participantes s\u00e3o encorajados a documentar todo o processo, desde a concep\u00e7\u00e3o da ideia at\u00e9 a execu\u00e7\u00e3o, permitindo que suas mem\u00f3rias sejam incorporadas em cada etapa.<\/p>\n<h2>Construindo Narrativas Pessoais com Cer\u00e2mica<\/h2>\n<p>Cada pe\u00e7a criada \u00e9 uma narrativa que carrega a hist\u00f3ria de quem a fez. Ao trabalhar com cer\u00e2mica, os participantes t\u00eam a oportunidade de refletir sobre suas pr\u00f3prias experi\u00eancias e incluir mem\u00f3rias em seus trabalhos. Isso transforma o ato de criar em uma forma de terapia e autodescoberta.<\/p>\n<h2>Impacto Total da Cer\u00e2mica na Nossa Mem\u00f3ria<\/h2>\n<p>A cer\u00e2mica n\u00e3o \u00e9 apenas um meio art\u00edstico; ela serve como um reposit\u00f3rio de mem\u00f3rias. Todas as intera\u00e7\u00f5es com o material nos ajudam a lembrar de momentos espec\u00edficos ou sentimentos. O processo de trabalhar com cer\u00e2mica pode evocar nostalgia e propiciar um espa\u00e7o para reflex\u00e3o sobre o passado.<\/p>\n<h2>Inscri\u00e7\u00f5es e Valores para o Curso<\/h2>\n<p>As inscri\u00e7\u00f5es para o curso &#8220;Fabricar em Cer\u00e2mica a Mem\u00f3ria&#8221; podem ser feitas online. O valor \u00e9 acess\u00edvel, com diferentes op\u00e7\u00f5es de pre\u00e7os, dependendo da categoria de acordo com a credencial do participante. Isso garante que todos possam ter acesso a esta experi\u00eancia enriquecedora.<\/p>\n<h2>Expectativas e Objetivos do Curso de Cer\u00e2mica<\/h2>\n<p>O curso tem como principal objetivo proporcionar uma imers\u00e3o no universo da cer\u00e2mica, incentivando a explora\u00e7\u00e3o de mem\u00f3rias por meio da arte. As expectativas incluem o desenvolvimento de habilidades pr\u00e1ticas, a cria\u00e7\u00e3o de pe\u00e7as que representem narrativas pessoais e a promo\u00e7\u00e3o de um espa\u00e7o de troca e conviv\u00eancia entre os artistas participantes. A experi\u00eancia n\u00e3o s\u00f3 se traduz em aprendizado t\u00e9cnico, mas tamb\u00e9m em um fortalecimento da express\u00e3o individual.<\/p>\n\n<div style=\"font-size: 0px; height: 0px; line-height: 0px; margin: 0; padding: 0; clear: both;\"><\/div>","protected":false},"excerpt":{"rendered":"<p>Fabricar mem\u00f3rias em cer\u00e2mica traz \u00e0 tona novas narrativas e conex\u00f5es pessoais.<\/p>\n","protected":false},"author":1,"featured_media":2814,"comment_status":"open","ping_status":"closed","sticky":false,"template":"","format":"standard","meta":{"footnotes":""},"categories":[6],"tags":[],"class_list":["post-2815","post","type-post","status-publish","format-standard","has-post-thumbnail","hentry","category-noticias-no-bom-retiro","has_thumb"],"aioseo_notices":[],"aioseo_head":"\n\t\t<!-- All in One SEO 5.0.0.1 - aioseo.com -->\n\t<meta name=\"description\" content=\"Fabricar mem\u00f3rias em cer\u00e2mica traz \u00e0 tona novas narrativas e conex\u00f5es pessoais.\" \/>\n\t<meta name=\"robots\" content=\"max-image-preview:large\" \/>\n\t<meta name=\"author\" content=\"Encontra Bom Retiro\"\/>\n\t<link rel=\"canonical\" href=\"https:\/\/www.encontrabomretiro.com.br\/sobre\/fabricar-em-ceramica-a-memoria\/\" \/>\n\t<meta name=\"generator\" content=\"All in One SEO (AIOSEO) 5.0.0.1\" \/>\n\t\t<meta property=\"og:locale\" content=\"pt_BR\" \/>\n\t\t<meta property=\"og:site_name\" content=\"Encontra Bom Retiro | Not\u00edcias, eventos, informa\u00e7\u00f5es e dicas no bairro do Bom Retiro e regi\u00e3o.\" \/>\n\t\t<meta property=\"og:type\" content=\"article\" \/>\n\t\t<meta property=\"og:title\" content=\"Fabricar em cer\u00e2mica a mem\u00f3ria | Encontra Bom Retiro\" \/>\n\t\t<meta property=\"og:description\" content=\"Fabricar mem\u00f3rias em cer\u00e2mica traz \u00e0 tona novas narrativas e conex\u00f5es pessoais.\" \/>\n\t\t<meta property=\"og:url\" content=\"https:\/\/www.encontrabomretiro.com.br\/sobre\/fabricar-em-ceramica-a-memoria\/\" \/>\n\t\t<meta property=\"article:published_time\" content=\"2026-05-16T11:46:43+00:00\" \/>\n\t\t<meta property=\"article:modified_time\" content=\"2026-05-16T11:46:43+00:00\" \/>\n\t\t<meta name=\"twitter:card\" content=\"summary_large_image\" \/>\n\t\t<meta name=\"twitter:title\" content=\"Fabricar em cer\u00e2mica a mem\u00f3ria | Encontra Bom Retiro\" \/>\n\t\t<meta name=\"twitter:description\" content=\"Fabricar mem\u00f3rias em cer\u00e2mica traz \u00e0 tona novas narrativas e conex\u00f5es pessoais.\" \/>\n\t\t<script type=\"application\/ld+json\" class=\"aioseo-schema\">\n\t\t\t{\"@context\":\"https:\\\/\\\/schema.org\",\"@graph\":[{\"@type\":\"Article\",\"@id\":\"https:\\\/\\\/www.encontrabomretiro.com.br\\\/sobre\\\/fabricar-em-ceramica-a-memoria\\\/#article\",\"name\":\"Fabricar em cer\\u00e2mica a mem\\u00f3ria | Encontra Bom Retiro\",\"headline\":\"Fabricar em cer\\u00e2mica a mem\\u00f3ria\",\"author\":{\"@id\":\"https:\\\/\\\/www.encontrabomretiro.com.br\\\/sobre\\\/author\\\/ebomretiro\\\/#author\"},\"publisher\":{\"@id\":\"https:\\\/\\\/www.encontrabomretiro.com.br\\\/sobre\\\/#organization\"},\"image\":{\"@type\":\"ImageObject\",\"url\":\"https:\\\/\\\/www.encontrabomretiro.com.br\\\/sobre\\\/wp-content\\\/uploads\\\/2026\\\/05\\\/fabricar-em-ceramica-a-memoria.webp\",\"width\":280,\"height\":280,\"caption\":\"fabricar em cer\\u00e2mica a mem\\u00f3ria\"},\"datePublished\":\"2026-05-16T09:46:43-02:00\",\"dateModified\":\"2026-05-16T09:46:43-02:00\",\"inLanguage\":\"pt-BR\",\"mainEntityOfPage\":{\"@id\":\"https:\\\/\\\/www.encontrabomretiro.com.br\\\/sobre\\\/fabricar-em-ceramica-a-memoria\\\/#webpage\"},\"isPartOf\":{\"@id\":\"https:\\\/\\\/www.encontrabomretiro.com.br\\\/sobre\\\/fabricar-em-ceramica-a-memoria\\\/#webpage\"},\"articleSection\":\"Not\\u00edcias Bom Retiro\"},{\"@type\":\"BreadcrumbList\",\"@id\":\"https:\\\/\\\/www.encontrabomretiro.com.br\\\/sobre\\\/fabricar-em-ceramica-a-memoria\\\/#breadcrumblist\",\"itemListElement\":[{\"@type\":\"ListItem\",\"@id\":\"https:\\\/\\\/www.encontrabomretiro.com.br\\\/sobre#listItem\",\"position\":1,\"name\":\"Dom\\u00e9stica\",\"item\":\"https:\\\/\\\/www.encontrabomretiro.com.br\\\/sobre\",\"nextItem\":{\"@type\":\"ListItem\",\"@id\":\"https:\\\/\\\/www.encontrabomretiro.com.br\\\/sobre\\\/noticias-no-bom-retiro\\\/#listItem\",\"name\":\"Not\\u00edcias Bom Retiro\"}},{\"@type\":\"ListItem\",\"@id\":\"https:\\\/\\\/www.encontrabomretiro.com.br\\\/sobre\\\/noticias-no-bom-retiro\\\/#listItem\",\"position\":2,\"name\":\"Not\\u00edcias Bom Retiro\",\"item\":\"https:\\\/\\\/www.encontrabomretiro.com.br\\\/sobre\\\/noticias-no-bom-retiro\\\/\",\"nextItem\":{\"@type\":\"ListItem\",\"@id\":\"https:\\\/\\\/www.encontrabomretiro.com.br\\\/sobre\\\/fabricar-em-ceramica-a-memoria\\\/#listItem\",\"name\":\"Fabricar em cer\\u00e2mica a mem\\u00f3ria\"},\"previousItem\":{\"@type\":\"ListItem\",\"@id\":\"https:\\\/\\\/www.encontrabomretiro.com.br\\\/sobre#listItem\",\"name\":\"Dom\\u00e9stica\"}},{\"@type\":\"ListItem\",\"@id\":\"https:\\\/\\\/www.encontrabomretiro.com.br\\\/sobre\\\/fabricar-em-ceramica-a-memoria\\\/#listItem\",\"position\":3,\"name\":\"Fabricar em cer\\u00e2mica a mem\\u00f3ria\",\"previousItem\":{\"@type\":\"ListItem\",\"@id\":\"https:\\\/\\\/www.encontrabomretiro.com.br\\\/sobre\\\/noticias-no-bom-retiro\\\/#listItem\",\"name\":\"Not\\u00edcias Bom Retiro\"}}]},{\"@type\":\"Organization\",\"@id\":\"https:\\\/\\\/www.encontrabomretiro.com.br\\\/sobre\\\/#organization\",\"name\":\"Encontra Bom Retiro\",\"description\":\"Not\\u00edcias, eventos, informa\\u00e7\\u00f5es e dicas no bairro do Bom Retiro e regi\\u00e3o.\",\"url\":\"https:\\\/\\\/www.encontrabomretiro.com.br\\\/sobre\\\/\"},{\"@type\":\"Person\",\"@id\":\"https:\\\/\\\/www.encontrabomretiro.com.br\\\/sobre\\\/author\\\/ebomretiro\\\/#author\",\"url\":\"https:\\\/\\\/www.encontrabomretiro.com.br\\\/sobre\\\/author\\\/ebomretiro\\\/\",\"name\":\"Encontra Bom Retiro\",\"image\":{\"@type\":\"ImageObject\",\"@id\":\"https:\\\/\\\/www.encontrabomretiro.com.br\\\/sobre\\\/fabricar-em-ceramica-a-memoria\\\/#authorImage\",\"url\":\"https:\\\/\\\/secure.gravatar.com\\\/avatar\\\/507340682b8270222e1f208e23198b6ae7e2c6a1033ae84e99bc6bce4f82a387?s=96&d=mm&r=g\",\"width\":96,\"height\":96,\"caption\":\"Encontra Bom Retiro\"}},{\"@type\":\"WebPage\",\"@id\":\"https:\\\/\\\/www.encontrabomretiro.com.br\\\/sobre\\\/fabricar-em-ceramica-a-memoria\\\/#webpage\",\"url\":\"https:\\\/\\\/www.encontrabomretiro.com.br\\\/sobre\\\/fabricar-em-ceramica-a-memoria\\\/\",\"name\":\"Fabricar em cer\\u00e2mica a mem\\u00f3ria | Encontra Bom Retiro\",\"description\":\"Fabricar mem\\u00f3rias em cer\\u00e2mica traz \\u00e0 tona novas narrativas e conex\\u00f5es pessoais.\",\"inLanguage\":\"pt-BR\",\"isPartOf\":{\"@id\":\"https:\\\/\\\/www.encontrabomretiro.com.br\\\/sobre\\\/#website\"},\"breadcrumb\":{\"@id\":\"https:\\\/\\\/www.encontrabomretiro.com.br\\\/sobre\\\/fabricar-em-ceramica-a-memoria\\\/#breadcrumblist\"},\"author\":{\"@id\":\"https:\\\/\\\/www.encontrabomretiro.com.br\\\/sobre\\\/author\\\/ebomretiro\\\/#author\"},\"creator\":{\"@id\":\"https:\\\/\\\/www.encontrabomretiro.com.br\\\/sobre\\\/author\\\/ebomretiro\\\/#author\"},\"image\":{\"@type\":\"ImageObject\",\"url\":\"https:\\\/\\\/www.encontrabomretiro.com.br\\\/sobre\\\/wp-content\\\/uploads\\\/2026\\\/05\\\/fabricar-em-ceramica-a-memoria.webp\",\"@id\":\"https:\\\/\\\/www.encontrabomretiro.com.br\\\/sobre\\\/fabricar-em-ceramica-a-memoria\\\/#mainImage\",\"width\":280,\"height\":280,\"caption\":\"fabricar em cer\\u00e2mica a mem\\u00f3ria\"},\"primaryImageOfPage\":{\"@id\":\"https:\\\/\\\/www.encontrabomretiro.com.br\\\/sobre\\\/fabricar-em-ceramica-a-memoria\\\/#mainImage\"},\"datePublished\":\"2026-05-16T09:46:43-02:00\",\"dateModified\":\"2026-05-16T09:46:43-02:00\"},{\"@type\":\"WebSite\",\"@id\":\"https:\\\/\\\/www.encontrabomretiro.com.br\\\/sobre\\\/#website\",\"url\":\"https:\\\/\\\/www.encontrabomretiro.com.br\\\/sobre\\\/\",\"name\":\"Encontra Bom Retiro\",\"description\":\"Not\\u00edcias, eventos, informa\\u00e7\\u00f5es e dicas no bairro do Bom Retiro e regi\\u00e3o.\",\"inLanguage\":\"pt-BR\",\"publisher\":{\"@id\":\"https:\\\/\\\/www.encontrabomretiro.com.br\\\/sobre\\\/#organization\"}}]}\n\t\t<\/script>\n\t\t<!-- All in One SEO -->\n\n","aioseo_head_json":{"title":"Fabricar em cer\u00e2mica a mem\u00f3ria | Encontra Bom Retiro","description":"Fabricar mem\u00f3rias em cer\u00e2mica traz \u00e0 tona novas narrativas e conex\u00f5es pessoais.","canonical_url":"https:\/\/www.encontrabomretiro.com.br\/sobre\/fabricar-em-ceramica-a-memoria\/","robots":"max-image-preview:large","keywords":"","webmasterTools":{"miscellaneous":""},"schema":{"@context":"https:\/\/schema.org","@graph":[{"@type":"Article","@id":"https:\/\/www.encontrabomretiro.com.br\/sobre\/fabricar-em-ceramica-a-memoria\/#article","name":"Fabricar em cer\u00e2mica a mem\u00f3ria | Encontra Bom Retiro","headline":"Fabricar em cer\u00e2mica a mem\u00f3ria","author":{"@id":"https:\/\/www.encontrabomretiro.com.br\/sobre\/author\/ebomretiro\/#author"},"publisher":{"@id":"https:\/\/www.encontrabomretiro.com.br\/sobre\/#organization"},"image":{"@type":"ImageObject","url":"https:\/\/www.encontrabomretiro.com.br\/sobre\/wp-content\/uploads\/2026\/05\/fabricar-em-ceramica-a-memoria.webp","width":280,"height":280,"caption":"fabricar em cer\u00e2mica a mem\u00f3ria"},"datePublished":"2026-05-16T09:46:43-02:00","dateModified":"2026-05-16T09:46:43-02:00","inLanguage":"pt-BR","mainEntityOfPage":{"@id":"https:\/\/www.encontrabomretiro.com.br\/sobre\/fabricar-em-ceramica-a-memoria\/#webpage"},"isPartOf":{"@id":"https:\/\/www.encontrabomretiro.com.br\/sobre\/fabricar-em-ceramica-a-memoria\/#webpage"},"articleSection":"Not\u00edcias Bom Retiro"},{"@type":"BreadcrumbList","@id":"https:\/\/www.encontrabomretiro.com.br\/sobre\/fabricar-em-ceramica-a-memoria\/#breadcrumblist","itemListElement":[{"@type":"ListItem","@id":"https:\/\/www.encontrabomretiro.com.br\/sobre#listItem","position":1,"name":"Dom\u00e9stica","item":"https:\/\/www.encontrabomretiro.com.br\/sobre","nextItem":{"@type":"ListItem","@id":"https:\/\/www.encontrabomretiro.com.br\/sobre\/noticias-no-bom-retiro\/#listItem","name":"Not\u00edcias Bom Retiro"}},{"@type":"ListItem","@id":"https:\/\/www.encontrabomretiro.com.br\/sobre\/noticias-no-bom-retiro\/#listItem","position":2,"name":"Not\u00edcias Bom Retiro","item":"https:\/\/www.encontrabomretiro.com.br\/sobre\/noticias-no-bom-retiro\/","nextItem":{"@type":"ListItem","@id":"https:\/\/www.encontrabomretiro.com.br\/sobre\/fabricar-em-ceramica-a-memoria\/#listItem","name":"Fabricar em cer\u00e2mica a mem\u00f3ria"},"previousItem":{"@type":"ListItem","@id":"https:\/\/www.encontrabomretiro.com.br\/sobre#listItem","name":"Dom\u00e9stica"}},{"@type":"ListItem","@id":"https:\/\/www.encontrabomretiro.com.br\/sobre\/fabricar-em-ceramica-a-memoria\/#listItem","position":3,"name":"Fabricar em cer\u00e2mica a mem\u00f3ria","previousItem":{"@type":"ListItem","@id":"https:\/\/www.encontrabomretiro.com.br\/sobre\/noticias-no-bom-retiro\/#listItem","name":"Not\u00edcias Bom Retiro"}}]},{"@type":"Organization","@id":"https:\/\/www.encontrabomretiro.com.br\/sobre\/#organization","name":"Encontra Bom Retiro","description":"Not\u00edcias, eventos, informa\u00e7\u00f5es e dicas no bairro do Bom Retiro e regi\u00e3o.","url":"https:\/\/www.encontrabomretiro.com.br\/sobre\/"},{"@type":"Person","@id":"https:\/\/www.encontrabomretiro.com.br\/sobre\/author\/ebomretiro\/#author","url":"https:\/\/www.encontrabomretiro.com.br\/sobre\/author\/ebomretiro\/","name":"Encontra Bom Retiro","image":{"@type":"ImageObject","@id":"https:\/\/www.encontrabomretiro.com.br\/sobre\/fabricar-em-ceramica-a-memoria\/#authorImage","url":"https:\/\/secure.gravatar.com\/avatar\/507340682b8270222e1f208e23198b6ae7e2c6a1033ae84e99bc6bce4f82a387?s=96&d=mm&r=g","width":96,"height":96,"caption":"Encontra Bom Retiro"}},{"@type":"WebPage","@id":"https:\/\/www.encontrabomretiro.com.br\/sobre\/fabricar-em-ceramica-a-memoria\/#webpage","url":"https:\/\/www.encontrabomretiro.com.br\/sobre\/fabricar-em-ceramica-a-memoria\/","name":"Fabricar em cer\u00e2mica a mem\u00f3ria | Encontra Bom Retiro","description":"Fabricar mem\u00f3rias em cer\u00e2mica traz \u00e0 tona novas narrativas e conex\u00f5es pessoais.","inLanguage":"pt-BR","isPartOf":{"@id":"https:\/\/www.encontrabomretiro.com.br\/sobre\/#website"},"breadcrumb":{"@id":"https:\/\/www.encontrabomretiro.com.br\/sobre\/fabricar-em-ceramica-a-memoria\/#breadcrumblist"},"author":{"@id":"https:\/\/www.encontrabomretiro.com.br\/sobre\/author\/ebomretiro\/#author"},"creator":{"@id":"https:\/\/www.encontrabomretiro.com.br\/sobre\/author\/ebomretiro\/#author"},"image":{"@type":"ImageObject","url":"https:\/\/www.encontrabomretiro.com.br\/sobre\/wp-content\/uploads\/2026\/05\/fabricar-em-ceramica-a-memoria.webp","@id":"https:\/\/www.encontrabomretiro.com.br\/sobre\/fabricar-em-ceramica-a-memoria\/#mainImage","width":280,"height":280,"caption":"fabricar em cer\u00e2mica a mem\u00f3ria"},"primaryImageOfPage":{"@id":"https:\/\/www.encontrabomretiro.com.br\/sobre\/fabricar-em-ceramica-a-memoria\/#mainImage"},"datePublished":"2026-05-16T09:46:43-02:00","dateModified":"2026-05-16T09:46:43-02:00"},{"@type":"WebSite","@id":"https:\/\/www.encontrabomretiro.com.br\/sobre\/#website","url":"https:\/\/www.encontrabomretiro.com.br\/sobre\/","name":"Encontra Bom Retiro","description":"Not\u00edcias, eventos, informa\u00e7\u00f5es e dicas no bairro do Bom Retiro e regi\u00e3o.","inLanguage":"pt-BR","publisher":{"@id":"https:\/\/www.encontrabomretiro.com.br\/sobre\/#organization"}}]},"og:locale":"pt_BR","og:site_name":"Encontra Bom Retiro | Not\u00edcias, eventos, informa\u00e7\u00f5es e dicas no bairro do Bom Retiro e regi\u00e3o.","og:type":"article","og:title":"Fabricar em cer\u00e2mica a mem\u00f3ria | Encontra Bom Retiro","og:description":"Fabricar mem\u00f3rias em cer\u00e2mica traz \u00e0 tona novas narrativas e conex\u00f5es pessoais.","og:url":"https:\/\/www.encontrabomretiro.com.br\/sobre\/fabricar-em-ceramica-a-memoria\/","article:published_time":"2026-05-16T11:46:43+00:00","article:modified_time":"2026-05-16T11:46:43+00:00","twitter:card":"summary_large_image","twitter:title":"Fabricar em cer\u00e2mica a mem\u00f3ria | Encontra Bom Retiro","twitter:description":"Fabricar mem\u00f3rias em cer\u00e2mica traz \u00e0 tona novas narrativas e conex\u00f5es pessoais."},"aioseo_meta_data":{"post_id":"2815","title":null,"description":null,"keywords":null,"keyphrases":null,"primary_term":null,"canonical_url":null,"og_title":null,"og_description":null,"og_object_type":"default","og_image_type":"default","og_image_url":null,"og_image_width":null,"og_image_height":null,"og_image_custom_url":null,"og_image_custom_fields":null,"og_video":null,"og_custom_url":null,"og_article_section":null,"og_article_tags":null,"twitter_use_og":false,"twitter_card":"default","twitter_image_type":"default","twitter_image_url":null,"twitter_image_custom_url":null,"twitter_image_custom_fields":null,"twitter_title":null,"twitter_description":null,"schema":{"blockGraphs":[],"customGraphs":[],"default":{"data":{"Article":[],"Course":[],"Dataset":[],"FAQPage":[],"Movie":[],"Person":[],"Product":[],"ProductReview":[],"Car":[],"Recipe":[],"Service":[],"SoftwareApplication":[],"WebPage":[]},"graphName":"Article","isEnabled":true},"graphs":[]},"schema_type":"default","schema_type_options":null,"pillar_content":false,"robots_default":true,"robots_noindex":false,"robots_noarchive":false,"robots_nosnippet":false,"robots_nofollow":false,"robots_noimageindex":false,"robots_noodp":false,"robots_notranslate":false,"robots_max_snippet":null,"robots_max_videopreview":null,"robots_max_imagepreview":"large","priority":null,"frequency":null,"local_seo":null,"breadcrumb_settings":null,"limit_modified_date":false,"ai":null,"created":"2026-05-16 11:46:46","updated":"2026-05-16 12:04:33","focus_keyword":null,"additional_keywords":null,"truseo_locale":null,"seo_analyzer_scan_date":null},"aioseo_breadcrumb":"<div class=\"aioseo-breadcrumbs\"><span class=\"aioseo-breadcrumb\">\n\t\t\t<a href=\"https:\/\/www.encontrabomretiro.com.br\/sobre\" title=\"Dom\u00e9stica\">Dom\u00e9stica<\/a>\n\t\t<\/span><span class=\"aioseo-breadcrumb-separator\">&raquo;<\/span><span class=\"aioseo-breadcrumb\">\n\t\t\t<a href=\"https:\/\/www.encontrabomretiro.com.br\/sobre\/noticias-no-bom-retiro\/\" title=\"Not\u00edcias Bom Retiro\">Not\u00edcias Bom Retiro<\/a>\n\t\t<\/span><span class=\"aioseo-breadcrumb-separator\">&raquo;<\/span><span class=\"aioseo-breadcrumb\">\n\t\t\tFabricar em cer\u00e2mica a mem\u00f3ria\n\t\t<\/span><\/div>","aioseo_breadcrumb_json":[{"label":"Dom\u00e9stica","link":"https:\/\/www.encontrabomretiro.com.br\/sobre"},{"label":"Not\u00edcias Bom Retiro","link":"https:\/\/www.encontrabomretiro.com.br\/sobre\/noticias-no-bom-retiro\/"},{"label":"Fabricar em cer\u00e2mica a mem\u00f3ria","link":"https:\/\/www.encontrabomretiro.com.br\/sobre\/fabricar-em-ceramica-a-memoria\/"}],"_links":{"self":[{"href":"https:\/\/www.encontrabomretiro.com.br\/sobre\/wp-json\/wp\/v2\/posts\/2815","targetHints":{"allow":["GET"]}}],"collection":[{"href":"https:\/\/www.encontrabomretiro.com.br\/sobre\/wp-json\/wp\/v2\/posts"}],"about":[{"href":"https:\/\/www.encontrabomretiro.com.br\/sobre\/wp-json\/wp\/v2\/types\/post"}],"author":[{"embeddable":true,"href":"https:\/\/www.encontrabomretiro.com.br\/sobre\/wp-json\/wp\/v2\/users\/1"}],"replies":[{"embeddable":true,"href":"https:\/\/www.encontrabomretiro.com.br\/sobre\/wp-json\/wp\/v2\/comments?post=2815"}],"version-history":[{"count":0,"href":"https:\/\/www.encontrabomretiro.com.br\/sobre\/wp-json\/wp\/v2\/posts\/2815\/revisions"}],"wp:featuredmedia":[{"embeddable":true,"href":"https:\/\/www.encontrabomretiro.com.br\/sobre\/wp-json\/wp\/v2\/media\/2814"}],"wp:attachment":[{"href":"https:\/\/www.encontrabomretiro.com.br\/sobre\/wp-json\/wp\/v2\/media?parent=2815"}],"wp:term":[{"taxonomy":"category","embeddable":true,"href":"https:\/\/www.encontrabomretiro.com.br\/sobre\/wp-json\/wp\/v2\/categories?post=2815"},{"taxonomy":"post_tag","embeddable":true,"href":"https:\/\/www.encontrabomretiro.com.br\/sobre\/wp-json\/wp\/v2\/tags?post=2815"}],"curies":[{"name":"wp","href":"https:\/\/api.w.org\/{rel}","templated":true}]}}