{"id":2811,"date":"2026-05-14T09:21:18","date_gmt":"2026-05-14T11:21:18","guid":{"rendered":"https:\/\/www.encontrabomretiro.com.br\/sobre\/virada-cultural-2026-reune-16-atracoes-internacionais-em-shows-gratuitos-no-centro-da-cidade\/"},"modified":"2026-05-14T09:21:18","modified_gmt":"2026-05-14T11:21:18","slug":"virada-cultural-2026-reune-16-atracoes-internacionais-em-shows-gratuitos-no-centro-da-cidade","status":"publish","type":"post","link":"https:\/\/www.encontrabomretiro.com.br\/sobre\/virada-cultural-2026-reune-16-atracoes-internacionais-em-shows-gratuitos-no-centro-da-cidade\/","title":{"rendered":"Virada Cultural 2026 re\u00fane 16 atra\u00e7\u00f5es internacionais em shows gratuitos no Centro da cidade"},"content":{"rendered":"<div class=\"228b65ae207de3c5c501cfe75875708b\" data-index=\"1\" style=\"float: none; margin:0px;\">\n<!-- Anuncio display - global -->\r\n<ins class=\"adsbygoogle\"\r\n     style=\"display:block\"\r\n     data-ad-client=\"ca-pub-8585364105181520\"\r\n     data-ad-slot=\"8789329856\"\r\n     data-ad-format=\"auto\"\r\n     data-full-width-responsive=\"true\"><\/ins>\r\n<script>\r\n     (adsbygoogle = window.adsbygoogle || []).push({});\r\n<\/script>\n<\/div>\n<h2>O que esperar da Virada Cultural 2026<\/h2>\n<p>A Virada Cultural 2026 se estabelecer\u00e1 como um evento singular, promovendo a intera\u00e7\u00e3o cultural atrav\u00e9s de uma vasta programa\u00e7\u00e3o que incluir\u00e1 artistas de destaque de diferentes partes do mundo. Este festival, que ocorre na cidade de S\u00e3o Paulo, busca celebrar a diversidade art\u00edstica, permitindo que os paulistanos e visitantes tenham a oportunidade de vivenciar uma infinidade de manifesta\u00e7\u00f5es culturais em um \u00fanico fim de semana. Os dias 23 e 24 de maio prometem ser repletos de performances emocionantes e enriquecedoras.<\/p>\n<h2>Atra\u00e7\u00f5es da Europa e Am\u00e9rica Latina<\/h2>\n<p>O evento contar\u00e1 com uma variedade incompar\u00e1vel de artistas, incluindo representa\u00e7\u00f5es de pa\u00edses da Europa, \u00c1frica, Am\u00e9rica do Norte, \u00c1sia e Am\u00e9rica Latina. Essa riqueza cultural ser\u00e1 representada em palcos espalhados por \u00e1reas ic\u00f4nicas da capital, como Anhangaba\u00fa, Rep\u00fablica e Largo S\u00e3o Francisco. Participa\u00e7\u00f5es de m\u00fasica, dan\u00e7a e teatro de diferentes nacionalidades permitir\u00e3o ao p\u00fablico expandir suas perspectivas sobre as v\u00e1rias express\u00f5es art\u00edsticas contempor\u00e2neas.<\/p>\n<h2>Shows Imperd\u00edveis no Palco Anhangaba\u00fa<\/h2>\n<p>No cora\u00e7\u00e3o do festival, o Palco Anhangaba\u00fa ser\u00e1 um dos principais pontos de atra\u00e7\u00e3o. Entre as performances not\u00e1veis, destaca-se a apresenta\u00e7\u00e3o do cantor franco-espanhol Manu Chao, que deve abrir a programa\u00e7\u00e3o na madrugada de domingo (24), trazendo sua fus\u00e3o \u00fanica de ritmos e idiomas. Al\u00e9m dele, a Orchestre Poly-Rythmo de Cotonou, do Benin, apresentar\u00e1 sua mistura vibrante de tradi\u00e7\u00f5es musicais, enquanto a Western Standard Time Ska Orchestra, que far\u00e1 sua estreia no Brasil, promete agitar o p\u00fablico com seu som distinto.<\/p>\n<p><img decoding=\"async\" src=\"https:\/\/www.encontrabomretiro.com.br\/sobre\/wp-content\/uploads\/2026\/05\/virada-cultural-2026-reune-16-atracoes-internacionais-em-shows-gratuitos-no-centro-da-cidade.webp\" alt=\"Virada Cultural 2026\" loading=\"lazy\" \/><\/p>\n<h2>Experi\u00eancias na Pra\u00e7a da Rep\u00fablica<\/h2>\n<p>A Pra\u00e7a da Rep\u00fablica ser\u00e1 o ponto de encontro para os amantes da m\u00fasica ao longo do festival. A noite de s\u00e1bado (23) come\u00e7ar\u00e1 com o grupo brit\u00e2nico Jazz Sabbath, que trar\u00e1 sua interpreta\u00e7\u00e3o inovadora de cl\u00e1ssicos do jazz. No dia seguinte, os visitantes poder\u00e3o testemunhar performances do italiano Boris Savoldelli, que experimenta a voz como um instrumento e o espet\u00e1culo Mississippi Diva, prestando homenagem ao blues das mulheres do Delta. A diversidade presente nessas apresenta\u00e7\u00f5es \u00e9 um reflexo do esp\u00edrito colaborativo e inclusivo do evento.<\/p>\n<h2>Programa\u00e7\u00e3o na S\u00e9 e Largo S\u00e3o Francisco<\/h2>\n<p>Na S\u00e9, o grupo Semblanzas del R\u00edo Guapi dar\u00e1 vida \u00e0s sonoridades tradicionais da Col\u00f4mbia com suas m\u00fasicas que celebram a cultura afro-colombiana. No Largo S\u00e3o Francisco, a presen\u00e7a de M\u00e1rio L\u00facio, de Cabo Verde, trar\u00e1 uma rica conex\u00e3o com as ra\u00edzes africanas, abordando como a m\u00fasica daquele continente influencia as trilhas sonoras de outras culturas. O palco preparado nesta \u00e1rea garantir\u00e1 experi\u00eancias impostadas por um enredo cultural profundo e envolvente.<\/p>\n<h2>Atra\u00e7\u00f5es de diferentes culturas<\/h2>\n<p>Uma das metas da Virada Cultural \u00e9 a promo\u00e7\u00e3o da diversidade. Portanto, a variedade de atra\u00e7\u00f5es n\u00e3o se limita aos g\u00eaneros musicais, j\u00e1 que tamb\u00e9m contar\u00e1 com performances de dan\u00e7a, teatro e outras formas de arte que refletem as tradi\u00e7\u00f5es de diferentes pa\u00edses. A presen\u00e7a dessa pluralidade assegura que o evento seja n\u00e3o apenas um festival, mas tamb\u00e9m um interc\u00e2mbio cultural significativo, permitindo que todos os participantes aprendam e celebrem a riqueza das tradi\u00e7\u00f5es art\u00edsticas mundiais.<\/p>\n<h2>Artistas que v\u00e3o brilhar no evento<\/h2>\n<p>Dentre os artistas presentes, o jamaicano Earl Sixteen e o brit\u00e2nico Ras Kayleb trar\u00e3o suas performances ao p\u00fablico amante do reggae, celebrando a heran\u00e7a musical jamaicana e suas ramifica\u00e7\u00f5es culturais. Al\u00e9m destes, diferentes m\u00fasicos de pa\u00edses como Coreia do Sul e Jap\u00e3o tamb\u00e9m abrilhantar\u00e3o o evento, proporcionando uma verdadeira experi\u00eancia multicultural.<\/p>\n<h2>Hor\u00e1rios e locais das apresenta\u00e7\u00f5es<\/h2>\n<p>A programa\u00e7\u00e3o ser\u00e1 intensa e acontecer\u00e1 em v\u00e1rios locais durante o final de semana. Os shows est\u00e3o programados com hor\u00e1rios variados, come\u00e7ando no s\u00e1bado (23) \u00e0 noite e se estendendo at\u00e9 o domingo (24). O Cronograma detalhado permitir\u00e1 ao p\u00fablico criar sua pr\u00f3pria agenda, garantindo que ningu\u00e9m perca as apresenta\u00e7\u00f5es mais esperadas.<\/p>\n<h2>Import\u00e2ncia da Virada Cultural para S\u00e3o Paulo<\/h2>\n<p>A Virada Cultural n\u00e3o \u00e9 apenas um evento de entretenimento; \u00e9 um agente de transforma\u00e7\u00e3o social. Ao promover a cultura de forma acess\u00edvel, o festival se torna uma ferramenta poderosa de inclus\u00e3o e reflex\u00e3o, permitindo que as diversas vozes da sociedade sejam ouvidas e celebradas. A presen\u00e7a de artistas globais e locais cria um espa\u00e7o de di\u00e1logo e respeito, demonstrando que a cultura \u00e9 um canal de uni\u00e3o e conhecimento.<\/p>\n<h2>Como participar e aproveitar ao m\u00e1ximo<\/h2>\n<p>Para quem deseja aproveitar ao m\u00e1ximo a Virada Cultural 2026, \u00e9 essencial planejar a visita. Isso inclui a verifica\u00e7\u00e3o da grade de programa\u00e7\u00e3o e a sele\u00e7\u00e3o das atra\u00e7\u00f5es preferidas. Participantes tamb\u00e9m devem considerar a utiliza\u00e7\u00e3o do transporte p\u00fablico, j\u00e1 que as vias em torno dos eventos podem ser congestionadas. Aproveitar a diversidade de comida de rua e instala\u00e7\u00f5es culturais dentro do festival s\u00e3o outras dicas importantes para a melhor experi\u00eancia poss\u00edvel.<\/p>\n\n<div style=\"font-size: 0px; height: 0px; line-height: 0px; margin: 0; padding: 0; clear: both;\"><\/div>","protected":false},"excerpt":{"rendered":"<p>Virada Cultural 2026 traz experi\u00eancias culturais com shows gratuitos imperd\u00edveis!<\/p>\n","protected":false},"author":1,"featured_media":2810,"comment_status":"open","ping_status":"closed","sticky":false,"template":"","format":"standard","meta":{"footnotes":""},"categories":[6],"tags":[],"class_list":["post-2811","post","type-post","status-publish","format-standard","has-post-thumbnail","hentry","category-noticias-no-bom-retiro","has_thumb"],"aioseo_notices":[],"aioseo_head":"\n\t\t<!-- All in One SEO 5.0.0.1 - aioseo.com -->\n\t<meta name=\"description\" content=\"Virada Cultural 2026 traz experi\u00eancias culturais com shows gratuitos imperd\u00edveis!\" \/>\n\t<meta name=\"robots\" content=\"max-image-preview:large\" \/>\n\t<meta name=\"author\" content=\"Encontra Bom Retiro\"\/>\n\t<link rel=\"canonical\" href=\"https:\/\/www.encontrabomretiro.com.br\/sobre\/virada-cultural-2026-reune-16-atracoes-internacionais-em-shows-gratuitos-no-centro-da-cidade\/\" \/>\n\t<meta name=\"generator\" content=\"All in One SEO (AIOSEO) 5.0.0.1\" \/>\n\t\t<meta property=\"og:locale\" content=\"pt_BR\" \/>\n\t\t<meta property=\"og:site_name\" content=\"Encontra Bom Retiro | Not\u00edcias, eventos, informa\u00e7\u00f5es e dicas no bairro do Bom Retiro e regi\u00e3o.\" \/>\n\t\t<meta property=\"og:type\" content=\"article\" \/>\n\t\t<meta property=\"og:title\" content=\"Virada Cultural 2026 re\u00fane 16 atra\u00e7\u00f5es internacionais em shows gratuitos no Centro da cidade | Encontra Bom Retiro\" \/>\n\t\t<meta property=\"og:description\" content=\"Virada Cultural 2026 traz experi\u00eancias culturais com shows gratuitos imperd\u00edveis!\" \/>\n\t\t<meta property=\"og:url\" content=\"https:\/\/www.encontrabomretiro.com.br\/sobre\/virada-cultural-2026-reune-16-atracoes-internacionais-em-shows-gratuitos-no-centro-da-cidade\/\" \/>\n\t\t<meta property=\"article:published_time\" content=\"2026-05-14T11:21:18+00:00\" \/>\n\t\t<meta property=\"article:modified_time\" content=\"2026-05-14T11:21:18+00:00\" \/>\n\t\t<meta name=\"twitter:card\" content=\"summary_large_image\" \/>\n\t\t<meta name=\"twitter:title\" content=\"Virada Cultural 2026 re\u00fane 16 atra\u00e7\u00f5es internacionais em shows gratuitos no Centro da cidade | Encontra Bom Retiro\" \/>\n\t\t<meta name=\"twitter:description\" content=\"Virada Cultural 2026 traz experi\u00eancias culturais com shows gratuitos imperd\u00edveis!\" \/>\n\t\t<script type=\"application\/ld+json\" class=\"aioseo-schema\">\n\t\t\t{\"@context\":\"https:\\\/\\\/schema.org\",\"@graph\":[{\"@type\":\"Article\",\"@id\":\"https:\\\/\\\/www.encontrabomretiro.com.br\\\/sobre\\\/virada-cultural-2026-reune-16-atracoes-internacionais-em-shows-gratuitos-no-centro-da-cidade\\\/#article\",\"name\":\"Virada Cultural 2026 re\\u00fane 16 atra\\u00e7\\u00f5es internacionais em shows gratuitos no Centro da cidade | Encontra Bom Retiro\",\"headline\":\"Virada Cultural 2026 re\\u00fane 16 atra\\u00e7\\u00f5es internacionais em shows gratuitos no Centro da cidade\",\"author\":{\"@id\":\"https:\\\/\\\/www.encontrabomretiro.com.br\\\/sobre\\\/author\\\/ebomretiro\\\/#author\"},\"publisher\":{\"@id\":\"https:\\\/\\\/www.encontrabomretiro.com.br\\\/sobre\\\/#organization\"},\"image\":{\"@type\":\"ImageObject\",\"url\":\"https:\\\/\\\/www.encontrabomretiro.com.br\\\/sobre\\\/wp-content\\\/uploads\\\/2026\\\/05\\\/virada-cultural-2026-reune-16-atracoes-internacionais-em-shows-gratuitos-no-centro-da-cidade.webp\",\"width\":280,\"height\":280,\"caption\":\"Virada Cultural 2026\"},\"datePublished\":\"2026-05-14T09:21:18-02:00\",\"dateModified\":\"2026-05-14T09:21:18-02:00\",\"inLanguage\":\"pt-BR\",\"mainEntityOfPage\":{\"@id\":\"https:\\\/\\\/www.encontrabomretiro.com.br\\\/sobre\\\/virada-cultural-2026-reune-16-atracoes-internacionais-em-shows-gratuitos-no-centro-da-cidade\\\/#webpage\"},\"isPartOf\":{\"@id\":\"https:\\\/\\\/www.encontrabomretiro.com.br\\\/sobre\\\/virada-cultural-2026-reune-16-atracoes-internacionais-em-shows-gratuitos-no-centro-da-cidade\\\/#webpage\"},\"articleSection\":\"Not\\u00edcias Bom Retiro\"},{\"@type\":\"BreadcrumbList\",\"@id\":\"https:\\\/\\\/www.encontrabomretiro.com.br\\\/sobre\\\/virada-cultural-2026-reune-16-atracoes-internacionais-em-shows-gratuitos-no-centro-da-cidade\\\/#breadcrumblist\",\"itemListElement\":[{\"@type\":\"ListItem\",\"@id\":\"https:\\\/\\\/www.encontrabomretiro.com.br\\\/sobre#listItem\",\"position\":1,\"name\":\"Dom\\u00e9stica\",\"item\":\"https:\\\/\\\/www.encontrabomretiro.com.br\\\/sobre\",\"nextItem\":{\"@type\":\"ListItem\",\"@id\":\"https:\\\/\\\/www.encontrabomretiro.com.br\\\/sobre\\\/noticias-no-bom-retiro\\\/#listItem\",\"name\":\"Not\\u00edcias Bom Retiro\"}},{\"@type\":\"ListItem\",\"@id\":\"https:\\\/\\\/www.encontrabomretiro.com.br\\\/sobre\\\/noticias-no-bom-retiro\\\/#listItem\",\"position\":2,\"name\":\"Not\\u00edcias Bom Retiro\",\"item\":\"https:\\\/\\\/www.encontrabomretiro.com.br\\\/sobre\\\/noticias-no-bom-retiro\\\/\",\"nextItem\":{\"@type\":\"ListItem\",\"@id\":\"https:\\\/\\\/www.encontrabomretiro.com.br\\\/sobre\\\/virada-cultural-2026-reune-16-atracoes-internacionais-em-shows-gratuitos-no-centro-da-cidade\\\/#listItem\",\"name\":\"Virada Cultural 2026 re\\u00fane 16 atra\\u00e7\\u00f5es internacionais em shows gratuitos no Centro da cidade\"},\"previousItem\":{\"@type\":\"ListItem\",\"@id\":\"https:\\\/\\\/www.encontrabomretiro.com.br\\\/sobre#listItem\",\"name\":\"Dom\\u00e9stica\"}},{\"@type\":\"ListItem\",\"@id\":\"https:\\\/\\\/www.encontrabomretiro.com.br\\\/sobre\\\/virada-cultural-2026-reune-16-atracoes-internacionais-em-shows-gratuitos-no-centro-da-cidade\\\/#listItem\",\"position\":3,\"name\":\"Virada Cultural 2026 re\\u00fane 16 atra\\u00e7\\u00f5es internacionais em shows gratuitos no Centro da cidade\",\"previousItem\":{\"@type\":\"ListItem\",\"@id\":\"https:\\\/\\\/www.encontrabomretiro.com.br\\\/sobre\\\/noticias-no-bom-retiro\\\/#listItem\",\"name\":\"Not\\u00edcias Bom Retiro\"}}]},{\"@type\":\"Organization\",\"@id\":\"https:\\\/\\\/www.encontrabomretiro.com.br\\\/sobre\\\/#organization\",\"name\":\"Encontra Bom Retiro\",\"description\":\"Not\\u00edcias, eventos, informa\\u00e7\\u00f5es e dicas no bairro do Bom Retiro e regi\\u00e3o.\",\"url\":\"https:\\\/\\\/www.encontrabomretiro.com.br\\\/sobre\\\/\"},{\"@type\":\"Person\",\"@id\":\"https:\\\/\\\/www.encontrabomretiro.com.br\\\/sobre\\\/author\\\/ebomretiro\\\/#author\",\"url\":\"https:\\\/\\\/www.encontrabomretiro.com.br\\\/sobre\\\/author\\\/ebomretiro\\\/\",\"name\":\"Encontra Bom Retiro\",\"image\":{\"@type\":\"ImageObject\",\"@id\":\"https:\\\/\\\/www.encontrabomretiro.com.br\\\/sobre\\\/virada-cultural-2026-reune-16-atracoes-internacionais-em-shows-gratuitos-no-centro-da-cidade\\\/#authorImage\",\"url\":\"https:\\\/\\\/secure.gravatar.com\\\/avatar\\\/507340682b8270222e1f208e23198b6ae7e2c6a1033ae84e99bc6bce4f82a387?s=96&d=mm&r=g\",\"width\":96,\"height\":96,\"caption\":\"Encontra Bom Retiro\"}},{\"@type\":\"WebPage\",\"@id\":\"https:\\\/\\\/www.encontrabomretiro.com.br\\\/sobre\\\/virada-cultural-2026-reune-16-atracoes-internacionais-em-shows-gratuitos-no-centro-da-cidade\\\/#webpage\",\"url\":\"https:\\\/\\\/www.encontrabomretiro.com.br\\\/sobre\\\/virada-cultural-2026-reune-16-atracoes-internacionais-em-shows-gratuitos-no-centro-da-cidade\\\/\",\"name\":\"Virada Cultural 2026 re\\u00fane 16 atra\\u00e7\\u00f5es internacionais em shows gratuitos no Centro da cidade | Encontra Bom Retiro\",\"description\":\"Virada Cultural 2026 traz experi\\u00eancias culturais com shows gratuitos imperd\\u00edveis!\",\"inLanguage\":\"pt-BR\",\"isPartOf\":{\"@id\":\"https:\\\/\\\/www.encontrabomretiro.com.br\\\/sobre\\\/#website\"},\"breadcrumb\":{\"@id\":\"https:\\\/\\\/www.encontrabomretiro.com.br\\\/sobre\\\/virada-cultural-2026-reune-16-atracoes-internacionais-em-shows-gratuitos-no-centro-da-cidade\\\/#breadcrumblist\"},\"author\":{\"@id\":\"https:\\\/\\\/www.encontrabomretiro.com.br\\\/sobre\\\/author\\\/ebomretiro\\\/#author\"},\"creator\":{\"@id\":\"https:\\\/\\\/www.encontrabomretiro.com.br\\\/sobre\\\/author\\\/ebomretiro\\\/#author\"},\"image\":{\"@type\":\"ImageObject\",\"url\":\"https:\\\/\\\/www.encontrabomretiro.com.br\\\/sobre\\\/wp-content\\\/uploads\\\/2026\\\/05\\\/virada-cultural-2026-reune-16-atracoes-internacionais-em-shows-gratuitos-no-centro-da-cidade.webp\",\"@id\":\"https:\\\/\\\/www.encontrabomretiro.com.br\\\/sobre\\\/virada-cultural-2026-reune-16-atracoes-internacionais-em-shows-gratuitos-no-centro-da-cidade\\\/#mainImage\",\"width\":280,\"height\":280,\"caption\":\"Virada Cultural 2026\"},\"primaryImageOfPage\":{\"@id\":\"https:\\\/\\\/www.encontrabomretiro.com.br\\\/sobre\\\/virada-cultural-2026-reune-16-atracoes-internacionais-em-shows-gratuitos-no-centro-da-cidade\\\/#mainImage\"},\"datePublished\":\"2026-05-14T09:21:18-02:00\",\"dateModified\":\"2026-05-14T09:21:18-02:00\"},{\"@type\":\"WebSite\",\"@id\":\"https:\\\/\\\/www.encontrabomretiro.com.br\\\/sobre\\\/#website\",\"url\":\"https:\\\/\\\/www.encontrabomretiro.com.br\\\/sobre\\\/\",\"name\":\"Encontra Bom Retiro\",\"description\":\"Not\\u00edcias, eventos, informa\\u00e7\\u00f5es e dicas no bairro do Bom Retiro e regi\\u00e3o.\",\"inLanguage\":\"pt-BR\",\"publisher\":{\"@id\":\"https:\\\/\\\/www.encontrabomretiro.com.br\\\/sobre\\\/#organization\"}}]}\n\t\t<\/script>\n\t\t<!-- All in One SEO -->\n\n","aioseo_head_json":{"title":"Virada Cultural 2026 re\u00fane 16 atra\u00e7\u00f5es internacionais em shows gratuitos no Centro da cidade | Encontra Bom Retiro","description":"Virada Cultural 2026 traz experi\u00eancias culturais com shows gratuitos imperd\u00edveis!","canonical_url":"https:\/\/www.encontrabomretiro.com.br\/sobre\/virada-cultural-2026-reune-16-atracoes-internacionais-em-shows-gratuitos-no-centro-da-cidade\/","robots":"max-image-preview:large","keywords":"","webmasterTools":{"miscellaneous":""},"schema":{"@context":"https:\/\/schema.org","@graph":[{"@type":"Article","@id":"https:\/\/www.encontrabomretiro.com.br\/sobre\/virada-cultural-2026-reune-16-atracoes-internacionais-em-shows-gratuitos-no-centro-da-cidade\/#article","name":"Virada Cultural 2026 re\u00fane 16 atra\u00e7\u00f5es internacionais em shows gratuitos no Centro da cidade | Encontra Bom Retiro","headline":"Virada Cultural 2026 re\u00fane 16 atra\u00e7\u00f5es internacionais em shows gratuitos no Centro da cidade","author":{"@id":"https:\/\/www.encontrabomretiro.com.br\/sobre\/author\/ebomretiro\/#author"},"publisher":{"@id":"https:\/\/www.encontrabomretiro.com.br\/sobre\/#organization"},"image":{"@type":"ImageObject","url":"https:\/\/www.encontrabomretiro.com.br\/sobre\/wp-content\/uploads\/2026\/05\/virada-cultural-2026-reune-16-atracoes-internacionais-em-shows-gratuitos-no-centro-da-cidade.webp","width":280,"height":280,"caption":"Virada Cultural 2026"},"datePublished":"2026-05-14T09:21:18-02:00","dateModified":"2026-05-14T09:21:18-02:00","inLanguage":"pt-BR","mainEntityOfPage":{"@id":"https:\/\/www.encontrabomretiro.com.br\/sobre\/virada-cultural-2026-reune-16-atracoes-internacionais-em-shows-gratuitos-no-centro-da-cidade\/#webpage"},"isPartOf":{"@id":"https:\/\/www.encontrabomretiro.com.br\/sobre\/virada-cultural-2026-reune-16-atracoes-internacionais-em-shows-gratuitos-no-centro-da-cidade\/#webpage"},"articleSection":"Not\u00edcias Bom Retiro"},{"@type":"BreadcrumbList","@id":"https:\/\/www.encontrabomretiro.com.br\/sobre\/virada-cultural-2026-reune-16-atracoes-internacionais-em-shows-gratuitos-no-centro-da-cidade\/#breadcrumblist","itemListElement":[{"@type":"ListItem","@id":"https:\/\/www.encontrabomretiro.com.br\/sobre#listItem","position":1,"name":"Dom\u00e9stica","item":"https:\/\/www.encontrabomretiro.com.br\/sobre","nextItem":{"@type":"ListItem","@id":"https:\/\/www.encontrabomretiro.com.br\/sobre\/noticias-no-bom-retiro\/#listItem","name":"Not\u00edcias Bom Retiro"}},{"@type":"ListItem","@id":"https:\/\/www.encontrabomretiro.com.br\/sobre\/noticias-no-bom-retiro\/#listItem","position":2,"name":"Not\u00edcias Bom Retiro","item":"https:\/\/www.encontrabomretiro.com.br\/sobre\/noticias-no-bom-retiro\/","nextItem":{"@type":"ListItem","@id":"https:\/\/www.encontrabomretiro.com.br\/sobre\/virada-cultural-2026-reune-16-atracoes-internacionais-em-shows-gratuitos-no-centro-da-cidade\/#listItem","name":"Virada Cultural 2026 re\u00fane 16 atra\u00e7\u00f5es internacionais em shows gratuitos no Centro da cidade"},"previousItem":{"@type":"ListItem","@id":"https:\/\/www.encontrabomretiro.com.br\/sobre#listItem","name":"Dom\u00e9stica"}},{"@type":"ListItem","@id":"https:\/\/www.encontrabomretiro.com.br\/sobre\/virada-cultural-2026-reune-16-atracoes-internacionais-em-shows-gratuitos-no-centro-da-cidade\/#listItem","position":3,"name":"Virada Cultural 2026 re\u00fane 16 atra\u00e7\u00f5es internacionais em shows gratuitos no Centro da cidade","previousItem":{"@type":"ListItem","@id":"https:\/\/www.encontrabomretiro.com.br\/sobre\/noticias-no-bom-retiro\/#listItem","name":"Not\u00edcias Bom Retiro"}}]},{"@type":"Organization","@id":"https:\/\/www.encontrabomretiro.com.br\/sobre\/#organization","name":"Encontra Bom Retiro","description":"Not\u00edcias, eventos, informa\u00e7\u00f5es e dicas no bairro do Bom Retiro e regi\u00e3o.","url":"https:\/\/www.encontrabomretiro.com.br\/sobre\/"},{"@type":"Person","@id":"https:\/\/www.encontrabomretiro.com.br\/sobre\/author\/ebomretiro\/#author","url":"https:\/\/www.encontrabomretiro.com.br\/sobre\/author\/ebomretiro\/","name":"Encontra Bom Retiro","image":{"@type":"ImageObject","@id":"https:\/\/www.encontrabomretiro.com.br\/sobre\/virada-cultural-2026-reune-16-atracoes-internacionais-em-shows-gratuitos-no-centro-da-cidade\/#authorImage","url":"https:\/\/secure.gravatar.com\/avatar\/507340682b8270222e1f208e23198b6ae7e2c6a1033ae84e99bc6bce4f82a387?s=96&d=mm&r=g","width":96,"height":96,"caption":"Encontra Bom Retiro"}},{"@type":"WebPage","@id":"https:\/\/www.encontrabomretiro.com.br\/sobre\/virada-cultural-2026-reune-16-atracoes-internacionais-em-shows-gratuitos-no-centro-da-cidade\/#webpage","url":"https:\/\/www.encontrabomretiro.com.br\/sobre\/virada-cultural-2026-reune-16-atracoes-internacionais-em-shows-gratuitos-no-centro-da-cidade\/","name":"Virada Cultural 2026 re\u00fane 16 atra\u00e7\u00f5es internacionais em shows gratuitos no Centro da cidade | Encontra Bom Retiro","description":"Virada Cultural 2026 traz experi\u00eancias culturais com shows gratuitos imperd\u00edveis!","inLanguage":"pt-BR","isPartOf":{"@id":"https:\/\/www.encontrabomretiro.com.br\/sobre\/#website"},"breadcrumb":{"@id":"https:\/\/www.encontrabomretiro.com.br\/sobre\/virada-cultural-2026-reune-16-atracoes-internacionais-em-shows-gratuitos-no-centro-da-cidade\/#breadcrumblist"},"author":{"@id":"https:\/\/www.encontrabomretiro.com.br\/sobre\/author\/ebomretiro\/#author"},"creator":{"@id":"https:\/\/www.encontrabomretiro.com.br\/sobre\/author\/ebomretiro\/#author"},"image":{"@type":"ImageObject","url":"https:\/\/www.encontrabomretiro.com.br\/sobre\/wp-content\/uploads\/2026\/05\/virada-cultural-2026-reune-16-atracoes-internacionais-em-shows-gratuitos-no-centro-da-cidade.webp","@id":"https:\/\/www.encontrabomretiro.com.br\/sobre\/virada-cultural-2026-reune-16-atracoes-internacionais-em-shows-gratuitos-no-centro-da-cidade\/#mainImage","width":280,"height":280,"caption":"Virada Cultural 2026"},"primaryImageOfPage":{"@id":"https:\/\/www.encontrabomretiro.com.br\/sobre\/virada-cultural-2026-reune-16-atracoes-internacionais-em-shows-gratuitos-no-centro-da-cidade\/#mainImage"},"datePublished":"2026-05-14T09:21:18-02:00","dateModified":"2026-05-14T09:21:18-02:00"},{"@type":"WebSite","@id":"https:\/\/www.encontrabomretiro.com.br\/sobre\/#website","url":"https:\/\/www.encontrabomretiro.com.br\/sobre\/","name":"Encontra Bom Retiro","description":"Not\u00edcias, eventos, informa\u00e7\u00f5es e dicas no bairro do Bom Retiro e regi\u00e3o.","inLanguage":"pt-BR","publisher":{"@id":"https:\/\/www.encontrabomretiro.com.br\/sobre\/#organization"}}]},"og:locale":"pt_BR","og:site_name":"Encontra Bom Retiro | Not\u00edcias, eventos, informa\u00e7\u00f5es e dicas no bairro do Bom Retiro e regi\u00e3o.","og:type":"article","og:title":"Virada Cultural 2026 re\u00fane 16 atra\u00e7\u00f5es internacionais em shows gratuitos no Centro da cidade | Encontra Bom Retiro","og:description":"Virada Cultural 2026 traz experi\u00eancias culturais com shows gratuitos imperd\u00edveis!","og:url":"https:\/\/www.encontrabomretiro.com.br\/sobre\/virada-cultural-2026-reune-16-atracoes-internacionais-em-shows-gratuitos-no-centro-da-cidade\/","article:published_time":"2026-05-14T11:21:18+00:00","article:modified_time":"2026-05-14T11:21:18+00:00","twitter:card":"summary_large_image","twitter:title":"Virada Cultural 2026 re\u00fane 16 atra\u00e7\u00f5es internacionais em shows gratuitos no Centro da cidade | Encontra Bom Retiro","twitter:description":"Virada Cultural 2026 traz experi\u00eancias culturais com shows gratuitos imperd\u00edveis!"},"aioseo_meta_data":{"post_id":"2811","title":null,"description":null,"keywords":null,"keyphrases":null,"primary_term":null,"canonical_url":null,"og_title":null,"og_description":null,"og_object_type":"default","og_image_type":"default","og_image_url":null,"og_image_width":null,"og_image_height":null,"og_image_custom_url":null,"og_image_custom_fields":null,"og_video":null,"og_custom_url":null,"og_article_section":null,"og_article_tags":null,"twitter_use_og":false,"twitter_card":"default","twitter_image_type":"default","twitter_image_url":null,"twitter_image_custom_url":null,"twitter_image_custom_fields":null,"twitter_title":null,"twitter_description":null,"schema":{"blockGraphs":[],"customGraphs":[],"default":{"data":{"Article":[],"Course":[],"Dataset":[],"FAQPage":[],"Movie":[],"Person":[],"Product":[],"ProductReview":[],"Car":[],"Recipe":[],"Service":[],"SoftwareApplication":[],"WebPage":[]},"graphName":"Article","isEnabled":true},"graphs":[]},"schema_type":"default","schema_type_options":null,"pillar_content":false,"robots_default":true,"robots_noindex":false,"robots_noarchive":false,"robots_nosnippet":false,"robots_nofollow":false,"robots_noimageindex":false,"robots_noodp":false,"robots_notranslate":false,"robots_max_snippet":null,"robots_max_videopreview":null,"robots_max_imagepreview":"large","priority":null,"frequency":null,"local_seo":null,"breadcrumb_settings":null,"limit_modified_date":false,"ai":null,"created":"2026-05-14 11:21:22","updated":"2026-05-14 11:34:08","focus_keyword":null,"additional_keywords":null,"truseo_locale":null,"seo_analyzer_scan_date":null},"aioseo_breadcrumb":"<div class=\"aioseo-breadcrumbs\"><span class=\"aioseo-breadcrumb\">\n\t\t\t<a href=\"https:\/\/www.encontrabomretiro.com.br\/sobre\" title=\"Dom\u00e9stica\">Dom\u00e9stica<\/a>\n\t\t<\/span><span class=\"aioseo-breadcrumb-separator\">&raquo;<\/span><span class=\"aioseo-breadcrumb\">\n\t\t\t<a href=\"https:\/\/www.encontrabomretiro.com.br\/sobre\/noticias-no-bom-retiro\/\" title=\"Not\u00edcias Bom Retiro\">Not\u00edcias Bom Retiro<\/a>\n\t\t<\/span><span class=\"aioseo-breadcrumb-separator\">&raquo;<\/span><span class=\"aioseo-breadcrumb\">\n\t\t\tVirada Cultural 2026 re\u00fane 16 atra\u00e7\u00f5es internacionais em shows gratuitos no Centro da cidade\n\t\t<\/span><\/div>","aioseo_breadcrumb_json":[{"label":"Dom\u00e9stica","link":"https:\/\/www.encontrabomretiro.com.br\/sobre"},{"label":"Not\u00edcias Bom Retiro","link":"https:\/\/www.encontrabomretiro.com.br\/sobre\/noticias-no-bom-retiro\/"},{"label":"Virada Cultural 2026 re\u00fane 16 atra\u00e7\u00f5es internacionais em shows gratuitos no Centro da cidade","link":"https:\/\/www.encontrabomretiro.com.br\/sobre\/virada-cultural-2026-reune-16-atracoes-internacionais-em-shows-gratuitos-no-centro-da-cidade\/"}],"_links":{"self":[{"href":"https:\/\/www.encontrabomretiro.com.br\/sobre\/wp-json\/wp\/v2\/posts\/2811","targetHints":{"allow":["GET"]}}],"collection":[{"href":"https:\/\/www.encontrabomretiro.com.br\/sobre\/wp-json\/wp\/v2\/posts"}],"about":[{"href":"https:\/\/www.encontrabomretiro.com.br\/sobre\/wp-json\/wp\/v2\/types\/post"}],"author":[{"embeddable":true,"href":"https:\/\/www.encontrabomretiro.com.br\/sobre\/wp-json\/wp\/v2\/users\/1"}],"replies":[{"embeddable":true,"href":"https:\/\/www.encontrabomretiro.com.br\/sobre\/wp-json\/wp\/v2\/comments?post=2811"}],"version-history":[{"count":0,"href":"https:\/\/www.encontrabomretiro.com.br\/sobre\/wp-json\/wp\/v2\/posts\/2811\/revisions"}],"wp:featuredmedia":[{"embeddable":true,"href":"https:\/\/www.encontrabomretiro.com.br\/sobre\/wp-json\/wp\/v2\/media\/2810"}],"wp:attachment":[{"href":"https:\/\/www.encontrabomretiro.com.br\/sobre\/wp-json\/wp\/v2\/media?parent=2811"}],"wp:term":[{"taxonomy":"category","embeddable":true,"href":"https:\/\/www.encontrabomretiro.com.br\/sobre\/wp-json\/wp\/v2\/categories?post=2811"},{"taxonomy":"post_tag","embeddable":true,"href":"https:\/\/www.encontrabomretiro.com.br\/sobre\/wp-json\/wp\/v2\/tags?post=2811"}],"curies":[{"name":"wp","href":"https:\/\/api.w.org\/{rel}","templated":true}]}}