{"id":2796,"date":"2026-05-10T09:45:16","date_gmt":"2026-05-10T11:45:16","guid":{"rendered":"https:\/\/www.encontrabomretiro.com.br\/sobre\/virada-cultural-2026-confira-como-acessar-a-programacao-completa\/"},"modified":"2026-05-10T09:45:16","modified_gmt":"2026-05-10T11:45:16","slug":"virada-cultural-2026-confira-como-acessar-a-programacao-completa","status":"publish","type":"post","link":"https:\/\/www.encontrabomretiro.com.br\/sobre\/virada-cultural-2026-confira-como-acessar-a-programacao-completa\/","title":{"rendered":"Virada Cultural 2026: confira como acessar a programa\u00e7\u00e3o completa"},"content":{"rendered":"<div class=\"228b65ae207de3c5c501cfe75875708b\" data-index=\"1\" style=\"float: none; margin:0px;\">\n<!-- Anuncio display - global -->\r\n<ins class=\"adsbygoogle\"\r\n     style=\"display:block\"\r\n     data-ad-client=\"ca-pub-8585364105181520\"\r\n     data-ad-slot=\"8789329856\"\r\n     data-ad-format=\"auto\"\r\n     data-full-width-responsive=\"true\"><\/ins>\r\n<script>\r\n     (adsbygoogle = window.adsbygoogle || []).push({});\r\n<\/script>\n<\/div>\n<h2>Atua\u00e7\u00f5es Imperd\u00edveis na Virada Cultural 2026<\/h2>\n<p>A <strong>Virada Cultural 2026<\/strong> se destaca como um dos eventos mais aguardados do calend\u00e1rio cultural de S\u00e3o Paulo. Com uma programa\u00e7\u00e3o diversificada, o festival contar\u00e1 com performances de artistas renomados e novas revela\u00e7\u00f5es, prometendo agradar a todos os p\u00fablicos. Entre os nomes mais esperados est\u00e3o <strong>Seu Jorge<\/strong>, <strong>Manu Chao<\/strong> e <strong>Lu\u00edsa Sonza<\/strong>, bem como a presen\u00e7a de grupos de diferentes g\u00eaneros e estilos.<\/p>\n<p>A prepara\u00e7\u00e3o para o evento envolve 1200 apresenta\u00e7\u00f5es agendadas em 21 palcos espalhados pela cidade, permitindo que os visitantes desfrutem de uma experi\u00eancia rica em arte e cultura ao longo de 48 horas.<\/p>\n<h2>Como Acessar a Programa\u00e7\u00e3o Completa<\/h2>\n<p>Para os interessados em explorar toda a programa\u00e7\u00e3o do festival, \u00e9 essencial acessar o site oficial da <strong>Virada Cultural<\/strong>, onde o mapa de atra\u00e7\u00f5es estar\u00e1 dispon\u00edvel, permitindo a f\u00e1cil localiza\u00e7\u00e3o por dia e por palco. O site, <strong>viradasp.prefeitura.sp.gov.br<\/strong>, disponibiliza filtros para que os visitantes possam planejar sua experi\u00eancia de acordo com seus gostos e prefer\u00eancias.<\/p>\n<p><img decoding=\"async\" src=\"https:\/\/www.encontrabomretiro.com.br\/sobre\/wp-content\/uploads\/2026\/05\/virada-cultural-2026-confira-como-acessar-a-programacao-completa.webp\" alt=\"Virada Cultural 2026\" loading=\"lazy\" \/><\/p>\n<h2>Locais das Apresenta\u00e7\u00f5es e Palcos<\/h2>\n<p>O evento ser\u00e1 distribu\u00eddo geograficamente para abarcar as diversas regi\u00f5es da cidade. Haver\u00e1:<\/p>\n<ul>\n<li><strong>5 palcos no centro<\/strong>, onde os principais shows acontecer\u00e3o.<\/li>\n<li><strong>2 palcos na Zona Norte<\/strong> para atrair a audi\u00eancia local.<\/li>\n<li><strong>1 palco na Zona Oeste<\/strong> para oferecer mais op\u00e7\u00f5es de entretenimento.<\/li>\n<li><strong>7 palcos na Zona Sul<\/strong>, \u00e1rea conhecida por sua rica diversidade cultural.<\/li>\n<li><strong>6 palcos na Zona Leste<\/strong>, garantindo que todos os cantos da cidade sejam inclu\u00eddos.<\/li>\n<\/ul>\n<h2>Dicas para Aproveitar o Evento<\/h2>\n<p>Para desfrutar ao m\u00e1ximo da <strong>Virada Cultural 2026<\/strong>, aqui v\u00e3o algumas dicas:<\/p>\n<ul>\n<li><strong>Planeje sua rota:<\/strong> Com tantos shows e locais, \u00e9 essencial planejar com anteced\u00eancia quais artistas e palcos voc\u00ea gostaria de visitar.<\/li>\n<li><strong>Chegue cedo:<\/strong> Para garantir bons lugares, especialmente nos palcos mais concorridos, chegue cedo.<\/li>\n<li><strong>Fique atento aos hor\u00e1rios:<\/strong> Verifique os hor\u00e1rios de cada apresenta\u00e7\u00e3o para n\u00e3o perder as suas favoritas.<\/li>\n<li><strong>Use transporte p\u00fablico:<\/strong> A cidade pode ficar bastante movimentada, o transporte p\u00fablico ser\u00e1 uma alternativa pr\u00e1tica para se locomover.<\/li>\n<li><strong>Mantenha-se hidratado e bem alimentado:<\/strong> O evento durar\u00e1 muitas horas, portanto, n\u00e3o esque\u00e7a de se manter hidratado e fazer refei\u00e7\u00f5es equilibradas ao longo do dia.<\/li>\n<\/ul>\n<h2>Participa\u00e7\u00f5es Culturais e Art\u00edsticas<\/h2>\n<p>A Virada Cultural n\u00e3o se restringe apenas a shows. Institui\u00e7\u00f5es culturais de renome, como o <strong>Masp<\/strong>, oferecer\u00e3o entradas gratuitas durante o evento. O <strong>Theatro Municipal<\/strong> e o <strong>Museu da Imagem e do Som (MIS)<\/strong> tamb\u00e9m participar\u00e3o com programa\u00e7\u00e3o especial. Al\u00e9m disso, o <strong>Sesc<\/strong> abrir\u00e1 suas portas, promovendo diversas atividades e apresenta\u00e7\u00f5es.<\/p>\n<h2>Hor\u00e1rios dos Shows e Atra\u00e7\u00f5es<\/h2>\n<p>Os hor\u00e1rios dos shows e atra\u00e7\u00f5es ser\u00e3o fundamentais para o planejamento do p\u00fablico. O <strong>festival<\/strong> ocorrer\u00e1 nos dias <strong>23 e 24<\/strong>, e os hor\u00e1rios espec\u00edficos de cada apresenta\u00e7\u00e3o estar\u00e3o dispon\u00edveis no site oficial, permitindo assim que todos possam montar sua agenda personalizada.<\/p>\n<h2>Novidades e Estreias do Festival<\/h2>\n<p>Uma das grandes novidades deste ano \u00e9 a estreia do grupo de K-pop <strong>1VERSE<\/strong>, cujos integrantes possuem origens diversas, prometendo trazer um toque internacional ao evento. Esta \u00e9 uma excelente oportunidade para os f\u00e3s do g\u00eanero conhecerem novas propostas e vibrar com a energia t\u00edpica do K-pop.<\/p>\n<h2>Informa\u00e7\u00f5es sobre Acesso e Transporte<\/h2>\n<p>O acesso ao evento ser\u00e1 facilitado pelo transporte p\u00fablico, com v\u00e1rias linhas de \u00f4nibus e metr\u00f4 que servir\u00e3o as \u00e1reas dos palcos. \u00c9 inteligente considerar a aquisi\u00e7\u00e3o de bilhetes de transporte com anteced\u00eancia e verificar quais linhas estar\u00e3o operando durante o festival.<\/p>\n<h2>Hist\u00f3ria da Virada Cultural<\/h2>\n<p>A <strong>Virada Cultural<\/strong> foi criada em 2005 com o objetivo de democratizar o acesso \u00e0 cultura em S\u00e3o Paulo. Desde ent\u00e3o, o evento se transformou em um s\u00edmbolo do dinamismo cultural da cidade, atraindo milh\u00f5es de visitantes a cada edi\u00e7\u00e3o e oferecendo uma plataforma para artistas emergentes e consagrados.<\/p>\n<h2>Expectativas para a Edi\u00e7\u00e3o de 2026<\/h2>\n<p>A expectativa para a edi\u00e7\u00e3o de 2026 \u00e9 enorme, com grande diversidade art\u00edstica e uma integra\u00e7\u00e3o ainda mais profunda com as comunidades locais. O evento promete ser um marco na agenda cultural, refletindo a riqueza cultural da metr\u00f3pole, com um foco em promover a inclus\u00e3o e a descentraliza\u00e7\u00e3o das atividades culturais.<\/p>\n\n<div style=\"font-size: 0px; height: 0px; line-height: 0px; margin: 0; padding: 0; clear: both;\"><\/div>","protected":false},"excerpt":{"rendered":"<p>Programa\u00e7\u00e3o da Virada Cultural 2026 com os melhores artistas do Brasil!<\/p>\n","protected":false},"author":1,"featured_media":2795,"comment_status":"open","ping_status":"closed","sticky":false,"template":"","format":"standard","meta":{"footnotes":""},"categories":[6],"tags":[],"class_list":["post-2796","post","type-post","status-publish","format-standard","has-post-thumbnail","hentry","category-noticias-no-bom-retiro","has_thumb"],"aioseo_notices":[],"aioseo_head":"\n\t\t<!-- All in One SEO 5.0.0.1 - aioseo.com -->\n\t<meta name=\"description\" content=\"Programa\u00e7\u00e3o da Virada Cultural 2026 com os melhores artistas do Brasil!\" \/>\n\t<meta name=\"robots\" content=\"max-image-preview:large\" \/>\n\t<meta name=\"author\" content=\"Encontra Bom Retiro\"\/>\n\t<link rel=\"canonical\" href=\"https:\/\/www.encontrabomretiro.com.br\/sobre\/virada-cultural-2026-confira-como-acessar-a-programacao-completa\/\" \/>\n\t<meta name=\"generator\" content=\"All in One SEO (AIOSEO) 5.0.0.1\" \/>\n\t\t<meta property=\"og:locale\" content=\"pt_BR\" \/>\n\t\t<meta property=\"og:site_name\" content=\"Encontra Bom Retiro | Not\u00edcias, eventos, informa\u00e7\u00f5es e dicas no bairro do Bom Retiro e regi\u00e3o.\" \/>\n\t\t<meta property=\"og:type\" content=\"article\" \/>\n\t\t<meta property=\"og:title\" content=\"Virada Cultural 2026: confira como acessar a programa\u00e7\u00e3o completa | Encontra Bom Retiro\" \/>\n\t\t<meta property=\"og:description\" content=\"Programa\u00e7\u00e3o da Virada Cultural 2026 com os melhores artistas do Brasil!\" \/>\n\t\t<meta property=\"og:url\" content=\"https:\/\/www.encontrabomretiro.com.br\/sobre\/virada-cultural-2026-confira-como-acessar-a-programacao-completa\/\" \/>\n\t\t<meta property=\"article:published_time\" content=\"2026-05-10T11:45:16+00:00\" \/>\n\t\t<meta property=\"article:modified_time\" content=\"2026-05-10T11:45:16+00:00\" \/>\n\t\t<meta name=\"twitter:card\" content=\"summary_large_image\" \/>\n\t\t<meta name=\"twitter:title\" content=\"Virada Cultural 2026: confira como acessar a programa\u00e7\u00e3o completa | Encontra Bom Retiro\" \/>\n\t\t<meta name=\"twitter:description\" content=\"Programa\u00e7\u00e3o da Virada Cultural 2026 com os melhores artistas do Brasil!\" \/>\n\t\t<script type=\"application\/ld+json\" class=\"aioseo-schema\">\n\t\t\t{\"@context\":\"https:\\\/\\\/schema.org\",\"@graph\":[{\"@type\":\"Article\",\"@id\":\"https:\\\/\\\/www.encontrabomretiro.com.br\\\/sobre\\\/virada-cultural-2026-confira-como-acessar-a-programacao-completa\\\/#article\",\"name\":\"Virada Cultural 2026: confira como acessar a programa\\u00e7\\u00e3o completa | Encontra Bom Retiro\",\"headline\":\"Virada Cultural 2026: confira como acessar a programa\\u00e7\\u00e3o completa\",\"author\":{\"@id\":\"https:\\\/\\\/www.encontrabomretiro.com.br\\\/sobre\\\/author\\\/ebomretiro\\\/#author\"},\"publisher\":{\"@id\":\"https:\\\/\\\/www.encontrabomretiro.com.br\\\/sobre\\\/#organization\"},\"image\":{\"@type\":\"ImageObject\",\"url\":\"https:\\\/\\\/www.encontrabomretiro.com.br\\\/sobre\\\/wp-content\\\/uploads\\\/2026\\\/05\\\/virada-cultural-2026-confira-como-acessar-a-programacao-completa.webp\",\"width\":280,\"height\":280,\"caption\":\"Virada Cultural 2026\"},\"datePublished\":\"2026-05-10T09:45:16-02:00\",\"dateModified\":\"2026-05-10T09:45:16-02:00\",\"inLanguage\":\"pt-BR\",\"mainEntityOfPage\":{\"@id\":\"https:\\\/\\\/www.encontrabomretiro.com.br\\\/sobre\\\/virada-cultural-2026-confira-como-acessar-a-programacao-completa\\\/#webpage\"},\"isPartOf\":{\"@id\":\"https:\\\/\\\/www.encontrabomretiro.com.br\\\/sobre\\\/virada-cultural-2026-confira-como-acessar-a-programacao-completa\\\/#webpage\"},\"articleSection\":\"Not\\u00edcias Bom Retiro\"},{\"@type\":\"BreadcrumbList\",\"@id\":\"https:\\\/\\\/www.encontrabomretiro.com.br\\\/sobre\\\/virada-cultural-2026-confira-como-acessar-a-programacao-completa\\\/#breadcrumblist\",\"itemListElement\":[{\"@type\":\"ListItem\",\"@id\":\"https:\\\/\\\/www.encontrabomretiro.com.br\\\/sobre#listItem\",\"position\":1,\"name\":\"Dom\\u00e9stica\",\"item\":\"https:\\\/\\\/www.encontrabomretiro.com.br\\\/sobre\",\"nextItem\":{\"@type\":\"ListItem\",\"@id\":\"https:\\\/\\\/www.encontrabomretiro.com.br\\\/sobre\\\/noticias-no-bom-retiro\\\/#listItem\",\"name\":\"Not\\u00edcias Bom Retiro\"}},{\"@type\":\"ListItem\",\"@id\":\"https:\\\/\\\/www.encontrabomretiro.com.br\\\/sobre\\\/noticias-no-bom-retiro\\\/#listItem\",\"position\":2,\"name\":\"Not\\u00edcias Bom Retiro\",\"item\":\"https:\\\/\\\/www.encontrabomretiro.com.br\\\/sobre\\\/noticias-no-bom-retiro\\\/\",\"nextItem\":{\"@type\":\"ListItem\",\"@id\":\"https:\\\/\\\/www.encontrabomretiro.com.br\\\/sobre\\\/virada-cultural-2026-confira-como-acessar-a-programacao-completa\\\/#listItem\",\"name\":\"Virada Cultural 2026: confira como acessar a programa\\u00e7\\u00e3o completa\"},\"previousItem\":{\"@type\":\"ListItem\",\"@id\":\"https:\\\/\\\/www.encontrabomretiro.com.br\\\/sobre#listItem\",\"name\":\"Dom\\u00e9stica\"}},{\"@type\":\"ListItem\",\"@id\":\"https:\\\/\\\/www.encontrabomretiro.com.br\\\/sobre\\\/virada-cultural-2026-confira-como-acessar-a-programacao-completa\\\/#listItem\",\"position\":3,\"name\":\"Virada Cultural 2026: confira como acessar a programa\\u00e7\\u00e3o completa\",\"previousItem\":{\"@type\":\"ListItem\",\"@id\":\"https:\\\/\\\/www.encontrabomretiro.com.br\\\/sobre\\\/noticias-no-bom-retiro\\\/#listItem\",\"name\":\"Not\\u00edcias Bom Retiro\"}}]},{\"@type\":\"Organization\",\"@id\":\"https:\\\/\\\/www.encontrabomretiro.com.br\\\/sobre\\\/#organization\",\"name\":\"Encontra Bom Retiro\",\"description\":\"Not\\u00edcias, eventos, informa\\u00e7\\u00f5es e dicas no bairro do Bom Retiro e regi\\u00e3o.\",\"url\":\"https:\\\/\\\/www.encontrabomretiro.com.br\\\/sobre\\\/\"},{\"@type\":\"Person\",\"@id\":\"https:\\\/\\\/www.encontrabomretiro.com.br\\\/sobre\\\/author\\\/ebomretiro\\\/#author\",\"url\":\"https:\\\/\\\/www.encontrabomretiro.com.br\\\/sobre\\\/author\\\/ebomretiro\\\/\",\"name\":\"Encontra Bom Retiro\",\"image\":{\"@type\":\"ImageObject\",\"@id\":\"https:\\\/\\\/www.encontrabomretiro.com.br\\\/sobre\\\/virada-cultural-2026-confira-como-acessar-a-programacao-completa\\\/#authorImage\",\"url\":\"https:\\\/\\\/secure.gravatar.com\\\/avatar\\\/507340682b8270222e1f208e23198b6ae7e2c6a1033ae84e99bc6bce4f82a387?s=96&d=mm&r=g\",\"width\":96,\"height\":96,\"caption\":\"Encontra Bom Retiro\"}},{\"@type\":\"WebPage\",\"@id\":\"https:\\\/\\\/www.encontrabomretiro.com.br\\\/sobre\\\/virada-cultural-2026-confira-como-acessar-a-programacao-completa\\\/#webpage\",\"url\":\"https:\\\/\\\/www.encontrabomretiro.com.br\\\/sobre\\\/virada-cultural-2026-confira-como-acessar-a-programacao-completa\\\/\",\"name\":\"Virada Cultural 2026: confira como acessar a programa\\u00e7\\u00e3o completa | Encontra Bom Retiro\",\"description\":\"Programa\\u00e7\\u00e3o da Virada Cultural 2026 com os melhores artistas do Brasil!\",\"inLanguage\":\"pt-BR\",\"isPartOf\":{\"@id\":\"https:\\\/\\\/www.encontrabomretiro.com.br\\\/sobre\\\/#website\"},\"breadcrumb\":{\"@id\":\"https:\\\/\\\/www.encontrabomretiro.com.br\\\/sobre\\\/virada-cultural-2026-confira-como-acessar-a-programacao-completa\\\/#breadcrumblist\"},\"author\":{\"@id\":\"https:\\\/\\\/www.encontrabomretiro.com.br\\\/sobre\\\/author\\\/ebomretiro\\\/#author\"},\"creator\":{\"@id\":\"https:\\\/\\\/www.encontrabomretiro.com.br\\\/sobre\\\/author\\\/ebomretiro\\\/#author\"},\"image\":{\"@type\":\"ImageObject\",\"url\":\"https:\\\/\\\/www.encontrabomretiro.com.br\\\/sobre\\\/wp-content\\\/uploads\\\/2026\\\/05\\\/virada-cultural-2026-confira-como-acessar-a-programacao-completa.webp\",\"@id\":\"https:\\\/\\\/www.encontrabomretiro.com.br\\\/sobre\\\/virada-cultural-2026-confira-como-acessar-a-programacao-completa\\\/#mainImage\",\"width\":280,\"height\":280,\"caption\":\"Virada Cultural 2026\"},\"primaryImageOfPage\":{\"@id\":\"https:\\\/\\\/www.encontrabomretiro.com.br\\\/sobre\\\/virada-cultural-2026-confira-como-acessar-a-programacao-completa\\\/#mainImage\"},\"datePublished\":\"2026-05-10T09:45:16-02:00\",\"dateModified\":\"2026-05-10T09:45:16-02:00\"},{\"@type\":\"WebSite\",\"@id\":\"https:\\\/\\\/www.encontrabomretiro.com.br\\\/sobre\\\/#website\",\"url\":\"https:\\\/\\\/www.encontrabomretiro.com.br\\\/sobre\\\/\",\"name\":\"Encontra Bom Retiro\",\"description\":\"Not\\u00edcias, eventos, informa\\u00e7\\u00f5es e dicas no bairro do Bom Retiro e regi\\u00e3o.\",\"inLanguage\":\"pt-BR\",\"publisher\":{\"@id\":\"https:\\\/\\\/www.encontrabomretiro.com.br\\\/sobre\\\/#organization\"}}]}\n\t\t<\/script>\n\t\t<!-- All in One SEO -->\n\n","aioseo_head_json":{"title":"Virada Cultural 2026: confira como acessar a programa\u00e7\u00e3o completa | Encontra Bom Retiro","description":"Programa\u00e7\u00e3o da Virada Cultural 2026 com os melhores artistas do Brasil!","canonical_url":"https:\/\/www.encontrabomretiro.com.br\/sobre\/virada-cultural-2026-confira-como-acessar-a-programacao-completa\/","robots":"max-image-preview:large","keywords":"","webmasterTools":{"miscellaneous":""},"schema":{"@context":"https:\/\/schema.org","@graph":[{"@type":"Article","@id":"https:\/\/www.encontrabomretiro.com.br\/sobre\/virada-cultural-2026-confira-como-acessar-a-programacao-completa\/#article","name":"Virada Cultural 2026: confira como acessar a programa\u00e7\u00e3o completa | Encontra Bom Retiro","headline":"Virada Cultural 2026: confira como acessar a programa\u00e7\u00e3o completa","author":{"@id":"https:\/\/www.encontrabomretiro.com.br\/sobre\/author\/ebomretiro\/#author"},"publisher":{"@id":"https:\/\/www.encontrabomretiro.com.br\/sobre\/#organization"},"image":{"@type":"ImageObject","url":"https:\/\/www.encontrabomretiro.com.br\/sobre\/wp-content\/uploads\/2026\/05\/virada-cultural-2026-confira-como-acessar-a-programacao-completa.webp","width":280,"height":280,"caption":"Virada Cultural 2026"},"datePublished":"2026-05-10T09:45:16-02:00","dateModified":"2026-05-10T09:45:16-02:00","inLanguage":"pt-BR","mainEntityOfPage":{"@id":"https:\/\/www.encontrabomretiro.com.br\/sobre\/virada-cultural-2026-confira-como-acessar-a-programacao-completa\/#webpage"},"isPartOf":{"@id":"https:\/\/www.encontrabomretiro.com.br\/sobre\/virada-cultural-2026-confira-como-acessar-a-programacao-completa\/#webpage"},"articleSection":"Not\u00edcias Bom Retiro"},{"@type":"BreadcrumbList","@id":"https:\/\/www.encontrabomretiro.com.br\/sobre\/virada-cultural-2026-confira-como-acessar-a-programacao-completa\/#breadcrumblist","itemListElement":[{"@type":"ListItem","@id":"https:\/\/www.encontrabomretiro.com.br\/sobre#listItem","position":1,"name":"Dom\u00e9stica","item":"https:\/\/www.encontrabomretiro.com.br\/sobre","nextItem":{"@type":"ListItem","@id":"https:\/\/www.encontrabomretiro.com.br\/sobre\/noticias-no-bom-retiro\/#listItem","name":"Not\u00edcias Bom Retiro"}},{"@type":"ListItem","@id":"https:\/\/www.encontrabomretiro.com.br\/sobre\/noticias-no-bom-retiro\/#listItem","position":2,"name":"Not\u00edcias Bom Retiro","item":"https:\/\/www.encontrabomretiro.com.br\/sobre\/noticias-no-bom-retiro\/","nextItem":{"@type":"ListItem","@id":"https:\/\/www.encontrabomretiro.com.br\/sobre\/virada-cultural-2026-confira-como-acessar-a-programacao-completa\/#listItem","name":"Virada Cultural 2026: confira como acessar a programa\u00e7\u00e3o completa"},"previousItem":{"@type":"ListItem","@id":"https:\/\/www.encontrabomretiro.com.br\/sobre#listItem","name":"Dom\u00e9stica"}},{"@type":"ListItem","@id":"https:\/\/www.encontrabomretiro.com.br\/sobre\/virada-cultural-2026-confira-como-acessar-a-programacao-completa\/#listItem","position":3,"name":"Virada Cultural 2026: confira como acessar a programa\u00e7\u00e3o completa","previousItem":{"@type":"ListItem","@id":"https:\/\/www.encontrabomretiro.com.br\/sobre\/noticias-no-bom-retiro\/#listItem","name":"Not\u00edcias Bom Retiro"}}]},{"@type":"Organization","@id":"https:\/\/www.encontrabomretiro.com.br\/sobre\/#organization","name":"Encontra Bom Retiro","description":"Not\u00edcias, eventos, informa\u00e7\u00f5es e dicas no bairro do Bom Retiro e regi\u00e3o.","url":"https:\/\/www.encontrabomretiro.com.br\/sobre\/"},{"@type":"Person","@id":"https:\/\/www.encontrabomretiro.com.br\/sobre\/author\/ebomretiro\/#author","url":"https:\/\/www.encontrabomretiro.com.br\/sobre\/author\/ebomretiro\/","name":"Encontra Bom Retiro","image":{"@type":"ImageObject","@id":"https:\/\/www.encontrabomretiro.com.br\/sobre\/virada-cultural-2026-confira-como-acessar-a-programacao-completa\/#authorImage","url":"https:\/\/secure.gravatar.com\/avatar\/507340682b8270222e1f208e23198b6ae7e2c6a1033ae84e99bc6bce4f82a387?s=96&d=mm&r=g","width":96,"height":96,"caption":"Encontra Bom Retiro"}},{"@type":"WebPage","@id":"https:\/\/www.encontrabomretiro.com.br\/sobre\/virada-cultural-2026-confira-como-acessar-a-programacao-completa\/#webpage","url":"https:\/\/www.encontrabomretiro.com.br\/sobre\/virada-cultural-2026-confira-como-acessar-a-programacao-completa\/","name":"Virada Cultural 2026: confira como acessar a programa\u00e7\u00e3o completa | Encontra Bom Retiro","description":"Programa\u00e7\u00e3o da Virada Cultural 2026 com os melhores artistas do Brasil!","inLanguage":"pt-BR","isPartOf":{"@id":"https:\/\/www.encontrabomretiro.com.br\/sobre\/#website"},"breadcrumb":{"@id":"https:\/\/www.encontrabomretiro.com.br\/sobre\/virada-cultural-2026-confira-como-acessar-a-programacao-completa\/#breadcrumblist"},"author":{"@id":"https:\/\/www.encontrabomretiro.com.br\/sobre\/author\/ebomretiro\/#author"},"creator":{"@id":"https:\/\/www.encontrabomretiro.com.br\/sobre\/author\/ebomretiro\/#author"},"image":{"@type":"ImageObject","url":"https:\/\/www.encontrabomretiro.com.br\/sobre\/wp-content\/uploads\/2026\/05\/virada-cultural-2026-confira-como-acessar-a-programacao-completa.webp","@id":"https:\/\/www.encontrabomretiro.com.br\/sobre\/virada-cultural-2026-confira-como-acessar-a-programacao-completa\/#mainImage","width":280,"height":280,"caption":"Virada Cultural 2026"},"primaryImageOfPage":{"@id":"https:\/\/www.encontrabomretiro.com.br\/sobre\/virada-cultural-2026-confira-como-acessar-a-programacao-completa\/#mainImage"},"datePublished":"2026-05-10T09:45:16-02:00","dateModified":"2026-05-10T09:45:16-02:00"},{"@type":"WebSite","@id":"https:\/\/www.encontrabomretiro.com.br\/sobre\/#website","url":"https:\/\/www.encontrabomretiro.com.br\/sobre\/","name":"Encontra Bom Retiro","description":"Not\u00edcias, eventos, informa\u00e7\u00f5es e dicas no bairro do Bom Retiro e regi\u00e3o.","inLanguage":"pt-BR","publisher":{"@id":"https:\/\/www.encontrabomretiro.com.br\/sobre\/#organization"}}]},"og:locale":"pt_BR","og:site_name":"Encontra Bom Retiro | Not\u00edcias, eventos, informa\u00e7\u00f5es e dicas no bairro do Bom Retiro e regi\u00e3o.","og:type":"article","og:title":"Virada Cultural 2026: confira como acessar a programa\u00e7\u00e3o completa | Encontra Bom Retiro","og:description":"Programa\u00e7\u00e3o da Virada Cultural 2026 com os melhores artistas do Brasil!","og:url":"https:\/\/www.encontrabomretiro.com.br\/sobre\/virada-cultural-2026-confira-como-acessar-a-programacao-completa\/","article:published_time":"2026-05-10T11:45:16+00:00","article:modified_time":"2026-05-10T11:45:16+00:00","twitter:card":"summary_large_image","twitter:title":"Virada Cultural 2026: confira como acessar a programa\u00e7\u00e3o completa | Encontra Bom Retiro","twitter:description":"Programa\u00e7\u00e3o da Virada Cultural 2026 com os melhores artistas do Brasil!"},"aioseo_meta_data":{"post_id":"2796","title":null,"description":null,"keywords":null,"keyphrases":null,"primary_term":null,"canonical_url":null,"og_title":null,"og_description":null,"og_object_type":"default","og_image_type":"default","og_image_url":null,"og_image_width":null,"og_image_height":null,"og_image_custom_url":null,"og_image_custom_fields":null,"og_video":null,"og_custom_url":null,"og_article_section":null,"og_article_tags":null,"twitter_use_og":false,"twitter_card":"default","twitter_image_type":"default","twitter_image_url":null,"twitter_image_custom_url":null,"twitter_image_custom_fields":null,"twitter_title":null,"twitter_description":null,"schema":{"blockGraphs":[],"customGraphs":[],"default":{"data":{"Article":[],"Course":[],"Dataset":[],"FAQPage":[],"Movie":[],"Person":[],"Product":[],"ProductReview":[],"Car":[],"Recipe":[],"Service":[],"SoftwareApplication":[],"WebPage":[]},"graphName":"","isEnabled":true},"graphs":[]},"schema_type":"default","schema_type_options":null,"pillar_content":false,"robots_default":true,"robots_noindex":false,"robots_noarchive":false,"robots_nosnippet":false,"robots_nofollow":false,"robots_noimageindex":false,"robots_noodp":false,"robots_notranslate":false,"robots_max_snippet":null,"robots_max_videopreview":null,"robots_max_imagepreview":"large","priority":null,"frequency":null,"local_seo":null,"breadcrumb_settings":null,"limit_modified_date":false,"ai":null,"created":"2026-05-10 11:49:11","updated":"2026-05-10 11:55:11","focus_keyword":null,"additional_keywords":null,"truseo_locale":null,"seo_analyzer_scan_date":null},"aioseo_breadcrumb":"<div class=\"aioseo-breadcrumbs\"><span class=\"aioseo-breadcrumb\">\n\t\t\t<a href=\"https:\/\/www.encontrabomretiro.com.br\/sobre\" title=\"Dom\u00e9stica\">Dom\u00e9stica<\/a>\n\t\t<\/span><span class=\"aioseo-breadcrumb-separator\">&raquo;<\/span><span class=\"aioseo-breadcrumb\">\n\t\t\t<a href=\"https:\/\/www.encontrabomretiro.com.br\/sobre\/noticias-no-bom-retiro\/\" title=\"Not\u00edcias Bom Retiro\">Not\u00edcias Bom Retiro<\/a>\n\t\t<\/span><span class=\"aioseo-breadcrumb-separator\">&raquo;<\/span><span class=\"aioseo-breadcrumb\">\n\t\t\tVirada Cultural 2026: confira como acessar a programa\u00e7\u00e3o completa\n\t\t<\/span><\/div>","aioseo_breadcrumb_json":[{"label":"Dom\u00e9stica","link":"https:\/\/www.encontrabomretiro.com.br\/sobre"},{"label":"Not\u00edcias Bom Retiro","link":"https:\/\/www.encontrabomretiro.com.br\/sobre\/noticias-no-bom-retiro\/"},{"label":"Virada Cultural 2026: confira como acessar a programa\u00e7\u00e3o completa","link":"https:\/\/www.encontrabomretiro.com.br\/sobre\/virada-cultural-2026-confira-como-acessar-a-programacao-completa\/"}],"_links":{"self":[{"href":"https:\/\/www.encontrabomretiro.com.br\/sobre\/wp-json\/wp\/v2\/posts\/2796","targetHints":{"allow":["GET"]}}],"collection":[{"href":"https:\/\/www.encontrabomretiro.com.br\/sobre\/wp-json\/wp\/v2\/posts"}],"about":[{"href":"https:\/\/www.encontrabomretiro.com.br\/sobre\/wp-json\/wp\/v2\/types\/post"}],"author":[{"embeddable":true,"href":"https:\/\/www.encontrabomretiro.com.br\/sobre\/wp-json\/wp\/v2\/users\/1"}],"replies":[{"embeddable":true,"href":"https:\/\/www.encontrabomretiro.com.br\/sobre\/wp-json\/wp\/v2\/comments?post=2796"}],"version-history":[{"count":0,"href":"https:\/\/www.encontrabomretiro.com.br\/sobre\/wp-json\/wp\/v2\/posts\/2796\/revisions"}],"wp:featuredmedia":[{"embeddable":true,"href":"https:\/\/www.encontrabomretiro.com.br\/sobre\/wp-json\/wp\/v2\/media\/2795"}],"wp:attachment":[{"href":"https:\/\/www.encontrabomretiro.com.br\/sobre\/wp-json\/wp\/v2\/media?parent=2796"}],"wp:term":[{"taxonomy":"category","embeddable":true,"href":"https:\/\/www.encontrabomretiro.com.br\/sobre\/wp-json\/wp\/v2\/categories?post=2796"},{"taxonomy":"post_tag","embeddable":true,"href":"https:\/\/www.encontrabomretiro.com.br\/sobre\/wp-json\/wp\/v2\/tags?post=2796"}],"curies":[{"name":"wp","href":"https:\/\/api.w.org\/{rel}","templated":true}]}}