{"id":2790,"date":"2026-05-09T09:57:54","date_gmt":"2026-05-09T11:57:54","guid":{"rendered":"https:\/\/www.encontrabomretiro.com.br\/sobre\/virada-cultural-2026-recebe-o-primeiro-show-de-k\/"},"modified":"2026-05-09T09:57:54","modified_gmt":"2026-05-09T11:57:54","slug":"virada-cultural-2026-recebe-o-primeiro-show-de-k","status":"publish","type":"post","link":"https:\/\/www.encontrabomretiro.com.br\/sobre\/virada-cultural-2026-recebe-o-primeiro-show-de-k\/","title":{"rendered":"Virada Cultural 2026 recebe o primeiro show de K"},"content":{"rendered":"<div class=\"228b65ae207de3c5c501cfe75875708b\" data-index=\"1\" style=\"float: none; margin:0px;\">\n<!-- Anuncio display - global -->\r\n<ins class=\"adsbygoogle\"\r\n     style=\"display:block\"\r\n     data-ad-client=\"ca-pub-8585364105181520\"\r\n     data-ad-slot=\"8789329856\"\r\n     data-ad-format=\"auto\"\r\n     data-full-width-responsive=\"true\"><\/ins>\r\n<script>\r\n     (adsbygoogle = window.adsbygoogle || []).push({});\r\n<\/script>\n<\/div>\n<h2>O Que Esperar do Show do 1VERSE<\/h2>\n<p>O 1VERSE, grupo de K-pop multicultural, est\u00e1 prestes a se apresentar pela primeira vez no Brasil durante a <strong>Virada Cultural 2026<\/strong>. Este evento revolucion\u00e1rio, que acontece nos dias 23 e 24 de maio, promete oferecer performances emocionantes e gratuitas ao p\u00fablico. Para os f\u00e3s da banda e amantes do K-pop, essa ser\u00e1 uma oportunidade \u00fanica de ver seus \u00eddolos ao vivo.<\/p>\n<h2>A Trajet\u00f3ria do 1VERSE at\u00e9 a Virada Cultural<\/h2>\n<p>O grupo 1VERSE, formado pela gravadora <strong>Singing Beetle<\/strong>, \u00e9 composto por integrantes de diferentes nacionalidades: Seok (Coreano), Kenny e Nathan (norte-americanos) e Aito (japon\u00eas). Desde seu surgimento, eles t\u00eam se destacado por sua conex\u00e3o com os f\u00e3s e por sua m\u00fasica envolvente. Antes mesmo de estrear oficialmente, o grupo acumulou uma impressionante base de f\u00e3s com mais de 1 milh\u00e3o de seguidores online, ajudados por suas performances de covers populares e conte\u00fados aut\u00eanticos nas redes sociais. O caminho at\u00e9 a sua apresenta\u00e7\u00e3o na Virada Cultural ilustra a crescente aceita\u00e7\u00e3o e influ\u00eancia do K-pop ao redor do mundo.<\/p>\n<h2>Por Que o K-pop \u00e9 Um Fen\u00f4meno Global?<\/h2>\n<p>O sucesso do K-pop transcende as barreiras culturais, e sua popularidade \u00e9 um reflexo da Hallyu, ou a <strong>onda coreana<\/strong>, que vem promovendo a cultura sul-coreana globalmente. O g\u00eanero n\u00e3o \u00e9 apenas um estilo musical, mas uma forma de arte que envolve dan\u00e7a, moda e uma conex\u00e3o emocional com o p\u00fablico. Outros fatores para seu crescimento incluem:<\/p>\n<ul>\n<li><strong>Produ\u00e7\u00e3o de Alta Qualidade:<\/strong> As produ\u00e7\u00f5es de K-pop s\u00e3o bem elaboradas, desde a m\u00fasica at\u00e9 os videoclipes.<\/li>\n<li><strong>Treinamento Rigoroso:<\/strong> Os artistas passam por anos de treinamento intensivo, garantindo performances de alta qualidade.<\/li>\n<li><strong>Marketing Inovador:<\/strong> O uso de m\u00eddias sociais e plataformas digitais permite que grupos alcancem um p\u00fablico internacional de forma eficaz.<\/li>\n<li><strong>Interatividade com F\u00e3s:<\/strong> As intera\u00e7\u00f5es frequentes nas redes sociais criam um senso de comunidade e lealdade.<\/li>\n<\/ul>\n<p><img decoding=\"async\" src=\"https:\/\/www.encontrabomretiro.com.br\/sobre\/wp-content\/uploads\/2026\/05\/virada-cultural-2026-recebe-o-primeiro-show-de-k.webp\" alt=\"K-pop\" loading=\"lazy\" \/><\/p>\n<h2>A Amplia\u00e7\u00e3o da Diversidade na M\u00fasica Pop<\/h2>\n<p>O 1VERSE exemplifica a diversidade crescente no K-pop, envolvendo integrantes de diferentes origens. Este fen\u00f4meno \u00e9 uma extens\u00e3o do reconhecimento de que a m\u00fasica pode unir pessoas de variadas culturas. A inclusividade do 1VERSE n\u00e3o apenas amplia a audi\u00eancia, mas tamb\u00e9m promove a aceita\u00e7\u00e3o de diferentes identidades e hist\u00f3rias.<\/p>\n<h2>Como a Prefeitura de S\u00e3o Paulo Apoia a Cultura<\/h2>\n<p>A Prefeitura de S\u00e3o Paulo, atrav\u00e9s da <strong>Secretaria Municipal de Cultura e Economia Criativa<\/strong>, tem se empenhado em promover eventos que celebram diversas culturas. Ao trazer o K-pop para a Virada Cultural, a cidade solidifica seu compromisso em valorizar a diversidade cultural e estimular o interc\u00e2mbio art\u00edstico. Al\u00e9m disso, a Virada Cultural 2026 traz uma proposta tem\u00e1tica de &#8220;O Festival dos Festivais&#8221;, refor\u00e7ando a import\u00e2ncia de eventos que celebram a arte e a m\u00fasica em todas as suas formas.<\/p>\n<h2>A Import\u00e2ncia da Hallyu para o Brasil<\/h2>\n<p>A Hallyu tem mostrado seu impacto no Brasil, onde a popula\u00e7\u00e3o se tornou cada vez mais receptiva \u00e0 cultura sul-coreana. O K-pop, especificamente, ganhou um p\u00fablico fiel entre jovens brasileiros que se envolvem ativamente com a m\u00fasica e a dan\u00e7a. O fen\u00f4meno \u00e9 vis\u00edvel n\u00e3o apenas nas tend\u00eancias de moda e comportamento, mas tamb\u00e9m nas plataformas de streaming, onde a m\u00fasica coreana atinge altos n\u00fameros de visualiza\u00e7\u00f5es e downloads.<\/p>\n<h2>O Impacto do 1VERSE na Comunidade de F\u00e3s<\/h2>\n<p>Os f\u00e3s do 1VERSE t\u00eam desempenhado um papel crucial em seu sucesso, especialmente no Brasil, onde 30% da base de f\u00e3s na Am\u00e9rica Latina \u00e9 composta por brasileiros. O apoio ativo nas redes sociais ajudou a consolidar sua presen\u00e7a no cen\u00e1rio musical. Para os integrantes, cada intera\u00e7\u00e3o com seus f\u00e3s \u00e9 significativa, fortalecendo a rela\u00e7\u00e3o entre artista e p\u00fablico e criando um ambiente de apoio m\u00fatuo.<\/p>\n<h2>O Papel do Centro Cultural Coreano no Evento<\/h2>\n<p>O <strong>Centro Cultural Coreano no Brasil (CCCB)<\/strong> \u00e9 um parceiro fundamental na organiza\u00e7\u00e3o do evento, agindo como um elo entre os artistas e o p\u00fablico brasileiro. Com uma vasta programa\u00e7\u00e3o cultural, o CCCB tamb\u00e9m promove workshops, exibindo mais da cultura coreana. O centro, ao facilitar eventos como a apresenta\u00e7\u00e3o do 1VERSE, ajuda a aumentar o interesse e a compreens\u00e3o da cultura sul-coreana.<\/p>\n<h2>Preparativos para os Shows na Pra\u00e7a Coronel Fernando Prestes<\/h2>\n<p>Os shows do 1VERSE est\u00e3o programados para ocorrer na <strong>Pra\u00e7a Coronel Fernando Prestes<\/strong>, local que promete ser um verdadeiro ponto de encontro entre diferentes culturas. A estrutura do evento est\u00e1 sendo pensada cuidadosamente para acolher um grande n\u00famero de espectadores, garantindo uma experi\u00eancia inesquec\u00edvel para todos os presentes.<\/p>\n<h2>Expectativas para o Futuro do K-pop no Brasil<\/h2>\n<p>Com o crescente entusiasmo em torno do K-pop no Brasil, espera-se que esses shows abram portas para mais performances internacionais no futuro. O interesse genu\u00edno do p\u00fablico brasileiro por K-pop sugere que a cena musical continuar\u00e1 a evoluir e se expandir. O 1VERSE, com sua estreia, pode se tornar um s\u00edmbolo da interculturalidade na m\u00fasica pop.<\/p>\n\n<div style=\"font-size: 0px; height: 0px; line-height: 0px; margin: 0; padding: 0; clear: both;\"><\/div>","protected":false},"excerpt":{"rendered":"<p>Virada Cultural 2026 apresenta o primeiro show de K-pop com o 1VERSE em S\u00e3o Paulo.<\/p>\n","protected":false},"author":1,"featured_media":2789,"comment_status":"open","ping_status":"closed","sticky":false,"template":"","format":"standard","meta":{"footnotes":""},"categories":[6],"tags":[],"class_list":["post-2790","post","type-post","status-publish","format-standard","has-post-thumbnail","hentry","category-noticias-no-bom-retiro","has_thumb"],"aioseo_notices":[],"aioseo_head":"\n\t\t<!-- All in One SEO 5.0.0.1 - aioseo.com -->\n\t<meta name=\"description\" content=\"Virada Cultural 2026 apresenta o primeiro show de K-pop com o 1VERSE em S\u00e3o Paulo.\" \/>\n\t<meta name=\"robots\" content=\"max-image-preview:large\" \/>\n\t<meta name=\"author\" content=\"Encontra Bom Retiro\"\/>\n\t<link rel=\"canonical\" href=\"https:\/\/www.encontrabomretiro.com.br\/sobre\/virada-cultural-2026-recebe-o-primeiro-show-de-k\/\" \/>\n\t<meta name=\"generator\" content=\"All in One SEO (AIOSEO) 5.0.0.1\" \/>\n\t\t<meta property=\"og:locale\" content=\"pt_BR\" \/>\n\t\t<meta property=\"og:site_name\" content=\"Encontra Bom Retiro | Not\u00edcias, eventos, informa\u00e7\u00f5es e dicas no bairro do Bom Retiro e regi\u00e3o.\" \/>\n\t\t<meta property=\"og:type\" content=\"article\" \/>\n\t\t<meta property=\"og:title\" content=\"Virada Cultural 2026 recebe o primeiro show de K | Encontra Bom Retiro\" \/>\n\t\t<meta property=\"og:description\" content=\"Virada Cultural 2026 apresenta o primeiro show de K-pop com o 1VERSE em S\u00e3o Paulo.\" \/>\n\t\t<meta property=\"og:url\" content=\"https:\/\/www.encontrabomretiro.com.br\/sobre\/virada-cultural-2026-recebe-o-primeiro-show-de-k\/\" \/>\n\t\t<meta property=\"article:published_time\" content=\"2026-05-09T11:57:54+00:00\" \/>\n\t\t<meta property=\"article:modified_time\" content=\"2026-05-09T11:57:54+00:00\" \/>\n\t\t<meta name=\"twitter:card\" content=\"summary_large_image\" \/>\n\t\t<meta name=\"twitter:title\" content=\"Virada Cultural 2026 recebe o primeiro show de K | Encontra Bom Retiro\" \/>\n\t\t<meta name=\"twitter:description\" content=\"Virada Cultural 2026 apresenta o primeiro show de K-pop com o 1VERSE em S\u00e3o Paulo.\" \/>\n\t\t<script type=\"application\/ld+json\" class=\"aioseo-schema\">\n\t\t\t{\"@context\":\"https:\\\/\\\/schema.org\",\"@graph\":[{\"@type\":\"Article\",\"@id\":\"https:\\\/\\\/www.encontrabomretiro.com.br\\\/sobre\\\/virada-cultural-2026-recebe-o-primeiro-show-de-k\\\/#article\",\"name\":\"Virada Cultural 2026 recebe o primeiro show de K | Encontra Bom Retiro\",\"headline\":\"Virada Cultural 2026 recebe o primeiro show de K\",\"author\":{\"@id\":\"https:\\\/\\\/www.encontrabomretiro.com.br\\\/sobre\\\/author\\\/ebomretiro\\\/#author\"},\"publisher\":{\"@id\":\"https:\\\/\\\/www.encontrabomretiro.com.br\\\/sobre\\\/#organization\"},\"image\":{\"@type\":\"ImageObject\",\"url\":\"https:\\\/\\\/www.encontrabomretiro.com.br\\\/sobre\\\/wp-content\\\/uploads\\\/2026\\\/05\\\/virada-cultural-2026-recebe-o-primeiro-show-de-k.webp\",\"width\":280,\"height\":280,\"caption\":\"K-pop\"},\"datePublished\":\"2026-05-09T09:57:54-02:00\",\"dateModified\":\"2026-05-09T09:57:54-02:00\",\"inLanguage\":\"pt-BR\",\"mainEntityOfPage\":{\"@id\":\"https:\\\/\\\/www.encontrabomretiro.com.br\\\/sobre\\\/virada-cultural-2026-recebe-o-primeiro-show-de-k\\\/#webpage\"},\"isPartOf\":{\"@id\":\"https:\\\/\\\/www.encontrabomretiro.com.br\\\/sobre\\\/virada-cultural-2026-recebe-o-primeiro-show-de-k\\\/#webpage\"},\"articleSection\":\"Not\\u00edcias Bom Retiro\"},{\"@type\":\"BreadcrumbList\",\"@id\":\"https:\\\/\\\/www.encontrabomretiro.com.br\\\/sobre\\\/virada-cultural-2026-recebe-o-primeiro-show-de-k\\\/#breadcrumblist\",\"itemListElement\":[{\"@type\":\"ListItem\",\"@id\":\"https:\\\/\\\/www.encontrabomretiro.com.br\\\/sobre#listItem\",\"position\":1,\"name\":\"Dom\\u00e9stica\",\"item\":\"https:\\\/\\\/www.encontrabomretiro.com.br\\\/sobre\",\"nextItem\":{\"@type\":\"ListItem\",\"@id\":\"https:\\\/\\\/www.encontrabomretiro.com.br\\\/sobre\\\/noticias-no-bom-retiro\\\/#listItem\",\"name\":\"Not\\u00edcias Bom Retiro\"}},{\"@type\":\"ListItem\",\"@id\":\"https:\\\/\\\/www.encontrabomretiro.com.br\\\/sobre\\\/noticias-no-bom-retiro\\\/#listItem\",\"position\":2,\"name\":\"Not\\u00edcias Bom Retiro\",\"item\":\"https:\\\/\\\/www.encontrabomretiro.com.br\\\/sobre\\\/noticias-no-bom-retiro\\\/\",\"nextItem\":{\"@type\":\"ListItem\",\"@id\":\"https:\\\/\\\/www.encontrabomretiro.com.br\\\/sobre\\\/virada-cultural-2026-recebe-o-primeiro-show-de-k\\\/#listItem\",\"name\":\"Virada Cultural 2026 recebe o primeiro show de K\"},\"previousItem\":{\"@type\":\"ListItem\",\"@id\":\"https:\\\/\\\/www.encontrabomretiro.com.br\\\/sobre#listItem\",\"name\":\"Dom\\u00e9stica\"}},{\"@type\":\"ListItem\",\"@id\":\"https:\\\/\\\/www.encontrabomretiro.com.br\\\/sobre\\\/virada-cultural-2026-recebe-o-primeiro-show-de-k\\\/#listItem\",\"position\":3,\"name\":\"Virada Cultural 2026 recebe o primeiro show de K\",\"previousItem\":{\"@type\":\"ListItem\",\"@id\":\"https:\\\/\\\/www.encontrabomretiro.com.br\\\/sobre\\\/noticias-no-bom-retiro\\\/#listItem\",\"name\":\"Not\\u00edcias Bom Retiro\"}}]},{\"@type\":\"Organization\",\"@id\":\"https:\\\/\\\/www.encontrabomretiro.com.br\\\/sobre\\\/#organization\",\"name\":\"Encontra Bom Retiro\",\"description\":\"Not\\u00edcias, eventos, informa\\u00e7\\u00f5es e dicas no bairro do Bom Retiro e regi\\u00e3o.\",\"url\":\"https:\\\/\\\/www.encontrabomretiro.com.br\\\/sobre\\\/\"},{\"@type\":\"Person\",\"@id\":\"https:\\\/\\\/www.encontrabomretiro.com.br\\\/sobre\\\/author\\\/ebomretiro\\\/#author\",\"url\":\"https:\\\/\\\/www.encontrabomretiro.com.br\\\/sobre\\\/author\\\/ebomretiro\\\/\",\"name\":\"Encontra Bom Retiro\",\"image\":{\"@type\":\"ImageObject\",\"@id\":\"https:\\\/\\\/www.encontrabomretiro.com.br\\\/sobre\\\/virada-cultural-2026-recebe-o-primeiro-show-de-k\\\/#authorImage\",\"url\":\"https:\\\/\\\/secure.gravatar.com\\\/avatar\\\/507340682b8270222e1f208e23198b6ae7e2c6a1033ae84e99bc6bce4f82a387?s=96&d=mm&r=g\",\"width\":96,\"height\":96,\"caption\":\"Encontra Bom Retiro\"}},{\"@type\":\"WebPage\",\"@id\":\"https:\\\/\\\/www.encontrabomretiro.com.br\\\/sobre\\\/virada-cultural-2026-recebe-o-primeiro-show-de-k\\\/#webpage\",\"url\":\"https:\\\/\\\/www.encontrabomretiro.com.br\\\/sobre\\\/virada-cultural-2026-recebe-o-primeiro-show-de-k\\\/\",\"name\":\"Virada Cultural 2026 recebe o primeiro show de K | Encontra Bom Retiro\",\"description\":\"Virada Cultural 2026 apresenta o primeiro show de K-pop com o 1VERSE em S\\u00e3o Paulo.\",\"inLanguage\":\"pt-BR\",\"isPartOf\":{\"@id\":\"https:\\\/\\\/www.encontrabomretiro.com.br\\\/sobre\\\/#website\"},\"breadcrumb\":{\"@id\":\"https:\\\/\\\/www.encontrabomretiro.com.br\\\/sobre\\\/virada-cultural-2026-recebe-o-primeiro-show-de-k\\\/#breadcrumblist\"},\"author\":{\"@id\":\"https:\\\/\\\/www.encontrabomretiro.com.br\\\/sobre\\\/author\\\/ebomretiro\\\/#author\"},\"creator\":{\"@id\":\"https:\\\/\\\/www.encontrabomretiro.com.br\\\/sobre\\\/author\\\/ebomretiro\\\/#author\"},\"image\":{\"@type\":\"ImageObject\",\"url\":\"https:\\\/\\\/www.encontrabomretiro.com.br\\\/sobre\\\/wp-content\\\/uploads\\\/2026\\\/05\\\/virada-cultural-2026-recebe-o-primeiro-show-de-k.webp\",\"@id\":\"https:\\\/\\\/www.encontrabomretiro.com.br\\\/sobre\\\/virada-cultural-2026-recebe-o-primeiro-show-de-k\\\/#mainImage\",\"width\":280,\"height\":280,\"caption\":\"K-pop\"},\"primaryImageOfPage\":{\"@id\":\"https:\\\/\\\/www.encontrabomretiro.com.br\\\/sobre\\\/virada-cultural-2026-recebe-o-primeiro-show-de-k\\\/#mainImage\"},\"datePublished\":\"2026-05-09T09:57:54-02:00\",\"dateModified\":\"2026-05-09T09:57:54-02:00\"},{\"@type\":\"WebSite\",\"@id\":\"https:\\\/\\\/www.encontrabomretiro.com.br\\\/sobre\\\/#website\",\"url\":\"https:\\\/\\\/www.encontrabomretiro.com.br\\\/sobre\\\/\",\"name\":\"Encontra Bom Retiro\",\"description\":\"Not\\u00edcias, eventos, informa\\u00e7\\u00f5es e dicas no bairro do Bom Retiro e regi\\u00e3o.\",\"inLanguage\":\"pt-BR\",\"publisher\":{\"@id\":\"https:\\\/\\\/www.encontrabomretiro.com.br\\\/sobre\\\/#organization\"}}]}\n\t\t<\/script>\n\t\t<!-- All in One SEO -->\n\n","aioseo_head_json":{"title":"Virada Cultural 2026 recebe o primeiro show de K | Encontra Bom Retiro","description":"Virada Cultural 2026 apresenta o primeiro show de K-pop com o 1VERSE em S\u00e3o Paulo.","canonical_url":"https:\/\/www.encontrabomretiro.com.br\/sobre\/virada-cultural-2026-recebe-o-primeiro-show-de-k\/","robots":"max-image-preview:large","keywords":"","webmasterTools":{"miscellaneous":""},"schema":{"@context":"https:\/\/schema.org","@graph":[{"@type":"Article","@id":"https:\/\/www.encontrabomretiro.com.br\/sobre\/virada-cultural-2026-recebe-o-primeiro-show-de-k\/#article","name":"Virada Cultural 2026 recebe o primeiro show de K | Encontra Bom Retiro","headline":"Virada Cultural 2026 recebe o primeiro show de K","author":{"@id":"https:\/\/www.encontrabomretiro.com.br\/sobre\/author\/ebomretiro\/#author"},"publisher":{"@id":"https:\/\/www.encontrabomretiro.com.br\/sobre\/#organization"},"image":{"@type":"ImageObject","url":"https:\/\/www.encontrabomretiro.com.br\/sobre\/wp-content\/uploads\/2026\/05\/virada-cultural-2026-recebe-o-primeiro-show-de-k.webp","width":280,"height":280,"caption":"K-pop"},"datePublished":"2026-05-09T09:57:54-02:00","dateModified":"2026-05-09T09:57:54-02:00","inLanguage":"pt-BR","mainEntityOfPage":{"@id":"https:\/\/www.encontrabomretiro.com.br\/sobre\/virada-cultural-2026-recebe-o-primeiro-show-de-k\/#webpage"},"isPartOf":{"@id":"https:\/\/www.encontrabomretiro.com.br\/sobre\/virada-cultural-2026-recebe-o-primeiro-show-de-k\/#webpage"},"articleSection":"Not\u00edcias Bom Retiro"},{"@type":"BreadcrumbList","@id":"https:\/\/www.encontrabomretiro.com.br\/sobre\/virada-cultural-2026-recebe-o-primeiro-show-de-k\/#breadcrumblist","itemListElement":[{"@type":"ListItem","@id":"https:\/\/www.encontrabomretiro.com.br\/sobre#listItem","position":1,"name":"Dom\u00e9stica","item":"https:\/\/www.encontrabomretiro.com.br\/sobre","nextItem":{"@type":"ListItem","@id":"https:\/\/www.encontrabomretiro.com.br\/sobre\/noticias-no-bom-retiro\/#listItem","name":"Not\u00edcias Bom Retiro"}},{"@type":"ListItem","@id":"https:\/\/www.encontrabomretiro.com.br\/sobre\/noticias-no-bom-retiro\/#listItem","position":2,"name":"Not\u00edcias Bom Retiro","item":"https:\/\/www.encontrabomretiro.com.br\/sobre\/noticias-no-bom-retiro\/","nextItem":{"@type":"ListItem","@id":"https:\/\/www.encontrabomretiro.com.br\/sobre\/virada-cultural-2026-recebe-o-primeiro-show-de-k\/#listItem","name":"Virada Cultural 2026 recebe o primeiro show de K"},"previousItem":{"@type":"ListItem","@id":"https:\/\/www.encontrabomretiro.com.br\/sobre#listItem","name":"Dom\u00e9stica"}},{"@type":"ListItem","@id":"https:\/\/www.encontrabomretiro.com.br\/sobre\/virada-cultural-2026-recebe-o-primeiro-show-de-k\/#listItem","position":3,"name":"Virada Cultural 2026 recebe o primeiro show de K","previousItem":{"@type":"ListItem","@id":"https:\/\/www.encontrabomretiro.com.br\/sobre\/noticias-no-bom-retiro\/#listItem","name":"Not\u00edcias Bom Retiro"}}]},{"@type":"Organization","@id":"https:\/\/www.encontrabomretiro.com.br\/sobre\/#organization","name":"Encontra Bom Retiro","description":"Not\u00edcias, eventos, informa\u00e7\u00f5es e dicas no bairro do Bom Retiro e regi\u00e3o.","url":"https:\/\/www.encontrabomretiro.com.br\/sobre\/"},{"@type":"Person","@id":"https:\/\/www.encontrabomretiro.com.br\/sobre\/author\/ebomretiro\/#author","url":"https:\/\/www.encontrabomretiro.com.br\/sobre\/author\/ebomretiro\/","name":"Encontra Bom Retiro","image":{"@type":"ImageObject","@id":"https:\/\/www.encontrabomretiro.com.br\/sobre\/virada-cultural-2026-recebe-o-primeiro-show-de-k\/#authorImage","url":"https:\/\/secure.gravatar.com\/avatar\/507340682b8270222e1f208e23198b6ae7e2c6a1033ae84e99bc6bce4f82a387?s=96&d=mm&r=g","width":96,"height":96,"caption":"Encontra Bom Retiro"}},{"@type":"WebPage","@id":"https:\/\/www.encontrabomretiro.com.br\/sobre\/virada-cultural-2026-recebe-o-primeiro-show-de-k\/#webpage","url":"https:\/\/www.encontrabomretiro.com.br\/sobre\/virada-cultural-2026-recebe-o-primeiro-show-de-k\/","name":"Virada Cultural 2026 recebe o primeiro show de K | Encontra Bom Retiro","description":"Virada Cultural 2026 apresenta o primeiro show de K-pop com o 1VERSE em S\u00e3o Paulo.","inLanguage":"pt-BR","isPartOf":{"@id":"https:\/\/www.encontrabomretiro.com.br\/sobre\/#website"},"breadcrumb":{"@id":"https:\/\/www.encontrabomretiro.com.br\/sobre\/virada-cultural-2026-recebe-o-primeiro-show-de-k\/#breadcrumblist"},"author":{"@id":"https:\/\/www.encontrabomretiro.com.br\/sobre\/author\/ebomretiro\/#author"},"creator":{"@id":"https:\/\/www.encontrabomretiro.com.br\/sobre\/author\/ebomretiro\/#author"},"image":{"@type":"ImageObject","url":"https:\/\/www.encontrabomretiro.com.br\/sobre\/wp-content\/uploads\/2026\/05\/virada-cultural-2026-recebe-o-primeiro-show-de-k.webp","@id":"https:\/\/www.encontrabomretiro.com.br\/sobre\/virada-cultural-2026-recebe-o-primeiro-show-de-k\/#mainImage","width":280,"height":280,"caption":"K-pop"},"primaryImageOfPage":{"@id":"https:\/\/www.encontrabomretiro.com.br\/sobre\/virada-cultural-2026-recebe-o-primeiro-show-de-k\/#mainImage"},"datePublished":"2026-05-09T09:57:54-02:00","dateModified":"2026-05-09T09:57:54-02:00"},{"@type":"WebSite","@id":"https:\/\/www.encontrabomretiro.com.br\/sobre\/#website","url":"https:\/\/www.encontrabomretiro.com.br\/sobre\/","name":"Encontra Bom Retiro","description":"Not\u00edcias, eventos, informa\u00e7\u00f5es e dicas no bairro do Bom Retiro e regi\u00e3o.","inLanguage":"pt-BR","publisher":{"@id":"https:\/\/www.encontrabomretiro.com.br\/sobre\/#organization"}}]},"og:locale":"pt_BR","og:site_name":"Encontra Bom Retiro | Not\u00edcias, eventos, informa\u00e7\u00f5es e dicas no bairro do Bom Retiro e regi\u00e3o.","og:type":"article","og:title":"Virada Cultural 2026 recebe o primeiro show de K | Encontra Bom Retiro","og:description":"Virada Cultural 2026 apresenta o primeiro show de K-pop com o 1VERSE em S\u00e3o Paulo.","og:url":"https:\/\/www.encontrabomretiro.com.br\/sobre\/virada-cultural-2026-recebe-o-primeiro-show-de-k\/","article:published_time":"2026-05-09T11:57:54+00:00","article:modified_time":"2026-05-09T11:57:54+00:00","twitter:card":"summary_large_image","twitter:title":"Virada Cultural 2026 recebe o primeiro show de K | Encontra Bom Retiro","twitter:description":"Virada Cultural 2026 apresenta o primeiro show de K-pop com o 1VERSE em S\u00e3o Paulo."},"aioseo_meta_data":{"post_id":"2790","title":null,"description":null,"keywords":null,"keyphrases":null,"primary_term":null,"canonical_url":null,"og_title":null,"og_description":null,"og_object_type":"default","og_image_type":"default","og_image_url":null,"og_image_width":null,"og_image_height":null,"og_image_custom_url":null,"og_image_custom_fields":null,"og_video":null,"og_custom_url":null,"og_article_section":null,"og_article_tags":null,"twitter_use_og":false,"twitter_card":"default","twitter_image_type":"default","twitter_image_url":null,"twitter_image_custom_url":null,"twitter_image_custom_fields":null,"twitter_title":null,"twitter_description":null,"schema":{"blockGraphs":[],"customGraphs":[],"default":{"data":{"Article":[],"Course":[],"Dataset":[],"FAQPage":[],"Movie":[],"Person":[],"Product":[],"ProductReview":[],"Car":[],"Recipe":[],"Service":[],"SoftwareApplication":[],"WebPage":[]},"graphName":"Article","isEnabled":true},"graphs":[]},"schema_type":"default","schema_type_options":null,"pillar_content":false,"robots_default":true,"robots_noindex":false,"robots_noarchive":false,"robots_nosnippet":false,"robots_nofollow":false,"robots_noimageindex":false,"robots_noodp":false,"robots_notranslate":false,"robots_max_snippet":null,"robots_max_videopreview":null,"robots_max_imagepreview":"large","priority":null,"frequency":null,"local_seo":null,"breadcrumb_settings":null,"limit_modified_date":false,"ai":null,"created":"2026-05-09 11:57:58","updated":"2026-05-09 11:59:10","focus_keyword":null,"additional_keywords":null,"truseo_locale":null,"seo_analyzer_scan_date":null},"aioseo_breadcrumb":"<div class=\"aioseo-breadcrumbs\"><span class=\"aioseo-breadcrumb\">\n\t\t\t<a href=\"https:\/\/www.encontrabomretiro.com.br\/sobre\" title=\"Dom\u00e9stica\">Dom\u00e9stica<\/a>\n\t\t<\/span><span class=\"aioseo-breadcrumb-separator\">&raquo;<\/span><span class=\"aioseo-breadcrumb\">\n\t\t\t<a href=\"https:\/\/www.encontrabomretiro.com.br\/sobre\/noticias-no-bom-retiro\/\" title=\"Not\u00edcias Bom Retiro\">Not\u00edcias Bom Retiro<\/a>\n\t\t<\/span><span class=\"aioseo-breadcrumb-separator\">&raquo;<\/span><span class=\"aioseo-breadcrumb\">\n\t\t\tVirada Cultural 2026 recebe o primeiro show de K\n\t\t<\/span><\/div>","aioseo_breadcrumb_json":[{"label":"Dom\u00e9stica","link":"https:\/\/www.encontrabomretiro.com.br\/sobre"},{"label":"Not\u00edcias Bom Retiro","link":"https:\/\/www.encontrabomretiro.com.br\/sobre\/noticias-no-bom-retiro\/"},{"label":"Virada Cultural 2026 recebe o primeiro show de K","link":"https:\/\/www.encontrabomretiro.com.br\/sobre\/virada-cultural-2026-recebe-o-primeiro-show-de-k\/"}],"_links":{"self":[{"href":"https:\/\/www.encontrabomretiro.com.br\/sobre\/wp-json\/wp\/v2\/posts\/2790","targetHints":{"allow":["GET"]}}],"collection":[{"href":"https:\/\/www.encontrabomretiro.com.br\/sobre\/wp-json\/wp\/v2\/posts"}],"about":[{"href":"https:\/\/www.encontrabomretiro.com.br\/sobre\/wp-json\/wp\/v2\/types\/post"}],"author":[{"embeddable":true,"href":"https:\/\/www.encontrabomretiro.com.br\/sobre\/wp-json\/wp\/v2\/users\/1"}],"replies":[{"embeddable":true,"href":"https:\/\/www.encontrabomretiro.com.br\/sobre\/wp-json\/wp\/v2\/comments?post=2790"}],"version-history":[{"count":0,"href":"https:\/\/www.encontrabomretiro.com.br\/sobre\/wp-json\/wp\/v2\/posts\/2790\/revisions"}],"wp:featuredmedia":[{"embeddable":true,"href":"https:\/\/www.encontrabomretiro.com.br\/sobre\/wp-json\/wp\/v2\/media\/2789"}],"wp:attachment":[{"href":"https:\/\/www.encontrabomretiro.com.br\/sobre\/wp-json\/wp\/v2\/media?parent=2790"}],"wp:term":[{"taxonomy":"category","embeddable":true,"href":"https:\/\/www.encontrabomretiro.com.br\/sobre\/wp-json\/wp\/v2\/categories?post=2790"},{"taxonomy":"post_tag","embeddable":true,"href":"https:\/\/www.encontrabomretiro.com.br\/sobre\/wp-json\/wp\/v2\/tags?post=2790"}],"curies":[{"name":"wp","href":"https:\/\/api.w.org\/{rel}","templated":true}]}}