{"id":2772,"date":"2026-05-06T09:29:19","date_gmt":"2026-05-06T11:29:19","guid":{"rendered":"https:\/\/www.encontrabomretiro.com.br\/sobre\/k\/"},"modified":"2026-05-06T09:29:19","modified_gmt":"2026-05-06T11:29:19","slug":"k","status":"publish","type":"post","link":"https:\/\/www.encontrabomretiro.com.br\/sobre\/k\/","title":{"rendered":"K"},"content":{"rendered":"<div class=\"228b65ae207de3c5c501cfe75875708b\" data-index=\"1\" style=\"float: none; margin:0px;\">\n<!-- Anuncio display - global -->\r\n<ins class=\"adsbygoogle\"\r\n     style=\"display:block\"\r\n     data-ad-client=\"ca-pub-8585364105181520\"\r\n     data-ad-slot=\"8789329856\"\r\n     data-ad-format=\"auto\"\r\n     data-full-width-responsive=\"true\"><\/ins>\r\n<script>\r\n     (adsbygoogle = window.adsbygoogle || []).push({});\r\n<\/script>\n<\/div>\n<h2>Atra\u00e7\u00f5es Imperd\u00edveis da Virada Cultural 2026<\/h2>\n<p>A Virada Cultural 2026 est\u00e1 se preparando para um extravagante festival que traz uma diversidade cultural sem precedentes. Este ano, uma das principais novidades \u00e9 a inclus\u00e3o do K-pop, o g\u00eanero musical coreano que conquistou f\u00e3s em todo o mundo. O grupo <strong>1VERSE<\/strong> far\u00e1 suas apresenta\u00e7\u00f5es nos dias <strong>23 e 24 de maio<\/strong>, trazendo suas m\u00fasicas e dan\u00e7as en\u00e9rgicas para um p\u00fablico animado.<\/p>\n<p>Outros artistas renomados tamb\u00e9m estar\u00e3o na programa\u00e7\u00e3o, como <strong>Thiaguinho<\/strong>, <strong>Marina Sena<\/strong>, <strong>Joelma<\/strong>, <strong>Alexandre Pires<\/strong>, <strong>Gustavo Mioto<\/strong> e <strong>Lu\u00edsa Sonza<\/strong>, prometendo um fim de semana repleto de espet\u00e1culos variados.<\/p>\n<h2>1VERSE: O Que Saber Sobre o Grupo<\/h2>\n<p>O <strong>1VERSE<\/strong> \u00e9 um quarteto masculino formado pela gravadora <strong>Singing Beetle<\/strong>, composto por Seok (da Coreia do Sul), Kenny e Nathan (dos Estados Unidos) e Aito (do Jap\u00e3o). O grupo tem uma forte presen\u00e7a nas m\u00eddias sociais, alcan\u00e7ando mais de 1 milh\u00e3o de seguidores antes mesmo do seu debut oficial. Eles costumam compartilhar v\u00eddeos de suas coreografias e bastidores, atraindo um p\u00fablico crescente que anseia pelas suas performances.<\/p>\n<p><img decoding=\"async\" src=\"https:\/\/www.encontrabomretiro.com.br\/sobre\/wp-content\/uploads\/2026\/05\/k.webp\" alt=\"Virada Cultural 2026\" loading=\"lazy\" \/><\/p>\n<h2>Quando e Onde Acontecem os Shows?<\/h2>\n<p>Os shows do <strong>1VERSE<\/strong> ocorrer\u00e3o no <strong>Bom Retiro<\/strong> ao ar livre, especialmente na <strong>Pra\u00e7a Coronel Fernando Prestes<\/strong>. No primeiro dia, <strong>23 de maio<\/strong>, a apresenta\u00e7\u00e3o est\u00e1 marcada para as <strong>20h<\/strong>. J\u00e1 no dia seguinte, <strong>24 de maio<\/strong>, eles subir\u00e3o ao palco novamente \u00e0s <strong>16h30<\/strong>. O espet\u00e1culo de domingo come\u00e7ar\u00e1 com um show do grupo vencedor de um concurso de K-pop, promovido pelo <strong>Centro Cultural Coreano no Brasil<\/strong> (CCCB).<\/p>\n<h2>O Significado do K-pop no Brasil<\/h2>\n<p>O K-pop n\u00e3o \u00e9 apenas um fen\u00f4meno musical; ele representa uma cultura vibrante e uma nova forma de express\u00e3o que tem cativado brasileiros de todas as idades. A presen\u00e7a de grupos como o <strong>1VERSE<\/strong> na Virada Cultural destaca o crescimento do K-pop no pa\u00eds e refor\u00e7a sua capacidade de criar conex\u00f5es entre diversas culturas. Com suas performances din\u00e2micas e bem ensaiadas, esses artistas oferecem um espet\u00e1culo visual e auditivo que b\u00edblica e emocionalmente ressoa com seu p\u00fablico.<\/p>\n<h2>Intera\u00e7\u00e3o e Experi\u00eancias na K-Beauty Premium<\/h2>\n<p>Durante a Virada Cultural 2026, a <strong>K-Beauty Premium Pop-up Store<\/strong> estar\u00e1 recebendo os visitantes na sede do CCCB na <strong>Avenida Paulista<\/strong>. Neste espa\u00e7o, os profissionais de beleza apresentar\u00e3o marcas de cosm\u00e9ticos da Coreia do Sul, oferecendo aos participantes a oportunidade de experimentar produtos inovadores, participar de atividades interativas, e receber amostras gratuitas. Este espa\u00e7o promete ser uma atra\u00e7\u00e3o \u00e0 parte, onde o p\u00fablico poder\u00e1 se aprofundar na cultura de beleza coreana, muito apreciada pelos brasileiros.<\/p>\n<h2>Impacto Cultural da Virada em SP<\/h2>\n<p>A Virada Cultural \u00e9 um evento que transforma a din\u00e2mica cultural de S\u00e3o Paulo, fortalecendo a identidade cultural da cidade. Com uma programa\u00e7\u00e3o intensa e diversificada, o evento promove a inclus\u00e3o e a acessibilidade \u00e0 cultura para todos. Neste sentido, a presen\u00e7a do K-pop e outras atividades voltadas para a cultura asi\u00e1tica no festival ressaltam a import\u00e2ncia de dar voz a diferentes express\u00f5es culturais e a valoriza\u00e7\u00e3o da diversidade. Ao longo de um final de semana, o p\u00fablico ter\u00e1 a chance de explorar novos estilos e cultuar diferentes tradi\u00e7\u00f5es.<\/p>\n<h2>Participa\u00e7\u00e3o do CCCB na Virada Cultural<\/h2>\n<p>O <strong>Centro Cultural Coreano no Brasil<\/strong> (CCCB) desempenhou um papel fundamental na inclus\u00e3o do K-pop no festival de 2026. Esta iniciativa foi uma colabora\u00e7\u00e3o com a <strong>Prefeitura de S\u00e3o Paulo<\/strong> e mostra um compromisso em promover a cultura coreana, ao mesmo tempo em que integra a riqueza cultural do Brasil. O CCCB tamb\u00e9m estar\u00e1 \u00e0 frente da organiza\u00e7\u00e3o de outros eventos e atividades voltadas para a cultura coreana ao longo do festival, contribuindo significativamente para o cen\u00e1rio cultural da cidade.<\/p>\n<h2>Programa\u00e7\u00e3o Completa da Virada Cultural 2026<\/h2>\n<p>A edi\u00e7\u00e3o de 2026 da Virada Cultural ser\u00e1 realizada nos dias <strong>23 e 24 de maio<\/strong>, oferecendo mais de mil atra\u00e7\u00f5es em 22 palcos espalhados pela cidade. Somente no centro, cinco palcos estar\u00e3o ocupados com uma variedade de shows e interven\u00e7\u00f5es art\u00edsticas, abrangendo diferentes g\u00eaneros como m\u00fasica, dan\u00e7a, teatro, e arte de rua. Atividades para crian\u00e7as e adultos garantem que h\u00e1 algo para todos os gostos. A cidade se transforma em um grande palco, acolhendo pessoas de todas as idades e incentivos para a converg\u00eancia cultural.<\/p>\n<h2>Expectativas para o P\u00fablico da Virada<\/h2>\n<p>As expectativas para a Virada Cultural 2026 s\u00e3o alt\u00edssimas. Com a inclus\u00e3o do K-pop e a participa\u00e7\u00e3o de grandes artistas brasileiros, espera-se atrair um p\u00fablico diversificado e engajado. Os organizadores buscam proporcionar uma experi\u00eancia \u00fanica, rica em cultura e entretenimento, que possa conectar diferentes gera\u00e7\u00f5es e promover um forte sentimento de uni\u00e3o entre os participantes. Assim, a Virada se consolida como um evento marcante no calend\u00e1rio cultural da cidade, onde a celebra\u00e7\u00e3o da diversidade cultural \u00e9 a protagonista.<\/p>\n<h2>Outras Atra\u00e7\u00f5es e Surpresas do Festival<\/h2>\n<p>Al\u00e9m das apresenta\u00e7\u00f5es musicais, h\u00e1 promessas de v\u00e1rias surpresas e atra\u00e7\u00f5es que agraciar\u00e3o o p\u00fablico em diferentes espa\u00e7os da cidade. Com a presen\u00e7a de palcos tem\u00e1ticos como o <strong>Palco Brega<\/strong>, <strong>Palco Mulheres<\/strong>, o tradicional <strong>Palco Gospel<\/strong>, e uma \u00e1rea dedicada ao rock, os visitantes poder\u00e3o desfrutar de uma experi\u00eancia variada. Ser\u00e3o programadas tamb\u00e9m atividades comunit\u00e1rias, workshops, e exposi\u00e7\u00f5es que trar\u00e3o \u00e0 tona a rica heran\u00e7a cultural do Brasil.<\/p>\n<p>A programa\u00e7\u00e3o completa ser\u00e1 anunciada em uma coletiva de imprensa que est\u00e1 agendada para o m\u00eas de maio, aprimorando assim o que promete ser uma das edi\u00e7\u00f5es mais memor\u00e1veis da Virada Cultural.<\/p>\n\n<div style=\"font-size: 0px; height: 0px; line-height: 0px; margin: 0; padding: 0; clear: both;\"><\/div>","protected":false},"excerpt":{"rendered":"<p>K-pop brilha na Virada Cultural 2026 em S\u00e3o Paulo com 1VERSE.<\/p>\n","protected":false},"author":1,"featured_media":2771,"comment_status":"open","ping_status":"closed","sticky":false,"template":"","format":"standard","meta":{"footnotes":""},"categories":[6],"tags":[],"class_list":["post-2772","post","type-post","status-publish","format-standard","has-post-thumbnail","hentry","category-noticias-no-bom-retiro","has_thumb"],"aioseo_notices":[],"aioseo_head":"\n\t\t<!-- All in One SEO 5.0.0.1 - aioseo.com -->\n\t<meta name=\"description\" content=\"K-pop brilha na Virada Cultural 2026 em S\u00e3o Paulo com 1VERSE.\" \/>\n\t<meta name=\"robots\" content=\"max-image-preview:large\" \/>\n\t<meta name=\"author\" content=\"Encontra Bom Retiro\"\/>\n\t<link rel=\"canonical\" href=\"https:\/\/www.encontrabomretiro.com.br\/sobre\/k\/\" \/>\n\t<meta name=\"generator\" content=\"All in One SEO (AIOSEO) 5.0.0.1\" \/>\n\t\t<meta property=\"og:locale\" content=\"pt_BR\" \/>\n\t\t<meta property=\"og:site_name\" content=\"Encontra Bom Retiro | Not\u00edcias, eventos, informa\u00e7\u00f5es e dicas no bairro do Bom Retiro e regi\u00e3o.\" \/>\n\t\t<meta property=\"og:type\" content=\"article\" \/>\n\t\t<meta property=\"og:title\" content=\"K | Encontra Bom Retiro\" \/>\n\t\t<meta property=\"og:description\" content=\"K-pop brilha na Virada Cultural 2026 em S\u00e3o Paulo com 1VERSE.\" \/>\n\t\t<meta property=\"og:url\" content=\"https:\/\/www.encontrabomretiro.com.br\/sobre\/k\/\" \/>\n\t\t<meta property=\"article:published_time\" content=\"2026-05-06T11:29:19+00:00\" \/>\n\t\t<meta property=\"article:modified_time\" content=\"2026-05-06T11:29:19+00:00\" \/>\n\t\t<meta name=\"twitter:card\" content=\"summary_large_image\" \/>\n\t\t<meta name=\"twitter:title\" content=\"K | Encontra Bom Retiro\" \/>\n\t\t<meta name=\"twitter:description\" content=\"K-pop brilha na Virada Cultural 2026 em S\u00e3o Paulo com 1VERSE.\" \/>\n\t\t<script type=\"application\/ld+json\" class=\"aioseo-schema\">\n\t\t\t{\"@context\":\"https:\\\/\\\/schema.org\",\"@graph\":[{\"@type\":\"Article\",\"@id\":\"https:\\\/\\\/www.encontrabomretiro.com.br\\\/sobre\\\/k\\\/#article\",\"name\":\"K | Encontra Bom Retiro\",\"headline\":\"K\",\"author\":{\"@id\":\"https:\\\/\\\/www.encontrabomretiro.com.br\\\/sobre\\\/author\\\/ebomretiro\\\/#author\"},\"publisher\":{\"@id\":\"https:\\\/\\\/www.encontrabomretiro.com.br\\\/sobre\\\/#organization\"},\"image\":{\"@type\":\"ImageObject\",\"url\":\"https:\\\/\\\/www.encontrabomretiro.com.br\\\/sobre\\\/wp-content\\\/uploads\\\/2026\\\/05\\\/k.webp\",\"width\":280,\"height\":280,\"caption\":\"Virada Cultural 2026\"},\"datePublished\":\"2026-05-06T09:29:19-02:00\",\"dateModified\":\"2026-05-06T09:29:19-02:00\",\"inLanguage\":\"pt-BR\",\"mainEntityOfPage\":{\"@id\":\"https:\\\/\\\/www.encontrabomretiro.com.br\\\/sobre\\\/k\\\/#webpage\"},\"isPartOf\":{\"@id\":\"https:\\\/\\\/www.encontrabomretiro.com.br\\\/sobre\\\/k\\\/#webpage\"},\"articleSection\":\"Not\\u00edcias Bom Retiro\"},{\"@type\":\"BreadcrumbList\",\"@id\":\"https:\\\/\\\/www.encontrabomretiro.com.br\\\/sobre\\\/k\\\/#breadcrumblist\",\"itemListElement\":[{\"@type\":\"ListItem\",\"@id\":\"https:\\\/\\\/www.encontrabomretiro.com.br\\\/sobre#listItem\",\"position\":1,\"name\":\"Dom\\u00e9stica\",\"item\":\"https:\\\/\\\/www.encontrabomretiro.com.br\\\/sobre\",\"nextItem\":{\"@type\":\"ListItem\",\"@id\":\"https:\\\/\\\/www.encontrabomretiro.com.br\\\/sobre\\\/noticias-no-bom-retiro\\\/#listItem\",\"name\":\"Not\\u00edcias Bom Retiro\"}},{\"@type\":\"ListItem\",\"@id\":\"https:\\\/\\\/www.encontrabomretiro.com.br\\\/sobre\\\/noticias-no-bom-retiro\\\/#listItem\",\"position\":2,\"name\":\"Not\\u00edcias Bom Retiro\",\"item\":\"https:\\\/\\\/www.encontrabomretiro.com.br\\\/sobre\\\/noticias-no-bom-retiro\\\/\",\"nextItem\":{\"@type\":\"ListItem\",\"@id\":\"https:\\\/\\\/www.encontrabomretiro.com.br\\\/sobre\\\/k\\\/#listItem\",\"name\":\"K\"},\"previousItem\":{\"@type\":\"ListItem\",\"@id\":\"https:\\\/\\\/www.encontrabomretiro.com.br\\\/sobre#listItem\",\"name\":\"Dom\\u00e9stica\"}},{\"@type\":\"ListItem\",\"@id\":\"https:\\\/\\\/www.encontrabomretiro.com.br\\\/sobre\\\/k\\\/#listItem\",\"position\":3,\"name\":\"K\",\"previousItem\":{\"@type\":\"ListItem\",\"@id\":\"https:\\\/\\\/www.encontrabomretiro.com.br\\\/sobre\\\/noticias-no-bom-retiro\\\/#listItem\",\"name\":\"Not\\u00edcias Bom Retiro\"}}]},{\"@type\":\"Organization\",\"@id\":\"https:\\\/\\\/www.encontrabomretiro.com.br\\\/sobre\\\/#organization\",\"name\":\"Encontra Bom Retiro\",\"description\":\"Not\\u00edcias, eventos, informa\\u00e7\\u00f5es e dicas no bairro do Bom Retiro e regi\\u00e3o.\",\"url\":\"https:\\\/\\\/www.encontrabomretiro.com.br\\\/sobre\\\/\"},{\"@type\":\"Person\",\"@id\":\"https:\\\/\\\/www.encontrabomretiro.com.br\\\/sobre\\\/author\\\/ebomretiro\\\/#author\",\"url\":\"https:\\\/\\\/www.encontrabomretiro.com.br\\\/sobre\\\/author\\\/ebomretiro\\\/\",\"name\":\"Encontra Bom Retiro\",\"image\":{\"@type\":\"ImageObject\",\"@id\":\"https:\\\/\\\/www.encontrabomretiro.com.br\\\/sobre\\\/k\\\/#authorImage\",\"url\":\"https:\\\/\\\/secure.gravatar.com\\\/avatar\\\/507340682b8270222e1f208e23198b6ae7e2c6a1033ae84e99bc6bce4f82a387?s=96&d=mm&r=g\",\"width\":96,\"height\":96,\"caption\":\"Encontra Bom Retiro\"}},{\"@type\":\"WebPage\",\"@id\":\"https:\\\/\\\/www.encontrabomretiro.com.br\\\/sobre\\\/k\\\/#webpage\",\"url\":\"https:\\\/\\\/www.encontrabomretiro.com.br\\\/sobre\\\/k\\\/\",\"name\":\"K | Encontra Bom Retiro\",\"description\":\"K-pop brilha na Virada Cultural 2026 em S\\u00e3o Paulo com 1VERSE.\",\"inLanguage\":\"pt-BR\",\"isPartOf\":{\"@id\":\"https:\\\/\\\/www.encontrabomretiro.com.br\\\/sobre\\\/#website\"},\"breadcrumb\":{\"@id\":\"https:\\\/\\\/www.encontrabomretiro.com.br\\\/sobre\\\/k\\\/#breadcrumblist\"},\"author\":{\"@id\":\"https:\\\/\\\/www.encontrabomretiro.com.br\\\/sobre\\\/author\\\/ebomretiro\\\/#author\"},\"creator\":{\"@id\":\"https:\\\/\\\/www.encontrabomretiro.com.br\\\/sobre\\\/author\\\/ebomretiro\\\/#author\"},\"image\":{\"@type\":\"ImageObject\",\"url\":\"https:\\\/\\\/www.encontrabomretiro.com.br\\\/sobre\\\/wp-content\\\/uploads\\\/2026\\\/05\\\/k.webp\",\"@id\":\"https:\\\/\\\/www.encontrabomretiro.com.br\\\/sobre\\\/k\\\/#mainImage\",\"width\":280,\"height\":280,\"caption\":\"Virada Cultural 2026\"},\"primaryImageOfPage\":{\"@id\":\"https:\\\/\\\/www.encontrabomretiro.com.br\\\/sobre\\\/k\\\/#mainImage\"},\"datePublished\":\"2026-05-06T09:29:19-02:00\",\"dateModified\":\"2026-05-06T09:29:19-02:00\"},{\"@type\":\"WebSite\",\"@id\":\"https:\\\/\\\/www.encontrabomretiro.com.br\\\/sobre\\\/#website\",\"url\":\"https:\\\/\\\/www.encontrabomretiro.com.br\\\/sobre\\\/\",\"name\":\"Encontra Bom Retiro\",\"description\":\"Not\\u00edcias, eventos, informa\\u00e7\\u00f5es e dicas no bairro do Bom Retiro e regi\\u00e3o.\",\"inLanguage\":\"pt-BR\",\"publisher\":{\"@id\":\"https:\\\/\\\/www.encontrabomretiro.com.br\\\/sobre\\\/#organization\"}}]}\n\t\t<\/script>\n\t\t<!-- All in One SEO -->\n\n","aioseo_head_json":{"title":"K | Encontra Bom Retiro","description":"K-pop brilha na Virada Cultural 2026 em S\u00e3o Paulo com 1VERSE.","canonical_url":"https:\/\/www.encontrabomretiro.com.br\/sobre\/k\/","robots":"max-image-preview:large","keywords":"","webmasterTools":{"miscellaneous":""},"schema":{"@context":"https:\/\/schema.org","@graph":[{"@type":"Article","@id":"https:\/\/www.encontrabomretiro.com.br\/sobre\/k\/#article","name":"K | Encontra Bom Retiro","headline":"K","author":{"@id":"https:\/\/www.encontrabomretiro.com.br\/sobre\/author\/ebomretiro\/#author"},"publisher":{"@id":"https:\/\/www.encontrabomretiro.com.br\/sobre\/#organization"},"image":{"@type":"ImageObject","url":"https:\/\/www.encontrabomretiro.com.br\/sobre\/wp-content\/uploads\/2026\/05\/k.webp","width":280,"height":280,"caption":"Virada Cultural 2026"},"datePublished":"2026-05-06T09:29:19-02:00","dateModified":"2026-05-06T09:29:19-02:00","inLanguage":"pt-BR","mainEntityOfPage":{"@id":"https:\/\/www.encontrabomretiro.com.br\/sobre\/k\/#webpage"},"isPartOf":{"@id":"https:\/\/www.encontrabomretiro.com.br\/sobre\/k\/#webpage"},"articleSection":"Not\u00edcias Bom Retiro"},{"@type":"BreadcrumbList","@id":"https:\/\/www.encontrabomretiro.com.br\/sobre\/k\/#breadcrumblist","itemListElement":[{"@type":"ListItem","@id":"https:\/\/www.encontrabomretiro.com.br\/sobre#listItem","position":1,"name":"Dom\u00e9stica","item":"https:\/\/www.encontrabomretiro.com.br\/sobre","nextItem":{"@type":"ListItem","@id":"https:\/\/www.encontrabomretiro.com.br\/sobre\/noticias-no-bom-retiro\/#listItem","name":"Not\u00edcias Bom Retiro"}},{"@type":"ListItem","@id":"https:\/\/www.encontrabomretiro.com.br\/sobre\/noticias-no-bom-retiro\/#listItem","position":2,"name":"Not\u00edcias Bom Retiro","item":"https:\/\/www.encontrabomretiro.com.br\/sobre\/noticias-no-bom-retiro\/","nextItem":{"@type":"ListItem","@id":"https:\/\/www.encontrabomretiro.com.br\/sobre\/k\/#listItem","name":"K"},"previousItem":{"@type":"ListItem","@id":"https:\/\/www.encontrabomretiro.com.br\/sobre#listItem","name":"Dom\u00e9stica"}},{"@type":"ListItem","@id":"https:\/\/www.encontrabomretiro.com.br\/sobre\/k\/#listItem","position":3,"name":"K","previousItem":{"@type":"ListItem","@id":"https:\/\/www.encontrabomretiro.com.br\/sobre\/noticias-no-bom-retiro\/#listItem","name":"Not\u00edcias Bom Retiro"}}]},{"@type":"Organization","@id":"https:\/\/www.encontrabomretiro.com.br\/sobre\/#organization","name":"Encontra Bom Retiro","description":"Not\u00edcias, eventos, informa\u00e7\u00f5es e dicas no bairro do Bom Retiro e regi\u00e3o.","url":"https:\/\/www.encontrabomretiro.com.br\/sobre\/"},{"@type":"Person","@id":"https:\/\/www.encontrabomretiro.com.br\/sobre\/author\/ebomretiro\/#author","url":"https:\/\/www.encontrabomretiro.com.br\/sobre\/author\/ebomretiro\/","name":"Encontra Bom Retiro","image":{"@type":"ImageObject","@id":"https:\/\/www.encontrabomretiro.com.br\/sobre\/k\/#authorImage","url":"https:\/\/secure.gravatar.com\/avatar\/507340682b8270222e1f208e23198b6ae7e2c6a1033ae84e99bc6bce4f82a387?s=96&d=mm&r=g","width":96,"height":96,"caption":"Encontra Bom Retiro"}},{"@type":"WebPage","@id":"https:\/\/www.encontrabomretiro.com.br\/sobre\/k\/#webpage","url":"https:\/\/www.encontrabomretiro.com.br\/sobre\/k\/","name":"K | Encontra Bom Retiro","description":"K-pop brilha na Virada Cultural 2026 em S\u00e3o Paulo com 1VERSE.","inLanguage":"pt-BR","isPartOf":{"@id":"https:\/\/www.encontrabomretiro.com.br\/sobre\/#website"},"breadcrumb":{"@id":"https:\/\/www.encontrabomretiro.com.br\/sobre\/k\/#breadcrumblist"},"author":{"@id":"https:\/\/www.encontrabomretiro.com.br\/sobre\/author\/ebomretiro\/#author"},"creator":{"@id":"https:\/\/www.encontrabomretiro.com.br\/sobre\/author\/ebomretiro\/#author"},"image":{"@type":"ImageObject","url":"https:\/\/www.encontrabomretiro.com.br\/sobre\/wp-content\/uploads\/2026\/05\/k.webp","@id":"https:\/\/www.encontrabomretiro.com.br\/sobre\/k\/#mainImage","width":280,"height":280,"caption":"Virada Cultural 2026"},"primaryImageOfPage":{"@id":"https:\/\/www.encontrabomretiro.com.br\/sobre\/k\/#mainImage"},"datePublished":"2026-05-06T09:29:19-02:00","dateModified":"2026-05-06T09:29:19-02:00"},{"@type":"WebSite","@id":"https:\/\/www.encontrabomretiro.com.br\/sobre\/#website","url":"https:\/\/www.encontrabomretiro.com.br\/sobre\/","name":"Encontra Bom Retiro","description":"Not\u00edcias, eventos, informa\u00e7\u00f5es e dicas no bairro do Bom Retiro e regi\u00e3o.","inLanguage":"pt-BR","publisher":{"@id":"https:\/\/www.encontrabomretiro.com.br\/sobre\/#organization"}}]},"og:locale":"pt_BR","og:site_name":"Encontra Bom Retiro | Not\u00edcias, eventos, informa\u00e7\u00f5es e dicas no bairro do Bom Retiro e regi\u00e3o.","og:type":"article","og:title":"K | Encontra Bom Retiro","og:description":"K-pop brilha na Virada Cultural 2026 em S\u00e3o Paulo com 1VERSE.","og:url":"https:\/\/www.encontrabomretiro.com.br\/sobre\/k\/","article:published_time":"2026-05-06T11:29:19+00:00","article:modified_time":"2026-05-06T11:29:19+00:00","twitter:card":"summary_large_image","twitter:title":"K | Encontra Bom Retiro","twitter:description":"K-pop brilha na Virada Cultural 2026 em S\u00e3o Paulo com 1VERSE."},"aioseo_meta_data":{"post_id":"2772","title":null,"description":null,"keywords":null,"keyphrases":null,"primary_term":null,"canonical_url":null,"og_title":null,"og_description":null,"og_object_type":"default","og_image_type":"default","og_image_url":null,"og_image_width":null,"og_image_height":null,"og_image_custom_url":null,"og_image_custom_fields":null,"og_video":null,"og_custom_url":null,"og_article_section":null,"og_article_tags":null,"twitter_use_og":false,"twitter_card":"default","twitter_image_type":"default","twitter_image_url":null,"twitter_image_custom_url":null,"twitter_image_custom_fields":null,"twitter_title":null,"twitter_description":null,"schema":{"blockGraphs":[],"customGraphs":[],"default":{"data":{"Article":[],"Course":[],"Dataset":[],"FAQPage":[],"Movie":[],"Person":[],"Product":[],"ProductReview":[],"Car":[],"Recipe":[],"Service":[],"SoftwareApplication":[],"WebPage":[]},"graphName":"Article","isEnabled":true},"graphs":[]},"schema_type":"default","schema_type_options":null,"pillar_content":false,"robots_default":true,"robots_noindex":false,"robots_noarchive":false,"robots_nosnippet":false,"robots_nofollow":false,"robots_noimageindex":false,"robots_noodp":false,"robots_notranslate":false,"robots_max_snippet":null,"robots_max_videopreview":null,"robots_max_imagepreview":"large","priority":null,"frequency":null,"local_seo":null,"breadcrumb_settings":null,"limit_modified_date":false,"ai":null,"created":"2026-05-06 11:29:21","updated":"2026-05-06 11:36:32","focus_keyword":null,"additional_keywords":null,"truseo_locale":null,"seo_analyzer_scan_date":null},"aioseo_breadcrumb":"<div class=\"aioseo-breadcrumbs\"><span class=\"aioseo-breadcrumb\">\n\t\t\t<a href=\"https:\/\/www.encontrabomretiro.com.br\/sobre\" title=\"Dom\u00e9stica\">Dom\u00e9stica<\/a>\n\t\t<\/span><span class=\"aioseo-breadcrumb-separator\">&raquo;<\/span><span class=\"aioseo-breadcrumb\">\n\t\t\t<a href=\"https:\/\/www.encontrabomretiro.com.br\/sobre\/noticias-no-bom-retiro\/\" title=\"Not\u00edcias Bom Retiro\">Not\u00edcias Bom Retiro<\/a>\n\t\t<\/span><span class=\"aioseo-breadcrumb-separator\">&raquo;<\/span><span class=\"aioseo-breadcrumb\">\n\t\t\tK\n\t\t<\/span><\/div>","aioseo_breadcrumb_json":[{"label":"Dom\u00e9stica","link":"https:\/\/www.encontrabomretiro.com.br\/sobre"},{"label":"Not\u00edcias Bom Retiro","link":"https:\/\/www.encontrabomretiro.com.br\/sobre\/noticias-no-bom-retiro\/"},{"label":"K","link":"https:\/\/www.encontrabomretiro.com.br\/sobre\/k\/"}],"_links":{"self":[{"href":"https:\/\/www.encontrabomretiro.com.br\/sobre\/wp-json\/wp\/v2\/posts\/2772","targetHints":{"allow":["GET"]}}],"collection":[{"href":"https:\/\/www.encontrabomretiro.com.br\/sobre\/wp-json\/wp\/v2\/posts"}],"about":[{"href":"https:\/\/www.encontrabomretiro.com.br\/sobre\/wp-json\/wp\/v2\/types\/post"}],"author":[{"embeddable":true,"href":"https:\/\/www.encontrabomretiro.com.br\/sobre\/wp-json\/wp\/v2\/users\/1"}],"replies":[{"embeddable":true,"href":"https:\/\/www.encontrabomretiro.com.br\/sobre\/wp-json\/wp\/v2\/comments?post=2772"}],"version-history":[{"count":0,"href":"https:\/\/www.encontrabomretiro.com.br\/sobre\/wp-json\/wp\/v2\/posts\/2772\/revisions"}],"wp:featuredmedia":[{"embeddable":true,"href":"https:\/\/www.encontrabomretiro.com.br\/sobre\/wp-json\/wp\/v2\/media\/2771"}],"wp:attachment":[{"href":"https:\/\/www.encontrabomretiro.com.br\/sobre\/wp-json\/wp\/v2\/media?parent=2772"}],"wp:term":[{"taxonomy":"category","embeddable":true,"href":"https:\/\/www.encontrabomretiro.com.br\/sobre\/wp-json\/wp\/v2\/categories?post=2772"},{"taxonomy":"post_tag","embeddable":true,"href":"https:\/\/www.encontrabomretiro.com.br\/sobre\/wp-json\/wp\/v2\/tags?post=2772"}],"curies":[{"name":"wp","href":"https:\/\/api.w.org\/{rel}","templated":true}]}}