{"id":2764,"date":"2026-05-04T09:41:41","date_gmt":"2026-05-04T11:41:41","guid":{"rendered":"https:\/\/www.encontrabomretiro.com.br\/sobre\/seminario-milton-santos-100-anos\/"},"modified":"2026-05-04T09:41:41","modified_gmt":"2026-05-04T11:41:41","slug":"seminario-milton-santos-100-anos","status":"publish","type":"post","link":"https:\/\/www.encontrabomretiro.com.br\/sobre\/seminario-milton-santos-100-anos\/","title":{"rendered":"Semin\u00e1rio Milton Santos 100 Anos"},"content":{"rendered":"<div class=\"228b65ae207de3c5c501cfe75875708b\" data-index=\"1\" style=\"float: none; margin:0px;\">\n<!-- Anuncio display - global -->\r\n<ins class=\"adsbygoogle\"\r\n     style=\"display:block\"\r\n     data-ad-client=\"ca-pub-8585364105181520\"\r\n     data-ad-slot=\"8789329856\"\r\n     data-ad-format=\"auto\"\r\n     data-full-width-responsive=\"true\"><\/ins>\r\n<script>\r\n     (adsbygoogle = window.adsbygoogle || []).push({});\r\n<\/script>\n<\/div>\n<h2>A Comemora\u00e7\u00e3o do Centen\u00e1rio de Milton Santos<\/h2>\n<p>O semin\u00e1rio em tributo ao centen\u00e1rio do renomado ge\u00f3grafo Milton Santos ser\u00e1 realizado de 4 a 8 de maio, no Instituto de Estudos Brasileiros da Universidade de S\u00e3o Paulo (IEB-USP), em S\u00e3o Paulo. Este evento se prop\u00f5e a reunir uma variedade de pesquisadores, ativistas e convidados tanto do Brasil quanto do exterior, visando discutir a relev\u00e2ncia e os impactos duradouros do pensamento de Milton Santos na geografia contempor\u00e2nea.<\/p>\n<h2>Palestrantes Convidados e Temas Abordados<\/h2>\n<p>O semin\u00e1rio contar\u00e1 com a participa\u00e7\u00e3o de especialistas de diversas \u00e1reas que discutir\u00e3o temas relacionados ao legado de Santos. Entre os palestrantes est\u00e3o professores universit\u00e1rios renomados, pesquisadores e ativistas envolvidos em quest\u00f5es geogr\u00e1ficas e sociais. As apresenta\u00e7\u00f5es ir\u00e3o abordar desde a geografia cr\u00edtica at\u00e9 reflex\u00f5es sobre a urbaniza\u00e7\u00e3o e desenvolvimento sustent\u00e1vel, baseando-se nas ideias de Milton Santos.<\/p>\n<h2>Mesas-Rodondas: Discuss\u00f5es Aprofundadas<\/h2>\n<p>Durante o semin\u00e1rio, ser\u00e3o organizadas mesas-redondas que permitir\u00e3o um espa\u00e7o de di\u00e1logo rico e diversificado. Estas discuss\u00f5es servir\u00e3o como um f\u00f3rum para que os participantes possam explorar diferentes interpreta\u00e7\u00f5es das obras e teorias do ge\u00f3grafo, promovendo um entendimento mais profundo de suas contribui\u00e7\u00f5es ao campo da geografia.<\/p>\n<p><img decoding=\"async\" src=\"https:\/\/www.encontrabomretiro.com.br\/sobre\/wp-content\/uploads\/2026\/05\/seminario-milton-santos-100-anos.webp\" alt=\"Semin\u00e1rio Milton Santos 100 Anos\" loading=\"lazy\" \/><\/p>\n<h2>Atividades Art\u00edsticas e Culturais no Semin\u00e1rio<\/h2>\n<p>Al\u00e9m das mesas-redondas e confer\u00eancias, haver\u00e1 um espa\u00e7o dedicado a atividades art\u00edsticas que refletem a obra de Milton Santos. Exibi\u00e7\u00f5es de filmes, performances e outras express\u00f5es culturais est\u00e3o programadas, proporcionando uma abordagem interativa e multidisciplinar que convida os participantes a se envolverem com o legado cultural de Santos.<\/p>\n<h2>Visitas Guiadas aos Acervos de Milton Santos<\/h2>\n<p>O semin\u00e1rio tamb\u00e9m inclu\u00ed visitas guiadas a acervos que guardam documentos e obras de Milton Santos. Essas visitas permitir\u00e3o que os participantes conhe\u00e7am de perto o passado do ge\u00f3grafo, entendendo melhor o contexto hist\u00f3rico e social em que suas ideias foram formuladas, aprofundando assim a aprecia\u00e7\u00e3o pelo seu trabalho.<\/p>\n<h2>Import\u00e2ncia do Pensamento Geogr\u00e1fico Hoje<\/h2>\n<p>A relev\u00e2ncia do pensamento de Milton Santos \u00e9 indiscut\u00edvel em um mundo cada vez mais globalizado e interconectado. Suas teorias sobre a din\u00e2mica da globaliza\u00e7\u00e3o, desigualdade social e a rela\u00e7\u00e3o entre espa\u00e7o e sociedade permanecem pertinentes. O semin\u00e1rio busca explorar como essas ideias podem ser aplicadas na an\u00e1lise de problemas contempor\u00e2neos, incentivando um pensamento cr\u00edtico e fundamentado nas quest\u00f5es atuais enfrentadas pela sociedade.<\/p>\n<h2>Participa\u00e7\u00e3o do P\u00fablico: Como se Envolver<\/h2>\n<p>O evento \u00e9 aberto ao p\u00fablico e convida todos os interessados a participar das discuss\u00f5es e atividades programadas. Os participantes poder\u00e3o fazer perguntas, interagir com os palestrantes e se envolver em debates que afetam a geografia e a sociedade em geral. A inclus\u00e3o do p\u00fablico \u00e9 essencial para enriquecer a troca de ideias e perspectivas durante o semin\u00e1rio.<\/p>\n<h2>Transmiss\u00e3o ao Vivo do Evento<\/h2>\n<p>Para aqueles que n\u00e3o puderem comparecer pessoalmente, haver\u00e1 uma transmiss\u00e3o ao vivo do semin\u00e1rio atrav\u00e9s do canal no YouTube do Instituto de Estudos Brasileiros (IEB). Esta iniciativa visa garantir que o conhecimento e a discuss\u00e3o sejam acess\u00edveis a um p\u00fablico mais amplo, permitindo que pessoas de diversos locais participem deste importante evento.<\/p>\n<h2>Programa\u00e7\u00e3o Completa do Semin\u00e1rio<\/h2>\n<p>A programa\u00e7\u00e3o inclui uma variedade de sess\u00f5es, com detalhes sobre hor\u00e1rios e temas que podem ser consultados no site oficial do instituto. As atividades incluem palestras, debates, apresenta\u00e7\u00f5es art\u00edsticas e as visitas guiadas aos acervos. Todos os interessados s\u00e3o incentivados a conferir a agenda completa para garantir sua participa\u00e7\u00e3o nas atividades que mais lhes interessam.<\/p>\n<h2>Reflex\u00f5es Finais Sobre o Legado de Milton Santos<\/h2>\n<p>Milton Santos deixou um legado imenso que continua a influenciar n\u00e3o apenas a geografia, mas tamb\u00e9m as ci\u00eancias sociais e os estudos urbanos. Este semin\u00e1rio ser\u00e1 uma oportunidade para refletir sobre o impacto de seu trabalho, discutir suas teorias \u00e0 luz de quest\u00f5es contempor\u00e2neas e inspirar novas gera\u00e7\u00f5es a seguir suas pegadas. Atrav\u00e9s do compartilhamento e debate de ideias, o evento ir\u00e1 honrar a mem\u00f3ria de Milton Santos e sua contribui\u00e7\u00e3o inestim\u00e1vel ao conhecimento humano.<\/p>\n\n<div style=\"font-size: 0px; height: 0px; line-height: 0px; margin: 0; padding: 0; clear: both;\"><\/div>","protected":false},"excerpt":{"rendered":"<p>Semin\u00e1rio Milton Santos 100 Anos discute a atualidade do pensamento do ge\u00f3grafo.<\/p>\n","protected":false},"author":1,"featured_media":2763,"comment_status":"open","ping_status":"closed","sticky":false,"template":"","format":"standard","meta":{"footnotes":""},"categories":[6],"tags":[],"class_list":["post-2764","post","type-post","status-publish","format-standard","has-post-thumbnail","hentry","category-noticias-no-bom-retiro","has_thumb"],"aioseo_notices":[],"aioseo_head":"\n\t\t<!-- All in One SEO 5.0.0.1 - aioseo.com -->\n\t<meta name=\"description\" content=\"Semin\u00e1rio Milton Santos 100 Anos discute a atualidade do pensamento do ge\u00f3grafo.\" \/>\n\t<meta name=\"robots\" content=\"max-image-preview:large\" \/>\n\t<meta name=\"author\" content=\"Encontra Bom Retiro\"\/>\n\t<link rel=\"canonical\" href=\"https:\/\/www.encontrabomretiro.com.br\/sobre\/seminario-milton-santos-100-anos\/\" \/>\n\t<meta name=\"generator\" content=\"All in One SEO (AIOSEO) 5.0.0.1\" \/>\n\t\t<meta property=\"og:locale\" content=\"pt_BR\" \/>\n\t\t<meta property=\"og:site_name\" content=\"Encontra Bom Retiro | Not\u00edcias, eventos, informa\u00e7\u00f5es e dicas no bairro do Bom Retiro e regi\u00e3o.\" \/>\n\t\t<meta property=\"og:type\" content=\"article\" \/>\n\t\t<meta property=\"og:title\" content=\"Semin\u00e1rio Milton Santos 100 Anos | Encontra Bom Retiro\" \/>\n\t\t<meta property=\"og:description\" content=\"Semin\u00e1rio Milton Santos 100 Anos discute a atualidade do pensamento do ge\u00f3grafo.\" \/>\n\t\t<meta property=\"og:url\" content=\"https:\/\/www.encontrabomretiro.com.br\/sobre\/seminario-milton-santos-100-anos\/\" \/>\n\t\t<meta property=\"article:published_time\" content=\"2026-05-04T11:41:41+00:00\" \/>\n\t\t<meta property=\"article:modified_time\" content=\"2026-05-04T11:41:41+00:00\" \/>\n\t\t<meta name=\"twitter:card\" content=\"summary_large_image\" \/>\n\t\t<meta name=\"twitter:title\" content=\"Semin\u00e1rio Milton Santos 100 Anos | Encontra Bom Retiro\" \/>\n\t\t<meta name=\"twitter:description\" content=\"Semin\u00e1rio Milton Santos 100 Anos discute a atualidade do pensamento do ge\u00f3grafo.\" \/>\n\t\t<script type=\"application\/ld+json\" class=\"aioseo-schema\">\n\t\t\t{\"@context\":\"https:\\\/\\\/schema.org\",\"@graph\":[{\"@type\":\"Article\",\"@id\":\"https:\\\/\\\/www.encontrabomretiro.com.br\\\/sobre\\\/seminario-milton-santos-100-anos\\\/#article\",\"name\":\"Semin\\u00e1rio Milton Santos 100 Anos | Encontra Bom Retiro\",\"headline\":\"Semin\\u00e1rio Milton Santos 100 Anos\",\"author\":{\"@id\":\"https:\\\/\\\/www.encontrabomretiro.com.br\\\/sobre\\\/author\\\/ebomretiro\\\/#author\"},\"publisher\":{\"@id\":\"https:\\\/\\\/www.encontrabomretiro.com.br\\\/sobre\\\/#organization\"},\"image\":{\"@type\":\"ImageObject\",\"url\":\"https:\\\/\\\/www.encontrabomretiro.com.br\\\/sobre\\\/wp-content\\\/uploads\\\/2026\\\/05\\\/seminario-milton-santos-100-anos.webp\",\"width\":280,\"height\":280,\"caption\":\"Semin\\u00e1rio Milton Santos 100 Anos\"},\"datePublished\":\"2026-05-04T09:41:41-02:00\",\"dateModified\":\"2026-05-04T09:41:41-02:00\",\"inLanguage\":\"pt-BR\",\"mainEntityOfPage\":{\"@id\":\"https:\\\/\\\/www.encontrabomretiro.com.br\\\/sobre\\\/seminario-milton-santos-100-anos\\\/#webpage\"},\"isPartOf\":{\"@id\":\"https:\\\/\\\/www.encontrabomretiro.com.br\\\/sobre\\\/seminario-milton-santos-100-anos\\\/#webpage\"},\"articleSection\":\"Not\\u00edcias Bom Retiro\"},{\"@type\":\"BreadcrumbList\",\"@id\":\"https:\\\/\\\/www.encontrabomretiro.com.br\\\/sobre\\\/seminario-milton-santos-100-anos\\\/#breadcrumblist\",\"itemListElement\":[{\"@type\":\"ListItem\",\"@id\":\"https:\\\/\\\/www.encontrabomretiro.com.br\\\/sobre#listItem\",\"position\":1,\"name\":\"Dom\\u00e9stica\",\"item\":\"https:\\\/\\\/www.encontrabomretiro.com.br\\\/sobre\",\"nextItem\":{\"@type\":\"ListItem\",\"@id\":\"https:\\\/\\\/www.encontrabomretiro.com.br\\\/sobre\\\/noticias-no-bom-retiro\\\/#listItem\",\"name\":\"Not\\u00edcias Bom Retiro\"}},{\"@type\":\"ListItem\",\"@id\":\"https:\\\/\\\/www.encontrabomretiro.com.br\\\/sobre\\\/noticias-no-bom-retiro\\\/#listItem\",\"position\":2,\"name\":\"Not\\u00edcias Bom Retiro\",\"item\":\"https:\\\/\\\/www.encontrabomretiro.com.br\\\/sobre\\\/noticias-no-bom-retiro\\\/\",\"nextItem\":{\"@type\":\"ListItem\",\"@id\":\"https:\\\/\\\/www.encontrabomretiro.com.br\\\/sobre\\\/seminario-milton-santos-100-anos\\\/#listItem\",\"name\":\"Semin\\u00e1rio Milton Santos 100 Anos\"},\"previousItem\":{\"@type\":\"ListItem\",\"@id\":\"https:\\\/\\\/www.encontrabomretiro.com.br\\\/sobre#listItem\",\"name\":\"Dom\\u00e9stica\"}},{\"@type\":\"ListItem\",\"@id\":\"https:\\\/\\\/www.encontrabomretiro.com.br\\\/sobre\\\/seminario-milton-santos-100-anos\\\/#listItem\",\"position\":3,\"name\":\"Semin\\u00e1rio Milton Santos 100 Anos\",\"previousItem\":{\"@type\":\"ListItem\",\"@id\":\"https:\\\/\\\/www.encontrabomretiro.com.br\\\/sobre\\\/noticias-no-bom-retiro\\\/#listItem\",\"name\":\"Not\\u00edcias Bom Retiro\"}}]},{\"@type\":\"Organization\",\"@id\":\"https:\\\/\\\/www.encontrabomretiro.com.br\\\/sobre\\\/#organization\",\"name\":\"Encontra Bom Retiro\",\"description\":\"Not\\u00edcias, eventos, informa\\u00e7\\u00f5es e dicas no bairro do Bom Retiro e regi\\u00e3o.\",\"url\":\"https:\\\/\\\/www.encontrabomretiro.com.br\\\/sobre\\\/\"},{\"@type\":\"Person\",\"@id\":\"https:\\\/\\\/www.encontrabomretiro.com.br\\\/sobre\\\/author\\\/ebomretiro\\\/#author\",\"url\":\"https:\\\/\\\/www.encontrabomretiro.com.br\\\/sobre\\\/author\\\/ebomretiro\\\/\",\"name\":\"Encontra Bom Retiro\",\"image\":{\"@type\":\"ImageObject\",\"@id\":\"https:\\\/\\\/www.encontrabomretiro.com.br\\\/sobre\\\/seminario-milton-santos-100-anos\\\/#authorImage\",\"url\":\"https:\\\/\\\/secure.gravatar.com\\\/avatar\\\/507340682b8270222e1f208e23198b6ae7e2c6a1033ae84e99bc6bce4f82a387?s=96&d=mm&r=g\",\"width\":96,\"height\":96,\"caption\":\"Encontra Bom Retiro\"}},{\"@type\":\"WebPage\",\"@id\":\"https:\\\/\\\/www.encontrabomretiro.com.br\\\/sobre\\\/seminario-milton-santos-100-anos\\\/#webpage\",\"url\":\"https:\\\/\\\/www.encontrabomretiro.com.br\\\/sobre\\\/seminario-milton-santos-100-anos\\\/\",\"name\":\"Semin\\u00e1rio Milton Santos 100 Anos | Encontra Bom Retiro\",\"description\":\"Semin\\u00e1rio Milton Santos 100 Anos discute a atualidade do pensamento do ge\\u00f3grafo.\",\"inLanguage\":\"pt-BR\",\"isPartOf\":{\"@id\":\"https:\\\/\\\/www.encontrabomretiro.com.br\\\/sobre\\\/#website\"},\"breadcrumb\":{\"@id\":\"https:\\\/\\\/www.encontrabomretiro.com.br\\\/sobre\\\/seminario-milton-santos-100-anos\\\/#breadcrumblist\"},\"author\":{\"@id\":\"https:\\\/\\\/www.encontrabomretiro.com.br\\\/sobre\\\/author\\\/ebomretiro\\\/#author\"},\"creator\":{\"@id\":\"https:\\\/\\\/www.encontrabomretiro.com.br\\\/sobre\\\/author\\\/ebomretiro\\\/#author\"},\"image\":{\"@type\":\"ImageObject\",\"url\":\"https:\\\/\\\/www.encontrabomretiro.com.br\\\/sobre\\\/wp-content\\\/uploads\\\/2026\\\/05\\\/seminario-milton-santos-100-anos.webp\",\"@id\":\"https:\\\/\\\/www.encontrabomretiro.com.br\\\/sobre\\\/seminario-milton-santos-100-anos\\\/#mainImage\",\"width\":280,\"height\":280,\"caption\":\"Semin\\u00e1rio Milton Santos 100 Anos\"},\"primaryImageOfPage\":{\"@id\":\"https:\\\/\\\/www.encontrabomretiro.com.br\\\/sobre\\\/seminario-milton-santos-100-anos\\\/#mainImage\"},\"datePublished\":\"2026-05-04T09:41:41-02:00\",\"dateModified\":\"2026-05-04T09:41:41-02:00\"},{\"@type\":\"WebSite\",\"@id\":\"https:\\\/\\\/www.encontrabomretiro.com.br\\\/sobre\\\/#website\",\"url\":\"https:\\\/\\\/www.encontrabomretiro.com.br\\\/sobre\\\/\",\"name\":\"Encontra Bom Retiro\",\"description\":\"Not\\u00edcias, eventos, informa\\u00e7\\u00f5es e dicas no bairro do Bom Retiro e regi\\u00e3o.\",\"inLanguage\":\"pt-BR\",\"publisher\":{\"@id\":\"https:\\\/\\\/www.encontrabomretiro.com.br\\\/sobre\\\/#organization\"}}]}\n\t\t<\/script>\n\t\t<!-- All in One SEO -->\n\n","aioseo_head_json":{"title":"Semin\u00e1rio Milton Santos 100 Anos | Encontra Bom Retiro","description":"Semin\u00e1rio Milton Santos 100 Anos discute a atualidade do pensamento do ge\u00f3grafo.","canonical_url":"https:\/\/www.encontrabomretiro.com.br\/sobre\/seminario-milton-santos-100-anos\/","robots":"max-image-preview:large","keywords":"","webmasterTools":{"miscellaneous":""},"schema":{"@context":"https:\/\/schema.org","@graph":[{"@type":"Article","@id":"https:\/\/www.encontrabomretiro.com.br\/sobre\/seminario-milton-santos-100-anos\/#article","name":"Semin\u00e1rio Milton Santos 100 Anos | Encontra Bom Retiro","headline":"Semin\u00e1rio Milton Santos 100 Anos","author":{"@id":"https:\/\/www.encontrabomretiro.com.br\/sobre\/author\/ebomretiro\/#author"},"publisher":{"@id":"https:\/\/www.encontrabomretiro.com.br\/sobre\/#organization"},"image":{"@type":"ImageObject","url":"https:\/\/www.encontrabomretiro.com.br\/sobre\/wp-content\/uploads\/2026\/05\/seminario-milton-santos-100-anos.webp","width":280,"height":280,"caption":"Semin\u00e1rio Milton Santos 100 Anos"},"datePublished":"2026-05-04T09:41:41-02:00","dateModified":"2026-05-04T09:41:41-02:00","inLanguage":"pt-BR","mainEntityOfPage":{"@id":"https:\/\/www.encontrabomretiro.com.br\/sobre\/seminario-milton-santos-100-anos\/#webpage"},"isPartOf":{"@id":"https:\/\/www.encontrabomretiro.com.br\/sobre\/seminario-milton-santos-100-anos\/#webpage"},"articleSection":"Not\u00edcias Bom Retiro"},{"@type":"BreadcrumbList","@id":"https:\/\/www.encontrabomretiro.com.br\/sobre\/seminario-milton-santos-100-anos\/#breadcrumblist","itemListElement":[{"@type":"ListItem","@id":"https:\/\/www.encontrabomretiro.com.br\/sobre#listItem","position":1,"name":"Dom\u00e9stica","item":"https:\/\/www.encontrabomretiro.com.br\/sobre","nextItem":{"@type":"ListItem","@id":"https:\/\/www.encontrabomretiro.com.br\/sobre\/noticias-no-bom-retiro\/#listItem","name":"Not\u00edcias Bom Retiro"}},{"@type":"ListItem","@id":"https:\/\/www.encontrabomretiro.com.br\/sobre\/noticias-no-bom-retiro\/#listItem","position":2,"name":"Not\u00edcias Bom Retiro","item":"https:\/\/www.encontrabomretiro.com.br\/sobre\/noticias-no-bom-retiro\/","nextItem":{"@type":"ListItem","@id":"https:\/\/www.encontrabomretiro.com.br\/sobre\/seminario-milton-santos-100-anos\/#listItem","name":"Semin\u00e1rio Milton Santos 100 Anos"},"previousItem":{"@type":"ListItem","@id":"https:\/\/www.encontrabomretiro.com.br\/sobre#listItem","name":"Dom\u00e9stica"}},{"@type":"ListItem","@id":"https:\/\/www.encontrabomretiro.com.br\/sobre\/seminario-milton-santos-100-anos\/#listItem","position":3,"name":"Semin\u00e1rio Milton Santos 100 Anos","previousItem":{"@type":"ListItem","@id":"https:\/\/www.encontrabomretiro.com.br\/sobre\/noticias-no-bom-retiro\/#listItem","name":"Not\u00edcias Bom Retiro"}}]},{"@type":"Organization","@id":"https:\/\/www.encontrabomretiro.com.br\/sobre\/#organization","name":"Encontra Bom Retiro","description":"Not\u00edcias, eventos, informa\u00e7\u00f5es e dicas no bairro do Bom Retiro e regi\u00e3o.","url":"https:\/\/www.encontrabomretiro.com.br\/sobre\/"},{"@type":"Person","@id":"https:\/\/www.encontrabomretiro.com.br\/sobre\/author\/ebomretiro\/#author","url":"https:\/\/www.encontrabomretiro.com.br\/sobre\/author\/ebomretiro\/","name":"Encontra Bom Retiro","image":{"@type":"ImageObject","@id":"https:\/\/www.encontrabomretiro.com.br\/sobre\/seminario-milton-santos-100-anos\/#authorImage","url":"https:\/\/secure.gravatar.com\/avatar\/507340682b8270222e1f208e23198b6ae7e2c6a1033ae84e99bc6bce4f82a387?s=96&d=mm&r=g","width":96,"height":96,"caption":"Encontra Bom Retiro"}},{"@type":"WebPage","@id":"https:\/\/www.encontrabomretiro.com.br\/sobre\/seminario-milton-santos-100-anos\/#webpage","url":"https:\/\/www.encontrabomretiro.com.br\/sobre\/seminario-milton-santos-100-anos\/","name":"Semin\u00e1rio Milton Santos 100 Anos | Encontra Bom Retiro","description":"Semin\u00e1rio Milton Santos 100 Anos discute a atualidade do pensamento do ge\u00f3grafo.","inLanguage":"pt-BR","isPartOf":{"@id":"https:\/\/www.encontrabomretiro.com.br\/sobre\/#website"},"breadcrumb":{"@id":"https:\/\/www.encontrabomretiro.com.br\/sobre\/seminario-milton-santos-100-anos\/#breadcrumblist"},"author":{"@id":"https:\/\/www.encontrabomretiro.com.br\/sobre\/author\/ebomretiro\/#author"},"creator":{"@id":"https:\/\/www.encontrabomretiro.com.br\/sobre\/author\/ebomretiro\/#author"},"image":{"@type":"ImageObject","url":"https:\/\/www.encontrabomretiro.com.br\/sobre\/wp-content\/uploads\/2026\/05\/seminario-milton-santos-100-anos.webp","@id":"https:\/\/www.encontrabomretiro.com.br\/sobre\/seminario-milton-santos-100-anos\/#mainImage","width":280,"height":280,"caption":"Semin\u00e1rio Milton Santos 100 Anos"},"primaryImageOfPage":{"@id":"https:\/\/www.encontrabomretiro.com.br\/sobre\/seminario-milton-santos-100-anos\/#mainImage"},"datePublished":"2026-05-04T09:41:41-02:00","dateModified":"2026-05-04T09:41:41-02:00"},{"@type":"WebSite","@id":"https:\/\/www.encontrabomretiro.com.br\/sobre\/#website","url":"https:\/\/www.encontrabomretiro.com.br\/sobre\/","name":"Encontra Bom Retiro","description":"Not\u00edcias, eventos, informa\u00e7\u00f5es e dicas no bairro do Bom Retiro e regi\u00e3o.","inLanguage":"pt-BR","publisher":{"@id":"https:\/\/www.encontrabomretiro.com.br\/sobre\/#organization"}}]},"og:locale":"pt_BR","og:site_name":"Encontra Bom Retiro | Not\u00edcias, eventos, informa\u00e7\u00f5es e dicas no bairro do Bom Retiro e regi\u00e3o.","og:type":"article","og:title":"Semin\u00e1rio Milton Santos 100 Anos | Encontra Bom Retiro","og:description":"Semin\u00e1rio Milton Santos 100 Anos discute a atualidade do pensamento do ge\u00f3grafo.","og:url":"https:\/\/www.encontrabomretiro.com.br\/sobre\/seminario-milton-santos-100-anos\/","article:published_time":"2026-05-04T11:41:41+00:00","article:modified_time":"2026-05-04T11:41:41+00:00","twitter:card":"summary_large_image","twitter:title":"Semin\u00e1rio Milton Santos 100 Anos | Encontra Bom Retiro","twitter:description":"Semin\u00e1rio Milton Santos 100 Anos discute a atualidade do pensamento do ge\u00f3grafo."},"aioseo_meta_data":{"post_id":"2764","title":null,"description":null,"keywords":null,"keyphrases":null,"primary_term":null,"canonical_url":null,"og_title":null,"og_description":null,"og_object_type":"default","og_image_type":"default","og_image_url":null,"og_image_width":null,"og_image_height":null,"og_image_custom_url":null,"og_image_custom_fields":null,"og_video":null,"og_custom_url":null,"og_article_section":null,"og_article_tags":null,"twitter_use_og":false,"twitter_card":"default","twitter_image_type":"default","twitter_image_url":null,"twitter_image_custom_url":null,"twitter_image_custom_fields":null,"twitter_title":null,"twitter_description":null,"schema":{"blockGraphs":[],"customGraphs":[],"default":{"data":{"Article":[],"Course":[],"Dataset":[],"FAQPage":[],"Movie":[],"Person":[],"Product":[],"ProductReview":[],"Car":[],"Recipe":[],"Service":[],"SoftwareApplication":[],"WebPage":[]},"graphName":"Article","isEnabled":true},"graphs":[]},"schema_type":"default","schema_type_options":null,"pillar_content":false,"robots_default":true,"robots_noindex":false,"robots_noarchive":false,"robots_nosnippet":false,"robots_nofollow":false,"robots_noimageindex":false,"robots_noodp":false,"robots_notranslate":false,"robots_max_snippet":null,"robots_max_videopreview":null,"robots_max_imagepreview":"large","priority":null,"frequency":null,"local_seo":null,"breadcrumb_settings":null,"limit_modified_date":false,"ai":null,"created":"2026-05-04 11:41:43","updated":"2026-05-04 11:42:59","focus_keyword":null,"additional_keywords":null,"truseo_locale":null,"seo_analyzer_scan_date":null},"aioseo_breadcrumb":"<div class=\"aioseo-breadcrumbs\"><span class=\"aioseo-breadcrumb\">\n\t\t\t<a href=\"https:\/\/www.encontrabomretiro.com.br\/sobre\" title=\"Dom\u00e9stica\">Dom\u00e9stica<\/a>\n\t\t<\/span><span class=\"aioseo-breadcrumb-separator\">&raquo;<\/span><span class=\"aioseo-breadcrumb\">\n\t\t\t<a href=\"https:\/\/www.encontrabomretiro.com.br\/sobre\/noticias-no-bom-retiro\/\" title=\"Not\u00edcias Bom Retiro\">Not\u00edcias Bom Retiro<\/a>\n\t\t<\/span><span class=\"aioseo-breadcrumb-separator\">&raquo;<\/span><span class=\"aioseo-breadcrumb\">\n\t\t\tSemin\u00e1rio Milton Santos 100 Anos\n\t\t<\/span><\/div>","aioseo_breadcrumb_json":[{"label":"Dom\u00e9stica","link":"https:\/\/www.encontrabomretiro.com.br\/sobre"},{"label":"Not\u00edcias Bom Retiro","link":"https:\/\/www.encontrabomretiro.com.br\/sobre\/noticias-no-bom-retiro\/"},{"label":"Semin\u00e1rio Milton Santos 100 Anos","link":"https:\/\/www.encontrabomretiro.com.br\/sobre\/seminario-milton-santos-100-anos\/"}],"_links":{"self":[{"href":"https:\/\/www.encontrabomretiro.com.br\/sobre\/wp-json\/wp\/v2\/posts\/2764","targetHints":{"allow":["GET"]}}],"collection":[{"href":"https:\/\/www.encontrabomretiro.com.br\/sobre\/wp-json\/wp\/v2\/posts"}],"about":[{"href":"https:\/\/www.encontrabomretiro.com.br\/sobre\/wp-json\/wp\/v2\/types\/post"}],"author":[{"embeddable":true,"href":"https:\/\/www.encontrabomretiro.com.br\/sobre\/wp-json\/wp\/v2\/users\/1"}],"replies":[{"embeddable":true,"href":"https:\/\/www.encontrabomretiro.com.br\/sobre\/wp-json\/wp\/v2\/comments?post=2764"}],"version-history":[{"count":0,"href":"https:\/\/www.encontrabomretiro.com.br\/sobre\/wp-json\/wp\/v2\/posts\/2764\/revisions"}],"wp:featuredmedia":[{"embeddable":true,"href":"https:\/\/www.encontrabomretiro.com.br\/sobre\/wp-json\/wp\/v2\/media\/2763"}],"wp:attachment":[{"href":"https:\/\/www.encontrabomretiro.com.br\/sobre\/wp-json\/wp\/v2\/media?parent=2764"}],"wp:term":[{"taxonomy":"category","embeddable":true,"href":"https:\/\/www.encontrabomretiro.com.br\/sobre\/wp-json\/wp\/v2\/categories?post=2764"},{"taxonomy":"post_tag","embeddable":true,"href":"https:\/\/www.encontrabomretiro.com.br\/sobre\/wp-json\/wp\/v2\/tags?post=2764"}],"curies":[{"name":"wp","href":"https:\/\/api.w.org\/{rel}","templated":true}]}}