{"id":2748,"date":"2026-04-30T10:05:44","date_gmt":"2026-04-30T12:05:44","guid":{"rendered":"https:\/\/www.encontrabomretiro.com.br\/sobre\/marcos-suzano-faz-espetaculo-gratuito-no-dia-do-trabalho-no-sesc-bom-retiro-em-sao-paulo\/"},"modified":"2026-04-30T10:05:44","modified_gmt":"2026-04-30T12:05:44","slug":"marcos-suzano-faz-espetaculo-gratuito-no-dia-do-trabalho-no-sesc-bom-retiro-em-sao-paulo","status":"publish","type":"post","link":"https:\/\/www.encontrabomretiro.com.br\/sobre\/marcos-suzano-faz-espetaculo-gratuito-no-dia-do-trabalho-no-sesc-bom-retiro-em-sao-paulo\/","title":{"rendered":"Marcos Suzano faz espet\u00e1culo gratuito no Dia do Trabalho, no Sesc Bom Retiro, em S\u00e3o Paulo"},"content":{"rendered":"<div class=\"228b65ae207de3c5c501cfe75875708b\" data-index=\"1\" style=\"float: none; margin:0px;\">\n<!-- Anuncio display - global -->\r\n<ins class=\"adsbygoogle\"\r\n     style=\"display:block\"\r\n     data-ad-client=\"ca-pub-8585364105181520\"\r\n     data-ad-slot=\"8789329856\"\r\n     data-ad-format=\"auto\"\r\n     data-full-width-responsive=\"true\"><\/ins>\r\n<script>\r\n     (adsbygoogle = window.adsbygoogle || []).push({});\r\n<\/script>\n<\/div>\n<h2>Um Dia do Trabalho Diferente<\/h2>\n<p>No dia 1\u00ba de maio, celebramos o Dia do Trabalho, uma data importante que homenageia os trabalhadores e as suas conquistas. Este ano, a celebra\u00e7\u00e3o ganha uma nova dimens\u00e3o com a apresenta\u00e7\u00e3o do renomado m\u00fasico e percussionista <strong>Marcos Suzano<\/strong>. Ele se apresentar\u00e1 gratuitamente no <strong>Sesc Bom Retiro<\/strong>, em S\u00e3o Paulo, \u00e0s 16h.<\/p>\n<h2>O que Esperar do Show de Marcos Suzano<\/h2>\n<p>O espet\u00e1culo promete ser uma verdadeira viagem musical, onde a m\u00fasica e o trabalho se entrela\u00e7am. Marcos Suzano, conhecido por seu talento e criatividade, ao lado de m\u00fasicos como Edu Neves e Guilherme G\u00ea, mostrar\u00e1 como a arte pode transformar as obriga\u00e7\u00f5es do dia a dia em momentos agrad\u00e1veis e inspiradores. O show ser\u00e1 realizado na pra\u00e7a de conviv\u00eancia do Sesc, criando um ambiente acolhedor e animado.<\/p>\n<h2>A Oportunidade de Ver um Artista Incr\u00edvel<\/h2>\n<p>Assistir a um show de <strong>Marcos Suzano<\/strong> \u00e9 uma oportunidade \u00fanica de ver um artista que n\u00e3o s\u00f3 toca, mas tamb\u00e9m reinventa a forma como a m\u00fasica \u00e9 apreciada. Ele \u00e9 um virtuose na percuss\u00e3o e tem uma rica bagagem musical que inclui colabora\u00e7\u00f5es com grandes nomes da m\u00fasica brasileira, como <strong>Lenine<\/strong> e <strong>Chico Science<\/strong>. Cada apresenta\u00e7\u00e3o dele \u00e9 uma nova experi\u00eancia, repleta de surpresas e inova\u00e7\u00f5es sonoras.<\/p>\n<p><img decoding=\"async\" src=\"https:\/\/www.encontrabomretiro.com.br\/sobre\/wp-content\/uploads\/2026\/04\/marcos-suzano-faz-espetaculo-gratuito-no-dia-do-trabalho-no-sesc-bom-retiro-em-sao-paulo.webp\" alt=\"Marcos Suzano show gratuito\" loading=\"lazy\" \/><\/p>\n<h2>Atra\u00e7\u00f5es de Marcos Suzano<\/h2>\n<p>Durante o show, o repert\u00f3rio incluir\u00e1 cl\u00e1ssicos de suas obras anteriores, bem como composi\u00e7\u00f5es de outros artistas relevantes na cena musical. O foco ser\u00e1 no pandeiro, instrumento que ele traz para o centro das aten\u00e7\u00f5es atrav\u00e9s de suas t\u00e9cnicas inovadoras. A mistura de sons tradicionais com ritmos contempor\u00e2neos promete encantar o p\u00fablico.<\/p>\n<h2>A Import\u00e2ncia da M\u00fasica no Trabalho<\/h2>\n<p>A m\u00fasica tem o poder de transformar ambientes e inspirar. Em situa\u00e7\u00f5es de trabalho, a presen\u00e7a de sons agrad\u00e1veis pode aumentar a produtividade e o bem-estar. O show de Marcos Suzano vem refor\u00e7ar essa mensagem, mostrando que a criatividade e o trabalho podem coexistir de forma harmoniosa.<\/p>\n<h2>Criatividade e M\u00fasica: Uma Combina\u00e7\u00e3o Perfeita<\/h2>\n<p>Quando criamos um ambiente onde a m\u00fasica \u00e9 valorizada, estimulamos a criatividade. Suzano utiliza diversos instrumentos e t\u00e9cnicas que mesclam a tradi\u00e7\u00e3o com a inova\u00e7\u00e3o, o que resulta em uma experi\u00eancia sonora rica e diversificada. Suas performances desafiam a no\u00e7\u00e3o de que m\u00fasica e trabalho s\u00e3o opostos, mostrando que a arte pode ser um catalisador de novas ideias e abordagens no ambiente profissional.<\/p>\n<h2>Como a M\u00fasica Pode Inspirar o Trabalho<\/h2>\n<p>A m\u00fasica pode atuar como uma forma de motiva\u00e7\u00e3o, ajudando a aliviar o estresse e a criar um clima de camaradagem entre os trabalhadores. O show de Suzano \u00e9 um lembrete de que ao integrar a m\u00fasica ao cotidiano, podemos melhorar nossa qualidade de vida e nossa rela\u00e7\u00e3o com o trabalho. A criatividade trazida por Suzano pode inspirar novas maneiras de pensar e agir nas nossas tarefas di\u00e1rias.<\/p>\n<h2>Cultura e Presen\u00e7a no Sesc<\/h2>\n<p>O Sesc, uma institui\u00e7\u00e3o que promove acesso \u00e0 cultura e lazer, \u00e9 o local ideal para um evento dessa magnitude. Al\u00e9m do show, o Sesc Bom Retiro oferece uma variedade de atividades culturais e educativas, tornando-se um ponto de encontro para os amantes da arte. Participar de eventos como esse enriquece a vida da comunidade, promovendo um senso de pertencimento e valoriza\u00e7\u00e3o de manifesta\u00e7\u00f5es art\u00edsticas.<\/p>\n<h2>Detalhes do Evento no Sesc Bom Retiro<\/h2>\n<p>O show est\u00e1 marcado para a sexta-feira, dia 1\u00ba de maio, \u00e0s 16h, na <strong>Alameda Nothmann, 185, Campos El\u00edseos, S\u00e3o Paulo<\/strong>. A entrada \u00e9 gratuita, proporcionando acesso para todos que desejam celebrar o Dia do Trabalho de uma maneira diferente.<\/p>\n<h2>Prepare-se para a Experi\u00eancia Musical<\/h2>\n<p>Para aproveitar ao m\u00e1ximo o evento, \u00e9 aconselh\u00e1vel chegar com anteced\u00eancia. A pra\u00e7a do Sesc Bom Retiro ter\u00e1 um ambiente preparado para receber o p\u00fablico, e a expectativa \u00e9 de que seja um dia repleto de alegria e celebra\u00e7\u00e3o da m\u00fasica. Leve seus amigos e familiares e.prepare-se para uma tarde \u00fanica, onde a m\u00fasica ser\u00e1 a estrela do dia.<\/p>\n\n<div style=\"font-size: 0px; height: 0px; line-height: 0px; margin: 0; padding: 0; clear: both;\"><\/div>","protected":false},"excerpt":{"rendered":"<p>Marcos Suzano encanta com espet\u00e1culo gratuito no Dia do Trabalho em S\u00e3o Paulo.<\/p>\n","protected":false},"author":1,"featured_media":2747,"comment_status":"open","ping_status":"closed","sticky":false,"template":"","format":"standard","meta":{"footnotes":""},"categories":[6],"tags":[],"class_list":["post-2748","post","type-post","status-publish","format-standard","has-post-thumbnail","hentry","category-noticias-no-bom-retiro","has_thumb"],"aioseo_notices":[],"_links":{"self":[{"href":"https:\/\/www.encontrabomretiro.com.br\/sobre\/wp-json\/wp\/v2\/posts\/2748","targetHints":{"allow":["GET"]}}],"collection":[{"href":"https:\/\/www.encontrabomretiro.com.br\/sobre\/wp-json\/wp\/v2\/posts"}],"about":[{"href":"https:\/\/www.encontrabomretiro.com.br\/sobre\/wp-json\/wp\/v2\/types\/post"}],"author":[{"embeddable":true,"href":"https:\/\/www.encontrabomretiro.com.br\/sobre\/wp-json\/wp\/v2\/users\/1"}],"replies":[{"embeddable":true,"href":"https:\/\/www.encontrabomretiro.com.br\/sobre\/wp-json\/wp\/v2\/comments?post=2748"}],"version-history":[{"count":0,"href":"https:\/\/www.encontrabomretiro.com.br\/sobre\/wp-json\/wp\/v2\/posts\/2748\/revisions"}],"wp:featuredmedia":[{"embeddable":true,"href":"https:\/\/www.encontrabomretiro.com.br\/sobre\/wp-json\/wp\/v2\/media\/2747"}],"wp:attachment":[{"href":"https:\/\/www.encontrabomretiro.com.br\/sobre\/wp-json\/wp\/v2\/media?parent=2748"}],"wp:term":[{"taxonomy":"category","embeddable":true,"href":"https:\/\/www.encontrabomretiro.com.br\/sobre\/wp-json\/wp\/v2\/categories?post=2748"},{"taxonomy":"post_tag","embeddable":true,"href":"https:\/\/www.encontrabomretiro.com.br\/sobre\/wp-json\/wp\/v2\/tags?post=2748"}],"curies":[{"name":"wp","href":"https:\/\/api.w.org\/{rel}","templated":true}]}}