{"id":2742,"date":"2026-04-29T10:03:06","date_gmt":"2026-04-29T12:03:06","guid":{"rendered":"https:\/\/www.encontrabomretiro.com.br\/sobre\/noite-das-livrarias-veja-fotos-da-primeira-edicao\/"},"modified":"2026-04-29T10:03:06","modified_gmt":"2026-04-29T12:03:06","slug":"noite-das-livrarias-veja-fotos-da-primeira-edicao","status":"publish","type":"post","link":"https:\/\/www.encontrabomretiro.com.br\/sobre\/noite-das-livrarias-veja-fotos-da-primeira-edicao\/","title":{"rendered":"Noite das Livrarias: veja fotos da primeira edi\u00e7\u00e3o"},"content":{"rendered":"<div class=\"228b65ae207de3c5c501cfe75875708b\" data-index=\"1\" style=\"float: none; margin:0px;\">\n<!-- Anuncio display - global -->\r\n<ins class=\"adsbygoogle\"\r\n     style=\"display:block\"\r\n     data-ad-client=\"ca-pub-8585364105181520\"\r\n     data-ad-slot=\"8789329856\"\r\n     data-ad-format=\"auto\"\r\n     data-full-width-responsive=\"true\"><\/ins>\r\n<script>\r\n     (adsbygoogle = window.adsbygoogle || []).push({});\r\n<\/script>\n<\/div>\n<h2>Um Novo Cap\u00edtulo para as Livrarias<\/h2>\n<p>A primeira edi\u00e7\u00e3o da <strong>Noite das Livrarias<\/strong> foi um marco significativo no cen\u00e1rio liter\u00e1rio do Brasil, ocorrendo na \u00faltima quinta-feira, 23 de abril de 2026. Este evento inovador buscou reconectar as pessoas com as livrarias de rua, estimulando o p\u00fablico a descobrir e celebrar esses espa\u00e7os culturais vitais. A a\u00e7\u00e3o foi realizada em 86 livrarias espalhadas por 30 cidades brasileiras, abrangendo nove estados e o Distrito Federal, marcando um momento de uni\u00e3o entre leitores e os ambientes dedicados \u00e0 literatura.<\/p>\n<h2>Celebra\u00e7\u00e3o da Cultura Liter\u00e1ria<\/h2>\n<p>A Noite das Livrarias foi mais do que um simples evento; foi uma verdadeira celebra\u00e7\u00e3o da cultura liter\u00e1ria. Acontecimentos variados estavam programados, incluindo lan\u00e7amentos de livros, festas do pijama, mesas de debate, performances musicais e sess\u00f5es de leitura silenciosa. Todas as atividades foram gratuitas, permitindo que comunidade se envolvesse sem barreiras financeiras, refor\u00e7ando a acessibilidade e a import\u00e2ncia das livrarias na vida cotidiana de todos.<\/p>\n<h2>Eventos Noturnos e Atividades Diversas<\/h2>\n<p>As livrarias participantes se destacaram pela diversidade de eventos oferecidos. Algumas realizaram oficinas pr\u00e1ticas, onde os visitantes puderam aprender novas habilidades relacionadas ao mundo liter\u00e1rio. Outras livrarias foram palco de clubes de leitura e eventos de impress\u00e3o, criando um ambiente inclusivo onde todos tinham a chance de interagir e se expressar. Os organizadores esperavam que a Noite das Livrarias se tornasse uma tradi\u00e7\u00e3o anual, contribuindo de maneira cont\u00ednua para a viv\u00eancia cultural e liter\u00e1ria nas comunidades locais.<\/p>\n<p><img decoding=\"async\" src=\"https:\/\/www.encontrabomretiro.com.br\/sobre\/wp-content\/uploads\/2026\/04\/noite-das-livrarias-veja-fotos-da-primeira-edicao.webp\" alt=\"Noite das Livrarias\" loading=\"lazy\" \/><\/p>\n<h2>A Import\u00e2ncia das Livrarias de Rua<\/h2>\n<p>As livrarias de rua desempenham um papel essencial na promo\u00e7\u00e3o da cultura e no fortalecimento da comunidade. O editor e livreiro <strong>Jo\u00e3o Varella<\/strong>, da Banca Tatu\u00ed, destacou que esses espa\u00e7os representam mais do que a simples venda de livros; s\u00e3o locais de encontro e troca cultural. Segundo ele, &#8220;o leitor n\u00e3o busca apenas um livro, mas tamb\u00e9m quer um espa\u00e7o que promova a troca de ideias e experi\u00eancias&#8221;. Essa vis\u00e3o ressoou em muitos dos relatos dos participantes, que comentaram sobre a atmosfera colaborativa e vibrante proporcionada durante o evento.<\/p>\n<h2>Imagens que Contam uma Hist\u00f3ria<\/h2>\n<p>Para capturar a ess\u00eancia do evento, v\u00e1rias livrarias compartilharam fotografias que registram os momentos mais marcantes da Noite das Livrarias. Desde filas de leitores empolgados at\u00e9 imagens de grupos reunidos em torno de mesas de discuss\u00e3o, cada foto conta uma hist\u00f3ria sobre a paix\u00e3o pela leitura e o desejo de compartilhar experi\u00eancias. Essas imagens refletem o sucesso do evento e sua recep\u00e7\u00e3o calorosa pelo p\u00fablico.<\/p>\n<h2>Cidades Participantes e suas Atra\u00e7\u00f5es<\/h2>\n<p>O evento abrangeu cidades de diversas regi\u00f5es do Brasil, como S\u00e3o Paulo, Rio de Janeiro, Belo Horizonte, e Curitiba, proporcionando eventos customizados que atendiam \u00e0s caracter\u00edsticas locais. Em S\u00e3o Paulo, por exemplo, a Banca Tatu\u00ed e a Livraria Gr\u00e1fica atra\u00edram grandes multid\u00f5es, enquanto no Rio de Janeiro, livrarias como a >Antropos\u00f3fica e Pirata marcaram presen\u00e7a com suas programa\u00e7\u00f5es especiais. As livrarias em outras cidades tamb\u00e9m inovaram, apresentando atra\u00e7\u00f5es que refletiam as particularidades culturais de suas localidades.<\/p>\n<h2>O Olhar de Especialistas sobre o Evento<\/h2>\n<p>Especialistas em literatura e cultura analisaram a import\u00e2ncia da Noite das Livrarias, considerando-a uma lufada de ar fresco para o mercado editorial. Para muitos, o evento serve como um modelo para futuras iniciativas que buscam revitalizar e fortalecer o relacionamento entre leitores e suas livrarias locais. O retorno positivo obtido pelos organizadores por meio de feedbacks e coment\u00e1rios nas redes sociais demonstrou que o p\u00fablico est\u00e1 sedento por mais intera\u00e7\u00f5es e experi\u00eancias do tipo.<\/p>\n<h2>Feedback dos Leitores e Livreiros<\/h2>\n<p>As opini\u00f5es coletadas de leitores e livreiros ao longo da Noite das Livrarias foram un\u00e2nimes: a recep\u00e7\u00e3o ao evento foi extremamente positiva. Os livreiros relataram que as vendas aumentaram significativamente, e os leitores expressaram sua satisfa\u00e7\u00e3o em participar de uma noite desenhada para celebrar a literatura. Cr\u00edticas construtivas sugeriram expandir o n\u00famero de atividades e incluir maiores intera\u00e7\u00f5es, como grupos de discuss\u00e3o e debates, nas pr\u00f3ximas edi\u00e7\u00f5es.<\/p>\n<h2>Expectativas para a Pr\u00f3xima Edi\u00e7\u00e3o<\/h2>\n<p>Diante do sucesso da primeira edi\u00e7\u00e3o, as expectativas para futuras Noites das Livrarias s\u00e3o altas. Organiza\u00e7\u00f5es e livreiros j\u00e1 est\u00e3o planejando novos eventos que n\u00e3o apenas manter\u00e3o o envolvimento da comunidade, mas tamb\u00e9m atender\u00e3o \u00e0s demandas e interesses dos leitores. Iniciativas para criar mais op\u00e7\u00f5es interativas e alguma forma de itiner\u00e2ncia entre livrarias diferentes tamb\u00e9m est\u00e3o sendo discutidas, para ampliar ainda mais o alcance e o impacto do evento.<\/p>\n<h2>Como Participar e Apoiar as Livrarias<\/h2>\n<p>Participar e apoiar as livrarias \u00e9 simples. Os interessados podem se inscrever nas newsletters das livrarias, seguir suas redes sociais e participar ativamente dos eventos que oferecem ao longo do ano. Al\u00e9m disso, o compromisso de frequentar as livrarias locais e comprar livros nelas \u00e9 um gesto importante que ajuda a fortalecer a cultura liter\u00e1ria em cada cidade. Este ato n\u00e3o apenas promove o mercado local, mas tamb\u00e9m mant\u00e9m vivo o esp\u00edrito de comunidade que o evento da Noite das Livrarias pretendia evocar.<\/p>\n\n<div style=\"font-size: 0px; height: 0px; line-height: 0px; margin: 0; padding: 0; clear: both;\"><\/div>","protected":false},"excerpt":{"rendered":"<p>Noite das Livrarias: descubra como foi a primeira edi\u00e7\u00e3o e veja fotos exclusivas.<\/p>\n","protected":false},"author":1,"featured_media":2741,"comment_status":"open","ping_status":"closed","sticky":false,"template":"","format":"standard","meta":{"footnotes":""},"categories":[6],"tags":[],"class_list":["post-2742","post","type-post","status-publish","format-standard","has-post-thumbnail","hentry","category-noticias-no-bom-retiro","has_thumb"],"aioseo_notices":[],"_links":{"self":[{"href":"https:\/\/www.encontrabomretiro.com.br\/sobre\/wp-json\/wp\/v2\/posts\/2742","targetHints":{"allow":["GET"]}}],"collection":[{"href":"https:\/\/www.encontrabomretiro.com.br\/sobre\/wp-json\/wp\/v2\/posts"}],"about":[{"href":"https:\/\/www.encontrabomretiro.com.br\/sobre\/wp-json\/wp\/v2\/types\/post"}],"author":[{"embeddable":true,"href":"https:\/\/www.encontrabomretiro.com.br\/sobre\/wp-json\/wp\/v2\/users\/1"}],"replies":[{"embeddable":true,"href":"https:\/\/www.encontrabomretiro.com.br\/sobre\/wp-json\/wp\/v2\/comments?post=2742"}],"version-history":[{"count":0,"href":"https:\/\/www.encontrabomretiro.com.br\/sobre\/wp-json\/wp\/v2\/posts\/2742\/revisions"}],"wp:featuredmedia":[{"embeddable":true,"href":"https:\/\/www.encontrabomretiro.com.br\/sobre\/wp-json\/wp\/v2\/media\/2741"}],"wp:attachment":[{"href":"https:\/\/www.encontrabomretiro.com.br\/sobre\/wp-json\/wp\/v2\/media?parent=2742"}],"wp:term":[{"taxonomy":"category","embeddable":true,"href":"https:\/\/www.encontrabomretiro.com.br\/sobre\/wp-json\/wp\/v2\/categories?post=2742"},{"taxonomy":"post_tag","embeddable":true,"href":"https:\/\/www.encontrabomretiro.com.br\/sobre\/wp-json\/wp\/v2\/tags?post=2742"}],"curies":[{"name":"wp","href":"https:\/\/api.w.org\/{rel}","templated":true}]}}