{"id":2738,"date":"2026-04-28T09:54:20","date_gmt":"2026-04-28T11:54:20","guid":{"rendered":"https:\/\/www.encontrabomretiro.com.br\/sobre\/fabrica-de-vassouras-vira-espaco-para-design-e-atelie-de-restauro-no-bom-retiro\/"},"modified":"2026-04-28T09:54:20","modified_gmt":"2026-04-28T11:54:20","slug":"fabrica-de-vassouras-vira-espaco-para-design-e-atelie-de-restauro-no-bom-retiro","status":"publish","type":"post","link":"https:\/\/www.encontrabomretiro.com.br\/sobre\/fabrica-de-vassouras-vira-espaco-para-design-e-atelie-de-restauro-no-bom-retiro\/","title":{"rendered":"F\u00e1brica de vassouras vira espa\u00e7o para design e ateli\u00ea de restauro no Bom Retiro"},"content":{"rendered":"<div class=\"228b65ae207de3c5c501cfe75875708b\" data-index=\"1\" style=\"float: none; margin:0px;\">\n<!-- Anuncio display - global -->\r\n<ins class=\"adsbygoogle\"\r\n     style=\"display:block\"\r\n     data-ad-client=\"ca-pub-8585364105181520\"\r\n     data-ad-slot=\"8789329856\"\r\n     data-ad-format=\"auto\"\r\n     data-full-width-responsive=\"true\"><\/ins>\r\n<script>\r\n     (adsbygoogle = window.adsbygoogle || []).push({});\r\n<\/script>\n<\/div>\n<h2>A Hist\u00f3ria da F\u00e1brica de Vassouras<\/h2>\n<p>A estrutura onde hoje se encontra a nova galeria, com um acervo dedicado ao design e restauro de mobili\u00e1rio, remonta a 1920, quando foi fundada como uma f\u00e1brica de vassouras. Pertencente \u00e0 fam\u00edlia Cerello, imigrantes italianos, a f\u00e1brica operou por d\u00e9cadas, produzindo n\u00e3o apenas vassouras, mas tamb\u00e9m cestas, espanadores e ratoeiras. Com o passar dos anos, a f\u00e1brica tornou-se um marco na regi\u00e3o do Bom Retiro, em S\u00e3o Paulo, at\u00e9 ser desativada no in\u00edcio dos anos 2000. O espa\u00e7o ficou abandonado por mais de dez anos, acumulando poeira e hist\u00f3ria em suas paredes.<\/p>\n<h2>Transforma\u00e7\u00e3o e Design<\/h2>\n<p>Gra\u00e7as a um projeto inovador do arquiteto Fernando Falcon, a antiga f\u00e1brica ganhou uma nova vida, sendo transformada em um espa\u00e7o moderno e funcional. O projeto focou na preserva\u00e7\u00e3o das caracter\u00edsticas originais da constru\u00e7\u00e3o, como as paredes de tijolos expostos, enquanto adicionou elementos contempor\u00e2neos. Essa combina\u00e7\u00e3o entre o antigo e o novo cria um ambiente inspirado e estimulante, ideal para exposi\u00e7\u00f5es e ateli\u00eas de restauro.<\/p>\n<h2>O Papel do Restauro<\/h2>\n<p>O restauro de m\u00f3veis vintage se tornou um dos pilares da nova galeria. Com um foco especial em pe\u00e7as do mobili\u00e1rio moderno brasileiro, os ateli\u00eas s\u00e3o respons\u00e1veis por revitalizar e preservar obras de renomados designers. O processo envolve v\u00e1rias etapas, incluindo marcenaria, estofamento e acabamento, garantindo que cada pe\u00e7a mantenha sua integridade hist\u00f3rica e funcionalidade, ao mesmo tempo que \u00e9 adaptada para os dias atuais.<\/p>\n<p><img decoding=\"async\" src=\"https:\/\/www.encontrabomretiro.com.br\/sobre\/wp-content\/uploads\/2026\/04\/fabrica-de-vassouras-vira-espaco-para-design-e-atelie-de-restauro-no-bom-retiro.webp\" alt=\"f\u00e1brica de vassouras\" loading=\"lazy\" \/><\/p>\n<h2>Espa\u00e7o Cultural no Bom Retiro<\/h2>\n<p>Localizado no cora\u00e7\u00e3o do Bom Retiro, o novo espa\u00e7o da galeria Teo n\u00e3o \u00e9 apenas um local para exposi\u00e7\u00e3o, mas um verdadeiro centro cultural. Com uma programa\u00e7\u00e3o variada de exposi\u00e7\u00f5es, eventos e workshops, o espa\u00e7o visa promover o design brasileiro e fomentar a intera\u00e7\u00e3o entre artistas, designers e o p\u00fablico. O objetivo \u00e9 criar um ambiente onde a troca de saberes e experi\u00eancias possa acontecer de forma cont\u00ednua.<\/p>\n<h2>Mobili\u00e1rio Moderno Brasileiro<\/h2>\n<p>A galeria abriga um acervo valioso, incluindo obras de designers brasileiros de renome, como Jorge Zalszupin, Sergio Rodrigues e Geraldo de Barros. Esses m\u00f3veis n\u00e3o s\u00e3o apenas objetos de decora\u00e7\u00e3o; eles carregam uma rica hist\u00f3ria cultural e s\u00e3o testemunhos da evolu\u00e7\u00e3o do design no Brasil. Cada pe\u00e7a exposta \u00e9 uma refer\u00eancia ao passado e, ao mesmo tempo, uma inspira\u00e7\u00e3o para novas gera\u00e7\u00f5es de designers.<\/p>\n<h2>Ateli\u00eas e Criatividade<\/h2>\n<p>Os ateli\u00eas de restauro dentro da galeria s\u00e3o cuidadosamente planejados para estimular a criatividade. Com equipamentos modernos e uma equipe de profissionais apaixonados, o espa\u00e7o resulta em um ambiente colaborativo onde as ideias podem prosperar. A intera\u00e7\u00e3o entre diferentes disciplinas de design, como artesanato e t\u00e9cnicas industriais, enriquece o processo criativo e o resultado final dos projetos de restauro.<\/p>\n<h2>O Circuito de Arte no Bairro<\/h2>\n<p>O Bom Retiro \u00e9 conhecido por sua rica diversidade cultural e art\u00edstica. A reabertura da antiga f\u00e1brica de vassouras como um espa\u00e7o para design e arte se integra ao circuito cultural do bairro, que inclui outras galerias, ateli\u00eas e eventos art\u00edsticos. Essa revitaliza\u00e7\u00e3o do espa\u00e7o agrega valor \u00e0 comunidade e fortalece a identidade cultural local.<\/p>\n<h2>A Import\u00e2ncia do Patrim\u00f4nio<\/h2>\n<p>Preservar o patrim\u00f4nio hist\u00f3rico \u00e9 essencial para honrar a hist\u00f3ria e promover uma continuidade cultural. A transforma\u00e7\u00e3o da antiga f\u00e1brica de vassouras em um espa\u00e7o moderno de design \u00e9 um exemplo de como \u00e9 poss\u00edvel respeitar o passado enquanto se constr\u00f3i o futuro. Este projeto ressalta a import\u00e2ncia de n\u00e3o apenas conservar edif\u00edcios, mas tamb\u00e9m de dar um novo significado a eles, permitindo que continuem a contar suas hist\u00f3rias.<\/p>\n<h2>Visitas e Intera\u00e7\u00e3o com o P\u00fablico<\/h2>\n<p>A galeria Teo est\u00e1 aberta ao p\u00fablico e oferece visitas guiadas, permitindo que os visitantes mergulhem na hist\u00f3ria do design brasileiro e das pe\u00e7as expostas. As atividades s\u00e3o projetadas para serem educativas e interativas, incentivando o envolvimento do p\u00fablico com a arte e o design. O espa\u00e7o tamb\u00e9m acolhe eventos, palestras e workshops, tornando-se um ponto de encontro vibrante para entusiastas do design.<\/p>\n<h2>Futuro do Design Sustent\u00e1vel<\/h2>\n<p>O espa\u00e7o n\u00e3o apenas celebra o design do passado, mas tamb\u00e9m promove uma discuss\u00e3o acerca do futuro do design sustent\u00e1vel. Em um mundo cada vez mais consciente das quest\u00f5es ambientais, a galeria prop\u00f5e reflex\u00f5es sobre pr\u00e1ticas de produ\u00e7\u00e3o respons\u00e1veis e a busca por materiais sustent\u00e1veis. Esse enfoque \u00e9 fundamental para formar uma nova gera\u00e7\u00e3o de designers que consideram o impacto ambiental de suas cria\u00e7\u00f5es.<\/p>\n\n<div style=\"font-size: 0px; height: 0px; line-height: 0px; margin: 0; padding: 0; clear: both;\"><\/div>","protected":false},"excerpt":{"rendered":"<p>F\u00e1brica de vassouras no Bom Retiro se transforma em ateli\u00ea de design.<\/p>\n","protected":false},"author":1,"featured_media":2737,"comment_status":"open","ping_status":"closed","sticky":false,"template":"","format":"standard","meta":{"footnotes":""},"categories":[6],"tags":[],"class_list":["post-2738","post","type-post","status-publish","format-standard","has-post-thumbnail","hentry","category-noticias-no-bom-retiro","has_thumb"],"aioseo_notices":[],"_links":{"self":[{"href":"https:\/\/www.encontrabomretiro.com.br\/sobre\/wp-json\/wp\/v2\/posts\/2738","targetHints":{"allow":["GET"]}}],"collection":[{"href":"https:\/\/www.encontrabomretiro.com.br\/sobre\/wp-json\/wp\/v2\/posts"}],"about":[{"href":"https:\/\/www.encontrabomretiro.com.br\/sobre\/wp-json\/wp\/v2\/types\/post"}],"author":[{"embeddable":true,"href":"https:\/\/www.encontrabomretiro.com.br\/sobre\/wp-json\/wp\/v2\/users\/1"}],"replies":[{"embeddable":true,"href":"https:\/\/www.encontrabomretiro.com.br\/sobre\/wp-json\/wp\/v2\/comments?post=2738"}],"version-history":[{"count":0,"href":"https:\/\/www.encontrabomretiro.com.br\/sobre\/wp-json\/wp\/v2\/posts\/2738\/revisions"}],"wp:featuredmedia":[{"embeddable":true,"href":"https:\/\/www.encontrabomretiro.com.br\/sobre\/wp-json\/wp\/v2\/media\/2737"}],"wp:attachment":[{"href":"https:\/\/www.encontrabomretiro.com.br\/sobre\/wp-json\/wp\/v2\/media?parent=2738"}],"wp:term":[{"taxonomy":"category","embeddable":true,"href":"https:\/\/www.encontrabomretiro.com.br\/sobre\/wp-json\/wp\/v2\/categories?post=2738"},{"taxonomy":"post_tag","embeddable":true,"href":"https:\/\/www.encontrabomretiro.com.br\/sobre\/wp-json\/wp\/v2\/tags?post=2738"}],"curies":[{"name":"wp","href":"https:\/\/api.w.org\/{rel}","templated":true}]}}