{"id":2734,"date":"2026-04-27T09:53:57","date_gmt":"2026-04-27T11:53:57","guid":{"rendered":"https:\/\/www.encontrabomretiro.com.br\/sobre\/sain\/"},"modified":"2026-04-27T09:53:57","modified_gmt":"2026-04-27T11:53:57","slug":"sain","status":"publish","type":"post","link":"https:\/\/www.encontrabomretiro.com.br\/sobre\/sain\/","title":{"rendered":"Sain"},"content":{"rendered":"<div class=\"228b65ae207de3c5c501cfe75875708b\" data-index=\"1\" style=\"float: none; margin:0px;\">\n<!-- Anuncio display - global -->\r\n<ins class=\"adsbygoogle\"\r\n     style=\"display:block\"\r\n     data-ad-client=\"ca-pub-8585364105181520\"\r\n     data-ad-slot=\"8789329856\"\r\n     data-ad-format=\"auto\"\r\n     data-full-width-responsive=\"true\"><\/ins>\r\n<script>\r\n     (adsbygoogle = window.adsbygoogle || []).push({});\r\n<\/script>\n<\/div>\n<h2>Quem \u00e9 Sain?<\/h2>\n<p>Sain \u00e9 um renomado beatmaker, compositor e MC, que se destaca como um dos artistas mais \u00fanicos do rap brasileiro, sendo conhecido como Mr. Slow Flow. Nascido em 1993 no Catete, Rio de Janeiro, ele cresceu cercado por influ\u00eancias art\u00edsticas e musicais. Desde tenra idade, Sain teve um contato direto com a m\u00fasica, tendo gravado sua primeira faixa aos 11 anos, ao lado de seu pai, o famoso rapper Marcelo D2.<\/p>\n<h2>A Ascens\u00e3o no Rap Nacional<\/h2>\n<p>O caminho de Sain no mundo do rap se come\u00e7ou com a forma\u00e7\u00e3o do grupo Start Rap, que rapidamente ganhou notoriedade na cena musical. Al\u00e9m disso, ele cofundou o selo Pir\u00e2mide Perdida, que tem como objetivo promover novos talentos e produ\u00e7\u00f5es de qualidade no g\u00eanero. O seu primeiro trabalho solo, intitulado <em>Doses de Adrenalina<\/em>, lan\u00e7ado em 2017, marcou sua entrada de forma contundente no cen\u00e1rio nacional, estabelecendo-o como uma voz aut\u00eantica e relevante no rap.<\/p>\n<h2>Influ\u00eancias e Estilo Musical<\/h2>\n<p>O estilo musical de Sain \u00e9 profundamente influenciado por suas experi\u00eancias e viv\u00eancias na vida e na arte. Ele combina elementos de hip-hop tradicional com toques contempor\u00e2neos, criando um som que ressoa com seus f\u00e3s. Sua habilidade de contar hist\u00f3rias atrav\u00e9s de suas letras, associada a ritmos cativantes, faz dele um artista incompar\u00e1vel, que consegue unir t\u00e9cnica e emo\u00e7\u00e3o em suas produ\u00e7\u00f5es.<\/p>\n<p><img decoding=\"async\" src=\"https:\/\/www.encontrabomretiro.com.br\/sobre\/wp-content\/uploads\/2026\/04\/sain.webp\" alt=\"Sain\" loading=\"lazy\" \/><\/p>\n<h2>Discografia de Sucesso<\/h2>\n<p>A trajet\u00f3ria musical de Sain inclui uma ascendente discografia que \u00e9 bem recebida tanto pela cr\u00edtica quanto pelo p\u00fablico. O seu \u00e1lbum <em>KTT ZOO<\/em> \u00e9 um reflexo de sua evolu\u00e7\u00e3o art\u00edstica, apresentando uma diversidade de faixas que exploram temas como identidade, resist\u00eancia e viv\u00eancias pessoais. Com colabora\u00e7\u00f5es not\u00e1veis, incluindo o EP <em>HIGHBOYZ<\/em> em parceria com Febem, Sain continua a expandir sua influ\u00eancia no rap.<\/p>\n<h2>Colabora\u00e7\u00f5es Not\u00e1veis<\/h2>\n<p>As colabora\u00e7\u00f5es de Sain s\u00e3o uma parte crucial de sua carreira. Ele tem trabalhado com diversos artistas proeminentes, trazendo uma nova dimens\u00e3o \u00e0 sua m\u00fasica. Parcerias estrat\u00e9gicas ampliaram seu alcance e ajudaram a solidificar sua posi\u00e7\u00e3o na ind\u00fastria musical. Seu trabalho em conjunto com outros rappers e produtores destaca sua versatilidade e criatividade.<\/p>\n<h2>Sain e o Audiovisual<\/h2>\n<p>Al\u00e9m de sua carreira musical, Sain tamb\u00e9m est\u00e1 ativo no campo audiovisual. Ele fez sua estreia como ator no filme <em>Amar \u00e9 Para os Fortes<\/em>, onde demonstrou seu talento em uma nova esfera art\u00edstica. Em 2026, ele assumir\u00e1 o papel principal em um curta-metragem intitulado <em>Favela Amarela<\/em>, mostrando que suas habilidades v\u00e3o muito al\u00e9m da m\u00fasica.<\/p>\n<h2>Impacto Cultural no Rap<\/h2>\n<p>O impacto cultural de Sain no rap brasileiro \u00e9 ineg\u00e1vel. Ele se destaca por trazer \u00e0 tona quest\u00f5es sociais e pessoais que ressoam com seu p\u00fablico, contribuindo para uma melhor compreens\u00e3o das realidades das comunidades marginalizadas. Sua m\u00fasica n\u00e3o apenas entret\u00e9m, mas tamb\u00e9m educa e inspira mudan\u00e7as. Sain \u00e9 uma voz importante que reflete as lutas e conquistas dentro do contexto do rap.<\/p>\n<h2>O Futuro de Sain<\/h2>\n<p>O futuro de Sain parece brilhante. Com um talento inato e uma crescente base de f\u00e3s, ele est\u00e1 preparado para continuar a inovar e influenciar o cen\u00e1rio musical. Novos projetos e colabora\u00e7\u00f5es est\u00e3o em andamento, e suas ideias criativas prometem expandir ainda mais seu legado musical.<\/p>\n<h2>Tend\u00eancias do Rap Brasileiro<\/h2>\n<p>O rap brasileiro passa por constantes transforma\u00e7\u00f5es, e Sain est\u00e1 na vanguarda dessas mudan\u00e7as. Com novas sonoridades emergindo e uma nova gera\u00e7\u00e3o de artistas tomando a cena, Sain continua a se adaptar e inovar. Sua capacidade de se reinventar garante que ele permane\u00e7a relevante em um g\u00eanero que est\u00e1 sempre evoluindo, refletindo as novas realidades e est\u00e9ticas do mundo contempor\u00e2neo.<\/p>\n<h2>Como Assistir ao Show<\/h2>\n<p>Os f\u00e3s de Sain podem acompanhar sua agenda de shows e apresenta\u00e7\u00f5es atrav\u00e9s de suas redes sociais e plataformas de m\u00fasica. As performances ao vivo prometem ser envolventes e emocionantes, refletindo a energia \u00fanica que o artista traz para o palco. \u00c9 uma experi\u00eancia imperd\u00edvel para todos os amantes do rap e da cultura urbana.<\/p>\n\n<div style=\"font-size: 0px; height: 0px; line-height: 0px; margin: 0; padding: 0; clear: both;\"><\/div>","protected":false},"excerpt":{"rendered":"<p>Sain traz a ess\u00eancia do rap nacional para o palco do Sesc S\u00e3o Paulo.<\/p>\n","protected":false},"author":1,"featured_media":2733,"comment_status":"open","ping_status":"closed","sticky":false,"template":"","format":"standard","meta":{"footnotes":""},"categories":[6],"tags":[],"class_list":["post-2734","post","type-post","status-publish","format-standard","has-post-thumbnail","hentry","category-noticias-no-bom-retiro","has_thumb"],"aioseo_notices":[],"_links":{"self":[{"href":"https:\/\/www.encontrabomretiro.com.br\/sobre\/wp-json\/wp\/v2\/posts\/2734","targetHints":{"allow":["GET"]}}],"collection":[{"href":"https:\/\/www.encontrabomretiro.com.br\/sobre\/wp-json\/wp\/v2\/posts"}],"about":[{"href":"https:\/\/www.encontrabomretiro.com.br\/sobre\/wp-json\/wp\/v2\/types\/post"}],"author":[{"embeddable":true,"href":"https:\/\/www.encontrabomretiro.com.br\/sobre\/wp-json\/wp\/v2\/users\/1"}],"replies":[{"embeddable":true,"href":"https:\/\/www.encontrabomretiro.com.br\/sobre\/wp-json\/wp\/v2\/comments?post=2734"}],"version-history":[{"count":0,"href":"https:\/\/www.encontrabomretiro.com.br\/sobre\/wp-json\/wp\/v2\/posts\/2734\/revisions"}],"wp:featuredmedia":[{"embeddable":true,"href":"https:\/\/www.encontrabomretiro.com.br\/sobre\/wp-json\/wp\/v2\/media\/2733"}],"wp:attachment":[{"href":"https:\/\/www.encontrabomretiro.com.br\/sobre\/wp-json\/wp\/v2\/media?parent=2734"}],"wp:term":[{"taxonomy":"category","embeddable":true,"href":"https:\/\/www.encontrabomretiro.com.br\/sobre\/wp-json\/wp\/v2\/categories?post=2734"},{"taxonomy":"post_tag","embeddable":true,"href":"https:\/\/www.encontrabomretiro.com.br\/sobre\/wp-json\/wp\/v2\/tags?post=2734"}],"curies":[{"name":"wp","href":"https:\/\/api.w.org\/{rel}","templated":true}]}}