{"id":2730,"date":"2026-04-26T09:41:59","date_gmt":"2026-04-26T11:41:59","guid":{"rendered":"https:\/\/www.encontrabomretiro.com.br\/sobre\/exposicao-individual-tragico-suburbio-de-paulo-pedro-leal\/"},"modified":"2026-04-26T09:41:59","modified_gmt":"2026-04-26T11:41:59","slug":"exposicao-individual-tragico-suburbio-de-paulo-pedro-leal","status":"publish","type":"post","link":"https:\/\/www.encontrabomretiro.com.br\/sobre\/exposicao-individual-tragico-suburbio-de-paulo-pedro-leal\/","title":{"rendered":"Exposi\u00e7\u00e3o Individual &#8220;Tr\u00e1gico Sub\u00farbio&#8221;, De Paulo Pedro Leal"},"content":{"rendered":"<div class=\"228b65ae207de3c5c501cfe75875708b\" data-index=\"1\" style=\"float: none; margin:0px;\">\n<!-- Anuncio display - global -->\r\n<ins class=\"adsbygoogle\"\r\n     style=\"display:block\"\r\n     data-ad-client=\"ca-pub-8585364105181520\"\r\n     data-ad-slot=\"8789329856\"\r\n     data-ad-format=\"auto\"\r\n     data-full-width-responsive=\"true\"><\/ins>\r\n<script>\r\n     (adsbygoogle = window.adsbygoogle || []).push({});\r\n<\/script>\n<\/div>\n<h2>Uma Viagem Pela Vida de Paulo Pedro Leal<\/h2>\n<p>Paulo Pedro Leal, nascido em 1894 e falecido em 1968, \u00e9 um artista brasileiro autodidata que deixou um legado significativo na arte do pa\u00eds. A sua trajet\u00f3ria, marcada por viv\u00eancias intensas e uma produ\u00e7\u00e3o criativa \u00fanica, reflete a complexidade da vida urbana e as lutas sociais do Brasil do s\u00e9culo XX. Famoso por retratar cenas de guerras, conflitos sociais e express\u00f5es culturais afro-brasileiras, Leal se distingue por sua abordagem cr\u00edtica e sua capacidade de capturar a ess\u00eancia da realidade ao seu redor.<\/p>\n<h2>Cen\u00e1rios de Conflito e Identidade Suburbana<\/h2>\n<p>Na exposi\u00e7\u00e3o &#8220;Tr\u00e1gico Sub\u00farbio&#8221;, s\u00e3o evidentes as tens\u00f5es entre o progresso e as quest\u00f5es sociais nas periferias do Rio de Janeiro. Suas obras abordam temas como a pobreza, a viol\u00eancia e as lutas de classes, ilustrando o contraste entre a modernidade e as tradi\u00e7\u00f5es. Atrav\u00e9s de seus pinceis, Leal mergulha nas complexidades da vida suburbana, onde a realidade \u00e9 frequentemente marcada por dificuldades e desafios. As pinturas revelam a brutalidade das intera\u00e7\u00f5es sociais, fazendo um coment\u00e1rio profundo sobre as disparidades econ\u00f4micas e raciais na sociedade brasileira.<\/p>\n<h2>Obras Not\u00e1veis da Exposi\u00e7\u00e3o<\/h2>\n<p>A mostra abriga mais de 50 obras significativas, das quais algumas se destacam pela sua relev\u00e2ncia e impacto:<\/p>\n<p><img decoding=\"async\" src=\"https:\/\/www.encontrabomretiro.com.br\/sobre\/wp-content\/uploads\/2026\/04\/exposicao-individual-tragico-suburbio-de-paulo-pedro-leal.webp\" alt=\"exposi\u00e7\u00e3o individual tr\u00e1gico sub\u00farbio\" loading=\"lazy\" \/><\/p>\n<ul>\n<li><strong>Afogamento de Mendigos (1965):<\/strong> Esta obra \u00e9 um poderoso retrato da brutalidade das pol\u00edticas de repress\u00e3o aos pobres, destacando a neglig\u00eancia do estado diante da vida nas ruas.<\/li>\n<li><strong>Crime no Hotel (1965):<\/strong> Representa a viol\u00eancia urbana e as situa\u00e7\u00f5es de crime nas classes mais baixas, revelando um lado sombrio da cidade.<\/li>\n<li><strong>Batalha Naval\/Bombardeio de um Porto (1966):<\/strong> Refletindo seu interesse por batalhas navais, esta pintura evidencia a fus\u00e3o de emo\u00e7\u00f5es e eventos hist\u00f3ricos.<\/li>\n<\/ul>\n<p>Essas obras n\u00e3o apenas exemplificam suas habilidades como pintor, mas tamb\u00e9m a sua capacidade de provocar reflex\u00f5es sociais e culturais.<\/p>\n<h2>A Influ\u00eancia das Guerras na Arte de Leal<\/h2>\n<p>As guerras desempenharam um papel significativo na forma\u00e7\u00e3o do estilo de Leal. Suas experi\u00eancias, tanto pessoais quanto observadas, influenciaram a maneira como ele representou conflitos. Leal utilizou a arte como uma lente atrav\u00e9s da qual as consequ\u00eancias da guerra e da viol\u00eancia social eram analisadas e criticadas. O seu trabalho, especialmente durante as d\u00e9cadas de 1950 e 1960, capturou o clima de incertezas e ansiedades que permeavam a sociedade brasileira do p\u00f3s-guerra.<\/p>\n<h2>Arte e Modernidade no Brasil dos Anos 60<\/h2>\n<p>Na d\u00e9cada de 60, o Brasil passava por transforma\u00e7\u00f5es profundas. O crescimento urbano acelerado trouxe n\u00e3o apenas oportunidades, mas tamb\u00e9m desafios significativos, como a condena\u00e7\u00e3o da pobreza e a marginaliza\u00e7\u00e3o de comunidades. Leal, ao fazer parte desse cen\u00e1rio, utilizou sua arte para questionar e expor essas realidades. Suas obras refletiram uma interrup\u00e7\u00e3o nas narrativas convencionais da modernidade, abordando a inclus\u00e3o de vozes que normalmente eram ignoradas pelos c\u00e2nones art\u00edsticos da \u00e9poca.<\/p>\n<h2>Reflex\u00f5es sobre a Vida Urbana nas Pinturas de Leal<\/h2>\n<p>As pinturas de Leal oferecem uma reflex\u00e3o multifacetada sobre a vida urbana, com uma aten\u00e7\u00e3o especial \u00e0s nuances da experi\u00eancia das classes mais desfavorecidas. As representa\u00e7\u00f5es de bar, brigas e a vida cotidiana em ambientes subalternos revelam um olhar atento e cr\u00edtico sobre a dualidade da vida nas metr\u00f3poles brasileiras. Leal usou a cor, a forma e o contexto narrativo para criar um di\u00e1logo visual que desafia os espectadores a confrontarem suas percep\u00e7\u00f5es sobre a cidade e seus habitantes.<\/p>\n<h2>A Simbologia dos Rituais da Umbanda<\/h2>\n<p>Outro tema recorrente nas obras de Leal \u00e9 a espiritualidade, especialmente os rituais da Umbanda. Leal, que era sacerdote nesta religi\u00e3o, conseguiu captar a riqueza simb\u00f3lica dos rituais, revelando n\u00e3o apenas a f\u00e9, mas tamb\u00e9m a luta cultural e social de suas comunidades. Obras como &#8220;Candombl\u00e9&#8221; e &#8220;Alegorias Religiosas&#8221; s\u00e3o testamentos do seu envolvimento e conhecimento profundo, traduzindo essa espiritualidade em linguagem visual.<\/p>\n<h2>Cr\u00edtica Social Atrav\u00e9s da Arte: A Vis\u00e3o de PPL<\/h2>\n<p>Atrav\u00e9s de seu trabalho, Leal n\u00e3o apenas expressou suas vis\u00f5es pessoais e experi\u00eancias, mas tamb\u00e9m se tornou um cr\u00edtico social. Ele abordou de maneira afetiva as injusti\u00e7as sociais, representou tens\u00f5es de classe e fez uma cr\u00edtica contundente \u00e0s pol\u00edticas que marginalizavam os mais vulner\u00e1veis. Sua arte simboliza uma resist\u00eancia ao esquecimento, destacando a necessidade de reconhecimento das hist\u00f3rias muitas vezes silenciadas.<\/p>\n<h2>Visitas e Oportunidades na Pinacoteca<\/h2>\n<p>A exposi\u00e7\u00e3o &#8220;Tr\u00e1gico Sub\u00farbio&#8221; est\u00e1 em cartaz na Pinacoteca de S\u00e3o Paulo, oferecendo aos visitantes uma oportunidade \u00fanica de se imergir no universo de Paulo Pedro Leal. O espa\u00e7o est\u00e1 aberto de quarta a segunda, das 10h \u00e0s 18h, e as entradas s\u00e3o gratuitas aos s\u00e1bados e nos segundos domingos do m\u00eas. \u00c9 uma chance imperd\u00edvel de explorar o rico legado de um artista que fez da sua vida uma obra de arte e da arte, um meio de cr\u00edtica e reflex\u00e3o social.<\/p>\n<h2>O Legado de Paulo Pedro Leal na Arte Brasileira<\/h2>\n<p>O legado de Paulo Pedro Leal vai al\u00e9m de suas obras; ele representa uma voz crucial na narrativa da arte brasileira. Sua capacidade de confrontar quest\u00f5es dif\u00edceis e seu compromisso em representar a realidade do povo brasileiro o colocam entre os artistas mais significativos de sua \u00e9poca. Os desdobramentos de sua arte continuam a inspirar novas gera\u00e7\u00f5es de artistas e estudiosos, fazendo dele um \u00edcone que deve ser perpetuado e lembrado na hist\u00f3ria cultural do Brasil.<\/p>\n\n<div style=\"font-size: 0px; height: 0px; line-height: 0px; margin: 0; padding: 0; clear: both;\"><\/div>","protected":false},"excerpt":{"rendered":"<p>Descubra a Exposi\u00e7\u00e3o Individual &#8216;Tr\u00e1gico Sub\u00farbio&#8217; de Paulo Pedro Leal na Artsoul.<\/p>\n","protected":false},"author":1,"featured_media":2729,"comment_status":"open","ping_status":"closed","sticky":false,"template":"","format":"standard","meta":{"footnotes":""},"categories":[6],"tags":[],"class_list":["post-2730","post","type-post","status-publish","format-standard","has-post-thumbnail","hentry","category-noticias-no-bom-retiro","has_thumb"],"aioseo_notices":[],"aioseo_head":"\n\t\t<!-- All in One SEO 5.0.0.1 - aioseo.com -->\n\t<meta name=\"description\" content=\"Descubra a Exposi\u00e7\u00e3o Individual &#039;Tr\u00e1gico Sub\u00farbio&#039; de Paulo Pedro Leal na Artsoul.\" \/>\n\t<meta name=\"robots\" content=\"max-image-preview:large\" \/>\n\t<meta name=\"author\" content=\"Encontra Bom Retiro\"\/>\n\t<link rel=\"canonical\" href=\"https:\/\/www.encontrabomretiro.com.br\/sobre\/exposicao-individual-tragico-suburbio-de-paulo-pedro-leal\/\" \/>\n\t<meta name=\"generator\" content=\"All in One SEO (AIOSEO) 5.0.0.1\" \/>\n\t\t<meta property=\"og:locale\" content=\"pt_BR\" \/>\n\t\t<meta property=\"og:site_name\" content=\"Encontra Bom Retiro | Not\u00edcias, eventos, informa\u00e7\u00f5es e dicas no bairro do Bom Retiro e regi\u00e3o.\" \/>\n\t\t<meta property=\"og:type\" content=\"article\" \/>\n\t\t<meta property=\"og:title\" content=\"Exposi\u00e7\u00e3o Individual \u201cTr\u00e1gico Sub\u00farbio\u201d, De Paulo Pedro Leal | Encontra Bom Retiro\" \/>\n\t\t<meta property=\"og:description\" content=\"Descubra a Exposi\u00e7\u00e3o Individual &#039;Tr\u00e1gico Sub\u00farbio&#039; de Paulo Pedro Leal na Artsoul.\" \/>\n\t\t<meta property=\"og:url\" content=\"https:\/\/www.encontrabomretiro.com.br\/sobre\/exposicao-individual-tragico-suburbio-de-paulo-pedro-leal\/\" \/>\n\t\t<meta property=\"article:published_time\" content=\"2026-04-26T11:41:59+00:00\" \/>\n\t\t<meta property=\"article:modified_time\" content=\"2026-04-26T11:41:59+00:00\" \/>\n\t\t<meta name=\"twitter:card\" content=\"summary_large_image\" \/>\n\t\t<meta name=\"twitter:title\" content=\"Exposi\u00e7\u00e3o Individual \u201cTr\u00e1gico Sub\u00farbio\u201d, De Paulo Pedro Leal | Encontra Bom Retiro\" \/>\n\t\t<meta name=\"twitter:description\" content=\"Descubra a Exposi\u00e7\u00e3o Individual &#039;Tr\u00e1gico Sub\u00farbio&#039; de Paulo Pedro Leal na Artsoul.\" \/>\n\t\t<script type=\"application\/ld+json\" class=\"aioseo-schema\">\n\t\t\t{\"@context\":\"https:\\\/\\\/schema.org\",\"@graph\":[{\"@type\":\"Article\",\"@id\":\"https:\\\/\\\/www.encontrabomretiro.com.br\\\/sobre\\\/exposicao-individual-tragico-suburbio-de-paulo-pedro-leal\\\/#article\",\"name\":\"Exposi\\u00e7\\u00e3o Individual \\u201cTr\\u00e1gico Sub\\u00farbio\\u201d, De Paulo Pedro Leal | Encontra Bom Retiro\",\"headline\":\"Exposi\\u00e7\\u00e3o Individual &#8220;Tr\\u00e1gico Sub\\u00farbio&#8221;, De Paulo Pedro Leal\",\"author\":{\"@id\":\"https:\\\/\\\/www.encontrabomretiro.com.br\\\/sobre\\\/author\\\/ebomretiro\\\/#author\"},\"publisher\":{\"@id\":\"https:\\\/\\\/www.encontrabomretiro.com.br\\\/sobre\\\/#organization\"},\"image\":{\"@type\":\"ImageObject\",\"url\":\"https:\\\/\\\/www.encontrabomretiro.com.br\\\/sobre\\\/wp-content\\\/uploads\\\/2026\\\/04\\\/exposicao-individual-tragico-suburbio-de-paulo-pedro-leal.webp\",\"width\":280,\"height\":280,\"caption\":\"exposi\\u00e7\\u00e3o individual tr\\u00e1gico sub\\u00farbio\"},\"datePublished\":\"2026-04-26T09:41:59-02:00\",\"dateModified\":\"2026-04-26T09:41:59-02:00\",\"inLanguage\":\"pt-BR\",\"mainEntityOfPage\":{\"@id\":\"https:\\\/\\\/www.encontrabomretiro.com.br\\\/sobre\\\/exposicao-individual-tragico-suburbio-de-paulo-pedro-leal\\\/#webpage\"},\"isPartOf\":{\"@id\":\"https:\\\/\\\/www.encontrabomretiro.com.br\\\/sobre\\\/exposicao-individual-tragico-suburbio-de-paulo-pedro-leal\\\/#webpage\"},\"articleSection\":\"Not\\u00edcias Bom Retiro\"},{\"@type\":\"BreadcrumbList\",\"@id\":\"https:\\\/\\\/www.encontrabomretiro.com.br\\\/sobre\\\/exposicao-individual-tragico-suburbio-de-paulo-pedro-leal\\\/#breadcrumblist\",\"itemListElement\":[{\"@type\":\"ListItem\",\"@id\":\"https:\\\/\\\/www.encontrabomretiro.com.br\\\/sobre#listItem\",\"position\":1,\"name\":\"Dom\\u00e9stica\",\"item\":\"https:\\\/\\\/www.encontrabomretiro.com.br\\\/sobre\",\"nextItem\":{\"@type\":\"ListItem\",\"@id\":\"https:\\\/\\\/www.encontrabomretiro.com.br\\\/sobre\\\/noticias-no-bom-retiro\\\/#listItem\",\"name\":\"Not\\u00edcias Bom Retiro\"}},{\"@type\":\"ListItem\",\"@id\":\"https:\\\/\\\/www.encontrabomretiro.com.br\\\/sobre\\\/noticias-no-bom-retiro\\\/#listItem\",\"position\":2,\"name\":\"Not\\u00edcias Bom Retiro\",\"item\":\"https:\\\/\\\/www.encontrabomretiro.com.br\\\/sobre\\\/noticias-no-bom-retiro\\\/\",\"nextItem\":{\"@type\":\"ListItem\",\"@id\":\"https:\\\/\\\/www.encontrabomretiro.com.br\\\/sobre\\\/exposicao-individual-tragico-suburbio-de-paulo-pedro-leal\\\/#listItem\",\"name\":\"Exposi\\u00e7\\u00e3o Individual &#8220;Tr\\u00e1gico Sub\\u00farbio&#8221;, De Paulo Pedro Leal\"},\"previousItem\":{\"@type\":\"ListItem\",\"@id\":\"https:\\\/\\\/www.encontrabomretiro.com.br\\\/sobre#listItem\",\"name\":\"Dom\\u00e9stica\"}},{\"@type\":\"ListItem\",\"@id\":\"https:\\\/\\\/www.encontrabomretiro.com.br\\\/sobre\\\/exposicao-individual-tragico-suburbio-de-paulo-pedro-leal\\\/#listItem\",\"position\":3,\"name\":\"Exposi\\u00e7\\u00e3o Individual &#8220;Tr\\u00e1gico Sub\\u00farbio&#8221;, De Paulo Pedro Leal\",\"previousItem\":{\"@type\":\"ListItem\",\"@id\":\"https:\\\/\\\/www.encontrabomretiro.com.br\\\/sobre\\\/noticias-no-bom-retiro\\\/#listItem\",\"name\":\"Not\\u00edcias Bom Retiro\"}}]},{\"@type\":\"Organization\",\"@id\":\"https:\\\/\\\/www.encontrabomretiro.com.br\\\/sobre\\\/#organization\",\"name\":\"Encontra Bom Retiro\",\"description\":\"Not\\u00edcias, eventos, informa\\u00e7\\u00f5es e dicas no bairro do Bom Retiro e regi\\u00e3o.\",\"url\":\"https:\\\/\\\/www.encontrabomretiro.com.br\\\/sobre\\\/\"},{\"@type\":\"Person\",\"@id\":\"https:\\\/\\\/www.encontrabomretiro.com.br\\\/sobre\\\/author\\\/ebomretiro\\\/#author\",\"url\":\"https:\\\/\\\/www.encontrabomretiro.com.br\\\/sobre\\\/author\\\/ebomretiro\\\/\",\"name\":\"Encontra Bom Retiro\",\"image\":{\"@type\":\"ImageObject\",\"@id\":\"https:\\\/\\\/www.encontrabomretiro.com.br\\\/sobre\\\/exposicao-individual-tragico-suburbio-de-paulo-pedro-leal\\\/#authorImage\",\"url\":\"https:\\\/\\\/secure.gravatar.com\\\/avatar\\\/507340682b8270222e1f208e23198b6ae7e2c6a1033ae84e99bc6bce4f82a387?s=96&d=mm&r=g\",\"width\":96,\"height\":96,\"caption\":\"Encontra Bom Retiro\"}},{\"@type\":\"WebPage\",\"@id\":\"https:\\\/\\\/www.encontrabomretiro.com.br\\\/sobre\\\/exposicao-individual-tragico-suburbio-de-paulo-pedro-leal\\\/#webpage\",\"url\":\"https:\\\/\\\/www.encontrabomretiro.com.br\\\/sobre\\\/exposicao-individual-tragico-suburbio-de-paulo-pedro-leal\\\/\",\"name\":\"Exposi\\u00e7\\u00e3o Individual \\u201cTr\\u00e1gico Sub\\u00farbio\\u201d, De Paulo Pedro Leal | Encontra Bom Retiro\",\"description\":\"Descubra a Exposi\\u00e7\\u00e3o Individual 'Tr\\u00e1gico Sub\\u00farbio' de Paulo Pedro Leal na Artsoul.\",\"inLanguage\":\"pt-BR\",\"isPartOf\":{\"@id\":\"https:\\\/\\\/www.encontrabomretiro.com.br\\\/sobre\\\/#website\"},\"breadcrumb\":{\"@id\":\"https:\\\/\\\/www.encontrabomretiro.com.br\\\/sobre\\\/exposicao-individual-tragico-suburbio-de-paulo-pedro-leal\\\/#breadcrumblist\"},\"author\":{\"@id\":\"https:\\\/\\\/www.encontrabomretiro.com.br\\\/sobre\\\/author\\\/ebomretiro\\\/#author\"},\"creator\":{\"@id\":\"https:\\\/\\\/www.encontrabomretiro.com.br\\\/sobre\\\/author\\\/ebomretiro\\\/#author\"},\"image\":{\"@type\":\"ImageObject\",\"url\":\"https:\\\/\\\/www.encontrabomretiro.com.br\\\/sobre\\\/wp-content\\\/uploads\\\/2026\\\/04\\\/exposicao-individual-tragico-suburbio-de-paulo-pedro-leal.webp\",\"@id\":\"https:\\\/\\\/www.encontrabomretiro.com.br\\\/sobre\\\/exposicao-individual-tragico-suburbio-de-paulo-pedro-leal\\\/#mainImage\",\"width\":280,\"height\":280,\"caption\":\"exposi\\u00e7\\u00e3o individual tr\\u00e1gico sub\\u00farbio\"},\"primaryImageOfPage\":{\"@id\":\"https:\\\/\\\/www.encontrabomretiro.com.br\\\/sobre\\\/exposicao-individual-tragico-suburbio-de-paulo-pedro-leal\\\/#mainImage\"},\"datePublished\":\"2026-04-26T09:41:59-02:00\",\"dateModified\":\"2026-04-26T09:41:59-02:00\"},{\"@type\":\"WebSite\",\"@id\":\"https:\\\/\\\/www.encontrabomretiro.com.br\\\/sobre\\\/#website\",\"url\":\"https:\\\/\\\/www.encontrabomretiro.com.br\\\/sobre\\\/\",\"name\":\"Encontra Bom Retiro\",\"description\":\"Not\\u00edcias, eventos, informa\\u00e7\\u00f5es e dicas no bairro do Bom Retiro e regi\\u00e3o.\",\"inLanguage\":\"pt-BR\",\"publisher\":{\"@id\":\"https:\\\/\\\/www.encontrabomretiro.com.br\\\/sobre\\\/#organization\"}}]}\n\t\t<\/script>\n\t\t<!-- All in One SEO -->\n\n","aioseo_head_json":{"title":"Exposi\u00e7\u00e3o Individual \u201cTr\u00e1gico Sub\u00farbio\u201d, De Paulo Pedro Leal | Encontra Bom Retiro","description":"Descubra a Exposi\u00e7\u00e3o Individual 'Tr\u00e1gico Sub\u00farbio' de Paulo Pedro Leal na Artsoul.","canonical_url":"https:\/\/www.encontrabomretiro.com.br\/sobre\/exposicao-individual-tragico-suburbio-de-paulo-pedro-leal\/","robots":"max-image-preview:large","keywords":"","webmasterTools":{"miscellaneous":""},"schema":{"@context":"https:\/\/schema.org","@graph":[{"@type":"Article","@id":"https:\/\/www.encontrabomretiro.com.br\/sobre\/exposicao-individual-tragico-suburbio-de-paulo-pedro-leal\/#article","name":"Exposi\u00e7\u00e3o Individual \u201cTr\u00e1gico Sub\u00farbio\u201d, De Paulo Pedro Leal | Encontra Bom Retiro","headline":"Exposi\u00e7\u00e3o Individual &#8220;Tr\u00e1gico Sub\u00farbio&#8221;, De Paulo Pedro Leal","author":{"@id":"https:\/\/www.encontrabomretiro.com.br\/sobre\/author\/ebomretiro\/#author"},"publisher":{"@id":"https:\/\/www.encontrabomretiro.com.br\/sobre\/#organization"},"image":{"@type":"ImageObject","url":"https:\/\/www.encontrabomretiro.com.br\/sobre\/wp-content\/uploads\/2026\/04\/exposicao-individual-tragico-suburbio-de-paulo-pedro-leal.webp","width":280,"height":280,"caption":"exposi\u00e7\u00e3o individual tr\u00e1gico sub\u00farbio"},"datePublished":"2026-04-26T09:41:59-02:00","dateModified":"2026-04-26T09:41:59-02:00","inLanguage":"pt-BR","mainEntityOfPage":{"@id":"https:\/\/www.encontrabomretiro.com.br\/sobre\/exposicao-individual-tragico-suburbio-de-paulo-pedro-leal\/#webpage"},"isPartOf":{"@id":"https:\/\/www.encontrabomretiro.com.br\/sobre\/exposicao-individual-tragico-suburbio-de-paulo-pedro-leal\/#webpage"},"articleSection":"Not\u00edcias Bom Retiro"},{"@type":"BreadcrumbList","@id":"https:\/\/www.encontrabomretiro.com.br\/sobre\/exposicao-individual-tragico-suburbio-de-paulo-pedro-leal\/#breadcrumblist","itemListElement":[{"@type":"ListItem","@id":"https:\/\/www.encontrabomretiro.com.br\/sobre#listItem","position":1,"name":"Dom\u00e9stica","item":"https:\/\/www.encontrabomretiro.com.br\/sobre","nextItem":{"@type":"ListItem","@id":"https:\/\/www.encontrabomretiro.com.br\/sobre\/noticias-no-bom-retiro\/#listItem","name":"Not\u00edcias Bom Retiro"}},{"@type":"ListItem","@id":"https:\/\/www.encontrabomretiro.com.br\/sobre\/noticias-no-bom-retiro\/#listItem","position":2,"name":"Not\u00edcias Bom Retiro","item":"https:\/\/www.encontrabomretiro.com.br\/sobre\/noticias-no-bom-retiro\/","nextItem":{"@type":"ListItem","@id":"https:\/\/www.encontrabomretiro.com.br\/sobre\/exposicao-individual-tragico-suburbio-de-paulo-pedro-leal\/#listItem","name":"Exposi\u00e7\u00e3o Individual &#8220;Tr\u00e1gico Sub\u00farbio&#8221;, De Paulo Pedro Leal"},"previousItem":{"@type":"ListItem","@id":"https:\/\/www.encontrabomretiro.com.br\/sobre#listItem","name":"Dom\u00e9stica"}},{"@type":"ListItem","@id":"https:\/\/www.encontrabomretiro.com.br\/sobre\/exposicao-individual-tragico-suburbio-de-paulo-pedro-leal\/#listItem","position":3,"name":"Exposi\u00e7\u00e3o Individual &#8220;Tr\u00e1gico Sub\u00farbio&#8221;, De Paulo Pedro Leal","previousItem":{"@type":"ListItem","@id":"https:\/\/www.encontrabomretiro.com.br\/sobre\/noticias-no-bom-retiro\/#listItem","name":"Not\u00edcias Bom Retiro"}}]},{"@type":"Organization","@id":"https:\/\/www.encontrabomretiro.com.br\/sobre\/#organization","name":"Encontra Bom Retiro","description":"Not\u00edcias, eventos, informa\u00e7\u00f5es e dicas no bairro do Bom Retiro e regi\u00e3o.","url":"https:\/\/www.encontrabomretiro.com.br\/sobre\/"},{"@type":"Person","@id":"https:\/\/www.encontrabomretiro.com.br\/sobre\/author\/ebomretiro\/#author","url":"https:\/\/www.encontrabomretiro.com.br\/sobre\/author\/ebomretiro\/","name":"Encontra Bom Retiro","image":{"@type":"ImageObject","@id":"https:\/\/www.encontrabomretiro.com.br\/sobre\/exposicao-individual-tragico-suburbio-de-paulo-pedro-leal\/#authorImage","url":"https:\/\/secure.gravatar.com\/avatar\/507340682b8270222e1f208e23198b6ae7e2c6a1033ae84e99bc6bce4f82a387?s=96&d=mm&r=g","width":96,"height":96,"caption":"Encontra Bom Retiro"}},{"@type":"WebPage","@id":"https:\/\/www.encontrabomretiro.com.br\/sobre\/exposicao-individual-tragico-suburbio-de-paulo-pedro-leal\/#webpage","url":"https:\/\/www.encontrabomretiro.com.br\/sobre\/exposicao-individual-tragico-suburbio-de-paulo-pedro-leal\/","name":"Exposi\u00e7\u00e3o Individual \u201cTr\u00e1gico Sub\u00farbio\u201d, De Paulo Pedro Leal | Encontra Bom Retiro","description":"Descubra a Exposi\u00e7\u00e3o Individual 'Tr\u00e1gico Sub\u00farbio' de Paulo Pedro Leal na Artsoul.","inLanguage":"pt-BR","isPartOf":{"@id":"https:\/\/www.encontrabomretiro.com.br\/sobre\/#website"},"breadcrumb":{"@id":"https:\/\/www.encontrabomretiro.com.br\/sobre\/exposicao-individual-tragico-suburbio-de-paulo-pedro-leal\/#breadcrumblist"},"author":{"@id":"https:\/\/www.encontrabomretiro.com.br\/sobre\/author\/ebomretiro\/#author"},"creator":{"@id":"https:\/\/www.encontrabomretiro.com.br\/sobre\/author\/ebomretiro\/#author"},"image":{"@type":"ImageObject","url":"https:\/\/www.encontrabomretiro.com.br\/sobre\/wp-content\/uploads\/2026\/04\/exposicao-individual-tragico-suburbio-de-paulo-pedro-leal.webp","@id":"https:\/\/www.encontrabomretiro.com.br\/sobre\/exposicao-individual-tragico-suburbio-de-paulo-pedro-leal\/#mainImage","width":280,"height":280,"caption":"exposi\u00e7\u00e3o individual tr\u00e1gico sub\u00farbio"},"primaryImageOfPage":{"@id":"https:\/\/www.encontrabomretiro.com.br\/sobre\/exposicao-individual-tragico-suburbio-de-paulo-pedro-leal\/#mainImage"},"datePublished":"2026-04-26T09:41:59-02:00","dateModified":"2026-04-26T09:41:59-02:00"},{"@type":"WebSite","@id":"https:\/\/www.encontrabomretiro.com.br\/sobre\/#website","url":"https:\/\/www.encontrabomretiro.com.br\/sobre\/","name":"Encontra Bom Retiro","description":"Not\u00edcias, eventos, informa\u00e7\u00f5es e dicas no bairro do Bom Retiro e regi\u00e3o.","inLanguage":"pt-BR","publisher":{"@id":"https:\/\/www.encontrabomretiro.com.br\/sobre\/#organization"}}]},"og:locale":"pt_BR","og:site_name":"Encontra Bom Retiro | Not\u00edcias, eventos, informa\u00e7\u00f5es e dicas no bairro do Bom Retiro e regi\u00e3o.","og:type":"article","og:title":"Exposi\u00e7\u00e3o Individual \u201cTr\u00e1gico Sub\u00farbio\u201d, De Paulo Pedro Leal | Encontra Bom Retiro","og:description":"Descubra a Exposi\u00e7\u00e3o Individual 'Tr\u00e1gico Sub\u00farbio' de Paulo Pedro Leal na Artsoul.","og:url":"https:\/\/www.encontrabomretiro.com.br\/sobre\/exposicao-individual-tragico-suburbio-de-paulo-pedro-leal\/","article:published_time":"2026-04-26T11:41:59+00:00","article:modified_time":"2026-04-26T11:41:59+00:00","twitter:card":"summary_large_image","twitter:title":"Exposi\u00e7\u00e3o Individual \u201cTr\u00e1gico Sub\u00farbio\u201d, De Paulo Pedro Leal | Encontra Bom Retiro","twitter:description":"Descubra a Exposi\u00e7\u00e3o Individual 'Tr\u00e1gico Sub\u00farbio' de Paulo Pedro Leal na Artsoul."},"aioseo_meta_data":{"post_id":"2730","title":null,"description":null,"keywords":null,"keyphrases":null,"primary_term":null,"canonical_url":null,"og_title":null,"og_description":null,"og_object_type":"default","og_image_type":"default","og_image_url":null,"og_image_width":null,"og_image_height":null,"og_image_custom_url":null,"og_image_custom_fields":null,"og_video":null,"og_custom_url":null,"og_article_section":null,"og_article_tags":null,"twitter_use_og":false,"twitter_card":"default","twitter_image_type":"default","twitter_image_url":null,"twitter_image_custom_url":null,"twitter_image_custom_fields":null,"twitter_title":null,"twitter_description":null,"schema":{"blockGraphs":[],"customGraphs":[],"default":{"data":{"Article":[],"Course":[],"Dataset":[],"FAQPage":[],"Movie":[],"Person":[],"Product":[],"ProductReview":[],"Car":[],"Recipe":[],"Service":[],"SoftwareApplication":[],"WebPage":[]},"graphName":"","isEnabled":true},"graphs":[]},"schema_type":"default","schema_type_options":null,"pillar_content":false,"robots_default":true,"robots_noindex":false,"robots_noarchive":false,"robots_nosnippet":false,"robots_nofollow":false,"robots_noimageindex":false,"robots_noodp":false,"robots_notranslate":false,"robots_max_snippet":null,"robots_max_videopreview":null,"robots_max_imagepreview":"large","priority":null,"frequency":null,"local_seo":null,"breadcrumb_settings":null,"limit_modified_date":false,"ai":null,"created":"2026-04-26 11:43:03","updated":"2026-04-26 11:55:46","focus_keyword":null,"additional_keywords":null,"truseo_locale":null,"seo_analyzer_scan_date":null},"aioseo_breadcrumb":"<div class=\"aioseo-breadcrumbs\"><span class=\"aioseo-breadcrumb\">\n\t\t\t<a href=\"https:\/\/www.encontrabomretiro.com.br\/sobre\" title=\"Dom\u00e9stica\">Dom\u00e9stica<\/a>\n\t\t<\/span><span class=\"aioseo-breadcrumb-separator\">&raquo;<\/span><span class=\"aioseo-breadcrumb\">\n\t\t\t<a href=\"https:\/\/www.encontrabomretiro.com.br\/sobre\/noticias-no-bom-retiro\/\" title=\"Not\u00edcias Bom Retiro\">Not\u00edcias Bom Retiro<\/a>\n\t\t<\/span><span class=\"aioseo-breadcrumb-separator\">&raquo;<\/span><span class=\"aioseo-breadcrumb\">\n\t\t\tExposi\u00e7\u00e3o Individual \u201cTr\u00e1gico Sub\u00farbio\u201d, De Paulo Pedro Leal\n\t\t<\/span><\/div>","aioseo_breadcrumb_json":[{"label":"Dom\u00e9stica","link":"https:\/\/www.encontrabomretiro.com.br\/sobre"},{"label":"Not\u00edcias Bom Retiro","link":"https:\/\/www.encontrabomretiro.com.br\/sobre\/noticias-no-bom-retiro\/"},{"label":"Exposi\u00e7\u00e3o Individual &#8220;Tr\u00e1gico Sub\u00farbio&#8221;, De Paulo Pedro Leal","link":"https:\/\/www.encontrabomretiro.com.br\/sobre\/exposicao-individual-tragico-suburbio-de-paulo-pedro-leal\/"}],"_links":{"self":[{"href":"https:\/\/www.encontrabomretiro.com.br\/sobre\/wp-json\/wp\/v2\/posts\/2730","targetHints":{"allow":["GET"]}}],"collection":[{"href":"https:\/\/www.encontrabomretiro.com.br\/sobre\/wp-json\/wp\/v2\/posts"}],"about":[{"href":"https:\/\/www.encontrabomretiro.com.br\/sobre\/wp-json\/wp\/v2\/types\/post"}],"author":[{"embeddable":true,"href":"https:\/\/www.encontrabomretiro.com.br\/sobre\/wp-json\/wp\/v2\/users\/1"}],"replies":[{"embeddable":true,"href":"https:\/\/www.encontrabomretiro.com.br\/sobre\/wp-json\/wp\/v2\/comments?post=2730"}],"version-history":[{"count":0,"href":"https:\/\/www.encontrabomretiro.com.br\/sobre\/wp-json\/wp\/v2\/posts\/2730\/revisions"}],"wp:featuredmedia":[{"embeddable":true,"href":"https:\/\/www.encontrabomretiro.com.br\/sobre\/wp-json\/wp\/v2\/media\/2729"}],"wp:attachment":[{"href":"https:\/\/www.encontrabomretiro.com.br\/sobre\/wp-json\/wp\/v2\/media?parent=2730"}],"wp:term":[{"taxonomy":"category","embeddable":true,"href":"https:\/\/www.encontrabomretiro.com.br\/sobre\/wp-json\/wp\/v2\/categories?post=2730"},{"taxonomy":"post_tag","embeddable":true,"href":"https:\/\/www.encontrabomretiro.com.br\/sobre\/wp-json\/wp\/v2\/tags?post=2730"}],"curies":[{"name":"wp","href":"https:\/\/api.w.org\/{rel}","templated":true}]}}