{"id":2694,"date":"2026-04-20T09:53:45","date_gmt":"2026-04-20T11:53:45","guid":{"rendered":"https:\/\/www.encontrabomretiro.com.br\/sobre\/jardim-botanico-e-casa-das-culturas-de-santos-recebem-cuidados-paisagisticos\/"},"modified":"2026-04-20T09:53:45","modified_gmt":"2026-04-20T11:53:45","slug":"jardim-botanico-e-casa-das-culturas-de-santos-recebem-cuidados-paisagisticos","status":"publish","type":"post","link":"https:\/\/www.encontrabomretiro.com.br\/sobre\/jardim-botanico-e-casa-das-culturas-de-santos-recebem-cuidados-paisagisticos\/","title":{"rendered":"Jardim Bot\u00e2nico e Casa das Culturas de Santos recebem cuidados paisag\u00edsticos"},"content":{"rendered":"<div class=\"228b65ae207de3c5c501cfe75875708b\" data-index=\"1\" style=\"float: none; margin:0px;\">\n<!-- Anuncio display - global -->\r\n<ins class=\"adsbygoogle\"\r\n     style=\"display:block\"\r\n     data-ad-client=\"ca-pub-8585364105181520\"\r\n     data-ad-slot=\"8789329856\"\r\n     data-ad-format=\"auto\"\r\n     data-full-width-responsive=\"true\"><\/ins>\r\n<script>\r\n     (adsbygoogle = window.adsbygoogle || []).push({});\r\n<\/script>\n<\/div>\n<h2>A Import\u00e2ncia do Jardim Bot\u00e2nico na Comunidade<\/h2>\n<p>O Jardim Bot\u00e2nico de Santos, conhecido como Jardim Bot\u00e2nico Chico Mendes, desempenha um papel fundamental na promo\u00e7\u00e3o da biodiversidade e na educa\u00e7\u00e3o ambiental para a comunidade local. Este espa\u00e7o \u00e9 mais do que um simples parque; ele oferece um local para o aprendizado sobre a flora da regi\u00e3o, promove atividades ao ar livre e contribui para o bem-estar dos cidad\u00e3os.<\/p>\n<p>Os Jardins Bot\u00e2nicos s\u00e3o institui\u00e7\u00f5es que, al\u00e9m de preservar plantas, servem como centros de pesquisa e lazer. A presen\u00e7a do Jardim Bot\u00e2nico em Santos proporciona aos visitantes uma oportunidade de se conectar com a natureza, estudando as diversas esp\u00e9cies vegetais e seus ecossistemas.<\/p>\n<h2>Servi\u00e7os de Manuten\u00e7\u00e3o Realizados no Jardim Bot\u00e2nico<\/h2>\n<p>Recentemente, o Jardim Bot\u00e2nico recebeu cuidados significativos. As equipes da Coordenadoria de Paisagismo, em colabora\u00e7\u00e3o com a Secretaria de Meio Ambiente, Desenvolvimento Urbano e Sustentabilidade, realizaram servi\u00e7os de poda, limpeza e requalifica\u00e7\u00e3o de \u00e1reas. Essas iniciativas s\u00e3o essenciais para manter o ambiente saud\u00e1vel e esteticamente agrad\u00e1vel.<\/p>\n<p><img decoding=\"async\" src=\"https:\/\/www.encontrabomretiro.com.br\/sobre\/wp-content\/uploads\/2026\/04\/jardim-botanico-e-casa-das-culturas-de-santos-recebem-cuidados-paisagisticos.webp\" alt=\"Jardim Bot\u00e2nico e Casa das Culturas de Santos\" loading=\"lazy\" \/><\/p>\n<p>As atividades de manuten\u00e7\u00e3o incluem:<\/p>\n<ul>\n<li><strong>Poda de \u00e1rvores e arbustos:<\/strong> Para garantir um crescimento saud\u00e1vel e seguro.<\/li>\n<li><strong>Limpeza de canteiros:<\/strong> Remo\u00e7\u00e3o de ervas daninhas e sujeira.<\/li>\n<li><strong>Requalifica\u00e7\u00e3o de espa\u00e7os:<\/strong> Melhoria da infraestrutura e da paisagem local.<\/li>\n<li><strong>Cuidado com a vegeta\u00e7\u00e3o:<\/strong> Monitoramento e tratamento de doen\u00e7as nas plantas.<\/li>\n<\/ul>\n<h2>Hist\u00f3ria da Casa das Culturas de Santos<\/h2>\n<p>A Casa das Culturas, localizada em Vila Nova, \u00e9 um espa\u00e7o cultural que visa promover a diversidade e a inclus\u00e3o por meio de diversas express\u00f5es art\u00edsticas. Este local acolhe eventos, exposi\u00e7\u00f5es e atividades voltadas para a comunidade, fortalecendo a identidade cultural da regi\u00e3o.<\/p>\n<p>A hist\u00f3ria da Casa das Culturas est\u00e1 ligada \u00e0 valoriza\u00e7\u00e3o das tradi\u00e7\u00f5es e \u00e0 promo\u00e7\u00e3o de um espa\u00e7o para a conviv\u00eancia social. Al\u00e9m de ser um ponto de encontro, a casa serve como plataforma para artistas locais e iniciativas comunit\u00e1rias.<\/p>\n<h2>Como a Paisagem Aumenta a Qualidade de Vida<\/h2>\n<p>A manuten\u00e7\u00e3o e preserva\u00e7\u00e3o de espa\u00e7os verdes, como o Jardim Bot\u00e2nico e a Casa das Culturas, s\u00e3o essenciais para a qualidade de vida da popula\u00e7\u00e3o. \u00c1reas ajardinadas proporcionam locais de descanso, lazer e conviv\u00eancia, contribuindo para a sa\u00fade mental e f\u00edsica dos cidad\u00e3os.<\/p>\n<p>Benef\u00edcios de um ambiente bem cuidado incluem:<\/p>\n<ul>\n<li><strong>Melhoria da sa\u00fade mental:<\/strong> O contato com a natureza reduz o estresse e melhora o bem-estar geral.<\/li>\n<li><strong>Espa\u00e7os para atividades f\u00edsicas:<\/strong> Ambientes verdes incentivam a pr\u00e1tica de esportes e caminhadas.<\/li>\n<li><strong>Promo\u00e7\u00e3o da socializa\u00e7\u00e3o:<\/strong> Jardins e parques s\u00e3o locais onde as pessoas se re\u00fanem e interagem.<\/li>\n<li><strong>Valoriza\u00e7\u00e3o da est\u00e9tica urbana:<\/strong> Ambientes bem cuidados embelezam a cidade, atraindo visitantes.<\/li>\n<\/ul>\n<h2>Iniciativas do Governo para Preserva\u00e7\u00e3o Ambiental<\/h2>\n<p>O governo tem implementado diversas iniciativas para garantir a preserva\u00e7\u00e3o ambiental em Santos. O cuidado com os espa\u00e7os p\u00fablicos e a aten\u00e7\u00e3o dedicada ao Jardim Bot\u00e2nico refletem um compromisso com a sustentabilidade e o desenvolvimento urbano respons\u00e1vel.<\/p>\n<p>Algumas a\u00e7\u00f5es incluem:<\/p>\n<ul>\n<li><strong>Educa\u00e7\u00e3o ambiental:<\/strong> Programas educativos que visam conscientizar a popula\u00e7\u00e3o sobre a import\u00e2ncia da preserva\u00e7\u00e3o.<\/li>\n<li><strong>Reflorestamento:<\/strong> Plantio de novas \u00e1rvores e recupera\u00e7\u00e3o de \u00e1reas degradadas.<\/li>\n<li><strong>Eventos comunit\u00e1rios:<\/strong> Promo\u00e7\u00e3o de atividades em parceria com a comunidade para cuidados e preserva\u00e7\u00e3o dos espa\u00e7os.<\/li>\n<\/ul>\n<h2>Impactos das Melhorias no Turismo Local<\/h2>\n<p>As a\u00e7\u00f5es de preserva\u00e7\u00e3o e manuten\u00e7\u00e3o dos jardins p\u00fablicos impactam diretamente o turismo local. O fortalecimento de \u00e1reas verdes e espa\u00e7os culturais n\u00e3o apenas atrai visitantes, mas tamb\u00e9m valoriza a identidade local.<\/p>\n<p>Com jardins bem cuidados, Santos se torna um destino atrativo, destacando-se pelas suas bel\u00edssimas paisagens. O aumento do turismo traz benef\u00edcios econ\u00f4micos, impulsionando o com\u00e9rcio local e fomentando projetos de desenvolvimento sustent\u00e1vel.<\/p>\n<h2>Integra\u00e7\u00e3o da Comunidade nas Atividades de Jardinagem<\/h2>\n<p>A participa\u00e7\u00e3o da comunidade nas atividades de jardinagem \u00e9 vital para a conscientiza\u00e7\u00e3o sobre a import\u00e2ncia da natureza. Ao envolver os cidad\u00e3os no cuidado e manuten\u00e7\u00e3o dos espa\u00e7os verdes, se cria um sentimento de pertencimento e responsabilidade.<\/p>\n<p>As a\u00e7\u00f5es comunit\u00e1rias incluem:<\/p>\n<ul>\n<li><strong>Voluntariado em projetos de jardinagem:<\/strong> Oferecendo a oportunidade de aprender e contribuir ativamente.<\/li>\n<li><strong>Workshops e palestras:<\/strong> Educando sobre bot\u00e2nica e cuidados com a flora local.<\/li>\n<li><strong>Eventos de plantio:<\/strong> Organizando dias para plantio de novas esp\u00e9cies, promovendo a intera\u00e7\u00e3o entre os moradores.<\/li>\n<\/ul>\n<h2>Visitas Guiadas: Conhecendo a Flora Local<\/h2>\n<p>As visitas guiadas ao Jardim Bot\u00e2nico s\u00e3o uma excelente forma de educar os visitantes sobre a biodiversidade local. Essas atividades proporcionam um aprendizado \u00fanico sobre as plantas, seu habitat e a import\u00e2ncia da conserva\u00e7\u00e3o.<\/p>\n<p>Os guias oferecem informa\u00e7\u00f5es relevantes e interessantes, permitindo que os participantes se conectem mais profundamente com a natureza. Essas experi\u00eancias enriquecem a compreens\u00e3o e o respeito pela biodiversidade e pelo meio ambiente.<\/p>\n<h2>Objetivos do Desenvolvimento Sustent\u00e1vel em A\u00e7\u00e3o<\/h2>\n<p>A iniciativa de cuidado ao Jardim Bot\u00e2nico e \u00e0 Casa das Culturas se alinha aos Objetivos do Desenvolvimento Sustent\u00e1vel (ODS) da ONU. A manuten\u00e7\u00e3o de espa\u00e7os verdes e a promo\u00e7\u00e3o de atividades culturais s\u00e3o formas de implementar as diretrizes de desenvolvimento sustent\u00e1vel na cidade.<\/p>\n<p>Particularmente, esta a\u00e7\u00e3o reflete o ODS n\u00famero 11, que busca tornar as cidades e os assentamentos humanos inclusivos, seguros, resilientes e sustent\u00e1veis. A preserva\u00e7\u00e3o da natureza e da cultura \u00e9 essencial para alcan\u00e7ar esses objetivos.<\/p>\n<h2>O Futuro do Cuidado com os Jardins P\u00fablicos<\/h2>\n<p>O futuro do Jardim Bot\u00e2nico e da Casa das Culturas depende do envolvimento cont\u00ednuo da comunidade e das iniciativas governamentais. A valoriza\u00e7\u00e3o e o investimento na conserva\u00e7\u00e3o dos espa\u00e7os p\u00fablicos s\u00e3o necess\u00e1rios para garantir que as futuras gera\u00e7\u00f5es desfrutem dos benef\u00edcios que estes locais oferecem.<\/p>\n<p>Medidas para garantir a sustentabilidade incluem:<\/p>\n<ul>\n<li><strong>Cria\u00e7\u00e3o de parcerias:<\/strong> Colaborar com ONGs e institui\u00e7\u00f5es educacionais para promover a\u00e7\u00f5es de conscientiza\u00e7\u00e3o.<\/li>\n<li><strong>Fomento \u00e0 pesquisa:<\/strong> Apoiar estudos sobre conserva\u00e7\u00e3o e desenvolvimento de novas pr\u00e1ticas sustent\u00e1veis.<\/li>\n<li><strong>Monitoramento cont\u00ednuo:<\/strong> Avaliar regularmente a sa\u00fade e a manuten\u00e7\u00e3o dos jardins p\u00fablicos.<\/li>\n<\/ul>\n\n<div style=\"font-size: 0px; height: 0px; line-height: 0px; margin: 0; padding: 0; clear: both;\"><\/div>","protected":false},"excerpt":{"rendered":"<p>Jardim Bot\u00e2nico e Casa das Culturas recebem cuidados especiais para preservar a beleza da cidade.<\/p>\n","protected":false},"author":1,"featured_media":2693,"comment_status":"open","ping_status":"closed","sticky":false,"template":"","format":"standard","meta":{"footnotes":""},"categories":[6],"tags":[],"class_list":["post-2694","post","type-post","status-publish","format-standard","has-post-thumbnail","hentry","category-noticias-no-bom-retiro","has_thumb"],"aioseo_notices":[],"aioseo_head":"\n\t\t<!-- All in One SEO 5.0.0.1 - aioseo.com -->\n\t<meta name=\"description\" content=\"Jardim Bot\u00e2nico e Casa das Culturas recebem cuidados especiais para preservar a beleza da cidade.\" \/>\n\t<meta name=\"robots\" content=\"max-image-preview:large\" \/>\n\t<meta name=\"author\" content=\"Encontra Bom Retiro\"\/>\n\t<link rel=\"canonical\" href=\"https:\/\/www.encontrabomretiro.com.br\/sobre\/jardim-botanico-e-casa-das-culturas-de-santos-recebem-cuidados-paisagisticos\/\" \/>\n\t<meta name=\"generator\" content=\"All in One SEO (AIOSEO) 5.0.0.1\" \/>\n\t\t<meta property=\"og:locale\" content=\"pt_BR\" \/>\n\t\t<meta property=\"og:site_name\" content=\"Encontra Bom Retiro | Not\u00edcias, eventos, informa\u00e7\u00f5es e dicas no bairro do Bom Retiro e regi\u00e3o.\" \/>\n\t\t<meta property=\"og:type\" content=\"article\" \/>\n\t\t<meta property=\"og:title\" content=\"Jardim Bot\u00e2nico e Casa das Culturas de Santos recebem cuidados paisag\u00edsticos | Encontra Bom Retiro\" \/>\n\t\t<meta property=\"og:description\" content=\"Jardim Bot\u00e2nico e Casa das Culturas recebem cuidados especiais para preservar a beleza da cidade.\" \/>\n\t\t<meta property=\"og:url\" content=\"https:\/\/www.encontrabomretiro.com.br\/sobre\/jardim-botanico-e-casa-das-culturas-de-santos-recebem-cuidados-paisagisticos\/\" \/>\n\t\t<meta property=\"article:published_time\" content=\"2026-04-20T11:53:45+00:00\" \/>\n\t\t<meta property=\"article:modified_time\" content=\"2026-04-20T11:53:45+00:00\" \/>\n\t\t<meta name=\"twitter:card\" content=\"summary_large_image\" \/>\n\t\t<meta name=\"twitter:title\" content=\"Jardim Bot\u00e2nico e Casa das Culturas de Santos recebem cuidados paisag\u00edsticos | Encontra Bom Retiro\" \/>\n\t\t<meta name=\"twitter:description\" content=\"Jardim Bot\u00e2nico e Casa das Culturas recebem cuidados especiais para preservar a beleza da cidade.\" \/>\n\t\t<script type=\"application\/ld+json\" class=\"aioseo-schema\">\n\t\t\t{\"@context\":\"https:\\\/\\\/schema.org\",\"@graph\":[{\"@type\":\"Article\",\"@id\":\"https:\\\/\\\/www.encontrabomretiro.com.br\\\/sobre\\\/jardim-botanico-e-casa-das-culturas-de-santos-recebem-cuidados-paisagisticos\\\/#article\",\"name\":\"Jardim Bot\\u00e2nico e Casa das Culturas de Santos recebem cuidados paisag\\u00edsticos | Encontra Bom Retiro\",\"headline\":\"Jardim Bot\\u00e2nico e Casa das Culturas de Santos recebem cuidados paisag\\u00edsticos\",\"author\":{\"@id\":\"https:\\\/\\\/www.encontrabomretiro.com.br\\\/sobre\\\/author\\\/ebomretiro\\\/#author\"},\"publisher\":{\"@id\":\"https:\\\/\\\/www.encontrabomretiro.com.br\\\/sobre\\\/#organization\"},\"image\":{\"@type\":\"ImageObject\",\"url\":\"https:\\\/\\\/www.encontrabomretiro.com.br\\\/sobre\\\/wp-content\\\/uploads\\\/2026\\\/04\\\/jardim-botanico-e-casa-das-culturas-de-santos-recebem-cuidados-paisagisticos.webp\",\"width\":280,\"height\":280,\"caption\":\"Jardim Bot\\u00e2nico e Casa das Culturas de Santos\"},\"datePublished\":\"2026-04-20T09:53:45-02:00\",\"dateModified\":\"2026-04-20T09:53:45-02:00\",\"inLanguage\":\"pt-BR\",\"mainEntityOfPage\":{\"@id\":\"https:\\\/\\\/www.encontrabomretiro.com.br\\\/sobre\\\/jardim-botanico-e-casa-das-culturas-de-santos-recebem-cuidados-paisagisticos\\\/#webpage\"},\"isPartOf\":{\"@id\":\"https:\\\/\\\/www.encontrabomretiro.com.br\\\/sobre\\\/jardim-botanico-e-casa-das-culturas-de-santos-recebem-cuidados-paisagisticos\\\/#webpage\"},\"articleSection\":\"Not\\u00edcias Bom Retiro\"},{\"@type\":\"BreadcrumbList\",\"@id\":\"https:\\\/\\\/www.encontrabomretiro.com.br\\\/sobre\\\/jardim-botanico-e-casa-das-culturas-de-santos-recebem-cuidados-paisagisticos\\\/#breadcrumblist\",\"itemListElement\":[{\"@type\":\"ListItem\",\"@id\":\"https:\\\/\\\/www.encontrabomretiro.com.br\\\/sobre#listItem\",\"position\":1,\"name\":\"Dom\\u00e9stica\",\"item\":\"https:\\\/\\\/www.encontrabomretiro.com.br\\\/sobre\",\"nextItem\":{\"@type\":\"ListItem\",\"@id\":\"https:\\\/\\\/www.encontrabomretiro.com.br\\\/sobre\\\/noticias-no-bom-retiro\\\/#listItem\",\"name\":\"Not\\u00edcias Bom Retiro\"}},{\"@type\":\"ListItem\",\"@id\":\"https:\\\/\\\/www.encontrabomretiro.com.br\\\/sobre\\\/noticias-no-bom-retiro\\\/#listItem\",\"position\":2,\"name\":\"Not\\u00edcias Bom Retiro\",\"item\":\"https:\\\/\\\/www.encontrabomretiro.com.br\\\/sobre\\\/noticias-no-bom-retiro\\\/\",\"nextItem\":{\"@type\":\"ListItem\",\"@id\":\"https:\\\/\\\/www.encontrabomretiro.com.br\\\/sobre\\\/jardim-botanico-e-casa-das-culturas-de-santos-recebem-cuidados-paisagisticos\\\/#listItem\",\"name\":\"Jardim Bot\\u00e2nico e Casa das Culturas de Santos recebem cuidados paisag\\u00edsticos\"},\"previousItem\":{\"@type\":\"ListItem\",\"@id\":\"https:\\\/\\\/www.encontrabomretiro.com.br\\\/sobre#listItem\",\"name\":\"Dom\\u00e9stica\"}},{\"@type\":\"ListItem\",\"@id\":\"https:\\\/\\\/www.encontrabomretiro.com.br\\\/sobre\\\/jardim-botanico-e-casa-das-culturas-de-santos-recebem-cuidados-paisagisticos\\\/#listItem\",\"position\":3,\"name\":\"Jardim Bot\\u00e2nico e Casa das Culturas de Santos recebem cuidados paisag\\u00edsticos\",\"previousItem\":{\"@type\":\"ListItem\",\"@id\":\"https:\\\/\\\/www.encontrabomretiro.com.br\\\/sobre\\\/noticias-no-bom-retiro\\\/#listItem\",\"name\":\"Not\\u00edcias Bom Retiro\"}}]},{\"@type\":\"Organization\",\"@id\":\"https:\\\/\\\/www.encontrabomretiro.com.br\\\/sobre\\\/#organization\",\"name\":\"Encontra Bom Retiro\",\"description\":\"Not\\u00edcias, eventos, informa\\u00e7\\u00f5es e dicas no bairro do Bom Retiro e regi\\u00e3o.\",\"url\":\"https:\\\/\\\/www.encontrabomretiro.com.br\\\/sobre\\\/\"},{\"@type\":\"Person\",\"@id\":\"https:\\\/\\\/www.encontrabomretiro.com.br\\\/sobre\\\/author\\\/ebomretiro\\\/#author\",\"url\":\"https:\\\/\\\/www.encontrabomretiro.com.br\\\/sobre\\\/author\\\/ebomretiro\\\/\",\"name\":\"Encontra Bom Retiro\",\"image\":{\"@type\":\"ImageObject\",\"@id\":\"https:\\\/\\\/www.encontrabomretiro.com.br\\\/sobre\\\/jardim-botanico-e-casa-das-culturas-de-santos-recebem-cuidados-paisagisticos\\\/#authorImage\",\"url\":\"https:\\\/\\\/secure.gravatar.com\\\/avatar\\\/507340682b8270222e1f208e23198b6ae7e2c6a1033ae84e99bc6bce4f82a387?s=96&d=mm&r=g\",\"width\":96,\"height\":96,\"caption\":\"Encontra Bom Retiro\"}},{\"@type\":\"WebPage\",\"@id\":\"https:\\\/\\\/www.encontrabomretiro.com.br\\\/sobre\\\/jardim-botanico-e-casa-das-culturas-de-santos-recebem-cuidados-paisagisticos\\\/#webpage\",\"url\":\"https:\\\/\\\/www.encontrabomretiro.com.br\\\/sobre\\\/jardim-botanico-e-casa-das-culturas-de-santos-recebem-cuidados-paisagisticos\\\/\",\"name\":\"Jardim Bot\\u00e2nico e Casa das Culturas de Santos recebem cuidados paisag\\u00edsticos | Encontra Bom Retiro\",\"description\":\"Jardim Bot\\u00e2nico e Casa das Culturas recebem cuidados especiais para preservar a beleza da cidade.\",\"inLanguage\":\"pt-BR\",\"isPartOf\":{\"@id\":\"https:\\\/\\\/www.encontrabomretiro.com.br\\\/sobre\\\/#website\"},\"breadcrumb\":{\"@id\":\"https:\\\/\\\/www.encontrabomretiro.com.br\\\/sobre\\\/jardim-botanico-e-casa-das-culturas-de-santos-recebem-cuidados-paisagisticos\\\/#breadcrumblist\"},\"author\":{\"@id\":\"https:\\\/\\\/www.encontrabomretiro.com.br\\\/sobre\\\/author\\\/ebomretiro\\\/#author\"},\"creator\":{\"@id\":\"https:\\\/\\\/www.encontrabomretiro.com.br\\\/sobre\\\/author\\\/ebomretiro\\\/#author\"},\"image\":{\"@type\":\"ImageObject\",\"url\":\"https:\\\/\\\/www.encontrabomretiro.com.br\\\/sobre\\\/wp-content\\\/uploads\\\/2026\\\/04\\\/jardim-botanico-e-casa-das-culturas-de-santos-recebem-cuidados-paisagisticos.webp\",\"@id\":\"https:\\\/\\\/www.encontrabomretiro.com.br\\\/sobre\\\/jardim-botanico-e-casa-das-culturas-de-santos-recebem-cuidados-paisagisticos\\\/#mainImage\",\"width\":280,\"height\":280,\"caption\":\"Jardim Bot\\u00e2nico e Casa das Culturas de Santos\"},\"primaryImageOfPage\":{\"@id\":\"https:\\\/\\\/www.encontrabomretiro.com.br\\\/sobre\\\/jardim-botanico-e-casa-das-culturas-de-santos-recebem-cuidados-paisagisticos\\\/#mainImage\"},\"datePublished\":\"2026-04-20T09:53:45-02:00\",\"dateModified\":\"2026-04-20T09:53:45-02:00\"},{\"@type\":\"WebSite\",\"@id\":\"https:\\\/\\\/www.encontrabomretiro.com.br\\\/sobre\\\/#website\",\"url\":\"https:\\\/\\\/www.encontrabomretiro.com.br\\\/sobre\\\/\",\"name\":\"Encontra Bom Retiro\",\"description\":\"Not\\u00edcias, eventos, informa\\u00e7\\u00f5es e dicas no bairro do Bom Retiro e regi\\u00e3o.\",\"inLanguage\":\"pt-BR\",\"publisher\":{\"@id\":\"https:\\\/\\\/www.encontrabomretiro.com.br\\\/sobre\\\/#organization\"}}]}\n\t\t<\/script>\n\t\t<!-- All in One SEO -->\n\n","aioseo_head_json":{"title":"Jardim Bot\u00e2nico e Casa das Culturas de Santos recebem cuidados paisag\u00edsticos | Encontra Bom Retiro","description":"Jardim Bot\u00e2nico e Casa das Culturas recebem cuidados especiais para preservar a beleza da cidade.","canonical_url":"https:\/\/www.encontrabomretiro.com.br\/sobre\/jardim-botanico-e-casa-das-culturas-de-santos-recebem-cuidados-paisagisticos\/","robots":"max-image-preview:large","keywords":"","webmasterTools":{"miscellaneous":""},"schema":{"@context":"https:\/\/schema.org","@graph":[{"@type":"Article","@id":"https:\/\/www.encontrabomretiro.com.br\/sobre\/jardim-botanico-e-casa-das-culturas-de-santos-recebem-cuidados-paisagisticos\/#article","name":"Jardim Bot\u00e2nico e Casa das Culturas de Santos recebem cuidados paisag\u00edsticos | Encontra Bom Retiro","headline":"Jardim Bot\u00e2nico e Casa das Culturas de Santos recebem cuidados paisag\u00edsticos","author":{"@id":"https:\/\/www.encontrabomretiro.com.br\/sobre\/author\/ebomretiro\/#author"},"publisher":{"@id":"https:\/\/www.encontrabomretiro.com.br\/sobre\/#organization"},"image":{"@type":"ImageObject","url":"https:\/\/www.encontrabomretiro.com.br\/sobre\/wp-content\/uploads\/2026\/04\/jardim-botanico-e-casa-das-culturas-de-santos-recebem-cuidados-paisagisticos.webp","width":280,"height":280,"caption":"Jardim Bot\u00e2nico e Casa das Culturas de Santos"},"datePublished":"2026-04-20T09:53:45-02:00","dateModified":"2026-04-20T09:53:45-02:00","inLanguage":"pt-BR","mainEntityOfPage":{"@id":"https:\/\/www.encontrabomretiro.com.br\/sobre\/jardim-botanico-e-casa-das-culturas-de-santos-recebem-cuidados-paisagisticos\/#webpage"},"isPartOf":{"@id":"https:\/\/www.encontrabomretiro.com.br\/sobre\/jardim-botanico-e-casa-das-culturas-de-santos-recebem-cuidados-paisagisticos\/#webpage"},"articleSection":"Not\u00edcias Bom Retiro"},{"@type":"BreadcrumbList","@id":"https:\/\/www.encontrabomretiro.com.br\/sobre\/jardim-botanico-e-casa-das-culturas-de-santos-recebem-cuidados-paisagisticos\/#breadcrumblist","itemListElement":[{"@type":"ListItem","@id":"https:\/\/www.encontrabomretiro.com.br\/sobre#listItem","position":1,"name":"Dom\u00e9stica","item":"https:\/\/www.encontrabomretiro.com.br\/sobre","nextItem":{"@type":"ListItem","@id":"https:\/\/www.encontrabomretiro.com.br\/sobre\/noticias-no-bom-retiro\/#listItem","name":"Not\u00edcias Bom Retiro"}},{"@type":"ListItem","@id":"https:\/\/www.encontrabomretiro.com.br\/sobre\/noticias-no-bom-retiro\/#listItem","position":2,"name":"Not\u00edcias Bom Retiro","item":"https:\/\/www.encontrabomretiro.com.br\/sobre\/noticias-no-bom-retiro\/","nextItem":{"@type":"ListItem","@id":"https:\/\/www.encontrabomretiro.com.br\/sobre\/jardim-botanico-e-casa-das-culturas-de-santos-recebem-cuidados-paisagisticos\/#listItem","name":"Jardim Bot\u00e2nico e Casa das Culturas de Santos recebem cuidados paisag\u00edsticos"},"previousItem":{"@type":"ListItem","@id":"https:\/\/www.encontrabomretiro.com.br\/sobre#listItem","name":"Dom\u00e9stica"}},{"@type":"ListItem","@id":"https:\/\/www.encontrabomretiro.com.br\/sobre\/jardim-botanico-e-casa-das-culturas-de-santos-recebem-cuidados-paisagisticos\/#listItem","position":3,"name":"Jardim Bot\u00e2nico e Casa das Culturas de Santos recebem cuidados paisag\u00edsticos","previousItem":{"@type":"ListItem","@id":"https:\/\/www.encontrabomretiro.com.br\/sobre\/noticias-no-bom-retiro\/#listItem","name":"Not\u00edcias Bom Retiro"}}]},{"@type":"Organization","@id":"https:\/\/www.encontrabomretiro.com.br\/sobre\/#organization","name":"Encontra Bom Retiro","description":"Not\u00edcias, eventos, informa\u00e7\u00f5es e dicas no bairro do Bom Retiro e regi\u00e3o.","url":"https:\/\/www.encontrabomretiro.com.br\/sobre\/"},{"@type":"Person","@id":"https:\/\/www.encontrabomretiro.com.br\/sobre\/author\/ebomretiro\/#author","url":"https:\/\/www.encontrabomretiro.com.br\/sobre\/author\/ebomretiro\/","name":"Encontra Bom Retiro","image":{"@type":"ImageObject","@id":"https:\/\/www.encontrabomretiro.com.br\/sobre\/jardim-botanico-e-casa-das-culturas-de-santos-recebem-cuidados-paisagisticos\/#authorImage","url":"https:\/\/secure.gravatar.com\/avatar\/507340682b8270222e1f208e23198b6ae7e2c6a1033ae84e99bc6bce4f82a387?s=96&d=mm&r=g","width":96,"height":96,"caption":"Encontra Bom Retiro"}},{"@type":"WebPage","@id":"https:\/\/www.encontrabomretiro.com.br\/sobre\/jardim-botanico-e-casa-das-culturas-de-santos-recebem-cuidados-paisagisticos\/#webpage","url":"https:\/\/www.encontrabomretiro.com.br\/sobre\/jardim-botanico-e-casa-das-culturas-de-santos-recebem-cuidados-paisagisticos\/","name":"Jardim Bot\u00e2nico e Casa das Culturas de Santos recebem cuidados paisag\u00edsticos | Encontra Bom Retiro","description":"Jardim Bot\u00e2nico e Casa das Culturas recebem cuidados especiais para preservar a beleza da cidade.","inLanguage":"pt-BR","isPartOf":{"@id":"https:\/\/www.encontrabomretiro.com.br\/sobre\/#website"},"breadcrumb":{"@id":"https:\/\/www.encontrabomretiro.com.br\/sobre\/jardim-botanico-e-casa-das-culturas-de-santos-recebem-cuidados-paisagisticos\/#breadcrumblist"},"author":{"@id":"https:\/\/www.encontrabomretiro.com.br\/sobre\/author\/ebomretiro\/#author"},"creator":{"@id":"https:\/\/www.encontrabomretiro.com.br\/sobre\/author\/ebomretiro\/#author"},"image":{"@type":"ImageObject","url":"https:\/\/www.encontrabomretiro.com.br\/sobre\/wp-content\/uploads\/2026\/04\/jardim-botanico-e-casa-das-culturas-de-santos-recebem-cuidados-paisagisticos.webp","@id":"https:\/\/www.encontrabomretiro.com.br\/sobre\/jardim-botanico-e-casa-das-culturas-de-santos-recebem-cuidados-paisagisticos\/#mainImage","width":280,"height":280,"caption":"Jardim Bot\u00e2nico e Casa das Culturas de Santos"},"primaryImageOfPage":{"@id":"https:\/\/www.encontrabomretiro.com.br\/sobre\/jardim-botanico-e-casa-das-culturas-de-santos-recebem-cuidados-paisagisticos\/#mainImage"},"datePublished":"2026-04-20T09:53:45-02:00","dateModified":"2026-04-20T09:53:45-02:00"},{"@type":"WebSite","@id":"https:\/\/www.encontrabomretiro.com.br\/sobre\/#website","url":"https:\/\/www.encontrabomretiro.com.br\/sobre\/","name":"Encontra Bom Retiro","description":"Not\u00edcias, eventos, informa\u00e7\u00f5es e dicas no bairro do Bom Retiro e regi\u00e3o.","inLanguage":"pt-BR","publisher":{"@id":"https:\/\/www.encontrabomretiro.com.br\/sobre\/#organization"}}]},"og:locale":"pt_BR","og:site_name":"Encontra Bom Retiro | Not\u00edcias, eventos, informa\u00e7\u00f5es e dicas no bairro do Bom Retiro e regi\u00e3o.","og:type":"article","og:title":"Jardim Bot\u00e2nico e Casa das Culturas de Santos recebem cuidados paisag\u00edsticos | Encontra Bom Retiro","og:description":"Jardim Bot\u00e2nico e Casa das Culturas recebem cuidados especiais para preservar a beleza da cidade.","og:url":"https:\/\/www.encontrabomretiro.com.br\/sobre\/jardim-botanico-e-casa-das-culturas-de-santos-recebem-cuidados-paisagisticos\/","article:published_time":"2026-04-20T11:53:45+00:00","article:modified_time":"2026-04-20T11:53:45+00:00","twitter:card":"summary_large_image","twitter:title":"Jardim Bot\u00e2nico e Casa das Culturas de Santos recebem cuidados paisag\u00edsticos | Encontra Bom Retiro","twitter:description":"Jardim Bot\u00e2nico e Casa das Culturas recebem cuidados especiais para preservar a beleza da cidade."},"aioseo_meta_data":{"post_id":"2694","title":null,"description":null,"keywords":null,"keyphrases":null,"primary_term":null,"canonical_url":null,"og_title":null,"og_description":null,"og_object_type":"default","og_image_type":"default","og_image_url":null,"og_image_width":null,"og_image_height":null,"og_image_custom_url":null,"og_image_custom_fields":null,"og_video":null,"og_custom_url":null,"og_article_section":null,"og_article_tags":null,"twitter_use_og":false,"twitter_card":"default","twitter_image_type":"default","twitter_image_url":null,"twitter_image_custom_url":null,"twitter_image_custom_fields":null,"twitter_title":null,"twitter_description":null,"schema":{"blockGraphs":[],"customGraphs":[],"default":{"data":{"Article":[],"Course":[],"Dataset":[],"FAQPage":[],"Movie":[],"Person":[],"Product":[],"ProductReview":[],"Car":[],"Recipe":[],"Service":[],"SoftwareApplication":[],"WebPage":[]},"graphName":"Article","isEnabled":true},"graphs":[]},"schema_type":"default","schema_type_options":null,"pillar_content":false,"robots_default":true,"robots_noindex":false,"robots_noarchive":false,"robots_nosnippet":false,"robots_nofollow":false,"robots_noimageindex":false,"robots_noodp":false,"robots_notranslate":false,"robots_max_snippet":null,"robots_max_videopreview":null,"robots_max_imagepreview":"large","priority":null,"frequency":null,"local_seo":null,"breadcrumb_settings":null,"limit_modified_date":false,"ai":null,"created":"2026-04-20 11:53:50","updated":"2026-04-20 12:07:23","focus_keyword":null,"additional_keywords":null,"truseo_locale":null,"seo_analyzer_scan_date":null},"aioseo_breadcrumb":"<div class=\"aioseo-breadcrumbs\"><span class=\"aioseo-breadcrumb\">\n\t\t\t<a href=\"https:\/\/www.encontrabomretiro.com.br\/sobre\" title=\"Dom\u00e9stica\">Dom\u00e9stica<\/a>\n\t\t<\/span><span class=\"aioseo-breadcrumb-separator\">&raquo;<\/span><span class=\"aioseo-breadcrumb\">\n\t\t\t<a href=\"https:\/\/www.encontrabomretiro.com.br\/sobre\/noticias-no-bom-retiro\/\" title=\"Not\u00edcias Bom Retiro\">Not\u00edcias Bom Retiro<\/a>\n\t\t<\/span><span class=\"aioseo-breadcrumb-separator\">&raquo;<\/span><span class=\"aioseo-breadcrumb\">\n\t\t\tJardim Bot\u00e2nico e Casa das Culturas de Santos recebem cuidados paisag\u00edsticos\n\t\t<\/span><\/div>","aioseo_breadcrumb_json":[{"label":"Dom\u00e9stica","link":"https:\/\/www.encontrabomretiro.com.br\/sobre"},{"label":"Not\u00edcias Bom Retiro","link":"https:\/\/www.encontrabomretiro.com.br\/sobre\/noticias-no-bom-retiro\/"},{"label":"Jardim Bot\u00e2nico e Casa das Culturas de Santos recebem cuidados paisag\u00edsticos","link":"https:\/\/www.encontrabomretiro.com.br\/sobre\/jardim-botanico-e-casa-das-culturas-de-santos-recebem-cuidados-paisagisticos\/"}],"_links":{"self":[{"href":"https:\/\/www.encontrabomretiro.com.br\/sobre\/wp-json\/wp\/v2\/posts\/2694","targetHints":{"allow":["GET"]}}],"collection":[{"href":"https:\/\/www.encontrabomretiro.com.br\/sobre\/wp-json\/wp\/v2\/posts"}],"about":[{"href":"https:\/\/www.encontrabomretiro.com.br\/sobre\/wp-json\/wp\/v2\/types\/post"}],"author":[{"embeddable":true,"href":"https:\/\/www.encontrabomretiro.com.br\/sobre\/wp-json\/wp\/v2\/users\/1"}],"replies":[{"embeddable":true,"href":"https:\/\/www.encontrabomretiro.com.br\/sobre\/wp-json\/wp\/v2\/comments?post=2694"}],"version-history":[{"count":0,"href":"https:\/\/www.encontrabomretiro.com.br\/sobre\/wp-json\/wp\/v2\/posts\/2694\/revisions"}],"wp:featuredmedia":[{"embeddable":true,"href":"https:\/\/www.encontrabomretiro.com.br\/sobre\/wp-json\/wp\/v2\/media\/2693"}],"wp:attachment":[{"href":"https:\/\/www.encontrabomretiro.com.br\/sobre\/wp-json\/wp\/v2\/media?parent=2694"}],"wp:term":[{"taxonomy":"category","embeddable":true,"href":"https:\/\/www.encontrabomretiro.com.br\/sobre\/wp-json\/wp\/v2\/categories?post=2694"},{"taxonomy":"post_tag","embeddable":true,"href":"https:\/\/www.encontrabomretiro.com.br\/sobre\/wp-json\/wp\/v2\/tags?post=2694"}],"curies":[{"name":"wp","href":"https:\/\/api.w.org\/{rel}","templated":true}]}}