{"id":2690,"date":"2026-04-19T09:54:10","date_gmt":"2026-04-19T11:54:10","guid":{"rendered":"https:\/\/www.encontrabomretiro.com.br\/sobre\/lula-anuncia-fabrica-de-trens-em-sp-e-critica-ausencia-de-tarcisio-lamento-profundamente\/"},"modified":"2026-04-19T09:54:10","modified_gmt":"2026-04-19T11:54:10","slug":"lula-anuncia-fabrica-de-trens-em-sp-e-critica-ausencia-de-tarcisio-lamento-profundamente","status":"publish","type":"post","link":"https:\/\/www.encontrabomretiro.com.br\/sobre\/lula-anuncia-fabrica-de-trens-em-sp-e-critica-ausencia-de-tarcisio-lamento-profundamente\/","title":{"rendered":"Lula anuncia f\u00e1brica de trens em SP e critica aus\u00eancia de Tarc\u00edsio: &#8216;Lamento profundamente&#8217;"},"content":{"rendered":"<div class=\"228b65ae207de3c5c501cfe75875708b\" data-index=\"1\" style=\"float: none; margin:0px;\">\n<!-- Anuncio display - global -->\r\n<ins class=\"adsbygoogle\"\r\n     style=\"display:block\"\r\n     data-ad-client=\"ca-pub-8585364105181520\"\r\n     data-ad-slot=\"8789329856\"\r\n     data-ad-format=\"auto\"\r\n     data-full-width-responsive=\"true\"><\/ins>\r\n<script>\r\n     (adsbygoogle = window.adsbygoogle || []).push({});\r\n<\/script>\n<\/div>\n<h2>An\u00fancio da F\u00e1brica de Trens<\/h2>\n<p>No dia 25 de mar\u00e7o de 2026, o presidente **Luiz In\u00e1cio Lula da Silva** deu um importante passo para a ind\u00fastria brasileira durante sua visita ao interior de S\u00e3o Paulo. Ele fez o an\u00fancio oficial da instala\u00e7\u00e3o de uma nova f\u00e1brica de trens, operada pela **CRRC Brasil Equipamentos Ferrovi\u00e1rios**, uma subsidi\u00e1ria de uma reconhecida empresa chinesa do setor ferrovi\u00e1rio. O local escolhido para a nova unidade ser\u00e1 nas instala\u00e7\u00f5es anteriormente ocupadas pela montadora **Hyundai**, situadas pr\u00f3ximas \u00e0 rodovia Ant\u00f4nio Machado Sant\u2019Anna em Araraquara.<\/p>\n<h2>Cr\u00edticas \u00e0 Aus\u00eancia do Governador<\/h2>\n<p>Durante o evento, Lula destacou a aus\u00eancia do governador de S\u00e3o Paulo, **Tarc\u00edsio de Freitas**, expressando sua decep\u00e7\u00e3o. Segundo o presidente, seria importante que o governador estivesse presente para apoiar um investimento significativo como esse. Ele enfatizou: &#8220;Lamento profundamente que o governador n\u00e3o esteja aqui. Ele poderia ter agradecido ou falado sobre o projeto, mas \u00e9 uma oportunidade que n\u00e3o podemos deixar passar. Estamos falando de R$ 7 bilh\u00f5es destinados a S\u00e3o Paulo, um valor consider\u00e1vel que promete gerar empregos e trazer modernidade ao transporte ferrovi\u00e1rio.&#8221;<\/p>\n<h2>Expectativas Econ\u00f4micas para S\u00e3o Paulo<\/h2>\n<p>O investimento previsto para a f\u00e1brica de trens \u00e9 estimado em R$ 7 bilh\u00f5es, um aporte que promete revolucionar n\u00e3o s\u00f3 a ind\u00fastria ferrovi\u00e1ria de S\u00e3o Paulo, mas tamb\u00e9m impactar a economia local de uma maneira mais ampla. Espera-se que essa nova unidade industrial contribua para a revitaliza\u00e7\u00e3o do setor, ampliando a capacidade de produ\u00e7\u00e3o e trazendo novas tecnologias para o estado.<\/p>\n<p><img decoding=\"async\" src=\"https:\/\/www.encontrabomretiro.com.br\/sobre\/wp-content\/uploads\/2026\/04\/lula-anuncia-fabrica-de-trens-em-sp-e-critica-ausencia-de-tarcisio-lamento-profundamente.webp\" alt=\"f\u00e1brica de trens em SP\" loading=\"lazy\" \/><\/p>\n<h2>Detalhes do Investimento de R$ 7 Bilh\u00f5es<\/h2>\n<p>O projeto da nova f\u00e1brica da CRRC Brasil em Araraquara n\u00e3o s\u00f3 representa um marco na produ\u00e7\u00e3o ferrovi\u00e1ria do pa\u00eds, mas tamb\u00e9m possui implica\u00e7\u00f5es significativas no mercado de trabalho. O investimento de R$ 7 bilh\u00f5es est\u00e1 alinhado com as diretrizes do governo para modernizar o setor de transporte. Lula destacou que &#8220;isso n\u00e3o \u00e9 apenas uma quest\u00e3o de dinheiro; \u00e9 uma oportunidade de trazer inova\u00e7\u00e3o e efici\u00eancia para o nosso sistema ferrovi\u00e1rio, permitindo que os trens sejam fabricados localmente e atendam a uma demanda crescente.&#8221;<br \/>\nDurante o evento, foi formalizado um acordo de financiamento pelo **Banco Nacional de Desenvolvimento Econ\u00f4mico e Social** (**BNDES**), que ir\u00e1 ajudar a assegurar a viabilidade do empreendimento, assegurando que o capital necess\u00e1rio esteja dispon\u00edvel para a execu\u00e7\u00e3o do projeto.<\/p>\n<h2>Impactos no Setor Ferrovi\u00e1rio<\/h2>\n<p>A nova f\u00e1brica da CRRC \u00e9 considerada uma pe\u00e7a-chave na amplia\u00e7\u00e3o da capacidade produtiva do setor ferrovi\u00e1rio brasileiro. Com a instala\u00e7\u00e3o desse empreendimento, espera-se uma transforma\u00e7\u00e3o na maneira como os trens s\u00e3o produzidos, com a ado\u00e7\u00e3o de tecnologias de ponta que visam atender as necessidades do transporte moderno. A fabrica\u00e7\u00e3o local de trens tamb\u00e9m ir\u00e1 reduzir a depend\u00eancia de importa\u00e7\u00f5es e fortalecer a cadeia produtiva nacional, resultando em um transporte ferrovi\u00e1rio mais eficiente e sustent\u00e1vel.<\/p>\n<h2>Gera\u00e7\u00e3o de Empregos e Tecnologia<\/h2>\n<p>A instala\u00e7\u00e3o da f\u00e1brica de trens promete n\u00e3o apenas criar novas oportunidades de trabalho, mas tamb\u00e9m incentivar a forma\u00e7\u00e3o e a capacita\u00e7\u00e3o de profissionais na \u00e1rea ferrovi\u00e1ria. A gera\u00e7\u00e3o de empregos ser\u00e1 um dos principais benef\u00edcios desse investimento, com a expectativa de que milhares de postos de trabalho sejam gerados nas mais diversas \u00e1reas, desde a produ\u00e7\u00e3o at\u00e9 a gest\u00e3o.<\/p>\n<p>Al\u00e9m da cria\u00e7\u00e3o de empregos, a nova f\u00e1brica tamb\u00e9m buscar\u00e1 incorporar inova\u00e7\u00e3o tecnol\u00f3gica em seus processos produtivos. A expectativa \u00e9 que t\u00e9cnicas modernas e sustent\u00e1veis sejam utilizadas, refletindo uma preocupa\u00e7\u00e3o com o meio ambiente e a efici\u00eancia dos recursos.<\/p>\n<h2>Linhas de Financiamento do BNDES<\/h2>\n<p>A parceria com o **BNDES** \u00e9 um elemento crucial para a realiza\u00e7\u00e3o da f\u00e1brica de trens. O BNDES formalizou uma linha de financiamento que permitir\u00e1 que a CRRC Brasil receba o suporte necess\u00e1rio para a constru\u00e7\u00e3o e implementa\u00e7\u00e3o da unidade. Essa colabora\u00e7\u00e3o entre o governo e as empresas privadas \u00e9 um exemplo de como o setor p\u00fablico pode colaborar para impulsionar investimentos estrat\u00e9gicos que beneficiem a economia nacional.<\/p>\n<h2>O Papel da CRRC Brasil na Ind\u00fastria<\/h2>\n<p>A **CRRC Brasil Equipamentos Ferrovi\u00e1rios** ser\u00e1 respons\u00e1vel pela produ\u00e7\u00e3o de trens que atender\u00e3o n\u00e3o apenas ao mercado interno, mas tamb\u00e9m \u00e0 demanda externa, com potencial para exporta\u00e7\u00e3o. O investimento em inova\u00e7\u00e3o e tecnologia ser\u00e1 a base para garantir que os produtos fabricados na nova unidade atendam a padr\u00f5es elevados de qualidade e efici\u00eancia.<\/p>\n<h2>Rela\u00e7\u00e3o entre Ind\u00fastria e Transporte Moderno<\/h2>\n<p>A f\u00e1brica de trens de Araraquara \u00e9 um exemplo claro de como a moderniza\u00e7\u00e3o da infraestrutura de transporte \u00e9 vital para o desenvolvimento econ\u00f4mico. Com novos trens sendo produzidos localmente, haver\u00e1 um aumento na efici\u00eancia do transporte de cargas e passageiros, o que \u00e9 essencial para um estado que busca crescer economicamente e modernizar seu sistema de mobilidade.<\/p>\n<h2>Agenda Pol\u00edtica e Industrial de Lula<\/h2>\n<p>Essa visita do presidente Lula \u00e0s cidades do interior de S\u00e3o Paulo tamb\u00e9m incluiu compromissos em Gavi\u00e3o Peixoto e S\u00e3o Carlos, onde ele participou de eventos importantes, incluindo a apresenta\u00e7\u00e3o de um ca\u00e7a montado pela **Embraer** e o an\u00fancio da amplia\u00e7\u00e3o do Hospital Universit\u00e1rio da **UFSCar**. A agenda de Lula reflete sua inten\u00e7\u00e3o de promover o desenvolvimento industrial e a melhoria na infraestrutura de sa\u00fade como pilares fundamentais de seu governo.<\/p>\n<p>O presidente reafirmou sua vis\u00e3o de um Brasil mais moderno e desenvolvido, dizendo: &#8220;Este ano marcar\u00e1 um avan\u00e7o significativo no nosso compromisso com a verdade e a inova\u00e7\u00e3o, e estou determinado a garantir que o pa\u00eds esteja preparado para os desafios do futuro.&#8221;<br \/>\nA expectativa \u00e9 de que a nova f\u00e1brica de trens n\u00e3o apenas atenda \u00e0s necessidades locais, mas tamb\u00e9m colabore para um futuro mais sustent\u00e1vel e produtivo em todo o Brasil. Assim, a interven\u00e7\u00e3o do governo na instala\u00e7\u00e3o desse tipo de infraestrutura ser\u00e1 fundamental para suportar o crescimento econ\u00f4mico esperado nos pr\u00f3ximos anos.<\/p>\n\n<div style=\"font-size: 0px; height: 0px; line-height: 0px; margin: 0; padding: 0; clear: both;\"><\/div>","protected":false},"excerpt":{"rendered":"<p>Lula anuncia nova f\u00e1brica de trens em SP, um marco para a ind\u00fastria.<\/p>\n","protected":false},"author":1,"featured_media":2689,"comment_status":"open","ping_status":"closed","sticky":false,"template":"","format":"standard","meta":{"footnotes":""},"categories":[6],"tags":[],"class_list":["post-2690","post","type-post","status-publish","format-standard","has-post-thumbnail","hentry","category-noticias-no-bom-retiro","has_thumb"],"aioseo_notices":[],"_links":{"self":[{"href":"https:\/\/www.encontrabomretiro.com.br\/sobre\/wp-json\/wp\/v2\/posts\/2690","targetHints":{"allow":["GET"]}}],"collection":[{"href":"https:\/\/www.encontrabomretiro.com.br\/sobre\/wp-json\/wp\/v2\/posts"}],"about":[{"href":"https:\/\/www.encontrabomretiro.com.br\/sobre\/wp-json\/wp\/v2\/types\/post"}],"author":[{"embeddable":true,"href":"https:\/\/www.encontrabomretiro.com.br\/sobre\/wp-json\/wp\/v2\/users\/1"}],"replies":[{"embeddable":true,"href":"https:\/\/www.encontrabomretiro.com.br\/sobre\/wp-json\/wp\/v2\/comments?post=2690"}],"version-history":[{"count":0,"href":"https:\/\/www.encontrabomretiro.com.br\/sobre\/wp-json\/wp\/v2\/posts\/2690\/revisions"}],"wp:featuredmedia":[{"embeddable":true,"href":"https:\/\/www.encontrabomretiro.com.br\/sobre\/wp-json\/wp\/v2\/media\/2689"}],"wp:attachment":[{"href":"https:\/\/www.encontrabomretiro.com.br\/sobre\/wp-json\/wp\/v2\/media?parent=2690"}],"wp:term":[{"taxonomy":"category","embeddable":true,"href":"https:\/\/www.encontrabomretiro.com.br\/sobre\/wp-json\/wp\/v2\/categories?post=2690"},{"taxonomy":"post_tag","embeddable":true,"href":"https:\/\/www.encontrabomretiro.com.br\/sobre\/wp-json\/wp\/v2\/tags?post=2690"}],"curies":[{"name":"wp","href":"https:\/\/api.w.org\/{rel}","templated":true}]}}