{"id":2686,"date":"2026-04-18T09:41:51","date_gmt":"2026-04-18T11:41:51","guid":{"rendered":"https:\/\/www.encontrabomretiro.com.br\/sobre\/cine-ao-luar-exibe-divertida-mente-neste-sabado-no-bonsucesso-em-rio-claro\/"},"modified":"2026-04-18T09:41:51","modified_gmt":"2026-04-18T11:41:51","slug":"cine-ao-luar-exibe-divertida-mente-neste-sabado-no-bonsucesso-em-rio-claro","status":"publish","type":"post","link":"https:\/\/www.encontrabomretiro.com.br\/sobre\/cine-ao-luar-exibe-divertida-mente-neste-sabado-no-bonsucesso-em-rio-claro\/","title":{"rendered":"Cine ao Luar exibe Divertida Mente neste s\u00e1bado no Bonsucesso em Rio Claro"},"content":{"rendered":"<div class=\"228b65ae207de3c5c501cfe75875708b\" data-index=\"1\" style=\"float: none; margin:0px;\">\n<!-- Anuncio display - global -->\r\n<ins class=\"adsbygoogle\"\r\n     style=\"display:block\"\r\n     data-ad-client=\"ca-pub-8585364105181520\"\r\n     data-ad-slot=\"8789329856\"\r\n     data-ad-format=\"auto\"\r\n     data-full-width-responsive=\"true\"><\/ins>\r\n<script>\r\n     (adsbygoogle = window.adsbygoogle || []).push({});\r\n<\/script>\n<\/div>\n<h2>O que \u00e9 o projeto Cine ao Luar?<\/h2>\n<p>O projeto Cine ao Luar \u00e9 uma iniciativa cultural promovida pela prefeitura de Rio Claro, em S\u00e3o Paulo, com o intuito de oferecer sess\u00f5es de cinema gratuitas ao ar livre. Com isso, a proposta visa proporcionar entretenimento acess\u00edvel para a comunidade e promover a intera\u00e7\u00e3o social entre os moradores da regi\u00e3o. As exibi\u00e7\u00f5es s\u00e3o realizadas em diferentes locais e t\u00eam atra\u00eddo um p\u00fablico diversificado, refor\u00e7ando a import\u00e2ncia da cultura e do lazer.<\/p>\n<h2>O filme Divertida Mente e sua mensagem<\/h2>\n<p>O filme &#8220;Divertida Mente&#8221;, da Pixar, \u00e9 uma anima\u00e7\u00e3o que encanta crian\u00e7as e adultos ao explorar as emo\u00e7\u00f5es da protagonista Riley. No longa, as emo\u00e7\u00f5es Alegria, Tristeza, Medo, Raiva e Avers\u00e3o tomam vida e ajudam Riley a viver a transi\u00e7\u00e3o de sua vida ao se mudar para uma nova cidade. O filme aborda temas como a complexidade das emo\u00e7\u00f5es humanas e a import\u00e2ncia de aceitar e compreender todos os sentimentos que fazem parte da nossa experi\u00eancia. Isso faz dele uma excelente escolha para fam\u00edlias, j\u00e1 que promove discuss\u00f5es sobre emocionalidade e a aceita\u00e7\u00e3o de mudan\u00e7as.<\/p>\n<h2>Data e hor\u00e1rio da exibi\u00e7\u00e3o<\/h2>\n<p>A exibi\u00e7\u00e3o do filme &#8220;Divertida Mente&#8221; est\u00e1 agendada para o dia 18 de abril de 2026. A sess\u00e3o acontecer\u00e1 \u00e0s 19h, permitindo que os espectadores desfrutem da anima\u00e7\u00e3o em um clima agrad\u00e1vel, sob a luz do luar, que proporciona um ambiente especial e acolhedor.<\/p>\n<p><img decoding=\"async\" src=\"https:\/\/www.encontrabomretiro.com.br\/sobre\/wp-content\/uploads\/2026\/04\/cine-ao-luar-exibe-divertida-mente-neste-sabado-no-bonsucesso-em-rio-claro.webp\" alt=\"Cine ao Luar\" loading=\"lazy\" \/><\/p>\n<h2>Localiza\u00e7\u00e3o do evento<\/h2>\n<p>A atividade ser\u00e1 realizada na quadra situada na Rua 6 JW, com acesso pela Avenida 19 JW, no Jardim Bonsucesso. Este local \u00e9 conhecido por ser um espa\u00e7o amplo e acolhedor, prop\u00edcio para eventos culturais ao ar livre, facilitando o acesso para moradores de diversas partes da cidade.<\/p>\n<h2>Como participar da sess\u00e3o<\/h2>\n<p>A participa\u00e7\u00e3o na sess\u00e3o \u00e9 totalmente gratuita e n\u00e3o \u00e9 necess\u00e1rio realizar inscri\u00e7\u00e3o pr\u00e9via. Os interessados apenas precisam comparecer ao local na data e hor\u00e1rio determinados. \u00c9 recomend\u00e1vel que os participantes cheguem com anteced\u00eancia para garantir um bom lugar e aproveitar melhor a experi\u00eancia cinematogr\u00e1fica ao ar livre.<\/p>\n<h2>Parceria com a Secretaria Municipal de Cultura<\/h2>\n<p>O Cine ao Luar conta com a parceria da Secretaria Municipal de Cultura de Rio Claro que, junto com a Gira Mundo Divers\u00f5es, realiza essa atividade cultural. Essa colabora\u00e7\u00e3o visa facilitar o acesso de mais pessoas a eventos que promovem o entretenimento e a cultura, refletindo a miss\u00e3o das organiza\u00e7\u00f5es em encorajar a viv\u00eancia de experi\u00eancias art\u00edsticas.<\/p>\n<h2>Expectativas para o p\u00fablico da regi\u00e3o<\/h2>\n<p>\u00c9 esperada uma boa presen\u00e7a de p\u00fablico, principalmente dos moradores das comunidades vizinhas como Novo Wenzel, Bonsucesso, e Bom Retiro. Estas iniciativas t\u00eam se revelado uma \u00f3tima oportunidade para as fam\u00edlias se reunirem e desfrutarem de momentos agrad\u00e1veis juntas, al\u00e9m de fortalecer os la\u00e7os comunit\u00e1rios entre os cidad\u00e3os que compartilham do mesmo espa\u00e7o urbano.<\/p>\n<h2>Import\u00e2ncia de eventos culturais gratuitos<\/h2>\n<p>Eventos culturais gratuitos, como o Cine ao Luar, desempenham um papel crucial na promo\u00e7\u00e3o da cultura e no fomento ao lazer na sociedade. Eles quebram barreiras econ\u00f4micas e sociais, permitindo que toda a popula\u00e7\u00e3o tenha acesso a experi\u00eancias diversificadas, como o cinema. Al\u00e9m de proporcionar entretenimento, essas atividades tamb\u00e9m incentivam a intera\u00e7\u00e3o social, a inclus\u00e3o cultural e a valoriza\u00e7\u00e3o da arte, que \u00e9 essencial para uma sociedade mais coesa e rica culturalmente.<\/p>\n<h2>Poss\u00edveis altera\u00e7\u00f5es por causa do clima<\/h2>\n<p>Por se tratar de uma atividade ao ar livre, existem condi\u00e7\u00f5es clim\u00e1ticas que podem interferir na realiza\u00e7\u00e3o do evento. Caso ocorra chuva ou qualquer outro fen\u00f4meno que comprometa a seguran\u00e7a e o conforto dos participantes, a programa\u00e7\u00e3o poder\u00e1 ser alterada ou at\u00e9 mesmo cancelada. Por isso, \u00e9 importante que os interessados fiquem atentos aos comunicados oficiais para atualiza\u00e7\u00f5es sobre o evento.<\/p>\n<h2>Como acompanhar futuras exibi\u00e7\u00f5es<\/h2>\n<p>Para se manter informado sobre as pr\u00f3ximas exibi\u00e7\u00f5es do projeto Cine ao Luar e outras eventos culturais promovidos pela prefeitura, recomenda-se seguir as redes sociais oficiais da Secretaria Municipal de Cultura de Rio Claro. Al\u00e9m disso, comunidades locais e grupos de redes sociais frequentemente compartilham informa\u00e7\u00f5es atualizadas, garantindo que ningu\u00e9m perca a chance de participar dessas experi\u00eancias enriquecedoras.<\/p>\n\n<div style=\"font-size: 0px; height: 0px; line-height: 0px; margin: 0; padding: 0; clear: both;\"><\/div>","protected":false},"excerpt":{"rendered":"<p>Cine ao Luar apresenta Divertida Mente. N\u00e3o perca este evento inesquec\u00edvel!<\/p>\n","protected":false},"author":1,"featured_media":2685,"comment_status":"open","ping_status":"closed","sticky":false,"template":"","format":"standard","meta":{"footnotes":""},"categories":[6],"tags":[],"class_list":["post-2686","post","type-post","status-publish","format-standard","has-post-thumbnail","hentry","category-noticias-no-bom-retiro","has_thumb"],"aioseo_notices":[],"_links":{"self":[{"href":"https:\/\/www.encontrabomretiro.com.br\/sobre\/wp-json\/wp\/v2\/posts\/2686","targetHints":{"allow":["GET"]}}],"collection":[{"href":"https:\/\/www.encontrabomretiro.com.br\/sobre\/wp-json\/wp\/v2\/posts"}],"about":[{"href":"https:\/\/www.encontrabomretiro.com.br\/sobre\/wp-json\/wp\/v2\/types\/post"}],"author":[{"embeddable":true,"href":"https:\/\/www.encontrabomretiro.com.br\/sobre\/wp-json\/wp\/v2\/users\/1"}],"replies":[{"embeddable":true,"href":"https:\/\/www.encontrabomretiro.com.br\/sobre\/wp-json\/wp\/v2\/comments?post=2686"}],"version-history":[{"count":0,"href":"https:\/\/www.encontrabomretiro.com.br\/sobre\/wp-json\/wp\/v2\/posts\/2686\/revisions"}],"wp:featuredmedia":[{"embeddable":true,"href":"https:\/\/www.encontrabomretiro.com.br\/sobre\/wp-json\/wp\/v2\/media\/2685"}],"wp:attachment":[{"href":"https:\/\/www.encontrabomretiro.com.br\/sobre\/wp-json\/wp\/v2\/media?parent=2686"}],"wp:term":[{"taxonomy":"category","embeddable":true,"href":"https:\/\/www.encontrabomretiro.com.br\/sobre\/wp-json\/wp\/v2\/categories?post=2686"},{"taxonomy":"post_tag","embeddable":true,"href":"https:\/\/www.encontrabomretiro.com.br\/sobre\/wp-json\/wp\/v2\/tags?post=2686"}],"curies":[{"name":"wp","href":"https:\/\/api.w.org\/{rel}","templated":true}]}}