{"id":2622,"date":"2026-04-05T10:04:16","date_gmt":"2026-04-05T12:04:16","guid":{"rendered":"https:\/\/www.encontrabomretiro.com.br\/sobre\/primos-ricardo-e-caio-blat-estreiam-subversao-kafka-no-sesc-bom-retiro-teatro\/"},"modified":"2026-04-05T10:04:16","modified_gmt":"2026-04-05T12:04:16","slug":"primos-ricardo-e-caio-blat-estreiam-subversao-kafka-no-sesc-bom-retiro-teatro","status":"publish","type":"post","link":"https:\/\/www.encontrabomretiro.com.br\/sobre\/primos-ricardo-e-caio-blat-estreiam-subversao-kafka-no-sesc-bom-retiro-teatro\/","title":{"rendered":"Primos Ricardo e Caio Blat estreiam \u201cSubvers\u00e3o Kafka\u201d no Sesc Bom Retiro | Teatro"},"content":{"rendered":"<div class=\"228b65ae207de3c5c501cfe75875708b\" data-index=\"1\" style=\"float: none; margin:0px;\">\n<!-- Anuncio display - global -->\r\n<ins class=\"adsbygoogle\"\r\n     style=\"display:block\"\r\n     data-ad-client=\"ca-pub-8585364105181520\"\r\n     data-ad-slot=\"8789329856\"\r\n     data-ad-format=\"auto\"\r\n     data-full-width-responsive=\"true\"><\/ins>\r\n<script>\r\n     (adsbygoogle = window.adsbygoogle || []).push({});\r\n<\/script>\n<\/div>\n<h2>Uma Hist\u00f3ria de Talento Familiar<\/h2>\n<p>O universo do teatro brasileiro se enriquece com o novo espet\u00e1culo **Subvers\u00e3o Kafka**, que re\u00fane dois primos talentosos: Caio e Ricardo Blat. Este projeto n\u00e3o apenas destaca a uni\u00e3o art\u00edstica entre eles, mas tamb\u00e9m a presen\u00e7a do dramaturgo Rog\u00e9rio Blat, irm\u00e3o de Ricardo e primo de Caio, que se encarregou da adapta\u00e7\u00e3o das obras de Franz Kafka para o palco. Por meio deste trabalho, os tr\u00eas Blat mostram que a arte pode transcender gera\u00e7\u00f5es e fortalecer la\u00e7os familiares.<\/p>\n<h2>A Estrutura da Pe\u00e7a<\/h2>\n<p>**Subvers\u00e3o Kafka** \u00e9 uma montagem que explora a interatividade entre os personagens e o p\u00fablico por meio de uma abordagem reflexiva e bem-humorada. Baseada em tr\u00eas contos emblem\u00e1ticos de **Franz Kafka** \u2014 _Primeira Dor_, _O Artista da Fome_ e _Josefina, a Cantora dos Ratos_ \u2014, a pe\u00e7a traz \u00e0 tona quest\u00f5es sobre a identidade do artista contempor\u00e2neo, utilizando um cen\u00e1rio que simula a \u00faltima apresenta\u00e7\u00e3o de um grupo teatral decadente em busca de sua \u00faltima estrela. Ao longo do espet\u00e1culo, os primos Blat personificam essa busca absurda e c\u00f4mica pelo reconhecimento e pela arte.<\/p>\n<h2>Contos de Kafka como Inspira\u00e7\u00e3o<\/h2>\n<p>Os contos selecionados para a adapta\u00e7\u00e3o servem como um pano de fundo rico e intrigante. Kafka, um mestre do absurdo, frequentemente falava sobre aliena\u00e7\u00e3o e o papel do indiv\u00edduo na sociedade. No entanto, nesta interpreta\u00e7\u00e3o, a cr\u00edtica social \u00e9 envolta em um manto de divers\u00e3o e surrealismo, permitindo que os espectadores reflitam sobre quest\u00f5es profundas de forma leve e acess\u00edvel. A pe\u00e7a faz um balan\u00e7o entre a seriedade das obras de Kafka e a leveza que a com\u00e9dia pode proporcionar.<\/p>\n<p><img decoding=\"async\" src=\"https:\/\/www.encontrabomretiro.com.br\/sobre\/wp-content\/uploads\/2026\/04\/primos-ricardo-e-caio-blat-estreiam-subversao-kafka-no-sesc-bom-retiro-teatro.webp\" alt=\"\" loading=\"lazy\" \/><\/p>\n<h2>A Dire\u00e7\u00e3o de Caio Blat<\/h2>\n<p>Caio Blat, al\u00e9m de atuar, assume a dire\u00e7\u00e3o do espet\u00e1culo, uma fun\u00e7\u00e3o que lhe permite moldar a narrativa e as interpreta\u00e7\u00f5es dos atores. Ele traz uma vis\u00e3o pessoal, utilizando sua experi\u00eancia em teatro para criar uma ambienta\u00e7\u00e3o que respeite as nuances da obra original de Kafka, ao mesmo tempo que envolve o p\u00fablico em uma experi\u00eancia \u00fanica. Caio menciona que este projeto \u00e9 uma realiza\u00e7\u00e3o de um sonho antigo de trabalhar ao lado de Ricardo e Rog\u00e9rio, aprofundando ainda mais os la\u00e7os familiares enquanto se dedicam \u00e0 arte.<\/p>\n<h2>A Dramaturgia de Rog\u00e9rio Blat<\/h2>\n<p>Rog\u00e9rio Blat fundamenta a dramaturgia em estudos minuciosos sobre a vida e a obra de Kafka. Ele buscou capturar a ess\u00eancia dos contos, criando di\u00e1logos e situa\u00e7\u00f5es que refletem a confus\u00e3o e o pitoresco do cotidiano, caracter\u00edsticas marcantes da escrita kafkiana. Rog\u00e9rio compartilha que o ideal era fazer uma pe\u00e7a que n\u00e3o apenas respeitasse o original, mas que tamb\u00e9m proporcionasse momentos de pureza e alegria, refletindo a cumplicidade entre os primos e o amor pela arte.<\/p>\n<h2>A Trilha Sonora ao Vivo<\/h2>\n<p>A m\u00fasica desempenha um papel fundamental na montagem, j\u00e1 que a trilha sonora, composta e executada ao vivo pelo pianista Fernando Moura, eleva as emo\u00e7\u00f5es no palco. Com uma sonoridade que complementa as atua\u00e7\u00f5es, a m\u00fasica cria uma atmosfera envolvente, intensificando as experi\u00eancias do p\u00fablico e dando vida aos personagens de maneira ainda mais vibrante. A presen\u00e7a do m\u00fasico ao vivo traz um dinamismo adicional \u00e0 performance teatral.<\/p>\n<h2>O Encontro dos Primus no Palco<\/h2>\n<p>Para os prima\u00e7\u00f5es Blat, o momento de dividir o palco \u00e9 emocionante. Caio destaca que trabalhar ao lado de Ricardo representa uma inspira\u00e7\u00e3o imensa em sua carreira, e pela primeira vez eles estar\u00e3o juntos em um projeto teatral, o que intensifica a import\u00e2ncia deste trabalho. Ricardo, por sua vez, expressa a alegria de colaborar com seu irm\u00e3o Rog\u00e9rio e enfatiza a ess\u00eancia familiar que permeia toda a montagem, algo que transparece nas intera\u00e7\u00f5es e na energia das apresenta\u00e7\u00f5es.<\/p>\n<h2>Sess\u00f5es Acess\u00edveis para Todos<\/h2>\n<p>A inclus\u00e3o \u00e9 uma prioridade na temporada de **Subvers\u00e3o Kafka**, com sess\u00f5es planejadas para serem acess\u00edveis a todos, incluindo audiodescri\u00e7\u00e3o e tradu\u00e7\u00e3o em Libras. Esta abordagem visa garantir que o maior n\u00famero poss\u00edvel de pessoas tenha a oportunidade de vivenciar a arte no teatro, refor\u00e7ando a ideia de que a cultura pertence a todos, independentemente de suas necessidades.<\/p>\n<h2>Reflex\u00f5es sobre o Papel do Artista<\/h2>\n<p>Por meio de uma narrativa que \u00e9 ao mesmo tempo c\u00f4mica e reflexiva, o espet\u00e1culo se debru\u00e7a sobre o papel do artista na sociedade contempor\u00e2nea. Os personagens enfrentam desafios que ecoam a luta real de muitos artistas que buscam seu espa\u00e7o em um mercado cada vez mais competitivo e exigente. Esta abordagem provoca uma reflex\u00e3o sobre como o talento e a criatividade podem ser muitas vezes ofuscados pelas press\u00f5es externas.<\/p>\n<h2>Expectativas para a Estreia<\/h2>\n<p>A expectativa \u00e9 alta para a estreia de **Subvers\u00e3o Kafka**, marcada para o dia 20 de mar\u00e7o no Sesc Bom Retiro. As fam\u00edlias Blat prepararam um espet\u00e1culo que n\u00e3o s\u00f3 presta homenagem \u00e0 obra de um dos maiores escritores do s\u00e9culo XX, mas tamb\u00e9m celebra os la\u00e7os de afeto e colabora\u00e7\u00e3o que existem entre eles. Espera-se que o p\u00fablico se encante com a performance e se envolva nas quest\u00f5es provocadas pelo texto, saindo do teatro com novas perspectivas sobre a arte e suas representa\u00e7\u00f5es na vida.<\/p>\n\n<div style=\"font-size: 0px; height: 0px; line-height: 0px; margin: 0; padding: 0; clear: both;\"><\/div>","protected":false},"excerpt":{"rendered":"<p>Subvers\u00e3o Kafka traz os primos Blat juntos pela primeira vez no teatro.<\/p>\n","protected":false},"author":1,"featured_media":2621,"comment_status":"open","ping_status":"closed","sticky":false,"template":"","format":"standard","meta":{"footnotes":""},"categories":[6],"tags":[],"class_list":["post-2622","post","type-post","status-publish","format-standard","has-post-thumbnail","hentry","category-noticias-no-bom-retiro","has_thumb"],"aioseo_notices":[],"_links":{"self":[{"href":"https:\/\/www.encontrabomretiro.com.br\/sobre\/wp-json\/wp\/v2\/posts\/2622","targetHints":{"allow":["GET"]}}],"collection":[{"href":"https:\/\/www.encontrabomretiro.com.br\/sobre\/wp-json\/wp\/v2\/posts"}],"about":[{"href":"https:\/\/www.encontrabomretiro.com.br\/sobre\/wp-json\/wp\/v2\/types\/post"}],"author":[{"embeddable":true,"href":"https:\/\/www.encontrabomretiro.com.br\/sobre\/wp-json\/wp\/v2\/users\/1"}],"replies":[{"embeddable":true,"href":"https:\/\/www.encontrabomretiro.com.br\/sobre\/wp-json\/wp\/v2\/comments?post=2622"}],"version-history":[{"count":0,"href":"https:\/\/www.encontrabomretiro.com.br\/sobre\/wp-json\/wp\/v2\/posts\/2622\/revisions"}],"wp:featuredmedia":[{"embeddable":true,"href":"https:\/\/www.encontrabomretiro.com.br\/sobre\/wp-json\/wp\/v2\/media\/2621"}],"wp:attachment":[{"href":"https:\/\/www.encontrabomretiro.com.br\/sobre\/wp-json\/wp\/v2\/media?parent=2622"}],"wp:term":[{"taxonomy":"category","embeddable":true,"href":"https:\/\/www.encontrabomretiro.com.br\/sobre\/wp-json\/wp\/v2\/categories?post=2622"},{"taxonomy":"post_tag","embeddable":true,"href":"https:\/\/www.encontrabomretiro.com.br\/sobre\/wp-json\/wp\/v2\/tags?post=2622"}],"curies":[{"name":"wp","href":"https:\/\/api.w.org\/{rel}","templated":true}]}}