{"id":2615,"date":"2026-04-03T09:55:40","date_gmt":"2026-04-03T11:55:40","guid":{"rendered":"https:\/\/www.encontrabomretiro.com.br\/sobre\/liniker-alcione-noite-do-oscar-pedalada-pelada-imersao-com-luzes-na-catedral-da-se-e-mais-veja-o-que-fazer-em-sp\/"},"modified":"2026-04-03T09:55:40","modified_gmt":"2026-04-03T11:55:40","slug":"liniker-alcione-noite-do-oscar-pedalada-pelada-imersao-com-luzes-na-catedral-da-se-e-mais-veja-o-que-fazer-em-sp","status":"publish","type":"post","link":"https:\/\/www.encontrabomretiro.com.br\/sobre\/liniker-alcione-noite-do-oscar-pedalada-pelada-imersao-com-luzes-na-catedral-da-se-e-mais-veja-o-que-fazer-em-sp\/","title":{"rendered":"Liniker, Alcione, noite do Oscar, Pedalada Pelada, imers\u00e3o com luzes na Catedral da S\u00e9 e mais: veja o que fazer em SP"},"content":{"rendered":"<div class=\"228b65ae207de3c5c501cfe75875708b\" data-index=\"1\" style=\"float: none; margin:0px;\">\n<!-- Anuncio display - global -->\r\n<ins class=\"adsbygoogle\"\r\n     style=\"display:block\"\r\n     data-ad-client=\"ca-pub-8585364105181520\"\r\n     data-ad-slot=\"8789329856\"\r\n     data-ad-format=\"auto\"\r\n     data-full-width-responsive=\"true\"><\/ins>\r\n<script>\r\n     (adsbygoogle = window.adsbygoogle || []).push({});\r\n<\/script>\n<\/div>\n<h2>Liniker e a Resenha da Nala<\/h2>\n<p>Um dos principais eventos deste fim de semana em S\u00e3o Paulo \u00e9 a <strong>Resenha da Nala<\/strong>, que ocorrer\u00e1 no dia 15. Este evento \u00e9 a oitava edi\u00e7\u00e3o de uma celebra\u00e7\u00e3o que mistura <em>samba<\/em>, <em>rap<\/em> e <em>ritmos afro-brasileiros<\/em>, promovendo um ambiente festivo amplo para atrair diversas gera\u00e7\u00f5es. Criado por Aline Nala, o evento come\u00e7ou como uma pequena reuni\u00e3o familiar e se transformou em um espa\u00e7o onde a ancestralidade e a influ\u00eancia cultural s\u00e3o celebradas em grande estilo. Dentre as atra\u00e7\u00f5es desta edi\u00e7\u00e3o, destacam-se artistas como Liniker, T\u00e1ssia Reis, Dexter, Tasha e Tracie. O evento est\u00e1 programado para come\u00e7ar \u00e0s 14h no Club A, localizado na Alameda dos Aic\u00e1s em Indian\u00f3polis. Os ingressos est\u00e3o \u00e0 venda a partir de R$ 88, e crian\u00e7as de at\u00e9 14 anos t\u00eam entrada gratuita.<\/p>\n<h2>Alcione e seus cl\u00e1ssicos do samba<\/h2>\n<p>A aclamada artista <strong>Alcione<\/strong> volta a S\u00e3o Paulo para um show emocionante, onde apresentar\u00e1 os cl\u00e1ssicos que marcaram sua carreira de mais de 50 anos. A apresenta\u00e7\u00e3o ser\u00e1 realizada no Espa\u00e7o Unimed e incluir\u00e1 suas inesquec\u00edveis m\u00fasicas, como &#8220;Voc\u00ea Me Vira a Cabe\u00e7a&#8221; e &#8220;N\u00e3o Deixe o Samba Morrer&#8221;. Este \u00e9 um evento imperd\u00edvel para os amantes do samba e da cultura brasileira. O show est\u00e1 marcado para o dia 14, com a abertura dos port\u00f5es \u00e0s 20h e in\u00edcio da apresenta\u00e7\u00e3o a partir das 21h30. Os ingressos t\u00eam valores a partir de R$ 110.<\/p>\n<h2>F\u00e1bio Porchat em nova temporada<\/h2>\n<p>N\u00e3o menos interessante, o comediante <strong>F\u00e1bio Porchat<\/strong> traz seu espet\u00e1culo de stand-up &#8220;Hist\u00f3rias do Porchat&#8221; de volta a S\u00e3o Paulo. Com uma abordagem leve e divertida, ele compartilhar\u00e1 suas experi\u00eancias de viagens e relatos inusitados, garantindo boas risadas ao p\u00fablico. A temporada acontece no Teatro J. Safra, com apresenta\u00e7\u00f5es programadas de 13 a 29 de mar\u00e7o, sempre \u00e0s sextas-feiras, s\u00e1bados e domingos. Os ingressos variam de R$ 40 a R$ 140.<\/p>\n<p><img decoding=\"async\" src=\"https:\/\/www.encontrabomretiro.com.br\/sobre\/wp-content\/uploads\/2026\/04\/liniker-alcione-noite-do-oscar-pedalada-pelada-imersao-com-luzes-na-catedral-da-se-e-mais-veja-o-que.webp\" alt=\"eventos em S\u00e3o Paulo\" loading=\"lazy\" \/><\/p>\n<h2>Clima de Oscar nas telas de cinema<\/h2>\n<p>Enquanto isso, a cidade de S\u00e3o Paulo se prepara para o <strong>Oscar<\/strong> com uma s\u00e9rie de eventos que antecipam a premia\u00e7\u00e3o. O Cineclube Cortina organizou uma transmiss\u00e3o coletiva da cerim\u00f4nia, prometendo uma noite de muitas emo\u00e7\u00f5es e festas. O evento ocorrer\u00e1 no dia 15, com a transmiss\u00e3o iniciando \u00e0s 19h. Al\u00e9m disso, o Cine Belas Artes apresentar\u00e1 a pr\u00e9-estreia do novo filme do aclamado diretor Paolo Sorrentino, titulado &#8220;A Gra\u00e7a&#8221;. O Theatro S\u00e3o Pedro tamb\u00e9m realizar\u00e1 uma mostra que combina cl\u00e1ssicos do cinema com trilhas sonoras executadas ao vivo, proporcionando uma experi\u00eancia \u00fanica para os apaixonados por cinema.<\/p>\n<h2>Experi\u00eancias teatrais e imersivas<\/h2>\n<p>No que tange ao teatro, em cartaz est\u00e1 o espet\u00e1culo <strong>&#8220;A Dan\u00e7a dos Signos&#8221;<\/strong>, um trabalho de Oswaldo Montenegro que explora a conex\u00e3o entre m\u00fasica, poesia e as experi\u00eancias humanas, utilizando a linguagem dos signos do zod\u00edaco. A apresenta\u00e7\u00e3o ocorrer\u00e1 no Tokio Marine Hall e promete trazer a cl\u00e1ssica po\u00e9tica de Montenegro para o palco contempor\u00e2neo. Outro evento de destaque \u00e9 o concerto da <strong>Big Band Brasil Jazz Sinf\u00f4nica<\/strong>, que homenagear\u00e1 compositoras de destaque na hist\u00f3ria do jazz brasileiro. O concerto ser\u00e1 realizado no Blue Note no dia 14, em dois hor\u00e1rios: 20h e 22h30.<\/p>\n<h2>Pelos Bairros: Mem\u00f3ria e Identidade<\/h2>\n<p>As apresenta\u00e7\u00f5es culturais n\u00e3o se restringem a teatros e cinemas, mas se estendem por diversos bairros da cidade. Um dos destaques \u00e9 o espet\u00e1culo <strong>&#8220;Boi de Piranha&#8221;<\/strong>, apresentado em diferentes locais, trazendo uma narrativa envolvente que discute temas como identidade e mem\u00f3ria a partir da perspectiva de artistas locais. O evento ocorrer\u00e1 em v\u00e1rias datas em mar\u00e7o e promete envolver p\u00fablicos diversos em uma reflex\u00e3o sobre a cultura nordestina na periferia paulista.<\/p>\n<h2>Catedral da S\u00e9: Luzes e M\u00fasica<\/h2>\n<p>Outro ponto a ser destacado \u00e9 o espet\u00e1culo <strong>Luminiscence<\/strong>, que transforma a <strong>Catedral da S\u00e9<\/strong> em um cen\u00e1rio encantador com proje\u00e7\u00f5es de luz e uma trilha sonora que proporciona uma imers\u00e3o \u00fanica na hist\u00f3ria da cidade. As sess\u00f5es ocorrem de quinta a domingo, \u00e0s 19h30 e 21h, oferecendo uma experi\u00eancia sinest\u00e9sica que combina arte e tecnologia.<\/p>\n<h2>Mostra de Pascale Marthine Tayou na Pinacoteca<\/h2>\n<p>A Pinacoteca de S\u00e3o Paulo tamb\u00e9m desponta como um ponto de cultura do fim de semana, recebendo a exposi\u00e7\u00e3o <strong>&#8220;Knockout!&#8221;<\/strong> do artista camaron\u00eas Pascale Marthine Tayou. Com obras que mesclam materiais e objetos do cotidiano, a mostra provoca reflex\u00f5es sobre a vida coletiva e interc\u00e2mbio cultural. A exposi\u00e7\u00e3o fica em cartaz at\u00e9 agosto e promete atrair tanto o p\u00fablico generalista quanto colecionadores e cr\u00edticos de arte.<\/p>\n<h2>Carnaval medieval Carnafolk em SP<\/h2>\n<p>Por \u00faltimo, mas n\u00e3o menos importante, o <strong>Carnaval Carnafolk<\/strong> celebra seus 10 anos em S\u00e3o Paulo com uma programa\u00e7\u00e3o especial no Ibirapuera, oferecendo um evento gratuito que recria um vilarejo medieval com shows de m\u00fasica folk, esgrima hist\u00f3rica e uma feira de artesanato. Este ano, a festa ocorrer\u00e1 nos dias 14 e 15, das 11h \u00e0s 21h, convidando todos a comparecerem devidamente fantasiados.<\/p>\n<h2>Eventos culturais para todos os gostos<\/h2>\n<p>Seja voc\u00ea um amante da m\u00fasica, f\u00e3 do teatro, adepto do cinema ou interessado em arte e cultura, S\u00e3o Paulo tem um leque de op\u00e7\u00f5es para todos os gostos. O que n\u00e3o falta na cidade \u00e9 diversidade e qualidade quando o assunto \u00e9 cultura e entretenimento. Assim, fique atento e aproveite o que a vibrante agenda cultural paulista tem a oferecer neste fim de semana.<\/p>\n\n<div style=\"font-size: 0px; height: 0px; line-height: 0px; margin: 0; padding: 0; clear: both;\"><\/div>","protected":false},"excerpt":{"rendered":"<p>Explore shows, eventos culturais e a imers\u00e3o na Catedral da S\u00e9 em SP.<\/p>\n","protected":false},"author":1,"featured_media":2614,"comment_status":"open","ping_status":"closed","sticky":false,"template":"","format":"standard","meta":{"footnotes":""},"categories":[6],"tags":[],"class_list":["post-2615","post","type-post","status-publish","format-standard","has-post-thumbnail","hentry","category-noticias-no-bom-retiro","has_thumb"],"aioseo_notices":[],"aioseo_head":"\n\t\t<!-- All in One SEO 5.0.0.1 - aioseo.com -->\n\t<meta name=\"description\" content=\"Explore shows, eventos culturais e a imers\u00e3o na Catedral da S\u00e9 em SP.\" \/>\n\t<meta name=\"robots\" content=\"max-image-preview:large\" \/>\n\t<meta name=\"author\" content=\"Encontra Bom Retiro\"\/>\n\t<link rel=\"canonical\" href=\"https:\/\/www.encontrabomretiro.com.br\/sobre\/liniker-alcione-noite-do-oscar-pedalada-pelada-imersao-com-luzes-na-catedral-da-se-e-mais-veja-o-que-fazer-em-sp\/\" \/>\n\t<meta name=\"generator\" content=\"All in One SEO (AIOSEO) 5.0.0.1\" \/>\n\t\t<meta property=\"og:locale\" content=\"pt_BR\" \/>\n\t\t<meta property=\"og:site_name\" content=\"Encontra Bom Retiro | Not\u00edcias, eventos, informa\u00e7\u00f5es e dicas no bairro do Bom Retiro e regi\u00e3o.\" \/>\n\t\t<meta property=\"og:type\" content=\"article\" \/>\n\t\t<meta property=\"og:title\" content=\"Liniker, Alcione, noite do Oscar, Pedalada Pelada, imers\u00e3o com luzes na Catedral da S\u00e9 e mais: veja o que fazer em SP | Encontra Bom Retiro\" \/>\n\t\t<meta property=\"og:description\" content=\"Explore shows, eventos culturais e a imers\u00e3o na Catedral da S\u00e9 em SP.\" \/>\n\t\t<meta property=\"og:url\" content=\"https:\/\/www.encontrabomretiro.com.br\/sobre\/liniker-alcione-noite-do-oscar-pedalada-pelada-imersao-com-luzes-na-catedral-da-se-e-mais-veja-o-que-fazer-em-sp\/\" \/>\n\t\t<meta property=\"article:published_time\" content=\"2026-04-03T11:55:40+00:00\" \/>\n\t\t<meta property=\"article:modified_time\" content=\"2026-04-03T11:55:40+00:00\" \/>\n\t\t<meta name=\"twitter:card\" content=\"summary_large_image\" \/>\n\t\t<meta name=\"twitter:title\" content=\"Liniker, Alcione, noite do Oscar, Pedalada Pelada, imers\u00e3o com luzes na Catedral da S\u00e9 e mais: veja o que fazer em SP | Encontra Bom Retiro\" \/>\n\t\t<meta name=\"twitter:description\" content=\"Explore shows, eventos culturais e a imers\u00e3o na Catedral da S\u00e9 em SP.\" \/>\n\t\t<script type=\"application\/ld+json\" class=\"aioseo-schema\">\n\t\t\t{\"@context\":\"https:\\\/\\\/schema.org\",\"@graph\":[{\"@type\":\"Article\",\"@id\":\"https:\\\/\\\/www.encontrabomretiro.com.br\\\/sobre\\\/liniker-alcione-noite-do-oscar-pedalada-pelada-imersao-com-luzes-na-catedral-da-se-e-mais-veja-o-que-fazer-em-sp\\\/#article\",\"name\":\"Liniker, Alcione, noite do Oscar, Pedalada Pelada, imers\\u00e3o com luzes na Catedral da S\\u00e9 e mais: veja o que fazer em SP | Encontra Bom Retiro\",\"headline\":\"Liniker, Alcione, noite do Oscar, Pedalada Pelada, imers\\u00e3o com luzes na Catedral da S\\u00e9 e mais: veja o que fazer em SP\",\"author\":{\"@id\":\"https:\\\/\\\/www.encontrabomretiro.com.br\\\/sobre\\\/author\\\/ebomretiro\\\/#author\"},\"publisher\":{\"@id\":\"https:\\\/\\\/www.encontrabomretiro.com.br\\\/sobre\\\/#organization\"},\"image\":{\"@type\":\"ImageObject\",\"url\":\"https:\\\/\\\/www.encontrabomretiro.com.br\\\/sobre\\\/wp-content\\\/uploads\\\/2026\\\/04\\\/liniker-alcione-noite-do-oscar-pedalada-pelada-imersao-com-luzes-na-catedral-da-se-e-mais-veja-o-que.webp\",\"width\":280,\"height\":280,\"caption\":\"eventos em S\\u00e3o Paulo\"},\"datePublished\":\"2026-04-03T09:55:40-02:00\",\"dateModified\":\"2026-04-03T09:55:40-02:00\",\"inLanguage\":\"pt-BR\",\"mainEntityOfPage\":{\"@id\":\"https:\\\/\\\/www.encontrabomretiro.com.br\\\/sobre\\\/liniker-alcione-noite-do-oscar-pedalada-pelada-imersao-com-luzes-na-catedral-da-se-e-mais-veja-o-que-fazer-em-sp\\\/#webpage\"},\"isPartOf\":{\"@id\":\"https:\\\/\\\/www.encontrabomretiro.com.br\\\/sobre\\\/liniker-alcione-noite-do-oscar-pedalada-pelada-imersao-com-luzes-na-catedral-da-se-e-mais-veja-o-que-fazer-em-sp\\\/#webpage\"},\"articleSection\":\"Not\\u00edcias Bom Retiro\"},{\"@type\":\"BreadcrumbList\",\"@id\":\"https:\\\/\\\/www.encontrabomretiro.com.br\\\/sobre\\\/liniker-alcione-noite-do-oscar-pedalada-pelada-imersao-com-luzes-na-catedral-da-se-e-mais-veja-o-que-fazer-em-sp\\\/#breadcrumblist\",\"itemListElement\":[{\"@type\":\"ListItem\",\"@id\":\"https:\\\/\\\/www.encontrabomretiro.com.br\\\/sobre#listItem\",\"position\":1,\"name\":\"Dom\\u00e9stica\",\"item\":\"https:\\\/\\\/www.encontrabomretiro.com.br\\\/sobre\",\"nextItem\":{\"@type\":\"ListItem\",\"@id\":\"https:\\\/\\\/www.encontrabomretiro.com.br\\\/sobre\\\/noticias-no-bom-retiro\\\/#listItem\",\"name\":\"Not\\u00edcias Bom Retiro\"}},{\"@type\":\"ListItem\",\"@id\":\"https:\\\/\\\/www.encontrabomretiro.com.br\\\/sobre\\\/noticias-no-bom-retiro\\\/#listItem\",\"position\":2,\"name\":\"Not\\u00edcias Bom Retiro\",\"item\":\"https:\\\/\\\/www.encontrabomretiro.com.br\\\/sobre\\\/noticias-no-bom-retiro\\\/\",\"nextItem\":{\"@type\":\"ListItem\",\"@id\":\"https:\\\/\\\/www.encontrabomretiro.com.br\\\/sobre\\\/liniker-alcione-noite-do-oscar-pedalada-pelada-imersao-com-luzes-na-catedral-da-se-e-mais-veja-o-que-fazer-em-sp\\\/#listItem\",\"name\":\"Liniker, Alcione, noite do Oscar, Pedalada Pelada, imers\\u00e3o com luzes na Catedral da S\\u00e9 e mais: veja o que fazer em SP\"},\"previousItem\":{\"@type\":\"ListItem\",\"@id\":\"https:\\\/\\\/www.encontrabomretiro.com.br\\\/sobre#listItem\",\"name\":\"Dom\\u00e9stica\"}},{\"@type\":\"ListItem\",\"@id\":\"https:\\\/\\\/www.encontrabomretiro.com.br\\\/sobre\\\/liniker-alcione-noite-do-oscar-pedalada-pelada-imersao-com-luzes-na-catedral-da-se-e-mais-veja-o-que-fazer-em-sp\\\/#listItem\",\"position\":3,\"name\":\"Liniker, Alcione, noite do Oscar, Pedalada Pelada, imers\\u00e3o com luzes na Catedral da S\\u00e9 e mais: veja o que fazer em SP\",\"previousItem\":{\"@type\":\"ListItem\",\"@id\":\"https:\\\/\\\/www.encontrabomretiro.com.br\\\/sobre\\\/noticias-no-bom-retiro\\\/#listItem\",\"name\":\"Not\\u00edcias Bom Retiro\"}}]},{\"@type\":\"Organization\",\"@id\":\"https:\\\/\\\/www.encontrabomretiro.com.br\\\/sobre\\\/#organization\",\"name\":\"Encontra Bom Retiro\",\"description\":\"Not\\u00edcias, eventos, informa\\u00e7\\u00f5es e dicas no bairro do Bom Retiro e regi\\u00e3o.\",\"url\":\"https:\\\/\\\/www.encontrabomretiro.com.br\\\/sobre\\\/\"},{\"@type\":\"Person\",\"@id\":\"https:\\\/\\\/www.encontrabomretiro.com.br\\\/sobre\\\/author\\\/ebomretiro\\\/#author\",\"url\":\"https:\\\/\\\/www.encontrabomretiro.com.br\\\/sobre\\\/author\\\/ebomretiro\\\/\",\"name\":\"Encontra Bom Retiro\",\"image\":{\"@type\":\"ImageObject\",\"@id\":\"https:\\\/\\\/www.encontrabomretiro.com.br\\\/sobre\\\/liniker-alcione-noite-do-oscar-pedalada-pelada-imersao-com-luzes-na-catedral-da-se-e-mais-veja-o-que-fazer-em-sp\\\/#authorImage\",\"url\":\"https:\\\/\\\/secure.gravatar.com\\\/avatar\\\/507340682b8270222e1f208e23198b6ae7e2c6a1033ae84e99bc6bce4f82a387?s=96&d=mm&r=g\",\"width\":96,\"height\":96,\"caption\":\"Encontra Bom Retiro\"}},{\"@type\":\"WebPage\",\"@id\":\"https:\\\/\\\/www.encontrabomretiro.com.br\\\/sobre\\\/liniker-alcione-noite-do-oscar-pedalada-pelada-imersao-com-luzes-na-catedral-da-se-e-mais-veja-o-que-fazer-em-sp\\\/#webpage\",\"url\":\"https:\\\/\\\/www.encontrabomretiro.com.br\\\/sobre\\\/liniker-alcione-noite-do-oscar-pedalada-pelada-imersao-com-luzes-na-catedral-da-se-e-mais-veja-o-que-fazer-em-sp\\\/\",\"name\":\"Liniker, Alcione, noite do Oscar, Pedalada Pelada, imers\\u00e3o com luzes na Catedral da S\\u00e9 e mais: veja o que fazer em SP | Encontra Bom Retiro\",\"description\":\"Explore shows, eventos culturais e a imers\\u00e3o na Catedral da S\\u00e9 em SP.\",\"inLanguage\":\"pt-BR\",\"isPartOf\":{\"@id\":\"https:\\\/\\\/www.encontrabomretiro.com.br\\\/sobre\\\/#website\"},\"breadcrumb\":{\"@id\":\"https:\\\/\\\/www.encontrabomretiro.com.br\\\/sobre\\\/liniker-alcione-noite-do-oscar-pedalada-pelada-imersao-com-luzes-na-catedral-da-se-e-mais-veja-o-que-fazer-em-sp\\\/#breadcrumblist\"},\"author\":{\"@id\":\"https:\\\/\\\/www.encontrabomretiro.com.br\\\/sobre\\\/author\\\/ebomretiro\\\/#author\"},\"creator\":{\"@id\":\"https:\\\/\\\/www.encontrabomretiro.com.br\\\/sobre\\\/author\\\/ebomretiro\\\/#author\"},\"image\":{\"@type\":\"ImageObject\",\"url\":\"https:\\\/\\\/www.encontrabomretiro.com.br\\\/sobre\\\/wp-content\\\/uploads\\\/2026\\\/04\\\/liniker-alcione-noite-do-oscar-pedalada-pelada-imersao-com-luzes-na-catedral-da-se-e-mais-veja-o-que.webp\",\"@id\":\"https:\\\/\\\/www.encontrabomretiro.com.br\\\/sobre\\\/liniker-alcione-noite-do-oscar-pedalada-pelada-imersao-com-luzes-na-catedral-da-se-e-mais-veja-o-que-fazer-em-sp\\\/#mainImage\",\"width\":280,\"height\":280,\"caption\":\"eventos em S\\u00e3o Paulo\"},\"primaryImageOfPage\":{\"@id\":\"https:\\\/\\\/www.encontrabomretiro.com.br\\\/sobre\\\/liniker-alcione-noite-do-oscar-pedalada-pelada-imersao-com-luzes-na-catedral-da-se-e-mais-veja-o-que-fazer-em-sp\\\/#mainImage\"},\"datePublished\":\"2026-04-03T09:55:40-02:00\",\"dateModified\":\"2026-04-03T09:55:40-02:00\"},{\"@type\":\"WebSite\",\"@id\":\"https:\\\/\\\/www.encontrabomretiro.com.br\\\/sobre\\\/#website\",\"url\":\"https:\\\/\\\/www.encontrabomretiro.com.br\\\/sobre\\\/\",\"name\":\"Encontra Bom Retiro\",\"description\":\"Not\\u00edcias, eventos, informa\\u00e7\\u00f5es e dicas no bairro do Bom Retiro e regi\\u00e3o.\",\"inLanguage\":\"pt-BR\",\"publisher\":{\"@id\":\"https:\\\/\\\/www.encontrabomretiro.com.br\\\/sobre\\\/#organization\"}}]}\n\t\t<\/script>\n\t\t<!-- All in One SEO -->\n\n","aioseo_head_json":{"title":"Liniker, Alcione, noite do Oscar, Pedalada Pelada, imers\u00e3o com luzes na Catedral da S\u00e9 e mais: veja o que fazer em SP | Encontra Bom Retiro","description":"Explore shows, eventos culturais e a imers\u00e3o na Catedral da S\u00e9 em SP.","canonical_url":"https:\/\/www.encontrabomretiro.com.br\/sobre\/liniker-alcione-noite-do-oscar-pedalada-pelada-imersao-com-luzes-na-catedral-da-se-e-mais-veja-o-que-fazer-em-sp\/","robots":"max-image-preview:large","keywords":"","webmasterTools":{"miscellaneous":""},"schema":{"@context":"https:\/\/schema.org","@graph":[{"@type":"Article","@id":"https:\/\/www.encontrabomretiro.com.br\/sobre\/liniker-alcione-noite-do-oscar-pedalada-pelada-imersao-com-luzes-na-catedral-da-se-e-mais-veja-o-que-fazer-em-sp\/#article","name":"Liniker, Alcione, noite do Oscar, Pedalada Pelada, imers\u00e3o com luzes na Catedral da S\u00e9 e mais: veja o que fazer em SP | Encontra Bom Retiro","headline":"Liniker, Alcione, noite do Oscar, Pedalada Pelada, imers\u00e3o com luzes na Catedral da S\u00e9 e mais: veja o que fazer em SP","author":{"@id":"https:\/\/www.encontrabomretiro.com.br\/sobre\/author\/ebomretiro\/#author"},"publisher":{"@id":"https:\/\/www.encontrabomretiro.com.br\/sobre\/#organization"},"image":{"@type":"ImageObject","url":"https:\/\/www.encontrabomretiro.com.br\/sobre\/wp-content\/uploads\/2026\/04\/liniker-alcione-noite-do-oscar-pedalada-pelada-imersao-com-luzes-na-catedral-da-se-e-mais-veja-o-que.webp","width":280,"height":280,"caption":"eventos em S\u00e3o Paulo"},"datePublished":"2026-04-03T09:55:40-02:00","dateModified":"2026-04-03T09:55:40-02:00","inLanguage":"pt-BR","mainEntityOfPage":{"@id":"https:\/\/www.encontrabomretiro.com.br\/sobre\/liniker-alcione-noite-do-oscar-pedalada-pelada-imersao-com-luzes-na-catedral-da-se-e-mais-veja-o-que-fazer-em-sp\/#webpage"},"isPartOf":{"@id":"https:\/\/www.encontrabomretiro.com.br\/sobre\/liniker-alcione-noite-do-oscar-pedalada-pelada-imersao-com-luzes-na-catedral-da-se-e-mais-veja-o-que-fazer-em-sp\/#webpage"},"articleSection":"Not\u00edcias Bom Retiro"},{"@type":"BreadcrumbList","@id":"https:\/\/www.encontrabomretiro.com.br\/sobre\/liniker-alcione-noite-do-oscar-pedalada-pelada-imersao-com-luzes-na-catedral-da-se-e-mais-veja-o-que-fazer-em-sp\/#breadcrumblist","itemListElement":[{"@type":"ListItem","@id":"https:\/\/www.encontrabomretiro.com.br\/sobre#listItem","position":1,"name":"Dom\u00e9stica","item":"https:\/\/www.encontrabomretiro.com.br\/sobre","nextItem":{"@type":"ListItem","@id":"https:\/\/www.encontrabomretiro.com.br\/sobre\/noticias-no-bom-retiro\/#listItem","name":"Not\u00edcias Bom Retiro"}},{"@type":"ListItem","@id":"https:\/\/www.encontrabomretiro.com.br\/sobre\/noticias-no-bom-retiro\/#listItem","position":2,"name":"Not\u00edcias Bom Retiro","item":"https:\/\/www.encontrabomretiro.com.br\/sobre\/noticias-no-bom-retiro\/","nextItem":{"@type":"ListItem","@id":"https:\/\/www.encontrabomretiro.com.br\/sobre\/liniker-alcione-noite-do-oscar-pedalada-pelada-imersao-com-luzes-na-catedral-da-se-e-mais-veja-o-que-fazer-em-sp\/#listItem","name":"Liniker, Alcione, noite do Oscar, Pedalada Pelada, imers\u00e3o com luzes na Catedral da S\u00e9 e mais: veja o que fazer em SP"},"previousItem":{"@type":"ListItem","@id":"https:\/\/www.encontrabomretiro.com.br\/sobre#listItem","name":"Dom\u00e9stica"}},{"@type":"ListItem","@id":"https:\/\/www.encontrabomretiro.com.br\/sobre\/liniker-alcione-noite-do-oscar-pedalada-pelada-imersao-com-luzes-na-catedral-da-se-e-mais-veja-o-que-fazer-em-sp\/#listItem","position":3,"name":"Liniker, Alcione, noite do Oscar, Pedalada Pelada, imers\u00e3o com luzes na Catedral da S\u00e9 e mais: veja o que fazer em SP","previousItem":{"@type":"ListItem","@id":"https:\/\/www.encontrabomretiro.com.br\/sobre\/noticias-no-bom-retiro\/#listItem","name":"Not\u00edcias Bom Retiro"}}]},{"@type":"Organization","@id":"https:\/\/www.encontrabomretiro.com.br\/sobre\/#organization","name":"Encontra Bom Retiro","description":"Not\u00edcias, eventos, informa\u00e7\u00f5es e dicas no bairro do Bom Retiro e regi\u00e3o.","url":"https:\/\/www.encontrabomretiro.com.br\/sobre\/"},{"@type":"Person","@id":"https:\/\/www.encontrabomretiro.com.br\/sobre\/author\/ebomretiro\/#author","url":"https:\/\/www.encontrabomretiro.com.br\/sobre\/author\/ebomretiro\/","name":"Encontra Bom Retiro","image":{"@type":"ImageObject","@id":"https:\/\/www.encontrabomretiro.com.br\/sobre\/liniker-alcione-noite-do-oscar-pedalada-pelada-imersao-com-luzes-na-catedral-da-se-e-mais-veja-o-que-fazer-em-sp\/#authorImage","url":"https:\/\/secure.gravatar.com\/avatar\/507340682b8270222e1f208e23198b6ae7e2c6a1033ae84e99bc6bce4f82a387?s=96&d=mm&r=g","width":96,"height":96,"caption":"Encontra Bom Retiro"}},{"@type":"WebPage","@id":"https:\/\/www.encontrabomretiro.com.br\/sobre\/liniker-alcione-noite-do-oscar-pedalada-pelada-imersao-com-luzes-na-catedral-da-se-e-mais-veja-o-que-fazer-em-sp\/#webpage","url":"https:\/\/www.encontrabomretiro.com.br\/sobre\/liniker-alcione-noite-do-oscar-pedalada-pelada-imersao-com-luzes-na-catedral-da-se-e-mais-veja-o-que-fazer-em-sp\/","name":"Liniker, Alcione, noite do Oscar, Pedalada Pelada, imers\u00e3o com luzes na Catedral da S\u00e9 e mais: veja o que fazer em SP | Encontra Bom Retiro","description":"Explore shows, eventos culturais e a imers\u00e3o na Catedral da S\u00e9 em SP.","inLanguage":"pt-BR","isPartOf":{"@id":"https:\/\/www.encontrabomretiro.com.br\/sobre\/#website"},"breadcrumb":{"@id":"https:\/\/www.encontrabomretiro.com.br\/sobre\/liniker-alcione-noite-do-oscar-pedalada-pelada-imersao-com-luzes-na-catedral-da-se-e-mais-veja-o-que-fazer-em-sp\/#breadcrumblist"},"author":{"@id":"https:\/\/www.encontrabomretiro.com.br\/sobre\/author\/ebomretiro\/#author"},"creator":{"@id":"https:\/\/www.encontrabomretiro.com.br\/sobre\/author\/ebomretiro\/#author"},"image":{"@type":"ImageObject","url":"https:\/\/www.encontrabomretiro.com.br\/sobre\/wp-content\/uploads\/2026\/04\/liniker-alcione-noite-do-oscar-pedalada-pelada-imersao-com-luzes-na-catedral-da-se-e-mais-veja-o-que.webp","@id":"https:\/\/www.encontrabomretiro.com.br\/sobre\/liniker-alcione-noite-do-oscar-pedalada-pelada-imersao-com-luzes-na-catedral-da-se-e-mais-veja-o-que-fazer-em-sp\/#mainImage","width":280,"height":280,"caption":"eventos em S\u00e3o Paulo"},"primaryImageOfPage":{"@id":"https:\/\/www.encontrabomretiro.com.br\/sobre\/liniker-alcione-noite-do-oscar-pedalada-pelada-imersao-com-luzes-na-catedral-da-se-e-mais-veja-o-que-fazer-em-sp\/#mainImage"},"datePublished":"2026-04-03T09:55:40-02:00","dateModified":"2026-04-03T09:55:40-02:00"},{"@type":"WebSite","@id":"https:\/\/www.encontrabomretiro.com.br\/sobre\/#website","url":"https:\/\/www.encontrabomretiro.com.br\/sobre\/","name":"Encontra Bom Retiro","description":"Not\u00edcias, eventos, informa\u00e7\u00f5es e dicas no bairro do Bom Retiro e regi\u00e3o.","inLanguage":"pt-BR","publisher":{"@id":"https:\/\/www.encontrabomretiro.com.br\/sobre\/#organization"}}]},"og:locale":"pt_BR","og:site_name":"Encontra Bom Retiro | Not\u00edcias, eventos, informa\u00e7\u00f5es e dicas no bairro do Bom Retiro e regi\u00e3o.","og:type":"article","og:title":"Liniker, Alcione, noite do Oscar, Pedalada Pelada, imers\u00e3o com luzes na Catedral da S\u00e9 e mais: veja o que fazer em SP | Encontra Bom Retiro","og:description":"Explore shows, eventos culturais e a imers\u00e3o na Catedral da S\u00e9 em SP.","og:url":"https:\/\/www.encontrabomretiro.com.br\/sobre\/liniker-alcione-noite-do-oscar-pedalada-pelada-imersao-com-luzes-na-catedral-da-se-e-mais-veja-o-que-fazer-em-sp\/","article:published_time":"2026-04-03T11:55:40+00:00","article:modified_time":"2026-04-03T11:55:40+00:00","twitter:card":"summary_large_image","twitter:title":"Liniker, Alcione, noite do Oscar, Pedalada Pelada, imers\u00e3o com luzes na Catedral da S\u00e9 e mais: veja o que fazer em SP | Encontra Bom Retiro","twitter:description":"Explore shows, eventos culturais e a imers\u00e3o na Catedral da S\u00e9 em SP."},"aioseo_meta_data":{"post_id":"2615","title":null,"description":null,"keywords":null,"keyphrases":null,"primary_term":null,"canonical_url":null,"og_title":null,"og_description":null,"og_object_type":"default","og_image_type":"default","og_image_url":null,"og_image_width":null,"og_image_height":null,"og_image_custom_url":null,"og_image_custom_fields":null,"og_video":null,"og_custom_url":null,"og_article_section":null,"og_article_tags":null,"twitter_use_og":false,"twitter_card":"default","twitter_image_type":"default","twitter_image_url":null,"twitter_image_custom_url":null,"twitter_image_custom_fields":null,"twitter_title":null,"twitter_description":null,"schema":{"blockGraphs":[],"customGraphs":[],"default":{"data":{"Article":[],"Course":[],"Dataset":[],"FAQPage":[],"Movie":[],"Person":[],"Product":[],"ProductReview":[],"Car":[],"Recipe":[],"Service":[],"SoftwareApplication":[],"WebPage":[]},"graphName":"Article","isEnabled":true},"graphs":[]},"schema_type":"default","schema_type_options":null,"pillar_content":false,"robots_default":true,"robots_noindex":false,"robots_noarchive":false,"robots_nosnippet":false,"robots_nofollow":false,"robots_noimageindex":false,"robots_noodp":false,"robots_notranslate":false,"robots_max_snippet":null,"robots_max_videopreview":null,"robots_max_imagepreview":"large","priority":null,"frequency":null,"local_seo":null,"breadcrumb_settings":null,"limit_modified_date":false,"ai":null,"created":"2026-04-03 11:55:44","updated":"2026-04-03 12:01:12","focus_keyword":null,"additional_keywords":null,"truseo_locale":null,"seo_analyzer_scan_date":null},"aioseo_breadcrumb":"<div class=\"aioseo-breadcrumbs\"><span class=\"aioseo-breadcrumb\">\n\t\t\t<a href=\"https:\/\/www.encontrabomretiro.com.br\/sobre\" title=\"Dom\u00e9stica\">Dom\u00e9stica<\/a>\n\t\t<\/span><span class=\"aioseo-breadcrumb-separator\">&raquo;<\/span><span class=\"aioseo-breadcrumb\">\n\t\t\t<a href=\"https:\/\/www.encontrabomretiro.com.br\/sobre\/noticias-no-bom-retiro\/\" title=\"Not\u00edcias Bom Retiro\">Not\u00edcias Bom Retiro<\/a>\n\t\t<\/span><span class=\"aioseo-breadcrumb-separator\">&raquo;<\/span><span class=\"aioseo-breadcrumb\">\n\t\t\tLiniker, Alcione, noite do Oscar, Pedalada Pelada, imers\u00e3o com luzes na Catedral da S\u00e9 e mais: veja o que fazer em SP\n\t\t<\/span><\/div>","aioseo_breadcrumb_json":[{"label":"Dom\u00e9stica","link":"https:\/\/www.encontrabomretiro.com.br\/sobre"},{"label":"Not\u00edcias Bom Retiro","link":"https:\/\/www.encontrabomretiro.com.br\/sobre\/noticias-no-bom-retiro\/"},{"label":"Liniker, Alcione, noite do Oscar, Pedalada Pelada, imers\u00e3o com luzes na Catedral da S\u00e9 e mais: veja o que fazer em SP","link":"https:\/\/www.encontrabomretiro.com.br\/sobre\/liniker-alcione-noite-do-oscar-pedalada-pelada-imersao-com-luzes-na-catedral-da-se-e-mais-veja-o-que-fazer-em-sp\/"}],"_links":{"self":[{"href":"https:\/\/www.encontrabomretiro.com.br\/sobre\/wp-json\/wp\/v2\/posts\/2615","targetHints":{"allow":["GET"]}}],"collection":[{"href":"https:\/\/www.encontrabomretiro.com.br\/sobre\/wp-json\/wp\/v2\/posts"}],"about":[{"href":"https:\/\/www.encontrabomretiro.com.br\/sobre\/wp-json\/wp\/v2\/types\/post"}],"author":[{"embeddable":true,"href":"https:\/\/www.encontrabomretiro.com.br\/sobre\/wp-json\/wp\/v2\/users\/1"}],"replies":[{"embeddable":true,"href":"https:\/\/www.encontrabomretiro.com.br\/sobre\/wp-json\/wp\/v2\/comments?post=2615"}],"version-history":[{"count":0,"href":"https:\/\/www.encontrabomretiro.com.br\/sobre\/wp-json\/wp\/v2\/posts\/2615\/revisions"}],"wp:featuredmedia":[{"embeddable":true,"href":"https:\/\/www.encontrabomretiro.com.br\/sobre\/wp-json\/wp\/v2\/media\/2614"}],"wp:attachment":[{"href":"https:\/\/www.encontrabomretiro.com.br\/sobre\/wp-json\/wp\/v2\/media?parent=2615"}],"wp:term":[{"taxonomy":"category","embeddable":true,"href":"https:\/\/www.encontrabomretiro.com.br\/sobre\/wp-json\/wp\/v2\/categories?post=2615"},{"taxonomy":"post_tag","embeddable":true,"href":"https:\/\/www.encontrabomretiro.com.br\/sobre\/wp-json\/wp\/v2\/tags?post=2615"}],"curies":[{"name":"wp","href":"https:\/\/api.w.org\/{rel}","templated":true}]}}