{"id":2613,"date":"2026-04-03T09:54:09","date_gmt":"2026-04-03T11:54:09","guid":{"rendered":"https:\/\/www.encontrabomretiro.com.br\/sobre\/sarah-leandro\/"},"modified":"2026-04-03T09:54:09","modified_gmt":"2026-04-03T11:54:09","slug":"sarah-leandro","status":"publish","type":"post","link":"https:\/\/www.encontrabomretiro.com.br\/sobre\/sarah-leandro\/","title":{"rendered":"Sarah Leandro"},"content":{"rendered":"<div class=\"228b65ae207de3c5c501cfe75875708b\" data-index=\"1\" style=\"float: none; margin:0px;\">\n<!-- Anuncio display - global -->\r\n<ins class=\"adsbygoogle\"\r\n     style=\"display:block\"\r\n     data-ad-client=\"ca-pub-8585364105181520\"\r\n     data-ad-slot=\"8789329856\"\r\n     data-ad-format=\"auto\"\r\n     data-full-width-responsive=\"true\"><\/ins>\r\n<script>\r\n     (adsbygoogle = window.adsbygoogle || []).push({});\r\n<\/script>\n<\/div>\n<h2>A Trajet\u00f3ria de Sarah Leandro<\/h2>\n<p>Sarah Leandro, origin\u00e1ria de Bodoc\u00f3, Pernambuco, tem sua trajet\u00f3ria marcada pelas influ\u00eancias de um ambiente familiar rico em musicalidade. Filha de Fl\u00e1vio Leandro, um renomado compositor de m\u00fasicas tradicionais do forr\u00f3, e de Cissa Leandro, que atua como musicista e produtora, \u00e9 evidente que o amor e a dedica\u00e7\u00e3o \u00e0 m\u00fasica est\u00e3o profundamente enraizados em sua vida. Desde jovem, Sarah foi exposta ao universo da m\u00fasica nordestina, o que moldou sua identidade art\u00edstica e a inspirou a seguir a carreira musical.<\/p>\n<p>Seu percurso no mundo da m\u00fasica come\u00e7ou oficialmente quando ela decidiu lan\u00e7ar seu primeiro \u00e1lbum, no qual expressa suas viv\u00eancias, suas ra\u00edzes e suas cren\u00e7as. Com um estilo que mistura tradi\u00e7\u00e3o e inova\u00e7\u00e3o, Sarah busca contar hist\u00f3rias por meio de suas can\u00e7\u00f5es, celebrando as nuances da cultura sertaneja e o papel da mulher nesse contexto.<\/p>\n<h2>O Primeiro \u00c1lbum: Sarah Leandro e o Forr\u00f3 de Bodoc\u00f3<\/h2>\n<p>O primeiro \u00e1lbum da artista, intitulado <em>Sarah Leandro e o Forr\u00f3 de Bodoc\u00f3<\/em>, \u00e9 uma bela representa\u00e7\u00e3o de seu talento e criatividade. Lan\u00e7ado com grande expectativa, o trabalho re\u00fane uma sele\u00e7\u00e3o de m\u00fasicas que refletem tanto as tradi\u00e7\u00f5es do forr\u00f3 quanto novas abordagens, trazendo uma nova sonoridade ao g\u00eanero. O \u00e1lbum \u00e9 uma homenagem n\u00e3o apenas ao seu munic\u00edpio natal, mas tamb\u00e9m a um legado musical que ela procura preservar e revitalizar.<\/p>\n<p><img decoding=\"async\" src=\"https:\/\/www.encontrabomretiro.com.br\/sobre\/wp-content\/uploads\/2026\/04\/sarah-leandro.webp\" alt=\"Sarah Leandro\" loading=\"lazy\" \/><\/p>\n<p>Al\u00e9m de suas letras envolventes, o \u00e1lbum conta com a participa\u00e7\u00e3o de m\u00fasicos talentosos que a acompanham em performances ao vivo, criando uma experi\u00eancia \u00fanica e imersiva para o p\u00fablico. A meticulosa produ\u00e7\u00e3o e os arranjos bem elaborados fazem deste trabalho um marco na carreira de Sarah, mostrando seu potencial como artista solo.<\/p>\n<h2>Influ\u00eancias Musicais e Refer\u00eancias<\/h2>\n<p>Sarah Leandro \u00e9 influenciada por grandes nomes da m\u00fasica nordestina, como Elba Ramalho, Luiz Gonzaga e Marin\u00eas. Esses \u00edcones n\u00e3o apenas moldaram sua forma\u00e7\u00e3o musical, mas tamb\u00e9m a inspiraram a criar um estilo aut\u00eantico que combina elementos tradicionais com nuances contempor\u00e2neas. Ao se deixar influenciar por essas refer\u00eancias, Sarah encontra um equil\u00edbrio entre o respeito \u00e0s ra\u00edzes e a busca por inova\u00e7\u00e3o.<\/p>\n<p>As can\u00e7\u00f5es que interpreta frequentemente incluem tem\u00e1ticas ligadas \u00e0 vida no sert\u00e3o, \u00e0s tradi\u00e7\u00f5es nordestinas e ao papel da mulher na sociedade. Essas tem\u00e1ticas s\u00e3o exploradas de uma forma sens\u00edvel, valorizando a cultura local sem cair em estere\u00f3tipos ou clich\u00eas, permitindo que sua m\u00fasica ressoe com uma audi\u00eancia ampla.<\/p>\n<h2>O Papel da Mulher na M\u00fasica Nordestina<\/h2>\n<p>A presen\u00e7a feminina na m\u00fasica nordestina \u00e9 fundamental, e Sarah Leandro se destaca como uma voz poderosa nesse contexto. Em um cen\u00e1rio onde as mulheres ainda lutam por reconhecimento, a artista usa sua plataforma para fortalecer a visibilidade de outras mulheres na ind\u00fastria musical. Ela busca quebrar barreiras e desafiar normas estabelecidas atrav\u00e9s de suas can\u00e7\u00f5es e performances.<\/p>\n<p>Sarah enfatiza a import\u00e2ncia de contar hist\u00f3rias que ajudem a empoderar mulheres, mostrando suas lutas e conquistas. Em seus shows, frequentemente destaca suas experi\u00eancias pessoais e as de outras mulheres ao seu redor, criando um espa\u00e7o de di\u00e1logo e reflex\u00e3o sobre o lugar da mulher na m\u00fasica e na sociedade.<\/p>\n<h2>O Impacto do Sertanejo no Forr\u00f3<\/h2>\n<p>O g\u00eanero sertanejo sempre teve uma influ\u00eancia marcante no forr\u00f3, e Sarah Leandro \u00e9 um exemplo do entrela\u00e7amento desses estilos. Com a populariza\u00e7\u00e3o do sertanejo, muitos artistas t\u00eam buscado incorporar elementos desse ritmo em suas m\u00fasicas, criando uma fus\u00e3o que atrai novos ouvintes e mant\u00e9m a relev\u00e2ncia do forr\u00f3 na cena musical atual.<\/p>\n<p>A m\u00fasica de Sarah \u00e9 um reflexo dessa fus\u00e3o, onde o forr\u00f3 tradicional se encontra com toques de sertanejo, resultando em um som que \u00e9 ao mesmo tempo nost\u00e1lgico e moderno. Essa abordagem permite que ela alcance uma diversidade de p\u00fablicos, contribuindo para a renova\u00e7\u00e3o do interesse pelo forr\u00f3 e pelas suas ra\u00edzes.<\/p>\n<h2>Can\u00e7\u00f5es que Contam Hist\u00f3rias do Sert\u00e3o<\/h2>\n<p>As m\u00fasicas de Sarah Leandro s\u00e3o repletas de narrativas que exploram a vida no sert\u00e3o. Suas letras frequentemente retratam o cotidiano, as tradi\u00e7\u00f5es e os desafios enfrentados pelas pessoas que vivem na regi\u00e3o. Ao fazer isso, ela celebra a riqueza cultural do sert\u00e3o e amplia a empatia do p\u00fablico em rela\u00e7\u00e3o a essas experi\u00eancias.<\/p>\n<p>Ela v\u00ea suas can\u00e7\u00f5es como uma forma de documentar e dar voz a hist\u00f3rias que muitas vezes ficam \u00e0 margem, proporcionando ao p\u00fablico um vislumbre aut\u00eantico da vida no nordeste brasileiro. Essas conex\u00f5es emocionais geradas por suas letras s\u00e3o um dos pontos fortes de sua m\u00fasica.<\/p>\n<h2>Acompanhamento Musical no Show<\/h2>\n<p>No palco, Sarah Leandro \u00e9 acompanhada por uma banda composta por m\u00fasicos talentosos que trazem vida a suas can\u00e7\u00f5es. Felipe Costta, no acorde\u00e3o, Filipe de Lima, no baixo, e Silva Barros, na zabumba, formam um arranjo que enriquece sua performance ao vivo. A harmonia e a intera\u00e7\u00e3o entre os m\u00fasicos criam um ambiente vibrante e acolhedor para o p\u00fablico.<\/p>\n<p>Os shows de Sarah s\u00e3o verdadeiras experi\u00eancias musicais, onde as can\u00e7\u00f5es ganham novas dimens\u00f5es atrav\u00e9s da energia transmitida pela banda. O entrosamento dos artistas no palco reflete seu amor pela m\u00fasica e pela cultura nordestina, proporcionando um espet\u00e1culo que \u00e9 tanto educativo quanto recreativo.<\/p>\n<h2>Datas e Locais das Apresenta\u00e7\u00f5es<\/h2>\n<p>Os shows de Sarah Leandro est\u00e3o programados para ocorrer em diferentes locais, permitindo que uma audi\u00eancia diversificada tenha acesso \u00e0 sua m\u00fasica. As apresenta\u00e7\u00f5es s\u00e3o gratuitas, o que facilita a participa\u00e7\u00e3o do p\u00fablico em v\u00e1rias comunidades. Um dos destaques \u00e9 a apresenta\u00e7\u00e3o marcada para 26 de abril de 2026, na Pra\u00e7a de Conviv\u00eancia em Bom Retiro, das 16h00 \u00e0s 17h00.<\/p>\n<p>Esses eventos s\u00e3o uma oportunidade n\u00e3o apenas para ouvir sua m\u00fasica, mas tamb\u00e9m para se conectar com as tradi\u00e7\u00f5es locais e com outras pessoas que compartilham do amor pela cultura nordestina.<\/p>\n<h2>Como Sarah Representa sua Regi\u00e3o<\/h2>\n<p>Sarah Leandro se posiciona como uma verdadeira representante da cultura de seu estado natal e do nordeste brasileiro. Atrav\u00e9s de sua m\u00fasica, ela carrega consigo n\u00e3o apenas suas ra\u00edzes, mas tamb\u00e9m um profundo respeito e amor por sua regi\u00e3o. Sua capacidade de discorrer sobre temas locais com sensibilidade e autenticidade a torna uma voz importante no cen\u00e1rio musical contempor\u00e2neo.<\/p>\n<p>Ela se apresenta n\u00e3o apenas como artista, mas como embaixadora de sua cultura, trabalhando para que a m\u00fasica nordestina continue relevante e seja apreciada por novas gera\u00e7\u00f5es. Isso \u00e9 feito ao desafiar tanto as expectativas da ind\u00fastria quanto do p\u00fablico, com um compromisso em celebrar a diversidade da experi\u00eancia musical do nordeste.<\/p>\n<h2>Expectativas para o Futuro<\/h2>\n<p>Com seu primeiro \u00e1lbum recebido calorosamente, as expectativas para o futuro de Sarah Leandro s\u00e3o animadoras. Com o potencial de expandir sua base de f\u00e3s e explorar novas dire\u00e7\u00f5es musicais, ela est\u00e1 em uma posi\u00e7\u00e3o privilegiada para continuar a moldar o futuro do forr\u00f3 e da m\u00fasica nordestina. seu trabalho busca sempre impulsionar a inova\u00e7\u00e3o, mantendo-se fiel \u00e0s suas ra\u00edzes.<\/p>\n<p>A artista est\u00e1 focada em criar mais m\u00fasicas que contem hist\u00f3rias e que toquem o cora\u00e7\u00e3o das pessoas. Suas aspira\u00e7\u00f5es incluem n\u00e3o apenas novas produ\u00e7\u00f5es musicais, mas tamb\u00e9m a possibilidade de colaborar com outros artistas e expandir sua presen\u00e7a em festivais e eventos musicais, sempre com o objetivo de promover a cultura nordestina pelo Brasil e al\u00e9m.<\/p>\n\n<div style=\"font-size: 0px; height: 0px; line-height: 0px; margin: 0; padding: 0; clear: both;\"><\/div>","protected":false},"excerpt":{"rendered":"<p>Sarah Leandro apresenta seu primeiro \u00e1lbum com um show imperd\u00edvel em S\u00e3o Paulo.<\/p>\n","protected":false},"author":1,"featured_media":2612,"comment_status":"open","ping_status":"closed","sticky":false,"template":"","format":"standard","meta":{"footnotes":""},"categories":[6],"tags":[],"class_list":["post-2613","post","type-post","status-publish","format-standard","has-post-thumbnail","hentry","category-noticias-no-bom-retiro","has_thumb"],"aioseo_notices":[],"_links":{"self":[{"href":"https:\/\/www.encontrabomretiro.com.br\/sobre\/wp-json\/wp\/v2\/posts\/2613","targetHints":{"allow":["GET"]}}],"collection":[{"href":"https:\/\/www.encontrabomretiro.com.br\/sobre\/wp-json\/wp\/v2\/posts"}],"about":[{"href":"https:\/\/www.encontrabomretiro.com.br\/sobre\/wp-json\/wp\/v2\/types\/post"}],"author":[{"embeddable":true,"href":"https:\/\/www.encontrabomretiro.com.br\/sobre\/wp-json\/wp\/v2\/users\/1"}],"replies":[{"embeddable":true,"href":"https:\/\/www.encontrabomretiro.com.br\/sobre\/wp-json\/wp\/v2\/comments?post=2613"}],"version-history":[{"count":0,"href":"https:\/\/www.encontrabomretiro.com.br\/sobre\/wp-json\/wp\/v2\/posts\/2613\/revisions"}],"wp:featuredmedia":[{"embeddable":true,"href":"https:\/\/www.encontrabomretiro.com.br\/sobre\/wp-json\/wp\/v2\/media\/2612"}],"wp:attachment":[{"href":"https:\/\/www.encontrabomretiro.com.br\/sobre\/wp-json\/wp\/v2\/media?parent=2613"}],"wp:term":[{"taxonomy":"category","embeddable":true,"href":"https:\/\/www.encontrabomretiro.com.br\/sobre\/wp-json\/wp\/v2\/categories?post=2613"},{"taxonomy":"post_tag","embeddable":true,"href":"https:\/\/www.encontrabomretiro.com.br\/sobre\/wp-json\/wp\/v2\/tags?post=2613"}],"curies":[{"name":"wp","href":"https:\/\/api.w.org\/{rel}","templated":true}]}}