{"id":2605,"date":"2026-03-31T09:55:18","date_gmt":"2026-03-31T11:55:18","guid":{"rendered":"https:\/\/www.encontrabomretiro.com.br\/sobre\/ocupar-ou-privatizar-sao-paulo-abre-debate-decisivo-sobre-o-futuro-do-complexo-do-ibirapuera\/"},"modified":"2026-03-31T09:55:18","modified_gmt":"2026-03-31T11:55:18","slug":"ocupar-ou-privatizar-sao-paulo-abre-debate-decisivo-sobre-o-futuro-do-complexo-do-ibirapuera","status":"publish","type":"post","link":"https:\/\/www.encontrabomretiro.com.br\/sobre\/ocupar-ou-privatizar-sao-paulo-abre-debate-decisivo-sobre-o-futuro-do-complexo-do-ibirapuera\/","title":{"rendered":"Ocupar ou privatizar? S\u00e3o Paulo abre debate decisivo sobre o futuro do Complexo do Ibirapuera"},"content":{"rendered":"<div class=\"228b65ae207de3c5c501cfe75875708b\" data-index=\"1\" style=\"float: none; margin:0px;\">\n<!-- Anuncio display - global -->\r\n<ins class=\"adsbygoogle\"\r\n     style=\"display:block\"\r\n     data-ad-client=\"ca-pub-8585364105181520\"\r\n     data-ad-slot=\"8789329856\"\r\n     data-ad-format=\"auto\"\r\n     data-full-width-responsive=\"true\"><\/ins>\r\n<script>\r\n     (adsbygoogle = window.adsbygoogle || []).push({});\r\n<\/script>\n<\/div>\n<h2>O que est\u00e1 em jogo no debate sobre o Complexo do Ibirapuera<\/h2>\n<p>Um debate significativo est\u00e1 em andamento em S\u00e3o Paulo acerca do futuro do <strong>Complexo do Ibirapuera<\/strong> e da <strong>Vila Ol\u00edmpica M\u00e1rio Covas<\/strong>. Esta discuss\u00e3o \u00e9 essencial, pois envolve decis\u00f5es que impactar\u00e3o o uso e a administra\u00e7\u00e3o desses espa\u00e7os ic\u00f4nicos. O Governo do Estado prop\u00f4s um plano para transferir a gest\u00e3o dessas \u00e1reas para a iniciativa privada, visando a moderniza\u00e7\u00e3o e a melhoria das infraestruturas existentes.<\/p>\n<p>Uma das grandes preocupa\u00e7\u00f5es \u00e9 a manuten\u00e7\u00e3o da acessibilidade e do car\u00e1ter p\u00fablico desses locais, que s\u00e3o patrim\u00f4nios culturais e esportivos de grande import\u00e2ncia para a popula\u00e7\u00e3o paulista. Assim, o debate se torna crucial para garantir que as vozes dos cidad\u00e3os sejam ouvidas e que seus direitos ao acesso aos espa\u00e7os permane\u00e7am garantidos.<\/p>\n<h2>Audi\u00eancias P\u00fablicas: Como e Quando Participar<\/h2>\n<p>Para que a popula\u00e7\u00e3o possa participar ativamente desse processo, duas audi\u00eancias p\u00fablicas est\u00e3o programadas para abril. Essas reuni\u00f5es ser\u00e3o uma oportunidade para os cidad\u00e3os expressarem suas opini\u00f5es e preocupa\u00e7\u00f5es sobre o que pode mudar no Complexo do Ibirapuera e na Vila Ol\u00edmpica M\u00e1rio Covas.<\/p>\n<p><img decoding=\"async\" src=\"https:\/\/www.encontrabomretiro.com.br\/sobre\/wp-content\/uploads\/2026\/03\/ocupar-ou-privatizar-sao-paulo-abre-debate-decisivo-sobre-o-futuro-do-complexo-do-ibirapuera.webp\" alt=\"Complexo do Ibirapuera\" loading=\"lazy\" \/><\/p>\n<ul>\n<li><strong>Audi\u00eancia Presencial:<\/strong> 13 de abril, \u00e0s 11h, no Audit\u00f3rio do DER, Bom Retiro, SP.<\/li>\n<li><strong>Audi\u00eancia Virtual:<\/strong> 14 de abril, \u00e0s 11h, destinada a quem reside em regi\u00f5es mais distantes.<\/li>\n<\/ul>\n<p>Al\u00e9m disso, uma consulta p\u00fablica j\u00e1 est\u00e1 em andamento e permanecer\u00e1 aberta at\u00e9 24 de abril, permitindo que qualquer pessoa envie suas sugest\u00f5es e preocupa\u00e7\u00f5es.<\/p>\n<h2>A Proposta de Concess\u00e3o: O que Esperar<\/h2>\n<p>A proposta em an\u00e1lise envolve a transforma\u00e7\u00e3o do Complexo do Ibirapuera e da Vila Ol\u00edmpica M\u00e1rio Covas em espa\u00e7os mais modernos e funcionais. Dois aspectos principais da proposta incluem:<\/p>\n<ul>\n<li><strong>Complexo do Ibirapuera:<\/strong> Atrav\u00e9s de um plano que busca unir esporte e cultura, mantendo a hist\u00f3ria e a identidade do local. Qualquer interven\u00e7\u00e3o dever\u00e1 respeitar as normas de preserva\u00e7\u00e3o.<\/li>\n<li><strong>Vila Ol\u00edmpica M\u00e1rio Covas:<\/strong> O foco aqui ser\u00e1 a forma\u00e7\u00e3o de novos talentos esportivos, com a cria\u00e7\u00e3o de programas de inicia\u00e7\u00e3o esportiva, visando garantir que crian\u00e7as e jovens tenham acesso a atividades que potencializem suas habilidades.<\/li>\n<\/ul>\n<h2>Complexo do Ibirapuera: Um Patrim\u00f4nio Cultural<\/h2>\n<p>O <strong>Complexo do Ibirapuera<\/strong> n\u00e3o \u00e9 apenas um espa\u00e7o esportivo; ele \u00e9 um s\u00edmbolo da cultura e da hist\u00f3ria de S\u00e3o Paulo. Ocupando uma \u00e1rea de 91,8 mil m\u00b2, este complexo abriga diversos equipamentos e atividades que s\u00e3o fundamentais para a vida cultural da cidade. A proposta de concess\u00e3o dever\u00e1 respeitar essa identidade e trabalhar para ampliar ainda mais o acesso e a utiliza\u00e7\u00e3o desses espa\u00e7os por todos os cidad\u00e3os.<\/p>\n<h2>Vila Ol\u00edmpica M\u00e1rio Covas: Oportunidades no Esporte<\/h2>\n<p>Localizada na regi\u00e3o da Raposo Tavares, a <strong>Vila Ol\u00edmpica M\u00e1rio Covas<\/strong> se prop\u00f5e a ser um centro de forma\u00e7\u00e3o esportiva. A ideia \u00e9 capitalizar essa infraestrutura de 174 mil m\u00b2 para incentivar a pr\u00e1tica de esportes desde a inf\u00e2ncia. Isso n\u00e3o s\u00f3 pode ajudar no desenvolvimento de futuros atletas, mas tamb\u00e9m oferece uma op\u00e7\u00e3o valiosa para o lazer e a sa\u00fade da comunidade.<\/p>\n<h2>As Implica\u00e7\u00f5es da Privatiza\u00e7\u00e3o para a Comunidade<\/h2>\n<p>Se a proposta de concess\u00e3o for aprovada, as implica\u00e7\u00f5es para a comunidade ser\u00e3o significativas. \u00c9 vital considerar trocar a gest\u00e3o p\u00fablica por uma gest\u00e3o privada. A principal preocupa\u00e7\u00e3o gira em torno da possibilidade de o acesso aos espa\u00e7os ser restringido ou se tornar\u00e1 mais caro.<\/p>\n<p>Os benef\u00edcios esperados incluem:<\/p>\n<ul>\n<li><strong>Melhoria na infraestrutura:<\/strong> Reformas e a cria\u00e7\u00e3o de novos equipamentos de treino.<\/li>\n<li><strong>Acesso aos servi\u00e7os:<\/strong> Garantia de que os cidad\u00e3os tenham acesso a atividades esportivas e culturais a pre\u00e7os acess\u00edveis.<\/li>\n<li><strong>Sustentabilidade:<\/strong> Gest\u00e3o que busque a redu\u00e7\u00e3o de custos para o estado e a gera\u00e7\u00e3o de receita atrav\u00e9s da explora\u00e7\u00e3o dos espa\u00e7os.<\/li>\n<\/ul>\n<h2>Avan\u00e7os e Desafios na Moderniza\u00e7\u00e3o dos Espa\u00e7os P\u00fablicos<\/h2>\n<p>A moderniza\u00e7\u00e3o proposta enfrentar\u00e1 v\u00e1rios desafios. Manter a ess\u00eancia e as caracter\u00edsticas que tornam o Complexo do Ibirapuera e a Vila Ol\u00edmpica relevantes para a popula\u00e7\u00e3o \u00e9 fundamental. Al\u00e9m disso, qualquer mudan\u00e7a precisa ser cuidadosamente planejada para atender \u00e0s expectativas dos usu\u00e1rios, garantindo que os espa\u00e7os continuam sendo de uso p\u00fablico e acess\u00edvel a todos.<\/p>\n<h2>Participa\u00e7\u00e3o Cidad\u00e3: Voz da Popula\u00e7\u00e3o nas Decis\u00f5es<\/h2>\n<p>A participa\u00e7\u00e3o cidad\u00e3 \u00e9 um dos pilares essenciais desse processo. As audi\u00eancias p\u00fablicas n\u00e3o s\u00e3o apenas uma formalidade, mas sim uma oportunidade real para a popula\u00e7\u00e3o influenciar as decis\u00f5es que afetam sua comunidade. \u00c9 vital que os moradores se sintam encorajados a participar e a expor suas opini\u00f5es e necessidades.<\/p>\n<h2>Seguran\u00e7a e Sustentabilidade: O Futuro em Foco<\/h2>\n<p>Ao discutir a privatiza\u00e7\u00e3o e a moderniza\u00e7\u00e3o dos espa\u00e7os, dois fatores principais aparecem em destaque: seguran\u00e7a e sustentabilidade. O objetivo \u00e9 garantir que os locais sejam n\u00e3o apenas seguros, mas tamb\u00e9m sustent\u00e1veis, promovendo pr\u00e1ticas que respeitem o meio ambiente ao longo do tempo.<\/p>\n<h2>O Papel das Audi\u00eancias P\u00fablicas na Gest\u00e3o P\u00fablica<\/h2>\n<p>As audi\u00eancias p\u00fablicas representam uma forma de dar voz ao cidad\u00e3o e integr\u00e1-los nas decis\u00f5es que podem moldar o futuro do Complexo do Ibirapuera e da Vila Ol\u00edmpica M\u00e1rio Covas. O engajamento da popula\u00e7\u00e3o \u00e9 essencial para garantir que projetos p\u00fablicos atendam \u00e0s suas necessidades e rela\u00e7\u00f5es com o acesso a servi\u00e7os e espa\u00e7os na cidade.<\/p>\n<p>Com um planejamento adequado, a realiza\u00e7\u00e3o de melhorias pode trazer impactos positivos n\u00e3o s\u00f3 nos espa\u00e7os f\u00edsicos, mas tamb\u00e9m na qualidade de vida da popula\u00e7\u00e3o. Portanto, \u00e9 fundamental que a popula\u00e7\u00e3o acompanhe e participe ativamente desse processo de transforma\u00e7\u00e3o.<\/p>\n\n<div style=\"font-size: 0px; height: 0px; line-height: 0px; margin: 0; padding: 0; clear: both;\"><\/div>","protected":false},"excerpt":{"rendered":"<p>O futuro do Complexo do Ibirapuera est\u00e1 em debate: participar ou privatizar?<\/p>\n","protected":false},"author":1,"featured_media":2604,"comment_status":"open","ping_status":"closed","sticky":false,"template":"","format":"standard","meta":{"footnotes":""},"categories":[6],"tags":[],"class_list":["post-2605","post","type-post","status-publish","format-standard","has-post-thumbnail","hentry","category-noticias-no-bom-retiro","has_thumb"],"aioseo_notices":[],"_links":{"self":[{"href":"https:\/\/www.encontrabomretiro.com.br\/sobre\/wp-json\/wp\/v2\/posts\/2605","targetHints":{"allow":["GET"]}}],"collection":[{"href":"https:\/\/www.encontrabomretiro.com.br\/sobre\/wp-json\/wp\/v2\/posts"}],"about":[{"href":"https:\/\/www.encontrabomretiro.com.br\/sobre\/wp-json\/wp\/v2\/types\/post"}],"author":[{"embeddable":true,"href":"https:\/\/www.encontrabomretiro.com.br\/sobre\/wp-json\/wp\/v2\/users\/1"}],"replies":[{"embeddable":true,"href":"https:\/\/www.encontrabomretiro.com.br\/sobre\/wp-json\/wp\/v2\/comments?post=2605"}],"version-history":[{"count":0,"href":"https:\/\/www.encontrabomretiro.com.br\/sobre\/wp-json\/wp\/v2\/posts\/2605\/revisions"}],"wp:featuredmedia":[{"embeddable":true,"href":"https:\/\/www.encontrabomretiro.com.br\/sobre\/wp-json\/wp\/v2\/media\/2604"}],"wp:attachment":[{"href":"https:\/\/www.encontrabomretiro.com.br\/sobre\/wp-json\/wp\/v2\/media?parent=2605"}],"wp:term":[{"taxonomy":"category","embeddable":true,"href":"https:\/\/www.encontrabomretiro.com.br\/sobre\/wp-json\/wp\/v2\/categories?post=2605"},{"taxonomy":"post_tag","embeddable":true,"href":"https:\/\/www.encontrabomretiro.com.br\/sobre\/wp-json\/wp\/v2\/tags?post=2605"}],"curies":[{"name":"wp","href":"https:\/\/api.w.org\/{rel}","templated":true}]}}