{"id":2587,"date":"2026-03-28T09:53:26","date_gmt":"2026-03-28T11:53:26","guid":{"rendered":"https:\/\/www.encontrabomretiro.com.br\/sobre\/avenida-do-estado-tem-trecho-interditado-apos-rachaduras-e-afundamento-do-asfalto-no-centro-de-sp\/"},"modified":"2026-03-28T09:53:26","modified_gmt":"2026-03-28T11:53:26","slug":"avenida-do-estado-tem-trecho-interditado-apos-rachaduras-e-afundamento-do-asfalto-no-centro-de-sp","status":"publish","type":"post","link":"https:\/\/www.encontrabomretiro.com.br\/sobre\/avenida-do-estado-tem-trecho-interditado-apos-rachaduras-e-afundamento-do-asfalto-no-centro-de-sp\/","title":{"rendered":"Avenida do Estado tem trecho interditado ap\u00f3s rachaduras e afundamento do asfalto no centro de SP"},"content":{"rendered":"<div class=\"228b65ae207de3c5c501cfe75875708b\" data-index=\"1\" style=\"float: none; margin:0px;\">\n<!-- Anuncio display - global -->\r\n<ins class=\"adsbygoogle\"\r\n     style=\"display:block\"\r\n     data-ad-client=\"ca-pub-8585364105181520\"\r\n     data-ad-slot=\"8789329856\"\r\n     data-ad-format=\"auto\"\r\n     data-full-width-responsive=\"true\"><\/ins>\r\n<script>\r\n     (adsbygoogle = window.adsbygoogle || []).push({});\r\n<\/script>\n<\/div>\n<h2>Causas do Afundamento do Asfalto<\/h2>\n<p>Recentemente, um trecho da Avenida do Estado em S\u00e3o Paulo sofreu afundamento significativo do asfalto, o que gerou a interdi\u00e7\u00e3o dessa \u00e1rea. As autoridades estimam que esse problema est\u00e1 relacionado a um poss\u00edvel rompimento no sistema hidr\u00e1ulico subterr\u00e2neo, resultando na satura\u00e7\u00e3o do solo. O afundamento e as fissuras observadas levantam preocupa\u00e7\u00f5es sobre a estabilidade da estrutura vi\u00e1ria.<\/p>\n<h2>Localiza\u00e7\u00e3o do Trecho Interditado<\/h2>\n<p>A interdi\u00e7\u00e3o ocorre no centro da cidade, especificamente na Avenida do Estado, na altura do n\u00famero 1.397, entre as ruas Tapaj\u00f3s e Lu\u00eds Pacheco. Essa regi\u00e3o \u00e9 estrat\u00e9gica, pois conecta o centro da capital a \u00e1reas como o ABC. As pistas da esquerda, cuja orienta\u00e7\u00e3o \u00e9 no sentido de Santana, ao longo das margens do rio Tamanduate\u00ed, est\u00e3o fechadas ao tr\u00e1fego.<\/p>\n<h2>Impacto no Tr\u00e2nsito Local<\/h2>\n<p>A interdi\u00e7\u00e3o tem gerado transtornos significativos no tr\u00e2nsito da regi\u00e3o. As vias interditadas provocaram congestionamentos, pois dirigindo um desvio necess\u00e1rio que diminui a fluidez do tr\u00e1fego. Com a restri\u00e7\u00e3o da faixa azul destinada a motocicletas, a Companhia de Engenharia de Tr\u00e1fego (CET) est\u00e1 agindo para minimizar os impactos, orientando motoristas a utilizarem outras rotas.<\/p>\n<p><img decoding=\"async\" src=\"https:\/\/www.encontrabomretiro.com.br\/sobre\/wp-content\/uploads\/2026\/03\/avenida-do-estado-tem-trecho-interditado-apos-rachaduras-e-afundamento-do-asfalto-no-centro-de-sp.webp\" alt=\"afundamento do asfalto\" loading=\"lazy\" \/><\/p>\n<h2>Medidas de Seguran\u00e7a Implementadas<\/h2>\n<p>Em resposta \u00e0 situa\u00e7\u00e3o, a CET posicionou agentes em pontos estrat\u00e9gicos de cruzamento para monitorar o fluxo de ve\u00edculos e garantir a seguran\u00e7a dos motoristas. Al\u00e9m disso, foi estabelecida a recomenda\u00e7\u00e3o para que ve\u00edculos pesados optem por rotas alternativas, a fim de evitar sobrecarga nas faixas ainda em funcionamento.<\/p>\n<h2>An\u00e1lise T\u00e9cnica do Problema<\/h2>\n<p>A Secretaria Municipal das Subprefeituras est\u00e1 realizando uma investiga\u00e7\u00e3o geol\u00f3gica detalhada para entender a extens\u00e3o do problema. Essa an\u00e1lise busca determinar as causas exatas das fissuras e do afundamento, bem como a melhor abordagem para a sua repara\u00e7\u00e3o. Tais estudos s\u00e3o essenciais para prevenir ocorr\u00eancias futuras e a garantir a seguran\u00e7a vi\u00e1ria.<\/p>\n<h2>A Resposta da Prefeitura<\/h2>\n<p>A prefeitura est\u00e1 ciente da situa\u00e7\u00e3o e, segundo declara\u00e7\u00f5es oficiais, est\u00e1 fazendo o poss\u00edvel para resolver o problema. No entanto, nenhuma data espec\u00edfica foi estabelecida para a conclus\u00e3o dos reparos e a reabertura da pista. A preocupa\u00e7\u00e3o com a seguran\u00e7a dos usu\u00e1rios continua a ser a prioridade m\u00e1xima.<\/p>\n<h2>Expectativas para a Libera\u00e7\u00e3o<\/h2>\n<p>Embora n\u00e3o haja um prazo definido, as autoridades est\u00e3o otimistas quanto \u00e0 identifica\u00e7\u00e3o das solu\u00e7\u00f5es necess\u00e1rias. A expectativa \u00e9 de que, uma vez esclarecidas as causas, a libera\u00e7\u00e3o do trecho ocorra prioritariamente, permitindo o retorno \u00e0 normalidade no tr\u00e1fego local.<\/p>\n<h2>Alternativas de Rotas para Motoristas<\/h2>\n<p>Motoristas que precisarem transitar pela regi\u00e3o s\u00e3o aconselhados a considerar rotas alternativas. A Avenida Cruzeiro do Sul \u00e9 uma op\u00e7\u00e3o recomendada para aqueles que costumavam utilizar a Avenida do Estado. A adapta\u00e7\u00e3o \u00e0s vias secund\u00e1rias pode ajudar a aliviar o congestionamento e facilitar o deslocamento na \u00e1rea.<\/p>\n<h2>Rea\u00e7\u00f5es dos Moradores<\/h2>\n<p>Os residentes da \u00e1rea afetada expressaram preocupa\u00e7\u00f5es em rela\u00e7\u00e3o \u00e0 situa\u00e7\u00e3o. Muitos relataram desconforto com os impactos diretos em suas rotinas de deslocamento e a incerteza acerca da dura\u00e7\u00e3o da interdi\u00e7\u00e3o. A comunica\u00e7\u00e3o clara e tempestiva das autoridades tem sido vital para acalmar os \u00e2nimos e manter a popula\u00e7\u00e3o informada sobre o andamento das obras.<\/p>\n<h2>Perspectivas Futuras para a Avenida do Estado<\/h2>\n<p>Em um contexto mais amplo, o incidente na Avenida do Estado ressalta a necessidade de investimentos cont\u00ednuos em infraestrutura e manuten\u00e7\u00e3o das vias p\u00fablicas. Al\u00e9m da recupera\u00e7\u00e3o do trecho danificado, a situa\u00e7\u00e3o destaca a import\u00e2ncia de se refor\u00e7ar os sistemas de drenagem e realizar inspe\u00e7\u00f5es peri\u00f3dicas para prevenir futuras ocorr\u00eancias de afundamento do asfalto. Assim, espera-se que a cidade aprenda com esta experi\u00eancia e implemente mudan\u00e7as que beneficiem a seguran\u00e7a e a mobilidade urbana.<\/p>\n\n<div style=\"font-size: 0px; height: 0px; line-height: 0px; margin: 0; padding: 0; clear: both;\"><\/div>","protected":false},"excerpt":{"rendered":"<p>Avenida do Estado interditada em S\u00e3o Paulo por afundamento do asfalto.<\/p>\n","protected":false},"author":1,"featured_media":2586,"comment_status":"open","ping_status":"closed","sticky":false,"template":"","format":"standard","meta":{"footnotes":""},"categories":[6],"tags":[],"class_list":["post-2587","post","type-post","status-publish","format-standard","has-post-thumbnail","hentry","category-noticias-no-bom-retiro","has_thumb"],"aioseo_notices":[],"_links":{"self":[{"href":"https:\/\/www.encontrabomretiro.com.br\/sobre\/wp-json\/wp\/v2\/posts\/2587","targetHints":{"allow":["GET"]}}],"collection":[{"href":"https:\/\/www.encontrabomretiro.com.br\/sobre\/wp-json\/wp\/v2\/posts"}],"about":[{"href":"https:\/\/www.encontrabomretiro.com.br\/sobre\/wp-json\/wp\/v2\/types\/post"}],"author":[{"embeddable":true,"href":"https:\/\/www.encontrabomretiro.com.br\/sobre\/wp-json\/wp\/v2\/users\/1"}],"replies":[{"embeddable":true,"href":"https:\/\/www.encontrabomretiro.com.br\/sobre\/wp-json\/wp\/v2\/comments?post=2587"}],"version-history":[{"count":0,"href":"https:\/\/www.encontrabomretiro.com.br\/sobre\/wp-json\/wp\/v2\/posts\/2587\/revisions"}],"wp:featuredmedia":[{"embeddable":true,"href":"https:\/\/www.encontrabomretiro.com.br\/sobre\/wp-json\/wp\/v2\/media\/2586"}],"wp:attachment":[{"href":"https:\/\/www.encontrabomretiro.com.br\/sobre\/wp-json\/wp\/v2\/media?parent=2587"}],"wp:term":[{"taxonomy":"category","embeddable":true,"href":"https:\/\/www.encontrabomretiro.com.br\/sobre\/wp-json\/wp\/v2\/categories?post=2587"},{"taxonomy":"post_tag","embeddable":true,"href":"https:\/\/www.encontrabomretiro.com.br\/sobre\/wp-json\/wp\/v2\/tags?post=2587"}],"curies":[{"name":"wp","href":"https:\/\/api.w.org\/{rel}","templated":true}]}}