{"id":2571,"date":"2026-03-24T10:03:44","date_gmt":"2026-03-24T12:03:44","guid":{"rendered":"https:\/\/www.encontrabomretiro.com.br\/sobre\/veja-como-sera-o-terminal-luz-que-vai-substituir-a-parada-de-onibus-princesa-isabel-no-centro-de-sp\/"},"modified":"2026-03-24T10:03:44","modified_gmt":"2026-03-24T12:03:44","slug":"veja-como-sera-o-terminal-luz-que-vai-substituir-a-parada-de-onibus-princesa-isabel-no-centro-de-sp","status":"publish","type":"post","link":"https:\/\/www.encontrabomretiro.com.br\/sobre\/veja-como-sera-o-terminal-luz-que-vai-substituir-a-parada-de-onibus-princesa-isabel-no-centro-de-sp\/","title":{"rendered":"Veja como ser\u00e1 o Terminal Luz, que vai substituir a parada de \u00f4nibus Princesa Isabel no centro de SP"},"content":{"rendered":"<div class=\"228b65ae207de3c5c501cfe75875708b\" data-index=\"1\" style=\"float: none; margin:0px;\">\n<!-- Anuncio display - global -->\r\n<ins class=\"adsbygoogle\"\r\n     style=\"display:block\"\r\n     data-ad-client=\"ca-pub-8585364105181520\"\r\n     data-ad-slot=\"8789329856\"\r\n     data-ad-format=\"auto\"\r\n     data-full-width-responsive=\"true\"><\/ins>\r\n<script>\r\n     (adsbygoogle = window.adsbygoogle || []).push({});\r\n<\/script>\n<\/div>\n<h2>O que \u00e9 o Terminal Luz?<\/h2>\n<p>O <strong>Terminal Luz<\/strong> ser\u00e1 um novo terminal de \u00f4nibus que substituir\u00e1 o Terminal Princesa Isabel, localizado no centro de S\u00e3o Paulo. Com a constru\u00e7\u00e3o do novo terminal, espera-se melhorar a infraestrutura de transporte na \u00e1rea, beneficiando os usu\u00e1rios do transporte p\u00fablico.<\/p>\n<h2>Detalhes da constru\u00e7\u00e3o e investimento<\/h2>\n<p>A constru\u00e7\u00e3o do Terminal Luz est\u00e1 associada \u00e0 <strong>nova sede do governo estadual<\/strong> em Campos El\u00edseos, que demandar\u00e1 a desativa\u00e7\u00e3o do atual terminal. A transfer\u00eancia do terreno para a prefeitura ocorrer\u00e1 ap\u00f3s a conclus\u00e3o das obras, que est\u00e3o com um investimento estimado de <strong>R$ 41,7 milh\u00f5es<\/strong>.<\/p>\n<h2>Como ser\u00e1 a nova infraestrutura?<\/h2>\n<p>O novo terminal ter\u00e1 um formato oval, com <strong>tr\u00eas plataformas<\/strong>, e estar\u00e1 projetado para atender 10 das 16 linhas que atualmente operam no Terminal Princesa Isabel. As linhas remanescentes ser\u00e3o deslocadas para a parada Amaral Gurgel ou para \u00e1reas pr\u00f3ximas \u00e0 Pra\u00e7a da Luz.<\/p>\n<p><img decoding=\"async\" src=\"https:\/\/www.encontrabomretiro.com.br\/sobre\/wp-content\/uploads\/2026\/03\/veja-como-sera-o-terminal-luz-que-vai-substituir-a-parada-de-onibus-princesa-isabel-no-centro-de-sp.webp\" alt=\"Terminal Luz\" loading=\"lazy\" \/><\/p>\n<h2>Linhas de \u00f4nibus afetadas pela mudan\u00e7a<\/h2>\n<p>Com a mudan\u00e7a para o Terminal Luz, 10 linhas que operam atualmente no Terminal Princesa Isabel continuar\u00e3o a funcionar, enquanto as demais ser\u00e3o redistribu\u00eddas. A nova localiza\u00e7\u00e3o busca facilitar o acesso a outros modais de transporte, melhorando o fluxo de usu\u00e1rios.<\/p>\n<h2>A import\u00e2ncia da integra\u00e7\u00e3o com o metr\u00f4<\/h2>\n<p>Uma das grandes vantagens do Terminal Luz \u00e9 sua proximidade com a esta\u00e7\u00e3o Luz do Metr\u00f4, um dos pontos de transporte mais movimentados de S\u00e3o Paulo. Essa conex\u00e3o possibilitar\u00e1 uma integra\u00e7\u00e3o mais eficiente entre \u00f4nibus, metr\u00f4 e trem, otimizando a mobilidade urbana da regi\u00e3o.<\/p>\n<h2>Benef\u00edcios para a popula\u00e7\u00e3o local<\/h2>\n<p>A mudan\u00e7a para o novo terminal traz v\u00e1rios benef\u00edcios, como:<\/p>\n<ul>\n<li><strong>Aumento da \u00e1rea verde<\/strong>: A desativa\u00e7\u00e3o do Terminal Princesa Isabel permitir\u00e1 a amplia\u00e7\u00e3o de espa\u00e7os verdes na regi\u00e3o.<\/li>\n<li><strong>Melhor integra\u00e7\u00e3o<\/strong>: A localiza\u00e7\u00e3o estrat\u00e9gica facilitar\u00e1 a conex\u00e3o com outros meios de transporte.<\/li>\n<li><strong>Moderniza\u00e7\u00e3o da infraestrutura<\/strong>: A nova constru\u00e7\u00e3o atender\u00e1 a uma demanda crescente de passageiros, melhorando o conforto e seguran\u00e7a.<\/li>\n<li><strong>Acessibilidade<\/strong>: O terminal ser\u00e1 projetado para atender todas as necessidades dos usu\u00e1rios, melhorando a acessibilidade no transporte p\u00fablico.<\/li>\n<\/ul>\n<h2>Impactos ambientais e urban\u00edsticos<\/h2>\n<p>A desativa\u00e7\u00e3o do Terminal Princesa Isabel e a constru\u00e7\u00e3o do Terminal Luz visam tamb\u00e9m reduzir impactos ambientais, ao aumentar \u00e1reas verdes e revitalizar urbanisticamente a regi\u00e3o. O governo estadual destaca que a reconfigura\u00e7\u00e3o da \u00e1rea \u00e9 essencial para retornar ao projeto urban\u00edstico original da regi\u00e3o, conectando a pra\u00e7a ao Pal\u00e1cio dos Campos El\u00edseos.<\/p>\n<h2>O que dizem especialistas sobre a mudan\u00e7a<\/h2>\n<p>Especialistas em urbanismo, como o professor de Arquitetura e Urbanismo da USP <strong>F\u00e1bio Mariz Gon\u00e7alves<\/strong>, argumentam que a localiza\u00e7\u00e3o do novo terminal \u00e9 promissora, pois colocar\u00e1 um terminal de \u00f4nibus pr\u00f3ximo aos maiores centros de transporte p\u00fablico da capital. No entanto, opini\u00f5es divergentes, como a do urbanista <strong>Flam\u00ednio Fichmann<\/strong>, alertam para os riscos de congestionamento nas rotas de \u00f4nibus devido ao j\u00e1 estabelecido fluxo na \u00e1rea.<\/p>\n<h2>Cronograma da obra do Terminal Luz<\/h2>\n<p>O cons\u00f3rcio vencedor da concess\u00e3o \u00e9 obrigado a iniciar a constru\u00e7\u00e3o do Terminal Luz dentro do primeiro ano do contrato, com um prazo de entrega previsto para o final do segundo ano. Portanto, a expectativa \u00e9 que a constru\u00e7\u00e3o tenha in\u00edcio em <strong>2027<\/strong> e seja finalizada em <strong>2028<\/strong>.<\/p>\n<h2>Expectativas para o futuro do transporte em SP<\/h2>\n<p>Com a constru\u00e7\u00e3o do Terminal Luz, espera-se n\u00e3o apenas melhorar o fluxo de transporte na \u00e1rea central, mas tamb\u00e9m incentivar uma rede integrada de transporte que atenda \u00e0s crescentes demandas dos cidad\u00e3os. A conex\u00e3o planejada com outros modais, como o metr\u00f4 e o futuro VLT (Ve\u00edculo Leve sobre Trilhos), promete transformar a mobilidade na regi\u00e3o, tornando o transporte p\u00fablico uma op\u00e7\u00e3o ainda mais atraente.<\/p>\n\n<div style=\"font-size: 0px; height: 0px; line-height: 0px; margin: 0; padding: 0; clear: both;\"><\/div>","protected":false},"excerpt":{"rendered":"<p>O Terminal Luz promete transforma\u00e7\u00e3o no transporte p\u00fablico em S\u00e3o Paulo.<\/p>\n","protected":false},"author":1,"featured_media":2570,"comment_status":"open","ping_status":"closed","sticky":false,"template":"","format":"standard","meta":{"footnotes":""},"categories":[6],"tags":[],"class_list":["post-2571","post","type-post","status-publish","format-standard","has-post-thumbnail","hentry","category-noticias-no-bom-retiro","has_thumb"],"aioseo_notices":[],"aioseo_head":"\n\t\t<!-- All in One SEO 5.0.0.1 - aioseo.com -->\n\t<meta name=\"description\" content=\"O Terminal Luz promete transforma\u00e7\u00e3o no transporte p\u00fablico em S\u00e3o Paulo.\" \/>\n\t<meta name=\"robots\" content=\"max-image-preview:large\" \/>\n\t<meta name=\"author\" content=\"Encontra Bom Retiro\"\/>\n\t<link rel=\"canonical\" href=\"https:\/\/www.encontrabomretiro.com.br\/sobre\/veja-como-sera-o-terminal-luz-que-vai-substituir-a-parada-de-onibus-princesa-isabel-no-centro-de-sp\/\" \/>\n\t<meta name=\"generator\" content=\"All in One SEO (AIOSEO) 5.0.0.1\" \/>\n\t\t<meta property=\"og:locale\" content=\"pt_BR\" \/>\n\t\t<meta property=\"og:site_name\" content=\"Encontra Bom Retiro | Not\u00edcias, eventos, informa\u00e7\u00f5es e dicas no bairro do Bom Retiro e regi\u00e3o.\" \/>\n\t\t<meta property=\"og:type\" content=\"article\" \/>\n\t\t<meta property=\"og:title\" content=\"Veja como ser\u00e1 o Terminal Luz, que vai substituir a parada de \u00f4nibus Princesa Isabel no centro de SP | Encontra Bom Retiro\" \/>\n\t\t<meta property=\"og:description\" content=\"O Terminal Luz promete transforma\u00e7\u00e3o no transporte p\u00fablico em S\u00e3o Paulo.\" \/>\n\t\t<meta property=\"og:url\" content=\"https:\/\/www.encontrabomretiro.com.br\/sobre\/veja-como-sera-o-terminal-luz-que-vai-substituir-a-parada-de-onibus-princesa-isabel-no-centro-de-sp\/\" \/>\n\t\t<meta property=\"article:published_time\" content=\"2026-03-24T12:03:44+00:00\" \/>\n\t\t<meta property=\"article:modified_time\" content=\"2026-03-24T12:03:44+00:00\" \/>\n\t\t<meta name=\"twitter:card\" content=\"summary_large_image\" \/>\n\t\t<meta name=\"twitter:title\" content=\"Veja como ser\u00e1 o Terminal Luz, que vai substituir a parada de \u00f4nibus Princesa Isabel no centro de SP | Encontra Bom Retiro\" \/>\n\t\t<meta name=\"twitter:description\" content=\"O Terminal Luz promete transforma\u00e7\u00e3o no transporte p\u00fablico em S\u00e3o Paulo.\" \/>\n\t\t<script type=\"application\/ld+json\" class=\"aioseo-schema\">\n\t\t\t{\"@context\":\"https:\\\/\\\/schema.org\",\"@graph\":[{\"@type\":\"Article\",\"@id\":\"https:\\\/\\\/www.encontrabomretiro.com.br\\\/sobre\\\/veja-como-sera-o-terminal-luz-que-vai-substituir-a-parada-de-onibus-princesa-isabel-no-centro-de-sp\\\/#article\",\"name\":\"Veja como ser\\u00e1 o Terminal Luz, que vai substituir a parada de \\u00f4nibus Princesa Isabel no centro de SP | Encontra Bom Retiro\",\"headline\":\"Veja como ser\\u00e1 o Terminal Luz, que vai substituir a parada de \\u00f4nibus Princesa Isabel no centro de SP\",\"author\":{\"@id\":\"https:\\\/\\\/www.encontrabomretiro.com.br\\\/sobre\\\/author\\\/ebomretiro\\\/#author\"},\"publisher\":{\"@id\":\"https:\\\/\\\/www.encontrabomretiro.com.br\\\/sobre\\\/#organization\"},\"image\":{\"@type\":\"ImageObject\",\"url\":\"https:\\\/\\\/www.encontrabomretiro.com.br\\\/sobre\\\/wp-content\\\/uploads\\\/2026\\\/03\\\/veja-como-sera-o-terminal-luz-que-vai-substituir-a-parada-de-onibus-princesa-isabel-no-centro-de-sp.webp\",\"width\":280,\"height\":280,\"caption\":\"Terminal Luz\"},\"datePublished\":\"2026-03-24T10:03:44-02:00\",\"dateModified\":\"2026-03-24T10:03:44-02:00\",\"inLanguage\":\"pt-BR\",\"mainEntityOfPage\":{\"@id\":\"https:\\\/\\\/www.encontrabomretiro.com.br\\\/sobre\\\/veja-como-sera-o-terminal-luz-que-vai-substituir-a-parada-de-onibus-princesa-isabel-no-centro-de-sp\\\/#webpage\"},\"isPartOf\":{\"@id\":\"https:\\\/\\\/www.encontrabomretiro.com.br\\\/sobre\\\/veja-como-sera-o-terminal-luz-que-vai-substituir-a-parada-de-onibus-princesa-isabel-no-centro-de-sp\\\/#webpage\"},\"articleSection\":\"Not\\u00edcias Bom Retiro\"},{\"@type\":\"BreadcrumbList\",\"@id\":\"https:\\\/\\\/www.encontrabomretiro.com.br\\\/sobre\\\/veja-como-sera-o-terminal-luz-que-vai-substituir-a-parada-de-onibus-princesa-isabel-no-centro-de-sp\\\/#breadcrumblist\",\"itemListElement\":[{\"@type\":\"ListItem\",\"@id\":\"https:\\\/\\\/www.encontrabomretiro.com.br\\\/sobre#listItem\",\"position\":1,\"name\":\"Dom\\u00e9stica\",\"item\":\"https:\\\/\\\/www.encontrabomretiro.com.br\\\/sobre\",\"nextItem\":{\"@type\":\"ListItem\",\"@id\":\"https:\\\/\\\/www.encontrabomretiro.com.br\\\/sobre\\\/noticias-no-bom-retiro\\\/#listItem\",\"name\":\"Not\\u00edcias Bom Retiro\"}},{\"@type\":\"ListItem\",\"@id\":\"https:\\\/\\\/www.encontrabomretiro.com.br\\\/sobre\\\/noticias-no-bom-retiro\\\/#listItem\",\"position\":2,\"name\":\"Not\\u00edcias Bom Retiro\",\"item\":\"https:\\\/\\\/www.encontrabomretiro.com.br\\\/sobre\\\/noticias-no-bom-retiro\\\/\",\"nextItem\":{\"@type\":\"ListItem\",\"@id\":\"https:\\\/\\\/www.encontrabomretiro.com.br\\\/sobre\\\/veja-como-sera-o-terminal-luz-que-vai-substituir-a-parada-de-onibus-princesa-isabel-no-centro-de-sp\\\/#listItem\",\"name\":\"Veja como ser\\u00e1 o Terminal Luz, que vai substituir a parada de \\u00f4nibus Princesa Isabel no centro de SP\"},\"previousItem\":{\"@type\":\"ListItem\",\"@id\":\"https:\\\/\\\/www.encontrabomretiro.com.br\\\/sobre#listItem\",\"name\":\"Dom\\u00e9stica\"}},{\"@type\":\"ListItem\",\"@id\":\"https:\\\/\\\/www.encontrabomretiro.com.br\\\/sobre\\\/veja-como-sera-o-terminal-luz-que-vai-substituir-a-parada-de-onibus-princesa-isabel-no-centro-de-sp\\\/#listItem\",\"position\":3,\"name\":\"Veja como ser\\u00e1 o Terminal Luz, que vai substituir a parada de \\u00f4nibus Princesa Isabel no centro de SP\",\"previousItem\":{\"@type\":\"ListItem\",\"@id\":\"https:\\\/\\\/www.encontrabomretiro.com.br\\\/sobre\\\/noticias-no-bom-retiro\\\/#listItem\",\"name\":\"Not\\u00edcias Bom Retiro\"}}]},{\"@type\":\"Organization\",\"@id\":\"https:\\\/\\\/www.encontrabomretiro.com.br\\\/sobre\\\/#organization\",\"name\":\"Encontra Bom Retiro\",\"description\":\"Not\\u00edcias, eventos, informa\\u00e7\\u00f5es e dicas no bairro do Bom Retiro e regi\\u00e3o.\",\"url\":\"https:\\\/\\\/www.encontrabomretiro.com.br\\\/sobre\\\/\"},{\"@type\":\"Person\",\"@id\":\"https:\\\/\\\/www.encontrabomretiro.com.br\\\/sobre\\\/author\\\/ebomretiro\\\/#author\",\"url\":\"https:\\\/\\\/www.encontrabomretiro.com.br\\\/sobre\\\/author\\\/ebomretiro\\\/\",\"name\":\"Encontra Bom Retiro\",\"image\":{\"@type\":\"ImageObject\",\"@id\":\"https:\\\/\\\/www.encontrabomretiro.com.br\\\/sobre\\\/veja-como-sera-o-terminal-luz-que-vai-substituir-a-parada-de-onibus-princesa-isabel-no-centro-de-sp\\\/#authorImage\",\"url\":\"https:\\\/\\\/secure.gravatar.com\\\/avatar\\\/507340682b8270222e1f208e23198b6ae7e2c6a1033ae84e99bc6bce4f82a387?s=96&d=mm&r=g\",\"width\":96,\"height\":96,\"caption\":\"Encontra Bom Retiro\"}},{\"@type\":\"WebPage\",\"@id\":\"https:\\\/\\\/www.encontrabomretiro.com.br\\\/sobre\\\/veja-como-sera-o-terminal-luz-que-vai-substituir-a-parada-de-onibus-princesa-isabel-no-centro-de-sp\\\/#webpage\",\"url\":\"https:\\\/\\\/www.encontrabomretiro.com.br\\\/sobre\\\/veja-como-sera-o-terminal-luz-que-vai-substituir-a-parada-de-onibus-princesa-isabel-no-centro-de-sp\\\/\",\"name\":\"Veja como ser\\u00e1 o Terminal Luz, que vai substituir a parada de \\u00f4nibus Princesa Isabel no centro de SP | Encontra Bom Retiro\",\"description\":\"O Terminal Luz promete transforma\\u00e7\\u00e3o no transporte p\\u00fablico em S\\u00e3o Paulo.\",\"inLanguage\":\"pt-BR\",\"isPartOf\":{\"@id\":\"https:\\\/\\\/www.encontrabomretiro.com.br\\\/sobre\\\/#website\"},\"breadcrumb\":{\"@id\":\"https:\\\/\\\/www.encontrabomretiro.com.br\\\/sobre\\\/veja-como-sera-o-terminal-luz-que-vai-substituir-a-parada-de-onibus-princesa-isabel-no-centro-de-sp\\\/#breadcrumblist\"},\"author\":{\"@id\":\"https:\\\/\\\/www.encontrabomretiro.com.br\\\/sobre\\\/author\\\/ebomretiro\\\/#author\"},\"creator\":{\"@id\":\"https:\\\/\\\/www.encontrabomretiro.com.br\\\/sobre\\\/author\\\/ebomretiro\\\/#author\"},\"image\":{\"@type\":\"ImageObject\",\"url\":\"https:\\\/\\\/www.encontrabomretiro.com.br\\\/sobre\\\/wp-content\\\/uploads\\\/2026\\\/03\\\/veja-como-sera-o-terminal-luz-que-vai-substituir-a-parada-de-onibus-princesa-isabel-no-centro-de-sp.webp\",\"@id\":\"https:\\\/\\\/www.encontrabomretiro.com.br\\\/sobre\\\/veja-como-sera-o-terminal-luz-que-vai-substituir-a-parada-de-onibus-princesa-isabel-no-centro-de-sp\\\/#mainImage\",\"width\":280,\"height\":280,\"caption\":\"Terminal Luz\"},\"primaryImageOfPage\":{\"@id\":\"https:\\\/\\\/www.encontrabomretiro.com.br\\\/sobre\\\/veja-como-sera-o-terminal-luz-que-vai-substituir-a-parada-de-onibus-princesa-isabel-no-centro-de-sp\\\/#mainImage\"},\"datePublished\":\"2026-03-24T10:03:44-02:00\",\"dateModified\":\"2026-03-24T10:03:44-02:00\"},{\"@type\":\"WebSite\",\"@id\":\"https:\\\/\\\/www.encontrabomretiro.com.br\\\/sobre\\\/#website\",\"url\":\"https:\\\/\\\/www.encontrabomretiro.com.br\\\/sobre\\\/\",\"name\":\"Encontra Bom Retiro\",\"description\":\"Not\\u00edcias, eventos, informa\\u00e7\\u00f5es e dicas no bairro do Bom Retiro e regi\\u00e3o.\",\"inLanguage\":\"pt-BR\",\"publisher\":{\"@id\":\"https:\\\/\\\/www.encontrabomretiro.com.br\\\/sobre\\\/#organization\"}}]}\n\t\t<\/script>\n\t\t<!-- All in One SEO -->\n\n","aioseo_head_json":{"title":"Veja como ser\u00e1 o Terminal Luz, que vai substituir a parada de \u00f4nibus Princesa Isabel no centro de SP | Encontra Bom Retiro","description":"O Terminal Luz promete transforma\u00e7\u00e3o no transporte p\u00fablico em S\u00e3o Paulo.","canonical_url":"https:\/\/www.encontrabomretiro.com.br\/sobre\/veja-como-sera-o-terminal-luz-que-vai-substituir-a-parada-de-onibus-princesa-isabel-no-centro-de-sp\/","robots":"max-image-preview:large","keywords":"","webmasterTools":{"miscellaneous":""},"schema":{"@context":"https:\/\/schema.org","@graph":[{"@type":"Article","@id":"https:\/\/www.encontrabomretiro.com.br\/sobre\/veja-como-sera-o-terminal-luz-que-vai-substituir-a-parada-de-onibus-princesa-isabel-no-centro-de-sp\/#article","name":"Veja como ser\u00e1 o Terminal Luz, que vai substituir a parada de \u00f4nibus Princesa Isabel no centro de SP | Encontra Bom Retiro","headline":"Veja como ser\u00e1 o Terminal Luz, que vai substituir a parada de \u00f4nibus Princesa Isabel no centro de SP","author":{"@id":"https:\/\/www.encontrabomretiro.com.br\/sobre\/author\/ebomretiro\/#author"},"publisher":{"@id":"https:\/\/www.encontrabomretiro.com.br\/sobre\/#organization"},"image":{"@type":"ImageObject","url":"https:\/\/www.encontrabomretiro.com.br\/sobre\/wp-content\/uploads\/2026\/03\/veja-como-sera-o-terminal-luz-que-vai-substituir-a-parada-de-onibus-princesa-isabel-no-centro-de-sp.webp","width":280,"height":280,"caption":"Terminal Luz"},"datePublished":"2026-03-24T10:03:44-02:00","dateModified":"2026-03-24T10:03:44-02:00","inLanguage":"pt-BR","mainEntityOfPage":{"@id":"https:\/\/www.encontrabomretiro.com.br\/sobre\/veja-como-sera-o-terminal-luz-que-vai-substituir-a-parada-de-onibus-princesa-isabel-no-centro-de-sp\/#webpage"},"isPartOf":{"@id":"https:\/\/www.encontrabomretiro.com.br\/sobre\/veja-como-sera-o-terminal-luz-que-vai-substituir-a-parada-de-onibus-princesa-isabel-no-centro-de-sp\/#webpage"},"articleSection":"Not\u00edcias Bom Retiro"},{"@type":"BreadcrumbList","@id":"https:\/\/www.encontrabomretiro.com.br\/sobre\/veja-como-sera-o-terminal-luz-que-vai-substituir-a-parada-de-onibus-princesa-isabel-no-centro-de-sp\/#breadcrumblist","itemListElement":[{"@type":"ListItem","@id":"https:\/\/www.encontrabomretiro.com.br\/sobre#listItem","position":1,"name":"Dom\u00e9stica","item":"https:\/\/www.encontrabomretiro.com.br\/sobre","nextItem":{"@type":"ListItem","@id":"https:\/\/www.encontrabomretiro.com.br\/sobre\/noticias-no-bom-retiro\/#listItem","name":"Not\u00edcias Bom Retiro"}},{"@type":"ListItem","@id":"https:\/\/www.encontrabomretiro.com.br\/sobre\/noticias-no-bom-retiro\/#listItem","position":2,"name":"Not\u00edcias Bom Retiro","item":"https:\/\/www.encontrabomretiro.com.br\/sobre\/noticias-no-bom-retiro\/","nextItem":{"@type":"ListItem","@id":"https:\/\/www.encontrabomretiro.com.br\/sobre\/veja-como-sera-o-terminal-luz-que-vai-substituir-a-parada-de-onibus-princesa-isabel-no-centro-de-sp\/#listItem","name":"Veja como ser\u00e1 o Terminal Luz, que vai substituir a parada de \u00f4nibus Princesa Isabel no centro de SP"},"previousItem":{"@type":"ListItem","@id":"https:\/\/www.encontrabomretiro.com.br\/sobre#listItem","name":"Dom\u00e9stica"}},{"@type":"ListItem","@id":"https:\/\/www.encontrabomretiro.com.br\/sobre\/veja-como-sera-o-terminal-luz-que-vai-substituir-a-parada-de-onibus-princesa-isabel-no-centro-de-sp\/#listItem","position":3,"name":"Veja como ser\u00e1 o Terminal Luz, que vai substituir a parada de \u00f4nibus Princesa Isabel no centro de SP","previousItem":{"@type":"ListItem","@id":"https:\/\/www.encontrabomretiro.com.br\/sobre\/noticias-no-bom-retiro\/#listItem","name":"Not\u00edcias Bom Retiro"}}]},{"@type":"Organization","@id":"https:\/\/www.encontrabomretiro.com.br\/sobre\/#organization","name":"Encontra Bom Retiro","description":"Not\u00edcias, eventos, informa\u00e7\u00f5es e dicas no bairro do Bom Retiro e regi\u00e3o.","url":"https:\/\/www.encontrabomretiro.com.br\/sobre\/"},{"@type":"Person","@id":"https:\/\/www.encontrabomretiro.com.br\/sobre\/author\/ebomretiro\/#author","url":"https:\/\/www.encontrabomretiro.com.br\/sobre\/author\/ebomretiro\/","name":"Encontra Bom Retiro","image":{"@type":"ImageObject","@id":"https:\/\/www.encontrabomretiro.com.br\/sobre\/veja-como-sera-o-terminal-luz-que-vai-substituir-a-parada-de-onibus-princesa-isabel-no-centro-de-sp\/#authorImage","url":"https:\/\/secure.gravatar.com\/avatar\/507340682b8270222e1f208e23198b6ae7e2c6a1033ae84e99bc6bce4f82a387?s=96&d=mm&r=g","width":96,"height":96,"caption":"Encontra Bom Retiro"}},{"@type":"WebPage","@id":"https:\/\/www.encontrabomretiro.com.br\/sobre\/veja-como-sera-o-terminal-luz-que-vai-substituir-a-parada-de-onibus-princesa-isabel-no-centro-de-sp\/#webpage","url":"https:\/\/www.encontrabomretiro.com.br\/sobre\/veja-como-sera-o-terminal-luz-que-vai-substituir-a-parada-de-onibus-princesa-isabel-no-centro-de-sp\/","name":"Veja como ser\u00e1 o Terminal Luz, que vai substituir a parada de \u00f4nibus Princesa Isabel no centro de SP | Encontra Bom Retiro","description":"O Terminal Luz promete transforma\u00e7\u00e3o no transporte p\u00fablico em S\u00e3o Paulo.","inLanguage":"pt-BR","isPartOf":{"@id":"https:\/\/www.encontrabomretiro.com.br\/sobre\/#website"},"breadcrumb":{"@id":"https:\/\/www.encontrabomretiro.com.br\/sobre\/veja-como-sera-o-terminal-luz-que-vai-substituir-a-parada-de-onibus-princesa-isabel-no-centro-de-sp\/#breadcrumblist"},"author":{"@id":"https:\/\/www.encontrabomretiro.com.br\/sobre\/author\/ebomretiro\/#author"},"creator":{"@id":"https:\/\/www.encontrabomretiro.com.br\/sobre\/author\/ebomretiro\/#author"},"image":{"@type":"ImageObject","url":"https:\/\/www.encontrabomretiro.com.br\/sobre\/wp-content\/uploads\/2026\/03\/veja-como-sera-o-terminal-luz-que-vai-substituir-a-parada-de-onibus-princesa-isabel-no-centro-de-sp.webp","@id":"https:\/\/www.encontrabomretiro.com.br\/sobre\/veja-como-sera-o-terminal-luz-que-vai-substituir-a-parada-de-onibus-princesa-isabel-no-centro-de-sp\/#mainImage","width":280,"height":280,"caption":"Terminal Luz"},"primaryImageOfPage":{"@id":"https:\/\/www.encontrabomretiro.com.br\/sobre\/veja-como-sera-o-terminal-luz-que-vai-substituir-a-parada-de-onibus-princesa-isabel-no-centro-de-sp\/#mainImage"},"datePublished":"2026-03-24T10:03:44-02:00","dateModified":"2026-03-24T10:03:44-02:00"},{"@type":"WebSite","@id":"https:\/\/www.encontrabomretiro.com.br\/sobre\/#website","url":"https:\/\/www.encontrabomretiro.com.br\/sobre\/","name":"Encontra Bom Retiro","description":"Not\u00edcias, eventos, informa\u00e7\u00f5es e dicas no bairro do Bom Retiro e regi\u00e3o.","inLanguage":"pt-BR","publisher":{"@id":"https:\/\/www.encontrabomretiro.com.br\/sobre\/#organization"}}]},"og:locale":"pt_BR","og:site_name":"Encontra Bom Retiro | Not\u00edcias, eventos, informa\u00e7\u00f5es e dicas no bairro do Bom Retiro e regi\u00e3o.","og:type":"article","og:title":"Veja como ser\u00e1 o Terminal Luz, que vai substituir a parada de \u00f4nibus Princesa Isabel no centro de SP | Encontra Bom Retiro","og:description":"O Terminal Luz promete transforma\u00e7\u00e3o no transporte p\u00fablico em S\u00e3o Paulo.","og:url":"https:\/\/www.encontrabomretiro.com.br\/sobre\/veja-como-sera-o-terminal-luz-que-vai-substituir-a-parada-de-onibus-princesa-isabel-no-centro-de-sp\/","article:published_time":"2026-03-24T12:03:44+00:00","article:modified_time":"2026-03-24T12:03:44+00:00","twitter:card":"summary_large_image","twitter:title":"Veja como ser\u00e1 o Terminal Luz, que vai substituir a parada de \u00f4nibus Princesa Isabel no centro de SP | Encontra Bom Retiro","twitter:description":"O Terminal Luz promete transforma\u00e7\u00e3o no transporte p\u00fablico em S\u00e3o Paulo."},"aioseo_meta_data":{"post_id":"2571","title":null,"description":null,"keywords":null,"keyphrases":null,"primary_term":null,"canonical_url":null,"og_title":null,"og_description":null,"og_object_type":"default","og_image_type":"default","og_image_url":null,"og_image_width":null,"og_image_height":null,"og_image_custom_url":null,"og_image_custom_fields":null,"og_video":null,"og_custom_url":null,"og_article_section":null,"og_article_tags":null,"twitter_use_og":false,"twitter_card":"default","twitter_image_type":"default","twitter_image_url":null,"twitter_image_custom_url":null,"twitter_image_custom_fields":null,"twitter_title":null,"twitter_description":null,"schema":{"blockGraphs":[],"customGraphs":[],"default":{"data":{"Article":[],"Course":[],"Dataset":[],"FAQPage":[],"Movie":[],"Person":[],"Product":[],"ProductReview":[],"Car":[],"Recipe":[],"Service":[],"SoftwareApplication":[],"WebPage":[]},"graphName":"Article","isEnabled":true},"graphs":[]},"schema_type":"default","schema_type_options":null,"pillar_content":false,"robots_default":true,"robots_noindex":false,"robots_noarchive":false,"robots_nosnippet":false,"robots_nofollow":false,"robots_noimageindex":false,"robots_noodp":false,"robots_notranslate":false,"robots_max_snippet":null,"robots_max_videopreview":null,"robots_max_imagepreview":"large","priority":null,"frequency":null,"local_seo":null,"breadcrumb_settings":null,"limit_modified_date":false,"ai":null,"created":"2026-03-24 12:03:46","updated":"2026-03-24 12:16:40","focus_keyword":null,"additional_keywords":null,"truseo_locale":null,"seo_analyzer_scan_date":null},"aioseo_breadcrumb":"<div class=\"aioseo-breadcrumbs\"><span class=\"aioseo-breadcrumb\">\n\t\t\t<a href=\"https:\/\/www.encontrabomretiro.com.br\/sobre\" title=\"Dom\u00e9stica\">Dom\u00e9stica<\/a>\n\t\t<\/span><span class=\"aioseo-breadcrumb-separator\">&raquo;<\/span><span class=\"aioseo-breadcrumb\">\n\t\t\t<a href=\"https:\/\/www.encontrabomretiro.com.br\/sobre\/noticias-no-bom-retiro\/\" title=\"Not\u00edcias Bom Retiro\">Not\u00edcias Bom Retiro<\/a>\n\t\t<\/span><span class=\"aioseo-breadcrumb-separator\">&raquo;<\/span><span class=\"aioseo-breadcrumb\">\n\t\t\tVeja como ser\u00e1 o Terminal Luz, que vai substituir a parada de \u00f4nibus Princesa Isabel no centro de SP\n\t\t<\/span><\/div>","aioseo_breadcrumb_json":[{"label":"Dom\u00e9stica","link":"https:\/\/www.encontrabomretiro.com.br\/sobre"},{"label":"Not\u00edcias Bom Retiro","link":"https:\/\/www.encontrabomretiro.com.br\/sobre\/noticias-no-bom-retiro\/"},{"label":"Veja como ser\u00e1 o Terminal Luz, que vai substituir a parada de \u00f4nibus Princesa Isabel no centro de SP","link":"https:\/\/www.encontrabomretiro.com.br\/sobre\/veja-como-sera-o-terminal-luz-que-vai-substituir-a-parada-de-onibus-princesa-isabel-no-centro-de-sp\/"}],"_links":{"self":[{"href":"https:\/\/www.encontrabomretiro.com.br\/sobre\/wp-json\/wp\/v2\/posts\/2571","targetHints":{"allow":["GET"]}}],"collection":[{"href":"https:\/\/www.encontrabomretiro.com.br\/sobre\/wp-json\/wp\/v2\/posts"}],"about":[{"href":"https:\/\/www.encontrabomretiro.com.br\/sobre\/wp-json\/wp\/v2\/types\/post"}],"author":[{"embeddable":true,"href":"https:\/\/www.encontrabomretiro.com.br\/sobre\/wp-json\/wp\/v2\/users\/1"}],"replies":[{"embeddable":true,"href":"https:\/\/www.encontrabomretiro.com.br\/sobre\/wp-json\/wp\/v2\/comments?post=2571"}],"version-history":[{"count":0,"href":"https:\/\/www.encontrabomretiro.com.br\/sobre\/wp-json\/wp\/v2\/posts\/2571\/revisions"}],"wp:featuredmedia":[{"embeddable":true,"href":"https:\/\/www.encontrabomretiro.com.br\/sobre\/wp-json\/wp\/v2\/media\/2570"}],"wp:attachment":[{"href":"https:\/\/www.encontrabomretiro.com.br\/sobre\/wp-json\/wp\/v2\/media?parent=2571"}],"wp:term":[{"taxonomy":"category","embeddable":true,"href":"https:\/\/www.encontrabomretiro.com.br\/sobre\/wp-json\/wp\/v2\/categories?post=2571"},{"taxonomy":"post_tag","embeddable":true,"href":"https:\/\/www.encontrabomretiro.com.br\/sobre\/wp-json\/wp\/v2\/tags?post=2571"}],"curies":[{"name":"wp","href":"https:\/\/api.w.org\/{rel}","templated":true}]}}