{"id":257,"date":"2011-08-19T15:43:22","date_gmt":"2011-08-19T17:43:22","guid":{"rendered":"http:\/\/www.encontrabomretiro.com.br\/noticias\/?p=257"},"modified":"2019-04-29T18:05:04","modified_gmt":"2019-04-29T20:05:04","slug":"festival-exibe-filmes-no-bom-retiro-ate-sabado","status":"publish","type":"post","link":"https:\/\/www.encontrabomretiro.com.br\/sobre\/festival-exibe-filmes-no-bom-retiro-ate-sabado\/","title":{"rendered":"Festival exibe filmes no Bom Retiro at\u00e9 s\u00e1bado"},"content":{"rendered":"<div class=\"228b65ae207de3c5c501cfe75875708b\" data-index=\"1\" style=\"float: none; margin:0px;\">\n<!-- Anuncio display - global -->\r\n<ins class=\"adsbygoogle\"\r\n     style=\"display:block\"\r\n     data-ad-client=\"ca-pub-8585364105181520\"\r\n     data-ad-slot=\"8789329856\"\r\n     data-ad-format=\"auto\"\r\n     data-full-width-responsive=\"true\"><\/ins>\r\n<script>\r\n     (adsbygoogle = window.adsbygoogle || []).push({});\r\n<\/script>\n<\/div>\n<p>O Festival Cine Tela Brasil exibe at\u00e9 s\u00e1bado (20) no bairro Bom Retiro, centro de S\u00e3o Paulo, filmes brasileiros e dos pa\u00edses que constru\u00edram a hist\u00f3ria do bairro. O projeto conta com duas salas itinerantes, com 225 lugares e ar-condicionado.<\/p>\n<p>As exibi\u00e7\u00f5es come\u00e7aram na quinta-feira (18). At\u00e9 s\u00e1bado ser\u00e3o exibidos nove filmes produzidos no Brasil, Coreia do Sul, Israel e Bol\u00edvia, \u00e0s 14h, 16h30 e 19h.<\/p>\n<p>O Cine Tela Brasil j\u00e1 fez mais de 4,1 mil exibi\u00e7\u00f5es de filmes em todo o pa\u00eds desde 2004. Neste ano, o objetivo dos organizadores \u00e9 percorrer 50 cidades diferentes. As apresenta\u00e7\u00f5es s\u00e3o feitas na Pra\u00e7a Coronel Fernando Prestes, esquina com a Rua Afonso Pena.<\/p>\n<p><strong>Confira a programa\u00e7\u00e3o para esta sexta-feira (19) e s\u00e1bado:<\/strong><\/p>\n<p><em>Sexta (19)<\/em><br \/>\n16h30 \u2013 A casa da Rua Taubkin (Israel)<br \/>\n19h \u2013 Hospital Obrero (Bol\u00edvia)<\/p>\n<p><em>S\u00e1bado (20)<br \/>\n<\/em>14h \u2013 S\u00e3o Paulo SA (Brasil)<br \/>\n16h30 \u2013 Zona Sur (Bol\u00edvia)<br \/>\n19h \u2013 The Host (Coreia do Sul)<\/p>\n<p><em>Fonte: G1<\/em><\/p>\n\n<div style=\"font-size: 0px; height: 0px; line-height: 0px; margin: 0; padding: 0; clear: both;\"><\/div>","protected":false},"excerpt":{"rendered":"<p>O Festival Cine Tela Brasil exibe at\u00e9 s\u00e1bado (20) no bairro Bom Retiro, centro de S\u00e3o Paulo, filmes brasileiros e dos pa\u00edses que constru\u00edram a hist\u00f3ria do bairro. O projeto conta com duas salas itinerantes, com 225 lugares e ar-condicionado. As exibi\u00e7\u00f5es come\u00e7aram na quinta-feira (18). At\u00e9 s\u00e1bado ser\u00e3o exibidos nove filmes produzidos no Brasil, Coreia do Sul, Israel e Bol\u00edvia, \u00e0s 14h, 16h30 e 19h. O Cine Tela Brasil j\u00e1 fez mais de 4,1 mil exibi\u00e7\u00f5es de filmes em todo o pa\u00eds desde 2004. Neste ano, o objetivo dos organizadores \u00e9 percorrer 50 cidades diferentes. As apresenta\u00e7\u00f5es s\u00e3o feitas <\/p>\n","protected":false},"author":1,"featured_media":0,"comment_status":"open","ping_status":"closed","sticky":false,"template":"","format":"standard","meta":{"footnotes":""},"categories":[6],"tags":[14],"class_list":["post-257","post","type-post","status-publish","format-standard","hentry","category-noticias-no-bom-retiro","tag-bom-retiro"],"aioseo_notices":[],"aioseo_head":"\n\t\t<!-- All in One SEO 5.0.0.1 - aioseo.com -->\n\t<meta name=\"description\" content=\"O Festival Cine Tela Brasil exibe at\u00e9 s\u00e1bado (20) no bairro Bom Retiro, centro de S\u00e3o Paulo, filmes brasileiros e dos pa\u00edses que constru\u00edram a hist\u00f3ria do bairro. O projeto conta com duas salas itinerantes, com 225 lugares e ar-condicionado. As exibi\u00e7\u00f5es come\u00e7aram na quinta-feira (18). At\u00e9 s\u00e1bado ser\u00e3o exibidos nove filmes produzidos no Brasil,\" \/>\n\t<meta name=\"robots\" content=\"max-image-preview:large\" \/>\n\t<meta name=\"author\" content=\"Encontra Bom Retiro\"\/>\n\t<link rel=\"canonical\" href=\"https:\/\/www.encontrabomretiro.com.br\/sobre\/festival-exibe-filmes-no-bom-retiro-ate-sabado\/\" \/>\n\t<meta name=\"generator\" content=\"All in One SEO (AIOSEO) 5.0.0.1\" \/>\n\t\t<meta property=\"og:locale\" content=\"pt_BR\" \/>\n\t\t<meta property=\"og:site_name\" content=\"Encontra Bom Retiro | Not\u00edcias, eventos, informa\u00e7\u00f5es e dicas no bairro do Bom Retiro e regi\u00e3o.\" \/>\n\t\t<meta property=\"og:type\" content=\"article\" \/>\n\t\t<meta property=\"og:title\" content=\"Festival exibe filmes no Bom Retiro at\u00e9 s\u00e1bado | Encontra Bom Retiro\" \/>\n\t\t<meta property=\"og:description\" content=\"O Festival Cine Tela Brasil exibe at\u00e9 s\u00e1bado (20) no bairro Bom Retiro, centro de S\u00e3o Paulo, filmes brasileiros e dos pa\u00edses que constru\u00edram a hist\u00f3ria do bairro. O projeto conta com duas salas itinerantes, com 225 lugares e ar-condicionado. As exibi\u00e7\u00f5es come\u00e7aram na quinta-feira (18). At\u00e9 s\u00e1bado ser\u00e3o exibidos nove filmes produzidos no Brasil,\" \/>\n\t\t<meta property=\"og:url\" content=\"https:\/\/www.encontrabomretiro.com.br\/sobre\/festival-exibe-filmes-no-bom-retiro-ate-sabado\/\" \/>\n\t\t<meta property=\"article:published_time\" content=\"2011-08-19T17:43:22+00:00\" \/>\n\t\t<meta property=\"article:modified_time\" content=\"2019-04-29T20:05:04+00:00\" \/>\n\t\t<meta name=\"twitter:card\" content=\"summary_large_image\" \/>\n\t\t<meta name=\"twitter:title\" content=\"Festival exibe filmes no Bom Retiro at\u00e9 s\u00e1bado | Encontra Bom Retiro\" \/>\n\t\t<meta name=\"twitter:description\" content=\"O Festival Cine Tela Brasil exibe at\u00e9 s\u00e1bado (20) no bairro Bom Retiro, centro de S\u00e3o Paulo, filmes brasileiros e dos pa\u00edses que constru\u00edram a hist\u00f3ria do bairro. O projeto conta com duas salas itinerantes, com 225 lugares e ar-condicionado. As exibi\u00e7\u00f5es come\u00e7aram na quinta-feira (18). At\u00e9 s\u00e1bado ser\u00e3o exibidos nove filmes produzidos no Brasil,\" \/>\n\t\t<script type=\"application\/ld+json\" class=\"aioseo-schema\">\n\t\t\t{\"@context\":\"https:\\\/\\\/schema.org\",\"@graph\":[{\"@type\":\"Article\",\"@id\":\"https:\\\/\\\/www.encontrabomretiro.com.br\\\/sobre\\\/festival-exibe-filmes-no-bom-retiro-ate-sabado\\\/#article\",\"name\":\"Festival exibe filmes no Bom Retiro at\\u00e9 s\\u00e1bado | Encontra Bom Retiro\",\"headline\":\"Festival exibe filmes no Bom Retiro at\\u00e9 s\\u00e1bado\",\"author\":{\"@id\":\"https:\\\/\\\/www.encontrabomretiro.com.br\\\/sobre\\\/author\\\/ebomretiro\\\/#author\"},\"publisher\":{\"@id\":\"https:\\\/\\\/www.encontrabomretiro.com.br\\\/sobre\\\/#organization\"},\"datePublished\":\"2011-08-19T15:43:22-02:00\",\"dateModified\":\"2019-04-29T18:05:04-02:00\",\"inLanguage\":\"pt-BR\",\"mainEntityOfPage\":{\"@id\":\"https:\\\/\\\/www.encontrabomretiro.com.br\\\/sobre\\\/festival-exibe-filmes-no-bom-retiro-ate-sabado\\\/#webpage\"},\"isPartOf\":{\"@id\":\"https:\\\/\\\/www.encontrabomretiro.com.br\\\/sobre\\\/festival-exibe-filmes-no-bom-retiro-ate-sabado\\\/#webpage\"},\"articleSection\":\"Not\\u00edcias Bom Retiro, Bom Retiro\"},{\"@type\":\"BreadcrumbList\",\"@id\":\"https:\\\/\\\/www.encontrabomretiro.com.br\\\/sobre\\\/festival-exibe-filmes-no-bom-retiro-ate-sabado\\\/#breadcrumblist\",\"itemListElement\":[{\"@type\":\"ListItem\",\"@id\":\"https:\\\/\\\/www.encontrabomretiro.com.br\\\/sobre#listItem\",\"position\":1,\"name\":\"Dom\\u00e9stica\",\"item\":\"https:\\\/\\\/www.encontrabomretiro.com.br\\\/sobre\",\"nextItem\":{\"@type\":\"ListItem\",\"@id\":\"https:\\\/\\\/www.encontrabomretiro.com.br\\\/sobre\\\/noticias-no-bom-retiro\\\/#listItem\",\"name\":\"Not\\u00edcias Bom Retiro\"}},{\"@type\":\"ListItem\",\"@id\":\"https:\\\/\\\/www.encontrabomretiro.com.br\\\/sobre\\\/noticias-no-bom-retiro\\\/#listItem\",\"position\":2,\"name\":\"Not\\u00edcias Bom Retiro\",\"item\":\"https:\\\/\\\/www.encontrabomretiro.com.br\\\/sobre\\\/noticias-no-bom-retiro\\\/\",\"nextItem\":{\"@type\":\"ListItem\",\"@id\":\"https:\\\/\\\/www.encontrabomretiro.com.br\\\/sobre\\\/festival-exibe-filmes-no-bom-retiro-ate-sabado\\\/#listItem\",\"name\":\"Festival exibe filmes no Bom Retiro at\\u00e9 s\\u00e1bado\"},\"previousItem\":{\"@type\":\"ListItem\",\"@id\":\"https:\\\/\\\/www.encontrabomretiro.com.br\\\/sobre#listItem\",\"name\":\"Dom\\u00e9stica\"}},{\"@type\":\"ListItem\",\"@id\":\"https:\\\/\\\/www.encontrabomretiro.com.br\\\/sobre\\\/festival-exibe-filmes-no-bom-retiro-ate-sabado\\\/#listItem\",\"position\":3,\"name\":\"Festival exibe filmes no Bom Retiro at\\u00e9 s\\u00e1bado\",\"previousItem\":{\"@type\":\"ListItem\",\"@id\":\"https:\\\/\\\/www.encontrabomretiro.com.br\\\/sobre\\\/noticias-no-bom-retiro\\\/#listItem\",\"name\":\"Not\\u00edcias Bom Retiro\"}}]},{\"@type\":\"Organization\",\"@id\":\"https:\\\/\\\/www.encontrabomretiro.com.br\\\/sobre\\\/#organization\",\"name\":\"Encontra Bom Retiro\",\"description\":\"Not\\u00edcias, eventos, informa\\u00e7\\u00f5es e dicas no bairro do Bom Retiro e regi\\u00e3o.\",\"url\":\"https:\\\/\\\/www.encontrabomretiro.com.br\\\/sobre\\\/\"},{\"@type\":\"Person\",\"@id\":\"https:\\\/\\\/www.encontrabomretiro.com.br\\\/sobre\\\/author\\\/ebomretiro\\\/#author\",\"url\":\"https:\\\/\\\/www.encontrabomretiro.com.br\\\/sobre\\\/author\\\/ebomretiro\\\/\",\"name\":\"Encontra Bom Retiro\",\"image\":{\"@type\":\"ImageObject\",\"@id\":\"https:\\\/\\\/www.encontrabomretiro.com.br\\\/sobre\\\/festival-exibe-filmes-no-bom-retiro-ate-sabado\\\/#authorImage\",\"url\":\"https:\\\/\\\/secure.gravatar.com\\\/avatar\\\/507340682b8270222e1f208e23198b6ae7e2c6a1033ae84e99bc6bce4f82a387?s=96&d=mm&r=g\",\"width\":96,\"height\":96,\"caption\":\"Encontra Bom Retiro\"}},{\"@type\":\"WebPage\",\"@id\":\"https:\\\/\\\/www.encontrabomretiro.com.br\\\/sobre\\\/festival-exibe-filmes-no-bom-retiro-ate-sabado\\\/#webpage\",\"url\":\"https:\\\/\\\/www.encontrabomretiro.com.br\\\/sobre\\\/festival-exibe-filmes-no-bom-retiro-ate-sabado\\\/\",\"name\":\"Festival exibe filmes no Bom Retiro at\\u00e9 s\\u00e1bado | Encontra Bom Retiro\",\"description\":\"O Festival Cine Tela Brasil exibe at\\u00e9 s\\u00e1bado (20) no bairro Bom Retiro, centro de S\\u00e3o Paulo, filmes brasileiros e dos pa\\u00edses que constru\\u00edram a hist\\u00f3ria do bairro. O projeto conta com duas salas itinerantes, com 225 lugares e ar-condicionado. As exibi\\u00e7\\u00f5es come\\u00e7aram na quinta-feira (18). At\\u00e9 s\\u00e1bado ser\\u00e3o exibidos nove filmes produzidos no Brasil,\",\"inLanguage\":\"pt-BR\",\"isPartOf\":{\"@id\":\"https:\\\/\\\/www.encontrabomretiro.com.br\\\/sobre\\\/#website\"},\"breadcrumb\":{\"@id\":\"https:\\\/\\\/www.encontrabomretiro.com.br\\\/sobre\\\/festival-exibe-filmes-no-bom-retiro-ate-sabado\\\/#breadcrumblist\"},\"author\":{\"@id\":\"https:\\\/\\\/www.encontrabomretiro.com.br\\\/sobre\\\/author\\\/ebomretiro\\\/#author\"},\"creator\":{\"@id\":\"https:\\\/\\\/www.encontrabomretiro.com.br\\\/sobre\\\/author\\\/ebomretiro\\\/#author\"},\"datePublished\":\"2011-08-19T15:43:22-02:00\",\"dateModified\":\"2019-04-29T18:05:04-02:00\"},{\"@type\":\"WebSite\",\"@id\":\"https:\\\/\\\/www.encontrabomretiro.com.br\\\/sobre\\\/#website\",\"url\":\"https:\\\/\\\/www.encontrabomretiro.com.br\\\/sobre\\\/\",\"name\":\"Encontra Bom Retiro\",\"description\":\"Not\\u00edcias, eventos, informa\\u00e7\\u00f5es e dicas no bairro do Bom Retiro e regi\\u00e3o.\",\"inLanguage\":\"pt-BR\",\"publisher\":{\"@id\":\"https:\\\/\\\/www.encontrabomretiro.com.br\\\/sobre\\\/#organization\"}}]}\n\t\t<\/script>\n\t\t<!-- All in One SEO -->\n\n","aioseo_head_json":{"title":"Festival exibe filmes no Bom Retiro at\u00e9 s\u00e1bado | Encontra Bom Retiro","description":"O Festival Cine Tela Brasil exibe at\u00e9 s\u00e1bado (20) no bairro Bom Retiro, centro de S\u00e3o Paulo, filmes brasileiros e dos pa\u00edses que constru\u00edram a hist\u00f3ria do bairro. O projeto conta com duas salas itinerantes, com 225 lugares e ar-condicionado. As exibi\u00e7\u00f5es come\u00e7aram na quinta-feira (18). At\u00e9 s\u00e1bado ser\u00e3o exibidos nove filmes produzidos no Brasil,","canonical_url":"https:\/\/www.encontrabomretiro.com.br\/sobre\/festival-exibe-filmes-no-bom-retiro-ate-sabado\/","robots":"max-image-preview:large","keywords":"","webmasterTools":{"miscellaneous":""},"schema":{"@context":"https:\/\/schema.org","@graph":[{"@type":"Article","@id":"https:\/\/www.encontrabomretiro.com.br\/sobre\/festival-exibe-filmes-no-bom-retiro-ate-sabado\/#article","name":"Festival exibe filmes no Bom Retiro at\u00e9 s\u00e1bado | Encontra Bom Retiro","headline":"Festival exibe filmes no Bom Retiro at\u00e9 s\u00e1bado","author":{"@id":"https:\/\/www.encontrabomretiro.com.br\/sobre\/author\/ebomretiro\/#author"},"publisher":{"@id":"https:\/\/www.encontrabomretiro.com.br\/sobre\/#organization"},"datePublished":"2011-08-19T15:43:22-02:00","dateModified":"2019-04-29T18:05:04-02:00","inLanguage":"pt-BR","mainEntityOfPage":{"@id":"https:\/\/www.encontrabomretiro.com.br\/sobre\/festival-exibe-filmes-no-bom-retiro-ate-sabado\/#webpage"},"isPartOf":{"@id":"https:\/\/www.encontrabomretiro.com.br\/sobre\/festival-exibe-filmes-no-bom-retiro-ate-sabado\/#webpage"},"articleSection":"Not\u00edcias Bom Retiro, Bom Retiro"},{"@type":"BreadcrumbList","@id":"https:\/\/www.encontrabomretiro.com.br\/sobre\/festival-exibe-filmes-no-bom-retiro-ate-sabado\/#breadcrumblist","itemListElement":[{"@type":"ListItem","@id":"https:\/\/www.encontrabomretiro.com.br\/sobre#listItem","position":1,"name":"Dom\u00e9stica","item":"https:\/\/www.encontrabomretiro.com.br\/sobre","nextItem":{"@type":"ListItem","@id":"https:\/\/www.encontrabomretiro.com.br\/sobre\/noticias-no-bom-retiro\/#listItem","name":"Not\u00edcias Bom Retiro"}},{"@type":"ListItem","@id":"https:\/\/www.encontrabomretiro.com.br\/sobre\/noticias-no-bom-retiro\/#listItem","position":2,"name":"Not\u00edcias Bom Retiro","item":"https:\/\/www.encontrabomretiro.com.br\/sobre\/noticias-no-bom-retiro\/","nextItem":{"@type":"ListItem","@id":"https:\/\/www.encontrabomretiro.com.br\/sobre\/festival-exibe-filmes-no-bom-retiro-ate-sabado\/#listItem","name":"Festival exibe filmes no Bom Retiro at\u00e9 s\u00e1bado"},"previousItem":{"@type":"ListItem","@id":"https:\/\/www.encontrabomretiro.com.br\/sobre#listItem","name":"Dom\u00e9stica"}},{"@type":"ListItem","@id":"https:\/\/www.encontrabomretiro.com.br\/sobre\/festival-exibe-filmes-no-bom-retiro-ate-sabado\/#listItem","position":3,"name":"Festival exibe filmes no Bom Retiro at\u00e9 s\u00e1bado","previousItem":{"@type":"ListItem","@id":"https:\/\/www.encontrabomretiro.com.br\/sobre\/noticias-no-bom-retiro\/#listItem","name":"Not\u00edcias Bom Retiro"}}]},{"@type":"Organization","@id":"https:\/\/www.encontrabomretiro.com.br\/sobre\/#organization","name":"Encontra Bom Retiro","description":"Not\u00edcias, eventos, informa\u00e7\u00f5es e dicas no bairro do Bom Retiro e regi\u00e3o.","url":"https:\/\/www.encontrabomretiro.com.br\/sobre\/"},{"@type":"Person","@id":"https:\/\/www.encontrabomretiro.com.br\/sobre\/author\/ebomretiro\/#author","url":"https:\/\/www.encontrabomretiro.com.br\/sobre\/author\/ebomretiro\/","name":"Encontra Bom Retiro","image":{"@type":"ImageObject","@id":"https:\/\/www.encontrabomretiro.com.br\/sobre\/festival-exibe-filmes-no-bom-retiro-ate-sabado\/#authorImage","url":"https:\/\/secure.gravatar.com\/avatar\/507340682b8270222e1f208e23198b6ae7e2c6a1033ae84e99bc6bce4f82a387?s=96&d=mm&r=g","width":96,"height":96,"caption":"Encontra Bom Retiro"}},{"@type":"WebPage","@id":"https:\/\/www.encontrabomretiro.com.br\/sobre\/festival-exibe-filmes-no-bom-retiro-ate-sabado\/#webpage","url":"https:\/\/www.encontrabomretiro.com.br\/sobre\/festival-exibe-filmes-no-bom-retiro-ate-sabado\/","name":"Festival exibe filmes no Bom Retiro at\u00e9 s\u00e1bado | Encontra Bom Retiro","description":"O Festival Cine Tela Brasil exibe at\u00e9 s\u00e1bado (20) no bairro Bom Retiro, centro de S\u00e3o Paulo, filmes brasileiros e dos pa\u00edses que constru\u00edram a hist\u00f3ria do bairro. O projeto conta com duas salas itinerantes, com 225 lugares e ar-condicionado. As exibi\u00e7\u00f5es come\u00e7aram na quinta-feira (18). At\u00e9 s\u00e1bado ser\u00e3o exibidos nove filmes produzidos no Brasil,","inLanguage":"pt-BR","isPartOf":{"@id":"https:\/\/www.encontrabomretiro.com.br\/sobre\/#website"},"breadcrumb":{"@id":"https:\/\/www.encontrabomretiro.com.br\/sobre\/festival-exibe-filmes-no-bom-retiro-ate-sabado\/#breadcrumblist"},"author":{"@id":"https:\/\/www.encontrabomretiro.com.br\/sobre\/author\/ebomretiro\/#author"},"creator":{"@id":"https:\/\/www.encontrabomretiro.com.br\/sobre\/author\/ebomretiro\/#author"},"datePublished":"2011-08-19T15:43:22-02:00","dateModified":"2019-04-29T18:05:04-02:00"},{"@type":"WebSite","@id":"https:\/\/www.encontrabomretiro.com.br\/sobre\/#website","url":"https:\/\/www.encontrabomretiro.com.br\/sobre\/","name":"Encontra Bom Retiro","description":"Not\u00edcias, eventos, informa\u00e7\u00f5es e dicas no bairro do Bom Retiro e regi\u00e3o.","inLanguage":"pt-BR","publisher":{"@id":"https:\/\/www.encontrabomretiro.com.br\/sobre\/#organization"}}]},"og:locale":"pt_BR","og:site_name":"Encontra Bom Retiro | Not\u00edcias, eventos, informa\u00e7\u00f5es e dicas no bairro do Bom Retiro e regi\u00e3o.","og:type":"article","og:title":"Festival exibe filmes no Bom Retiro at\u00e9 s\u00e1bado | Encontra Bom Retiro","og:description":"O Festival Cine Tela Brasil exibe at\u00e9 s\u00e1bado (20) no bairro Bom Retiro, centro de S\u00e3o Paulo, filmes brasileiros e dos pa\u00edses que constru\u00edram a hist\u00f3ria do bairro. O projeto conta com duas salas itinerantes, com 225 lugares e ar-condicionado. As exibi\u00e7\u00f5es come\u00e7aram na quinta-feira (18). At\u00e9 s\u00e1bado ser\u00e3o exibidos nove filmes produzidos no Brasil,","og:url":"https:\/\/www.encontrabomretiro.com.br\/sobre\/festival-exibe-filmes-no-bom-retiro-ate-sabado\/","article:published_time":"2011-08-19T17:43:22+00:00","article:modified_time":"2019-04-29T20:05:04+00:00","twitter:card":"summary_large_image","twitter:title":"Festival exibe filmes no Bom Retiro at\u00e9 s\u00e1bado | Encontra Bom Retiro","twitter:description":"O Festival Cine Tela Brasil exibe at\u00e9 s\u00e1bado (20) no bairro Bom Retiro, centro de S\u00e3o Paulo, filmes brasileiros e dos pa\u00edses que constru\u00edram a hist\u00f3ria do bairro. O projeto conta com duas salas itinerantes, com 225 lugares e ar-condicionado. As exibi\u00e7\u00f5es come\u00e7aram na quinta-feira (18). At\u00e9 s\u00e1bado ser\u00e3o exibidos nove filmes produzidos no Brasil,"},"aioseo_meta_data":{"post_id":"257","title":null,"description":null,"keywords":null,"keyphrases":null,"primary_term":null,"canonical_url":null,"og_title":null,"og_description":null,"og_object_type":"default","og_image_type":"default","og_image_url":null,"og_image_width":null,"og_image_height":null,"og_image_custom_url":null,"og_image_custom_fields":null,"og_video":null,"og_custom_url":null,"og_article_section":null,"og_article_tags":null,"twitter_use_og":false,"twitter_card":"default","twitter_image_type":"default","twitter_image_url":null,"twitter_image_custom_url":null,"twitter_image_custom_fields":null,"twitter_title":null,"twitter_description":null,"schema":{"blockGraphs":[],"customGraphs":[],"default":{"data":{"Article":[],"Course":[],"Dataset":[],"FAQPage":[],"Movie":[],"Person":[],"Product":[],"ProductReview":[],"Car":[],"Recipe":[],"Service":[],"SoftwareApplication":[],"WebPage":[]},"graphName":"","isEnabled":true},"graphs":[]},"schema_type":"default","schema_type_options":null,"pillar_content":false,"robots_default":true,"robots_noindex":false,"robots_noarchive":false,"robots_nosnippet":false,"robots_nofollow":false,"robots_noimageindex":false,"robots_noodp":false,"robots_notranslate":false,"robots_max_snippet":null,"robots_max_videopreview":null,"robots_max_imagepreview":"large","priority":null,"frequency":null,"local_seo":null,"breadcrumb_settings":null,"limit_modified_date":false,"ai":null,"created":"2023-10-16 13:05:38","updated":"2025-10-03 13:37:24","focus_keyword":null,"additional_keywords":null,"truseo_locale":null,"seo_analyzer_scan_date":null},"aioseo_breadcrumb":"<div class=\"aioseo-breadcrumbs\"><span class=\"aioseo-breadcrumb\">\n\t\t\t<a href=\"https:\/\/www.encontrabomretiro.com.br\/sobre\" title=\"Dom\u00e9stica\">Dom\u00e9stica<\/a>\n\t\t<\/span><span class=\"aioseo-breadcrumb-separator\">&raquo;<\/span><span class=\"aioseo-breadcrumb\">\n\t\t\t<a href=\"https:\/\/www.encontrabomretiro.com.br\/sobre\/noticias-no-bom-retiro\/\" title=\"Not\u00edcias Bom Retiro\">Not\u00edcias Bom Retiro<\/a>\n\t\t<\/span><span class=\"aioseo-breadcrumb-separator\">&raquo;<\/span><span class=\"aioseo-breadcrumb\">\n\t\t\tFestival exibe filmes no Bom Retiro at\u00e9 s\u00e1bado\n\t\t<\/span><\/div>","aioseo_breadcrumb_json":[{"label":"Dom\u00e9stica","link":"https:\/\/www.encontrabomretiro.com.br\/sobre"},{"label":"Not\u00edcias Bom Retiro","link":"https:\/\/www.encontrabomretiro.com.br\/sobre\/noticias-no-bom-retiro\/"},{"label":"Festival exibe filmes no Bom Retiro at\u00e9 s\u00e1bado","link":"https:\/\/www.encontrabomretiro.com.br\/sobre\/festival-exibe-filmes-no-bom-retiro-ate-sabado\/"}],"_links":{"self":[{"href":"https:\/\/www.encontrabomretiro.com.br\/sobre\/wp-json\/wp\/v2\/posts\/257","targetHints":{"allow":["GET"]}}],"collection":[{"href":"https:\/\/www.encontrabomretiro.com.br\/sobre\/wp-json\/wp\/v2\/posts"}],"about":[{"href":"https:\/\/www.encontrabomretiro.com.br\/sobre\/wp-json\/wp\/v2\/types\/post"}],"author":[{"embeddable":true,"href":"https:\/\/www.encontrabomretiro.com.br\/sobre\/wp-json\/wp\/v2\/users\/1"}],"replies":[{"embeddable":true,"href":"https:\/\/www.encontrabomretiro.com.br\/sobre\/wp-json\/wp\/v2\/comments?post=257"}],"version-history":[{"count":0,"href":"https:\/\/www.encontrabomretiro.com.br\/sobre\/wp-json\/wp\/v2\/posts\/257\/revisions"}],"wp:attachment":[{"href":"https:\/\/www.encontrabomretiro.com.br\/sobre\/wp-json\/wp\/v2\/media?parent=257"}],"wp:term":[{"taxonomy":"category","embeddable":true,"href":"https:\/\/www.encontrabomretiro.com.br\/sobre\/wp-json\/wp\/v2\/categories?post=257"},{"taxonomy":"post_tag","embeddable":true,"href":"https:\/\/www.encontrabomretiro.com.br\/sobre\/wp-json\/wp\/v2\/tags?post=257"}],"curies":[{"name":"wp","href":"https:\/\/api.w.org\/{rel}","templated":true}]}}