{"id":2566,"date":"2026-03-23T09:55:52","date_gmt":"2026-03-23T11:55:52","guid":{"rendered":"https:\/\/www.encontrabomretiro.com.br\/sobre\/como-apartamentos-em-sao-paulo-financiados-pelo-minha-casa-minha-vida-vao-parar-no-airbnb\/"},"modified":"2026-03-23T09:55:52","modified_gmt":"2026-03-23T11:55:52","slug":"como-apartamentos-em-sao-paulo-financiados-pelo-minha-casa-minha-vida-vao-parar-no-airbnb","status":"publish","type":"post","link":"https:\/\/www.encontrabomretiro.com.br\/sobre\/como-apartamentos-em-sao-paulo-financiados-pelo-minha-casa-minha-vida-vao-parar-no-airbnb\/","title":{"rendered":"Como apartamentos em S\u00e3o Paulo financiados pelo Minha Casa Minha Vida v\u00e3o parar no Airbnb"},"content":{"rendered":"<div class=\"228b65ae207de3c5c501cfe75875708b\" data-index=\"1\" style=\"float: none; margin:0px;\">\n<!-- Anuncio display - global -->\r\n<ins class=\"adsbygoogle\"\r\n     style=\"display:block\"\r\n     data-ad-client=\"ca-pub-8585364105181520\"\r\n     data-ad-slot=\"8789329856\"\r\n     data-ad-format=\"auto\"\r\n     data-full-width-responsive=\"true\"><\/ins>\r\n<script>\r\n     (adsbygoogle = window.adsbygoogle || []).push({});\r\n<\/script>\n<\/div>\n<h2>O programa Minha Casa, Minha Vida e suas novas diretrizes<\/h2>\n<p>O programa Minha Casa, Minha Vida, que por muito tempo foi associado \u00e0 constru\u00e7\u00e3o de habita\u00e7\u00f5es em \u00e1reas perif\u00e9ricas, recentemente come\u00e7ou a expandir sua atua\u00e7\u00e3o para incluir bairros centrais de S\u00e3o Paulo. Essa mudan\u00e7a de foco vem acompanhada de preocupa\u00e7\u00f5es sobre o uso real dos im\u00f3veis gerados pelo programa, especialmente no que diz respeito \u00e0 moradia.<\/p>\n<h2>Investiga\u00e7\u00e3o sobre o uso de apartamentos em plataformas de loca\u00e7\u00e3o<\/h2>\n<p>Uma an\u00e1lise realizada pela BBC News Brasil revelou que diversos apartamentos financiados pelo Minha Casa, Minha Vida nas \u00e1reas centrais est\u00e3o sendo utilizados como acomoda\u00e7\u00f5es tempor\u00e1rias, principalmente para turistas, ao inv\u00e9s de servirem ao objetivo primordial de fornecer habita\u00e7\u00e3o para fam\u00edlias de baixa renda. O levantamento tamb\u00e9m detectou brechas legais que possibilitam essa convers\u00e3o, permitindo que im\u00f3veis inicialmente destinados a moradia estejam dispon\u00edveis em plataformas como o Airbnb.<\/p>\n<h2>Restri\u00e7\u00f5es em grandes cidades<\/h2>\n<p>O Airbnb, por ser um poderoso ator no mercado de aluguel de curto prazo, enfrenta regulamenta\u00e7\u00f5es em v\u00e1rias cidades ao redor do mundo. Locais como Berlim, Nova York e Barcelona impuseram limita\u00e7\u00f5es ao uso da plataforma, alegando que sua atua\u00e7\u00e3o reduz a oferta de moradias e pressiona o aumento dos pre\u00e7os de aluguel, algo que a empresa nega. Embora ainda haja escassez de estudos sobre como o Airbnb impacta S\u00e3o Paulo, a investiga\u00e7\u00e3o da BBC ressaltou que muitos apartamentos financiados pelo programa est\u00e3o anunciados na plataforma.<\/p>\n<h2>Atividades de fiscaliza\u00e7\u00e3o e descobertas<\/h2>\n<p>Um rep\u00f3rter da BBC News Brasil, atuando como um potencial comprador interessado em investir em im\u00f3veis para uso no Airbnb, visitou edif\u00edcios constru\u00eddos sob os incentivos do Minha Casa, Minha Vida. Em conversa com corretores, foi revelado que at\u00e9 50% dos apartamentos em algumas propriedades poderiam estar listados para loca\u00e7\u00e3o tempor\u00e1ria, contrariando o prop\u00f3sito de habita\u00e7\u00e3o do programa.<\/p>\n<h2>A proibi\u00e7\u00e3o da loca\u00e7\u00e3o tempor\u00e1ria<\/h2>\n<p>Em resposta a essa quest\u00e3o, a prefeitura de S\u00e3o Paulo anunciou em maio de 2025 um decreto que pro\u00edbe a loca\u00e7\u00e3o tempor\u00e1ria de im\u00f3veis classificados como Habita\u00e7\u00f5es de Interesse Social (HIS). Esta medida surgiu ap\u00f3s investiga\u00e7\u00f5es que mostraram que essas unidades estavam sendo adquiridas por indiv\u00edduos de alta renda, o que prejudica o objetivo do programa de atender a popula\u00e7\u00e3o de baixa renda.<\/p>\n<h2>O impacto do Minha Casa, Minha Vida no mercado imobili\u00e1rio<\/h2>\n<p>Atualmente, o Minha Casa, Minha Vida se destaca como um dos principais impulsionadores do setor imobili\u00e1rio no Brasil. Em S\u00e3o Paulo, entre agosto de 2024 e julho de 2025, aproximadamente 70 mil apartamentos foram vendidos atrav\u00e9s do programa, representando 60% das vendas de im\u00f3veis na cidade. Fam\u00edlias com renda de at\u00e9 R$ 2.850 podem financiar im\u00f3veis com at\u00e9 95% de desconto, facilitando o acesso \u00e0 habita\u00e7\u00e3o.<\/p>\n<h2>Caracter\u00edsticas das novas constru\u00e7\u00f5es<\/h2>\n<p>Pesquisas apontam um crescimento significativo na constru\u00e7\u00e3o de apartamentos pequenos, com at\u00e9 35 metros quadrados, especialmente em \u00e1reas centrais. Esses est\u00fadios, frequentemente classificados como microapartamentos, s\u00e3o cada vez mais comuns. No entanto, especialistas criticam essa tend\u00eancia, afirmando que a redu\u00e7\u00e3o do espa\u00e7o pode comprometer a qualidade de vida das fam\u00edlias que realmente necessitam de moradia adequada.<\/p>\n<h2>Desafios enfrentados por fam\u00edlias<\/h2>\n<p>De acordo com dados do Censo de 2022, uma fam\u00edlia brasileira, em m\u00e9dia, possui 2,8 integrantes. Assim, a realidade de viver em \u00e1reas t\u00e3o reduzidas levanta questionamentos sobre a qualidade de vida. Muitas unidades n\u00e3o apresentam divis\u00f5es internas adequadas e obrigam todos os moradores a compartilhar um \u00fanico ambiente, o que n\u00e3o atende \u00e0s necessidades de moradia digna.<\/p>\n<h2>Identifica\u00e7\u00e3o de fraudes e irregularidades<\/h2>\n<p>A proibi\u00e7\u00e3o do aluguel tempor\u00e1rio de unidades HIS foi uma resposta a fraudes e irregularidades detectadas pelo governo. Den\u00fancias de aquisi\u00e7\u00f5es em massa por investidores foram feitas, revelando que essas propriedades n\u00e3o est\u00e3o sendo usadas para o seu prop\u00f3sito de habita\u00e7\u00e3o. Em um estudo de 2025, identificou-se um padr\u00e3o de convers\u00e3o de im\u00f3veis com moradia para loca\u00e7\u00f5es, refor\u00e7ando a segrega\u00e7\u00e3o socioespacial.<\/p>\n<h2>Consequ\u00eancias das proibi\u00e7\u00f5es municipais<\/h2>\n<p>Com a imposi\u00e7\u00e3o de novas regras, o Minist\u00e9rio P\u00fablico de S\u00e3o Paulo est\u00e1 investigando milhares de poss\u00edveis fraudes envolvendo a compra de habita\u00e7\u00f5es de interesse social. Ao mesmo tempo, a prefeitura continua sua fiscaliza\u00e7\u00e3o ativa sobre cerca de 90 mil moradias na cidade, tendo aplicado notifica\u00e7\u00f5es e multas por irregularidades.<\/p>\n<h2>Iniciativas de fiscaliza\u00e7\u00e3o e regulamenta\u00e7\u00e3o<\/h2>\n<p>As a\u00e7\u00f5es de fiscaliza\u00e7\u00e3o levadas a cabo pela prefeitura, que resultaram em numerosas notifica\u00e7\u00f5es e penalidades, s\u00e3o tentativas de garantir a execu\u00e7\u00e3o justa das pol\u00edticas habitacionais. Assim, as normas de ocupa\u00e7\u00e3o se tornaram ainda mais rigorosas, visando assegurar que os im\u00f3veis financiados pelo Minha Casa, Minha Vida sejam utilizados conforme estabelecido e n\u00e3o como alojamentos tempor\u00e1rios.<\/p>\n<h2>Debate sobre pol\u00edticas de habita\u00e7\u00e3o social<\/h2>\n<p>O debate sobre as pol\u00edticas habitacionais se intensifica \u00e0 medida que as lacunas e falhas no programa se tornam mais evidentes. Especialistas e ativistas argumentam que \u00e9 crucial garantir que as habita\u00e7\u00f5es realmente beneficiem as fam\u00edlias que precisam, em vez de serem desviadas para fins lucrativos por investidores. A arquitetura social e as diretrizes de financiamento precisam ser revistas para assegurar que a constru\u00e7\u00e3o de moradias populares realmente consiga atender \u00e0 demanda social.<\/p>\n\n<div style=\"font-size: 0px; height: 0px; line-height: 0px; margin: 0; padding: 0; clear: both;\"><\/div>","protected":false},"excerpt":{"rendered":"<p>Entenda como im\u00f3veis financiados pelo Minha Casa, Minha Vida est\u00e3o sendo utilizados como aluguel de temporada.<\/p>\n","protected":false},"author":1,"featured_media":0,"comment_status":"open","ping_status":"closed","sticky":false,"template":"","format":"standard","meta":{"footnotes":""},"categories":[4],"tags":[],"class_list":["post-2566","post","type-post","status-publish","format-standard","hentry","category-empregos-no-bom-retiro"],"aioseo_notices":[],"_links":{"self":[{"href":"https:\/\/www.encontrabomretiro.com.br\/sobre\/wp-json\/wp\/v2\/posts\/2566","targetHints":{"allow":["GET"]}}],"collection":[{"href":"https:\/\/www.encontrabomretiro.com.br\/sobre\/wp-json\/wp\/v2\/posts"}],"about":[{"href":"https:\/\/www.encontrabomretiro.com.br\/sobre\/wp-json\/wp\/v2\/types\/post"}],"author":[{"embeddable":true,"href":"https:\/\/www.encontrabomretiro.com.br\/sobre\/wp-json\/wp\/v2\/users\/1"}],"replies":[{"embeddable":true,"href":"https:\/\/www.encontrabomretiro.com.br\/sobre\/wp-json\/wp\/v2\/comments?post=2566"}],"version-history":[{"count":0,"href":"https:\/\/www.encontrabomretiro.com.br\/sobre\/wp-json\/wp\/v2\/posts\/2566\/revisions"}],"wp:attachment":[{"href":"https:\/\/www.encontrabomretiro.com.br\/sobre\/wp-json\/wp\/v2\/media?parent=2566"}],"wp:term":[{"taxonomy":"category","embeddable":true,"href":"https:\/\/www.encontrabomretiro.com.br\/sobre\/wp-json\/wp\/v2\/categories?post=2566"},{"taxonomy":"post_tag","embeddable":true,"href":"https:\/\/www.encontrabomretiro.com.br\/sobre\/wp-json\/wp\/v2\/tags?post=2566"}],"curies":[{"name":"wp","href":"https:\/\/api.w.org\/{rel}","templated":true}]}}