{"id":2556,"date":"2026-03-19T09:57:50","date_gmt":"2026-03-19T11:57:50","guid":{"rendered":"https:\/\/www.encontrabomretiro.com.br\/sobre\/universidade-zumbi-dos-palmares-lanca-projeto-nacional-de-formacao-de-trancistas-com-o-apoio-do-ministerio\/"},"modified":"2026-03-19T09:57:50","modified_gmt":"2026-03-19T11:57:50","slug":"universidade-zumbi-dos-palmares-lanca-projeto-nacional-de-formacao-de-trancistas-com-o-apoio-do-ministerio","status":"publish","type":"post","link":"https:\/\/www.encontrabomretiro.com.br\/sobre\/universidade-zumbi-dos-palmares-lanca-projeto-nacional-de-formacao-de-trancistas-com-o-apoio-do-ministerio\/","title":{"rendered":"Universidade Zumbi dos Palmares lan\u00e7a projeto nacional de forma\u00e7\u00e3o de trancistas com o apoio do Minist\u00e9rio&#8230;"},"content":{"rendered":"<div class=\"228b65ae207de3c5c501cfe75875708b\" data-index=\"1\" style=\"float: none; margin:0px;\">\n<!-- Anuncio display - global -->\r\n<ins class=\"adsbygoogle\"\r\n     style=\"display:block\"\r\n     data-ad-client=\"ca-pub-8585364105181520\"\r\n     data-ad-slot=\"8789329856\"\r\n     data-ad-format=\"auto\"\r\n     data-full-width-responsive=\"true\"><\/ins>\r\n<script>\r\n     (adsbygoogle = window.adsbygoogle || []).push({});\r\n<\/script>\n<\/div>\n<h2>O que \u00e9 o Projeto Tran\u00e7ando Futuros?<\/h2>\n<p>O Projeto <strong>Tran\u00e7ando Futuros<\/strong> \u00e9 uma iniciativa da Universidade Zumbi dos Palmares, que visa proporcionar forma\u00e7\u00e3o gratuita em tran\u00e7as afro. Este programa \u00e9 realizado em colabora\u00e7\u00e3o com o <strong>Minist\u00e9rio do Empreendedorismo, da Microempresa e da Empresa de Pequeno Porte (MEMP)<\/strong>, al\u00e9m da <strong>Universidade Federal de S\u00e3o Paulo (Unifesp)<\/strong>. Com a proposta de promover a inclus\u00e3o produtiva, empoderar mulheres e valorizar a identidade negra, o projeto almeja impactar positivamente a vida de muitas mulheres atrav\u00e9s do aprendizado de t\u00e9cnicas espec\u00edficas para a profiss\u00e3o de trancista.<\/p>\n<h2>Objetivos do projeto de forma\u00e7\u00e3o<\/h2>\n<p>O projeto busca estabelecer metas claras e eficazes. Entre os principais objetivos, est\u00e3o:<\/p>\n<ul>\n<li><strong>Formar 1.000 mulheres negras:<\/strong> Durante o ano, busca-se capacitar mil mulheres, oferecendo conhecimento te\u00f3rico e pr\u00e1tico sobre tran\u00e7as afro-brasileiras.<\/li>\n<li><strong>Fomentar o empreendedorismo:<\/strong> O curso n\u00e3o se limita ao aprendizado mec\u00e2nico; inclui conte\u00fados sobre como abrir uma microempresa individual (MEI) e gest\u00e3o financeira.<\/li>\n<li><strong>Aumentar a autonomia profissional:<\/strong> A forma\u00e7\u00e3o \u00e9 estruturada para garantir que as alunas possam se sustentar e estabelecer seu pr\u00f3prio neg\u00f3cio.<\/li>\n<\/ul>\n<h2>Quem pode participar do curso de trancistas?<\/h2>\n<p>O curso, destinado a <strong>mulheres negras<\/strong>, abre suas portas para todas que desejam se profissionalizar na arte de tran\u00e7ar cabelos. N\u00e3o h\u00e1 requisitos acad\u00eamicos pr\u00e9vios; o foco \u00e9 na vontade de aprender e na busca por autonomia financeira. Este aspecto inclusivo \u00e9 uma das grandes for\u00e7as do projeto, permitindo que mulheres de diversas origens e situa\u00e7\u00f5es sociais tenham a oportunidade de crescer e progredir profissionalmente.<\/p>\n<h2>Data e local do lan\u00e7amento<\/h2>\n<p>O lan\u00e7amento do Projeto <strong>Tran\u00e7ando Futuros<\/strong> ocorrer\u00e1 no dia <strong>5 de mar\u00e7o<\/strong>, \u00e0s <strong>19h30<\/strong>, no Sal\u00e3o Nobre da Universidade Zumbi dos Palmares, localizada na <strong>Avenida Santos Dumont, 843 \u2013 Bom Retiro \u2013 S\u00e3o Paulo (SP)<\/strong>. Este evento contar\u00e1 com a presen\u00e7a de diversas autoridades, incluindo o <strong>Ministro do Empreendedorismo<\/strong>, <strong>M\u00e1rcio Fran\u00e7a<\/strong>, e o reitor da universidade, <strong>professor-doutor Jos\u00e9 Vicente<\/strong>.<\/p>\n<h2>Import\u00e2ncia do empoderamento feminino<\/h2>\n<p>O empoderamento feminino \u00e9 uma quest\u00e3o central no mundo contempor\u00e2neo. O projeto visa n\u00e3o apenas ensinar uma profiss\u00e3o, mas tamb\u00e9m ajudar as mulheres a se tornarem agentes de mudan\u00e7a em suas comunidades. Quando as mulheres s\u00e3o empoderadas financeiramente, elas t\u00eam mais poder de decis\u00e3o em suas vidas e podem contribuir significativamente para a estrutura social ao seu redor. Isso inclui a capacidade de quebrar ciclos de viol\u00eancia e vulnerabilidade.<\/p>\n<h2>Parceria com o Minist\u00e9rio do Empreendedorismo<\/h2>\n<p>A colabora\u00e7\u00e3o com o <strong>MEMP<\/strong> \u00e9 essencial para o sucesso do <strong>Projeto Tran\u00e7ando Futuros<\/strong>. Al\u00e9m de financiar a forma\u00e7\u00e3o das alunas, o minist\u00e9rio assegura que as participantes tenham acesso ao transporte e a um kit b\u00e1sico com materiais necess\u00e1rios para iniciar suas atividades como trancistas. Essa parceria demonstra um compromisso do governo em apoiar iniciativas que visam a inclus\u00e3o e a valoriza\u00e7\u00e3o da cultura afro-brasileira.<\/p>\n<h2>Benef\u00edcios da forma\u00e7\u00e3o para mulheres negras<\/h2>\n<p>A forma\u00e7\u00e3o no projeto oferece in\u00fameros benef\u00edcios, entre os quais se destacam:<\/p>\n<ul>\n<li><strong>Ana sa\u00fade financeira:<\/strong> As participantes poder\u00e3o gerar sua pr\u00f3pria renda, o que \u00e9 um passo vital rumo \u00e0 independ\u00eancia econ\u00f4mica.<\/li>\n<li><strong>Valoriza\u00e7\u00e3o da identidade cultural:<\/strong> A pr\u00e1tica de tran\u00e7ar \u00e9 uma forma de afirma\u00e7\u00e3o da cultura afro-brasileira, ajudando a promover a autoestima e orgulho na identidade negra.<\/li>\n<li><strong>Rede de apoio:<\/strong> Al\u00e9m do aprendizado t\u00e9cnico, as alunas ter\u00e3o a oportunidade de construir uma rede de contatos com outras mulheres, fortalecendo la\u00e7os e apoiando o crescimento m\u00fatuo.<\/li>\n<\/ul>\n<h2>Processo de inscri\u00e7\u00e3o para o curso<\/h2>\n<p>O processo de inscri\u00e7\u00e3o para o <strong>Projeto Tran\u00e7ando Futuros<\/strong> \u00e9 simples e acess\u00edvel. As interessadas devem se inscrever atrav\u00e9s do site oficial da Universidade Zumbi dos Palmares ou diretamente durante o evento de lan\u00e7amento, onde mais informa\u00e7\u00f5es sobre o curso e os requisitos adicionais poder\u00e3o ser obtidas. \u00c9 importante estar atenta \u00e0s datas e \u00e0 disponibilidade das vagas, j\u00e1 que o n\u00famero de participantes \u00e9 limitado.<\/p>\n<h2>Impacto social da profiss\u00e3o de trancista<\/h2>\n<p>Trabalhar como trancista vai al\u00e9m de um simples of\u00edcio. Essa profiss\u00e3o tem um impacto social significativo, especialmente no contexto da valoriza\u00e7\u00e3o da cultura e identidade afro-brasileira. A profiss\u00e3o de trancista n\u00e3o apenas gera renda, mas tamb\u00e9m atua como um meio de afirma\u00e7\u00e3o cultural, promovendo a aceita\u00e7\u00e3o e a autoestima entre suas clientes. Ao inserir a profiss\u00e3o no mercado formal, o projeto potencializa a visibilidade e o respeito por essa arte t\u00e3o rica.<\/p>\n<h2>A valoriza\u00e7\u00e3o da cultura afro-brasileira<\/h2>\n<p>Valorizando as t\u00e9cnicas de tran\u00e7as afro, o projeto contribui para o reconhecimento de sua import\u00e2ncia dentro da cultura brasileira. As tran\u00e7as s\u00e3o mais do que rem\u00e9dios est\u00e9ticos; elas representam hist\u00f3rias, tradi\u00e7\u00f5es, e conex\u00f5es com a ancestralidade. Essa valoriza\u00e7\u00e3o \u00e9 essencial para combater estigmas e promover orgulho na identidade negra.<\/p>\n\n<div style=\"font-size: 0px; height: 0px; line-height: 0px; margin: 0; padding: 0; clear: both;\"><\/div>","protected":false},"excerpt":{"rendered":"<p>Universidade Zumbi dos Palmares lan\u00e7a projeto inovador de forma\u00e7\u00e3o de trancistas com apoio do MEMP.<\/p>\n","protected":false},"author":1,"featured_media":0,"comment_status":"open","ping_status":"closed","sticky":false,"template":"","format":"standard","meta":{"footnotes":""},"categories":[23],"tags":[],"class_list":["post-2556","post","type-post","status-publish","format-standard","hentry","category-educacao-no-bom-retiro"],"aioseo_notices":[],"_links":{"self":[{"href":"https:\/\/www.encontrabomretiro.com.br\/sobre\/wp-json\/wp\/v2\/posts\/2556","targetHints":{"allow":["GET"]}}],"collection":[{"href":"https:\/\/www.encontrabomretiro.com.br\/sobre\/wp-json\/wp\/v2\/posts"}],"about":[{"href":"https:\/\/www.encontrabomretiro.com.br\/sobre\/wp-json\/wp\/v2\/types\/post"}],"author":[{"embeddable":true,"href":"https:\/\/www.encontrabomretiro.com.br\/sobre\/wp-json\/wp\/v2\/users\/1"}],"replies":[{"embeddable":true,"href":"https:\/\/www.encontrabomretiro.com.br\/sobre\/wp-json\/wp\/v2\/comments?post=2556"}],"version-history":[{"count":0,"href":"https:\/\/www.encontrabomretiro.com.br\/sobre\/wp-json\/wp\/v2\/posts\/2556\/revisions"}],"wp:attachment":[{"href":"https:\/\/www.encontrabomretiro.com.br\/sobre\/wp-json\/wp\/v2\/media?parent=2556"}],"wp:term":[{"taxonomy":"category","embeddable":true,"href":"https:\/\/www.encontrabomretiro.com.br\/sobre\/wp-json\/wp\/v2\/categories?post=2556"},{"taxonomy":"post_tag","embeddable":true,"href":"https:\/\/www.encontrabomretiro.com.br\/sobre\/wp-json\/wp\/v2\/tags?post=2556"}],"curies":[{"name":"wp","href":"https:\/\/api.w.org\/{rel}","templated":true}]}}