{"id":2551,"date":"2026-03-18T09:54:51","date_gmt":"2026-03-18T11:54:51","guid":{"rendered":"https:\/\/www.encontrabomretiro.com.br\/sobre\/trama-afetiva-realiza-encontro-sobre-moda-regenerativa-em-sp\/"},"modified":"2026-03-18T09:54:51","modified_gmt":"2026-03-18T11:54:51","slug":"trama-afetiva-realiza-encontro-sobre-moda-regenerativa-em-sp","status":"publish","type":"post","link":"https:\/\/www.encontrabomretiro.com.br\/sobre\/trama-afetiva-realiza-encontro-sobre-moda-regenerativa-em-sp\/","title":{"rendered":"Trama Afetiva realiza encontro sobre moda regenerativa em SP"},"content":{"rendered":"<div class=\"228b65ae207de3c5c501cfe75875708b\" data-index=\"1\" style=\"float: none; margin:0px;\">\n<!-- Anuncio display - global -->\r\n<ins class=\"adsbygoogle\"\r\n     style=\"display:block\"\r\n     data-ad-client=\"ca-pub-8585364105181520\"\r\n     data-ad-slot=\"8789329856\"\r\n     data-ad-format=\"auto\"\r\n     data-full-width-responsive=\"true\"><\/ins>\r\n<script>\r\n     (adsbygoogle = window.adsbygoogle || []).push({});\r\n<\/script>\n<\/div>\n<h2>O que \u00e9 Moda Regenerativa?<\/h2>\n<p>A moda regenerativa \u00e9 um conceito inovador que visa criar produtos que n\u00e3o apenas reduzem o impacto ambiental, mas tamb\u00e9m contribuem ativamente para a regenera\u00e7\u00e3o dos recursos naturais. Ao inv\u00e9s de simplesmente minimizar os danos, a moda regenerativa busca restaurar e revitalizar o meio ambiente. Essa abordagem envolve pr\u00e1ticas que abrangem desde o uso de materiais sustent\u00e1veis at\u00e9 m\u00e9todos de produ\u00e7\u00e3o que respeitam e preservam os ecossistemas. Nele, a ideia central \u00e9 que a produ\u00e7\u00e3o de moda n\u00e3o deve se limitar a ser menos prejudicial, mas sim gerar benef\u00edcios sociais e ambientais.<\/p>\n<h2>A Trama Afetiva e seu Papel Transformador<\/h2>\n<p>A Trama Afetiva \u00e9 uma plataforma de design social e pesquisa art\u00edstica fundada por Jackson Araujo. O projeto visa n\u00e3o apenas a pr\u00e1tica da moda regenerativa, mas tamb\u00e9m a constru\u00e7\u00e3o de comunidades colaborativas e de redes de apoio e troca de saberes. A Trama Afetiva atua na intersec\u00e7\u00e3o entre moda, arte e sustentabilidade, criando um espa\u00e7o onde os participantes podem se envolver em processos criativos e transformadores, ressignificando o uso de materiais e promovendo a cultura local. Esse papel transformador \u00e9 vital para impulsionar mudan\u00e7as significativas na ind\u00fastria da moda.<\/p>\n<h2>Palestra com Jackson Araujo<\/h2>\n<p>Em um evento planejado para o dia 21 de mar\u00e7o na Casa do Povo, em S\u00e3o Paulo, Jackson Araujo, juntamente com Thais Losso, diretora de moda da Trama Afetiva, conduzir\u00e1 uma palestra sobre moda regenerativa. O foco ser\u00e1 a discuss\u00e3o sobre como integrar pr\u00e1ticas como o reaproveitamento de materiais e a valoriza\u00e7\u00e3o do conhecimento artesanal na moda urbana. Essa conversa \u00e9 uma oportunidade \u00fanica para o p\u00fablico refletir sobre o seu papel na cadeia produtiva da moda e descobrir formas criativas de engajar-se em pr\u00e1ticas mais sustent\u00e1veis.<\/p>\n<h2>Workshop de Croch\u00ea: Aprenda e Crie<\/h2>\n<p>Ap\u00f3s a palestra, o evento incluir\u00e1 um workshop de croch\u00ea, dirigido pela designer e artes\u00e3 Bia Specian. Neste workshop, os participantes aprender\u00e3o t\u00e9cnicas de croch\u00ea utilizando fios feitos de n\u00e1ilon proveniente de guarda-chuvas descartados. Essa atividade pr\u00e1tica n\u00e3o apenas ensina uma habilidade artesanal, mas tamb\u00e9m promove o conceito de upcycling, transformando res\u00edduos em novos produtos \u00fateis. Com 20 vagas dispon\u00edveis, as inscri\u00e7\u00f5es s\u00e3o por ordem de chegada, incentivando a participa\u00e7\u00e3o ativa e engajada dos interessados.<\/p>\n<h2>Reaproveitamento de Materiais: Uma Pr\u00e1tica Necess\u00e1ria<\/h2>\n<p>O reaproveitamento de materiais desempenha um papel fundamental na moda regenerativa. Essa pr\u00e1tica envolve a utiliza\u00e7\u00e3o de recursos que normalmente seriam descartados, como o n\u00e1ilon de guarda-chuvas. Esse tipo de abordagem n\u00e3o s\u00f3 ajuda a reduzir o desperd\u00edcio, como tamb\u00e9m educa os consumidores e criadores sobre a import\u00e2ncia de repensar o ciclo de vida dos produtos. Al\u00e9m disso, promove a conscientiza\u00e7\u00e3o sobre a transi\u00e7\u00e3o para uma economia circular, onde os recursos s\u00e3o continuamente reutilizados e valorizados.<\/p>\n<h2>Economia Circular e sua Import\u00e2ncia<\/h2>\n<p>A economia circular \u00e9 uma solu\u00e7\u00e3o estrat\u00e9gica essencial nos modelos de neg\u00f3cios modernos, incluindo a moda. Em vez de seguir o padr\u00e3o linear de &#8220;extrair, produzir, descartar&#8221;, a economia circular promove um ciclo cont\u00ednuo onde os produtos s\u00e3o projetados para serem reaproveitados e reciclados. Isso n\u00e3o apenas diminui a press\u00e3o sobre o meio ambiente, mas tamb\u00e9m abre novas oportunidades de inova\u00e7\u00e3o, neg\u00f3cios e cria\u00e7\u00e3o de valor. A ado\u00e7\u00e3o da economia circular pelos profissionais da moda pode resultar em impactos significativos na sustentabilidade e no aprimoramento da \u00e9tica da ind\u00fastria.<\/p>\n<h2>Integra\u00e7\u00e3o da Comunidade na Moda Sustent\u00e1vel<\/h2>\n<p>A integra\u00e7\u00e3o da comunidade \u00e9 uma caracter\u00edstica essencial da moda regenerativa. Projetos como a Trama Afetiva buscam criar redes entre costureiras, artes\u00e3s e outros profissionais do setor, promovendo uma cultura de colabora\u00e7\u00e3o e apoio m\u00fatuo. Essa uni\u00e3o fortalece n\u00e3o apenas as pr\u00e1ticas sustent\u00e1veis, mas tamb\u00e9m o crescimento econ\u00f4mico local, proporcionando oportunidades para que muitas pessoas possam se beneficiar das iniciativas de moda respons\u00e1vel.<\/p>\n<h2>Desenvolvimento de Habilidades Manuais<\/h2>\n<p>O desenvolvimento de habilidades manuais \u00e9 central para a pr\u00e1tica da moda regenerativa. Cursos, workshops e projetos comunit\u00e1rios, como o oferecido pela Trama Afetiva, contribuem para a forma\u00e7\u00e3o de novos artes\u00e3os e designers. Esses programas n\u00e3o apenas ensinam t\u00e9cnicas tradicionais, mas tamb\u00e9m incentivam a criatividade, a colabora\u00e7\u00e3o e a valoriza\u00e7\u00e3o das pr\u00e1ticas culturais e artesanais, que s\u00e3o frequentemente esquecidas na produ\u00e7\u00e3o de moda em larga escala.<\/p>\n<h2>A Import\u00e2ncia do Upcycling na Moda<\/h2>\n<p>O upcycling, que envolve a transforma\u00e7\u00e3o de produtos que seriam descartados em novos itens com valor, \u00e9 uma pr\u00e1tica essencial dentro da moda regenerativa. Al\u00e9m de reduzir o desperd\u00edcio, o upcycling promove uma vis\u00e3o inovadora sobre a moda, onde a singularidade e a personaliza\u00e7\u00e3o s\u00e3o valorizadas. Projetos que utilizam materiais reciclados n\u00e3o apenas demonstram a criatividade do designer, mas tamb\u00e9m incentivam os consumidores a reconsiderarem suas escolhas de compra e seu impacto ambiental.<\/p>\n<h2>Pr\u00f3ximas Atividades e Exposi\u00e7\u00f5es<\/h2>\n<p>Al\u00e9m do evento de mar\u00e7o, a Trama Afetiva tamb\u00e9m est\u00e1 organizando oficinas com o coletivo Flor de Kantuta, composto por mulheres costureiras. Essas atividades visam a troca de saberes e o desenvolvimento de prot\u00f3tipos a partir de res\u00edduos t\u00eaxteis coletados na cidade. Os resultados dessas iniciativas culminar\u00e3o em uma exposi\u00e7\u00e3o e um desfile, programados para ocorrer nos pr\u00f3ximos meses, celebrando a criatividade e a colabora\u00e7\u00e3o na moda regenerativa.<\/p>\n\n<div style=\"font-size: 0px; height: 0px; line-height: 0px; margin: 0; padding: 0; clear: both;\"><\/div>","protected":false},"excerpt":{"rendered":"<p>Moda regenerativa em foco: palestra e workshop na Casa do Povo, SP.<\/p>\n","protected":false},"author":1,"featured_media":0,"comment_status":"open","ping_status":"closed","sticky":false,"template":"","format":"standard","meta":{"footnotes":""},"categories":[17],"tags":[],"class_list":["post-2551","post","type-post","status-publish","format-standard","hentry","category-cultura-no-bom-retiro"],"aioseo_notices":[],"_links":{"self":[{"href":"https:\/\/www.encontrabomretiro.com.br\/sobre\/wp-json\/wp\/v2\/posts\/2551","targetHints":{"allow":["GET"]}}],"collection":[{"href":"https:\/\/www.encontrabomretiro.com.br\/sobre\/wp-json\/wp\/v2\/posts"}],"about":[{"href":"https:\/\/www.encontrabomretiro.com.br\/sobre\/wp-json\/wp\/v2\/types\/post"}],"author":[{"embeddable":true,"href":"https:\/\/www.encontrabomretiro.com.br\/sobre\/wp-json\/wp\/v2\/users\/1"}],"replies":[{"embeddable":true,"href":"https:\/\/www.encontrabomretiro.com.br\/sobre\/wp-json\/wp\/v2\/comments?post=2551"}],"version-history":[{"count":0,"href":"https:\/\/www.encontrabomretiro.com.br\/sobre\/wp-json\/wp\/v2\/posts\/2551\/revisions"}],"wp:attachment":[{"href":"https:\/\/www.encontrabomretiro.com.br\/sobre\/wp-json\/wp\/v2\/media?parent=2551"}],"wp:term":[{"taxonomy":"category","embeddable":true,"href":"https:\/\/www.encontrabomretiro.com.br\/sobre\/wp-json\/wp\/v2\/categories?post=2551"},{"taxonomy":"post_tag","embeddable":true,"href":"https:\/\/www.encontrabomretiro.com.br\/sobre\/wp-json\/wp\/v2\/tags?post=2551"}],"curies":[{"name":"wp","href":"https:\/\/api.w.org\/{rel}","templated":true}]}}