{"id":2548,"date":"2026-03-16T09:55:10","date_gmt":"2026-03-16T11:55:10","guid":{"rendered":"https:\/\/www.encontrabomretiro.com.br\/sobre\/vola\/"},"modified":"2026-03-16T09:55:10","modified_gmt":"2026-03-16T11:55:10","slug":"vola","status":"publish","type":"post","link":"https:\/\/www.encontrabomretiro.com.br\/sobre\/vola\/","title":{"rendered":"VOLA"},"content":{"rendered":"<div class=\"228b65ae207de3c5c501cfe75875708b\" data-index=\"1\" style=\"float: none; margin:0px;\">\n<!-- Anuncio display - global -->\r\n<ins class=\"adsbygoogle\"\r\n     style=\"display:block\"\r\n     data-ad-client=\"ca-pub-8585364105181520\"\r\n     data-ad-slot=\"8789329856\"\r\n     data-ad-format=\"auto\"\r\n     data-full-width-responsive=\"true\"><\/ins>\r\n<script>\r\n     (adsbygoogle = window.adsbygoogle || []).push({});\r\n<\/script>\n<\/div>\n<h2>Conhe\u00e7a a Banda Vola<\/h2>\n<p>A banda dinamarquesa <strong>Vola<\/strong> faz parte do cen\u00e1rio musical moderno, especialmente reconhecida por seu estilo que mescla metal progressivo com elementos eletr\u00f4nicos. O grupo, que se formou em Copenhague, tem se destacado por suas composi\u00e7\u00f5es que transcendem os limites do metal, incorporando aspectos do djent, rock alternativo e at\u00e9 da m\u00fasica eletr\u00f4nica.<\/p>\n<h2>A Trajet\u00f3ria Musical do Vola<\/h2>\n<p>Com uma carreira que j\u00e1 ultrapassa uma d\u00e9cada, o Vola passou por um desenvolvimento significativo. Inicialmente, seus trabalhos estavam mais focados no prog metal, mas, com o tempo, a banda conseguiu expandir sua sonoridade, conquistando um espa\u00e7o admir\u00e1vel entre as grandes bandas europeias. Esse crescimento est\u00e1 refletido em seus \u00e1lbuns e nas turn\u00eas que realizam, onde combinam musicalidade complexa com melodia acess\u00edvel.<\/p>\n<h2>O Estilo \u00danico de Vola<\/h2>\n<p>O que realmente distingue o Vola \u00e9 sua habilidade em criar uma linguagem musical coesa que n\u00e3o se limita apenas ao virtuosismo. Enquanto em muitos casos o foco pode estar na performance t\u00e9cnica, a banda prioriza a composi\u00e7\u00e3o, criando can\u00e7\u00f5es que s\u00e3o tanto pesadas quanto mel\u00f3dicas. Essa abordagem permite que o grupo atraia uma audi\u00eancia diversificada, apreciada por f\u00e3s de diferentes estilos musicais.<\/p>\n<p><img decoding=\"async\" src=\"https:\/\/www.encontrabomretiro.com.br\/sobre\/wp-content\/uploads\/2026\/03\/vola.webp\" alt=\"VOLA\" loading=\"lazy\" \/><\/p>\n<h2>Influ\u00eancia do Metal Progressivo<\/h2>\n<p>O metal progressivo \u00e9 uma parte fundamental da identidade do Vola. Eles conseguem capturar a ess\u00eancia desse g\u00eanero atrav\u00e9s de estruturas musicais intrincadas, varia\u00e7\u00f5es din\u00e2micas e uma produ\u00e7\u00e3o de qualidade. A influ\u00eancia do prog metal pode ser ouvida na maneira como se desenvolvem suas m\u00fasicas, levando o ouvinte a uma jornada que vai al\u00e9m do comum, desafiando as normas tradicionais da m\u00fasica pesada.<\/p>\n<h2>Shows Anteriores e Reconhecimento<\/h2>\n<p>O reconhecimento do Vola cresceu substancialmente desde seu \u00e1lbum de 2016, <strong>Inmazes<\/strong>, que trouxe \u00e0 tona seu nome dentro da imprensa especializada. O projeto seguinte, <strong>Applause of a Distant Crowd<\/strong> de 2018, ajudou a consolidar sua posi\u00e7\u00e3o na cena musical, ampliando suas turn\u00eas, que incluem apresenta\u00e7\u00f5es ao lado de grandes nomes, como Katatonia e Dream Theater.<\/p>\n<h2>O Impacto de Witness<\/h2>\n<p>A virada comercial do Vola aconteceu com o lan\u00e7amento do \u00e1lbum <strong>Witness<\/strong> em 2021. Seu sucesso foi not\u00e1vel, alcan\u00e7ando a 7\u00aa posi\u00e7\u00e3o na parada <strong>Official Rock &#038; Metal Albums<\/strong> no Reino Unido. Isso n\u00e3o apenas refletiu um reconhecimento cr\u00edtico, mas tamb\u00e9m se traduziu em vendas e downloads em diversos formatos.<\/p>\n<h2>Colabora\u00e7\u00f5es e Projetos Recentes<\/h2>\n<p>A banda mant\u00e9m uma abordagem colaborativa, como demonstrado em sua faixa <strong>Cannibal<\/strong>, que conta com a participa\u00e7\u00e3o de Anders Frid\u00e9n, do In Flames. Este projeto reflete a disposi\u00e7\u00e3o da banda em dialogar entre diferentes esferas musicais e enriquecer suas composi\u00e7\u00f5es com influ\u00eancias novas e interessantes.<\/p>\n<h2>Detalhes do Show em S\u00e3o Paulo<\/h2>\n<p>A apresenta\u00e7\u00e3o do Vola em S\u00e3o Paulo est\u00e1 marcada para o dia <strong>11 de mar\u00e7o de 2026<\/strong>, no <strong>Hangar 110<\/strong>. O evento \u00e9 uma excelente oportunidade para os f\u00e3s brasileiros vivenciarem a energia e a criatividade da banda ao vivo.<\/p>\n<h2>O que Esperar do Repert\u00f3rio<\/h2>\n<p>No repert\u00f3rio, os f\u00e3s podem aguardar uma mescla de suas composi\u00e7\u00f5es mais populares, apresentando a fus\u00e3o caracter\u00edstica de metal progressivo com elementos eletr\u00f4nicos. A apresenta\u00e7\u00e3o promete ser uma experi\u00eancia intensa, repleta de din\u00e2micas envolventes e momentos mel\u00f3dicos marcantes.<\/p>\n<h2>Ingressos e Informa\u00e7\u00f5es do Evento<\/h2>\n<p>Os ingressos para o show est\u00e3o dispon\u00edveis no site <a href=\"https:\/\/www.clubedoingresso.com\/evento\/vola-sp\"><strong>clubedoingresso.com\/evento\/vola-sp<\/strong><\/a>. \u00c9 importante garantir o seu com anteced\u00eancia, pois a popularidade do Vola promete esgotar os ingressos rapidamente.<\/p>\n\n<div style=\"font-size: 0px; height: 0px; line-height: 0px; margin: 0; padding: 0; clear: both;\"><\/div>","protected":false},"excerpt":{"rendered":"<p>Vola traz seu metal progressivo para S\u00e3o Paulo em um show imperd\u00edvel.<\/p>\n","protected":false},"author":1,"featured_media":2547,"comment_status":"open","ping_status":"closed","sticky":false,"template":"","format":"standard","meta":{"footnotes":""},"categories":[6],"tags":[],"class_list":["post-2548","post","type-post","status-publish","format-standard","has-post-thumbnail","hentry","category-noticias-no-bom-retiro","has_thumb"],"aioseo_notices":[],"aioseo_head":"\n\t\t<!-- All in One SEO 5.0.0.1 - aioseo.com -->\n\t<meta name=\"description\" content=\"Vola traz seu metal progressivo para S\u00e3o Paulo em um show imperd\u00edvel.\" \/>\n\t<meta name=\"robots\" content=\"max-image-preview:large\" \/>\n\t<meta name=\"author\" content=\"Encontra Bom Retiro\"\/>\n\t<link rel=\"canonical\" href=\"https:\/\/www.encontrabomretiro.com.br\/sobre\/vola\/\" \/>\n\t<meta name=\"generator\" content=\"All in One SEO (AIOSEO) 5.0.0.1\" \/>\n\t\t<meta property=\"og:locale\" content=\"pt_BR\" \/>\n\t\t<meta property=\"og:site_name\" content=\"Encontra Bom Retiro | Not\u00edcias, eventos, informa\u00e7\u00f5es e dicas no bairro do Bom Retiro e regi\u00e3o.\" \/>\n\t\t<meta property=\"og:type\" content=\"article\" \/>\n\t\t<meta property=\"og:title\" content=\"VOLA | Encontra Bom Retiro\" \/>\n\t\t<meta property=\"og:description\" content=\"Vola traz seu metal progressivo para S\u00e3o Paulo em um show imperd\u00edvel.\" \/>\n\t\t<meta property=\"og:url\" content=\"https:\/\/www.encontrabomretiro.com.br\/sobre\/vola\/\" \/>\n\t\t<meta property=\"article:published_time\" content=\"2026-03-16T11:55:10+00:00\" \/>\n\t\t<meta property=\"article:modified_time\" content=\"2026-03-16T11:55:10+00:00\" \/>\n\t\t<meta name=\"twitter:card\" content=\"summary_large_image\" \/>\n\t\t<meta name=\"twitter:title\" content=\"VOLA | Encontra Bom Retiro\" \/>\n\t\t<meta name=\"twitter:description\" content=\"Vola traz seu metal progressivo para S\u00e3o Paulo em um show imperd\u00edvel.\" \/>\n\t\t<script type=\"application\/ld+json\" class=\"aioseo-schema\">\n\t\t\t{\"@context\":\"https:\\\/\\\/schema.org\",\"@graph\":[{\"@type\":\"Article\",\"@id\":\"https:\\\/\\\/www.encontrabomretiro.com.br\\\/sobre\\\/vola\\\/#article\",\"name\":\"VOLA | Encontra Bom Retiro\",\"headline\":\"VOLA\",\"author\":{\"@id\":\"https:\\\/\\\/www.encontrabomretiro.com.br\\\/sobre\\\/author\\\/ebomretiro\\\/#author\"},\"publisher\":{\"@id\":\"https:\\\/\\\/www.encontrabomretiro.com.br\\\/sobre\\\/#organization\"},\"image\":{\"@type\":\"ImageObject\",\"url\":\"https:\\\/\\\/www.encontrabomretiro.com.br\\\/sobre\\\/wp-content\\\/uploads\\\/2026\\\/03\\\/vola.webp\",\"width\":280,\"height\":280,\"caption\":\"VOLA\"},\"datePublished\":\"2026-03-16T09:55:10-02:00\",\"dateModified\":\"2026-03-16T09:55:10-02:00\",\"inLanguage\":\"pt-BR\",\"mainEntityOfPage\":{\"@id\":\"https:\\\/\\\/www.encontrabomretiro.com.br\\\/sobre\\\/vola\\\/#webpage\"},\"isPartOf\":{\"@id\":\"https:\\\/\\\/www.encontrabomretiro.com.br\\\/sobre\\\/vola\\\/#webpage\"},\"articleSection\":\"Not\\u00edcias Bom Retiro\"},{\"@type\":\"BreadcrumbList\",\"@id\":\"https:\\\/\\\/www.encontrabomretiro.com.br\\\/sobre\\\/vola\\\/#breadcrumblist\",\"itemListElement\":[{\"@type\":\"ListItem\",\"@id\":\"https:\\\/\\\/www.encontrabomretiro.com.br\\\/sobre#listItem\",\"position\":1,\"name\":\"Dom\\u00e9stica\",\"item\":\"https:\\\/\\\/www.encontrabomretiro.com.br\\\/sobre\",\"nextItem\":{\"@type\":\"ListItem\",\"@id\":\"https:\\\/\\\/www.encontrabomretiro.com.br\\\/sobre\\\/noticias-no-bom-retiro\\\/#listItem\",\"name\":\"Not\\u00edcias Bom Retiro\"}},{\"@type\":\"ListItem\",\"@id\":\"https:\\\/\\\/www.encontrabomretiro.com.br\\\/sobre\\\/noticias-no-bom-retiro\\\/#listItem\",\"position\":2,\"name\":\"Not\\u00edcias Bom Retiro\",\"item\":\"https:\\\/\\\/www.encontrabomretiro.com.br\\\/sobre\\\/noticias-no-bom-retiro\\\/\",\"nextItem\":{\"@type\":\"ListItem\",\"@id\":\"https:\\\/\\\/www.encontrabomretiro.com.br\\\/sobre\\\/vola\\\/#listItem\",\"name\":\"VOLA\"},\"previousItem\":{\"@type\":\"ListItem\",\"@id\":\"https:\\\/\\\/www.encontrabomretiro.com.br\\\/sobre#listItem\",\"name\":\"Dom\\u00e9stica\"}},{\"@type\":\"ListItem\",\"@id\":\"https:\\\/\\\/www.encontrabomretiro.com.br\\\/sobre\\\/vola\\\/#listItem\",\"position\":3,\"name\":\"VOLA\",\"previousItem\":{\"@type\":\"ListItem\",\"@id\":\"https:\\\/\\\/www.encontrabomretiro.com.br\\\/sobre\\\/noticias-no-bom-retiro\\\/#listItem\",\"name\":\"Not\\u00edcias Bom Retiro\"}}]},{\"@type\":\"Organization\",\"@id\":\"https:\\\/\\\/www.encontrabomretiro.com.br\\\/sobre\\\/#organization\",\"name\":\"Encontra Bom Retiro\",\"description\":\"Not\\u00edcias, eventos, informa\\u00e7\\u00f5es e dicas no bairro do Bom Retiro e regi\\u00e3o.\",\"url\":\"https:\\\/\\\/www.encontrabomretiro.com.br\\\/sobre\\\/\"},{\"@type\":\"Person\",\"@id\":\"https:\\\/\\\/www.encontrabomretiro.com.br\\\/sobre\\\/author\\\/ebomretiro\\\/#author\",\"url\":\"https:\\\/\\\/www.encontrabomretiro.com.br\\\/sobre\\\/author\\\/ebomretiro\\\/\",\"name\":\"Encontra Bom Retiro\",\"image\":{\"@type\":\"ImageObject\",\"@id\":\"https:\\\/\\\/www.encontrabomretiro.com.br\\\/sobre\\\/vola\\\/#authorImage\",\"url\":\"https:\\\/\\\/secure.gravatar.com\\\/avatar\\\/507340682b8270222e1f208e23198b6ae7e2c6a1033ae84e99bc6bce4f82a387?s=96&d=mm&r=g\",\"width\":96,\"height\":96,\"caption\":\"Encontra Bom Retiro\"}},{\"@type\":\"WebPage\",\"@id\":\"https:\\\/\\\/www.encontrabomretiro.com.br\\\/sobre\\\/vola\\\/#webpage\",\"url\":\"https:\\\/\\\/www.encontrabomretiro.com.br\\\/sobre\\\/vola\\\/\",\"name\":\"VOLA | Encontra Bom Retiro\",\"description\":\"Vola traz seu metal progressivo para S\\u00e3o Paulo em um show imperd\\u00edvel.\",\"inLanguage\":\"pt-BR\",\"isPartOf\":{\"@id\":\"https:\\\/\\\/www.encontrabomretiro.com.br\\\/sobre\\\/#website\"},\"breadcrumb\":{\"@id\":\"https:\\\/\\\/www.encontrabomretiro.com.br\\\/sobre\\\/vola\\\/#breadcrumblist\"},\"author\":{\"@id\":\"https:\\\/\\\/www.encontrabomretiro.com.br\\\/sobre\\\/author\\\/ebomretiro\\\/#author\"},\"creator\":{\"@id\":\"https:\\\/\\\/www.encontrabomretiro.com.br\\\/sobre\\\/author\\\/ebomretiro\\\/#author\"},\"image\":{\"@type\":\"ImageObject\",\"url\":\"https:\\\/\\\/www.encontrabomretiro.com.br\\\/sobre\\\/wp-content\\\/uploads\\\/2026\\\/03\\\/vola.webp\",\"@id\":\"https:\\\/\\\/www.encontrabomretiro.com.br\\\/sobre\\\/vola\\\/#mainImage\",\"width\":280,\"height\":280,\"caption\":\"VOLA\"},\"primaryImageOfPage\":{\"@id\":\"https:\\\/\\\/www.encontrabomretiro.com.br\\\/sobre\\\/vola\\\/#mainImage\"},\"datePublished\":\"2026-03-16T09:55:10-02:00\",\"dateModified\":\"2026-03-16T09:55:10-02:00\"},{\"@type\":\"WebSite\",\"@id\":\"https:\\\/\\\/www.encontrabomretiro.com.br\\\/sobre\\\/#website\",\"url\":\"https:\\\/\\\/www.encontrabomretiro.com.br\\\/sobre\\\/\",\"name\":\"Encontra Bom Retiro\",\"description\":\"Not\\u00edcias, eventos, informa\\u00e7\\u00f5es e dicas no bairro do Bom Retiro e regi\\u00e3o.\",\"inLanguage\":\"pt-BR\",\"publisher\":{\"@id\":\"https:\\\/\\\/www.encontrabomretiro.com.br\\\/sobre\\\/#organization\"}}]}\n\t\t<\/script>\n\t\t<!-- All in One SEO -->\n\n","aioseo_head_json":{"title":"VOLA | Encontra Bom Retiro","description":"Vola traz seu metal progressivo para S\u00e3o Paulo em um show imperd\u00edvel.","canonical_url":"https:\/\/www.encontrabomretiro.com.br\/sobre\/vola\/","robots":"max-image-preview:large","keywords":"","webmasterTools":{"miscellaneous":""},"schema":{"@context":"https:\/\/schema.org","@graph":[{"@type":"Article","@id":"https:\/\/www.encontrabomretiro.com.br\/sobre\/vola\/#article","name":"VOLA | Encontra Bom Retiro","headline":"VOLA","author":{"@id":"https:\/\/www.encontrabomretiro.com.br\/sobre\/author\/ebomretiro\/#author"},"publisher":{"@id":"https:\/\/www.encontrabomretiro.com.br\/sobre\/#organization"},"image":{"@type":"ImageObject","url":"https:\/\/www.encontrabomretiro.com.br\/sobre\/wp-content\/uploads\/2026\/03\/vola.webp","width":280,"height":280,"caption":"VOLA"},"datePublished":"2026-03-16T09:55:10-02:00","dateModified":"2026-03-16T09:55:10-02:00","inLanguage":"pt-BR","mainEntityOfPage":{"@id":"https:\/\/www.encontrabomretiro.com.br\/sobre\/vola\/#webpage"},"isPartOf":{"@id":"https:\/\/www.encontrabomretiro.com.br\/sobre\/vola\/#webpage"},"articleSection":"Not\u00edcias Bom Retiro"},{"@type":"BreadcrumbList","@id":"https:\/\/www.encontrabomretiro.com.br\/sobre\/vola\/#breadcrumblist","itemListElement":[{"@type":"ListItem","@id":"https:\/\/www.encontrabomretiro.com.br\/sobre#listItem","position":1,"name":"Dom\u00e9stica","item":"https:\/\/www.encontrabomretiro.com.br\/sobre","nextItem":{"@type":"ListItem","@id":"https:\/\/www.encontrabomretiro.com.br\/sobre\/noticias-no-bom-retiro\/#listItem","name":"Not\u00edcias Bom Retiro"}},{"@type":"ListItem","@id":"https:\/\/www.encontrabomretiro.com.br\/sobre\/noticias-no-bom-retiro\/#listItem","position":2,"name":"Not\u00edcias Bom Retiro","item":"https:\/\/www.encontrabomretiro.com.br\/sobre\/noticias-no-bom-retiro\/","nextItem":{"@type":"ListItem","@id":"https:\/\/www.encontrabomretiro.com.br\/sobre\/vola\/#listItem","name":"VOLA"},"previousItem":{"@type":"ListItem","@id":"https:\/\/www.encontrabomretiro.com.br\/sobre#listItem","name":"Dom\u00e9stica"}},{"@type":"ListItem","@id":"https:\/\/www.encontrabomretiro.com.br\/sobre\/vola\/#listItem","position":3,"name":"VOLA","previousItem":{"@type":"ListItem","@id":"https:\/\/www.encontrabomretiro.com.br\/sobre\/noticias-no-bom-retiro\/#listItem","name":"Not\u00edcias Bom Retiro"}}]},{"@type":"Organization","@id":"https:\/\/www.encontrabomretiro.com.br\/sobre\/#organization","name":"Encontra Bom Retiro","description":"Not\u00edcias, eventos, informa\u00e7\u00f5es e dicas no bairro do Bom Retiro e regi\u00e3o.","url":"https:\/\/www.encontrabomretiro.com.br\/sobre\/"},{"@type":"Person","@id":"https:\/\/www.encontrabomretiro.com.br\/sobre\/author\/ebomretiro\/#author","url":"https:\/\/www.encontrabomretiro.com.br\/sobre\/author\/ebomretiro\/","name":"Encontra Bom Retiro","image":{"@type":"ImageObject","@id":"https:\/\/www.encontrabomretiro.com.br\/sobre\/vola\/#authorImage","url":"https:\/\/secure.gravatar.com\/avatar\/507340682b8270222e1f208e23198b6ae7e2c6a1033ae84e99bc6bce4f82a387?s=96&d=mm&r=g","width":96,"height":96,"caption":"Encontra Bom Retiro"}},{"@type":"WebPage","@id":"https:\/\/www.encontrabomretiro.com.br\/sobre\/vola\/#webpage","url":"https:\/\/www.encontrabomretiro.com.br\/sobre\/vola\/","name":"VOLA | Encontra Bom Retiro","description":"Vola traz seu metal progressivo para S\u00e3o Paulo em um show imperd\u00edvel.","inLanguage":"pt-BR","isPartOf":{"@id":"https:\/\/www.encontrabomretiro.com.br\/sobre\/#website"},"breadcrumb":{"@id":"https:\/\/www.encontrabomretiro.com.br\/sobre\/vola\/#breadcrumblist"},"author":{"@id":"https:\/\/www.encontrabomretiro.com.br\/sobre\/author\/ebomretiro\/#author"},"creator":{"@id":"https:\/\/www.encontrabomretiro.com.br\/sobre\/author\/ebomretiro\/#author"},"image":{"@type":"ImageObject","url":"https:\/\/www.encontrabomretiro.com.br\/sobre\/wp-content\/uploads\/2026\/03\/vola.webp","@id":"https:\/\/www.encontrabomretiro.com.br\/sobre\/vola\/#mainImage","width":280,"height":280,"caption":"VOLA"},"primaryImageOfPage":{"@id":"https:\/\/www.encontrabomretiro.com.br\/sobre\/vola\/#mainImage"},"datePublished":"2026-03-16T09:55:10-02:00","dateModified":"2026-03-16T09:55:10-02:00"},{"@type":"WebSite","@id":"https:\/\/www.encontrabomretiro.com.br\/sobre\/#website","url":"https:\/\/www.encontrabomretiro.com.br\/sobre\/","name":"Encontra Bom Retiro","description":"Not\u00edcias, eventos, informa\u00e7\u00f5es e dicas no bairro do Bom Retiro e regi\u00e3o.","inLanguage":"pt-BR","publisher":{"@id":"https:\/\/www.encontrabomretiro.com.br\/sobre\/#organization"}}]},"og:locale":"pt_BR","og:site_name":"Encontra Bom Retiro | Not\u00edcias, eventos, informa\u00e7\u00f5es e dicas no bairro do Bom Retiro e regi\u00e3o.","og:type":"article","og:title":"VOLA | Encontra Bom Retiro","og:description":"Vola traz seu metal progressivo para S\u00e3o Paulo em um show imperd\u00edvel.","og:url":"https:\/\/www.encontrabomretiro.com.br\/sobre\/vola\/","article:published_time":"2026-03-16T11:55:10+00:00","article:modified_time":"2026-03-16T11:55:10+00:00","twitter:card":"summary_large_image","twitter:title":"VOLA | Encontra Bom Retiro","twitter:description":"Vola traz seu metal progressivo para S\u00e3o Paulo em um show imperd\u00edvel."},"aioseo_meta_data":{"post_id":"2548","title":null,"description":null,"keywords":null,"keyphrases":null,"primary_term":null,"canonical_url":null,"og_title":null,"og_description":null,"og_object_type":"default","og_image_type":"default","og_image_url":null,"og_image_width":null,"og_image_height":null,"og_image_custom_url":null,"og_image_custom_fields":null,"og_video":null,"og_custom_url":null,"og_article_section":null,"og_article_tags":null,"twitter_use_og":false,"twitter_card":"default","twitter_image_type":"default","twitter_image_url":null,"twitter_image_custom_url":null,"twitter_image_custom_fields":null,"twitter_title":null,"twitter_description":null,"schema":{"blockGraphs":[],"customGraphs":[],"default":{"data":{"Article":[],"Course":[],"Dataset":[],"FAQPage":[],"Movie":[],"Person":[],"Product":[],"ProductReview":[],"Car":[],"Recipe":[],"Service":[],"SoftwareApplication":[],"WebPage":[]},"graphName":"Article","isEnabled":true},"graphs":[]},"schema_type":"default","schema_type_options":null,"pillar_content":false,"robots_default":true,"robots_noindex":false,"robots_noarchive":false,"robots_nosnippet":false,"robots_nofollow":false,"robots_noimageindex":false,"robots_noodp":false,"robots_notranslate":false,"robots_max_snippet":null,"robots_max_videopreview":null,"robots_max_imagepreview":"large","priority":null,"frequency":null,"local_seo":null,"breadcrumb_settings":null,"limit_modified_date":false,"ai":null,"created":"2026-03-16 11:55:14","updated":"2026-03-16 12:46:46","focus_keyword":null,"additional_keywords":null,"truseo_locale":null,"seo_analyzer_scan_date":null},"aioseo_breadcrumb":"<div class=\"aioseo-breadcrumbs\"><span class=\"aioseo-breadcrumb\">\n\t\t\t<a href=\"https:\/\/www.encontrabomretiro.com.br\/sobre\" title=\"Dom\u00e9stica\">Dom\u00e9stica<\/a>\n\t\t<\/span><span class=\"aioseo-breadcrumb-separator\">&raquo;<\/span><span class=\"aioseo-breadcrumb\">\n\t\t\t<a href=\"https:\/\/www.encontrabomretiro.com.br\/sobre\/noticias-no-bom-retiro\/\" title=\"Not\u00edcias Bom Retiro\">Not\u00edcias Bom Retiro<\/a>\n\t\t<\/span><span class=\"aioseo-breadcrumb-separator\">&raquo;<\/span><span class=\"aioseo-breadcrumb\">\n\t\t\tVOLA\n\t\t<\/span><\/div>","aioseo_breadcrumb_json":[{"label":"Dom\u00e9stica","link":"https:\/\/www.encontrabomretiro.com.br\/sobre"},{"label":"Not\u00edcias Bom Retiro","link":"https:\/\/www.encontrabomretiro.com.br\/sobre\/noticias-no-bom-retiro\/"},{"label":"VOLA","link":"https:\/\/www.encontrabomretiro.com.br\/sobre\/vola\/"}],"_links":{"self":[{"href":"https:\/\/www.encontrabomretiro.com.br\/sobre\/wp-json\/wp\/v2\/posts\/2548","targetHints":{"allow":["GET"]}}],"collection":[{"href":"https:\/\/www.encontrabomretiro.com.br\/sobre\/wp-json\/wp\/v2\/posts"}],"about":[{"href":"https:\/\/www.encontrabomretiro.com.br\/sobre\/wp-json\/wp\/v2\/types\/post"}],"author":[{"embeddable":true,"href":"https:\/\/www.encontrabomretiro.com.br\/sobre\/wp-json\/wp\/v2\/users\/1"}],"replies":[{"embeddable":true,"href":"https:\/\/www.encontrabomretiro.com.br\/sobre\/wp-json\/wp\/v2\/comments?post=2548"}],"version-history":[{"count":0,"href":"https:\/\/www.encontrabomretiro.com.br\/sobre\/wp-json\/wp\/v2\/posts\/2548\/revisions"}],"wp:featuredmedia":[{"embeddable":true,"href":"https:\/\/www.encontrabomretiro.com.br\/sobre\/wp-json\/wp\/v2\/media\/2547"}],"wp:attachment":[{"href":"https:\/\/www.encontrabomretiro.com.br\/sobre\/wp-json\/wp\/v2\/media?parent=2548"}],"wp:term":[{"taxonomy":"category","embeddable":true,"href":"https:\/\/www.encontrabomretiro.com.br\/sobre\/wp-json\/wp\/v2\/categories?post=2548"},{"taxonomy":"post_tag","embeddable":true,"href":"https:\/\/www.encontrabomretiro.com.br\/sobre\/wp-json\/wp\/v2\/tags?post=2548"}],"curies":[{"name":"wp","href":"https:\/\/api.w.org\/{rel}","templated":true}]}}