{"id":2522,"date":"2026-03-08T09:54:06","date_gmt":"2026-03-08T11:54:06","guid":{"rendered":"https:\/\/www.encontrabomretiro.com.br\/sobre\/espetaculo-infantojuvenil-valoriza-a-cultura-negra-com-historia-ludica-em-sp\/"},"modified":"2026-03-08T09:54:06","modified_gmt":"2026-03-08T11:54:06","slug":"espetaculo-infantojuvenil-valoriza-a-cultura-negra-com-historia-ludica-em-sp","status":"publish","type":"post","link":"https:\/\/www.encontrabomretiro.com.br\/sobre\/espetaculo-infantojuvenil-valoriza-a-cultura-negra-com-historia-ludica-em-sp\/","title":{"rendered":"Espet\u00e1culo infantojuvenil valoriza a cultura negra com hist\u00f3ria l\u00fadica em SP"},"content":{"rendered":"<div class=\"228b65ae207de3c5c501cfe75875708b\" data-index=\"1\" style=\"float: none; margin:0px;\">\n<!-- Anuncio display - global -->\r\n<ins class=\"adsbygoogle\"\r\n     style=\"display:block\"\r\n     data-ad-client=\"ca-pub-8585364105181520\"\r\n     data-ad-slot=\"8789329856\"\r\n     data-ad-format=\"auto\"\r\n     data-full-width-responsive=\"true\"><\/ins>\r\n<script>\r\n     (adsbygoogle = window.adsbygoogle || []).push({});\r\n<\/script>\n<\/div>\n<h2>A Magia do Teatro Infantojuvenil<\/h2>\n<p>A pe\u00e7a infantojuvenil &#8220;Quando Anoitece&#8221;, que ser\u00e1 apresentada no Sesc Bom Retiro em S\u00e3o Paulo, traz uma narrativa que se torna uma ponte entre a inf\u00e2ncia e reflex\u00f5es profundas sobre identidade, respeito e pertencimento. Com uma abordagem l\u00fadica, a produ\u00e7\u00e3o procura chamar a aten\u00e7\u00e3o para a cultura negra e as nuances das rela\u00e7\u00f5es interpessoais na forma\u00e7\u00e3o da identidade das crian\u00e7as.<\/p>\n<h2>Reflex\u00f5es sobre Identidade e Pertencimento<\/h2>\n<p>A trama \u00e9 centrada nas experi\u00eancias de Mel\u00e2nia, uma menina preta que, apesar de sua apar\u00eancia feliz, enfrenta desafios em se identificar com seus colegas. Ao expressar sua solid\u00e3o e inseguran\u00e7a em um gravador, Mel\u00e2nia traz \u00e0 tona quest\u00f5es sobre pertencimento e a luta interna de aceitar a pr\u00f3pria identidade racial. Atrav\u00e9s de di\u00e1logos e experi\u00eancias compartilhadas, a pe\u00e7a oferece um espa\u00e7o para que jovens espectadores reflitam sobre suas pr\u00f3prias identidades e a import\u00e2ncia do respeito pelas diferen\u00e7as.<\/p>\n<h2>A Protagonista e Seu Mundo Interior<\/h2>\n<p>Mel\u00e2nia, a protagonista, \u00e9 uma personagem rica em nuances. O fato de ela se sentir fisicamente diferente de seus amigos cria um espa\u00e7o dram\u00e1tico que ressoa com muitas crian\u00e7as. A intera\u00e7\u00e3o dela com o &#8220;Pedacinho do C\u00e9u&#8221;, um ser de outro mundo, \u00e9 um ponto-chave na narrativa, permitindo que ela explore suas emo\u00e7\u00f5es e receios. Essa figura m\u00e1gica encoraja Mel\u00e2nia a valorizar a sua negritude e a compreender que sua identidade \u00e9 algo a ser celebrado, n\u00e3o escondido.<\/p>\n<h2>Pr\u00e1ticas Antirracistas em Cena<\/h2>\n<p>A pe\u00e7a n\u00e3o se limita a contar a hist\u00f3ria de uma crian\u00e7a; ela se prop\u00f5e tamb\u00e9m a incorporar pr\u00e1ticas antirracistas em sua narrativa. Ao longo da apresenta\u00e7\u00e3o, Mel\u00e2nia e Pedacinho do C\u00e9u discutem como vencer preconceitos e cultivar uma sociedade que respeite as diferen\u00e7as. Isso \u00e9 especialmente relevante em um momento em que o debate sobre racismo e discrimina\u00e7\u00e3o est\u00e1 mais evidente do que nunca, e o espet\u00e1culo oferece uma forma de sensibilizar as crian\u00e7as sobre esses t\u00f3picos importantes.<\/p>\n<h2>A Import\u00e2ncia da Ancestralidade<\/h2>\n<p>&#8220;Quando Anoitece&#8221; tamb\u00e9m busca resgatar a ancestralidade como um aspecto vital da identidade negra. A figura de Pedacinho do C\u00e9u serve como um guia que retorna a Mel\u00e2nia \u00e0s suas ra\u00edzes, mostrando a import\u00e2ncia de se conectar com a hist\u00f3ria e a cultura de seus antepassados. Essa valoriza\u00e7\u00e3o da ancestralidade \u00e9 essencial para ajudar as crian\u00e7as a se sentirem orgulhosas de sua heran\u00e7a, promovendo um sentimento de pertencimento e autoestima.<\/p>\n<h2>Cenografia e Ambientes Transformadores<\/h2>\n<p>A cenografia da pe\u00e7a \u00e9 elaborada com detalhes que refletem a viv\u00eancia e a imagina\u00e7\u00e3o infantil. O quintal, um espa\u00e7o de conviv\u00eancia e divers\u00e3o, \u00e9 contrastado com o quarto de Mel\u00e2nia, que representa um mundo mais \u00edntimo e cheio de sonhos. Elementos da decora\u00e7\u00e3o, como balan\u00e7os e diversos objetos l\u00fadicos, s\u00e3o utilizados para transformar os ambientes, permitindo que a narrativa flua entre o real e o imagin\u00e1rio.<\/p>\n<h2>Conex\u00e3o entre Amizade e Diversidade<\/h2>\n<p>Um dos principais temas abordados no espet\u00e1culo \u00e9 a rela\u00e7\u00e3o entre amizade e diversidade. A amizade entre Mel\u00e2nia e seus amigos \u00e9 marcada por momentos de aceita\u00e7\u00e3o e acolhimento, mas tamb\u00e9m por desafios. A pe\u00e7a sugere que o verdadeiro valor das rela\u00e7\u00f5es est\u00e1 em como aceitamos as diferen\u00e7as. Isso ensina \u00e0s crian\u00e7as que a diversidade n\u00e3o deve ser vista como uma barreira, mas como uma ponte que conecta pessoas diferentes em uma rede de empatia e compreens\u00e3o.<\/p>\n<h2>A Voz da Crian\u00e7a e Seus Desabafos<\/h2>\n<p>Os desabafos de Mel\u00e2nia ao gravador s\u00e3o uma express\u00e3o poderosa de suas emo\u00e7\u00f5es. A forma como ela verbaliza suas inseguran\u00e7as e questionamentos abre espa\u00e7o para que outras crian\u00e7as se sintam \u00e0 vontade para compartilhar suas pr\u00f3prias experi\u00eancias. Esse aspecto da pe\u00e7a serve como um convite \u00e0 reflex\u00e3o sobre a import\u00e2ncia da express\u00e3o emocional desde a inf\u00e2ncia, destacando que a vulnerabilidade \u00e9 uma parte essencial do crescimento e da constru\u00e7\u00e3o de empatia.<\/p>\n<h2>Apresenta\u00e7\u00f5es Gratuitas e Inclusivas<\/h2>\n<p>Al\u00e9m das sess\u00f5es regulares, &#8220;Quando Anoitece&#8221; oferece apresenta\u00e7\u00f5es gratuitas nos dias 25 e 26 de abril, proporcionando acesso ao p\u00fablico que muitas vezes n\u00e3o tem condi\u00e7\u00f5es de pagar por cultura de qualidade. Essa iniciativa \u00e9 fundamental para democratizar o acesso ao teatro e come\u00e7ar a construir uma audi\u00eancia mais diversa e inclusiva.<\/p>\n<h2>Impactos na Forma\u00e7\u00e3o da Consci\u00eancia Racial<\/h2>\n<p>O espet\u00e1culo se insere em um contexto maior, que envolve a conscientiza\u00e7\u00e3o sobre a identidade racial nas crian\u00e7as. Com dados do Censo Escolar de 2022 mostrando que uma parcela significativa dos estudantes n\u00e3o declara sua cor ou ra\u00e7a, a pe\u00e7a busca provocar discuss\u00f5es que contribuam para uma maior aceita\u00e7\u00e3o e entendimento das quest\u00f5es raciais nas escolas. O impacto gerado pode ser significativo na forma\u00e7\u00e3o de indiv\u00edduos mais conscientes e empoderados, capacitando-os a reconhecer e respeitar suas pr\u00f3prias identidades e as dos outros.<\/p>\n\n<div style=\"font-size: 0px; height: 0px; line-height: 0px; margin: 0; padding: 0; clear: both;\"><\/div>","protected":false},"excerpt":{"rendered":"<p>Espet\u00e1culo infantojuvenil traz \u00e0 tona reflex\u00f5es sobre identidade racial e ancestralidade.<\/p>\n","protected":false},"author":1,"featured_media":0,"comment_status":"open","ping_status":"closed","sticky":false,"template":"","format":"standard","meta":{"footnotes":""},"categories":[17],"tags":[],"class_list":["post-2522","post","type-post","status-publish","format-standard","hentry","category-cultura-no-bom-retiro"],"aioseo_notices":[],"_links":{"self":[{"href":"https:\/\/www.encontrabomretiro.com.br\/sobre\/wp-json\/wp\/v2\/posts\/2522","targetHints":{"allow":["GET"]}}],"collection":[{"href":"https:\/\/www.encontrabomretiro.com.br\/sobre\/wp-json\/wp\/v2\/posts"}],"about":[{"href":"https:\/\/www.encontrabomretiro.com.br\/sobre\/wp-json\/wp\/v2\/types\/post"}],"author":[{"embeddable":true,"href":"https:\/\/www.encontrabomretiro.com.br\/sobre\/wp-json\/wp\/v2\/users\/1"}],"replies":[{"embeddable":true,"href":"https:\/\/www.encontrabomretiro.com.br\/sobre\/wp-json\/wp\/v2\/comments?post=2522"}],"version-history":[{"count":0,"href":"https:\/\/www.encontrabomretiro.com.br\/sobre\/wp-json\/wp\/v2\/posts\/2522\/revisions"}],"wp:attachment":[{"href":"https:\/\/www.encontrabomretiro.com.br\/sobre\/wp-json\/wp\/v2\/media?parent=2522"}],"wp:term":[{"taxonomy":"category","embeddable":true,"href":"https:\/\/www.encontrabomretiro.com.br\/sobre\/wp-json\/wp\/v2\/categories?post=2522"},{"taxonomy":"post_tag","embeddable":true,"href":"https:\/\/www.encontrabomretiro.com.br\/sobre\/wp-json\/wp\/v2\/tags?post=2522"}],"curies":[{"name":"wp","href":"https:\/\/api.w.org\/{rel}","templated":true}]}}