{"id":2520,"date":"2026-03-07T10:04:05","date_gmt":"2026-03-07T12:04:05","guid":{"rendered":"https:\/\/www.encontrabomretiro.com.br\/sobre\/exposicao-individual-a-mae-contempla-o-mar-de-cristina-salgado\/"},"modified":"2026-03-07T10:04:05","modified_gmt":"2026-03-07T12:04:05","slug":"exposicao-individual-a-mae-contempla-o-mar-de-cristina-salgado","status":"publish","type":"post","link":"https:\/\/www.encontrabomretiro.com.br\/sobre\/exposicao-individual-a-mae-contempla-o-mar-de-cristina-salgado\/","title":{"rendered":"Exposi\u00e7\u00e3o Individual &#8220;A M\u00e3e Contempla O Mar&#8221;, De Cristina Salgado"},"content":{"rendered":"<div class=\"228b65ae207de3c5c501cfe75875708b\" data-index=\"1\" style=\"float: none; margin:0px;\">\n<!-- Anuncio display - global -->\r\n<ins class=\"adsbygoogle\"\r\n     style=\"display:block\"\r\n     data-ad-client=\"ca-pub-8585364105181520\"\r\n     data-ad-slot=\"8789329856\"\r\n     data-ad-format=\"auto\"\r\n     data-full-width-responsive=\"true\"><\/ins>\r\n<script>\r\n     (adsbygoogle = window.adsbygoogle || []).push({});\r\n<\/script>\n<\/div>\n<h2>Sobre a Exposi\u00e7\u00e3o<\/h2>\n<p>A exposi\u00e7\u00e3o intitulada <strong>&#8220;A m\u00e3e contempla o mar&#8221;<\/strong>, da artista Cristina Salgado, ocorre em um local ic\u00f4nico, o <strong>Edif\u00edcio Pina Luz<\/strong>, em S\u00e3o Paulo. Com abertura marcada para o <strong>7 de mar\u00e7o de 2026<\/strong> e visita\u00e7\u00e3o at\u00e9 <strong>2 de agosto de 2026<\/strong>, o evento promete uma experi\u00eancia \u00fanica para os amantes da arte. Esta mostra apresenta a interpreta\u00e7\u00e3o singular da artista sobre a rela\u00e7\u00e3o entre o corpo feminino e o vasto oceano.<\/p>\n<h2>O Que Esperar na Abertura<\/h2>\n<p>Na inaugura\u00e7\u00e3o, os visitantes poder\u00e3o explorar uma instala\u00e7\u00e3o monumental que ocupa um espa\u00e7o de mais de <strong>3.500m\u00b2<\/strong>, composta predominantemente por faixas de tapetes em cores vibrantes, como o vermelho e o azul. A representatividade do mar \u00e9 uma constante na obra, evocando sentimentos de contempla\u00e7\u00e3o e reflex\u00e3o. Os participantes tamb\u00e9m poder\u00e3o vivenciar uma atmosfera de di\u00e1logo entre a arte e a psican\u00e1lise, tema recorrente na obra de Salgado.<\/p>\n<h2>A Artista por Tr\u00e1s da Obra<\/h2>\n<p>Ela tem se dedicado \u00e0 explora\u00e7\u00e3o do corpo humano em suas variadas formas ao longo de mais de <strong>quarenta anos<\/strong>. Com uma carreira marcada por obras que desafiam os limites da beleza, familiaridade e o estranhamento, Cristina \u00e9 reconhecida por suas cria\u00e7\u00f5es impactantes, como <strong>&#8220;Grande nua na poltrona vermelha&#8221;<\/strong>, exibida em 2009 no Parque Lage. Sua participa\u00e7\u00e3o na relevante mostra <strong>&#8220;Como vai voc\u00ea, Gera\u00e7\u00e3o 80?&#8221;<\/strong> ajudou a consolidar seu papel como uma artista inovadora na cena contempor\u00e2nea.<\/p>\n<h2>Componentes da Instala\u00e7\u00e3o<\/h2>\n<p>No cora\u00e7\u00e3o da instala\u00e7\u00e3o, encontram-se duas configura\u00e7\u00f5es opostas: uma representa\u00e7\u00e3o do bem-estar domiciliar, simbolizada por um corpo repousante numa mesa de jantar e um sof\u00e1, contrastando com uma onda colossal, quase amea\u00e7adora, que se desdobra em um caos visual. Este confronto entre o lar e a natureza selvagem do mar sugere uma reflex\u00e3o profunda sobre a maternidade e a fragilidade da condi\u00e7\u00e3o humana.<\/p>\n<h2>Interpreta\u00e7\u00e3o Psicanal\u00edtica<\/h2>\n<p>A obra de Salgado ressoa fortemente com conceitos psicol\u00f3gicos, explorando a intimidade e os conflitos do ser humano. A ponto de vista psicanal\u00edtica \u00e9 evidente quando consideramos como a artista usa o corpo como uma refer\u00eancia \u00e0 luta interna e a vulnerabilidade emocional. O mar, com suas profundidades e imprevisibilidade, poderia muito bem simbolizar o subconsciente, carregando tanto beleza quanto perigo.<\/p>\n<h2>Refer\u00eancias Hist\u00f3ricas<\/h2>\n<p>As pr\u00e1ticas art\u00edsticas de Cristina Salgado s\u00e3o influenciadas por uma rica hist\u00f3ria que remonta a d\u00e9cadas de evolu\u00e7\u00e3o na arte contempor\u00e2nea. Desde os anos 80, seu trabalho incorpora elementos do cotidiano e a interse\u00e7\u00e3o entre vida dom\u00e9stica e espa\u00e7os externos. Essa narrativa tem suas ra\u00edzes na tradi\u00e7\u00e3o da arte moderna que procura romper com as barreiras entre o que \u00e9 privado e p\u00fablico, vezes se inspirando nos modernos movimentos do surrealismo e da arte pop.<\/p>\n<h2>Impacto na Arte Contempor\u00e2nea<\/h2>\n<p>O impacto de <strong>&#8220;A m\u00e3e contempla o mar&#8221;<\/strong> na arte contempor\u00e2nea \u00e9 significativo. Ao provocar os espectadores a interagir com a instala\u00e7\u00e3o, estimulando um di\u00e1logo sobre a experi\u00eancia feminina e a maternidade, Salgado se posiciona como uma cr\u00edtica social e uma artista vision\u00e1ria. O uso de materiais cotidianos eleva a conversa sobre o que pode ser considerado arte e desafia as normas estabelecidas da est\u00e9tica.<\/p>\n<h2>Informa\u00e7\u00f5es de Visita\u00e7\u00e3o<\/h2>\n<p>A exposi\u00e7\u00e3o ser\u00e1 aberta de <strong>quarta a segunda-feira<\/strong>, das <strong>10h \u00e0s 18h<\/strong>, com entrada permitida at\u00e9 \u00e0s <strong>17h<\/strong>. \u00c9 uma oportunidade imperd\u00edvel para experienciar a intera\u00e7\u00e3o de luz, cor e forma em um dos espa\u00e7os mais interessantes da capital paulista.<\/p>\n<h2>Como Chegar ao Local<\/h2>\n<p>O <strong>Edif\u00edcio Pina Luz<\/strong> est\u00e1 situado na <strong>Pra\u00e7a da Luz, 2, Bom Retiro, S\u00e3o Paulo, SP<\/strong>. O local \u00e9 acess\u00edvel atrav\u00e9s de diversas linhas de transporte p\u00fablico, com op\u00e7\u00f5es de metr\u00f4 e \u00f4nibus nas proximidades, tornando a visita conveniente tanto para moradores quanto para turistas.<\/p>\n<h2>Impress\u00f5es da Cr\u00edtica<\/h2>\n<p>A cr\u00edtica tem se mostrado entusiasta em rela\u00e7\u00e3o ao trabalho de Cristina Salgado, com muitos elogiando a profundidade e a complexidade de sua obra. A combina\u00e7\u00e3o de abordagens contempor\u00e2neas e temas que ressoam com a psique humana apela a um p\u00fablico diversificado, fazendo dela uma voz relevante na arte organizada. Assim, espera-se que a exposi\u00e7\u00e3o n\u00e3o s\u00f3 atraia um n\u00famero significativo de visitantes, mas tamb\u00e9m provoque discuss\u00f5es mais amplas sobre maternidade, arte e a rela\u00e7\u00e3o do ser humano com a natureza.<\/p>\n\n<div style=\"font-size: 0px; height: 0px; line-height: 0px; margin: 0; padding: 0; clear: both;\"><\/div>","protected":false},"excerpt":{"rendered":"<p>Descubra a impressionante exposi\u00e7\u00e3o A M\u00e3e Contempla o Mar de Cristina Salgado.<\/p>\n","protected":false},"author":1,"featured_media":0,"comment_status":"open","ping_status":"closed","sticky":false,"template":"","format":"standard","meta":{"footnotes":""},"categories":[17],"tags":[],"class_list":["post-2520","post","type-post","status-publish","format-standard","hentry","category-cultura-no-bom-retiro"],"aioseo_notices":[],"aioseo_head":"\n\t\t<!-- All in One SEO 5.0.0.1 - aioseo.com -->\n\t<meta name=\"description\" content=\"Descubra a impressionante exposi\u00e7\u00e3o A M\u00e3e Contempla o Mar de Cristina Salgado.\" \/>\n\t<meta name=\"robots\" content=\"max-image-preview:large\" \/>\n\t<meta name=\"author\" content=\"Encontra Bom Retiro\"\/>\n\t<link rel=\"canonical\" href=\"https:\/\/www.encontrabomretiro.com.br\/sobre\/exposicao-individual-a-mae-contempla-o-mar-de-cristina-salgado\/\" \/>\n\t<meta name=\"generator\" content=\"All in One SEO (AIOSEO) 5.0.0.1\" \/>\n\t\t<meta property=\"og:locale\" content=\"pt_BR\" \/>\n\t\t<meta property=\"og:site_name\" content=\"Encontra Bom Retiro | Not\u00edcias, eventos, informa\u00e7\u00f5es e dicas no bairro do Bom Retiro e regi\u00e3o.\" \/>\n\t\t<meta property=\"og:type\" content=\"article\" \/>\n\t\t<meta property=\"og:title\" content=\"Exposi\u00e7\u00e3o Individual \u201cA M\u00e3e Contempla O Mar\u201d, De Cristina Salgado | Encontra Bom Retiro\" \/>\n\t\t<meta property=\"og:description\" content=\"Descubra a impressionante exposi\u00e7\u00e3o A M\u00e3e Contempla o Mar de Cristina Salgado.\" \/>\n\t\t<meta property=\"og:url\" content=\"https:\/\/www.encontrabomretiro.com.br\/sobre\/exposicao-individual-a-mae-contempla-o-mar-de-cristina-salgado\/\" \/>\n\t\t<meta property=\"article:published_time\" content=\"2026-03-07T12:04:05+00:00\" \/>\n\t\t<meta property=\"article:modified_time\" content=\"2026-03-07T12:04:05+00:00\" \/>\n\t\t<meta name=\"twitter:card\" content=\"summary_large_image\" \/>\n\t\t<meta name=\"twitter:title\" content=\"Exposi\u00e7\u00e3o Individual \u201cA M\u00e3e Contempla O Mar\u201d, De Cristina Salgado | Encontra Bom Retiro\" \/>\n\t\t<meta name=\"twitter:description\" content=\"Descubra a impressionante exposi\u00e7\u00e3o A M\u00e3e Contempla o Mar de Cristina Salgado.\" \/>\n\t\t<script type=\"application\/ld+json\" class=\"aioseo-schema\">\n\t\t\t{\"@context\":\"https:\\\/\\\/schema.org\",\"@graph\":[{\"@type\":\"Article\",\"@id\":\"https:\\\/\\\/www.encontrabomretiro.com.br\\\/sobre\\\/exposicao-individual-a-mae-contempla-o-mar-de-cristina-salgado\\\/#article\",\"name\":\"Exposi\\u00e7\\u00e3o Individual \\u201cA M\\u00e3e Contempla O Mar\\u201d, De Cristina Salgado | Encontra Bom Retiro\",\"headline\":\"Exposi\\u00e7\\u00e3o Individual &#8220;A M\\u00e3e Contempla O Mar&#8221;, De Cristina Salgado\",\"author\":{\"@id\":\"https:\\\/\\\/www.encontrabomretiro.com.br\\\/sobre\\\/author\\\/ebomretiro\\\/#author\"},\"publisher\":{\"@id\":\"https:\\\/\\\/www.encontrabomretiro.com.br\\\/sobre\\\/#organization\"},\"datePublished\":\"2026-03-07T10:04:05-02:00\",\"dateModified\":\"2026-03-07T10:04:05-02:00\",\"inLanguage\":\"pt-BR\",\"mainEntityOfPage\":{\"@id\":\"https:\\\/\\\/www.encontrabomretiro.com.br\\\/sobre\\\/exposicao-individual-a-mae-contempla-o-mar-de-cristina-salgado\\\/#webpage\"},\"isPartOf\":{\"@id\":\"https:\\\/\\\/www.encontrabomretiro.com.br\\\/sobre\\\/exposicao-individual-a-mae-contempla-o-mar-de-cristina-salgado\\\/#webpage\"},\"articleSection\":\"Cultura Bom Retiro\"},{\"@type\":\"BreadcrumbList\",\"@id\":\"https:\\\/\\\/www.encontrabomretiro.com.br\\\/sobre\\\/exposicao-individual-a-mae-contempla-o-mar-de-cristina-salgado\\\/#breadcrumblist\",\"itemListElement\":[{\"@type\":\"ListItem\",\"@id\":\"https:\\\/\\\/www.encontrabomretiro.com.br\\\/sobre#listItem\",\"position\":1,\"name\":\"Dom\\u00e9stica\",\"item\":\"https:\\\/\\\/www.encontrabomretiro.com.br\\\/sobre\",\"nextItem\":{\"@type\":\"ListItem\",\"@id\":\"https:\\\/\\\/www.encontrabomretiro.com.br\\\/sobre\\\/cultura-no-bom-retiro\\\/#listItem\",\"name\":\"Cultura Bom Retiro\"}},{\"@type\":\"ListItem\",\"@id\":\"https:\\\/\\\/www.encontrabomretiro.com.br\\\/sobre\\\/cultura-no-bom-retiro\\\/#listItem\",\"position\":2,\"name\":\"Cultura Bom Retiro\",\"item\":\"https:\\\/\\\/www.encontrabomretiro.com.br\\\/sobre\\\/cultura-no-bom-retiro\\\/\",\"nextItem\":{\"@type\":\"ListItem\",\"@id\":\"https:\\\/\\\/www.encontrabomretiro.com.br\\\/sobre\\\/exposicao-individual-a-mae-contempla-o-mar-de-cristina-salgado\\\/#listItem\",\"name\":\"Exposi\\u00e7\\u00e3o Individual &#8220;A M\\u00e3e Contempla O Mar&#8221;, De Cristina Salgado\"},\"previousItem\":{\"@type\":\"ListItem\",\"@id\":\"https:\\\/\\\/www.encontrabomretiro.com.br\\\/sobre#listItem\",\"name\":\"Dom\\u00e9stica\"}},{\"@type\":\"ListItem\",\"@id\":\"https:\\\/\\\/www.encontrabomretiro.com.br\\\/sobre\\\/exposicao-individual-a-mae-contempla-o-mar-de-cristina-salgado\\\/#listItem\",\"position\":3,\"name\":\"Exposi\\u00e7\\u00e3o Individual &#8220;A M\\u00e3e Contempla O Mar&#8221;, De Cristina Salgado\",\"previousItem\":{\"@type\":\"ListItem\",\"@id\":\"https:\\\/\\\/www.encontrabomretiro.com.br\\\/sobre\\\/cultura-no-bom-retiro\\\/#listItem\",\"name\":\"Cultura Bom Retiro\"}}]},{\"@type\":\"Organization\",\"@id\":\"https:\\\/\\\/www.encontrabomretiro.com.br\\\/sobre\\\/#organization\",\"name\":\"Encontra Bom Retiro\",\"description\":\"Not\\u00edcias, eventos, informa\\u00e7\\u00f5es e dicas no bairro do Bom Retiro e regi\\u00e3o.\",\"url\":\"https:\\\/\\\/www.encontrabomretiro.com.br\\\/sobre\\\/\"},{\"@type\":\"Person\",\"@id\":\"https:\\\/\\\/www.encontrabomretiro.com.br\\\/sobre\\\/author\\\/ebomretiro\\\/#author\",\"url\":\"https:\\\/\\\/www.encontrabomretiro.com.br\\\/sobre\\\/author\\\/ebomretiro\\\/\",\"name\":\"Encontra Bom Retiro\",\"image\":{\"@type\":\"ImageObject\",\"@id\":\"https:\\\/\\\/www.encontrabomretiro.com.br\\\/sobre\\\/exposicao-individual-a-mae-contempla-o-mar-de-cristina-salgado\\\/#authorImage\",\"url\":\"https:\\\/\\\/secure.gravatar.com\\\/avatar\\\/507340682b8270222e1f208e23198b6ae7e2c6a1033ae84e99bc6bce4f82a387?s=96&d=mm&r=g\",\"width\":96,\"height\":96,\"caption\":\"Encontra Bom Retiro\"}},{\"@type\":\"WebPage\",\"@id\":\"https:\\\/\\\/www.encontrabomretiro.com.br\\\/sobre\\\/exposicao-individual-a-mae-contempla-o-mar-de-cristina-salgado\\\/#webpage\",\"url\":\"https:\\\/\\\/www.encontrabomretiro.com.br\\\/sobre\\\/exposicao-individual-a-mae-contempla-o-mar-de-cristina-salgado\\\/\",\"name\":\"Exposi\\u00e7\\u00e3o Individual \\u201cA M\\u00e3e Contempla O Mar\\u201d, De Cristina Salgado | Encontra Bom Retiro\",\"description\":\"Descubra a impressionante exposi\\u00e7\\u00e3o A M\\u00e3e Contempla o Mar de Cristina Salgado.\",\"inLanguage\":\"pt-BR\",\"isPartOf\":{\"@id\":\"https:\\\/\\\/www.encontrabomretiro.com.br\\\/sobre\\\/#website\"},\"breadcrumb\":{\"@id\":\"https:\\\/\\\/www.encontrabomretiro.com.br\\\/sobre\\\/exposicao-individual-a-mae-contempla-o-mar-de-cristina-salgado\\\/#breadcrumblist\"},\"author\":{\"@id\":\"https:\\\/\\\/www.encontrabomretiro.com.br\\\/sobre\\\/author\\\/ebomretiro\\\/#author\"},\"creator\":{\"@id\":\"https:\\\/\\\/www.encontrabomretiro.com.br\\\/sobre\\\/author\\\/ebomretiro\\\/#author\"},\"datePublished\":\"2026-03-07T10:04:05-02:00\",\"dateModified\":\"2026-03-07T10:04:05-02:00\"},{\"@type\":\"WebSite\",\"@id\":\"https:\\\/\\\/www.encontrabomretiro.com.br\\\/sobre\\\/#website\",\"url\":\"https:\\\/\\\/www.encontrabomretiro.com.br\\\/sobre\\\/\",\"name\":\"Encontra Bom Retiro\",\"description\":\"Not\\u00edcias, eventos, informa\\u00e7\\u00f5es e dicas no bairro do Bom Retiro e regi\\u00e3o.\",\"inLanguage\":\"pt-BR\",\"publisher\":{\"@id\":\"https:\\\/\\\/www.encontrabomretiro.com.br\\\/sobre\\\/#organization\"}}]}\n\t\t<\/script>\n\t\t<!-- All in One SEO -->\n\n","aioseo_head_json":{"title":"Exposi\u00e7\u00e3o Individual \u201cA M\u00e3e Contempla O Mar\u201d, De Cristina Salgado | Encontra Bom Retiro","description":"Descubra a impressionante exposi\u00e7\u00e3o A M\u00e3e Contempla o Mar de Cristina Salgado.","canonical_url":"https:\/\/www.encontrabomretiro.com.br\/sobre\/exposicao-individual-a-mae-contempla-o-mar-de-cristina-salgado\/","robots":"max-image-preview:large","keywords":"","webmasterTools":{"miscellaneous":""},"schema":{"@context":"https:\/\/schema.org","@graph":[{"@type":"Article","@id":"https:\/\/www.encontrabomretiro.com.br\/sobre\/exposicao-individual-a-mae-contempla-o-mar-de-cristina-salgado\/#article","name":"Exposi\u00e7\u00e3o Individual \u201cA M\u00e3e Contempla O Mar\u201d, De Cristina Salgado | Encontra Bom Retiro","headline":"Exposi\u00e7\u00e3o Individual &#8220;A M\u00e3e Contempla O Mar&#8221;, De Cristina Salgado","author":{"@id":"https:\/\/www.encontrabomretiro.com.br\/sobre\/author\/ebomretiro\/#author"},"publisher":{"@id":"https:\/\/www.encontrabomretiro.com.br\/sobre\/#organization"},"datePublished":"2026-03-07T10:04:05-02:00","dateModified":"2026-03-07T10:04:05-02:00","inLanguage":"pt-BR","mainEntityOfPage":{"@id":"https:\/\/www.encontrabomretiro.com.br\/sobre\/exposicao-individual-a-mae-contempla-o-mar-de-cristina-salgado\/#webpage"},"isPartOf":{"@id":"https:\/\/www.encontrabomretiro.com.br\/sobre\/exposicao-individual-a-mae-contempla-o-mar-de-cristina-salgado\/#webpage"},"articleSection":"Cultura Bom Retiro"},{"@type":"BreadcrumbList","@id":"https:\/\/www.encontrabomretiro.com.br\/sobre\/exposicao-individual-a-mae-contempla-o-mar-de-cristina-salgado\/#breadcrumblist","itemListElement":[{"@type":"ListItem","@id":"https:\/\/www.encontrabomretiro.com.br\/sobre#listItem","position":1,"name":"Dom\u00e9stica","item":"https:\/\/www.encontrabomretiro.com.br\/sobre","nextItem":{"@type":"ListItem","@id":"https:\/\/www.encontrabomretiro.com.br\/sobre\/cultura-no-bom-retiro\/#listItem","name":"Cultura Bom Retiro"}},{"@type":"ListItem","@id":"https:\/\/www.encontrabomretiro.com.br\/sobre\/cultura-no-bom-retiro\/#listItem","position":2,"name":"Cultura Bom Retiro","item":"https:\/\/www.encontrabomretiro.com.br\/sobre\/cultura-no-bom-retiro\/","nextItem":{"@type":"ListItem","@id":"https:\/\/www.encontrabomretiro.com.br\/sobre\/exposicao-individual-a-mae-contempla-o-mar-de-cristina-salgado\/#listItem","name":"Exposi\u00e7\u00e3o Individual &#8220;A M\u00e3e Contempla O Mar&#8221;, De Cristina Salgado"},"previousItem":{"@type":"ListItem","@id":"https:\/\/www.encontrabomretiro.com.br\/sobre#listItem","name":"Dom\u00e9stica"}},{"@type":"ListItem","@id":"https:\/\/www.encontrabomretiro.com.br\/sobre\/exposicao-individual-a-mae-contempla-o-mar-de-cristina-salgado\/#listItem","position":3,"name":"Exposi\u00e7\u00e3o Individual &#8220;A M\u00e3e Contempla O Mar&#8221;, De Cristina Salgado","previousItem":{"@type":"ListItem","@id":"https:\/\/www.encontrabomretiro.com.br\/sobre\/cultura-no-bom-retiro\/#listItem","name":"Cultura Bom Retiro"}}]},{"@type":"Organization","@id":"https:\/\/www.encontrabomretiro.com.br\/sobre\/#organization","name":"Encontra Bom Retiro","description":"Not\u00edcias, eventos, informa\u00e7\u00f5es e dicas no bairro do Bom Retiro e regi\u00e3o.","url":"https:\/\/www.encontrabomretiro.com.br\/sobre\/"},{"@type":"Person","@id":"https:\/\/www.encontrabomretiro.com.br\/sobre\/author\/ebomretiro\/#author","url":"https:\/\/www.encontrabomretiro.com.br\/sobre\/author\/ebomretiro\/","name":"Encontra Bom Retiro","image":{"@type":"ImageObject","@id":"https:\/\/www.encontrabomretiro.com.br\/sobre\/exposicao-individual-a-mae-contempla-o-mar-de-cristina-salgado\/#authorImage","url":"https:\/\/secure.gravatar.com\/avatar\/507340682b8270222e1f208e23198b6ae7e2c6a1033ae84e99bc6bce4f82a387?s=96&d=mm&r=g","width":96,"height":96,"caption":"Encontra Bom Retiro"}},{"@type":"WebPage","@id":"https:\/\/www.encontrabomretiro.com.br\/sobre\/exposicao-individual-a-mae-contempla-o-mar-de-cristina-salgado\/#webpage","url":"https:\/\/www.encontrabomretiro.com.br\/sobre\/exposicao-individual-a-mae-contempla-o-mar-de-cristina-salgado\/","name":"Exposi\u00e7\u00e3o Individual \u201cA M\u00e3e Contempla O Mar\u201d, De Cristina Salgado | Encontra Bom Retiro","description":"Descubra a impressionante exposi\u00e7\u00e3o A M\u00e3e Contempla o Mar de Cristina Salgado.","inLanguage":"pt-BR","isPartOf":{"@id":"https:\/\/www.encontrabomretiro.com.br\/sobre\/#website"},"breadcrumb":{"@id":"https:\/\/www.encontrabomretiro.com.br\/sobre\/exposicao-individual-a-mae-contempla-o-mar-de-cristina-salgado\/#breadcrumblist"},"author":{"@id":"https:\/\/www.encontrabomretiro.com.br\/sobre\/author\/ebomretiro\/#author"},"creator":{"@id":"https:\/\/www.encontrabomretiro.com.br\/sobre\/author\/ebomretiro\/#author"},"datePublished":"2026-03-07T10:04:05-02:00","dateModified":"2026-03-07T10:04:05-02:00"},{"@type":"WebSite","@id":"https:\/\/www.encontrabomretiro.com.br\/sobre\/#website","url":"https:\/\/www.encontrabomretiro.com.br\/sobre\/","name":"Encontra Bom Retiro","description":"Not\u00edcias, eventos, informa\u00e7\u00f5es e dicas no bairro do Bom Retiro e regi\u00e3o.","inLanguage":"pt-BR","publisher":{"@id":"https:\/\/www.encontrabomretiro.com.br\/sobre\/#organization"}}]},"og:locale":"pt_BR","og:site_name":"Encontra Bom Retiro | Not\u00edcias, eventos, informa\u00e7\u00f5es e dicas no bairro do Bom Retiro e regi\u00e3o.","og:type":"article","og:title":"Exposi\u00e7\u00e3o Individual \u201cA M\u00e3e Contempla O Mar\u201d, De Cristina Salgado | Encontra Bom Retiro","og:description":"Descubra a impressionante exposi\u00e7\u00e3o A M\u00e3e Contempla o Mar de Cristina Salgado.","og:url":"https:\/\/www.encontrabomretiro.com.br\/sobre\/exposicao-individual-a-mae-contempla-o-mar-de-cristina-salgado\/","article:published_time":"2026-03-07T12:04:05+00:00","article:modified_time":"2026-03-07T12:04:05+00:00","twitter:card":"summary_large_image","twitter:title":"Exposi\u00e7\u00e3o Individual \u201cA M\u00e3e Contempla O Mar\u201d, De Cristina Salgado | Encontra Bom Retiro","twitter:description":"Descubra a impressionante exposi\u00e7\u00e3o A M\u00e3e Contempla o Mar de Cristina Salgado."},"aioseo_meta_data":{"post_id":"2520","title":null,"description":null,"keywords":null,"keyphrases":null,"primary_term":null,"canonical_url":null,"og_title":null,"og_description":null,"og_object_type":"default","og_image_type":"default","og_image_url":null,"og_image_width":null,"og_image_height":null,"og_image_custom_url":null,"og_image_custom_fields":null,"og_video":null,"og_custom_url":null,"og_article_section":null,"og_article_tags":null,"twitter_use_og":false,"twitter_card":"default","twitter_image_type":"default","twitter_image_url":null,"twitter_image_custom_url":null,"twitter_image_custom_fields":null,"twitter_title":null,"twitter_description":null,"schema":{"blockGraphs":[],"customGraphs":[],"default":{"data":{"Article":[],"Course":[],"Dataset":[],"FAQPage":[],"Movie":[],"Person":[],"Product":[],"ProductReview":[],"Car":[],"Recipe":[],"Service":[],"SoftwareApplication":[],"WebPage":[]},"graphName":"Article","isEnabled":true},"graphs":[]},"schema_type":"default","schema_type_options":null,"pillar_content":false,"robots_default":true,"robots_noindex":false,"robots_noarchive":false,"robots_nosnippet":false,"robots_nofollow":false,"robots_noimageindex":false,"robots_noodp":false,"robots_notranslate":false,"robots_max_snippet":null,"robots_max_videopreview":null,"robots_max_imagepreview":"large","priority":null,"frequency":null,"local_seo":null,"breadcrumb_settings":null,"limit_modified_date":false,"ai":null,"created":"2026-03-07 12:04:07","updated":"2026-03-07 15:45:33","focus_keyword":null,"additional_keywords":null,"truseo_locale":null,"seo_analyzer_scan_date":null},"aioseo_breadcrumb":"<div class=\"aioseo-breadcrumbs\"><span class=\"aioseo-breadcrumb\">\n\t\t\t<a href=\"https:\/\/www.encontrabomretiro.com.br\/sobre\" title=\"Dom\u00e9stica\">Dom\u00e9stica<\/a>\n\t\t<\/span><span class=\"aioseo-breadcrumb-separator\">&raquo;<\/span><span class=\"aioseo-breadcrumb\">\n\t\t\t<a href=\"https:\/\/www.encontrabomretiro.com.br\/sobre\/cultura-no-bom-retiro\/\" title=\"Cultura Bom Retiro\">Cultura Bom Retiro<\/a>\n\t\t<\/span><span class=\"aioseo-breadcrumb-separator\">&raquo;<\/span><span class=\"aioseo-breadcrumb\">\n\t\t\tExposi\u00e7\u00e3o Individual \u201cA M\u00e3e Contempla O Mar\u201d, De Cristina Salgado\n\t\t<\/span><\/div>","aioseo_breadcrumb_json":[{"label":"Dom\u00e9stica","link":"https:\/\/www.encontrabomretiro.com.br\/sobre"},{"label":"Cultura Bom Retiro","link":"https:\/\/www.encontrabomretiro.com.br\/sobre\/cultura-no-bom-retiro\/"},{"label":"Exposi\u00e7\u00e3o Individual &#8220;A M\u00e3e Contempla O Mar&#8221;, De Cristina Salgado","link":"https:\/\/www.encontrabomretiro.com.br\/sobre\/exposicao-individual-a-mae-contempla-o-mar-de-cristina-salgado\/"}],"_links":{"self":[{"href":"https:\/\/www.encontrabomretiro.com.br\/sobre\/wp-json\/wp\/v2\/posts\/2520","targetHints":{"allow":["GET"]}}],"collection":[{"href":"https:\/\/www.encontrabomretiro.com.br\/sobre\/wp-json\/wp\/v2\/posts"}],"about":[{"href":"https:\/\/www.encontrabomretiro.com.br\/sobre\/wp-json\/wp\/v2\/types\/post"}],"author":[{"embeddable":true,"href":"https:\/\/www.encontrabomretiro.com.br\/sobre\/wp-json\/wp\/v2\/users\/1"}],"replies":[{"embeddable":true,"href":"https:\/\/www.encontrabomretiro.com.br\/sobre\/wp-json\/wp\/v2\/comments?post=2520"}],"version-history":[{"count":0,"href":"https:\/\/www.encontrabomretiro.com.br\/sobre\/wp-json\/wp\/v2\/posts\/2520\/revisions"}],"wp:attachment":[{"href":"https:\/\/www.encontrabomretiro.com.br\/sobre\/wp-json\/wp\/v2\/media?parent=2520"}],"wp:term":[{"taxonomy":"category","embeddable":true,"href":"https:\/\/www.encontrabomretiro.com.br\/sobre\/wp-json\/wp\/v2\/categories?post=2520"},{"taxonomy":"post_tag","embeddable":true,"href":"https:\/\/www.encontrabomretiro.com.br\/sobre\/wp-json\/wp\/v2\/tags?post=2520"}],"curies":[{"name":"wp","href":"https:\/\/api.w.org\/{rel}","templated":true}]}}